{"id":127210,"date":"2023-11-23T17:26:21","date_gmt":"2023-11-23T20:26:21","guid":{"rendered":"https:\/\/noticiasmercedinas.com\/site\/?p=127210"},"modified":"2023-11-23T17:26:21","modified_gmt":"2023-11-23T20:26:21","slug":"es-oficial-club-mercedes-afiliado-a-la-afa","status":"publish","type":"post","link":"https:\/\/noticiasmercedinas.com\/site\/2023\/11\/23\/es-oficial-club-mercedes-afiliado-a-la-afa\/","title":{"rendered":"Es oficial, Club Mercedes afiliado a la AFA"},"content":{"rendered":"<figure id=\"attachment_127211\" aria-describedby=\"caption-attachment-127211\" style=\"width: 640px\" class=\"wp-caption alignnone\"><img loading=\"lazy\" decoding=\"async\" class=\"wp-image-127211 size-full\" src=\"https:\/\/noticiasmercedinas.com\/site\/wp-content\/uploads\/2023\/11\/F_pE9qLXsAAVFyJ.jpg\" alt=\"\" width=\"640\" height=\"360\" srcset=\"https:\/\/noticiasmercedinas.com\/site\/wp-content\/uploads\/2023\/11\/F_pE9qLXsAAVFyJ.jpg 640w, https:\/\/noticiasmercedinas.com\/site\/wp-content\/uploads\/2023\/11\/F_pE9qLXsAAVFyJ-300x169.jpg 300w\" sizes=\"auto, (max-width: 640px) 100vw, 640px\" \/><figcaption id=\"caption-attachment-127211\" class=\"wp-caption-text\">Asamblea en AFA donde afiliaron a Club Mercedes (Foto AFA).<\/figcaption><\/figure>\n<p>La Asociaci\u00f3n del F\u00fatbol Argentino celebr\u00f3 este jueves 23 su Asamblea Ordinaria en el gimnasio de futsal del predio Lionel Andr\u00e9s Messi, en Ezeiza, donde entre los puntos a tratar de la orden del d\u00eda estuvo la afiliaci\u00f3n de Club Mercedes para ser parte de la Primera C en el 2024. Vale recordar que desde el 2022 viene siendo parte de la Primera D en condici\u00f3n de invitado y con ello no tuvo derecho en clasificarse a la Copa Argentina, s\u00ed logrando plasmar la idea de ser parte del f\u00fatbol de la AFA tras sus experiencias en los torneos del Consejo Federal.<\/p>\n<p>Lo cierto es que desde esta tarde Club Mercedes es parte de la AFA y con ello tendr\u00e1 el derecho de jugar por un ascenso, ingresar a la Copa Argentina y quedar en una supuesta p\u00e9rdida de categor\u00eda en el caso que la reglamentaci\u00f3n del torneo lo establezca. En medio de todo ha quedado la restructuraci\u00f3n de la Primera C y D, donde tras reuniones celebradas se lleg\u00f3 a la determinaci\u00f3n que los once clubes que son parte de la D pasen a la C en el 2024. Ahora queda por conocerse como ser\u00e1 ese torneo, donde ya ascendieron a la Primera B tres equipos.<\/p>\n<p><img loading=\"lazy\" decoding=\"async\" class=\"alignnone size-full wp-image-127212\" src=\"https:\/\/noticiasmercedinas.com\/site\/wp-content\/uploads\/2023\/11\/14aa1287-2d3d-4098-999f-1fdd1a3f0bb8.jpg\" alt=\"\" width=\"640\" height=\"343\" srcset=\"https:\/\/noticiasmercedinas.com\/site\/wp-content\/uploads\/2023\/11\/14aa1287-2d3d-4098-999f-1fdd1a3f0bb8.jpg 640w, https:\/\/noticiasmercedinas.com\/site\/wp-content\/uploads\/2023\/11\/14aa1287-2d3d-4098-999f-1fdd1a3f0bb8-300x160.jpg 300w\" sizes=\"auto, (max-width: 640px) 100vw, 640px\" \/><\/p>\n<p>Son Excursionista, San Mart\u00edn de Burzaco y Deportivo Laferrere, quedando un cuarto lugar que est\u00e1n disputando Midland y Liniers, aunque no se descarta que los dos lleguen a la B. Con ello quedar\u00eda quedar\u00edan 14 en la C m\u00e1s los 11 de la D. A partir de esta afiliaci\u00f3n y cambio de categor\u00eda se abre un nuevo camino, el ingreso al f\u00fatbol profesional donde las obligaciones pasar a ser otras quedando atr\u00e1s la \u00e9poca amateur de la Primera D. Sin dudas todo un desaf\u00edo por delante desde lo futbol\u00edstico e institucional para los que llegan a la C.<\/p>\n<p>La afiliaci\u00f3n de Club Mercedes fue mocionada por Miguel Pascusi, presidente del Club Lugano, apoyada por Alberto Tr\u00edpoli de Acassuso\u00a0 y votada por unanimidad de los asamble\u00edstas designados para la oportunidad. Mientras tanto, este martes 28 Mercedes jugar\u00e1 por la \u00faltima fecha de la Primera D recibiendo en cancha de la Liga Mercedina a Juventud Unida. Un Segundo Torneo que definir\u00e1 una plaza a la Copa Argentina que se est\u00e1n disputando entre Argentino, quedar\u00e1 libre, y Centro Espa\u00f1ol. Antes de la \u00faltima fecha, ma\u00f1ana viernes 24 se cerrar\u00e1 la pen\u00faltima con dos partidos que justamente tienen a los candidatos: Centro Espa\u00f1ol vs. Central Ballester y Juventud Unida vs. Argentino de Rosario.<\/p>\n<p><img loading=\"lazy\" decoding=\"async\" class=\"alignnone size-full wp-image-127213\" src=\"https:\/\/noticiasmercedinas.com\/site\/wp-content\/uploads\/2023\/11\/Opera-Captura-de-pantalla_2023-11-23_170903_www.youtube.com_.png\" alt=\"\" width=\"640\" height=\"340\" srcset=\"https:\/\/noticiasmercedinas.com\/site\/wp-content\/uploads\/2023\/11\/Opera-Captura-de-pantalla_2023-11-23_170903_www.youtube.com_.png 640w, https:\/\/noticiasmercedinas.com\/site\/wp-content\/uploads\/2023\/11\/Opera-Captura-de-pantalla_2023-11-23_170903_www.youtube.com_-300x160.png 300w, https:\/\/noticiasmercedinas.com\/site\/wp-content\/uploads\/2023\/11\/Opera-Captura-de-pantalla_2023-11-23_170903_www.youtube.com_-600x320.png 600w\" sizes=\"auto, (max-width: 640px) 100vw, 640px\" \/><\/p>\n<p>La Asamblea, fue presidida por el presidente de la AFA, Claudio Tapia, que en el momento de dirigirse a los presentes anunci\u00f3 la creaci\u00f3n de una nueva Liga que ser\u00e1 la Federal Amateur, sin dar m\u00e1s detalles de c\u00f3mo ser\u00e1, aunque en la previa se ven\u00edan mencionado nombres de clubes de la regi\u00f3n. Adem\u00e1s, Tapia destac\u00f3 el apoyo de los clubes respaldando la continuidad de las Asociaciones Civiles Sin Fines de Lucro, dejando estos a un lado pasar a ser Sociedades An\u00f3nimas Deportivas.<\/p>\n","protected":false},"excerpt":{"rendered":"<p>\u25a0 En medio de la Asamblea Ordinaria de este jueves su incorporaci\u00f3n estuvo en el orden del d\u00eda. Desde el 2022 lo hac\u00eda en condici\u00f3n de invitado en la Primera D. Certamen que en el 2024 se unificar\u00e1 con la Primear C.<\/p>\n","protected":false},"author":6,"featured_media":127211,"comment_status":"closed","ping_status":"closed","sticky":false,"template":"","format":"standard","meta":{"footnotes":""},"categories":[5],"tags":[6424,12573,135,6434,11935],"class_list":["post-127210","post","type-post","status-publish","format-standard","has-post-thumbnail","hentry","category-deportes","tag-afa","tag-claudio-tapia","tag-club-mercedes","tag-primera-c","tag-primera-d"],"yoast_head":"<!-- This site is optimized with the Yoast SEO plugin v27.5 - https:\/\/yoast.com\/product\/yoast-seo-wordpress\/ -->\n<title>Es oficial, Club Mercedes afiliado a la AFA<\/title>\n<meta name=\"robots\" content=\"index, follow, max-snippet:-1, max-image-preview:large, max-video-preview:-1\" \/>\n<link rel=\"canonical\" href=\"https:\/\/noticiasmercedinas.com\/site\/2023\/11\/23\/es-oficial-club-mercedes-afiliado-a-la-afa\/\" \/>\n<meta property=\"og:locale\" content=\"es_ES\" \/>\n<meta property=\"og:type\" content=\"article\" \/>\n<meta property=\"og:title\" content=\"Es oficial, Club Mercedes afiliado a la AFA\" \/>\n<meta property=\"og:description\" content=\"\u25a0 En medio de la Asamblea Ordinaria de este jueves su incorporaci\u00f3n estuvo en el orden del d\u00eda. Desde el 2022 lo hac\u00eda en condici\u00f3n de invitado en la Primera D. Certamen que en el 2024 se unificar\u00e1 con la Primear C.\" \/>\n<meta property=\"og:url\" content=\"https:\/\/noticiasmercedinas.com\/site\/2023\/11\/23\/es-oficial-club-mercedes-afiliado-a-la-afa\/\" \/>\n<meta property=\"og:site_name\" content=\"NOTICIASMERCEDINAS.COM\" \/>\n<meta property=\"article:publisher\" content=\"https:\/\/www.facebook.com\/noticiasmercedinas\/\" \/>\n<meta property=\"article:published_time\" content=\"2023-11-23T20:26:21+00:00\" \/>\n<meta property=\"og:image\" content=\"https:\/\/noticiasmercedinas.com\/site\/wp-content\/uploads\/2023\/11\/F_pE9qLXsAAVFyJ.jpg\" \/>\n\t<meta property=\"og:image:width\" content=\"640\" \/>\n\t<meta property=\"og:image:height\" content=\"360\" \/>\n\t<meta property=\"og:image:type\" content=\"image\/jpeg\" \/>\n<meta name=\"author\" content=\"Juan Dagnino NOTICIASMERCEDINAS.COM\" \/>\n<meta name=\"twitter:card\" content=\"summary_large_image\" \/>\n<meta name=\"twitter:creator\" content=\"@notmercedinas\" \/>\n<meta name=\"twitter:site\" content=\"@notmercedinas\" \/>\n<meta name=\"twitter:label1\" content=\"Escrito por\" \/>\n\t<meta name=\"twitter:data1\" content=\"Juan Dagnino NOTICIASMERCEDINAS.COM\" \/>\n\t<meta name=\"twitter:label2\" content=\"Tiempo de lectura\" \/>\n\t<meta name=\"twitter:data2\" content=\"3 minutos\" \/>\n<script type=\"application\/ld+json\" class=\"yoast-schema-graph\">{\"@context\":\"https:\\\/\\\/schema.org\",\"@graph\":[{\"@type\":\"Article\",\"@id\":\"https:\\\/\\\/noticiasmercedinas.com\\\/site\\\/2023\\\/11\\\/23\\\/es-oficial-club-mercedes-afiliado-a-la-afa\\\/#article\",\"isPartOf\":{\"@id\":\"https:\\\/\\\/noticiasmercedinas.com\\\/site\\\/2023\\\/11\\\/23\\\/es-oficial-club-mercedes-afiliado-a-la-afa\\\/\"},\"author\":{\"name\":\"Juan Dagnino NOTICIASMERCEDINAS.COM\",\"@id\":\"https:\\\/\\\/noticiasmercedinas.com\\\/site\\\/#\\\/schema\\\/person\\\/8f2f09d666ef40986eba4a5e6f2a06f9\"},\"headline\":\"Es oficial, Club Mercedes afiliado a la AFA\",\"datePublished\":\"2023-11-23T20:26:21+00:00\",\"mainEntityOfPage\":{\"@id\":\"https:\\\/\\\/noticiasmercedinas.com\\\/site\\\/2023\\\/11\\\/23\\\/es-oficial-club-mercedes-afiliado-a-la-afa\\\/\"},\"wordCount\":554,\"publisher\":{\"@id\":\"https:\\\/\\\/noticiasmercedinas.com\\\/site\\\/#organization\"},\"image\":{\"@id\":\"https:\\\/\\\/noticiasmercedinas.com\\\/site\\\/2023\\\/11\\\/23\\\/es-oficial-club-mercedes-afiliado-a-la-afa\\\/#primaryimage\"},\"thumbnailUrl\":\"https:\\\/\\\/noticiasmercedinas.com\\\/site\\\/wp-content\\\/uploads\\\/2023\\\/11\\\/F_pE9qLXsAAVFyJ.jpg\",\"keywords\":[\"AFA\",\"claudio tapia\",\"club mercedes\",\"Primera C\",\"Primera D\"],\"articleSection\":[\"Deportes\"],\"inLanguage\":\"es\"},{\"@type\":\"WebPage\",\"@id\":\"https:\\\/\\\/noticiasmercedinas.com\\\/site\\\/2023\\\/11\\\/23\\\/es-oficial-club-mercedes-afiliado-a-la-afa\\\/\",\"url\":\"https:\\\/\\\/noticiasmercedinas.com\\\/site\\\/2023\\\/11\\\/23\\\/es-oficial-club-mercedes-afiliado-a-la-afa\\\/\",\"name\":\"Es oficial, Club Mercedes afiliado a la AFA\",\"isPartOf\":{\"@id\":\"https:\\\/\\\/noticiasmercedinas.com\\\/site\\\/#website\"},\"primaryImageOfPage\":{\"@id\":\"https:\\\/\\\/noticiasmercedinas.com\\\/site\\\/2023\\\/11\\\/23\\\/es-oficial-club-mercedes-afiliado-a-la-afa\\\/#primaryimage\"},\"image\":{\"@id\":\"https:\\\/\\\/noticiasmercedinas.com\\\/site\\\/2023\\\/11\\\/23\\\/es-oficial-club-mercedes-afiliado-a-la-afa\\\/#primaryimage\"},\"thumbnailUrl\":\"https:\\\/\\\/noticiasmercedinas.com\\\/site\\\/wp-content\\\/uploads\\\/2023\\\/11\\\/F_pE9qLXsAAVFyJ.jpg\",\"datePublished\":\"2023-11-23T20:26:21+00:00\",\"breadcrumb\":{\"@id\":\"https:\\\/\\\/noticiasmercedinas.com\\\/site\\\/2023\\\/11\\\/23\\\/es-oficial-club-mercedes-afiliado-a-la-afa\\\/#breadcrumb\"},\"inLanguage\":\"es\",\"potentialAction\":[{\"@type\":\"ReadAction\",\"target\":[\"https:\\\/\\\/noticiasmercedinas.com\\\/site\\\/2023\\\/11\\\/23\\\/es-oficial-club-mercedes-afiliado-a-la-afa\\\/\"]}]},{\"@type\":\"ImageObject\",\"inLanguage\":\"es\",\"@id\":\"https:\\\/\\\/noticiasmercedinas.com\\\/site\\\/2023\\\/11\\\/23\\\/es-oficial-club-mercedes-afiliado-a-la-afa\\\/#primaryimage\",\"url\":\"https:\\\/\\\/noticiasmercedinas.com\\\/site\\\/wp-content\\\/uploads\\\/2023\\\/11\\\/F_pE9qLXsAAVFyJ.jpg\",\"contentUrl\":\"https:\\\/\\\/noticiasmercedinas.com\\\/site\\\/wp-content\\\/uploads\\\/2023\\\/11\\\/F_pE9qLXsAAVFyJ.jpg\",\"width\":640,\"height\":360},{\"@type\":\"BreadcrumbList\",\"@id\":\"https:\\\/\\\/noticiasmercedinas.com\\\/site\\\/2023\\\/11\\\/23\\\/es-oficial-club-mercedes-afiliado-a-la-afa\\\/#breadcrumb\",\"itemListElement\":[{\"@type\":\"ListItem\",\"position\":1,\"name\":\"Portada\",\"item\":\"https:\\\/\\\/noticiasmercedinas.com\\\/site\\\/\"},{\"@type\":\"ListItem\",\"position\":2,\"name\":\"Es oficial, Club Mercedes afiliado a la AFA\"}]},{\"@type\":\"WebSite\",\"@id\":\"https:\\\/\\\/noticiasmercedinas.com\\\/site\\\/#website\",\"url\":\"https:\\\/\\\/noticiasmercedinas.com\\\/site\\\/\",\"name\":\"NOTICIASMERCEDINAS.COM\",\"description\":\"Mercedes, Buenos Aires, Argentina\",\"publisher\":{\"@id\":\"https:\\\/\\\/noticiasmercedinas.com\\\/site\\\/#organization\"},\"potentialAction\":[{\"@type\":\"SearchAction\",\"target\":{\"@type\":\"EntryPoint\",\"urlTemplate\":\"https:\\\/\\\/noticiasmercedinas.com\\\/site\\\/?s={search_term_string}\"},\"query-input\":{\"@type\":\"PropertyValueSpecification\",\"valueRequired\":true,\"valueName\":\"search_term_string\"}}],\"inLanguage\":\"es\"},{\"@type\":\"Organization\",\"@id\":\"https:\\\/\\\/noticiasmercedinas.com\\\/site\\\/#organization\",\"name\":\"NOTICIASMERCEDINAS.COM\",\"url\":\"https:\\\/\\\/noticiasmercedinas.com\\\/site\\\/\",\"logo\":{\"@type\":\"ImageObject\",\"inLanguage\":\"es\",\"@id\":\"https:\\\/\\\/noticiasmercedinas.com\\\/site\\\/#\\\/schema\\\/logo\\\/image\\\/\",\"url\":\"https:\\\/\\\/noticiasmercedinas.com\\\/site\\\/wp-content\\\/uploads\\\/2020\\\/06\\\/LOGO-512.jpg\",\"contentUrl\":\"https:\\\/\\\/noticiasmercedinas.com\\\/site\\\/wp-content\\\/uploads\\\/2020\\\/06\\\/LOGO-512.jpg\",\"width\":512,\"height\":512,\"caption\":\"NOTICIASMERCEDINAS.COM\"},\"image\":{\"@id\":\"https:\\\/\\\/noticiasmercedinas.com\\\/site\\\/#\\\/schema\\\/logo\\\/image\\\/\"},\"sameAs\":[\"https:\\\/\\\/www.facebook.com\\\/noticiasmercedinas\\\/\",\"https:\\\/\\\/x.com\\\/notmercedinas\",\"https:\\\/\\\/www.instagram.com\\\/noticiasmercedinas\\\/\"]},{\"@type\":\"Person\",\"@id\":\"https:\\\/\\\/noticiasmercedinas.com\\\/site\\\/#\\\/schema\\\/person\\\/8f2f09d666ef40986eba4a5e6f2a06f9\",\"name\":\"Juan Dagnino NOTICIASMERCEDINAS.COM\",\"image\":{\"@type\":\"ImageObject\",\"inLanguage\":\"es\",\"@id\":\"https:\\\/\\\/secure.gravatar.com\\\/avatar\\\/fc7059a769f5a3cae65fadb228a3e4accf3a64b4b2305020d0a27e6d5333c91b?s=96&d=mm&r=g\",\"url\":\"https:\\\/\\\/secure.gravatar.com\\\/avatar\\\/fc7059a769f5a3cae65fadb228a3e4accf3a64b4b2305020d0a27e6d5333c91b?s=96&d=mm&r=g\",\"contentUrl\":\"https:\\\/\\\/secure.gravatar.com\\\/avatar\\\/fc7059a769f5a3cae65fadb228a3e4accf3a64b4b2305020d0a27e6d5333c91b?s=96&d=mm&r=g\",\"caption\":\"Juan Dagnino NOTICIASMERCEDINAS.COM\"},\"url\":\"https:\\\/\\\/noticiasmercedinas.com\\\/site\\\/author\\\/juandagnino\\\/\"}]}<\/script>\n<!-- \/ Yoast SEO plugin. -->","yoast_head_json":{"title":"Es oficial, Club Mercedes afiliado a la AFA","robots":{"index":"index","follow":"follow","max-snippet":"max-snippet:-1","max-image-preview":"max-image-preview:large","max-video-preview":"max-video-preview:-1"},"canonical":"https:\/\/noticiasmercedinas.com\/site\/2023\/11\/23\/es-oficial-club-mercedes-afiliado-a-la-afa\/","og_locale":"es_ES","og_type":"article","og_title":"Es oficial, Club Mercedes afiliado a la AFA","og_description":"\u25a0 En medio de la Asamblea Ordinaria de este jueves su incorporaci\u00f3n estuvo en el orden del d\u00eda. Desde el 2022 lo hac\u00eda en condici\u00f3n de invitado en la Primera D. Certamen que en el 2024 se unificar\u00e1 con la Primear C.","og_url":"https:\/\/noticiasmercedinas.com\/site\/2023\/11\/23\/es-oficial-club-mercedes-afiliado-a-la-afa\/","og_site_name":"NOTICIASMERCEDINAS.COM","article_publisher":"https:\/\/www.facebook.com\/noticiasmercedinas\/","article_published_time":"2023-11-23T20:26:21+00:00","og_image":[{"width":640,"height":360,"url":"https:\/\/noticiasmercedinas.com\/site\/wp-content\/uploads\/2023\/11\/F_pE9qLXsAAVFyJ.jpg","type":"image\/jpeg"}],"author":"Juan Dagnino NOTICIASMERCEDINAS.COM","twitter_card":"summary_large_image","twitter_creator":"@notmercedinas","twitter_site":"@notmercedinas","twitter_misc":{"Escrito por":"Juan Dagnino NOTICIASMERCEDINAS.COM","Tiempo de lectura":"3 minutos"},"schema":{"@context":"https:\/\/schema.org","@graph":[{"@type":"Article","@id":"https:\/\/noticiasmercedinas.com\/site\/2023\/11\/23\/es-oficial-club-mercedes-afiliado-a-la-afa\/#article","isPartOf":{"@id":"https:\/\/noticiasmercedinas.com\/site\/2023\/11\/23\/es-oficial-club-mercedes-afiliado-a-la-afa\/"},"author":{"name":"Juan Dagnino NOTICIASMERCEDINAS.COM","@id":"https:\/\/noticiasmercedinas.com\/site\/#\/schema\/person\/8f2f09d666ef40986eba4a5e6f2a06f9"},"headline":"Es oficial, Club Mercedes afiliado a la AFA","datePublished":"2023-11-23T20:26:21+00:00","mainEntityOfPage":{"@id":"https:\/\/noticiasmercedinas.com\/site\/2023\/11\/23\/es-oficial-club-mercedes-afiliado-a-la-afa\/"},"wordCount":554,"publisher":{"@id":"https:\/\/noticiasmercedinas.com\/site\/#organization"},"image":{"@id":"https:\/\/noticiasmercedinas.com\/site\/2023\/11\/23\/es-oficial-club-mercedes-afiliado-a-la-afa\/#primaryimage"},"thumbnailUrl":"https:\/\/noticiasmercedinas.com\/site\/wp-content\/uploads\/2023\/11\/F_pE9qLXsAAVFyJ.jpg","keywords":["AFA","claudio tapia","club mercedes","Primera C","Primera D"],"articleSection":["Deportes"],"inLanguage":"es"},{"@type":"WebPage","@id":"https:\/\/noticiasmercedinas.com\/site\/2023\/11\/23\/es-oficial-club-mercedes-afiliado-a-la-afa\/","url":"https:\/\/noticiasmercedinas.com\/site\/2023\/11\/23\/es-oficial-club-mercedes-afiliado-a-la-afa\/","name":"Es oficial, Club Mercedes afiliado a la AFA","isPartOf":{"@id":"https:\/\/noticiasmercedinas.com\/site\/#website"},"primaryImageOfPage":{"@id":"https:\/\/noticiasmercedinas.com\/site\/2023\/11\/23\/es-oficial-club-mercedes-afiliado-a-la-afa\/#primaryimage"},"image":{"@id":"https:\/\/noticiasmercedinas.com\/site\/2023\/11\/23\/es-oficial-club-mercedes-afiliado-a-la-afa\/#primaryimage"},"thumbnailUrl":"https:\/\/noticiasmercedinas.com\/site\/wp-content\/uploads\/2023\/11\/F_pE9qLXsAAVFyJ.jpg","datePublished":"2023-11-23T20:26:21+00:00","breadcrumb":{"@id":"https:\/\/noticiasmercedinas.com\/site\/2023\/11\/23\/es-oficial-club-mercedes-afiliado-a-la-afa\/#breadcrumb"},"inLanguage":"es","potentialAction":[{"@type":"ReadAction","target":["https:\/\/noticiasmercedinas.com\/site\/2023\/11\/23\/es-oficial-club-mercedes-afiliado-a-la-afa\/"]}]},{"@type":"ImageObject","inLanguage":"es","@id":"https:\/\/noticiasmercedinas.com\/site\/2023\/11\/23\/es-oficial-club-mercedes-afiliado-a-la-afa\/#primaryimage","url":"https:\/\/noticiasmercedinas.com\/site\/wp-content\/uploads\/2023\/11\/F_pE9qLXsAAVFyJ.jpg","contentUrl":"https:\/\/noticiasmercedinas.com\/site\/wp-content\/uploads\/2023\/11\/F_pE9qLXsAAVFyJ.jpg","width":640,"height":360},{"@type":"BreadcrumbList","@id":"https:\/\/noticiasmercedinas.com\/site\/2023\/11\/23\/es-oficial-club-mercedes-afiliado-a-la-afa\/#breadcrumb","itemListElement":[{"@type":"ListItem","position":1,"name":"Portada","item":"https:\/\/noticiasmercedinas.com\/site\/"},{"@type":"ListItem","position":2,"name":"Es oficial, Club Mercedes afiliado a la AFA"}]},{"@type":"WebSite","@id":"https:\/\/noticiasmercedinas.com\/site\/#website","url":"https:\/\/noticiasmercedinas.com\/site\/","name":"NOTICIASMERCEDINAS.COM","description":"Mercedes, Buenos Aires, Argentina","publisher":{"@id":"https:\/\/noticiasmercedinas.com\/site\/#organization"},"potentialAction":[{"@type":"SearchAction","target":{"@type":"EntryPoint","urlTemplate":"https:\/\/noticiasmercedinas.com\/site\/?s={search_term_string}"},"query-input":{"@type":"PropertyValueSpecification","valueRequired":true,"valueName":"search_term_string"}}],"inLanguage":"es"},{"@type":"Organization","@id":"https:\/\/noticiasmercedinas.com\/site\/#organization","name":"NOTICIASMERCEDINAS.COM","url":"https:\/\/noticiasmercedinas.com\/site\/","logo":{"@type":"ImageObject","inLanguage":"es","@id":"https:\/\/noticiasmercedinas.com\/site\/#\/schema\/logo\/image\/","url":"https:\/\/noticiasmercedinas.com\/site\/wp-content\/uploads\/2020\/06\/LOGO-512.jpg","contentUrl":"https:\/\/noticiasmercedinas.com\/site\/wp-content\/uploads\/2020\/06\/LOGO-512.jpg","width":512,"height":512,"caption":"NOTICIASMERCEDINAS.COM"},"image":{"@id":"https:\/\/noticiasmercedinas.com\/site\/#\/schema\/logo\/image\/"},"sameAs":["https:\/\/www.facebook.com\/noticiasmercedinas\/","https:\/\/x.com\/notmercedinas","https:\/\/www.instagram.com\/noticiasmercedinas\/"]},{"@type":"Person","@id":"https:\/\/noticiasmercedinas.com\/site\/#\/schema\/person\/8f2f09d666ef40986eba4a5e6f2a06f9","name":"Juan Dagnino NOTICIASMERCEDINAS.COM","image":{"@type":"ImageObject","inLanguage":"es","@id":"https:\/\/secure.gravatar.com\/avatar\/fc7059a769f5a3cae65fadb228a3e4accf3a64b4b2305020d0a27e6d5333c91b?s=96&d=mm&r=g","url":"https:\/\/secure.gravatar.com\/avatar\/fc7059a769f5a3cae65fadb228a3e4accf3a64b4b2305020d0a27e6d5333c91b?s=96&d=mm&r=g","contentUrl":"https:\/\/secure.gravatar.com\/avatar\/fc7059a769f5a3cae65fadb228a3e4accf3a64b4b2305020d0a27e6d5333c91b?s=96&d=mm&r=g","caption":"Juan Dagnino NOTICIASMERCEDINAS.COM"},"url":"https:\/\/noticiasmercedinas.com\/site\/author\/juandagnino\/"}]}},"amp_enabled":true,"_links":{"self":[{"href":"https:\/\/noticiasmercedinas.com\/site\/wp-json\/wp\/v2\/posts\/127210","targetHints":{"allow":["GET"]}}],"collection":[{"href":"https:\/\/noticiasmercedinas.com\/site\/wp-json\/wp\/v2\/posts"}],"about":[{"href":"https:\/\/noticiasmercedinas.com\/site\/wp-json\/wp\/v2\/types\/post"}],"author":[{"embeddable":true,"href":"https:\/\/noticiasmercedinas.com\/site\/wp-json\/wp\/v2\/users\/6"}],"replies":[{"embeddable":true,"href":"https:\/\/noticiasmercedinas.com\/site\/wp-json\/wp\/v2\/comments?post=127210"}],"version-history":[{"count":1,"href":"https:\/\/noticiasmercedinas.com\/site\/wp-json\/wp\/v2\/posts\/127210\/revisions"}],"predecessor-version":[{"id":127214,"href":"https:\/\/noticiasmercedinas.com\/site\/wp-json\/wp\/v2\/posts\/127210\/revisions\/127214"}],"wp:featuredmedia":[{"embeddable":true,"href":"https:\/\/noticiasmercedinas.com\/site\/wp-json\/wp\/v2\/media\/127211"}],"wp:attachment":[{"href":"https:\/\/noticiasmercedinas.com\/site\/wp-json\/wp\/v2\/media?parent=127210"}],"wp:term":[{"taxonomy":"category","embeddable":true,"href":"https:\/\/noticiasmercedinas.com\/site\/wp-json\/wp\/v2\/categories?post=127210"},{"taxonomy":"post_tag","embeddable":true,"href":"https:\/\/noticiasmercedinas.com\/site\/wp-json\/wp\/v2\/tags?post=127210"}],"curies":[{"name":"wp","href":"https:\/\/api.w.org\/{rel}","templated":true}]}}