{"id":127297,"date":"2023-11-24T17:01:28","date_gmt":"2023-11-24T20:01:28","guid":{"rendered":"https:\/\/noticiasmercedinas.com\/site\/?p=127297"},"modified":"2023-11-24T17:02:59","modified_gmt":"2023-11-24T20:02:59","slug":"natalia-facciolo-fue-elegida-presidenta-de-mefeba","status":"publish","type":"post","link":"https:\/\/noticiasmercedinas.com\/site\/2023\/11\/24\/natalia-facciolo-fue-elegida-presidenta-de-mefeba\/","title":{"rendered":"Natalia Facciolo fue elegida presidenta de MEFEBA"},"content":{"rendered":"<p><img loading=\"lazy\" decoding=\"async\" class=\"alignnone size-large wp-image-127298\" src=\"https:\/\/noticiasmercedinas.com\/site\/wp-content\/uploads\/2023\/11\/25da477a-f51e-4e27-b75f-267dfb22288b-1024x681.jpeg\" alt=\"\" width=\"640\" height=\"426\" srcset=\"https:\/\/noticiasmercedinas.com\/site\/wp-content\/uploads\/2023\/11\/25da477a-f51e-4e27-b75f-267dfb22288b-1024x681.jpeg 1024w, https:\/\/noticiasmercedinas.com\/site\/wp-content\/uploads\/2023\/11\/25da477a-f51e-4e27-b75f-267dfb22288b-300x200.jpeg 300w, https:\/\/noticiasmercedinas.com\/site\/wp-content\/uploads\/2023\/11\/25da477a-f51e-4e27-b75f-267dfb22288b-768x511.jpeg 768w, https:\/\/noticiasmercedinas.com\/site\/wp-content\/uploads\/2023\/11\/25da477a-f51e-4e27-b75f-267dfb22288b-640x426.jpeg 640w, https:\/\/noticiasmercedinas.com\/site\/wp-content\/uploads\/2023\/11\/25da477a-f51e-4e27-b75f-267dfb22288b-681x453.jpeg 681w, https:\/\/noticiasmercedinas.com\/site\/wp-content\/uploads\/2023\/11\/25da477a-f51e-4e27-b75f-267dfb22288b.jpeg 1160w\" sizes=\"auto, (max-width: 640px) 100vw, 640px\" \/><\/p>\n<p>En una emotiva ceremonia, se entregaron los Premios Mujer Empresaria Bonaerense 2023, y en ese marco y ante la presencia de las mercedinas que fueron finalistas se eligi\u00f3 a la destacada emprendedora local <strong>Natalia Facciolo<\/strong>, actual secretaria de la CEM, como presidenta de MEFEBA.<\/p>\n<p>En el sal\u00f3n Bellaggio del Hotel Scala, las Mujeres Empresarias de la Federaci\u00f3n Econ\u00f3mica de la provincia de Buenos Aires (MEFEBA) llevaron adelante la 8va. Edici\u00f3n del premio que reconoce la labor de empresarias y emprendedoras bonaerenses. Hubo m\u00e1s de 300 personas, y la ceremonia visibiliz\u00f3 el trabajo de las 98 finalistas que representaron a 36 ciudades de la Provincia. Las representantes mercedinas fueron acompa\u00f1adas por autoridades de la C\u00e1mara Econ\u00f3mica local.<\/p>\n<p>Encabezaron la gala el presidente de FEBA, Camilo Alberto Kahale y su par de MEFEBA, Mar\u00eda Laura Teruel, quienes estuvieron acompa\u00f1ados por la subsecretar\u00eda de Industria, Pymes y Cooperativas, Mariela Bembi; el subsecretario de Desarrollo Comercial y Promoci\u00f3n de Inversiones, Ariel Aguilar; la gerenta de Socios Corporativos de Garantizar, Julia Erlich y la presidenta del Fondo de Garant\u00edas Buenos Aires (FOGABA), Ver\u00f3nica Wejchenberg.<\/p>\n<p>Acompa\u00f1aron tambi\u00e9n Andrea Grobocopatel, presidenta de la Fundaci\u00f3n FLOR; la Dra. Lina Anllo, directora de Women Economic y miembros del Directorio de la Federaci\u00f3n Econ\u00f3mica y la Comisi\u00f3n Directiva de MEFEBA.<\/p>\n<p>Mar\u00eda Laura Teruel felicit\u00f3 a las finalistas: \u201cSon todas ganadoras, las que se postularon y las que son finalistas. Tambi\u00e9n quiero felicitar a las c\u00e1maras de base, a las autoridades y a las referentes de MEFEBA que para esta edici\u00f3n han trabajado much\u00edsimo\u201d, dijo.<\/p>\n<p>Si bien las finalistas por la CEM fueron Nerina Caballero de Nifu Nifa en la categor\u00eda Comercio local; Rosina Karp y Daniela Pandiani Cipriano, de Bego\u00f1a, en Nuevo Emprendimiento; y Daniela Gabriele, de Mieles Prumiel, en Innovaci\u00f3n; entre las ganadoras no hubo mercedinas.<\/p>\n<p>En la jornada tambi\u00e9n se oficializ\u00f3 el cambio de mandato en MEFEBA, asumiendo como nueva presidenta Natalia Facciolo, en lugar de Mar\u00eda Laura Teruel.<\/p>\n<p>La flamante presidenta agradeci\u00f3 la oportunidad a Kahale y resalt\u00f3: \u201cLaura me deja la vara muy alta, fue mi mentora n\u00famero 1 porque de ella aprend\u00ed much\u00edsimo\u201d. Y asegur\u00f3 que \u201clas vamos a seguir acompa\u00f1ando porque estamos orgullosos de la manera que est\u00e1n emprendiendo, a conciencia, de manera sustentable, siendo inclusivas y pensando en la comunidad\u201d.<\/p>\n<p><img loading=\"lazy\" decoding=\"async\" class=\"alignnone size-large wp-image-127299\" src=\"https:\/\/noticiasmercedinas.com\/site\/wp-content\/uploads\/2023\/11\/4039dc88-a2c5-4033-9e0b-e59391b90eb7-1024x768.jpeg\" alt=\"\" width=\"640\" height=\"480\" srcset=\"https:\/\/noticiasmercedinas.com\/site\/wp-content\/uploads\/2023\/11\/4039dc88-a2c5-4033-9e0b-e59391b90eb7-1024x768.jpeg 1024w, https:\/\/noticiasmercedinas.com\/site\/wp-content\/uploads\/2023\/11\/4039dc88-a2c5-4033-9e0b-e59391b90eb7-300x225.jpeg 300w, https:\/\/noticiasmercedinas.com\/site\/wp-content\/uploads\/2023\/11\/4039dc88-a2c5-4033-9e0b-e59391b90eb7-768x576.jpeg 768w, https:\/\/noticiasmercedinas.com\/site\/wp-content\/uploads\/2023\/11\/4039dc88-a2c5-4033-9e0b-e59391b90eb7-1536x1152.jpeg 1536w, https:\/\/noticiasmercedinas.com\/site\/wp-content\/uploads\/2023\/11\/4039dc88-a2c5-4033-9e0b-e59391b90eb7-80x60.jpeg 80w, https:\/\/noticiasmercedinas.com\/site\/wp-content\/uploads\/2023\/11\/4039dc88-a2c5-4033-9e0b-e59391b90eb7-160x120.jpeg 160w, https:\/\/noticiasmercedinas.com\/site\/wp-content\/uploads\/2023\/11\/4039dc88-a2c5-4033-9e0b-e59391b90eb7-100x75.jpeg 100w, https:\/\/noticiasmercedinas.com\/site\/wp-content\/uploads\/2023\/11\/4039dc88-a2c5-4033-9e0b-e59391b90eb7-200x150.jpeg 200w, https:\/\/noticiasmercedinas.com\/site\/wp-content\/uploads\/2023\/11\/4039dc88-a2c5-4033-9e0b-e59391b90eb7-180x135.jpeg 180w, https:\/\/noticiasmercedinas.com\/site\/wp-content\/uploads\/2023\/11\/4039dc88-a2c5-4033-9e0b-e59391b90eb7-360x270.jpeg 360w, https:\/\/noticiasmercedinas.com\/site\/wp-content\/uploads\/2023\/11\/4039dc88-a2c5-4033-9e0b-e59391b90eb7-238x178.jpeg 238w, https:\/\/noticiasmercedinas.com\/site\/wp-content\/uploads\/2023\/11\/4039dc88-a2c5-4033-9e0b-e59391b90eb7-476x356.jpeg 476w, https:\/\/noticiasmercedinas.com\/site\/wp-content\/uploads\/2023\/11\/4039dc88-a2c5-4033-9e0b-e59391b90eb7-640x480.jpeg 640w, https:\/\/noticiasmercedinas.com\/site\/wp-content\/uploads\/2023\/11\/4039dc88-a2c5-4033-9e0b-e59391b90eb7-1280x960.jpeg 1280w, https:\/\/noticiasmercedinas.com\/site\/wp-content\/uploads\/2023\/11\/4039dc88-a2c5-4033-9e0b-e59391b90eb7-681x511.jpeg 681w, https:\/\/noticiasmercedinas.com\/site\/wp-content\/uploads\/2023\/11\/4039dc88-a2c5-4033-9e0b-e59391b90eb7-1362x1022.jpeg 1362w, https:\/\/noticiasmercedinas.com\/site\/wp-content\/uploads\/2023\/11\/4039dc88-a2c5-4033-9e0b-e59391b90eb7.jpeg 1600w\" sizes=\"auto, (max-width: 640px) 100vw, 640px\" \/><\/p>\n","protected":false},"excerpt":{"rendered":"<p>\u25a0 Las finalistas de la CEM fueron testigos de este cambio de mando a manos de la mercedina. Su asunci\u00f3n se dio en el marco la entrega de los premios Mujer Empresaria Bonaerense.<\/p>\n","protected":false},"author":16,"featured_media":127298,"comment_status":"closed","ping_status":"closed","sticky":false,"template":"","format":"standard","meta":{"footnotes":""},"categories":[3],"tags":[377,7402,10816,4043],"class_list":["post-127297","post","type-post","status-publish","format-standard","has-post-thumbnail","hentry","category-sociedad","tag-cem","tag-feba","tag-mefeba","tag-natalia-facciolo"],"yoast_head":"<!-- This site is optimized with the Yoast SEO plugin v27.4 - https:\/\/yoast.com\/product\/yoast-seo-wordpress\/ -->\n<title>Natalia Facciolo fue elegida presidenta de MEFEBA<\/title>\n<meta name=\"robots\" content=\"index, follow, max-snippet:-1, max-image-preview:large, max-video-preview:-1\" \/>\n<link rel=\"canonical\" href=\"https:\/\/noticiasmercedinas.com\/site\/2023\/11\/24\/natalia-facciolo-fue-elegida-presidenta-de-mefeba\/\" \/>\n<meta property=\"og:locale\" content=\"es_ES\" \/>\n<meta property=\"og:type\" content=\"article\" \/>\n<meta property=\"og:title\" content=\"Natalia Facciolo fue elegida presidenta de MEFEBA\" \/>\n<meta property=\"og:description\" content=\"\u25a0 Las finalistas de la CEM fueron testigos de este cambio de mando a manos de la mercedina. Su asunci\u00f3n se dio en el marco la entrega de los premios Mujer Empresaria Bonaerense.\" \/>\n<meta property=\"og:url\" content=\"https:\/\/noticiasmercedinas.com\/site\/2023\/11\/24\/natalia-facciolo-fue-elegida-presidenta-de-mefeba\/\" \/>\n<meta property=\"og:site_name\" content=\"NOTICIASMERCEDINAS.COM\" \/>\n<meta property=\"article:publisher\" content=\"https:\/\/www.facebook.com\/noticiasmercedinas\/\" \/>\n<meta property=\"article:published_time\" content=\"2023-11-24T20:01:28+00:00\" \/>\n<meta property=\"article:modified_time\" content=\"2023-11-24T20:02:59+00:00\" \/>\n<meta property=\"og:image\" content=\"https:\/\/noticiasmercedinas.com\/site\/wp-content\/uploads\/2023\/11\/25da477a-f51e-4e27-b75f-267dfb22288b.jpeg\" \/>\n\t<meta property=\"og:image:width\" content=\"1160\" \/>\n\t<meta property=\"og:image:height\" content=\"772\" \/>\n\t<meta property=\"og:image:type\" content=\"image\/jpeg\" \/>\n<meta name=\"author\" content=\"NOTICIASMERCEDINAS.COM\" \/>\n<meta name=\"twitter:card\" content=\"summary_large_image\" \/>\n<meta name=\"twitter:creator\" content=\"@notmercedinas\" \/>\n<meta name=\"twitter:site\" content=\"@notmercedinas\" \/>\n<meta name=\"twitter:label1\" content=\"Escrito por\" \/>\n\t<meta name=\"twitter:data1\" content=\"NOTICIASMERCEDINAS.COM\" \/>\n\t<meta name=\"twitter:label2\" content=\"Tiempo de lectura\" \/>\n\t<meta name=\"twitter:data2\" content=\"3 minutos\" \/>\n<script type=\"application\/ld+json\" class=\"yoast-schema-graph\">{\"@context\":\"https:\\\/\\\/schema.org\",\"@graph\":[{\"@type\":\"Article\",\"@id\":\"https:\\\/\\\/noticiasmercedinas.com\\\/site\\\/2023\\\/11\\\/24\\\/natalia-facciolo-fue-elegida-presidenta-de-mefeba\\\/#article\",\"isPartOf\":{\"@id\":\"https:\\\/\\\/noticiasmercedinas.com\\\/site\\\/2023\\\/11\\\/24\\\/natalia-facciolo-fue-elegida-presidenta-de-mefeba\\\/\"},\"author\":{\"name\":\"NOTICIASMERCEDINAS.COM\",\"@id\":\"https:\\\/\\\/noticiasmercedinas.com\\\/site\\\/#\\\/schema\\\/person\\\/84b59c099c28ff2e8b77d4ceec5d8063\"},\"headline\":\"Natalia Facciolo fue elegida presidenta de MEFEBA\",\"datePublished\":\"2023-11-24T20:01:28+00:00\",\"dateModified\":\"2023-11-24T20:02:59+00:00\",\"mainEntityOfPage\":{\"@id\":\"https:\\\/\\\/noticiasmercedinas.com\\\/site\\\/2023\\\/11\\\/24\\\/natalia-facciolo-fue-elegida-presidenta-de-mefeba\\\/\"},\"wordCount\":413,\"publisher\":{\"@id\":\"https:\\\/\\\/noticiasmercedinas.com\\\/site\\\/#organization\"},\"image\":{\"@id\":\"https:\\\/\\\/noticiasmercedinas.com\\\/site\\\/2023\\\/11\\\/24\\\/natalia-facciolo-fue-elegida-presidenta-de-mefeba\\\/#primaryimage\"},\"thumbnailUrl\":\"https:\\\/\\\/noticiasmercedinas.com\\\/site\\\/wp-content\\\/uploads\\\/2023\\\/11\\\/25da477a-f51e-4e27-b75f-267dfb22288b.jpeg\",\"keywords\":[\"cem\",\"feba\",\"mefeba\",\"natalia facciolo\"],\"articleSection\":[\"Sociedad\"],\"inLanguage\":\"es\"},{\"@type\":\"WebPage\",\"@id\":\"https:\\\/\\\/noticiasmercedinas.com\\\/site\\\/2023\\\/11\\\/24\\\/natalia-facciolo-fue-elegida-presidenta-de-mefeba\\\/\",\"url\":\"https:\\\/\\\/noticiasmercedinas.com\\\/site\\\/2023\\\/11\\\/24\\\/natalia-facciolo-fue-elegida-presidenta-de-mefeba\\\/\",\"name\":\"Natalia Facciolo fue elegida presidenta de MEFEBA\",\"isPartOf\":{\"@id\":\"https:\\\/\\\/noticiasmercedinas.com\\\/site\\\/#website\"},\"primaryImageOfPage\":{\"@id\":\"https:\\\/\\\/noticiasmercedinas.com\\\/site\\\/2023\\\/11\\\/24\\\/natalia-facciolo-fue-elegida-presidenta-de-mefeba\\\/#primaryimage\"},\"image\":{\"@id\":\"https:\\\/\\\/noticiasmercedinas.com\\\/site\\\/2023\\\/11\\\/24\\\/natalia-facciolo-fue-elegida-presidenta-de-mefeba\\\/#primaryimage\"},\"thumbnailUrl\":\"https:\\\/\\\/noticiasmercedinas.com\\\/site\\\/wp-content\\\/uploads\\\/2023\\\/11\\\/25da477a-f51e-4e27-b75f-267dfb22288b.jpeg\",\"datePublished\":\"2023-11-24T20:01:28+00:00\",\"dateModified\":\"2023-11-24T20:02:59+00:00\",\"breadcrumb\":{\"@id\":\"https:\\\/\\\/noticiasmercedinas.com\\\/site\\\/2023\\\/11\\\/24\\\/natalia-facciolo-fue-elegida-presidenta-de-mefeba\\\/#breadcrumb\"},\"inLanguage\":\"es\",\"potentialAction\":[{\"@type\":\"ReadAction\",\"target\":[\"https:\\\/\\\/noticiasmercedinas.com\\\/site\\\/2023\\\/11\\\/24\\\/natalia-facciolo-fue-elegida-presidenta-de-mefeba\\\/\"]}]},{\"@type\":\"ImageObject\",\"inLanguage\":\"es\",\"@id\":\"https:\\\/\\\/noticiasmercedinas.com\\\/site\\\/2023\\\/11\\\/24\\\/natalia-facciolo-fue-elegida-presidenta-de-mefeba\\\/#primaryimage\",\"url\":\"https:\\\/\\\/noticiasmercedinas.com\\\/site\\\/wp-content\\\/uploads\\\/2023\\\/11\\\/25da477a-f51e-4e27-b75f-267dfb22288b.jpeg\",\"contentUrl\":\"https:\\\/\\\/noticiasmercedinas.com\\\/site\\\/wp-content\\\/uploads\\\/2023\\\/11\\\/25da477a-f51e-4e27-b75f-267dfb22288b.jpeg\",\"width\":1160,\"height\":772},{\"@type\":\"BreadcrumbList\",\"@id\":\"https:\\\/\\\/noticiasmercedinas.com\\\/site\\\/2023\\\/11\\\/24\\\/natalia-facciolo-fue-elegida-presidenta-de-mefeba\\\/#breadcrumb\",\"itemListElement\":[{\"@type\":\"ListItem\",\"position\":1,\"name\":\"Portada\",\"item\":\"https:\\\/\\\/noticiasmercedinas.com\\\/site\\\/\"},{\"@type\":\"ListItem\",\"position\":2,\"name\":\"Natalia Facciolo fue elegida presidenta de MEFEBA\"}]},{\"@type\":\"WebSite\",\"@id\":\"https:\\\/\\\/noticiasmercedinas.com\\\/site\\\/#website\",\"url\":\"https:\\\/\\\/noticiasmercedinas.com\\\/site\\\/\",\"name\":\"NOTICIASMERCEDINAS.COM\",\"description\":\"Mercedes, Buenos Aires, Argentina\",\"publisher\":{\"@id\":\"https:\\\/\\\/noticiasmercedinas.com\\\/site\\\/#organization\"},\"potentialAction\":[{\"@type\":\"SearchAction\",\"target\":{\"@type\":\"EntryPoint\",\"urlTemplate\":\"https:\\\/\\\/noticiasmercedinas.com\\\/site\\\/?s={search_term_string}\"},\"query-input\":{\"@type\":\"PropertyValueSpecification\",\"valueRequired\":true,\"valueName\":\"search_term_string\"}}],\"inLanguage\":\"es\"},{\"@type\":\"Organization\",\"@id\":\"https:\\\/\\\/noticiasmercedinas.com\\\/site\\\/#organization\",\"name\":\"NOTICIASMERCEDINAS.COM\",\"url\":\"https:\\\/\\\/noticiasmercedinas.com\\\/site\\\/\",\"logo\":{\"@type\":\"ImageObject\",\"inLanguage\":\"es\",\"@id\":\"https:\\\/\\\/noticiasmercedinas.com\\\/site\\\/#\\\/schema\\\/logo\\\/image\\\/\",\"url\":\"https:\\\/\\\/noticiasmercedinas.com\\\/site\\\/wp-content\\\/uploads\\\/2020\\\/06\\\/LOGO-512.jpg\",\"contentUrl\":\"https:\\\/\\\/noticiasmercedinas.com\\\/site\\\/wp-content\\\/uploads\\\/2020\\\/06\\\/LOGO-512.jpg\",\"width\":512,\"height\":512,\"caption\":\"NOTICIASMERCEDINAS.COM\"},\"image\":{\"@id\":\"https:\\\/\\\/noticiasmercedinas.com\\\/site\\\/#\\\/schema\\\/logo\\\/image\\\/\"},\"sameAs\":[\"https:\\\/\\\/www.facebook.com\\\/noticiasmercedinas\\\/\",\"https:\\\/\\\/x.com\\\/notmercedinas\",\"https:\\\/\\\/www.instagram.com\\\/noticiasmercedinas\\\/\"]},{\"@type\":\"Person\",\"@id\":\"https:\\\/\\\/noticiasmercedinas.com\\\/site\\\/#\\\/schema\\\/person\\\/84b59c099c28ff2e8b77d4ceec5d8063\",\"name\":\"NOTICIASMERCEDINAS.COM\",\"image\":{\"@type\":\"ImageObject\",\"inLanguage\":\"es\",\"@id\":\"https:\\\/\\\/secure.gravatar.com\\\/avatar\\\/4dfbf16b4d17945bfb6341b2d19043457132fcf478a5ee04f42e959fd8f5df0a?s=96&d=mm&r=g\",\"url\":\"https:\\\/\\\/secure.gravatar.com\\\/avatar\\\/4dfbf16b4d17945bfb6341b2d19043457132fcf478a5ee04f42e959fd8f5df0a?s=96&d=mm&r=g\",\"contentUrl\":\"https:\\\/\\\/secure.gravatar.com\\\/avatar\\\/4dfbf16b4d17945bfb6341b2d19043457132fcf478a5ee04f42e959fd8f5df0a?s=96&d=mm&r=g\",\"caption\":\"NOTICIASMERCEDINAS.COM\"},\"url\":\"https:\\\/\\\/noticiasmercedinas.com\\\/site\\\/author\\\/anonimo\\\/\"}]}<\/script>\n<!-- \/ Yoast SEO plugin. -->","yoast_head_json":{"title":"Natalia Facciolo fue elegida presidenta de MEFEBA","robots":{"index":"index","follow":"follow","max-snippet":"max-snippet:-1","max-image-preview":"max-image-preview:large","max-video-preview":"max-video-preview:-1"},"canonical":"https:\/\/noticiasmercedinas.com\/site\/2023\/11\/24\/natalia-facciolo-fue-elegida-presidenta-de-mefeba\/","og_locale":"es_ES","og_type":"article","og_title":"Natalia Facciolo fue elegida presidenta de MEFEBA","og_description":"\u25a0 Las finalistas de la CEM fueron testigos de este cambio de mando a manos de la mercedina. Su asunci\u00f3n se dio en el marco la entrega de los premios Mujer Empresaria Bonaerense.","og_url":"https:\/\/noticiasmercedinas.com\/site\/2023\/11\/24\/natalia-facciolo-fue-elegida-presidenta-de-mefeba\/","og_site_name":"NOTICIASMERCEDINAS.COM","article_publisher":"https:\/\/www.facebook.com\/noticiasmercedinas\/","article_published_time":"2023-11-24T20:01:28+00:00","article_modified_time":"2023-11-24T20:02:59+00:00","og_image":[{"width":1160,"height":772,"url":"https:\/\/noticiasmercedinas.com\/site\/wp-content\/uploads\/2023\/11\/25da477a-f51e-4e27-b75f-267dfb22288b.jpeg","type":"image\/jpeg"}],"author":"NOTICIASMERCEDINAS.COM","twitter_card":"summary_large_image","twitter_creator":"@notmercedinas","twitter_site":"@notmercedinas","twitter_misc":{"Escrito por":"NOTICIASMERCEDINAS.COM","Tiempo de lectura":"3 minutos"},"schema":{"@context":"https:\/\/schema.org","@graph":[{"@type":"Article","@id":"https:\/\/noticiasmercedinas.com\/site\/2023\/11\/24\/natalia-facciolo-fue-elegida-presidenta-de-mefeba\/#article","isPartOf":{"@id":"https:\/\/noticiasmercedinas.com\/site\/2023\/11\/24\/natalia-facciolo-fue-elegida-presidenta-de-mefeba\/"},"author":{"name":"NOTICIASMERCEDINAS.COM","@id":"https:\/\/noticiasmercedinas.com\/site\/#\/schema\/person\/84b59c099c28ff2e8b77d4ceec5d8063"},"headline":"Natalia Facciolo fue elegida presidenta de MEFEBA","datePublished":"2023-11-24T20:01:28+00:00","dateModified":"2023-11-24T20:02:59+00:00","mainEntityOfPage":{"@id":"https:\/\/noticiasmercedinas.com\/site\/2023\/11\/24\/natalia-facciolo-fue-elegida-presidenta-de-mefeba\/"},"wordCount":413,"publisher":{"@id":"https:\/\/noticiasmercedinas.com\/site\/#organization"},"image":{"@id":"https:\/\/noticiasmercedinas.com\/site\/2023\/11\/24\/natalia-facciolo-fue-elegida-presidenta-de-mefeba\/#primaryimage"},"thumbnailUrl":"https:\/\/noticiasmercedinas.com\/site\/wp-content\/uploads\/2023\/11\/25da477a-f51e-4e27-b75f-267dfb22288b.jpeg","keywords":["cem","feba","mefeba","natalia facciolo"],"articleSection":["Sociedad"],"inLanguage":"es"},{"@type":"WebPage","@id":"https:\/\/noticiasmercedinas.com\/site\/2023\/11\/24\/natalia-facciolo-fue-elegida-presidenta-de-mefeba\/","url":"https:\/\/noticiasmercedinas.com\/site\/2023\/11\/24\/natalia-facciolo-fue-elegida-presidenta-de-mefeba\/","name":"Natalia Facciolo fue elegida presidenta de MEFEBA","isPartOf":{"@id":"https:\/\/noticiasmercedinas.com\/site\/#website"},"primaryImageOfPage":{"@id":"https:\/\/noticiasmercedinas.com\/site\/2023\/11\/24\/natalia-facciolo-fue-elegida-presidenta-de-mefeba\/#primaryimage"},"image":{"@id":"https:\/\/noticiasmercedinas.com\/site\/2023\/11\/24\/natalia-facciolo-fue-elegida-presidenta-de-mefeba\/#primaryimage"},"thumbnailUrl":"https:\/\/noticiasmercedinas.com\/site\/wp-content\/uploads\/2023\/11\/25da477a-f51e-4e27-b75f-267dfb22288b.jpeg","datePublished":"2023-11-24T20:01:28+00:00","dateModified":"2023-11-24T20:02:59+00:00","breadcrumb":{"@id":"https:\/\/noticiasmercedinas.com\/site\/2023\/11\/24\/natalia-facciolo-fue-elegida-presidenta-de-mefeba\/#breadcrumb"},"inLanguage":"es","potentialAction":[{"@type":"ReadAction","target":["https:\/\/noticiasmercedinas.com\/site\/2023\/11\/24\/natalia-facciolo-fue-elegida-presidenta-de-mefeba\/"]}]},{"@type":"ImageObject","inLanguage":"es","@id":"https:\/\/noticiasmercedinas.com\/site\/2023\/11\/24\/natalia-facciolo-fue-elegida-presidenta-de-mefeba\/#primaryimage","url":"https:\/\/noticiasmercedinas.com\/site\/wp-content\/uploads\/2023\/11\/25da477a-f51e-4e27-b75f-267dfb22288b.jpeg","contentUrl":"https:\/\/noticiasmercedinas.com\/site\/wp-content\/uploads\/2023\/11\/25da477a-f51e-4e27-b75f-267dfb22288b.jpeg","width":1160,"height":772},{"@type":"BreadcrumbList","@id":"https:\/\/noticiasmercedinas.com\/site\/2023\/11\/24\/natalia-facciolo-fue-elegida-presidenta-de-mefeba\/#breadcrumb","itemListElement":[{"@type":"ListItem","position":1,"name":"Portada","item":"https:\/\/noticiasmercedinas.com\/site\/"},{"@type":"ListItem","position":2,"name":"Natalia Facciolo fue elegida presidenta de MEFEBA"}]},{"@type":"WebSite","@id":"https:\/\/noticiasmercedinas.com\/site\/#website","url":"https:\/\/noticiasmercedinas.com\/site\/","name":"NOTICIASMERCEDINAS.COM","description":"Mercedes, Buenos Aires, Argentina","publisher":{"@id":"https:\/\/noticiasmercedinas.com\/site\/#organization"},"potentialAction":[{"@type":"SearchAction","target":{"@type":"EntryPoint","urlTemplate":"https:\/\/noticiasmercedinas.com\/site\/?s={search_term_string}"},"query-input":{"@type":"PropertyValueSpecification","valueRequired":true,"valueName":"search_term_string"}}],"inLanguage":"es"},{"@type":"Organization","@id":"https:\/\/noticiasmercedinas.com\/site\/#organization","name":"NOTICIASMERCEDINAS.COM","url":"https:\/\/noticiasmercedinas.com\/site\/","logo":{"@type":"ImageObject","inLanguage":"es","@id":"https:\/\/noticiasmercedinas.com\/site\/#\/schema\/logo\/image\/","url":"https:\/\/noticiasmercedinas.com\/site\/wp-content\/uploads\/2020\/06\/LOGO-512.jpg","contentUrl":"https:\/\/noticiasmercedinas.com\/site\/wp-content\/uploads\/2020\/06\/LOGO-512.jpg","width":512,"height":512,"caption":"NOTICIASMERCEDINAS.COM"},"image":{"@id":"https:\/\/noticiasmercedinas.com\/site\/#\/schema\/logo\/image\/"},"sameAs":["https:\/\/www.facebook.com\/noticiasmercedinas\/","https:\/\/x.com\/notmercedinas","https:\/\/www.instagram.com\/noticiasmercedinas\/"]},{"@type":"Person","@id":"https:\/\/noticiasmercedinas.com\/site\/#\/schema\/person\/84b59c099c28ff2e8b77d4ceec5d8063","name":"NOTICIASMERCEDINAS.COM","image":{"@type":"ImageObject","inLanguage":"es","@id":"https:\/\/secure.gravatar.com\/avatar\/4dfbf16b4d17945bfb6341b2d19043457132fcf478a5ee04f42e959fd8f5df0a?s=96&d=mm&r=g","url":"https:\/\/secure.gravatar.com\/avatar\/4dfbf16b4d17945bfb6341b2d19043457132fcf478a5ee04f42e959fd8f5df0a?s=96&d=mm&r=g","contentUrl":"https:\/\/secure.gravatar.com\/avatar\/4dfbf16b4d17945bfb6341b2d19043457132fcf478a5ee04f42e959fd8f5df0a?s=96&d=mm&r=g","caption":"NOTICIASMERCEDINAS.COM"},"url":"https:\/\/noticiasmercedinas.com\/site\/author\/anonimo\/"}]}},"amp_enabled":true,"_links":{"self":[{"href":"https:\/\/noticiasmercedinas.com\/site\/wp-json\/wp\/v2\/posts\/127297","targetHints":{"allow":["GET"]}}],"collection":[{"href":"https:\/\/noticiasmercedinas.com\/site\/wp-json\/wp\/v2\/posts"}],"about":[{"href":"https:\/\/noticiasmercedinas.com\/site\/wp-json\/wp\/v2\/types\/post"}],"author":[{"embeddable":true,"href":"https:\/\/noticiasmercedinas.com\/site\/wp-json\/wp\/v2\/users\/16"}],"replies":[{"embeddable":true,"href":"https:\/\/noticiasmercedinas.com\/site\/wp-json\/wp\/v2\/comments?post=127297"}],"version-history":[{"count":4,"href":"https:\/\/noticiasmercedinas.com\/site\/wp-json\/wp\/v2\/posts\/127297\/revisions"}],"predecessor-version":[{"id":127303,"href":"https:\/\/noticiasmercedinas.com\/site\/wp-json\/wp\/v2\/posts\/127297\/revisions\/127303"}],"wp:featuredmedia":[{"embeddable":true,"href":"https:\/\/noticiasmercedinas.com\/site\/wp-json\/wp\/v2\/media\/127298"}],"wp:attachment":[{"href":"https:\/\/noticiasmercedinas.com\/site\/wp-json\/wp\/v2\/media?parent=127297"}],"wp:term":[{"taxonomy":"category","embeddable":true,"href":"https:\/\/noticiasmercedinas.com\/site\/wp-json\/wp\/v2\/categories?post=127297"},{"taxonomy":"post_tag","embeddable":true,"href":"https:\/\/noticiasmercedinas.com\/site\/wp-json\/wp\/v2\/tags?post=127297"}],"curies":[{"name":"wp","href":"https:\/\/api.w.org\/{rel}","templated":true}]}}