{"id":127633,"date":"2023-11-30T20:16:38","date_gmt":"2023-11-30T23:16:38","guid":{"rendered":"https:\/\/noticiasmercedinas.com\/site\/?p=127633"},"modified":"2023-11-30T20:16:38","modified_gmt":"2023-11-30T23:16:38","slug":"daniel-raffo-a-puro-blues-y-charla-este-viernes-en-la-udplay-88-1-mhz","status":"publish","type":"post","link":"https:\/\/noticiasmercedinas.com\/site\/2023\/11\/30\/daniel-raffo-a-puro-blues-y-charla-este-viernes-en-la-udplay-88-1-mhz\/","title":{"rendered":"Daniel Raffo, a puro blues y charla, este viernes en la UDPlay 88.1 Mhz"},"content":{"rendered":"<p><img loading=\"lazy\" decoding=\"async\" class=\"alignnone size-large wp-image-127634\" src=\"https:\/\/noticiasmercedinas.com\/site\/wp-content\/uploads\/2023\/11\/RAFFO1-1024x567.jpg\" alt=\"\" width=\"640\" height=\"354\" srcset=\"https:\/\/noticiasmercedinas.com\/site\/wp-content\/uploads\/2023\/11\/RAFFO1-1024x567.jpg 1024w, https:\/\/noticiasmercedinas.com\/site\/wp-content\/uploads\/2023\/11\/RAFFO1-300x166.jpg 300w, https:\/\/noticiasmercedinas.com\/site\/wp-content\/uploads\/2023\/11\/RAFFO1-768x425.jpg 768w, https:\/\/noticiasmercedinas.com\/site\/wp-content\/uploads\/2023\/11\/RAFFO1-1536x850.jpg 1536w, https:\/\/noticiasmercedinas.com\/site\/wp-content\/uploads\/2023\/11\/RAFFO1-640x354.jpg 640w, https:\/\/noticiasmercedinas.com\/site\/wp-content\/uploads\/2023\/11\/RAFFO1-1280x708.jpg 1280w, https:\/\/noticiasmercedinas.com\/site\/wp-content\/uploads\/2023\/11\/RAFFO1-681x377.jpg 681w, https:\/\/noticiasmercedinas.com\/site\/wp-content\/uploads\/2023\/11\/RAFFO1-1362x753.jpg 1362w, https:\/\/noticiasmercedinas.com\/site\/wp-content\/uploads\/2023\/11\/RAFFO1.jpg 2048w\" sizes=\"auto, (max-width: 640px) 100vw, 640px\" \/><\/p>\n<p>Este viernes a las 18.00 horas estar\u00e1 en el programa de radio \u201cLlegaron los blues\u201d <strong>Daniel Raffo.<\/strong><\/p>\n<p>La propuesta de UDPlay 88.1 FM SANTA MAR\u00cdA que conduce Hern\u00e1n Rivero contar\u00e1 de esta manera en vivo al hombre que es la guitarra del blues en Argentina.<\/p>\n<p>\u201cUn hombre de la casa, Daniel Raffo, llega a Mercedes\u201d, coment\u00f3 a este medio el conductor del programa e invit\u00f3 a ser parte de una charla donde lo \u00fanico importante ser\u00e1 el blues.<\/p>\n<p>Raffo hab\u00eda estado ya en el programa radial en 2017, luego el guitarrista pas\u00f3 por la ciudad para hacer algunas presentaciones, entre ellas una en mayo de 2022, junto a Ricardo Tapia.<\/p>\n<p>\u201cAdem\u00e1s Daniel cay\u00f3 de sorpresa este a\u00f1o al show de Adri\u00e1n Flores en Bistr\u00f3\u201d, record\u00f3 el doctor Rivero.<\/p>\n<p>Daniel Raffo es un m\u00fasico argentino nacido el 26 de enero de 1963 en la Ciudad de Buenos Aires. Es considerado por muchos especialistas y colegas el referente de la guitarra del Blues en la Argentina.<\/p>\n<p>Desde los nueve a\u00f1os ya tocaba la guitarra en su barrio natal, Floresta. Sin embargo su debut en la m\u00fasica fue con su segundo instrumento, la bater\u00eda, en la primera agrupaci\u00f3n que integr\u00f3 llamada \u00abLey Seca\u00bb en la d\u00e9cada del 80.<\/p>\n<p>M\u00e1s tarde, influenciado por los m\u00fasicos de Blues del barrio de Floresta (principalmente Memphis La Blusera), dej\u00f3 de lado la bater\u00eda, para retornar a la guitarra y formar su propia agrupaci\u00f3n \u00abKing Size Blues\u00bb, con la cual se sigue presentando hoy en d\u00eda haciendo un repertorio de Blues Tradicional y El\u00e9ctrico. Por la banda formada y sostenida por Raffo pasaron una gran lista de m\u00fasicos que hoy tienen su lugar reconocido en la escena local. King Size es considerada un semillero de m\u00fasicos de Blues que a lo largo de los a\u00f1os siguieron creciendo en sus carreras.<\/p>\n<p>Daniel Raffo es el primer guitarrista en realizar shows homenajes a B.B. King desde el a\u00f1o 1992 y el nombre de su banda es por su admiraci\u00f3n al hom\u00f3nimo disco de \u00abEl Rey del Blues\u00bb del a\u00f1o 1977.<\/p>\n<p>Tanto solo como con su banda acompa\u00f1\u00f3 a los m\u00fasicos de Chicago que fueron visitando Argentina desde la d\u00e9cada de los noventa, cuando el g\u00e9nero se hizo popular en el pa\u00eds y comenzaron a llegar leyendas de los Estados Unidos. La primera vez lo hizo de forma casual, en una Jam Session con Taj Mahal y abri\u00f3 el show de Hubert Sumlin en Buenos Aires.<\/p>\n<p>Luego ya en el Blues Special Club, que fue la sede de todo este movimiento que se gestaba acompa\u00f1\u00f3 a Phil Guy, Eddie King, Eddie C.Campbell, Raful Neal, Billy Branch , entre muchos otros bluseros que llegaban al pa\u00eds. Acompa\u00f1\u00f3 tambi\u00e9n en el a\u00f1o 2006 a la leyenda del blues americano Bob Stroger a su gira por Rusia y lo sigue haciendo hasta hoy en sus giras anuales a la Argentina.<\/p>\n<p>Acompa\u00f1\u00f3 con su banda al multipremiado guitarrista Duke Robillard en sus dos visitas a Sudam\u00e9rica ( Argentina, Uruguay, Brasil y Chile), a la cantante Shirley King ( hija de B.B. King ) tambi\u00e9n en dos ocasiones y abri\u00f3 el show en Buenos Aires de La Chicago All Star Blues Band (Willie \u00abBig Eyes\u00bb Smith, Bob Margolin y Bob Stroger). Como guitarrista participa tambi\u00e9n de encuentros de guitarristas (nacionales y extranjeros) entre ellos Jimmy Rip (guitarrista de Mick Jagger solista), J. C. Smith (USA), Igor Prado (Brasil ) entre otros y nacionales como Miguel \u00abBotafogo\u00bb Vilanova, Alambre Gonzalez y Gady Pampill\u00f3n.<\/p>\n<p>En el a\u00f1o 2019 estrena su show \u00abRaffo &amp; Stones\u00bb con versiones propias de temas de los Rolling Stones versionadas en distintos estilos con cantantes invitados de nuevas generaciones de la escena local y a su vez se presenta adem\u00e1s de su banda King Size con un Tr\u00edo conformado por Nandu Aquista (Hammond) y Juanito Moro (Bater\u00eda) con quienes recrea sus temas instrumentales y versiona distintos g\u00e9neros con su estilo jazzy \u00abBlue Note\u00bb al estilo de los Hammond Tr\u00edo con un sonido de los a\u00f1os 60.<\/p>\n<p>Durante el a\u00f1o de la pandemia (2020) version\u00f3 y grab\u00f3 \u00abEl fanstasma de Canterville\u00bb para el proyecto de Nito Mestre \u00abAmerica canta Sui\u00bb. Luego, la versi\u00f3n fue seleccionada para el cierre de la celebraci\u00f3n de los 45 a\u00f1os del m\u00edtico \u00abAdi\u00f3s Sui Generis\u00bb (Sui Generis), el cual se transform\u00f3 en un streaming en vivo con la conducci\u00f3n del mismo Nito Mestre.<\/p>\n<p>Daniel Raffo es un reconocido profesor de guitarra, que se dedica a la ense\u00f1anza del blues, sus estilos y ramificaciones. Entre sus alumnos figuran guitarristas l\u00edderes de la escena del blues y rock local, y adem\u00e1s es productor musical.<\/p>\n<p><img loading=\"lazy\" decoding=\"async\" class=\"alignnone size-large wp-image-127635\" src=\"https:\/\/noticiasmercedinas.com\/site\/wp-content\/uploads\/2023\/11\/raffo-1024x1024.jpeg\" alt=\"\" width=\"640\" height=\"640\" srcset=\"https:\/\/noticiasmercedinas.com\/site\/wp-content\/uploads\/2023\/11\/raffo-1024x1024.jpeg 1024w, https:\/\/noticiasmercedinas.com\/site\/wp-content\/uploads\/2023\/11\/raffo-300x300.jpeg 300w, https:\/\/noticiasmercedinas.com\/site\/wp-content\/uploads\/2023\/11\/raffo-150x150.jpeg 150w, https:\/\/noticiasmercedinas.com\/site\/wp-content\/uploads\/2023\/11\/raffo-768x768.jpeg 768w, https:\/\/noticiasmercedinas.com\/site\/wp-content\/uploads\/2023\/11\/raffo-1536x1536.jpeg 1536w, https:\/\/noticiasmercedinas.com\/site\/wp-content\/uploads\/2023\/11\/raffo-640x640.jpeg 640w, https:\/\/noticiasmercedinas.com\/site\/wp-content\/uploads\/2023\/11\/raffo-1280x1280.jpeg 1280w, https:\/\/noticiasmercedinas.com\/site\/wp-content\/uploads\/2023\/11\/raffo-681x681.jpeg 681w, https:\/\/noticiasmercedinas.com\/site\/wp-content\/uploads\/2023\/11\/raffo-1362x1362.jpeg 1362w, https:\/\/noticiasmercedinas.com\/site\/wp-content\/uploads\/2023\/11\/raffo.jpeg 1600w\" sizes=\"auto, (max-width: 640px) 100vw, 640px\" \/><\/p>\n","protected":false},"excerpt":{"rendered":"<p>Este viernes a las 18.00 horas estar\u00e1 en el programa de radio \u201cLlegaron los blues\u201d Daniel Raffo. La propuesta de UDPlay 88.1 FM SANTA MAR\u00cdA que conduce Hern\u00e1n Rivero contar\u00e1 de esta manera en vivo al hombre que es la guitarra del blues en Argentina. \u201cUn hombre de la casa, Daniel Raffo, llega a Mercedes\u201d, [&hellip;]<\/p>\n","protected":false},"author":16,"featured_media":127634,"comment_status":"closed","ping_status":"closed","sticky":false,"template":"","format":"standard","meta":{"footnotes":""},"categories":[4210],"tags":[4812,553,55,2762,554,13968],"class_list":["post-127633","post","type-post","status-publish","format-standard","has-post-thumbnail","hentry","category-medios","tag-daniel-raffo","tag-fm-santa-maria","tag-hernan-rivero","tag-llegaron-los-blues","tag-radio","tag-udplay"],"yoast_head":"<!-- This site is optimized with the Yoast SEO plugin v27.5 - https:\/\/yoast.com\/product\/yoast-seo-wordpress\/ -->\n<title>Daniel Raffo, a puro blues y charla, este viernes en la UDPlay 88.1 Mhz<\/title>\n<meta name=\"robots\" content=\"index, follow, max-snippet:-1, max-image-preview:large, max-video-preview:-1\" \/>\n<link rel=\"canonical\" href=\"https:\/\/noticiasmercedinas.com\/site\/2023\/11\/30\/daniel-raffo-a-puro-blues-y-charla-este-viernes-en-la-udplay-88-1-mhz\/\" \/>\n<meta property=\"og:locale\" content=\"es_ES\" \/>\n<meta property=\"og:type\" content=\"article\" \/>\n<meta property=\"og:title\" content=\"Daniel Raffo, a puro blues y charla, este viernes en la UDPlay 88.1 Mhz\" \/>\n<meta property=\"og:description\" content=\"Este viernes a las 18.00 horas estar\u00e1 en el programa de radio \u201cLlegaron los blues\u201d Daniel Raffo. La propuesta de UDPlay 88.1 FM SANTA MAR\u00cdA que conduce Hern\u00e1n Rivero contar\u00e1 de esta manera en vivo al hombre que es la guitarra del blues en Argentina. \u201cUn hombre de la casa, Daniel Raffo, llega a Mercedes\u201d, [&hellip;]\" \/>\n<meta property=\"og:url\" content=\"https:\/\/noticiasmercedinas.com\/site\/2023\/11\/30\/daniel-raffo-a-puro-blues-y-charla-este-viernes-en-la-udplay-88-1-mhz\/\" \/>\n<meta property=\"og:site_name\" content=\"NOTICIASMERCEDINAS.COM\" \/>\n<meta property=\"article:publisher\" content=\"https:\/\/www.facebook.com\/noticiasmercedinas\/\" \/>\n<meta property=\"article:published_time\" content=\"2023-11-30T23:16:38+00:00\" \/>\n<meta property=\"og:image\" content=\"https:\/\/noticiasmercedinas.com\/site\/wp-content\/uploads\/2023\/11\/RAFFO1.jpg\" \/>\n\t<meta property=\"og:image:width\" content=\"2048\" \/>\n\t<meta property=\"og:image:height\" content=\"1133\" \/>\n\t<meta property=\"og:image:type\" content=\"image\/jpeg\" \/>\n<meta name=\"author\" content=\"NOTICIASMERCEDINAS.COM\" \/>\n<meta name=\"twitter:card\" content=\"summary_large_image\" \/>\n<meta name=\"twitter:creator\" content=\"@notmercedinas\" \/>\n<meta name=\"twitter:site\" content=\"@notmercedinas\" \/>\n<meta name=\"twitter:label1\" content=\"Escrito por\" \/>\n\t<meta name=\"twitter:data1\" content=\"NOTICIASMERCEDINAS.COM\" \/>\n\t<meta name=\"twitter:label2\" content=\"Tiempo de lectura\" \/>\n\t<meta name=\"twitter:data2\" content=\"4 minutos\" \/>\n<script type=\"application\/ld+json\" class=\"yoast-schema-graph\">{\"@context\":\"https:\\\/\\\/schema.org\",\"@graph\":[{\"@type\":\"Article\",\"@id\":\"https:\\\/\\\/noticiasmercedinas.com\\\/site\\\/2023\\\/11\\\/30\\\/daniel-raffo-a-puro-blues-y-charla-este-viernes-en-la-udplay-88-1-mhz\\\/#article\",\"isPartOf\":{\"@id\":\"https:\\\/\\\/noticiasmercedinas.com\\\/site\\\/2023\\\/11\\\/30\\\/daniel-raffo-a-puro-blues-y-charla-este-viernes-en-la-udplay-88-1-mhz\\\/\"},\"author\":{\"name\":\"NOTICIASMERCEDINAS.COM\",\"@id\":\"https:\\\/\\\/noticiasmercedinas.com\\\/site\\\/#\\\/schema\\\/person\\\/84b59c099c28ff2e8b77d4ceec5d8063\"},\"headline\":\"Daniel Raffo, a puro blues y charla, este viernes en la UDPlay 88.1 Mhz\",\"datePublished\":\"2023-11-30T23:16:38+00:00\",\"mainEntityOfPage\":{\"@id\":\"https:\\\/\\\/noticiasmercedinas.com\\\/site\\\/2023\\\/11\\\/30\\\/daniel-raffo-a-puro-blues-y-charla-este-viernes-en-la-udplay-88-1-mhz\\\/\"},\"wordCount\":812,\"publisher\":{\"@id\":\"https:\\\/\\\/noticiasmercedinas.com\\\/site\\\/#organization\"},\"image\":{\"@id\":\"https:\\\/\\\/noticiasmercedinas.com\\\/site\\\/2023\\\/11\\\/30\\\/daniel-raffo-a-puro-blues-y-charla-este-viernes-en-la-udplay-88-1-mhz\\\/#primaryimage\"},\"thumbnailUrl\":\"https:\\\/\\\/noticiasmercedinas.com\\\/site\\\/wp-content\\\/uploads\\\/2023\\\/11\\\/RAFFO1.jpg\",\"keywords\":[\"Daniel Raffo\",\"fm santa maria\",\"Hernan Rivero\",\"llegaron los blues\",\"radio\",\"udplay\"],\"articleSection\":[\"Medios\"],\"inLanguage\":\"es\"},{\"@type\":\"WebPage\",\"@id\":\"https:\\\/\\\/noticiasmercedinas.com\\\/site\\\/2023\\\/11\\\/30\\\/daniel-raffo-a-puro-blues-y-charla-este-viernes-en-la-udplay-88-1-mhz\\\/\",\"url\":\"https:\\\/\\\/noticiasmercedinas.com\\\/site\\\/2023\\\/11\\\/30\\\/daniel-raffo-a-puro-blues-y-charla-este-viernes-en-la-udplay-88-1-mhz\\\/\",\"name\":\"Daniel Raffo, a puro blues y charla, este viernes en la UDPlay 88.1 Mhz\",\"isPartOf\":{\"@id\":\"https:\\\/\\\/noticiasmercedinas.com\\\/site\\\/#website\"},\"primaryImageOfPage\":{\"@id\":\"https:\\\/\\\/noticiasmercedinas.com\\\/site\\\/2023\\\/11\\\/30\\\/daniel-raffo-a-puro-blues-y-charla-este-viernes-en-la-udplay-88-1-mhz\\\/#primaryimage\"},\"image\":{\"@id\":\"https:\\\/\\\/noticiasmercedinas.com\\\/site\\\/2023\\\/11\\\/30\\\/daniel-raffo-a-puro-blues-y-charla-este-viernes-en-la-udplay-88-1-mhz\\\/#primaryimage\"},\"thumbnailUrl\":\"https:\\\/\\\/noticiasmercedinas.com\\\/site\\\/wp-content\\\/uploads\\\/2023\\\/11\\\/RAFFO1.jpg\",\"datePublished\":\"2023-11-30T23:16:38+00:00\",\"breadcrumb\":{\"@id\":\"https:\\\/\\\/noticiasmercedinas.com\\\/site\\\/2023\\\/11\\\/30\\\/daniel-raffo-a-puro-blues-y-charla-este-viernes-en-la-udplay-88-1-mhz\\\/#breadcrumb\"},\"inLanguage\":\"es\",\"potentialAction\":[{\"@type\":\"ReadAction\",\"target\":[\"https:\\\/\\\/noticiasmercedinas.com\\\/site\\\/2023\\\/11\\\/30\\\/daniel-raffo-a-puro-blues-y-charla-este-viernes-en-la-udplay-88-1-mhz\\\/\"]}]},{\"@type\":\"ImageObject\",\"inLanguage\":\"es\",\"@id\":\"https:\\\/\\\/noticiasmercedinas.com\\\/site\\\/2023\\\/11\\\/30\\\/daniel-raffo-a-puro-blues-y-charla-este-viernes-en-la-udplay-88-1-mhz\\\/#primaryimage\",\"url\":\"https:\\\/\\\/noticiasmercedinas.com\\\/site\\\/wp-content\\\/uploads\\\/2023\\\/11\\\/RAFFO1.jpg\",\"contentUrl\":\"https:\\\/\\\/noticiasmercedinas.com\\\/site\\\/wp-content\\\/uploads\\\/2023\\\/11\\\/RAFFO1.jpg\",\"width\":2048,\"height\":1133},{\"@type\":\"BreadcrumbList\",\"@id\":\"https:\\\/\\\/noticiasmercedinas.com\\\/site\\\/2023\\\/11\\\/30\\\/daniel-raffo-a-puro-blues-y-charla-este-viernes-en-la-udplay-88-1-mhz\\\/#breadcrumb\",\"itemListElement\":[{\"@type\":\"ListItem\",\"position\":1,\"name\":\"Portada\",\"item\":\"https:\\\/\\\/noticiasmercedinas.com\\\/site\\\/\"},{\"@type\":\"ListItem\",\"position\":2,\"name\":\"Daniel Raffo, a puro blues y charla, este viernes en la UDPlay 88.1 Mhz\"}]},{\"@type\":\"WebSite\",\"@id\":\"https:\\\/\\\/noticiasmercedinas.com\\\/site\\\/#website\",\"url\":\"https:\\\/\\\/noticiasmercedinas.com\\\/site\\\/\",\"name\":\"NOTICIASMERCEDINAS.COM\",\"description\":\"Mercedes, Buenos Aires, Argentina\",\"publisher\":{\"@id\":\"https:\\\/\\\/noticiasmercedinas.com\\\/site\\\/#organization\"},\"potentialAction\":[{\"@type\":\"SearchAction\",\"target\":{\"@type\":\"EntryPoint\",\"urlTemplate\":\"https:\\\/\\\/noticiasmercedinas.com\\\/site\\\/?s={search_term_string}\"},\"query-input\":{\"@type\":\"PropertyValueSpecification\",\"valueRequired\":true,\"valueName\":\"search_term_string\"}}],\"inLanguage\":\"es\"},{\"@type\":\"Organization\",\"@id\":\"https:\\\/\\\/noticiasmercedinas.com\\\/site\\\/#organization\",\"name\":\"NOTICIASMERCEDINAS.COM\",\"url\":\"https:\\\/\\\/noticiasmercedinas.com\\\/site\\\/\",\"logo\":{\"@type\":\"ImageObject\",\"inLanguage\":\"es\",\"@id\":\"https:\\\/\\\/noticiasmercedinas.com\\\/site\\\/#\\\/schema\\\/logo\\\/image\\\/\",\"url\":\"https:\\\/\\\/noticiasmercedinas.com\\\/site\\\/wp-content\\\/uploads\\\/2020\\\/06\\\/LOGO-512.jpg\",\"contentUrl\":\"https:\\\/\\\/noticiasmercedinas.com\\\/site\\\/wp-content\\\/uploads\\\/2020\\\/06\\\/LOGO-512.jpg\",\"width\":512,\"height\":512,\"caption\":\"NOTICIASMERCEDINAS.COM\"},\"image\":{\"@id\":\"https:\\\/\\\/noticiasmercedinas.com\\\/site\\\/#\\\/schema\\\/logo\\\/image\\\/\"},\"sameAs\":[\"https:\\\/\\\/www.facebook.com\\\/noticiasmercedinas\\\/\",\"https:\\\/\\\/x.com\\\/notmercedinas\",\"https:\\\/\\\/www.instagram.com\\\/noticiasmercedinas\\\/\"]},{\"@type\":\"Person\",\"@id\":\"https:\\\/\\\/noticiasmercedinas.com\\\/site\\\/#\\\/schema\\\/person\\\/84b59c099c28ff2e8b77d4ceec5d8063\",\"name\":\"NOTICIASMERCEDINAS.COM\",\"image\":{\"@type\":\"ImageObject\",\"inLanguage\":\"es\",\"@id\":\"https:\\\/\\\/secure.gravatar.com\\\/avatar\\\/4dfbf16b4d17945bfb6341b2d19043457132fcf478a5ee04f42e959fd8f5df0a?s=96&d=mm&r=g\",\"url\":\"https:\\\/\\\/secure.gravatar.com\\\/avatar\\\/4dfbf16b4d17945bfb6341b2d19043457132fcf478a5ee04f42e959fd8f5df0a?s=96&d=mm&r=g\",\"contentUrl\":\"https:\\\/\\\/secure.gravatar.com\\\/avatar\\\/4dfbf16b4d17945bfb6341b2d19043457132fcf478a5ee04f42e959fd8f5df0a?s=96&d=mm&r=g\",\"caption\":\"NOTICIASMERCEDINAS.COM\"},\"url\":\"https:\\\/\\\/noticiasmercedinas.com\\\/site\\\/author\\\/anonimo\\\/\"}]}<\/script>\n<!-- \/ Yoast SEO plugin. -->","yoast_head_json":{"title":"Daniel Raffo, a puro blues y charla, este viernes en la UDPlay 88.1 Mhz","robots":{"index":"index","follow":"follow","max-snippet":"max-snippet:-1","max-image-preview":"max-image-preview:large","max-video-preview":"max-video-preview:-1"},"canonical":"https:\/\/noticiasmercedinas.com\/site\/2023\/11\/30\/daniel-raffo-a-puro-blues-y-charla-este-viernes-en-la-udplay-88-1-mhz\/","og_locale":"es_ES","og_type":"article","og_title":"Daniel Raffo, a puro blues y charla, este viernes en la UDPlay 88.1 Mhz","og_description":"Este viernes a las 18.00 horas estar\u00e1 en el programa de radio \u201cLlegaron los blues\u201d Daniel Raffo. La propuesta de UDPlay 88.1 FM SANTA MAR\u00cdA que conduce Hern\u00e1n Rivero contar\u00e1 de esta manera en vivo al hombre que es la guitarra del blues en Argentina. \u201cUn hombre de la casa, Daniel Raffo, llega a Mercedes\u201d, [&hellip;]","og_url":"https:\/\/noticiasmercedinas.com\/site\/2023\/11\/30\/daniel-raffo-a-puro-blues-y-charla-este-viernes-en-la-udplay-88-1-mhz\/","og_site_name":"NOTICIASMERCEDINAS.COM","article_publisher":"https:\/\/www.facebook.com\/noticiasmercedinas\/","article_published_time":"2023-11-30T23:16:38+00:00","og_image":[{"width":2048,"height":1133,"url":"https:\/\/noticiasmercedinas.com\/site\/wp-content\/uploads\/2023\/11\/RAFFO1.jpg","type":"image\/jpeg"}],"author":"NOTICIASMERCEDINAS.COM","twitter_card":"summary_large_image","twitter_creator":"@notmercedinas","twitter_site":"@notmercedinas","twitter_misc":{"Escrito por":"NOTICIASMERCEDINAS.COM","Tiempo de lectura":"4 minutos"},"schema":{"@context":"https:\/\/schema.org","@graph":[{"@type":"Article","@id":"https:\/\/noticiasmercedinas.com\/site\/2023\/11\/30\/daniel-raffo-a-puro-blues-y-charla-este-viernes-en-la-udplay-88-1-mhz\/#article","isPartOf":{"@id":"https:\/\/noticiasmercedinas.com\/site\/2023\/11\/30\/daniel-raffo-a-puro-blues-y-charla-este-viernes-en-la-udplay-88-1-mhz\/"},"author":{"name":"NOTICIASMERCEDINAS.COM","@id":"https:\/\/noticiasmercedinas.com\/site\/#\/schema\/person\/84b59c099c28ff2e8b77d4ceec5d8063"},"headline":"Daniel Raffo, a puro blues y charla, este viernes en la UDPlay 88.1 Mhz","datePublished":"2023-11-30T23:16:38+00:00","mainEntityOfPage":{"@id":"https:\/\/noticiasmercedinas.com\/site\/2023\/11\/30\/daniel-raffo-a-puro-blues-y-charla-este-viernes-en-la-udplay-88-1-mhz\/"},"wordCount":812,"publisher":{"@id":"https:\/\/noticiasmercedinas.com\/site\/#organization"},"image":{"@id":"https:\/\/noticiasmercedinas.com\/site\/2023\/11\/30\/daniel-raffo-a-puro-blues-y-charla-este-viernes-en-la-udplay-88-1-mhz\/#primaryimage"},"thumbnailUrl":"https:\/\/noticiasmercedinas.com\/site\/wp-content\/uploads\/2023\/11\/RAFFO1.jpg","keywords":["Daniel Raffo","fm santa maria","Hernan Rivero","llegaron los blues","radio","udplay"],"articleSection":["Medios"],"inLanguage":"es"},{"@type":"WebPage","@id":"https:\/\/noticiasmercedinas.com\/site\/2023\/11\/30\/daniel-raffo-a-puro-blues-y-charla-este-viernes-en-la-udplay-88-1-mhz\/","url":"https:\/\/noticiasmercedinas.com\/site\/2023\/11\/30\/daniel-raffo-a-puro-blues-y-charla-este-viernes-en-la-udplay-88-1-mhz\/","name":"Daniel Raffo, a puro blues y charla, este viernes en la UDPlay 88.1 Mhz","isPartOf":{"@id":"https:\/\/noticiasmercedinas.com\/site\/#website"},"primaryImageOfPage":{"@id":"https:\/\/noticiasmercedinas.com\/site\/2023\/11\/30\/daniel-raffo-a-puro-blues-y-charla-este-viernes-en-la-udplay-88-1-mhz\/#primaryimage"},"image":{"@id":"https:\/\/noticiasmercedinas.com\/site\/2023\/11\/30\/daniel-raffo-a-puro-blues-y-charla-este-viernes-en-la-udplay-88-1-mhz\/#primaryimage"},"thumbnailUrl":"https:\/\/noticiasmercedinas.com\/site\/wp-content\/uploads\/2023\/11\/RAFFO1.jpg","datePublished":"2023-11-30T23:16:38+00:00","breadcrumb":{"@id":"https:\/\/noticiasmercedinas.com\/site\/2023\/11\/30\/daniel-raffo-a-puro-blues-y-charla-este-viernes-en-la-udplay-88-1-mhz\/#breadcrumb"},"inLanguage":"es","potentialAction":[{"@type":"ReadAction","target":["https:\/\/noticiasmercedinas.com\/site\/2023\/11\/30\/daniel-raffo-a-puro-blues-y-charla-este-viernes-en-la-udplay-88-1-mhz\/"]}]},{"@type":"ImageObject","inLanguage":"es","@id":"https:\/\/noticiasmercedinas.com\/site\/2023\/11\/30\/daniel-raffo-a-puro-blues-y-charla-este-viernes-en-la-udplay-88-1-mhz\/#primaryimage","url":"https:\/\/noticiasmercedinas.com\/site\/wp-content\/uploads\/2023\/11\/RAFFO1.jpg","contentUrl":"https:\/\/noticiasmercedinas.com\/site\/wp-content\/uploads\/2023\/11\/RAFFO1.jpg","width":2048,"height":1133},{"@type":"BreadcrumbList","@id":"https:\/\/noticiasmercedinas.com\/site\/2023\/11\/30\/daniel-raffo-a-puro-blues-y-charla-este-viernes-en-la-udplay-88-1-mhz\/#breadcrumb","itemListElement":[{"@type":"ListItem","position":1,"name":"Portada","item":"https:\/\/noticiasmercedinas.com\/site\/"},{"@type":"ListItem","position":2,"name":"Daniel Raffo, a puro blues y charla, este viernes en la UDPlay 88.1 Mhz"}]},{"@type":"WebSite","@id":"https:\/\/noticiasmercedinas.com\/site\/#website","url":"https:\/\/noticiasmercedinas.com\/site\/","name":"NOTICIASMERCEDINAS.COM","description":"Mercedes, Buenos Aires, Argentina","publisher":{"@id":"https:\/\/noticiasmercedinas.com\/site\/#organization"},"potentialAction":[{"@type":"SearchAction","target":{"@type":"EntryPoint","urlTemplate":"https:\/\/noticiasmercedinas.com\/site\/?s={search_term_string}"},"query-input":{"@type":"PropertyValueSpecification","valueRequired":true,"valueName":"search_term_string"}}],"inLanguage":"es"},{"@type":"Organization","@id":"https:\/\/noticiasmercedinas.com\/site\/#organization","name":"NOTICIASMERCEDINAS.COM","url":"https:\/\/noticiasmercedinas.com\/site\/","logo":{"@type":"ImageObject","inLanguage":"es","@id":"https:\/\/noticiasmercedinas.com\/site\/#\/schema\/logo\/image\/","url":"https:\/\/noticiasmercedinas.com\/site\/wp-content\/uploads\/2020\/06\/LOGO-512.jpg","contentUrl":"https:\/\/noticiasmercedinas.com\/site\/wp-content\/uploads\/2020\/06\/LOGO-512.jpg","width":512,"height":512,"caption":"NOTICIASMERCEDINAS.COM"},"image":{"@id":"https:\/\/noticiasmercedinas.com\/site\/#\/schema\/logo\/image\/"},"sameAs":["https:\/\/www.facebook.com\/noticiasmercedinas\/","https:\/\/x.com\/notmercedinas","https:\/\/www.instagram.com\/noticiasmercedinas\/"]},{"@type":"Person","@id":"https:\/\/noticiasmercedinas.com\/site\/#\/schema\/person\/84b59c099c28ff2e8b77d4ceec5d8063","name":"NOTICIASMERCEDINAS.COM","image":{"@type":"ImageObject","inLanguage":"es","@id":"https:\/\/secure.gravatar.com\/avatar\/4dfbf16b4d17945bfb6341b2d19043457132fcf478a5ee04f42e959fd8f5df0a?s=96&d=mm&r=g","url":"https:\/\/secure.gravatar.com\/avatar\/4dfbf16b4d17945bfb6341b2d19043457132fcf478a5ee04f42e959fd8f5df0a?s=96&d=mm&r=g","contentUrl":"https:\/\/secure.gravatar.com\/avatar\/4dfbf16b4d17945bfb6341b2d19043457132fcf478a5ee04f42e959fd8f5df0a?s=96&d=mm&r=g","caption":"NOTICIASMERCEDINAS.COM"},"url":"https:\/\/noticiasmercedinas.com\/site\/author\/anonimo\/"}]}},"amp_enabled":true,"_links":{"self":[{"href":"https:\/\/noticiasmercedinas.com\/site\/wp-json\/wp\/v2\/posts\/127633","targetHints":{"allow":["GET"]}}],"collection":[{"href":"https:\/\/noticiasmercedinas.com\/site\/wp-json\/wp\/v2\/posts"}],"about":[{"href":"https:\/\/noticiasmercedinas.com\/site\/wp-json\/wp\/v2\/types\/post"}],"author":[{"embeddable":true,"href":"https:\/\/noticiasmercedinas.com\/site\/wp-json\/wp\/v2\/users\/16"}],"replies":[{"embeddable":true,"href":"https:\/\/noticiasmercedinas.com\/site\/wp-json\/wp\/v2\/comments?post=127633"}],"version-history":[{"count":1,"href":"https:\/\/noticiasmercedinas.com\/site\/wp-json\/wp\/v2\/posts\/127633\/revisions"}],"predecessor-version":[{"id":127636,"href":"https:\/\/noticiasmercedinas.com\/site\/wp-json\/wp\/v2\/posts\/127633\/revisions\/127636"}],"wp:featuredmedia":[{"embeddable":true,"href":"https:\/\/noticiasmercedinas.com\/site\/wp-json\/wp\/v2\/media\/127634"}],"wp:attachment":[{"href":"https:\/\/noticiasmercedinas.com\/site\/wp-json\/wp\/v2\/media?parent=127633"}],"wp:term":[{"taxonomy":"category","embeddable":true,"href":"https:\/\/noticiasmercedinas.com\/site\/wp-json\/wp\/v2\/categories?post=127633"},{"taxonomy":"post_tag","embeddable":true,"href":"https:\/\/noticiasmercedinas.com\/site\/wp-json\/wp\/v2\/tags?post=127633"}],"curies":[{"name":"wp","href":"https:\/\/api.w.org\/{rel}","templated":true}]}}