{"id":127649,"date":"2023-12-01T08:27:50","date_gmt":"2023-12-01T11:27:50","guid":{"rendered":"https:\/\/noticiasmercedinas.com\/site\/?p=127649"},"modified":"2023-12-01T08:27:50","modified_gmt":"2023-12-01T11:27:50","slug":"big-guap-sera-parte-del-evento-eclipse-3-0-en-lujan","status":"publish","type":"post","link":"https:\/\/noticiasmercedinas.com\/site\/2023\/12\/01\/big-guap-sera-parte-del-evento-eclipse-3-0-en-lujan\/","title":{"rendered":"Big Guap ser\u00e1 parte del evento Eclipse 3.0 en Luj\u00e1n"},"content":{"rendered":"<p><img loading=\"lazy\" decoding=\"async\" class=\"alignnone size-full wp-image-127651\" src=\"https:\/\/noticiasmercedinas.com\/site\/wp-content\/uploads\/2023\/12\/big_guap.jpg\" alt=\"\" width=\"640\" height=\"414\" srcset=\"https:\/\/noticiasmercedinas.com\/site\/wp-content\/uploads\/2023\/12\/big_guap.jpg 640w, https:\/\/noticiasmercedinas.com\/site\/wp-content\/uploads\/2023\/12\/big_guap-300x194.jpg 300w, https:\/\/noticiasmercedinas.com\/site\/wp-content\/uploads\/2023\/12\/big_guap-600x388.jpg 600w\" sizes=\"auto, (max-width: 640px) 100vw, 640px\" \/><\/p>\n<p>El rapero mercedino Big Guap no para de crecer y este 2023 fue un a\u00f1o m\u00e1s de avance en su carrera. Con sus letras en fuertes mensajes, su pasi\u00f3n al hip hop y en su b\u00fasqueda de que lo escuche el mundo entero, en este mes de diciembre ya tiene en agenda un importante show en la vecina ciudad de Luj\u00e1n.<\/p>\n<p>Seg\u00fan se supo, este ser\u00e1 para Big Guap su \u00faltimo show del a\u00f1o. Es as\u00ed que gracias a la invitaci\u00f3n de Wareva Crew ser\u00e1 parte de un evento extraordinario el venidero viernes 15, con car\u00e1cter de festival y locaci\u00f3n en El Flamas, Luj\u00e1n.<\/p>\n<p>\u201cCon un line up so\u00f1ado, vamos a disfrutar de mucho hip hop y despu\u00e9s nos quedamos todos juntos a disfrutar del party\u201d, coment\u00f3 el propio Big Guap sobre este evento cuyas primeras 100 entradas ya est\u00e1n a la venta a solo $1500.<\/p>\n<p>Big Guap se presentar\u00e1 junto a Lego Skillz, Cufa, Mirkins, NMK y 212, en El Flamas, de Luj\u00e1n, el viernes 15 de diciembre.<\/p>\n<p><img loading=\"lazy\" decoding=\"async\" class=\"alignnone size-large wp-image-127650\" src=\"https:\/\/noticiasmercedinas.com\/site\/wp-content\/uploads\/2023\/12\/FLAMAS-692x1024.jpg\" alt=\"\" width=\"640\" height=\"947\" srcset=\"https:\/\/noticiasmercedinas.com\/site\/wp-content\/uploads\/2023\/12\/FLAMAS-692x1024.jpg 692w, https:\/\/noticiasmercedinas.com\/site\/wp-content\/uploads\/2023\/12\/FLAMAS-203x300.jpg 203w, https:\/\/noticiasmercedinas.com\/site\/wp-content\/uploads\/2023\/12\/FLAMAS-768x1136.jpg 768w, https:\/\/noticiasmercedinas.com\/site\/wp-content\/uploads\/2023\/12\/FLAMAS-640x947.jpg 640w, https:\/\/noticiasmercedinas.com\/site\/wp-content\/uploads\/2023\/12\/FLAMAS-681x1007.jpg 681w, https:\/\/noticiasmercedinas.com\/site\/wp-content\/uploads\/2023\/12\/FLAMAS.jpg 899w\" sizes=\"auto, (max-width: 640px) 100vw, 640px\" \/><\/p>\n<p>&nbsp;<\/p>\n<p><iframe loading=\"lazy\" title=\"BIG GUAP -  SESSION LIVE -  LISTEN - 2023 (shot by @federementeria27)\" width=\"640\" height=\"360\" src=\"https:\/\/www.youtube.com\/embed\/KnjNveBSC1g?feature=oembed\" frameborder=\"0\" allow=\"accelerometer; autoplay; clipboard-write; encrypted-media; gyroscope; picture-in-picture; web-share\" referrerpolicy=\"strict-origin-when-cross-origin\" allowfullscreen><\/iframe><\/p>\n","protected":false},"excerpt":{"rendered":"<p>\u25a0 En su \u00faltimo show del a\u00f1oser\u00e1 parte de un evento extraordinario el venidero viernes 15, con car\u00e1cter de festival y locaci\u00f3n en El Flamas, Luj\u00e1n.<\/p>\n","protected":false},"author":16,"featured_media":127651,"comment_status":"closed","ping_status":"closed","sticky":false,"template":"","format":"standard","meta":{"footnotes":""},"categories":[4],"tags":[7804,17670,17671,40],"class_list":["post-127649","post","type-post","status-publish","format-standard","has-post-thumbnail","hentry","category-cultura","tag-big-guap","tag-el-flamas","tag-hiphop","tag-lujan"],"yoast_head":"<!-- This site is optimized with the Yoast SEO plugin v27.5 - https:\/\/yoast.com\/product\/yoast-seo-wordpress\/ -->\n<title>Big Guap ser\u00e1 parte del evento Eclipse 3.0 en Luj\u00e1n<\/title>\n<meta name=\"robots\" content=\"index, follow, max-snippet:-1, max-image-preview:large, max-video-preview:-1\" \/>\n<link rel=\"canonical\" href=\"https:\/\/noticiasmercedinas.com\/site\/2023\/12\/01\/big-guap-sera-parte-del-evento-eclipse-3-0-en-lujan\/\" \/>\n<meta property=\"og:locale\" content=\"es_ES\" \/>\n<meta property=\"og:type\" content=\"article\" \/>\n<meta property=\"og:title\" content=\"Big Guap ser\u00e1 parte del evento Eclipse 3.0 en Luj\u00e1n\" \/>\n<meta property=\"og:description\" content=\"\u25a0 En su \u00faltimo show del a\u00f1oser\u00e1 parte de un evento extraordinario el venidero viernes 15, con car\u00e1cter de festival y locaci\u00f3n en El Flamas, Luj\u00e1n.\" \/>\n<meta property=\"og:url\" content=\"https:\/\/noticiasmercedinas.com\/site\/2023\/12\/01\/big-guap-sera-parte-del-evento-eclipse-3-0-en-lujan\/\" \/>\n<meta property=\"og:site_name\" content=\"NOTICIASMERCEDINAS.COM\" \/>\n<meta property=\"article:publisher\" content=\"https:\/\/www.facebook.com\/noticiasmercedinas\/\" \/>\n<meta property=\"article:published_time\" content=\"2023-12-01T11:27:50+00:00\" \/>\n<meta property=\"og:image\" content=\"https:\/\/noticiasmercedinas.com\/site\/wp-content\/uploads\/2023\/12\/big_guap.jpg\" \/>\n\t<meta property=\"og:image:width\" content=\"640\" \/>\n\t<meta property=\"og:image:height\" content=\"414\" \/>\n\t<meta property=\"og:image:type\" content=\"image\/jpeg\" \/>\n<meta name=\"author\" content=\"NOTICIASMERCEDINAS.COM\" \/>\n<meta name=\"twitter:card\" content=\"summary_large_image\" \/>\n<meta name=\"twitter:creator\" content=\"@notmercedinas\" \/>\n<meta name=\"twitter:site\" content=\"@notmercedinas\" \/>\n<meta name=\"twitter:label1\" content=\"Escrito por\" \/>\n\t<meta name=\"twitter:data1\" content=\"NOTICIASMERCEDINAS.COM\" \/>\n\t<meta name=\"twitter:label2\" content=\"Tiempo de lectura\" \/>\n\t<meta name=\"twitter:data2\" content=\"2 minutos\" \/>\n<script type=\"application\/ld+json\" class=\"yoast-schema-graph\">{\"@context\":\"https:\\\/\\\/schema.org\",\"@graph\":[{\"@type\":\"Article\",\"@id\":\"https:\\\/\\\/noticiasmercedinas.com\\\/site\\\/2023\\\/12\\\/01\\\/big-guap-sera-parte-del-evento-eclipse-3-0-en-lujan\\\/#article\",\"isPartOf\":{\"@id\":\"https:\\\/\\\/noticiasmercedinas.com\\\/site\\\/2023\\\/12\\\/01\\\/big-guap-sera-parte-del-evento-eclipse-3-0-en-lujan\\\/\"},\"author\":{\"name\":\"NOTICIASMERCEDINAS.COM\",\"@id\":\"https:\\\/\\\/noticiasmercedinas.com\\\/site\\\/#\\\/schema\\\/person\\\/84b59c099c28ff2e8b77d4ceec5d8063\"},\"headline\":\"Big Guap ser\u00e1 parte del evento Eclipse 3.0 en Luj\u00e1n\",\"datePublished\":\"2023-12-01T11:27:50+00:00\",\"mainEntityOfPage\":{\"@id\":\"https:\\\/\\\/noticiasmercedinas.com\\\/site\\\/2023\\\/12\\\/01\\\/big-guap-sera-parte-del-evento-eclipse-3-0-en-lujan\\\/\"},\"wordCount\":194,\"publisher\":{\"@id\":\"https:\\\/\\\/noticiasmercedinas.com\\\/site\\\/#organization\"},\"image\":{\"@id\":\"https:\\\/\\\/noticiasmercedinas.com\\\/site\\\/2023\\\/12\\\/01\\\/big-guap-sera-parte-del-evento-eclipse-3-0-en-lujan\\\/#primaryimage\"},\"thumbnailUrl\":\"https:\\\/\\\/noticiasmercedinas.com\\\/site\\\/wp-content\\\/uploads\\\/2023\\\/12\\\/big_guap.jpg\",\"keywords\":[\"Big Guap\",\"el flamas\",\"hip\u00b4hop\",\"lujan\"],\"articleSection\":[\"Cultura\"],\"inLanguage\":\"es\"},{\"@type\":\"WebPage\",\"@id\":\"https:\\\/\\\/noticiasmercedinas.com\\\/site\\\/2023\\\/12\\\/01\\\/big-guap-sera-parte-del-evento-eclipse-3-0-en-lujan\\\/\",\"url\":\"https:\\\/\\\/noticiasmercedinas.com\\\/site\\\/2023\\\/12\\\/01\\\/big-guap-sera-parte-del-evento-eclipse-3-0-en-lujan\\\/\",\"name\":\"Big Guap ser\u00e1 parte del evento Eclipse 3.0 en Luj\u00e1n\",\"isPartOf\":{\"@id\":\"https:\\\/\\\/noticiasmercedinas.com\\\/site\\\/#website\"},\"primaryImageOfPage\":{\"@id\":\"https:\\\/\\\/noticiasmercedinas.com\\\/site\\\/2023\\\/12\\\/01\\\/big-guap-sera-parte-del-evento-eclipse-3-0-en-lujan\\\/#primaryimage\"},\"image\":{\"@id\":\"https:\\\/\\\/noticiasmercedinas.com\\\/site\\\/2023\\\/12\\\/01\\\/big-guap-sera-parte-del-evento-eclipse-3-0-en-lujan\\\/#primaryimage\"},\"thumbnailUrl\":\"https:\\\/\\\/noticiasmercedinas.com\\\/site\\\/wp-content\\\/uploads\\\/2023\\\/12\\\/big_guap.jpg\",\"datePublished\":\"2023-12-01T11:27:50+00:00\",\"breadcrumb\":{\"@id\":\"https:\\\/\\\/noticiasmercedinas.com\\\/site\\\/2023\\\/12\\\/01\\\/big-guap-sera-parte-del-evento-eclipse-3-0-en-lujan\\\/#breadcrumb\"},\"inLanguage\":\"es\",\"potentialAction\":[{\"@type\":\"ReadAction\",\"target\":[\"https:\\\/\\\/noticiasmercedinas.com\\\/site\\\/2023\\\/12\\\/01\\\/big-guap-sera-parte-del-evento-eclipse-3-0-en-lujan\\\/\"]}]},{\"@type\":\"ImageObject\",\"inLanguage\":\"es\",\"@id\":\"https:\\\/\\\/noticiasmercedinas.com\\\/site\\\/2023\\\/12\\\/01\\\/big-guap-sera-parte-del-evento-eclipse-3-0-en-lujan\\\/#primaryimage\",\"url\":\"https:\\\/\\\/noticiasmercedinas.com\\\/site\\\/wp-content\\\/uploads\\\/2023\\\/12\\\/big_guap.jpg\",\"contentUrl\":\"https:\\\/\\\/noticiasmercedinas.com\\\/site\\\/wp-content\\\/uploads\\\/2023\\\/12\\\/big_guap.jpg\",\"width\":640,\"height\":414},{\"@type\":\"BreadcrumbList\",\"@id\":\"https:\\\/\\\/noticiasmercedinas.com\\\/site\\\/2023\\\/12\\\/01\\\/big-guap-sera-parte-del-evento-eclipse-3-0-en-lujan\\\/#breadcrumb\",\"itemListElement\":[{\"@type\":\"ListItem\",\"position\":1,\"name\":\"Portada\",\"item\":\"https:\\\/\\\/noticiasmercedinas.com\\\/site\\\/\"},{\"@type\":\"ListItem\",\"position\":2,\"name\":\"Big Guap ser\u00e1 parte del evento Eclipse 3.0 en Luj\u00e1n\"}]},{\"@type\":\"WebSite\",\"@id\":\"https:\\\/\\\/noticiasmercedinas.com\\\/site\\\/#website\",\"url\":\"https:\\\/\\\/noticiasmercedinas.com\\\/site\\\/\",\"name\":\"NOTICIASMERCEDINAS.COM\",\"description\":\"Mercedes, Buenos Aires, Argentina\",\"publisher\":{\"@id\":\"https:\\\/\\\/noticiasmercedinas.com\\\/site\\\/#organization\"},\"potentialAction\":[{\"@type\":\"SearchAction\",\"target\":{\"@type\":\"EntryPoint\",\"urlTemplate\":\"https:\\\/\\\/noticiasmercedinas.com\\\/site\\\/?s={search_term_string}\"},\"query-input\":{\"@type\":\"PropertyValueSpecification\",\"valueRequired\":true,\"valueName\":\"search_term_string\"}}],\"inLanguage\":\"es\"},{\"@type\":\"Organization\",\"@id\":\"https:\\\/\\\/noticiasmercedinas.com\\\/site\\\/#organization\",\"name\":\"NOTICIASMERCEDINAS.COM\",\"url\":\"https:\\\/\\\/noticiasmercedinas.com\\\/site\\\/\",\"logo\":{\"@type\":\"ImageObject\",\"inLanguage\":\"es\",\"@id\":\"https:\\\/\\\/noticiasmercedinas.com\\\/site\\\/#\\\/schema\\\/logo\\\/image\\\/\",\"url\":\"https:\\\/\\\/noticiasmercedinas.com\\\/site\\\/wp-content\\\/uploads\\\/2020\\\/06\\\/LOGO-512.jpg\",\"contentUrl\":\"https:\\\/\\\/noticiasmercedinas.com\\\/site\\\/wp-content\\\/uploads\\\/2020\\\/06\\\/LOGO-512.jpg\",\"width\":512,\"height\":512,\"caption\":\"NOTICIASMERCEDINAS.COM\"},\"image\":{\"@id\":\"https:\\\/\\\/noticiasmercedinas.com\\\/site\\\/#\\\/schema\\\/logo\\\/image\\\/\"},\"sameAs\":[\"https:\\\/\\\/www.facebook.com\\\/noticiasmercedinas\\\/\",\"https:\\\/\\\/x.com\\\/notmercedinas\",\"https:\\\/\\\/www.instagram.com\\\/noticiasmercedinas\\\/\"]},{\"@type\":\"Person\",\"@id\":\"https:\\\/\\\/noticiasmercedinas.com\\\/site\\\/#\\\/schema\\\/person\\\/84b59c099c28ff2e8b77d4ceec5d8063\",\"name\":\"NOTICIASMERCEDINAS.COM\",\"image\":{\"@type\":\"ImageObject\",\"inLanguage\":\"es\",\"@id\":\"https:\\\/\\\/secure.gravatar.com\\\/avatar\\\/4dfbf16b4d17945bfb6341b2d19043457132fcf478a5ee04f42e959fd8f5df0a?s=96&d=mm&r=g\",\"url\":\"https:\\\/\\\/secure.gravatar.com\\\/avatar\\\/4dfbf16b4d17945bfb6341b2d19043457132fcf478a5ee04f42e959fd8f5df0a?s=96&d=mm&r=g\",\"contentUrl\":\"https:\\\/\\\/secure.gravatar.com\\\/avatar\\\/4dfbf16b4d17945bfb6341b2d19043457132fcf478a5ee04f42e959fd8f5df0a?s=96&d=mm&r=g\",\"caption\":\"NOTICIASMERCEDINAS.COM\"},\"url\":\"https:\\\/\\\/noticiasmercedinas.com\\\/site\\\/author\\\/anonimo\\\/\"}]}<\/script>\n<!-- \/ Yoast SEO plugin. -->","yoast_head_json":{"title":"Big Guap ser\u00e1 parte del evento Eclipse 3.0 en Luj\u00e1n","robots":{"index":"index","follow":"follow","max-snippet":"max-snippet:-1","max-image-preview":"max-image-preview:large","max-video-preview":"max-video-preview:-1"},"canonical":"https:\/\/noticiasmercedinas.com\/site\/2023\/12\/01\/big-guap-sera-parte-del-evento-eclipse-3-0-en-lujan\/","og_locale":"es_ES","og_type":"article","og_title":"Big Guap ser\u00e1 parte del evento Eclipse 3.0 en Luj\u00e1n","og_description":"\u25a0 En su \u00faltimo show del a\u00f1oser\u00e1 parte de un evento extraordinario el venidero viernes 15, con car\u00e1cter de festival y locaci\u00f3n en El Flamas, Luj\u00e1n.","og_url":"https:\/\/noticiasmercedinas.com\/site\/2023\/12\/01\/big-guap-sera-parte-del-evento-eclipse-3-0-en-lujan\/","og_site_name":"NOTICIASMERCEDINAS.COM","article_publisher":"https:\/\/www.facebook.com\/noticiasmercedinas\/","article_published_time":"2023-12-01T11:27:50+00:00","og_image":[{"width":640,"height":414,"url":"https:\/\/noticiasmercedinas.com\/site\/wp-content\/uploads\/2023\/12\/big_guap.jpg","type":"image\/jpeg"}],"author":"NOTICIASMERCEDINAS.COM","twitter_card":"summary_large_image","twitter_creator":"@notmercedinas","twitter_site":"@notmercedinas","twitter_misc":{"Escrito por":"NOTICIASMERCEDINAS.COM","Tiempo de lectura":"2 minutos"},"schema":{"@context":"https:\/\/schema.org","@graph":[{"@type":"Article","@id":"https:\/\/noticiasmercedinas.com\/site\/2023\/12\/01\/big-guap-sera-parte-del-evento-eclipse-3-0-en-lujan\/#article","isPartOf":{"@id":"https:\/\/noticiasmercedinas.com\/site\/2023\/12\/01\/big-guap-sera-parte-del-evento-eclipse-3-0-en-lujan\/"},"author":{"name":"NOTICIASMERCEDINAS.COM","@id":"https:\/\/noticiasmercedinas.com\/site\/#\/schema\/person\/84b59c099c28ff2e8b77d4ceec5d8063"},"headline":"Big Guap ser\u00e1 parte del evento Eclipse 3.0 en Luj\u00e1n","datePublished":"2023-12-01T11:27:50+00:00","mainEntityOfPage":{"@id":"https:\/\/noticiasmercedinas.com\/site\/2023\/12\/01\/big-guap-sera-parte-del-evento-eclipse-3-0-en-lujan\/"},"wordCount":194,"publisher":{"@id":"https:\/\/noticiasmercedinas.com\/site\/#organization"},"image":{"@id":"https:\/\/noticiasmercedinas.com\/site\/2023\/12\/01\/big-guap-sera-parte-del-evento-eclipse-3-0-en-lujan\/#primaryimage"},"thumbnailUrl":"https:\/\/noticiasmercedinas.com\/site\/wp-content\/uploads\/2023\/12\/big_guap.jpg","keywords":["Big Guap","el flamas","hip\u00b4hop","lujan"],"articleSection":["Cultura"],"inLanguage":"es"},{"@type":"WebPage","@id":"https:\/\/noticiasmercedinas.com\/site\/2023\/12\/01\/big-guap-sera-parte-del-evento-eclipse-3-0-en-lujan\/","url":"https:\/\/noticiasmercedinas.com\/site\/2023\/12\/01\/big-guap-sera-parte-del-evento-eclipse-3-0-en-lujan\/","name":"Big Guap ser\u00e1 parte del evento Eclipse 3.0 en Luj\u00e1n","isPartOf":{"@id":"https:\/\/noticiasmercedinas.com\/site\/#website"},"primaryImageOfPage":{"@id":"https:\/\/noticiasmercedinas.com\/site\/2023\/12\/01\/big-guap-sera-parte-del-evento-eclipse-3-0-en-lujan\/#primaryimage"},"image":{"@id":"https:\/\/noticiasmercedinas.com\/site\/2023\/12\/01\/big-guap-sera-parte-del-evento-eclipse-3-0-en-lujan\/#primaryimage"},"thumbnailUrl":"https:\/\/noticiasmercedinas.com\/site\/wp-content\/uploads\/2023\/12\/big_guap.jpg","datePublished":"2023-12-01T11:27:50+00:00","breadcrumb":{"@id":"https:\/\/noticiasmercedinas.com\/site\/2023\/12\/01\/big-guap-sera-parte-del-evento-eclipse-3-0-en-lujan\/#breadcrumb"},"inLanguage":"es","potentialAction":[{"@type":"ReadAction","target":["https:\/\/noticiasmercedinas.com\/site\/2023\/12\/01\/big-guap-sera-parte-del-evento-eclipse-3-0-en-lujan\/"]}]},{"@type":"ImageObject","inLanguage":"es","@id":"https:\/\/noticiasmercedinas.com\/site\/2023\/12\/01\/big-guap-sera-parte-del-evento-eclipse-3-0-en-lujan\/#primaryimage","url":"https:\/\/noticiasmercedinas.com\/site\/wp-content\/uploads\/2023\/12\/big_guap.jpg","contentUrl":"https:\/\/noticiasmercedinas.com\/site\/wp-content\/uploads\/2023\/12\/big_guap.jpg","width":640,"height":414},{"@type":"BreadcrumbList","@id":"https:\/\/noticiasmercedinas.com\/site\/2023\/12\/01\/big-guap-sera-parte-del-evento-eclipse-3-0-en-lujan\/#breadcrumb","itemListElement":[{"@type":"ListItem","position":1,"name":"Portada","item":"https:\/\/noticiasmercedinas.com\/site\/"},{"@type":"ListItem","position":2,"name":"Big Guap ser\u00e1 parte del evento Eclipse 3.0 en Luj\u00e1n"}]},{"@type":"WebSite","@id":"https:\/\/noticiasmercedinas.com\/site\/#website","url":"https:\/\/noticiasmercedinas.com\/site\/","name":"NOTICIASMERCEDINAS.COM","description":"Mercedes, Buenos Aires, Argentina","publisher":{"@id":"https:\/\/noticiasmercedinas.com\/site\/#organization"},"potentialAction":[{"@type":"SearchAction","target":{"@type":"EntryPoint","urlTemplate":"https:\/\/noticiasmercedinas.com\/site\/?s={search_term_string}"},"query-input":{"@type":"PropertyValueSpecification","valueRequired":true,"valueName":"search_term_string"}}],"inLanguage":"es"},{"@type":"Organization","@id":"https:\/\/noticiasmercedinas.com\/site\/#organization","name":"NOTICIASMERCEDINAS.COM","url":"https:\/\/noticiasmercedinas.com\/site\/","logo":{"@type":"ImageObject","inLanguage":"es","@id":"https:\/\/noticiasmercedinas.com\/site\/#\/schema\/logo\/image\/","url":"https:\/\/noticiasmercedinas.com\/site\/wp-content\/uploads\/2020\/06\/LOGO-512.jpg","contentUrl":"https:\/\/noticiasmercedinas.com\/site\/wp-content\/uploads\/2020\/06\/LOGO-512.jpg","width":512,"height":512,"caption":"NOTICIASMERCEDINAS.COM"},"image":{"@id":"https:\/\/noticiasmercedinas.com\/site\/#\/schema\/logo\/image\/"},"sameAs":["https:\/\/www.facebook.com\/noticiasmercedinas\/","https:\/\/x.com\/notmercedinas","https:\/\/www.instagram.com\/noticiasmercedinas\/"]},{"@type":"Person","@id":"https:\/\/noticiasmercedinas.com\/site\/#\/schema\/person\/84b59c099c28ff2e8b77d4ceec5d8063","name":"NOTICIASMERCEDINAS.COM","image":{"@type":"ImageObject","inLanguage":"es","@id":"https:\/\/secure.gravatar.com\/avatar\/4dfbf16b4d17945bfb6341b2d19043457132fcf478a5ee04f42e959fd8f5df0a?s=96&d=mm&r=g","url":"https:\/\/secure.gravatar.com\/avatar\/4dfbf16b4d17945bfb6341b2d19043457132fcf478a5ee04f42e959fd8f5df0a?s=96&d=mm&r=g","contentUrl":"https:\/\/secure.gravatar.com\/avatar\/4dfbf16b4d17945bfb6341b2d19043457132fcf478a5ee04f42e959fd8f5df0a?s=96&d=mm&r=g","caption":"NOTICIASMERCEDINAS.COM"},"url":"https:\/\/noticiasmercedinas.com\/site\/author\/anonimo\/"}]}},"amp_enabled":true,"_links":{"self":[{"href":"https:\/\/noticiasmercedinas.com\/site\/wp-json\/wp\/v2\/posts\/127649","targetHints":{"allow":["GET"]}}],"collection":[{"href":"https:\/\/noticiasmercedinas.com\/site\/wp-json\/wp\/v2\/posts"}],"about":[{"href":"https:\/\/noticiasmercedinas.com\/site\/wp-json\/wp\/v2\/types\/post"}],"author":[{"embeddable":true,"href":"https:\/\/noticiasmercedinas.com\/site\/wp-json\/wp\/v2\/users\/16"}],"replies":[{"embeddable":true,"href":"https:\/\/noticiasmercedinas.com\/site\/wp-json\/wp\/v2\/comments?post=127649"}],"version-history":[{"count":1,"href":"https:\/\/noticiasmercedinas.com\/site\/wp-json\/wp\/v2\/posts\/127649\/revisions"}],"predecessor-version":[{"id":127652,"href":"https:\/\/noticiasmercedinas.com\/site\/wp-json\/wp\/v2\/posts\/127649\/revisions\/127652"}],"wp:featuredmedia":[{"embeddable":true,"href":"https:\/\/noticiasmercedinas.com\/site\/wp-json\/wp\/v2\/media\/127651"}],"wp:attachment":[{"href":"https:\/\/noticiasmercedinas.com\/site\/wp-json\/wp\/v2\/media?parent=127649"}],"wp:term":[{"taxonomy":"category","embeddable":true,"href":"https:\/\/noticiasmercedinas.com\/site\/wp-json\/wp\/v2\/categories?post=127649"},{"taxonomy":"post_tag","embeddable":true,"href":"https:\/\/noticiasmercedinas.com\/site\/wp-json\/wp\/v2\/tags?post=127649"}],"curies":[{"name":"wp","href":"https:\/\/api.w.org\/{rel}","templated":true}]}}