{"id":127828,"date":"2023-12-04T21:19:17","date_gmt":"2023-12-05T00:19:17","guid":{"rendered":"https:\/\/noticiasmercedinas.com\/site\/?p=127828"},"modified":"2023-12-04T21:19:17","modified_gmt":"2023-12-05T00:19:17","slug":"marcelo-suarez-el-panorama-es-muy-malo-para-los-usuarios-viales","status":"publish","type":"post","link":"https:\/\/noticiasmercedinas.com\/site\/2023\/12\/04\/marcelo-suarez-el-panorama-es-muy-malo-para-los-usuarios-viales\/","title":{"rendered":"Marcelo Su\u00e1rez: \u201cEl panorama es muy malo para los usuarios viales\u201d"},"content":{"rendered":"<p><img loading=\"lazy\" decoding=\"async\" class=\"alignnone size-full wp-image-10342\" src=\"https:\/\/noticiasmercedinas.com\/site\/wp-content\/uploads\/2019\/01\/peajes_oliv.jpg\" alt=\"\" width=\"640\" height=\"380\" srcset=\"https:\/\/noticiasmercedinas.com\/site\/wp-content\/uploads\/2019\/01\/peajes_oliv.jpg 640w, https:\/\/noticiasmercedinas.com\/site\/wp-content\/uploads\/2019\/01\/peajes_oliv-300x178.jpg 300w\" sizes=\"auto, (max-width: 640px) 100vw, 640px\" \/><\/p>\n<p>En el marco de nuevos y anunciados aumentos que llevaron la tarifa de peaje en las cabinas de Olivera, sobre la Autopista 5, a 300 pesos para os veh\u00edculos livianos, los usuarios o ven un buen panorama con la inminente reprivatizaci\u00f3n del \u00e1rea de concesiones, m\u00e1s subas y la dificultad para retomar las negociaciones por la tarifa diferencial con descuento para mercedinos con pase frecuente.<\/p>\n<p>Consultado Marcelo Suarez sobre qu\u00e9 opini\u00f3n le merece el peaje a 300 pesos en Olivera y que paso con la reuni\u00f3n que estaba prevista con el jefe comunal de Mercedes para tratar el tema del pase libre o con descuento para vecinos, este indic\u00f3: \u201cEl intendente Juan Ustarroz nos dijo que hay que esperar\u201d.<\/p>\n<blockquote><p>\u00abY esto reci\u00e9n empieza: no hay ni habr\u00e1 pase libre con el gobierno de Milei y Corredores viales se privatiza\u00bb<\/p><\/blockquote>\n<p>\u201cMientras tanto nosotros seguimos pagando. Y esto reci\u00e9n empieza: no hay ni habr\u00e1 pase libre con el gobierno de Milei y Corredores Viales se privatiza\u201d, agreg\u00f3 el referente de usuarios viales de Mercedes.<\/p>\n<p>Y luego de este reciente aumento que exige a los usuarios poner m\u00e1s plata de sus bolsillos para pasar las barreras de ruta 5 en las cabinas de Olivera, Su\u00e1rez apunta que ser\u00e1 mucho m\u00e1s caro a\u00fan circular: \u201cTodo va a ser m\u00e1s caro: la nafta, los peajes. Todo luego de la devaluaci\u00f3n. Ya veremos qu\u00e9 pasa pero mientras no se privatice al menos no va tener m\u00e1s aportes del gobierno. Porque es una empresa que da perdida. Est\u00e1 en d\u00e9ficit y eso que no hace obras ni corta el pasto\u201d, objet\u00f3 Su\u00e1rez.<\/p>\n<p>\u201cEl panorama es muy malo para los usuarios viales\u201d, concluy\u00f3 el vecino.<\/p>\n","protected":false},"excerpt":{"rendered":"<p>\u25a0 El vecino dio su visi\u00f3n sobre lo que se puede venir con el nuevo gobierno. En Olivera la tarifa de peaje lleg\u00f3 a 300 pesos y las negociaciones por pases para mercedinos est\u00e1n en pausa.<\/p>\n","protected":false},"author":16,"featured_media":7455,"comment_status":"closed","ping_status":"closed","sticky":false,"template":"","format":"standard","meta":{"footnotes":""},"categories":[3],"tags":[856,1314,890,1972],"class_list":["post-127828","post","type-post","status-publish","format-standard","has-post-thumbnail","hentry","category-sociedad","tag-aumento","tag-autopista-5","tag-marcelo-suarez","tag-peajes"],"yoast_head":"<!-- This site is optimized with the Yoast SEO plugin v27.4 - https:\/\/yoast.com\/product\/yoast-seo-wordpress\/ -->\n<title>Marcelo Su\u00e1rez: \u201cEl panorama es muy malo para los usuarios viales\u201d<\/title>\n<meta name=\"robots\" content=\"index, follow, max-snippet:-1, max-image-preview:large, max-video-preview:-1\" \/>\n<link rel=\"canonical\" href=\"https:\/\/noticiasmercedinas.com\/site\/2023\/12\/04\/marcelo-suarez-el-panorama-es-muy-malo-para-los-usuarios-viales\/\" \/>\n<meta property=\"og:locale\" content=\"es_ES\" \/>\n<meta property=\"og:type\" content=\"article\" \/>\n<meta property=\"og:title\" content=\"Marcelo Su\u00e1rez: \u201cEl panorama es muy malo para los usuarios viales\u201d\" \/>\n<meta property=\"og:description\" content=\"\u25a0 El vecino dio su visi\u00f3n sobre lo que se puede venir con el nuevo gobierno. En Olivera la tarifa de peaje lleg\u00f3 a 300 pesos y las negociaciones por pases para mercedinos est\u00e1n en pausa.\" \/>\n<meta property=\"og:url\" content=\"https:\/\/noticiasmercedinas.com\/site\/2023\/12\/04\/marcelo-suarez-el-panorama-es-muy-malo-para-los-usuarios-viales\/\" \/>\n<meta property=\"og:site_name\" content=\"NOTICIASMERCEDINAS.COM\" \/>\n<meta property=\"article:publisher\" content=\"https:\/\/www.facebook.com\/noticiasmercedinas\/\" \/>\n<meta property=\"article:published_time\" content=\"2023-12-05T00:19:17+00:00\" \/>\n<meta property=\"og:image\" content=\"https:\/\/noticiasmercedinas.com\/site\/wp-content\/uploads\/2018\/11\/peajes_oliv.jpg\" \/>\n\t<meta property=\"og:image:width\" content=\"640\" \/>\n\t<meta property=\"og:image:height\" content=\"380\" \/>\n\t<meta property=\"og:image:type\" content=\"image\/jpeg\" \/>\n<meta name=\"author\" content=\"NOTICIASMERCEDINAS.COM\" \/>\n<meta name=\"twitter:card\" content=\"summary_large_image\" \/>\n<meta name=\"twitter:creator\" content=\"@notmercedinas\" \/>\n<meta name=\"twitter:site\" content=\"@notmercedinas\" \/>\n<meta name=\"twitter:label1\" content=\"Escrito por\" \/>\n\t<meta name=\"twitter:data1\" content=\"NOTICIASMERCEDINAS.COM\" \/>\n\t<meta name=\"twitter:label2\" content=\"Tiempo de lectura\" \/>\n\t<meta name=\"twitter:data2\" content=\"2 minutos\" \/>\n<script type=\"application\/ld+json\" class=\"yoast-schema-graph\">{\"@context\":\"https:\\\/\\\/schema.org\",\"@graph\":[{\"@type\":\"Article\",\"@id\":\"https:\\\/\\\/noticiasmercedinas.com\\\/site\\\/2023\\\/12\\\/04\\\/marcelo-suarez-el-panorama-es-muy-malo-para-los-usuarios-viales\\\/#article\",\"isPartOf\":{\"@id\":\"https:\\\/\\\/noticiasmercedinas.com\\\/site\\\/2023\\\/12\\\/04\\\/marcelo-suarez-el-panorama-es-muy-malo-para-los-usuarios-viales\\\/\"},\"author\":{\"name\":\"NOTICIASMERCEDINAS.COM\",\"@id\":\"https:\\\/\\\/noticiasmercedinas.com\\\/site\\\/#\\\/schema\\\/person\\\/84b59c099c28ff2e8b77d4ceec5d8063\"},\"headline\":\"Marcelo Su\u00e1rez: \u201cEl panorama es muy malo para los usuarios viales\u201d\",\"datePublished\":\"2023-12-05T00:19:17+00:00\",\"mainEntityOfPage\":{\"@id\":\"https:\\\/\\\/noticiasmercedinas.com\\\/site\\\/2023\\\/12\\\/04\\\/marcelo-suarez-el-panorama-es-muy-malo-para-los-usuarios-viales\\\/\"},\"wordCount\":301,\"publisher\":{\"@id\":\"https:\\\/\\\/noticiasmercedinas.com\\\/site\\\/#organization\"},\"image\":{\"@id\":\"https:\\\/\\\/noticiasmercedinas.com\\\/site\\\/2023\\\/12\\\/04\\\/marcelo-suarez-el-panorama-es-muy-malo-para-los-usuarios-viales\\\/#primaryimage\"},\"thumbnailUrl\":\"https:\\\/\\\/noticiasmercedinas.com\\\/site\\\/wp-content\\\/uploads\\\/2018\\\/11\\\/peajes_oliv.jpg\",\"keywords\":[\"aumento\",\"autopista 5\",\"Marcelo suarez\",\"peajes\"],\"articleSection\":[\"Sociedad\"],\"inLanguage\":\"es\"},{\"@type\":\"WebPage\",\"@id\":\"https:\\\/\\\/noticiasmercedinas.com\\\/site\\\/2023\\\/12\\\/04\\\/marcelo-suarez-el-panorama-es-muy-malo-para-los-usuarios-viales\\\/\",\"url\":\"https:\\\/\\\/noticiasmercedinas.com\\\/site\\\/2023\\\/12\\\/04\\\/marcelo-suarez-el-panorama-es-muy-malo-para-los-usuarios-viales\\\/\",\"name\":\"Marcelo Su\u00e1rez: \u201cEl panorama es muy malo para los usuarios viales\u201d\",\"isPartOf\":{\"@id\":\"https:\\\/\\\/noticiasmercedinas.com\\\/site\\\/#website\"},\"primaryImageOfPage\":{\"@id\":\"https:\\\/\\\/noticiasmercedinas.com\\\/site\\\/2023\\\/12\\\/04\\\/marcelo-suarez-el-panorama-es-muy-malo-para-los-usuarios-viales\\\/#primaryimage\"},\"image\":{\"@id\":\"https:\\\/\\\/noticiasmercedinas.com\\\/site\\\/2023\\\/12\\\/04\\\/marcelo-suarez-el-panorama-es-muy-malo-para-los-usuarios-viales\\\/#primaryimage\"},\"thumbnailUrl\":\"https:\\\/\\\/noticiasmercedinas.com\\\/site\\\/wp-content\\\/uploads\\\/2018\\\/11\\\/peajes_oliv.jpg\",\"datePublished\":\"2023-12-05T00:19:17+00:00\",\"breadcrumb\":{\"@id\":\"https:\\\/\\\/noticiasmercedinas.com\\\/site\\\/2023\\\/12\\\/04\\\/marcelo-suarez-el-panorama-es-muy-malo-para-los-usuarios-viales\\\/#breadcrumb\"},\"inLanguage\":\"es\",\"potentialAction\":[{\"@type\":\"ReadAction\",\"target\":[\"https:\\\/\\\/noticiasmercedinas.com\\\/site\\\/2023\\\/12\\\/04\\\/marcelo-suarez-el-panorama-es-muy-malo-para-los-usuarios-viales\\\/\"]}]},{\"@type\":\"ImageObject\",\"inLanguage\":\"es\",\"@id\":\"https:\\\/\\\/noticiasmercedinas.com\\\/site\\\/2023\\\/12\\\/04\\\/marcelo-suarez-el-panorama-es-muy-malo-para-los-usuarios-viales\\\/#primaryimage\",\"url\":\"https:\\\/\\\/noticiasmercedinas.com\\\/site\\\/wp-content\\\/uploads\\\/2018\\\/11\\\/peajes_oliv.jpg\",\"contentUrl\":\"https:\\\/\\\/noticiasmercedinas.com\\\/site\\\/wp-content\\\/uploads\\\/2018\\\/11\\\/peajes_oliv.jpg\",\"width\":640,\"height\":380},{\"@type\":\"BreadcrumbList\",\"@id\":\"https:\\\/\\\/noticiasmercedinas.com\\\/site\\\/2023\\\/12\\\/04\\\/marcelo-suarez-el-panorama-es-muy-malo-para-los-usuarios-viales\\\/#breadcrumb\",\"itemListElement\":[{\"@type\":\"ListItem\",\"position\":1,\"name\":\"Portada\",\"item\":\"https:\\\/\\\/noticiasmercedinas.com\\\/site\\\/\"},{\"@type\":\"ListItem\",\"position\":2,\"name\":\"Marcelo Su\u00e1rez: \u201cEl panorama es muy malo para los usuarios viales\u201d\"}]},{\"@type\":\"WebSite\",\"@id\":\"https:\\\/\\\/noticiasmercedinas.com\\\/site\\\/#website\",\"url\":\"https:\\\/\\\/noticiasmercedinas.com\\\/site\\\/\",\"name\":\"NOTICIASMERCEDINAS.COM\",\"description\":\"Mercedes, Buenos Aires, Argentina\",\"publisher\":{\"@id\":\"https:\\\/\\\/noticiasmercedinas.com\\\/site\\\/#organization\"},\"potentialAction\":[{\"@type\":\"SearchAction\",\"target\":{\"@type\":\"EntryPoint\",\"urlTemplate\":\"https:\\\/\\\/noticiasmercedinas.com\\\/site\\\/?s={search_term_string}\"},\"query-input\":{\"@type\":\"PropertyValueSpecification\",\"valueRequired\":true,\"valueName\":\"search_term_string\"}}],\"inLanguage\":\"es\"},{\"@type\":\"Organization\",\"@id\":\"https:\\\/\\\/noticiasmercedinas.com\\\/site\\\/#organization\",\"name\":\"NOTICIASMERCEDINAS.COM\",\"url\":\"https:\\\/\\\/noticiasmercedinas.com\\\/site\\\/\",\"logo\":{\"@type\":\"ImageObject\",\"inLanguage\":\"es\",\"@id\":\"https:\\\/\\\/noticiasmercedinas.com\\\/site\\\/#\\\/schema\\\/logo\\\/image\\\/\",\"url\":\"https:\\\/\\\/noticiasmercedinas.com\\\/site\\\/wp-content\\\/uploads\\\/2020\\\/06\\\/LOGO-512.jpg\",\"contentUrl\":\"https:\\\/\\\/noticiasmercedinas.com\\\/site\\\/wp-content\\\/uploads\\\/2020\\\/06\\\/LOGO-512.jpg\",\"width\":512,\"height\":512,\"caption\":\"NOTICIASMERCEDINAS.COM\"},\"image\":{\"@id\":\"https:\\\/\\\/noticiasmercedinas.com\\\/site\\\/#\\\/schema\\\/logo\\\/image\\\/\"},\"sameAs\":[\"https:\\\/\\\/www.facebook.com\\\/noticiasmercedinas\\\/\",\"https:\\\/\\\/x.com\\\/notmercedinas\",\"https:\\\/\\\/www.instagram.com\\\/noticiasmercedinas\\\/\"]},{\"@type\":\"Person\",\"@id\":\"https:\\\/\\\/noticiasmercedinas.com\\\/site\\\/#\\\/schema\\\/person\\\/84b59c099c28ff2e8b77d4ceec5d8063\",\"name\":\"NOTICIASMERCEDINAS.COM\",\"image\":{\"@type\":\"ImageObject\",\"inLanguage\":\"es\",\"@id\":\"https:\\\/\\\/secure.gravatar.com\\\/avatar\\\/4dfbf16b4d17945bfb6341b2d19043457132fcf478a5ee04f42e959fd8f5df0a?s=96&d=mm&r=g\",\"url\":\"https:\\\/\\\/secure.gravatar.com\\\/avatar\\\/4dfbf16b4d17945bfb6341b2d19043457132fcf478a5ee04f42e959fd8f5df0a?s=96&d=mm&r=g\",\"contentUrl\":\"https:\\\/\\\/secure.gravatar.com\\\/avatar\\\/4dfbf16b4d17945bfb6341b2d19043457132fcf478a5ee04f42e959fd8f5df0a?s=96&d=mm&r=g\",\"caption\":\"NOTICIASMERCEDINAS.COM\"},\"url\":\"https:\\\/\\\/noticiasmercedinas.com\\\/site\\\/author\\\/anonimo\\\/\"}]}<\/script>\n<!-- \/ Yoast SEO plugin. -->","yoast_head_json":{"title":"Marcelo Su\u00e1rez: \u201cEl panorama es muy malo para los usuarios viales\u201d","robots":{"index":"index","follow":"follow","max-snippet":"max-snippet:-1","max-image-preview":"max-image-preview:large","max-video-preview":"max-video-preview:-1"},"canonical":"https:\/\/noticiasmercedinas.com\/site\/2023\/12\/04\/marcelo-suarez-el-panorama-es-muy-malo-para-los-usuarios-viales\/","og_locale":"es_ES","og_type":"article","og_title":"Marcelo Su\u00e1rez: \u201cEl panorama es muy malo para los usuarios viales\u201d","og_description":"\u25a0 El vecino dio su visi\u00f3n sobre lo que se puede venir con el nuevo gobierno. En Olivera la tarifa de peaje lleg\u00f3 a 300 pesos y las negociaciones por pases para mercedinos est\u00e1n en pausa.","og_url":"https:\/\/noticiasmercedinas.com\/site\/2023\/12\/04\/marcelo-suarez-el-panorama-es-muy-malo-para-los-usuarios-viales\/","og_site_name":"NOTICIASMERCEDINAS.COM","article_publisher":"https:\/\/www.facebook.com\/noticiasmercedinas\/","article_published_time":"2023-12-05T00:19:17+00:00","og_image":[{"width":640,"height":380,"url":"https:\/\/noticiasmercedinas.com\/site\/wp-content\/uploads\/2018\/11\/peajes_oliv.jpg","type":"image\/jpeg"}],"author":"NOTICIASMERCEDINAS.COM","twitter_card":"summary_large_image","twitter_creator":"@notmercedinas","twitter_site":"@notmercedinas","twitter_misc":{"Escrito por":"NOTICIASMERCEDINAS.COM","Tiempo de lectura":"2 minutos"},"schema":{"@context":"https:\/\/schema.org","@graph":[{"@type":"Article","@id":"https:\/\/noticiasmercedinas.com\/site\/2023\/12\/04\/marcelo-suarez-el-panorama-es-muy-malo-para-los-usuarios-viales\/#article","isPartOf":{"@id":"https:\/\/noticiasmercedinas.com\/site\/2023\/12\/04\/marcelo-suarez-el-panorama-es-muy-malo-para-los-usuarios-viales\/"},"author":{"name":"NOTICIASMERCEDINAS.COM","@id":"https:\/\/noticiasmercedinas.com\/site\/#\/schema\/person\/84b59c099c28ff2e8b77d4ceec5d8063"},"headline":"Marcelo Su\u00e1rez: \u201cEl panorama es muy malo para los usuarios viales\u201d","datePublished":"2023-12-05T00:19:17+00:00","mainEntityOfPage":{"@id":"https:\/\/noticiasmercedinas.com\/site\/2023\/12\/04\/marcelo-suarez-el-panorama-es-muy-malo-para-los-usuarios-viales\/"},"wordCount":301,"publisher":{"@id":"https:\/\/noticiasmercedinas.com\/site\/#organization"},"image":{"@id":"https:\/\/noticiasmercedinas.com\/site\/2023\/12\/04\/marcelo-suarez-el-panorama-es-muy-malo-para-los-usuarios-viales\/#primaryimage"},"thumbnailUrl":"https:\/\/noticiasmercedinas.com\/site\/wp-content\/uploads\/2018\/11\/peajes_oliv.jpg","keywords":["aumento","autopista 5","Marcelo suarez","peajes"],"articleSection":["Sociedad"],"inLanguage":"es"},{"@type":"WebPage","@id":"https:\/\/noticiasmercedinas.com\/site\/2023\/12\/04\/marcelo-suarez-el-panorama-es-muy-malo-para-los-usuarios-viales\/","url":"https:\/\/noticiasmercedinas.com\/site\/2023\/12\/04\/marcelo-suarez-el-panorama-es-muy-malo-para-los-usuarios-viales\/","name":"Marcelo Su\u00e1rez: \u201cEl panorama es muy malo para los usuarios viales\u201d","isPartOf":{"@id":"https:\/\/noticiasmercedinas.com\/site\/#website"},"primaryImageOfPage":{"@id":"https:\/\/noticiasmercedinas.com\/site\/2023\/12\/04\/marcelo-suarez-el-panorama-es-muy-malo-para-los-usuarios-viales\/#primaryimage"},"image":{"@id":"https:\/\/noticiasmercedinas.com\/site\/2023\/12\/04\/marcelo-suarez-el-panorama-es-muy-malo-para-los-usuarios-viales\/#primaryimage"},"thumbnailUrl":"https:\/\/noticiasmercedinas.com\/site\/wp-content\/uploads\/2018\/11\/peajes_oliv.jpg","datePublished":"2023-12-05T00:19:17+00:00","breadcrumb":{"@id":"https:\/\/noticiasmercedinas.com\/site\/2023\/12\/04\/marcelo-suarez-el-panorama-es-muy-malo-para-los-usuarios-viales\/#breadcrumb"},"inLanguage":"es","potentialAction":[{"@type":"ReadAction","target":["https:\/\/noticiasmercedinas.com\/site\/2023\/12\/04\/marcelo-suarez-el-panorama-es-muy-malo-para-los-usuarios-viales\/"]}]},{"@type":"ImageObject","inLanguage":"es","@id":"https:\/\/noticiasmercedinas.com\/site\/2023\/12\/04\/marcelo-suarez-el-panorama-es-muy-malo-para-los-usuarios-viales\/#primaryimage","url":"https:\/\/noticiasmercedinas.com\/site\/wp-content\/uploads\/2018\/11\/peajes_oliv.jpg","contentUrl":"https:\/\/noticiasmercedinas.com\/site\/wp-content\/uploads\/2018\/11\/peajes_oliv.jpg","width":640,"height":380},{"@type":"BreadcrumbList","@id":"https:\/\/noticiasmercedinas.com\/site\/2023\/12\/04\/marcelo-suarez-el-panorama-es-muy-malo-para-los-usuarios-viales\/#breadcrumb","itemListElement":[{"@type":"ListItem","position":1,"name":"Portada","item":"https:\/\/noticiasmercedinas.com\/site\/"},{"@type":"ListItem","position":2,"name":"Marcelo Su\u00e1rez: \u201cEl panorama es muy malo para los usuarios viales\u201d"}]},{"@type":"WebSite","@id":"https:\/\/noticiasmercedinas.com\/site\/#website","url":"https:\/\/noticiasmercedinas.com\/site\/","name":"NOTICIASMERCEDINAS.COM","description":"Mercedes, Buenos Aires, Argentina","publisher":{"@id":"https:\/\/noticiasmercedinas.com\/site\/#organization"},"potentialAction":[{"@type":"SearchAction","target":{"@type":"EntryPoint","urlTemplate":"https:\/\/noticiasmercedinas.com\/site\/?s={search_term_string}"},"query-input":{"@type":"PropertyValueSpecification","valueRequired":true,"valueName":"search_term_string"}}],"inLanguage":"es"},{"@type":"Organization","@id":"https:\/\/noticiasmercedinas.com\/site\/#organization","name":"NOTICIASMERCEDINAS.COM","url":"https:\/\/noticiasmercedinas.com\/site\/","logo":{"@type":"ImageObject","inLanguage":"es","@id":"https:\/\/noticiasmercedinas.com\/site\/#\/schema\/logo\/image\/","url":"https:\/\/noticiasmercedinas.com\/site\/wp-content\/uploads\/2020\/06\/LOGO-512.jpg","contentUrl":"https:\/\/noticiasmercedinas.com\/site\/wp-content\/uploads\/2020\/06\/LOGO-512.jpg","width":512,"height":512,"caption":"NOTICIASMERCEDINAS.COM"},"image":{"@id":"https:\/\/noticiasmercedinas.com\/site\/#\/schema\/logo\/image\/"},"sameAs":["https:\/\/www.facebook.com\/noticiasmercedinas\/","https:\/\/x.com\/notmercedinas","https:\/\/www.instagram.com\/noticiasmercedinas\/"]},{"@type":"Person","@id":"https:\/\/noticiasmercedinas.com\/site\/#\/schema\/person\/84b59c099c28ff2e8b77d4ceec5d8063","name":"NOTICIASMERCEDINAS.COM","image":{"@type":"ImageObject","inLanguage":"es","@id":"https:\/\/secure.gravatar.com\/avatar\/4dfbf16b4d17945bfb6341b2d19043457132fcf478a5ee04f42e959fd8f5df0a?s=96&d=mm&r=g","url":"https:\/\/secure.gravatar.com\/avatar\/4dfbf16b4d17945bfb6341b2d19043457132fcf478a5ee04f42e959fd8f5df0a?s=96&d=mm&r=g","contentUrl":"https:\/\/secure.gravatar.com\/avatar\/4dfbf16b4d17945bfb6341b2d19043457132fcf478a5ee04f42e959fd8f5df0a?s=96&d=mm&r=g","caption":"NOTICIASMERCEDINAS.COM"},"url":"https:\/\/noticiasmercedinas.com\/site\/author\/anonimo\/"}]}},"amp_enabled":true,"_links":{"self":[{"href":"https:\/\/noticiasmercedinas.com\/site\/wp-json\/wp\/v2\/posts\/127828","targetHints":{"allow":["GET"]}}],"collection":[{"href":"https:\/\/noticiasmercedinas.com\/site\/wp-json\/wp\/v2\/posts"}],"about":[{"href":"https:\/\/noticiasmercedinas.com\/site\/wp-json\/wp\/v2\/types\/post"}],"author":[{"embeddable":true,"href":"https:\/\/noticiasmercedinas.com\/site\/wp-json\/wp\/v2\/users\/16"}],"replies":[{"embeddable":true,"href":"https:\/\/noticiasmercedinas.com\/site\/wp-json\/wp\/v2\/comments?post=127828"}],"version-history":[{"count":1,"href":"https:\/\/noticiasmercedinas.com\/site\/wp-json\/wp\/v2\/posts\/127828\/revisions"}],"predecessor-version":[{"id":127829,"href":"https:\/\/noticiasmercedinas.com\/site\/wp-json\/wp\/v2\/posts\/127828\/revisions\/127829"}],"wp:featuredmedia":[{"embeddable":true,"href":"https:\/\/noticiasmercedinas.com\/site\/wp-json\/wp\/v2\/media\/7455"}],"wp:attachment":[{"href":"https:\/\/noticiasmercedinas.com\/site\/wp-json\/wp\/v2\/media?parent=127828"}],"wp:term":[{"taxonomy":"category","embeddable":true,"href":"https:\/\/noticiasmercedinas.com\/site\/wp-json\/wp\/v2\/categories?post=127828"},{"taxonomy":"post_tag","embeddable":true,"href":"https:\/\/noticiasmercedinas.com\/site\/wp-json\/wp\/v2\/tags?post=127828"}],"curies":[{"name":"wp","href":"https:\/\/api.w.org\/{rel}","templated":true}]}}