{"id":127884,"date":"2023-12-05T22:32:33","date_gmt":"2023-12-06T01:32:33","guid":{"rendered":"https:\/\/noticiasmercedinas.com\/site\/?p=127884"},"modified":"2023-12-05T22:32:33","modified_gmt":"2023-12-06T01:32:33","slug":"gaston-vigo-un-atleta-mercedino-triunfante-que-conquista-el-cruce-en-bariloche","status":"publish","type":"post","link":"https:\/\/noticiasmercedinas.com\/site\/2023\/12\/05\/gaston-vigo-un-atleta-mercedino-triunfante-que-conquista-el-cruce-en-bariloche\/","title":{"rendered":"Gast\u00f3n Vigo, un atleta mercedino triunfante que conquista \u00abEl Cruce\u00bb en Bariloche"},"content":{"rendered":"<p><img loading=\"lazy\" decoding=\"async\" class=\"alignnone size-full wp-image-127886\" src=\"https:\/\/noticiasmercedinas.com\/site\/wp-content\/uploads\/2023\/12\/3364c2ac-3247-472d-921f-e50692195885.jpeg\" alt=\"\" width=\"1024\" height=\"682\" srcset=\"https:\/\/noticiasmercedinas.com\/site\/wp-content\/uploads\/2023\/12\/3364c2ac-3247-472d-921f-e50692195885.jpeg 1024w, https:\/\/noticiasmercedinas.com\/site\/wp-content\/uploads\/2023\/12\/3364c2ac-3247-472d-921f-e50692195885-300x200.jpeg 300w, https:\/\/noticiasmercedinas.com\/site\/wp-content\/uploads\/2023\/12\/3364c2ac-3247-472d-921f-e50692195885-768x512.jpeg 768w, https:\/\/noticiasmercedinas.com\/site\/wp-content\/uploads\/2023\/12\/3364c2ac-3247-472d-921f-e50692195885-640x426.jpeg 640w, https:\/\/noticiasmercedinas.com\/site\/wp-content\/uploads\/2023\/12\/3364c2ac-3247-472d-921f-e50692195885-681x454.jpeg 681w\" sizes=\"auto, (max-width: 1024px) 100vw, 1024px\" \/><\/p>\n<p>En una haza\u00f1a impresionante, Gast\u00f3n Vigo, atleta mercedino, brill\u00f3 en la reciente edici\u00f3n del desafiante evento \u00abEl Cruce 2023\u00bb. La competencia, que abarca tres d\u00edas y recorre 100 km a lo largo de los escenarios m\u00e1s imponentes de la Patagonia, atrajo a corredores de todo el mundo.<\/p>\n<p>En medio de monta\u00f1as, volcanes, bosques y valles, y un paisaje paradis\u00edaco, los participantes enfrentaron condiciones clim\u00e1ticas diversas, desde un espl\u00e9ndido sol hasta desafiantes episodios de fr\u00edo, nieve y vientos intensos.<\/p>\n<p><img loading=\"lazy\" decoding=\"async\" class=\"alignnone size-full wp-image-127887\" src=\"https:\/\/noticiasmercedinas.com\/site\/wp-content\/uploads\/2023\/12\/60ae2f68-2f4d-4f05-b621-957457079492.jpeg\" alt=\"\" width=\"683\" height=\"1024\" srcset=\"https:\/\/noticiasmercedinas.com\/site\/wp-content\/uploads\/2023\/12\/60ae2f68-2f4d-4f05-b621-957457079492.jpeg 683w, https:\/\/noticiasmercedinas.com\/site\/wp-content\/uploads\/2023\/12\/60ae2f68-2f4d-4f05-b621-957457079492-200x300.jpeg 200w, https:\/\/noticiasmercedinas.com\/site\/wp-content\/uploads\/2023\/12\/60ae2f68-2f4d-4f05-b621-957457079492-640x960.jpeg 640w, https:\/\/noticiasmercedinas.com\/site\/wp-content\/uploads\/2023\/12\/60ae2f68-2f4d-4f05-b621-957457079492-681x1021.jpeg 681w\" sizes=\"auto, (max-width: 683px) 100vw, 683px\" \/><\/p>\n<p>Gast\u00f3n Vigo, a pesar de provenir de terrenos llanos, demostr\u00f3 su destreza y resistencia al correr por cuarta vez consecutiva, integrando el grupo 2.<\/p>\n<p>Con un tiempo total de 11,03 horas en las tres etapas, Vigo no solo se alz\u00f3 con el primer lugar en la categor\u00eda 40-44 a\u00f1os sino que tambi\u00e9n asegur\u00f3 la s\u00e9ptima posici\u00f3n en la clasificaci\u00f3n general, superando a 1140 corredores valientes. Su proeza incluy\u00f3 enfrentar un desnivel positivo de 1500 metros por d\u00eda, resaltando la exigencia f\u00edsica \u00fanica de esta carrera de Trail de monta\u00f1a.<\/p>\n<p><img loading=\"lazy\" decoding=\"async\" class=\"alignnone size-full wp-image-127888\" src=\"https:\/\/noticiasmercedinas.com\/site\/wp-content\/uploads\/2023\/12\/a7c32668-c341-4c8f-bb4a-6804f973a5ef.jpeg\" alt=\"\" width=\"1024\" height=\"682\" srcset=\"https:\/\/noticiasmercedinas.com\/site\/wp-content\/uploads\/2023\/12\/a7c32668-c341-4c8f-bb4a-6804f973a5ef.jpeg 1024w, https:\/\/noticiasmercedinas.com\/site\/wp-content\/uploads\/2023\/12\/a7c32668-c341-4c8f-bb4a-6804f973a5ef-300x200.jpeg 300w, https:\/\/noticiasmercedinas.com\/site\/wp-content\/uploads\/2023\/12\/a7c32668-c341-4c8f-bb4a-6804f973a5ef-768x512.jpeg 768w, https:\/\/noticiasmercedinas.com\/site\/wp-content\/uploads\/2023\/12\/a7c32668-c341-4c8f-bb4a-6804f973a5ef-640x426.jpeg 640w, https:\/\/noticiasmercedinas.com\/site\/wp-content\/uploads\/2023\/12\/a7c32668-c341-4c8f-bb4a-6804f973a5ef-681x454.jpeg 681w\" sizes=\"auto, (max-width: 1024px) 100vw, 1024px\" \/><\/p>\n<p>Gast\u00f3n Vigo se convierte as\u00ed en un referente destacado, demostrando que la perseverancia y el entrenamiento intenso pueden superar los desaf\u00edos m\u00e1s imponentes de \u00abEl Cruce\u00bb.<\/p>\n<p>Adem\u00e1s, lo que es m\u00e1s importante, cumpli\u00f3 con este desaf\u00edo en compa\u00f1\u00eda de sus seres queridos como son su esposa y su hijo, quienes lo acompa\u00f1aron sin dudar al sur para conquistar este logro y ser parte de esta aventura deportiva y de un momento trascendente e inolvidable.<\/p>\n<p><img loading=\"lazy\" decoding=\"async\" class=\"alignnone size-full wp-image-127885\" src=\"https:\/\/noticiasmercedinas.com\/site\/wp-content\/uploads\/2023\/12\/VIGO.jpeg\" alt=\"\" width=\"1024\" height=\"683\" srcset=\"https:\/\/noticiasmercedinas.com\/site\/wp-content\/uploads\/2023\/12\/VIGO.jpeg 1024w, https:\/\/noticiasmercedinas.com\/site\/wp-content\/uploads\/2023\/12\/VIGO-300x200.jpeg 300w, https:\/\/noticiasmercedinas.com\/site\/wp-content\/uploads\/2023\/12\/VIGO-768x512.jpeg 768w, https:\/\/noticiasmercedinas.com\/site\/wp-content\/uploads\/2023\/12\/VIGO-640x427.jpeg 640w, https:\/\/noticiasmercedinas.com\/site\/wp-content\/uploads\/2023\/12\/VIGO-681x454.jpeg 681w\" sizes=\"auto, (max-width: 1024px) 100vw, 1024px\" \/><\/p>\n","protected":false},"excerpt":{"rendered":"<p>\u25a0 No solo se alz\u00f3 con el primer lugar en la categor\u00eda 40-44 a\u00f1os sino que tambi\u00e9n asegur\u00f3 la s\u00e9ptima posici\u00f3n en la clasificaci\u00f3n general, superando a 1140 corredores valientes<\/p>\n","protected":false},"author":16,"featured_media":127886,"comment_status":"closed","ping_status":"closed","sticky":false,"template":"","format":"standard","meta":{"footnotes":""},"categories":[5],"tags":[329,6469,17696,3009],"class_list":["post-127884","post","type-post","status-publish","format-standard","has-post-thumbnail","hentry","category-deportes","tag-atletismo","tag-bariloche","tag-el-cruce","tag-gaston-vigo"],"yoast_head":"<!-- This site is optimized with the Yoast SEO plugin v27.5 - https:\/\/yoast.com\/product\/yoast-seo-wordpress\/ -->\n<title>Gast\u00f3n Vigo, un atleta mercedino triunfante que conquista &quot;El Cruce&quot; en Bariloche<\/title>\n<meta name=\"robots\" content=\"index, follow, max-snippet:-1, max-image-preview:large, max-video-preview:-1\" \/>\n<link rel=\"canonical\" href=\"https:\/\/noticiasmercedinas.com\/site\/2023\/12\/05\/gaston-vigo-un-atleta-mercedino-triunfante-que-conquista-el-cruce-en-bariloche\/\" \/>\n<meta property=\"og:locale\" content=\"es_ES\" \/>\n<meta property=\"og:type\" content=\"article\" \/>\n<meta property=\"og:title\" content=\"Gast\u00f3n Vigo, un atleta mercedino triunfante que conquista &quot;El Cruce&quot; en Bariloche\" \/>\n<meta property=\"og:description\" content=\"\u25a0 No solo se alz\u00f3 con el primer lugar en la categor\u00eda 40-44 a\u00f1os sino que tambi\u00e9n asegur\u00f3 la s\u00e9ptima posici\u00f3n en la clasificaci\u00f3n general, superando a 1140 corredores valientes\" \/>\n<meta property=\"og:url\" content=\"https:\/\/noticiasmercedinas.com\/site\/2023\/12\/05\/gaston-vigo-un-atleta-mercedino-triunfante-que-conquista-el-cruce-en-bariloche\/\" \/>\n<meta property=\"og:site_name\" content=\"NOTICIASMERCEDINAS.COM\" \/>\n<meta property=\"article:publisher\" content=\"https:\/\/www.facebook.com\/noticiasmercedinas\/\" \/>\n<meta property=\"article:published_time\" content=\"2023-12-06T01:32:33+00:00\" \/>\n<meta property=\"og:image\" content=\"https:\/\/noticiasmercedinas.com\/site\/wp-content\/uploads\/2023\/12\/3364c2ac-3247-472d-921f-e50692195885.jpeg\" \/>\n\t<meta property=\"og:image:width\" content=\"1024\" \/>\n\t<meta property=\"og:image:height\" content=\"682\" \/>\n\t<meta property=\"og:image:type\" content=\"image\/jpeg\" \/>\n<meta name=\"author\" content=\"NOTICIASMERCEDINAS.COM\" \/>\n<meta name=\"twitter:card\" content=\"summary_large_image\" \/>\n<meta name=\"twitter:creator\" content=\"@notmercedinas\" \/>\n<meta name=\"twitter:site\" content=\"@notmercedinas\" \/>\n<meta name=\"twitter:label1\" content=\"Escrito por\" \/>\n\t<meta name=\"twitter:data1\" content=\"NOTICIASMERCEDINAS.COM\" \/>\n\t<meta name=\"twitter:label2\" content=\"Tiempo de lectura\" \/>\n\t<meta name=\"twitter:data2\" content=\"2 minutos\" \/>\n<script type=\"application\/ld+json\" class=\"yoast-schema-graph\">{\"@context\":\"https:\\\/\\\/schema.org\",\"@graph\":[{\"@type\":\"Article\",\"@id\":\"https:\\\/\\\/noticiasmercedinas.com\\\/site\\\/2023\\\/12\\\/05\\\/gaston-vigo-un-atleta-mercedino-triunfante-que-conquista-el-cruce-en-bariloche\\\/#article\",\"isPartOf\":{\"@id\":\"https:\\\/\\\/noticiasmercedinas.com\\\/site\\\/2023\\\/12\\\/05\\\/gaston-vigo-un-atleta-mercedino-triunfante-que-conquista-el-cruce-en-bariloche\\\/\"},\"author\":{\"name\":\"NOTICIASMERCEDINAS.COM\",\"@id\":\"https:\\\/\\\/noticiasmercedinas.com\\\/site\\\/#\\\/schema\\\/person\\\/84b59c099c28ff2e8b77d4ceec5d8063\"},\"headline\":\"Gast\u00f3n Vigo, un atleta mercedino triunfante que conquista \u00abEl Cruce\u00bb en Bariloche\",\"datePublished\":\"2023-12-06T01:32:33+00:00\",\"mainEntityOfPage\":{\"@id\":\"https:\\\/\\\/noticiasmercedinas.com\\\/site\\\/2023\\\/12\\\/05\\\/gaston-vigo-un-atleta-mercedino-triunfante-que-conquista-el-cruce-en-bariloche\\\/\"},\"wordCount\":276,\"publisher\":{\"@id\":\"https:\\\/\\\/noticiasmercedinas.com\\\/site\\\/#organization\"},\"image\":{\"@id\":\"https:\\\/\\\/noticiasmercedinas.com\\\/site\\\/2023\\\/12\\\/05\\\/gaston-vigo-un-atleta-mercedino-triunfante-que-conquista-el-cruce-en-bariloche\\\/#primaryimage\"},\"thumbnailUrl\":\"https:\\\/\\\/noticiasmercedinas.com\\\/site\\\/wp-content\\\/uploads\\\/2023\\\/12\\\/3364c2ac-3247-472d-921f-e50692195885.jpeg\",\"keywords\":[\"atletismo\",\"Bariloche\",\"el cruce\",\"gaston vigo\"],\"articleSection\":[\"Deportes\"],\"inLanguage\":\"es\"},{\"@type\":\"WebPage\",\"@id\":\"https:\\\/\\\/noticiasmercedinas.com\\\/site\\\/2023\\\/12\\\/05\\\/gaston-vigo-un-atleta-mercedino-triunfante-que-conquista-el-cruce-en-bariloche\\\/\",\"url\":\"https:\\\/\\\/noticiasmercedinas.com\\\/site\\\/2023\\\/12\\\/05\\\/gaston-vigo-un-atleta-mercedino-triunfante-que-conquista-el-cruce-en-bariloche\\\/\",\"name\":\"Gast\u00f3n Vigo, un atleta mercedino triunfante que conquista \\\"El Cruce\\\" en Bariloche\",\"isPartOf\":{\"@id\":\"https:\\\/\\\/noticiasmercedinas.com\\\/site\\\/#website\"},\"primaryImageOfPage\":{\"@id\":\"https:\\\/\\\/noticiasmercedinas.com\\\/site\\\/2023\\\/12\\\/05\\\/gaston-vigo-un-atleta-mercedino-triunfante-que-conquista-el-cruce-en-bariloche\\\/#primaryimage\"},\"image\":{\"@id\":\"https:\\\/\\\/noticiasmercedinas.com\\\/site\\\/2023\\\/12\\\/05\\\/gaston-vigo-un-atleta-mercedino-triunfante-que-conquista-el-cruce-en-bariloche\\\/#primaryimage\"},\"thumbnailUrl\":\"https:\\\/\\\/noticiasmercedinas.com\\\/site\\\/wp-content\\\/uploads\\\/2023\\\/12\\\/3364c2ac-3247-472d-921f-e50692195885.jpeg\",\"datePublished\":\"2023-12-06T01:32:33+00:00\",\"breadcrumb\":{\"@id\":\"https:\\\/\\\/noticiasmercedinas.com\\\/site\\\/2023\\\/12\\\/05\\\/gaston-vigo-un-atleta-mercedino-triunfante-que-conquista-el-cruce-en-bariloche\\\/#breadcrumb\"},\"inLanguage\":\"es\",\"potentialAction\":[{\"@type\":\"ReadAction\",\"target\":[\"https:\\\/\\\/noticiasmercedinas.com\\\/site\\\/2023\\\/12\\\/05\\\/gaston-vigo-un-atleta-mercedino-triunfante-que-conquista-el-cruce-en-bariloche\\\/\"]}]},{\"@type\":\"ImageObject\",\"inLanguage\":\"es\",\"@id\":\"https:\\\/\\\/noticiasmercedinas.com\\\/site\\\/2023\\\/12\\\/05\\\/gaston-vigo-un-atleta-mercedino-triunfante-que-conquista-el-cruce-en-bariloche\\\/#primaryimage\",\"url\":\"https:\\\/\\\/noticiasmercedinas.com\\\/site\\\/wp-content\\\/uploads\\\/2023\\\/12\\\/3364c2ac-3247-472d-921f-e50692195885.jpeg\",\"contentUrl\":\"https:\\\/\\\/noticiasmercedinas.com\\\/site\\\/wp-content\\\/uploads\\\/2023\\\/12\\\/3364c2ac-3247-472d-921f-e50692195885.jpeg\",\"width\":1024,\"height\":682},{\"@type\":\"BreadcrumbList\",\"@id\":\"https:\\\/\\\/noticiasmercedinas.com\\\/site\\\/2023\\\/12\\\/05\\\/gaston-vigo-un-atleta-mercedino-triunfante-que-conquista-el-cruce-en-bariloche\\\/#breadcrumb\",\"itemListElement\":[{\"@type\":\"ListItem\",\"position\":1,\"name\":\"Portada\",\"item\":\"https:\\\/\\\/noticiasmercedinas.com\\\/site\\\/\"},{\"@type\":\"ListItem\",\"position\":2,\"name\":\"Gast\u00f3n Vigo, un atleta mercedino triunfante que conquista \u00abEl Cruce\u00bb en Bariloche\"}]},{\"@type\":\"WebSite\",\"@id\":\"https:\\\/\\\/noticiasmercedinas.com\\\/site\\\/#website\",\"url\":\"https:\\\/\\\/noticiasmercedinas.com\\\/site\\\/\",\"name\":\"NOTICIASMERCEDINAS.COM\",\"description\":\"Mercedes, Buenos Aires, Argentina\",\"publisher\":{\"@id\":\"https:\\\/\\\/noticiasmercedinas.com\\\/site\\\/#organization\"},\"potentialAction\":[{\"@type\":\"SearchAction\",\"target\":{\"@type\":\"EntryPoint\",\"urlTemplate\":\"https:\\\/\\\/noticiasmercedinas.com\\\/site\\\/?s={search_term_string}\"},\"query-input\":{\"@type\":\"PropertyValueSpecification\",\"valueRequired\":true,\"valueName\":\"search_term_string\"}}],\"inLanguage\":\"es\"},{\"@type\":\"Organization\",\"@id\":\"https:\\\/\\\/noticiasmercedinas.com\\\/site\\\/#organization\",\"name\":\"NOTICIASMERCEDINAS.COM\",\"url\":\"https:\\\/\\\/noticiasmercedinas.com\\\/site\\\/\",\"logo\":{\"@type\":\"ImageObject\",\"inLanguage\":\"es\",\"@id\":\"https:\\\/\\\/noticiasmercedinas.com\\\/site\\\/#\\\/schema\\\/logo\\\/image\\\/\",\"url\":\"https:\\\/\\\/noticiasmercedinas.com\\\/site\\\/wp-content\\\/uploads\\\/2020\\\/06\\\/LOGO-512.jpg\",\"contentUrl\":\"https:\\\/\\\/noticiasmercedinas.com\\\/site\\\/wp-content\\\/uploads\\\/2020\\\/06\\\/LOGO-512.jpg\",\"width\":512,\"height\":512,\"caption\":\"NOTICIASMERCEDINAS.COM\"},\"image\":{\"@id\":\"https:\\\/\\\/noticiasmercedinas.com\\\/site\\\/#\\\/schema\\\/logo\\\/image\\\/\"},\"sameAs\":[\"https:\\\/\\\/www.facebook.com\\\/noticiasmercedinas\\\/\",\"https:\\\/\\\/x.com\\\/notmercedinas\",\"https:\\\/\\\/www.instagram.com\\\/noticiasmercedinas\\\/\"]},{\"@type\":\"Person\",\"@id\":\"https:\\\/\\\/noticiasmercedinas.com\\\/site\\\/#\\\/schema\\\/person\\\/84b59c099c28ff2e8b77d4ceec5d8063\",\"name\":\"NOTICIASMERCEDINAS.COM\",\"image\":{\"@type\":\"ImageObject\",\"inLanguage\":\"es\",\"@id\":\"https:\\\/\\\/secure.gravatar.com\\\/avatar\\\/4dfbf16b4d17945bfb6341b2d19043457132fcf478a5ee04f42e959fd8f5df0a?s=96&d=mm&r=g\",\"url\":\"https:\\\/\\\/secure.gravatar.com\\\/avatar\\\/4dfbf16b4d17945bfb6341b2d19043457132fcf478a5ee04f42e959fd8f5df0a?s=96&d=mm&r=g\",\"contentUrl\":\"https:\\\/\\\/secure.gravatar.com\\\/avatar\\\/4dfbf16b4d17945bfb6341b2d19043457132fcf478a5ee04f42e959fd8f5df0a?s=96&d=mm&r=g\",\"caption\":\"NOTICIASMERCEDINAS.COM\"},\"url\":\"https:\\\/\\\/noticiasmercedinas.com\\\/site\\\/author\\\/anonimo\\\/\"}]}<\/script>\n<!-- \/ Yoast SEO plugin. -->","yoast_head_json":{"title":"Gast\u00f3n Vigo, un atleta mercedino triunfante que conquista \"El Cruce\" en Bariloche","robots":{"index":"index","follow":"follow","max-snippet":"max-snippet:-1","max-image-preview":"max-image-preview:large","max-video-preview":"max-video-preview:-1"},"canonical":"https:\/\/noticiasmercedinas.com\/site\/2023\/12\/05\/gaston-vigo-un-atleta-mercedino-triunfante-que-conquista-el-cruce-en-bariloche\/","og_locale":"es_ES","og_type":"article","og_title":"Gast\u00f3n Vigo, un atleta mercedino triunfante que conquista \"El Cruce\" en Bariloche","og_description":"\u25a0 No solo se alz\u00f3 con el primer lugar en la categor\u00eda 40-44 a\u00f1os sino que tambi\u00e9n asegur\u00f3 la s\u00e9ptima posici\u00f3n en la clasificaci\u00f3n general, superando a 1140 corredores valientes","og_url":"https:\/\/noticiasmercedinas.com\/site\/2023\/12\/05\/gaston-vigo-un-atleta-mercedino-triunfante-que-conquista-el-cruce-en-bariloche\/","og_site_name":"NOTICIASMERCEDINAS.COM","article_publisher":"https:\/\/www.facebook.com\/noticiasmercedinas\/","article_published_time":"2023-12-06T01:32:33+00:00","og_image":[{"width":1024,"height":682,"url":"https:\/\/noticiasmercedinas.com\/site\/wp-content\/uploads\/2023\/12\/3364c2ac-3247-472d-921f-e50692195885.jpeg","type":"image\/jpeg"}],"author":"NOTICIASMERCEDINAS.COM","twitter_card":"summary_large_image","twitter_creator":"@notmercedinas","twitter_site":"@notmercedinas","twitter_misc":{"Escrito por":"NOTICIASMERCEDINAS.COM","Tiempo de lectura":"2 minutos"},"schema":{"@context":"https:\/\/schema.org","@graph":[{"@type":"Article","@id":"https:\/\/noticiasmercedinas.com\/site\/2023\/12\/05\/gaston-vigo-un-atleta-mercedino-triunfante-que-conquista-el-cruce-en-bariloche\/#article","isPartOf":{"@id":"https:\/\/noticiasmercedinas.com\/site\/2023\/12\/05\/gaston-vigo-un-atleta-mercedino-triunfante-que-conquista-el-cruce-en-bariloche\/"},"author":{"name":"NOTICIASMERCEDINAS.COM","@id":"https:\/\/noticiasmercedinas.com\/site\/#\/schema\/person\/84b59c099c28ff2e8b77d4ceec5d8063"},"headline":"Gast\u00f3n Vigo, un atleta mercedino triunfante que conquista \u00abEl Cruce\u00bb en Bariloche","datePublished":"2023-12-06T01:32:33+00:00","mainEntityOfPage":{"@id":"https:\/\/noticiasmercedinas.com\/site\/2023\/12\/05\/gaston-vigo-un-atleta-mercedino-triunfante-que-conquista-el-cruce-en-bariloche\/"},"wordCount":276,"publisher":{"@id":"https:\/\/noticiasmercedinas.com\/site\/#organization"},"image":{"@id":"https:\/\/noticiasmercedinas.com\/site\/2023\/12\/05\/gaston-vigo-un-atleta-mercedino-triunfante-que-conquista-el-cruce-en-bariloche\/#primaryimage"},"thumbnailUrl":"https:\/\/noticiasmercedinas.com\/site\/wp-content\/uploads\/2023\/12\/3364c2ac-3247-472d-921f-e50692195885.jpeg","keywords":["atletismo","Bariloche","el cruce","gaston vigo"],"articleSection":["Deportes"],"inLanguage":"es"},{"@type":"WebPage","@id":"https:\/\/noticiasmercedinas.com\/site\/2023\/12\/05\/gaston-vigo-un-atleta-mercedino-triunfante-que-conquista-el-cruce-en-bariloche\/","url":"https:\/\/noticiasmercedinas.com\/site\/2023\/12\/05\/gaston-vigo-un-atleta-mercedino-triunfante-que-conquista-el-cruce-en-bariloche\/","name":"Gast\u00f3n Vigo, un atleta mercedino triunfante que conquista \"El Cruce\" en Bariloche","isPartOf":{"@id":"https:\/\/noticiasmercedinas.com\/site\/#website"},"primaryImageOfPage":{"@id":"https:\/\/noticiasmercedinas.com\/site\/2023\/12\/05\/gaston-vigo-un-atleta-mercedino-triunfante-que-conquista-el-cruce-en-bariloche\/#primaryimage"},"image":{"@id":"https:\/\/noticiasmercedinas.com\/site\/2023\/12\/05\/gaston-vigo-un-atleta-mercedino-triunfante-que-conquista-el-cruce-en-bariloche\/#primaryimage"},"thumbnailUrl":"https:\/\/noticiasmercedinas.com\/site\/wp-content\/uploads\/2023\/12\/3364c2ac-3247-472d-921f-e50692195885.jpeg","datePublished":"2023-12-06T01:32:33+00:00","breadcrumb":{"@id":"https:\/\/noticiasmercedinas.com\/site\/2023\/12\/05\/gaston-vigo-un-atleta-mercedino-triunfante-que-conquista-el-cruce-en-bariloche\/#breadcrumb"},"inLanguage":"es","potentialAction":[{"@type":"ReadAction","target":["https:\/\/noticiasmercedinas.com\/site\/2023\/12\/05\/gaston-vigo-un-atleta-mercedino-triunfante-que-conquista-el-cruce-en-bariloche\/"]}]},{"@type":"ImageObject","inLanguage":"es","@id":"https:\/\/noticiasmercedinas.com\/site\/2023\/12\/05\/gaston-vigo-un-atleta-mercedino-triunfante-que-conquista-el-cruce-en-bariloche\/#primaryimage","url":"https:\/\/noticiasmercedinas.com\/site\/wp-content\/uploads\/2023\/12\/3364c2ac-3247-472d-921f-e50692195885.jpeg","contentUrl":"https:\/\/noticiasmercedinas.com\/site\/wp-content\/uploads\/2023\/12\/3364c2ac-3247-472d-921f-e50692195885.jpeg","width":1024,"height":682},{"@type":"BreadcrumbList","@id":"https:\/\/noticiasmercedinas.com\/site\/2023\/12\/05\/gaston-vigo-un-atleta-mercedino-triunfante-que-conquista-el-cruce-en-bariloche\/#breadcrumb","itemListElement":[{"@type":"ListItem","position":1,"name":"Portada","item":"https:\/\/noticiasmercedinas.com\/site\/"},{"@type":"ListItem","position":2,"name":"Gast\u00f3n Vigo, un atleta mercedino triunfante que conquista \u00abEl Cruce\u00bb en Bariloche"}]},{"@type":"WebSite","@id":"https:\/\/noticiasmercedinas.com\/site\/#website","url":"https:\/\/noticiasmercedinas.com\/site\/","name":"NOTICIASMERCEDINAS.COM","description":"Mercedes, Buenos Aires, Argentina","publisher":{"@id":"https:\/\/noticiasmercedinas.com\/site\/#organization"},"potentialAction":[{"@type":"SearchAction","target":{"@type":"EntryPoint","urlTemplate":"https:\/\/noticiasmercedinas.com\/site\/?s={search_term_string}"},"query-input":{"@type":"PropertyValueSpecification","valueRequired":true,"valueName":"search_term_string"}}],"inLanguage":"es"},{"@type":"Organization","@id":"https:\/\/noticiasmercedinas.com\/site\/#organization","name":"NOTICIASMERCEDINAS.COM","url":"https:\/\/noticiasmercedinas.com\/site\/","logo":{"@type":"ImageObject","inLanguage":"es","@id":"https:\/\/noticiasmercedinas.com\/site\/#\/schema\/logo\/image\/","url":"https:\/\/noticiasmercedinas.com\/site\/wp-content\/uploads\/2020\/06\/LOGO-512.jpg","contentUrl":"https:\/\/noticiasmercedinas.com\/site\/wp-content\/uploads\/2020\/06\/LOGO-512.jpg","width":512,"height":512,"caption":"NOTICIASMERCEDINAS.COM"},"image":{"@id":"https:\/\/noticiasmercedinas.com\/site\/#\/schema\/logo\/image\/"},"sameAs":["https:\/\/www.facebook.com\/noticiasmercedinas\/","https:\/\/x.com\/notmercedinas","https:\/\/www.instagram.com\/noticiasmercedinas\/"]},{"@type":"Person","@id":"https:\/\/noticiasmercedinas.com\/site\/#\/schema\/person\/84b59c099c28ff2e8b77d4ceec5d8063","name":"NOTICIASMERCEDINAS.COM","image":{"@type":"ImageObject","inLanguage":"es","@id":"https:\/\/secure.gravatar.com\/avatar\/4dfbf16b4d17945bfb6341b2d19043457132fcf478a5ee04f42e959fd8f5df0a?s=96&d=mm&r=g","url":"https:\/\/secure.gravatar.com\/avatar\/4dfbf16b4d17945bfb6341b2d19043457132fcf478a5ee04f42e959fd8f5df0a?s=96&d=mm&r=g","contentUrl":"https:\/\/secure.gravatar.com\/avatar\/4dfbf16b4d17945bfb6341b2d19043457132fcf478a5ee04f42e959fd8f5df0a?s=96&d=mm&r=g","caption":"NOTICIASMERCEDINAS.COM"},"url":"https:\/\/noticiasmercedinas.com\/site\/author\/anonimo\/"}]}},"amp_enabled":true,"_links":{"self":[{"href":"https:\/\/noticiasmercedinas.com\/site\/wp-json\/wp\/v2\/posts\/127884","targetHints":{"allow":["GET"]}}],"collection":[{"href":"https:\/\/noticiasmercedinas.com\/site\/wp-json\/wp\/v2\/posts"}],"about":[{"href":"https:\/\/noticiasmercedinas.com\/site\/wp-json\/wp\/v2\/types\/post"}],"author":[{"embeddable":true,"href":"https:\/\/noticiasmercedinas.com\/site\/wp-json\/wp\/v2\/users\/16"}],"replies":[{"embeddable":true,"href":"https:\/\/noticiasmercedinas.com\/site\/wp-json\/wp\/v2\/comments?post=127884"}],"version-history":[{"count":1,"href":"https:\/\/noticiasmercedinas.com\/site\/wp-json\/wp\/v2\/posts\/127884\/revisions"}],"predecessor-version":[{"id":127889,"href":"https:\/\/noticiasmercedinas.com\/site\/wp-json\/wp\/v2\/posts\/127884\/revisions\/127889"}],"wp:featuredmedia":[{"embeddable":true,"href":"https:\/\/noticiasmercedinas.com\/site\/wp-json\/wp\/v2\/media\/127886"}],"wp:attachment":[{"href":"https:\/\/noticiasmercedinas.com\/site\/wp-json\/wp\/v2\/media?parent=127884"}],"wp:term":[{"taxonomy":"category","embeddable":true,"href":"https:\/\/noticiasmercedinas.com\/site\/wp-json\/wp\/v2\/categories?post=127884"},{"taxonomy":"post_tag","embeddable":true,"href":"https:\/\/noticiasmercedinas.com\/site\/wp-json\/wp\/v2\/tags?post=127884"}],"curies":[{"name":"wp","href":"https:\/\/api.w.org\/{rel}","templated":true}]}}