{"id":12794,"date":"2019-02-24T12:25:55","date_gmt":"2019-02-24T15:25:55","guid":{"rendered":"https:\/\/noticiasmercedinas.com\/site\/2019\/02\/24\/la-25-de-mayo-expone-su-compromiso-solidario-y-dona-microondas-al-hospital\/"},"modified":"2019-02-24T12:25:55","modified_gmt":"2019-02-24T15:25:55","slug":"la-25-de-mayo-expone-su-compromiso-solidario-y-dona-microondas-al-hospital","status":"publish","type":"post","link":"https:\/\/noticiasmercedinas.com\/site\/2019\/02\/24\/la-25-de-mayo-expone-su-compromiso-solidario-y-dona-microondas-al-hospital\/","title":{"rendered":"La \u00ab25 de Mayo\u00bb expone su compromiso solidario y dona microondas al Hospital"},"content":{"rendered":"<p><img loading=\"lazy\" decoding=\"async\" class=\"alignnone wp-image-12791 size-full\" src=\"https:\/\/noticiasmercedinas.com\/site\/wp-content\/uploads\/2019\/02\/IMG-20190224-WA0039.jpg\" width=\"1280\" height=\"640\" srcset=\"https:\/\/noticiasmercedinas.com\/site\/wp-content\/uploads\/2019\/02\/IMG-20190224-WA0039.jpg 1280w, https:\/\/noticiasmercedinas.com\/site\/wp-content\/uploads\/2019\/02\/IMG-20190224-WA0039-300x150.jpg 300w, https:\/\/noticiasmercedinas.com\/site\/wp-content\/uploads\/2019\/02\/IMG-20190224-WA0039-768x384.jpg 768w, https:\/\/noticiasmercedinas.com\/site\/wp-content\/uploads\/2019\/02\/IMG-20190224-WA0039-1024x512.jpg 1024w, https:\/\/noticiasmercedinas.com\/site\/wp-content\/uploads\/2019\/02\/IMG-20190224-WA0039-640x320.jpg 640w, https:\/\/noticiasmercedinas.com\/site\/wp-content\/uploads\/2019\/02\/IMG-20190224-WA0039-681x341.jpg 681w\" sizes=\"auto, (max-width: 1280px) 100vw, 1280px\" \/><\/p>\n<p>En este 2019 la Agrupaci\u00f3n Vecinal 25 de Mayo contin\u00faa trabajando arduamente en pos de ayudar a los vecinos de la ciudad. Tal es as\u00ed que ante una publicaci\u00f3n de Facebook una se\u00f1ora manifestaba la necesidad de un microondas para el sector de maternidad del Hospital Blas Dubarry; y los integrantes de la Agrupaci\u00f3n no dudaron en solidarizarse. R\u00e1pidamente hicieron entrega del electrodom\u00e9stico que necesitaban.<\/p>\n<p>Desde este sector para poder sobrellevar los gastos de las actividades solidarias que realizan, llevan a cabo distintas actividades para recaudar fondos.<\/p>\n<p>En este caso, lleg\u00f3 el turno de los canelones, los cuales fueron realizados con los ingredientes donados por ellos mismos y elaborados con sus propias manos. Gracias a esto fue posible recolectar los fondos necesarios para solventar los gastos.<\/p>\n<p>Desde la Secretar\u00eda de la Mujer, comentaron: \u201cEstamos muy contentos de poder colaborar con el Hospital y los vecinos de nuestra ciudad. Nos conmovi\u00f3 mucho que desde el sector de maternidad no tuvieran las condiciones necesarias como para calentar una mamadera, por eso no dudamos en solidarizarnos\u201d.<\/p>\n<p>\u201cNosotros somos una Agrupaci\u00f3n Vecinal, todas las actividades solidarias que realizamos las solventamos a partir de eventos como son los bingos, campeonatos de f\u00fatbol. En este caso nos inclinamos por hacer canelones y queremos agradecer a los vecinos por colaborar\u201d, agregaron.<\/p>\n","protected":false},"excerpt":{"rendered":"<p>En este 2019 la Agrupaci\u00f3n Vecinal 25 de Mayo contin\u00faa trabajando arduamente en pos de ayudar a los vecinos de la ciudad. Tal es as\u00ed que ante una publicaci\u00f3n de Facebook una se\u00f1ora manifestaba la necesidad de un microondas para el sector de maternidad del Hospital Blas Dubarry; y los integrantes de la Agrupaci\u00f3n no [&hellip;]<\/p>\n","protected":false},"author":2,"featured_media":12793,"comment_status":"open","ping_status":"open","sticky":false,"template":"","format":"standard","meta":{"footnotes":""},"categories":[16],"tags":[506,3239,255,3676],"class_list":["post-12794","post","type-post","status-publish","format-standard","has-post-thumbnail","hentry","category-politica","tag-agrupacion-25-de-mayo","tag-campana-solidaria","tag-hospital-dubarry","tag-microondas"],"yoast_head":"<!-- This site is optimized with the Yoast SEO plugin v27.4 - https:\/\/yoast.com\/product\/yoast-seo-wordpress\/ -->\n<title>La &quot;25 de Mayo&quot; expone su compromiso solidario y dona microondas al Hospital<\/title>\n<meta name=\"robots\" content=\"index, follow, max-snippet:-1, max-image-preview:large, max-video-preview:-1\" \/>\n<link rel=\"canonical\" href=\"https:\/\/noticiasmercedinas.com\/site\/2019\/02\/24\/la-25-de-mayo-expone-su-compromiso-solidario-y-dona-microondas-al-hospital\/\" \/>\n<meta property=\"og:locale\" content=\"es_ES\" \/>\n<meta property=\"og:type\" content=\"article\" \/>\n<meta property=\"og:title\" content=\"La &quot;25 de Mayo&quot; expone su compromiso solidario y dona microondas al Hospital\" \/>\n<meta property=\"og:description\" content=\"En este 2019 la Agrupaci\u00f3n Vecinal 25 de Mayo contin\u00faa trabajando arduamente en pos de ayudar a los vecinos de la ciudad. Tal es as\u00ed que ante una publicaci\u00f3n de Facebook una se\u00f1ora manifestaba la necesidad de un microondas para el sector de maternidad del Hospital Blas Dubarry; y los integrantes de la Agrupaci\u00f3n no [&hellip;]\" \/>\n<meta property=\"og:url\" content=\"https:\/\/noticiasmercedinas.com\/site\/2019\/02\/24\/la-25-de-mayo-expone-su-compromiso-solidario-y-dona-microondas-al-hospital\/\" \/>\n<meta property=\"og:site_name\" content=\"NOTICIASMERCEDINAS.COM\" \/>\n<meta property=\"article:publisher\" content=\"https:\/\/www.facebook.com\/noticiasmercedinas\/\" \/>\n<meta property=\"article:author\" content=\"https:\/\/www.facebook.com\/cristian.falabella\" \/>\n<meta property=\"article:published_time\" content=\"2019-02-24T15:25:55+00:00\" \/>\n<meta property=\"og:image\" content=\"https:\/\/noticiasmercedinas.com\/site\/wp-content\/uploads\/2019\/02\/IMG-20190224-WA0039-2.jpg\" \/>\n\t<meta property=\"og:image:width\" content=\"1280\" \/>\n\t<meta property=\"og:image:height\" content=\"640\" \/>\n\t<meta property=\"og:image:type\" content=\"image\/jpeg\" \/>\n<meta name=\"author\" content=\"Cristian Falabella NOTICIASMERCEDINAS.COM\" \/>\n<meta name=\"twitter:card\" content=\"summary_large_image\" \/>\n<meta name=\"twitter:creator\" content=\"@https:\/\/twitter.com\/NOTMERCEDINAS\" \/>\n<meta name=\"twitter:site\" content=\"@notmercedinas\" \/>\n<meta name=\"twitter:label1\" content=\"Escrito por\" \/>\n\t<meta name=\"twitter:data1\" content=\"Cristian Falabella NOTICIASMERCEDINAS.COM\" \/>\n\t<meta name=\"twitter:label2\" content=\"Tiempo de lectura\" \/>\n\t<meta name=\"twitter:data2\" content=\"1 minuto\" \/>\n<script type=\"application\/ld+json\" class=\"yoast-schema-graph\">{\"@context\":\"https:\\\/\\\/schema.org\",\"@graph\":[{\"@type\":\"Article\",\"@id\":\"https:\\\/\\\/noticiasmercedinas.com\\\/site\\\/2019\\\/02\\\/24\\\/la-25-de-mayo-expone-su-compromiso-solidario-y-dona-microondas-al-hospital\\\/#article\",\"isPartOf\":{\"@id\":\"https:\\\/\\\/noticiasmercedinas.com\\\/site\\\/2019\\\/02\\\/24\\\/la-25-de-mayo-expone-su-compromiso-solidario-y-dona-microondas-al-hospital\\\/\"},\"author\":{\"name\":\"Cristian Falabella NOTICIASMERCEDINAS.COM\",\"@id\":\"https:\\\/\\\/noticiasmercedinas.com\\\/site\\\/#\\\/schema\\\/person\\\/d481a9696a5feaec13a60e2bbd991a6a\"},\"headline\":\"La \u00ab25 de Mayo\u00bb expone su compromiso solidario y dona microondas al Hospital\",\"datePublished\":\"2019-02-24T15:25:55+00:00\",\"mainEntityOfPage\":{\"@id\":\"https:\\\/\\\/noticiasmercedinas.com\\\/site\\\/2019\\\/02\\\/24\\\/la-25-de-mayo-expone-su-compromiso-solidario-y-dona-microondas-al-hospital\\\/\"},\"wordCount\":234,\"commentCount\":0,\"publisher\":{\"@id\":\"https:\\\/\\\/noticiasmercedinas.com\\\/site\\\/#organization\"},\"image\":{\"@id\":\"https:\\\/\\\/noticiasmercedinas.com\\\/site\\\/2019\\\/02\\\/24\\\/la-25-de-mayo-expone-su-compromiso-solidario-y-dona-microondas-al-hospital\\\/#primaryimage\"},\"thumbnailUrl\":\"https:\\\/\\\/noticiasmercedinas.com\\\/site\\\/wp-content\\\/uploads\\\/2019\\\/02\\\/IMG-20190224-WA0039-2.jpg\",\"keywords\":[\"agrupacion 25 de mayo\",\"campa\u00f1a solidaria\",\"hospital dubarry\",\"microondas\"],\"articleSection\":[\"Politica\"],\"inLanguage\":\"es\",\"potentialAction\":[{\"@type\":\"CommentAction\",\"name\":\"Comment\",\"target\":[\"https:\\\/\\\/noticiasmercedinas.com\\\/site\\\/2019\\\/02\\\/24\\\/la-25-de-mayo-expone-su-compromiso-solidario-y-dona-microondas-al-hospital\\\/#respond\"]}]},{\"@type\":\"WebPage\",\"@id\":\"https:\\\/\\\/noticiasmercedinas.com\\\/site\\\/2019\\\/02\\\/24\\\/la-25-de-mayo-expone-su-compromiso-solidario-y-dona-microondas-al-hospital\\\/\",\"url\":\"https:\\\/\\\/noticiasmercedinas.com\\\/site\\\/2019\\\/02\\\/24\\\/la-25-de-mayo-expone-su-compromiso-solidario-y-dona-microondas-al-hospital\\\/\",\"name\":\"La \\\"25 de Mayo\\\" expone su compromiso solidario y dona microondas al Hospital\",\"isPartOf\":{\"@id\":\"https:\\\/\\\/noticiasmercedinas.com\\\/site\\\/#website\"},\"primaryImageOfPage\":{\"@id\":\"https:\\\/\\\/noticiasmercedinas.com\\\/site\\\/2019\\\/02\\\/24\\\/la-25-de-mayo-expone-su-compromiso-solidario-y-dona-microondas-al-hospital\\\/#primaryimage\"},\"image\":{\"@id\":\"https:\\\/\\\/noticiasmercedinas.com\\\/site\\\/2019\\\/02\\\/24\\\/la-25-de-mayo-expone-su-compromiso-solidario-y-dona-microondas-al-hospital\\\/#primaryimage\"},\"thumbnailUrl\":\"https:\\\/\\\/noticiasmercedinas.com\\\/site\\\/wp-content\\\/uploads\\\/2019\\\/02\\\/IMG-20190224-WA0039-2.jpg\",\"datePublished\":\"2019-02-24T15:25:55+00:00\",\"breadcrumb\":{\"@id\":\"https:\\\/\\\/noticiasmercedinas.com\\\/site\\\/2019\\\/02\\\/24\\\/la-25-de-mayo-expone-su-compromiso-solidario-y-dona-microondas-al-hospital\\\/#breadcrumb\"},\"inLanguage\":\"es\",\"potentialAction\":[{\"@type\":\"ReadAction\",\"target\":[\"https:\\\/\\\/noticiasmercedinas.com\\\/site\\\/2019\\\/02\\\/24\\\/la-25-de-mayo-expone-su-compromiso-solidario-y-dona-microondas-al-hospital\\\/\"]}]},{\"@type\":\"ImageObject\",\"inLanguage\":\"es\",\"@id\":\"https:\\\/\\\/noticiasmercedinas.com\\\/site\\\/2019\\\/02\\\/24\\\/la-25-de-mayo-expone-su-compromiso-solidario-y-dona-microondas-al-hospital\\\/#primaryimage\",\"url\":\"https:\\\/\\\/noticiasmercedinas.com\\\/site\\\/wp-content\\\/uploads\\\/2019\\\/02\\\/IMG-20190224-WA0039-2.jpg\",\"contentUrl\":\"https:\\\/\\\/noticiasmercedinas.com\\\/site\\\/wp-content\\\/uploads\\\/2019\\\/02\\\/IMG-20190224-WA0039-2.jpg\",\"width\":1280,\"height\":640},{\"@type\":\"BreadcrumbList\",\"@id\":\"https:\\\/\\\/noticiasmercedinas.com\\\/site\\\/2019\\\/02\\\/24\\\/la-25-de-mayo-expone-su-compromiso-solidario-y-dona-microondas-al-hospital\\\/#breadcrumb\",\"itemListElement\":[{\"@type\":\"ListItem\",\"position\":1,\"name\":\"Portada\",\"item\":\"https:\\\/\\\/noticiasmercedinas.com\\\/site\\\/\"},{\"@type\":\"ListItem\",\"position\":2,\"name\":\"La \u00ab25 de Mayo\u00bb expone su compromiso solidario y dona microondas al Hospital\"}]},{\"@type\":\"WebSite\",\"@id\":\"https:\\\/\\\/noticiasmercedinas.com\\\/site\\\/#website\",\"url\":\"https:\\\/\\\/noticiasmercedinas.com\\\/site\\\/\",\"name\":\"NOTICIASMERCEDINAS.COM\",\"description\":\"Mercedes, Buenos Aires, Argentina\",\"publisher\":{\"@id\":\"https:\\\/\\\/noticiasmercedinas.com\\\/site\\\/#organization\"},\"potentialAction\":[{\"@type\":\"SearchAction\",\"target\":{\"@type\":\"EntryPoint\",\"urlTemplate\":\"https:\\\/\\\/noticiasmercedinas.com\\\/site\\\/?s={search_term_string}\"},\"query-input\":{\"@type\":\"PropertyValueSpecification\",\"valueRequired\":true,\"valueName\":\"search_term_string\"}}],\"inLanguage\":\"es\"},{\"@type\":\"Organization\",\"@id\":\"https:\\\/\\\/noticiasmercedinas.com\\\/site\\\/#organization\",\"name\":\"NOTICIASMERCEDINAS.COM\",\"url\":\"https:\\\/\\\/noticiasmercedinas.com\\\/site\\\/\",\"logo\":{\"@type\":\"ImageObject\",\"inLanguage\":\"es\",\"@id\":\"https:\\\/\\\/noticiasmercedinas.com\\\/site\\\/#\\\/schema\\\/logo\\\/image\\\/\",\"url\":\"https:\\\/\\\/noticiasmercedinas.com\\\/site\\\/wp-content\\\/uploads\\\/2020\\\/06\\\/LOGO-512.jpg\",\"contentUrl\":\"https:\\\/\\\/noticiasmercedinas.com\\\/site\\\/wp-content\\\/uploads\\\/2020\\\/06\\\/LOGO-512.jpg\",\"width\":512,\"height\":512,\"caption\":\"NOTICIASMERCEDINAS.COM\"},\"image\":{\"@id\":\"https:\\\/\\\/noticiasmercedinas.com\\\/site\\\/#\\\/schema\\\/logo\\\/image\\\/\"},\"sameAs\":[\"https:\\\/\\\/www.facebook.com\\\/noticiasmercedinas\\\/\",\"https:\\\/\\\/x.com\\\/notmercedinas\",\"https:\\\/\\\/www.instagram.com\\\/noticiasmercedinas\\\/\"]},{\"@type\":\"Person\",\"@id\":\"https:\\\/\\\/noticiasmercedinas.com\\\/site\\\/#\\\/schema\\\/person\\\/d481a9696a5feaec13a60e2bbd991a6a\",\"name\":\"Cristian Falabella NOTICIASMERCEDINAS.COM\",\"image\":{\"@type\":\"ImageObject\",\"inLanguage\":\"es\",\"@id\":\"https:\\\/\\\/secure.gravatar.com\\\/avatar\\\/0dbbfc45970cc46bcd0e57766228574ff3511d6eed045b182f536f0f478c1f06?s=96&d=mm&r=g\",\"url\":\"https:\\\/\\\/secure.gravatar.com\\\/avatar\\\/0dbbfc45970cc46bcd0e57766228574ff3511d6eed045b182f536f0f478c1f06?s=96&d=mm&r=g\",\"contentUrl\":\"https:\\\/\\\/secure.gravatar.com\\\/avatar\\\/0dbbfc45970cc46bcd0e57766228574ff3511d6eed045b182f536f0f478c1f06?s=96&d=mm&r=g\",\"caption\":\"Cristian Falabella NOTICIASMERCEDINAS.COM\"},\"description\":\"Periodista, editor de Noticias Mercedinas. Pas\u00f3 por varias redacciones y emprendimientos de prensa, en distintos formatos y \u00e9pocas. Se especializ\u00f3 --y sigue haci\u00e9ndolo-- en comunicaci\u00f3n en la web y en junio de 2006 fund\u00f3 este diario digital.\",\"sameAs\":[\"https:\\\/\\\/noticiasmercedinas.com\",\"https:\\\/\\\/www.facebook.com\\\/cristian.falabella\",\"https:\\\/\\\/www.instagram.com\\\/noticiasmercedinas\\\/\",\"https:\\\/\\\/x.com\\\/https:\\\/\\\/twitter.com\\\/NOTMERCEDINAS\"],\"url\":\"https:\\\/\\\/noticiasmercedinas.com\\\/site\\\/author\\\/as000384\\\/\"}]}<\/script>\n<!-- \/ Yoast SEO plugin. -->","yoast_head_json":{"title":"La \"25 de Mayo\" expone su compromiso solidario y dona microondas al Hospital","robots":{"index":"index","follow":"follow","max-snippet":"max-snippet:-1","max-image-preview":"max-image-preview:large","max-video-preview":"max-video-preview:-1"},"canonical":"https:\/\/noticiasmercedinas.com\/site\/2019\/02\/24\/la-25-de-mayo-expone-su-compromiso-solidario-y-dona-microondas-al-hospital\/","og_locale":"es_ES","og_type":"article","og_title":"La \"25 de Mayo\" expone su compromiso solidario y dona microondas al Hospital","og_description":"En este 2019 la Agrupaci\u00f3n Vecinal 25 de Mayo contin\u00faa trabajando arduamente en pos de ayudar a los vecinos de la ciudad. Tal es as\u00ed que ante una publicaci\u00f3n de Facebook una se\u00f1ora manifestaba la necesidad de un microondas para el sector de maternidad del Hospital Blas Dubarry; y los integrantes de la Agrupaci\u00f3n no [&hellip;]","og_url":"https:\/\/noticiasmercedinas.com\/site\/2019\/02\/24\/la-25-de-mayo-expone-su-compromiso-solidario-y-dona-microondas-al-hospital\/","og_site_name":"NOTICIASMERCEDINAS.COM","article_publisher":"https:\/\/www.facebook.com\/noticiasmercedinas\/","article_author":"https:\/\/www.facebook.com\/cristian.falabella","article_published_time":"2019-02-24T15:25:55+00:00","og_image":[{"width":1280,"height":640,"url":"https:\/\/noticiasmercedinas.com\/site\/wp-content\/uploads\/2019\/02\/IMG-20190224-WA0039-2.jpg","type":"image\/jpeg"}],"author":"Cristian Falabella NOTICIASMERCEDINAS.COM","twitter_card":"summary_large_image","twitter_creator":"@https:\/\/twitter.com\/NOTMERCEDINAS","twitter_site":"@notmercedinas","twitter_misc":{"Escrito por":"Cristian Falabella NOTICIASMERCEDINAS.COM","Tiempo de lectura":"1 minuto"},"schema":{"@context":"https:\/\/schema.org","@graph":[{"@type":"Article","@id":"https:\/\/noticiasmercedinas.com\/site\/2019\/02\/24\/la-25-de-mayo-expone-su-compromiso-solidario-y-dona-microondas-al-hospital\/#article","isPartOf":{"@id":"https:\/\/noticiasmercedinas.com\/site\/2019\/02\/24\/la-25-de-mayo-expone-su-compromiso-solidario-y-dona-microondas-al-hospital\/"},"author":{"name":"Cristian Falabella NOTICIASMERCEDINAS.COM","@id":"https:\/\/noticiasmercedinas.com\/site\/#\/schema\/person\/d481a9696a5feaec13a60e2bbd991a6a"},"headline":"La \u00ab25 de Mayo\u00bb expone su compromiso solidario y dona microondas al Hospital","datePublished":"2019-02-24T15:25:55+00:00","mainEntityOfPage":{"@id":"https:\/\/noticiasmercedinas.com\/site\/2019\/02\/24\/la-25-de-mayo-expone-su-compromiso-solidario-y-dona-microondas-al-hospital\/"},"wordCount":234,"commentCount":0,"publisher":{"@id":"https:\/\/noticiasmercedinas.com\/site\/#organization"},"image":{"@id":"https:\/\/noticiasmercedinas.com\/site\/2019\/02\/24\/la-25-de-mayo-expone-su-compromiso-solidario-y-dona-microondas-al-hospital\/#primaryimage"},"thumbnailUrl":"https:\/\/noticiasmercedinas.com\/site\/wp-content\/uploads\/2019\/02\/IMG-20190224-WA0039-2.jpg","keywords":["agrupacion 25 de mayo","campa\u00f1a solidaria","hospital dubarry","microondas"],"articleSection":["Politica"],"inLanguage":"es","potentialAction":[{"@type":"CommentAction","name":"Comment","target":["https:\/\/noticiasmercedinas.com\/site\/2019\/02\/24\/la-25-de-mayo-expone-su-compromiso-solidario-y-dona-microondas-al-hospital\/#respond"]}]},{"@type":"WebPage","@id":"https:\/\/noticiasmercedinas.com\/site\/2019\/02\/24\/la-25-de-mayo-expone-su-compromiso-solidario-y-dona-microondas-al-hospital\/","url":"https:\/\/noticiasmercedinas.com\/site\/2019\/02\/24\/la-25-de-mayo-expone-su-compromiso-solidario-y-dona-microondas-al-hospital\/","name":"La \"25 de Mayo\" expone su compromiso solidario y dona microondas al Hospital","isPartOf":{"@id":"https:\/\/noticiasmercedinas.com\/site\/#website"},"primaryImageOfPage":{"@id":"https:\/\/noticiasmercedinas.com\/site\/2019\/02\/24\/la-25-de-mayo-expone-su-compromiso-solidario-y-dona-microondas-al-hospital\/#primaryimage"},"image":{"@id":"https:\/\/noticiasmercedinas.com\/site\/2019\/02\/24\/la-25-de-mayo-expone-su-compromiso-solidario-y-dona-microondas-al-hospital\/#primaryimage"},"thumbnailUrl":"https:\/\/noticiasmercedinas.com\/site\/wp-content\/uploads\/2019\/02\/IMG-20190224-WA0039-2.jpg","datePublished":"2019-02-24T15:25:55+00:00","breadcrumb":{"@id":"https:\/\/noticiasmercedinas.com\/site\/2019\/02\/24\/la-25-de-mayo-expone-su-compromiso-solidario-y-dona-microondas-al-hospital\/#breadcrumb"},"inLanguage":"es","potentialAction":[{"@type":"ReadAction","target":["https:\/\/noticiasmercedinas.com\/site\/2019\/02\/24\/la-25-de-mayo-expone-su-compromiso-solidario-y-dona-microondas-al-hospital\/"]}]},{"@type":"ImageObject","inLanguage":"es","@id":"https:\/\/noticiasmercedinas.com\/site\/2019\/02\/24\/la-25-de-mayo-expone-su-compromiso-solidario-y-dona-microondas-al-hospital\/#primaryimage","url":"https:\/\/noticiasmercedinas.com\/site\/wp-content\/uploads\/2019\/02\/IMG-20190224-WA0039-2.jpg","contentUrl":"https:\/\/noticiasmercedinas.com\/site\/wp-content\/uploads\/2019\/02\/IMG-20190224-WA0039-2.jpg","width":1280,"height":640},{"@type":"BreadcrumbList","@id":"https:\/\/noticiasmercedinas.com\/site\/2019\/02\/24\/la-25-de-mayo-expone-su-compromiso-solidario-y-dona-microondas-al-hospital\/#breadcrumb","itemListElement":[{"@type":"ListItem","position":1,"name":"Portada","item":"https:\/\/noticiasmercedinas.com\/site\/"},{"@type":"ListItem","position":2,"name":"La \u00ab25 de Mayo\u00bb expone su compromiso solidario y dona microondas al Hospital"}]},{"@type":"WebSite","@id":"https:\/\/noticiasmercedinas.com\/site\/#website","url":"https:\/\/noticiasmercedinas.com\/site\/","name":"NOTICIASMERCEDINAS.COM","description":"Mercedes, Buenos Aires, Argentina","publisher":{"@id":"https:\/\/noticiasmercedinas.com\/site\/#organization"},"potentialAction":[{"@type":"SearchAction","target":{"@type":"EntryPoint","urlTemplate":"https:\/\/noticiasmercedinas.com\/site\/?s={search_term_string}"},"query-input":{"@type":"PropertyValueSpecification","valueRequired":true,"valueName":"search_term_string"}}],"inLanguage":"es"},{"@type":"Organization","@id":"https:\/\/noticiasmercedinas.com\/site\/#organization","name":"NOTICIASMERCEDINAS.COM","url":"https:\/\/noticiasmercedinas.com\/site\/","logo":{"@type":"ImageObject","inLanguage":"es","@id":"https:\/\/noticiasmercedinas.com\/site\/#\/schema\/logo\/image\/","url":"https:\/\/noticiasmercedinas.com\/site\/wp-content\/uploads\/2020\/06\/LOGO-512.jpg","contentUrl":"https:\/\/noticiasmercedinas.com\/site\/wp-content\/uploads\/2020\/06\/LOGO-512.jpg","width":512,"height":512,"caption":"NOTICIASMERCEDINAS.COM"},"image":{"@id":"https:\/\/noticiasmercedinas.com\/site\/#\/schema\/logo\/image\/"},"sameAs":["https:\/\/www.facebook.com\/noticiasmercedinas\/","https:\/\/x.com\/notmercedinas","https:\/\/www.instagram.com\/noticiasmercedinas\/"]},{"@type":"Person","@id":"https:\/\/noticiasmercedinas.com\/site\/#\/schema\/person\/d481a9696a5feaec13a60e2bbd991a6a","name":"Cristian Falabella NOTICIASMERCEDINAS.COM","image":{"@type":"ImageObject","inLanguage":"es","@id":"https:\/\/secure.gravatar.com\/avatar\/0dbbfc45970cc46bcd0e57766228574ff3511d6eed045b182f536f0f478c1f06?s=96&d=mm&r=g","url":"https:\/\/secure.gravatar.com\/avatar\/0dbbfc45970cc46bcd0e57766228574ff3511d6eed045b182f536f0f478c1f06?s=96&d=mm&r=g","contentUrl":"https:\/\/secure.gravatar.com\/avatar\/0dbbfc45970cc46bcd0e57766228574ff3511d6eed045b182f536f0f478c1f06?s=96&d=mm&r=g","caption":"Cristian Falabella NOTICIASMERCEDINAS.COM"},"description":"Periodista, editor de Noticias Mercedinas. Pas\u00f3 por varias redacciones y emprendimientos de prensa, en distintos formatos y \u00e9pocas. Se especializ\u00f3 --y sigue haci\u00e9ndolo-- en comunicaci\u00f3n en la web y en junio de 2006 fund\u00f3 este diario digital.","sameAs":["https:\/\/noticiasmercedinas.com","https:\/\/www.facebook.com\/cristian.falabella","https:\/\/www.instagram.com\/noticiasmercedinas\/","https:\/\/x.com\/https:\/\/twitter.com\/NOTMERCEDINAS"],"url":"https:\/\/noticiasmercedinas.com\/site\/author\/as000384\/"}]}},"amp_enabled":true,"_links":{"self":[{"href":"https:\/\/noticiasmercedinas.com\/site\/wp-json\/wp\/v2\/posts\/12794","targetHints":{"allow":["GET"]}}],"collection":[{"href":"https:\/\/noticiasmercedinas.com\/site\/wp-json\/wp\/v2\/posts"}],"about":[{"href":"https:\/\/noticiasmercedinas.com\/site\/wp-json\/wp\/v2\/types\/post"}],"author":[{"embeddable":true,"href":"https:\/\/noticiasmercedinas.com\/site\/wp-json\/wp\/v2\/users\/2"}],"replies":[{"embeddable":true,"href":"https:\/\/noticiasmercedinas.com\/site\/wp-json\/wp\/v2\/comments?post=12794"}],"version-history":[{"count":0,"href":"https:\/\/noticiasmercedinas.com\/site\/wp-json\/wp\/v2\/posts\/12794\/revisions"}],"wp:featuredmedia":[{"embeddable":true,"href":"https:\/\/noticiasmercedinas.com\/site\/wp-json\/wp\/v2\/media\/12793"}],"wp:attachment":[{"href":"https:\/\/noticiasmercedinas.com\/site\/wp-json\/wp\/v2\/media?parent=12794"}],"wp:term":[{"taxonomy":"category","embeddable":true,"href":"https:\/\/noticiasmercedinas.com\/site\/wp-json\/wp\/v2\/categories?post=12794"},{"taxonomy":"post_tag","embeddable":true,"href":"https:\/\/noticiasmercedinas.com\/site\/wp-json\/wp\/v2\/tags?post=12794"}],"curies":[{"name":"wp","href":"https:\/\/api.w.org\/{rel}","templated":true}]}}