{"id":127945,"date":"2023-12-07T08:38:27","date_gmt":"2023-12-07T11:38:27","guid":{"rendered":"https:\/\/noticiasmercedinas.com\/site\/?p=127945"},"modified":"2023-12-07T08:38:27","modified_gmt":"2023-12-07T11:38:27","slug":"la-comisaria-de-la-mujer-y-la-familia-de-suipacha-tiene-nueva-jefa","status":"publish","type":"post","link":"https:\/\/noticiasmercedinas.com\/site\/2023\/12\/07\/la-comisaria-de-la-mujer-y-la-familia-de-suipacha-tiene-nueva-jefa\/","title":{"rendered":"La Comisar\u00eda de la Mujer y la Familia de Suipacha tiene nueva jefa"},"content":{"rendered":"<p><img loading=\"lazy\" decoding=\"async\" class=\"alignnone size-full wp-image-127946\" src=\"https:\/\/noticiasmercedinas.com\/site\/wp-content\/uploads\/2023\/12\/406521165_757876039718074_3069444568896985839_n.jpg\" alt=\"\" width=\"960\" height=\"540\" srcset=\"https:\/\/noticiasmercedinas.com\/site\/wp-content\/uploads\/2023\/12\/406521165_757876039718074_3069444568896985839_n.jpg 960w, https:\/\/noticiasmercedinas.com\/site\/wp-content\/uploads\/2023\/12\/406521165_757876039718074_3069444568896985839_n-300x169.jpg 300w, https:\/\/noticiasmercedinas.com\/site\/wp-content\/uploads\/2023\/12\/406521165_757876039718074_3069444568896985839_n-768x432.jpg 768w, https:\/\/noticiasmercedinas.com\/site\/wp-content\/uploads\/2023\/12\/406521165_757876039718074_3069444568896985839_n-640x360.jpg 640w, https:\/\/noticiasmercedinas.com\/site\/wp-content\/uploads\/2023\/12\/406521165_757876039718074_3069444568896985839_n-681x383.jpg 681w\" sizes=\"auto, (max-width: 960px) 100vw, 960px\" \/><\/p>\n<p>En la vecina ciudad de Suipacha, el intendente <strong>Alejandro Federico<\/strong> recibi\u00f3 a la Oficial Inspector <strong>Camila Lombardo<\/strong>, quien pasar\u00e1 a desempe\u00f1arse como Segunda Jefa en la Comisar\u00eda de la Mujer y la Familia en ese distrito.<\/p>\n<p>Seg\u00fan explic\u00f3 el Intendente, \u00abla llegada de esta oficial es algo por lo que desde nuestra \u00e1rea de Seguridad ven\u00edamos trabajando, pensando en brindarle apoyo a la excelente tarea que realiza Natalia Gonzalez y todo su equipo interdisciplinario\u00bb.<\/p>\n<p>Alejandro Federico tambi\u00e9n aprovech\u00f3 para destacar la tarea que realiz\u00f3 el saliente Secretario de Seguridad, Gerardo Pechinenda, en cuya gesti\u00f3n se logr\u00f3 -entre otras pol\u00edticas- la construcci\u00f3n de la actual sede de la Comisar\u00eda de la Mujer, la instalaci\u00f3n del sistema Alerta Tel de botones antip\u00e1nico, y se estableci\u00f3 una l\u00ednea de trabajo que articula con otras \u00e1reas de nivel municipal y regional.<\/p>\n<p>\u201cGerardo siempre estuvo muy pendiente de estas problem\u00e1ticas, a fin de brindar contenci\u00f3n y asistencia en las situaciones de violencia que se plantean en el seno de la familia, una realidad a la que Suipacha no permanece ajena. En ese sentido, la incorporaci\u00f3n de una agente con la experiencia que tiene Camila, que lleva a\u00f1os desempe\u00f1\u00e1ndose en Comisar\u00edas de la Mujer de ciudades vecinas, seguramente contribuir\u00e1 mucho al funcionamiento de esta dependencia\u201d, dijo el Intendente.<\/p>\n","protected":false},"excerpt":{"rendered":"<p>\u25a0 El intendente de la vecina ciudad, Alejandro Federico, recibi\u00f3 a la Oficial Inspector Camila Lombardo, quien pasar\u00e1 a desempe\u00f1arse como Segunda Jefa.<\/p>\n","protected":false},"author":16,"featured_media":127946,"comment_status":"closed","ping_status":"closed","sticky":false,"template":"","format":"standard","meta":{"footnotes":""},"categories":[139],"tags":[1097,17702,13032,47],"class_list":["post-127945","post","type-post","status-publish","format-standard","has-post-thumbnail","hentry","category-regionales","tag-alejandro-federico","tag-camila-lombardo","tag-comisaria-de-la-mujer-y-la-familia","tag-seguridad"],"yoast_head":"<!-- This site is optimized with the Yoast SEO plugin v27.4 - https:\/\/yoast.com\/product\/yoast-seo-wordpress\/ -->\n<title>La Comisar\u00eda de la Mujer y la Familia de Suipacha tiene nueva jefa<\/title>\n<meta name=\"robots\" content=\"index, follow, max-snippet:-1, max-image-preview:large, max-video-preview:-1\" \/>\n<link rel=\"canonical\" href=\"https:\/\/noticiasmercedinas.com\/site\/2023\/12\/07\/la-comisaria-de-la-mujer-y-la-familia-de-suipacha-tiene-nueva-jefa\/\" \/>\n<meta property=\"og:locale\" content=\"es_ES\" \/>\n<meta property=\"og:type\" content=\"article\" \/>\n<meta property=\"og:title\" content=\"La Comisar\u00eda de la Mujer y la Familia de Suipacha tiene nueva jefa\" \/>\n<meta property=\"og:description\" content=\"\u25a0 El intendente de la vecina ciudad, Alejandro Federico, recibi\u00f3 a la Oficial Inspector Camila Lombardo, quien pasar\u00e1 a desempe\u00f1arse como Segunda Jefa.\" \/>\n<meta property=\"og:url\" content=\"https:\/\/noticiasmercedinas.com\/site\/2023\/12\/07\/la-comisaria-de-la-mujer-y-la-familia-de-suipacha-tiene-nueva-jefa\/\" \/>\n<meta property=\"og:site_name\" content=\"NOTICIASMERCEDINAS.COM\" \/>\n<meta property=\"article:publisher\" content=\"https:\/\/www.facebook.com\/noticiasmercedinas\/\" \/>\n<meta property=\"article:published_time\" content=\"2023-12-07T11:38:27+00:00\" \/>\n<meta property=\"og:image\" content=\"https:\/\/noticiasmercedinas.com\/site\/wp-content\/uploads\/2023\/12\/406521165_757876039718074_3069444568896985839_n.jpg\" \/>\n\t<meta property=\"og:image:width\" content=\"960\" \/>\n\t<meta property=\"og:image:height\" content=\"540\" \/>\n\t<meta property=\"og:image:type\" content=\"image\/jpeg\" \/>\n<meta name=\"author\" content=\"NOTICIASMERCEDINAS.COM\" \/>\n<meta name=\"twitter:card\" content=\"summary_large_image\" \/>\n<meta name=\"twitter:creator\" content=\"@notmercedinas\" \/>\n<meta name=\"twitter:site\" content=\"@notmercedinas\" \/>\n<meta name=\"twitter:label1\" content=\"Escrito por\" \/>\n\t<meta name=\"twitter:data1\" content=\"NOTICIASMERCEDINAS.COM\" \/>\n\t<meta name=\"twitter:label2\" content=\"Tiempo de lectura\" \/>\n\t<meta name=\"twitter:data2\" content=\"2 minutos\" \/>\n<script type=\"application\/ld+json\" class=\"yoast-schema-graph\">{\"@context\":\"https:\\\/\\\/schema.org\",\"@graph\":[{\"@type\":\"Article\",\"@id\":\"https:\\\/\\\/noticiasmercedinas.com\\\/site\\\/2023\\\/12\\\/07\\\/la-comisaria-de-la-mujer-y-la-familia-de-suipacha-tiene-nueva-jefa\\\/#article\",\"isPartOf\":{\"@id\":\"https:\\\/\\\/noticiasmercedinas.com\\\/site\\\/2023\\\/12\\\/07\\\/la-comisaria-de-la-mujer-y-la-familia-de-suipacha-tiene-nueva-jefa\\\/\"},\"author\":{\"name\":\"NOTICIASMERCEDINAS.COM\",\"@id\":\"https:\\\/\\\/noticiasmercedinas.com\\\/site\\\/#\\\/schema\\\/person\\\/84b59c099c28ff2e8b77d4ceec5d8063\"},\"headline\":\"La Comisar\u00eda de la Mujer y la Familia de Suipacha tiene nueva jefa\",\"datePublished\":\"2023-12-07T11:38:27+00:00\",\"mainEntityOfPage\":{\"@id\":\"https:\\\/\\\/noticiasmercedinas.com\\\/site\\\/2023\\\/12\\\/07\\\/la-comisaria-de-la-mujer-y-la-familia-de-suipacha-tiene-nueva-jefa\\\/\"},\"wordCount\":244,\"publisher\":{\"@id\":\"https:\\\/\\\/noticiasmercedinas.com\\\/site\\\/#organization\"},\"image\":{\"@id\":\"https:\\\/\\\/noticiasmercedinas.com\\\/site\\\/2023\\\/12\\\/07\\\/la-comisaria-de-la-mujer-y-la-familia-de-suipacha-tiene-nueva-jefa\\\/#primaryimage\"},\"thumbnailUrl\":\"https:\\\/\\\/noticiasmercedinas.com\\\/site\\\/wp-content\\\/uploads\\\/2023\\\/12\\\/406521165_757876039718074_3069444568896985839_n.jpg\",\"keywords\":[\"alejandro federico\",\"Camila Lombardo\",\"Comisar\u00eda de la Mujer y la Familia\",\"seguridad\"],\"articleSection\":[\"Regionales\"],\"inLanguage\":\"es\"},{\"@type\":\"WebPage\",\"@id\":\"https:\\\/\\\/noticiasmercedinas.com\\\/site\\\/2023\\\/12\\\/07\\\/la-comisaria-de-la-mujer-y-la-familia-de-suipacha-tiene-nueva-jefa\\\/\",\"url\":\"https:\\\/\\\/noticiasmercedinas.com\\\/site\\\/2023\\\/12\\\/07\\\/la-comisaria-de-la-mujer-y-la-familia-de-suipacha-tiene-nueva-jefa\\\/\",\"name\":\"La Comisar\u00eda de la Mujer y la Familia de Suipacha tiene nueva jefa\",\"isPartOf\":{\"@id\":\"https:\\\/\\\/noticiasmercedinas.com\\\/site\\\/#website\"},\"primaryImageOfPage\":{\"@id\":\"https:\\\/\\\/noticiasmercedinas.com\\\/site\\\/2023\\\/12\\\/07\\\/la-comisaria-de-la-mujer-y-la-familia-de-suipacha-tiene-nueva-jefa\\\/#primaryimage\"},\"image\":{\"@id\":\"https:\\\/\\\/noticiasmercedinas.com\\\/site\\\/2023\\\/12\\\/07\\\/la-comisaria-de-la-mujer-y-la-familia-de-suipacha-tiene-nueva-jefa\\\/#primaryimage\"},\"thumbnailUrl\":\"https:\\\/\\\/noticiasmercedinas.com\\\/site\\\/wp-content\\\/uploads\\\/2023\\\/12\\\/406521165_757876039718074_3069444568896985839_n.jpg\",\"datePublished\":\"2023-12-07T11:38:27+00:00\",\"breadcrumb\":{\"@id\":\"https:\\\/\\\/noticiasmercedinas.com\\\/site\\\/2023\\\/12\\\/07\\\/la-comisaria-de-la-mujer-y-la-familia-de-suipacha-tiene-nueva-jefa\\\/#breadcrumb\"},\"inLanguage\":\"es\",\"potentialAction\":[{\"@type\":\"ReadAction\",\"target\":[\"https:\\\/\\\/noticiasmercedinas.com\\\/site\\\/2023\\\/12\\\/07\\\/la-comisaria-de-la-mujer-y-la-familia-de-suipacha-tiene-nueva-jefa\\\/\"]}]},{\"@type\":\"ImageObject\",\"inLanguage\":\"es\",\"@id\":\"https:\\\/\\\/noticiasmercedinas.com\\\/site\\\/2023\\\/12\\\/07\\\/la-comisaria-de-la-mujer-y-la-familia-de-suipacha-tiene-nueva-jefa\\\/#primaryimage\",\"url\":\"https:\\\/\\\/noticiasmercedinas.com\\\/site\\\/wp-content\\\/uploads\\\/2023\\\/12\\\/406521165_757876039718074_3069444568896985839_n.jpg\",\"contentUrl\":\"https:\\\/\\\/noticiasmercedinas.com\\\/site\\\/wp-content\\\/uploads\\\/2023\\\/12\\\/406521165_757876039718074_3069444568896985839_n.jpg\",\"width\":960,\"height\":540},{\"@type\":\"BreadcrumbList\",\"@id\":\"https:\\\/\\\/noticiasmercedinas.com\\\/site\\\/2023\\\/12\\\/07\\\/la-comisaria-de-la-mujer-y-la-familia-de-suipacha-tiene-nueva-jefa\\\/#breadcrumb\",\"itemListElement\":[{\"@type\":\"ListItem\",\"position\":1,\"name\":\"Portada\",\"item\":\"https:\\\/\\\/noticiasmercedinas.com\\\/site\\\/\"},{\"@type\":\"ListItem\",\"position\":2,\"name\":\"La Comisar\u00eda de la Mujer y la Familia de Suipacha tiene nueva jefa\"}]},{\"@type\":\"WebSite\",\"@id\":\"https:\\\/\\\/noticiasmercedinas.com\\\/site\\\/#website\",\"url\":\"https:\\\/\\\/noticiasmercedinas.com\\\/site\\\/\",\"name\":\"NOTICIASMERCEDINAS.COM\",\"description\":\"Mercedes, Buenos Aires, Argentina\",\"publisher\":{\"@id\":\"https:\\\/\\\/noticiasmercedinas.com\\\/site\\\/#organization\"},\"potentialAction\":[{\"@type\":\"SearchAction\",\"target\":{\"@type\":\"EntryPoint\",\"urlTemplate\":\"https:\\\/\\\/noticiasmercedinas.com\\\/site\\\/?s={search_term_string}\"},\"query-input\":{\"@type\":\"PropertyValueSpecification\",\"valueRequired\":true,\"valueName\":\"search_term_string\"}}],\"inLanguage\":\"es\"},{\"@type\":\"Organization\",\"@id\":\"https:\\\/\\\/noticiasmercedinas.com\\\/site\\\/#organization\",\"name\":\"NOTICIASMERCEDINAS.COM\",\"url\":\"https:\\\/\\\/noticiasmercedinas.com\\\/site\\\/\",\"logo\":{\"@type\":\"ImageObject\",\"inLanguage\":\"es\",\"@id\":\"https:\\\/\\\/noticiasmercedinas.com\\\/site\\\/#\\\/schema\\\/logo\\\/image\\\/\",\"url\":\"https:\\\/\\\/noticiasmercedinas.com\\\/site\\\/wp-content\\\/uploads\\\/2020\\\/06\\\/LOGO-512.jpg\",\"contentUrl\":\"https:\\\/\\\/noticiasmercedinas.com\\\/site\\\/wp-content\\\/uploads\\\/2020\\\/06\\\/LOGO-512.jpg\",\"width\":512,\"height\":512,\"caption\":\"NOTICIASMERCEDINAS.COM\"},\"image\":{\"@id\":\"https:\\\/\\\/noticiasmercedinas.com\\\/site\\\/#\\\/schema\\\/logo\\\/image\\\/\"},\"sameAs\":[\"https:\\\/\\\/www.facebook.com\\\/noticiasmercedinas\\\/\",\"https:\\\/\\\/x.com\\\/notmercedinas\",\"https:\\\/\\\/www.instagram.com\\\/noticiasmercedinas\\\/\"]},{\"@type\":\"Person\",\"@id\":\"https:\\\/\\\/noticiasmercedinas.com\\\/site\\\/#\\\/schema\\\/person\\\/84b59c099c28ff2e8b77d4ceec5d8063\",\"name\":\"NOTICIASMERCEDINAS.COM\",\"image\":{\"@type\":\"ImageObject\",\"inLanguage\":\"es\",\"@id\":\"https:\\\/\\\/secure.gravatar.com\\\/avatar\\\/4dfbf16b4d17945bfb6341b2d19043457132fcf478a5ee04f42e959fd8f5df0a?s=96&d=mm&r=g\",\"url\":\"https:\\\/\\\/secure.gravatar.com\\\/avatar\\\/4dfbf16b4d17945bfb6341b2d19043457132fcf478a5ee04f42e959fd8f5df0a?s=96&d=mm&r=g\",\"contentUrl\":\"https:\\\/\\\/secure.gravatar.com\\\/avatar\\\/4dfbf16b4d17945bfb6341b2d19043457132fcf478a5ee04f42e959fd8f5df0a?s=96&d=mm&r=g\",\"caption\":\"NOTICIASMERCEDINAS.COM\"},\"url\":\"https:\\\/\\\/noticiasmercedinas.com\\\/site\\\/author\\\/anonimo\\\/\"}]}<\/script>\n<!-- \/ Yoast SEO plugin. -->","yoast_head_json":{"title":"La Comisar\u00eda de la Mujer y la Familia de Suipacha tiene nueva jefa","robots":{"index":"index","follow":"follow","max-snippet":"max-snippet:-1","max-image-preview":"max-image-preview:large","max-video-preview":"max-video-preview:-1"},"canonical":"https:\/\/noticiasmercedinas.com\/site\/2023\/12\/07\/la-comisaria-de-la-mujer-y-la-familia-de-suipacha-tiene-nueva-jefa\/","og_locale":"es_ES","og_type":"article","og_title":"La Comisar\u00eda de la Mujer y la Familia de Suipacha tiene nueva jefa","og_description":"\u25a0 El intendente de la vecina ciudad, Alejandro Federico, recibi\u00f3 a la Oficial Inspector Camila Lombardo, quien pasar\u00e1 a desempe\u00f1arse como Segunda Jefa.","og_url":"https:\/\/noticiasmercedinas.com\/site\/2023\/12\/07\/la-comisaria-de-la-mujer-y-la-familia-de-suipacha-tiene-nueva-jefa\/","og_site_name":"NOTICIASMERCEDINAS.COM","article_publisher":"https:\/\/www.facebook.com\/noticiasmercedinas\/","article_published_time":"2023-12-07T11:38:27+00:00","og_image":[{"width":960,"height":540,"url":"https:\/\/noticiasmercedinas.com\/site\/wp-content\/uploads\/2023\/12\/406521165_757876039718074_3069444568896985839_n.jpg","type":"image\/jpeg"}],"author":"NOTICIASMERCEDINAS.COM","twitter_card":"summary_large_image","twitter_creator":"@notmercedinas","twitter_site":"@notmercedinas","twitter_misc":{"Escrito por":"NOTICIASMERCEDINAS.COM","Tiempo de lectura":"2 minutos"},"schema":{"@context":"https:\/\/schema.org","@graph":[{"@type":"Article","@id":"https:\/\/noticiasmercedinas.com\/site\/2023\/12\/07\/la-comisaria-de-la-mujer-y-la-familia-de-suipacha-tiene-nueva-jefa\/#article","isPartOf":{"@id":"https:\/\/noticiasmercedinas.com\/site\/2023\/12\/07\/la-comisaria-de-la-mujer-y-la-familia-de-suipacha-tiene-nueva-jefa\/"},"author":{"name":"NOTICIASMERCEDINAS.COM","@id":"https:\/\/noticiasmercedinas.com\/site\/#\/schema\/person\/84b59c099c28ff2e8b77d4ceec5d8063"},"headline":"La Comisar\u00eda de la Mujer y la Familia de Suipacha tiene nueva jefa","datePublished":"2023-12-07T11:38:27+00:00","mainEntityOfPage":{"@id":"https:\/\/noticiasmercedinas.com\/site\/2023\/12\/07\/la-comisaria-de-la-mujer-y-la-familia-de-suipacha-tiene-nueva-jefa\/"},"wordCount":244,"publisher":{"@id":"https:\/\/noticiasmercedinas.com\/site\/#organization"},"image":{"@id":"https:\/\/noticiasmercedinas.com\/site\/2023\/12\/07\/la-comisaria-de-la-mujer-y-la-familia-de-suipacha-tiene-nueva-jefa\/#primaryimage"},"thumbnailUrl":"https:\/\/noticiasmercedinas.com\/site\/wp-content\/uploads\/2023\/12\/406521165_757876039718074_3069444568896985839_n.jpg","keywords":["alejandro federico","Camila Lombardo","Comisar\u00eda de la Mujer y la Familia","seguridad"],"articleSection":["Regionales"],"inLanguage":"es"},{"@type":"WebPage","@id":"https:\/\/noticiasmercedinas.com\/site\/2023\/12\/07\/la-comisaria-de-la-mujer-y-la-familia-de-suipacha-tiene-nueva-jefa\/","url":"https:\/\/noticiasmercedinas.com\/site\/2023\/12\/07\/la-comisaria-de-la-mujer-y-la-familia-de-suipacha-tiene-nueva-jefa\/","name":"La Comisar\u00eda de la Mujer y la Familia de Suipacha tiene nueva jefa","isPartOf":{"@id":"https:\/\/noticiasmercedinas.com\/site\/#website"},"primaryImageOfPage":{"@id":"https:\/\/noticiasmercedinas.com\/site\/2023\/12\/07\/la-comisaria-de-la-mujer-y-la-familia-de-suipacha-tiene-nueva-jefa\/#primaryimage"},"image":{"@id":"https:\/\/noticiasmercedinas.com\/site\/2023\/12\/07\/la-comisaria-de-la-mujer-y-la-familia-de-suipacha-tiene-nueva-jefa\/#primaryimage"},"thumbnailUrl":"https:\/\/noticiasmercedinas.com\/site\/wp-content\/uploads\/2023\/12\/406521165_757876039718074_3069444568896985839_n.jpg","datePublished":"2023-12-07T11:38:27+00:00","breadcrumb":{"@id":"https:\/\/noticiasmercedinas.com\/site\/2023\/12\/07\/la-comisaria-de-la-mujer-y-la-familia-de-suipacha-tiene-nueva-jefa\/#breadcrumb"},"inLanguage":"es","potentialAction":[{"@type":"ReadAction","target":["https:\/\/noticiasmercedinas.com\/site\/2023\/12\/07\/la-comisaria-de-la-mujer-y-la-familia-de-suipacha-tiene-nueva-jefa\/"]}]},{"@type":"ImageObject","inLanguage":"es","@id":"https:\/\/noticiasmercedinas.com\/site\/2023\/12\/07\/la-comisaria-de-la-mujer-y-la-familia-de-suipacha-tiene-nueva-jefa\/#primaryimage","url":"https:\/\/noticiasmercedinas.com\/site\/wp-content\/uploads\/2023\/12\/406521165_757876039718074_3069444568896985839_n.jpg","contentUrl":"https:\/\/noticiasmercedinas.com\/site\/wp-content\/uploads\/2023\/12\/406521165_757876039718074_3069444568896985839_n.jpg","width":960,"height":540},{"@type":"BreadcrumbList","@id":"https:\/\/noticiasmercedinas.com\/site\/2023\/12\/07\/la-comisaria-de-la-mujer-y-la-familia-de-suipacha-tiene-nueva-jefa\/#breadcrumb","itemListElement":[{"@type":"ListItem","position":1,"name":"Portada","item":"https:\/\/noticiasmercedinas.com\/site\/"},{"@type":"ListItem","position":2,"name":"La Comisar\u00eda de la Mujer y la Familia de Suipacha tiene nueva jefa"}]},{"@type":"WebSite","@id":"https:\/\/noticiasmercedinas.com\/site\/#website","url":"https:\/\/noticiasmercedinas.com\/site\/","name":"NOTICIASMERCEDINAS.COM","description":"Mercedes, Buenos Aires, Argentina","publisher":{"@id":"https:\/\/noticiasmercedinas.com\/site\/#organization"},"potentialAction":[{"@type":"SearchAction","target":{"@type":"EntryPoint","urlTemplate":"https:\/\/noticiasmercedinas.com\/site\/?s={search_term_string}"},"query-input":{"@type":"PropertyValueSpecification","valueRequired":true,"valueName":"search_term_string"}}],"inLanguage":"es"},{"@type":"Organization","@id":"https:\/\/noticiasmercedinas.com\/site\/#organization","name":"NOTICIASMERCEDINAS.COM","url":"https:\/\/noticiasmercedinas.com\/site\/","logo":{"@type":"ImageObject","inLanguage":"es","@id":"https:\/\/noticiasmercedinas.com\/site\/#\/schema\/logo\/image\/","url":"https:\/\/noticiasmercedinas.com\/site\/wp-content\/uploads\/2020\/06\/LOGO-512.jpg","contentUrl":"https:\/\/noticiasmercedinas.com\/site\/wp-content\/uploads\/2020\/06\/LOGO-512.jpg","width":512,"height":512,"caption":"NOTICIASMERCEDINAS.COM"},"image":{"@id":"https:\/\/noticiasmercedinas.com\/site\/#\/schema\/logo\/image\/"},"sameAs":["https:\/\/www.facebook.com\/noticiasmercedinas\/","https:\/\/x.com\/notmercedinas","https:\/\/www.instagram.com\/noticiasmercedinas\/"]},{"@type":"Person","@id":"https:\/\/noticiasmercedinas.com\/site\/#\/schema\/person\/84b59c099c28ff2e8b77d4ceec5d8063","name":"NOTICIASMERCEDINAS.COM","image":{"@type":"ImageObject","inLanguage":"es","@id":"https:\/\/secure.gravatar.com\/avatar\/4dfbf16b4d17945bfb6341b2d19043457132fcf478a5ee04f42e959fd8f5df0a?s=96&d=mm&r=g","url":"https:\/\/secure.gravatar.com\/avatar\/4dfbf16b4d17945bfb6341b2d19043457132fcf478a5ee04f42e959fd8f5df0a?s=96&d=mm&r=g","contentUrl":"https:\/\/secure.gravatar.com\/avatar\/4dfbf16b4d17945bfb6341b2d19043457132fcf478a5ee04f42e959fd8f5df0a?s=96&d=mm&r=g","caption":"NOTICIASMERCEDINAS.COM"},"url":"https:\/\/noticiasmercedinas.com\/site\/author\/anonimo\/"}]}},"amp_enabled":true,"_links":{"self":[{"href":"https:\/\/noticiasmercedinas.com\/site\/wp-json\/wp\/v2\/posts\/127945","targetHints":{"allow":["GET"]}}],"collection":[{"href":"https:\/\/noticiasmercedinas.com\/site\/wp-json\/wp\/v2\/posts"}],"about":[{"href":"https:\/\/noticiasmercedinas.com\/site\/wp-json\/wp\/v2\/types\/post"}],"author":[{"embeddable":true,"href":"https:\/\/noticiasmercedinas.com\/site\/wp-json\/wp\/v2\/users\/16"}],"replies":[{"embeddable":true,"href":"https:\/\/noticiasmercedinas.com\/site\/wp-json\/wp\/v2\/comments?post=127945"}],"version-history":[{"count":1,"href":"https:\/\/noticiasmercedinas.com\/site\/wp-json\/wp\/v2\/posts\/127945\/revisions"}],"predecessor-version":[{"id":127947,"href":"https:\/\/noticiasmercedinas.com\/site\/wp-json\/wp\/v2\/posts\/127945\/revisions\/127947"}],"wp:featuredmedia":[{"embeddable":true,"href":"https:\/\/noticiasmercedinas.com\/site\/wp-json\/wp\/v2\/media\/127946"}],"wp:attachment":[{"href":"https:\/\/noticiasmercedinas.com\/site\/wp-json\/wp\/v2\/media?parent=127945"}],"wp:term":[{"taxonomy":"category","embeddable":true,"href":"https:\/\/noticiasmercedinas.com\/site\/wp-json\/wp\/v2\/categories?post=127945"},{"taxonomy":"post_tag","embeddable":true,"href":"https:\/\/noticiasmercedinas.com\/site\/wp-json\/wp\/v2\/tags?post=127945"}],"curies":[{"name":"wp","href":"https:\/\/api.w.org\/{rel}","templated":true}]}}