{"id":128038,"date":"2023-12-09T08:21:51","date_gmt":"2023-12-09T11:21:51","guid":{"rendered":"https:\/\/noticiasmercedinas.com\/site\/?p=128038"},"modified":"2023-12-10T11:15:20","modified_gmt":"2023-12-10T14:15:20","slug":"47-fiesta-nacional-del-durazno-un-encuentro-de-tradicion-y-reconocimientos-en-la-trocha","status":"publish","type":"post","link":"https:\/\/noticiasmercedinas.com\/site\/2023\/12\/09\/47-fiesta-nacional-del-durazno-un-encuentro-de-tradicion-y-reconocimientos-en-la-trocha\/","title":{"rendered":"47\u00b0 Fiesta Nacional del Durazno: un encuentro de tradici\u00f3n y reconocimientos en La Trocha"},"content":{"rendered":"<p><img loading=\"lazy\" decoding=\"async\" class=\"alignnone size-full wp-image-128039\" src=\"https:\/\/noticiasmercedinas.com\/site\/wp-content\/uploads\/2023\/12\/a1e209f9-19f1-449e-b487-8ca6cf51d4af.jpeg\" alt=\"\" width=\"720\" height=\"478\" srcset=\"https:\/\/noticiasmercedinas.com\/site\/wp-content\/uploads\/2023\/12\/a1e209f9-19f1-449e-b487-8ca6cf51d4af.jpeg 720w, https:\/\/noticiasmercedinas.com\/site\/wp-content\/uploads\/2023\/12\/a1e209f9-19f1-449e-b487-8ca6cf51d4af-300x199.jpeg 300w, https:\/\/noticiasmercedinas.com\/site\/wp-content\/uploads\/2023\/12\/a1e209f9-19f1-449e-b487-8ca6cf51d4af-640x425.jpeg 640w, https:\/\/noticiasmercedinas.com\/site\/wp-content\/uploads\/2023\/12\/a1e209f9-19f1-449e-b487-8ca6cf51d4af-681x452.jpeg 681w\" sizes=\"auto, (max-width: 720px) 100vw, 720px\" \/><\/p>\n<p>En el escenario de La Trocha, se dio inicio a la 47\u00b0 Fiesta Nacional del Durazno, un evento que no solo celebra la fruta emblem\u00e1tica, sino que tambi\u00e9n reconoce el arduo trabajo de los productores a lo largo del a\u00f1o. El ambiente festivo estuvo marcado por shows en vivo, deliciosa gastronom\u00eda y un entusiasta p\u00fablico que colm\u00f3 el lugar.<\/p>\n<p>La jornada comenz\u00f3 con un simb\u00f3lico corte de cinta en la carpa de productores, donde el pastor Juan Taua y el padre Hern\u00e1n L\u00f3pez de la parroquia San Jos\u00e9 ofrecieron sus bendiciones, creando un emotivo momento de encuentro.<\/p>\n<p>El reconocimiento no tard\u00f3 en llegar, siendo Susana Castagneto la protagonista de la noche. Con 20 a\u00f1os de dedicaci\u00f3n y compromiso con la Fiesta, vinculada al Grupo Resurgir, recibi\u00f3 merecidamente el reconocimiento. \u00abEstamos donde queremos estar, agradecemos de coraz\u00f3n\u00bb, expres\u00f3 Castagneto, compartiendo el honor con todo el grupo.<\/p>\n<p>Pedro \u00abPerico\u00bb L\u00f3pez, destacado productor de la ciudad, se sum\u00f3 a los agradecimientos, resaltando la importancia del apoyo municipal. \u00abEs un orgullo esta fiesta que cuenta con el respaldo del Dr. Ustarroz y el municipio\u00bb, afirm\u00f3, subrayando el buen a\u00f1o experimentado.<\/p>\n<p>Expresando gratitud a los productores y productoras, L\u00f3pez hizo hincapi\u00e9 en el valor del esfuerzo y el trabajo que conlleva ofrecer deliciosos duraznos a la comunidad. Adem\u00e1s, resalt\u00f3 la relevancia de las fiestas en la promoci\u00f3n de la cultura, el arte y el trabajo, recordando la importancia de centrarse en el ser humano y trabajar unidos.<\/p>\n<p>El evento cont\u00f3 con la participaci\u00f3n de destacadas propuestas art\u00edsticas como el Ballet Municipal Estrella del Sur, Puebleros, By Reef, Dj Ale Ottolini, Taller de Freestyle y una variada oferta gastron\u00f3mica y recreativa para el disfrute de todos.<\/p>\n<p>La Fiesta Nacional del Durazno continuar\u00e1 el s\u00e1bado con un desfile de moda a cargo de Beto Bondanza, la premiaci\u00f3n a los dulceros del a\u00f1o, las actuaciones de Braian Gibert, Suyai y Camilo Rojas, junto a la vibrante m\u00fasica de la Kongo Band. Un fin de semana lleno de tradici\u00f3n y celebraci\u00f3n en La Trocha.<\/p>\n","protected":false},"excerpt":{"rendered":"<p>\u25a0 El ambiente festivo estuvo marcado por shows en vivo, deliciosa gastronom\u00eda y un entusiasta p\u00fablico que colm\u00f3 el lugar. Reconocieron a Susana Castagneto<\/p>\n","protected":false},"author":16,"featured_media":128039,"comment_status":"closed","ping_status":"closed","sticky":false,"template":"","format":"standard","meta":{"footnotes":""},"categories":[3],"tags":[1310,1454],"class_list":["post-128038","post","type-post","status-publish","format-standard","has-post-thumbnail","hentry","category-sociedad","tag-fiesta-del-durazno","tag-susana-castagneto"],"yoast_head":"<!-- This site is optimized with the Yoast SEO plugin v27.5 - https:\/\/yoast.com\/product\/yoast-seo-wordpress\/ -->\n<title>47\u00b0 Fiesta Nacional del Durazno: un encuentro de tradici\u00f3n y reconocimientos en La Trocha<\/title>\n<meta name=\"robots\" content=\"index, follow, max-snippet:-1, max-image-preview:large, max-video-preview:-1\" \/>\n<link rel=\"canonical\" href=\"https:\/\/noticiasmercedinas.com\/site\/2023\/12\/09\/47-fiesta-nacional-del-durazno-un-encuentro-de-tradicion-y-reconocimientos-en-la-trocha\/\" \/>\n<meta property=\"og:locale\" content=\"es_ES\" \/>\n<meta property=\"og:type\" content=\"article\" \/>\n<meta property=\"og:title\" content=\"47\u00b0 Fiesta Nacional del Durazno: un encuentro de tradici\u00f3n y reconocimientos en La Trocha\" \/>\n<meta property=\"og:description\" content=\"\u25a0 El ambiente festivo estuvo marcado por shows en vivo, deliciosa gastronom\u00eda y un entusiasta p\u00fablico que colm\u00f3 el lugar. Reconocieron a Susana Castagneto\" \/>\n<meta property=\"og:url\" content=\"https:\/\/noticiasmercedinas.com\/site\/2023\/12\/09\/47-fiesta-nacional-del-durazno-un-encuentro-de-tradicion-y-reconocimientos-en-la-trocha\/\" \/>\n<meta property=\"og:site_name\" content=\"NOTICIASMERCEDINAS.COM\" \/>\n<meta property=\"article:publisher\" content=\"https:\/\/www.facebook.com\/noticiasmercedinas\/\" \/>\n<meta property=\"article:published_time\" content=\"2023-12-09T11:21:51+00:00\" \/>\n<meta property=\"article:modified_time\" content=\"2023-12-10T14:15:20+00:00\" \/>\n<meta property=\"og:image\" content=\"https:\/\/noticiasmercedinas.com\/site\/wp-content\/uploads\/2023\/12\/a1e209f9-19f1-449e-b487-8ca6cf51d4af.jpeg\" \/>\n\t<meta property=\"og:image:width\" content=\"720\" \/>\n\t<meta property=\"og:image:height\" content=\"478\" \/>\n\t<meta property=\"og:image:type\" content=\"image\/jpeg\" \/>\n<meta name=\"author\" content=\"NOTICIASMERCEDINAS.COM\" \/>\n<meta name=\"twitter:card\" content=\"summary_large_image\" \/>\n<meta name=\"twitter:creator\" content=\"@notmercedinas\" \/>\n<meta name=\"twitter:site\" content=\"@notmercedinas\" \/>\n<meta name=\"twitter:label1\" content=\"Escrito por\" \/>\n\t<meta name=\"twitter:data1\" content=\"NOTICIASMERCEDINAS.COM\" \/>\n\t<meta name=\"twitter:label2\" content=\"Tiempo de lectura\" \/>\n\t<meta name=\"twitter:data2\" content=\"2 minutos\" \/>\n<script type=\"application\/ld+json\" class=\"yoast-schema-graph\">{\"@context\":\"https:\\\/\\\/schema.org\",\"@graph\":[{\"@type\":\"Article\",\"@id\":\"https:\\\/\\\/noticiasmercedinas.com\\\/site\\\/2023\\\/12\\\/09\\\/47-fiesta-nacional-del-durazno-un-encuentro-de-tradicion-y-reconocimientos-en-la-trocha\\\/#article\",\"isPartOf\":{\"@id\":\"https:\\\/\\\/noticiasmercedinas.com\\\/site\\\/2023\\\/12\\\/09\\\/47-fiesta-nacional-del-durazno-un-encuentro-de-tradicion-y-reconocimientos-en-la-trocha\\\/\"},\"author\":{\"name\":\"NOTICIASMERCEDINAS.COM\",\"@id\":\"https:\\\/\\\/noticiasmercedinas.com\\\/site\\\/#\\\/schema\\\/person\\\/84b59c099c28ff2e8b77d4ceec5d8063\"},\"headline\":\"47\u00b0 Fiesta Nacional del Durazno: un encuentro de tradici\u00f3n y reconocimientos en La Trocha\",\"datePublished\":\"2023-12-09T11:21:51+00:00\",\"dateModified\":\"2023-12-10T14:15:20+00:00\",\"mainEntityOfPage\":{\"@id\":\"https:\\\/\\\/noticiasmercedinas.com\\\/site\\\/2023\\\/12\\\/09\\\/47-fiesta-nacional-del-durazno-un-encuentro-de-tradicion-y-reconocimientos-en-la-trocha\\\/\"},\"wordCount\":372,\"publisher\":{\"@id\":\"https:\\\/\\\/noticiasmercedinas.com\\\/site\\\/#organization\"},\"image\":{\"@id\":\"https:\\\/\\\/noticiasmercedinas.com\\\/site\\\/2023\\\/12\\\/09\\\/47-fiesta-nacional-del-durazno-un-encuentro-de-tradicion-y-reconocimientos-en-la-trocha\\\/#primaryimage\"},\"thumbnailUrl\":\"https:\\\/\\\/noticiasmercedinas.com\\\/site\\\/wp-content\\\/uploads\\\/2023\\\/12\\\/a1e209f9-19f1-449e-b487-8ca6cf51d4af.jpeg\",\"keywords\":[\"fiesta del durazno\",\"susana castagneto\"],\"articleSection\":[\"Sociedad\"],\"inLanguage\":\"es\"},{\"@type\":\"WebPage\",\"@id\":\"https:\\\/\\\/noticiasmercedinas.com\\\/site\\\/2023\\\/12\\\/09\\\/47-fiesta-nacional-del-durazno-un-encuentro-de-tradicion-y-reconocimientos-en-la-trocha\\\/\",\"url\":\"https:\\\/\\\/noticiasmercedinas.com\\\/site\\\/2023\\\/12\\\/09\\\/47-fiesta-nacional-del-durazno-un-encuentro-de-tradicion-y-reconocimientos-en-la-trocha\\\/\",\"name\":\"47\u00b0 Fiesta Nacional del Durazno: un encuentro de tradici\u00f3n y reconocimientos en La Trocha\",\"isPartOf\":{\"@id\":\"https:\\\/\\\/noticiasmercedinas.com\\\/site\\\/#website\"},\"primaryImageOfPage\":{\"@id\":\"https:\\\/\\\/noticiasmercedinas.com\\\/site\\\/2023\\\/12\\\/09\\\/47-fiesta-nacional-del-durazno-un-encuentro-de-tradicion-y-reconocimientos-en-la-trocha\\\/#primaryimage\"},\"image\":{\"@id\":\"https:\\\/\\\/noticiasmercedinas.com\\\/site\\\/2023\\\/12\\\/09\\\/47-fiesta-nacional-del-durazno-un-encuentro-de-tradicion-y-reconocimientos-en-la-trocha\\\/#primaryimage\"},\"thumbnailUrl\":\"https:\\\/\\\/noticiasmercedinas.com\\\/site\\\/wp-content\\\/uploads\\\/2023\\\/12\\\/a1e209f9-19f1-449e-b487-8ca6cf51d4af.jpeg\",\"datePublished\":\"2023-12-09T11:21:51+00:00\",\"dateModified\":\"2023-12-10T14:15:20+00:00\",\"breadcrumb\":{\"@id\":\"https:\\\/\\\/noticiasmercedinas.com\\\/site\\\/2023\\\/12\\\/09\\\/47-fiesta-nacional-del-durazno-un-encuentro-de-tradicion-y-reconocimientos-en-la-trocha\\\/#breadcrumb\"},\"inLanguage\":\"es\",\"potentialAction\":[{\"@type\":\"ReadAction\",\"target\":[\"https:\\\/\\\/noticiasmercedinas.com\\\/site\\\/2023\\\/12\\\/09\\\/47-fiesta-nacional-del-durazno-un-encuentro-de-tradicion-y-reconocimientos-en-la-trocha\\\/\"]}]},{\"@type\":\"ImageObject\",\"inLanguage\":\"es\",\"@id\":\"https:\\\/\\\/noticiasmercedinas.com\\\/site\\\/2023\\\/12\\\/09\\\/47-fiesta-nacional-del-durazno-un-encuentro-de-tradicion-y-reconocimientos-en-la-trocha\\\/#primaryimage\",\"url\":\"https:\\\/\\\/noticiasmercedinas.com\\\/site\\\/wp-content\\\/uploads\\\/2023\\\/12\\\/a1e209f9-19f1-449e-b487-8ca6cf51d4af.jpeg\",\"contentUrl\":\"https:\\\/\\\/noticiasmercedinas.com\\\/site\\\/wp-content\\\/uploads\\\/2023\\\/12\\\/a1e209f9-19f1-449e-b487-8ca6cf51d4af.jpeg\",\"width\":720,\"height\":478},{\"@type\":\"BreadcrumbList\",\"@id\":\"https:\\\/\\\/noticiasmercedinas.com\\\/site\\\/2023\\\/12\\\/09\\\/47-fiesta-nacional-del-durazno-un-encuentro-de-tradicion-y-reconocimientos-en-la-trocha\\\/#breadcrumb\",\"itemListElement\":[{\"@type\":\"ListItem\",\"position\":1,\"name\":\"Portada\",\"item\":\"https:\\\/\\\/noticiasmercedinas.com\\\/site\\\/\"},{\"@type\":\"ListItem\",\"position\":2,\"name\":\"47\u00b0 Fiesta Nacional del Durazno: un encuentro de tradici\u00f3n y reconocimientos en La Trocha\"}]},{\"@type\":\"WebSite\",\"@id\":\"https:\\\/\\\/noticiasmercedinas.com\\\/site\\\/#website\",\"url\":\"https:\\\/\\\/noticiasmercedinas.com\\\/site\\\/\",\"name\":\"NOTICIASMERCEDINAS.COM\",\"description\":\"Mercedes, Buenos Aires, Argentina\",\"publisher\":{\"@id\":\"https:\\\/\\\/noticiasmercedinas.com\\\/site\\\/#organization\"},\"potentialAction\":[{\"@type\":\"SearchAction\",\"target\":{\"@type\":\"EntryPoint\",\"urlTemplate\":\"https:\\\/\\\/noticiasmercedinas.com\\\/site\\\/?s={search_term_string}\"},\"query-input\":{\"@type\":\"PropertyValueSpecification\",\"valueRequired\":true,\"valueName\":\"search_term_string\"}}],\"inLanguage\":\"es\"},{\"@type\":\"Organization\",\"@id\":\"https:\\\/\\\/noticiasmercedinas.com\\\/site\\\/#organization\",\"name\":\"NOTICIASMERCEDINAS.COM\",\"url\":\"https:\\\/\\\/noticiasmercedinas.com\\\/site\\\/\",\"logo\":{\"@type\":\"ImageObject\",\"inLanguage\":\"es\",\"@id\":\"https:\\\/\\\/noticiasmercedinas.com\\\/site\\\/#\\\/schema\\\/logo\\\/image\\\/\",\"url\":\"https:\\\/\\\/noticiasmercedinas.com\\\/site\\\/wp-content\\\/uploads\\\/2020\\\/06\\\/LOGO-512.jpg\",\"contentUrl\":\"https:\\\/\\\/noticiasmercedinas.com\\\/site\\\/wp-content\\\/uploads\\\/2020\\\/06\\\/LOGO-512.jpg\",\"width\":512,\"height\":512,\"caption\":\"NOTICIASMERCEDINAS.COM\"},\"image\":{\"@id\":\"https:\\\/\\\/noticiasmercedinas.com\\\/site\\\/#\\\/schema\\\/logo\\\/image\\\/\"},\"sameAs\":[\"https:\\\/\\\/www.facebook.com\\\/noticiasmercedinas\\\/\",\"https:\\\/\\\/x.com\\\/notmercedinas\",\"https:\\\/\\\/www.instagram.com\\\/noticiasmercedinas\\\/\"]},{\"@type\":\"Person\",\"@id\":\"https:\\\/\\\/noticiasmercedinas.com\\\/site\\\/#\\\/schema\\\/person\\\/84b59c099c28ff2e8b77d4ceec5d8063\",\"name\":\"NOTICIASMERCEDINAS.COM\",\"image\":{\"@type\":\"ImageObject\",\"inLanguage\":\"es\",\"@id\":\"https:\\\/\\\/secure.gravatar.com\\\/avatar\\\/4dfbf16b4d17945bfb6341b2d19043457132fcf478a5ee04f42e959fd8f5df0a?s=96&d=mm&r=g\",\"url\":\"https:\\\/\\\/secure.gravatar.com\\\/avatar\\\/4dfbf16b4d17945bfb6341b2d19043457132fcf478a5ee04f42e959fd8f5df0a?s=96&d=mm&r=g\",\"contentUrl\":\"https:\\\/\\\/secure.gravatar.com\\\/avatar\\\/4dfbf16b4d17945bfb6341b2d19043457132fcf478a5ee04f42e959fd8f5df0a?s=96&d=mm&r=g\",\"caption\":\"NOTICIASMERCEDINAS.COM\"},\"url\":\"https:\\\/\\\/noticiasmercedinas.com\\\/site\\\/author\\\/anonimo\\\/\"}]}<\/script>\n<!-- \/ Yoast SEO plugin. -->","yoast_head_json":{"title":"47\u00b0 Fiesta Nacional del Durazno: un encuentro de tradici\u00f3n y reconocimientos en La Trocha","robots":{"index":"index","follow":"follow","max-snippet":"max-snippet:-1","max-image-preview":"max-image-preview:large","max-video-preview":"max-video-preview:-1"},"canonical":"https:\/\/noticiasmercedinas.com\/site\/2023\/12\/09\/47-fiesta-nacional-del-durazno-un-encuentro-de-tradicion-y-reconocimientos-en-la-trocha\/","og_locale":"es_ES","og_type":"article","og_title":"47\u00b0 Fiesta Nacional del Durazno: un encuentro de tradici\u00f3n y reconocimientos en La Trocha","og_description":"\u25a0 El ambiente festivo estuvo marcado por shows en vivo, deliciosa gastronom\u00eda y un entusiasta p\u00fablico que colm\u00f3 el lugar. Reconocieron a Susana Castagneto","og_url":"https:\/\/noticiasmercedinas.com\/site\/2023\/12\/09\/47-fiesta-nacional-del-durazno-un-encuentro-de-tradicion-y-reconocimientos-en-la-trocha\/","og_site_name":"NOTICIASMERCEDINAS.COM","article_publisher":"https:\/\/www.facebook.com\/noticiasmercedinas\/","article_published_time":"2023-12-09T11:21:51+00:00","article_modified_time":"2023-12-10T14:15:20+00:00","og_image":[{"width":720,"height":478,"url":"https:\/\/noticiasmercedinas.com\/site\/wp-content\/uploads\/2023\/12\/a1e209f9-19f1-449e-b487-8ca6cf51d4af.jpeg","type":"image\/jpeg"}],"author":"NOTICIASMERCEDINAS.COM","twitter_card":"summary_large_image","twitter_creator":"@notmercedinas","twitter_site":"@notmercedinas","twitter_misc":{"Escrito por":"NOTICIASMERCEDINAS.COM","Tiempo de lectura":"2 minutos"},"schema":{"@context":"https:\/\/schema.org","@graph":[{"@type":"Article","@id":"https:\/\/noticiasmercedinas.com\/site\/2023\/12\/09\/47-fiesta-nacional-del-durazno-un-encuentro-de-tradicion-y-reconocimientos-en-la-trocha\/#article","isPartOf":{"@id":"https:\/\/noticiasmercedinas.com\/site\/2023\/12\/09\/47-fiesta-nacional-del-durazno-un-encuentro-de-tradicion-y-reconocimientos-en-la-trocha\/"},"author":{"name":"NOTICIASMERCEDINAS.COM","@id":"https:\/\/noticiasmercedinas.com\/site\/#\/schema\/person\/84b59c099c28ff2e8b77d4ceec5d8063"},"headline":"47\u00b0 Fiesta Nacional del Durazno: un encuentro de tradici\u00f3n y reconocimientos en La Trocha","datePublished":"2023-12-09T11:21:51+00:00","dateModified":"2023-12-10T14:15:20+00:00","mainEntityOfPage":{"@id":"https:\/\/noticiasmercedinas.com\/site\/2023\/12\/09\/47-fiesta-nacional-del-durazno-un-encuentro-de-tradicion-y-reconocimientos-en-la-trocha\/"},"wordCount":372,"publisher":{"@id":"https:\/\/noticiasmercedinas.com\/site\/#organization"},"image":{"@id":"https:\/\/noticiasmercedinas.com\/site\/2023\/12\/09\/47-fiesta-nacional-del-durazno-un-encuentro-de-tradicion-y-reconocimientos-en-la-trocha\/#primaryimage"},"thumbnailUrl":"https:\/\/noticiasmercedinas.com\/site\/wp-content\/uploads\/2023\/12\/a1e209f9-19f1-449e-b487-8ca6cf51d4af.jpeg","keywords":["fiesta del durazno","susana castagneto"],"articleSection":["Sociedad"],"inLanguage":"es"},{"@type":"WebPage","@id":"https:\/\/noticiasmercedinas.com\/site\/2023\/12\/09\/47-fiesta-nacional-del-durazno-un-encuentro-de-tradicion-y-reconocimientos-en-la-trocha\/","url":"https:\/\/noticiasmercedinas.com\/site\/2023\/12\/09\/47-fiesta-nacional-del-durazno-un-encuentro-de-tradicion-y-reconocimientos-en-la-trocha\/","name":"47\u00b0 Fiesta Nacional del Durazno: un encuentro de tradici\u00f3n y reconocimientos en La Trocha","isPartOf":{"@id":"https:\/\/noticiasmercedinas.com\/site\/#website"},"primaryImageOfPage":{"@id":"https:\/\/noticiasmercedinas.com\/site\/2023\/12\/09\/47-fiesta-nacional-del-durazno-un-encuentro-de-tradicion-y-reconocimientos-en-la-trocha\/#primaryimage"},"image":{"@id":"https:\/\/noticiasmercedinas.com\/site\/2023\/12\/09\/47-fiesta-nacional-del-durazno-un-encuentro-de-tradicion-y-reconocimientos-en-la-trocha\/#primaryimage"},"thumbnailUrl":"https:\/\/noticiasmercedinas.com\/site\/wp-content\/uploads\/2023\/12\/a1e209f9-19f1-449e-b487-8ca6cf51d4af.jpeg","datePublished":"2023-12-09T11:21:51+00:00","dateModified":"2023-12-10T14:15:20+00:00","breadcrumb":{"@id":"https:\/\/noticiasmercedinas.com\/site\/2023\/12\/09\/47-fiesta-nacional-del-durazno-un-encuentro-de-tradicion-y-reconocimientos-en-la-trocha\/#breadcrumb"},"inLanguage":"es","potentialAction":[{"@type":"ReadAction","target":["https:\/\/noticiasmercedinas.com\/site\/2023\/12\/09\/47-fiesta-nacional-del-durazno-un-encuentro-de-tradicion-y-reconocimientos-en-la-trocha\/"]}]},{"@type":"ImageObject","inLanguage":"es","@id":"https:\/\/noticiasmercedinas.com\/site\/2023\/12\/09\/47-fiesta-nacional-del-durazno-un-encuentro-de-tradicion-y-reconocimientos-en-la-trocha\/#primaryimage","url":"https:\/\/noticiasmercedinas.com\/site\/wp-content\/uploads\/2023\/12\/a1e209f9-19f1-449e-b487-8ca6cf51d4af.jpeg","contentUrl":"https:\/\/noticiasmercedinas.com\/site\/wp-content\/uploads\/2023\/12\/a1e209f9-19f1-449e-b487-8ca6cf51d4af.jpeg","width":720,"height":478},{"@type":"BreadcrumbList","@id":"https:\/\/noticiasmercedinas.com\/site\/2023\/12\/09\/47-fiesta-nacional-del-durazno-un-encuentro-de-tradicion-y-reconocimientos-en-la-trocha\/#breadcrumb","itemListElement":[{"@type":"ListItem","position":1,"name":"Portada","item":"https:\/\/noticiasmercedinas.com\/site\/"},{"@type":"ListItem","position":2,"name":"47\u00b0 Fiesta Nacional del Durazno: un encuentro de tradici\u00f3n y reconocimientos en La Trocha"}]},{"@type":"WebSite","@id":"https:\/\/noticiasmercedinas.com\/site\/#website","url":"https:\/\/noticiasmercedinas.com\/site\/","name":"NOTICIASMERCEDINAS.COM","description":"Mercedes, Buenos Aires, Argentina","publisher":{"@id":"https:\/\/noticiasmercedinas.com\/site\/#organization"},"potentialAction":[{"@type":"SearchAction","target":{"@type":"EntryPoint","urlTemplate":"https:\/\/noticiasmercedinas.com\/site\/?s={search_term_string}"},"query-input":{"@type":"PropertyValueSpecification","valueRequired":true,"valueName":"search_term_string"}}],"inLanguage":"es"},{"@type":"Organization","@id":"https:\/\/noticiasmercedinas.com\/site\/#organization","name":"NOTICIASMERCEDINAS.COM","url":"https:\/\/noticiasmercedinas.com\/site\/","logo":{"@type":"ImageObject","inLanguage":"es","@id":"https:\/\/noticiasmercedinas.com\/site\/#\/schema\/logo\/image\/","url":"https:\/\/noticiasmercedinas.com\/site\/wp-content\/uploads\/2020\/06\/LOGO-512.jpg","contentUrl":"https:\/\/noticiasmercedinas.com\/site\/wp-content\/uploads\/2020\/06\/LOGO-512.jpg","width":512,"height":512,"caption":"NOTICIASMERCEDINAS.COM"},"image":{"@id":"https:\/\/noticiasmercedinas.com\/site\/#\/schema\/logo\/image\/"},"sameAs":["https:\/\/www.facebook.com\/noticiasmercedinas\/","https:\/\/x.com\/notmercedinas","https:\/\/www.instagram.com\/noticiasmercedinas\/"]},{"@type":"Person","@id":"https:\/\/noticiasmercedinas.com\/site\/#\/schema\/person\/84b59c099c28ff2e8b77d4ceec5d8063","name":"NOTICIASMERCEDINAS.COM","image":{"@type":"ImageObject","inLanguage":"es","@id":"https:\/\/secure.gravatar.com\/avatar\/4dfbf16b4d17945bfb6341b2d19043457132fcf478a5ee04f42e959fd8f5df0a?s=96&d=mm&r=g","url":"https:\/\/secure.gravatar.com\/avatar\/4dfbf16b4d17945bfb6341b2d19043457132fcf478a5ee04f42e959fd8f5df0a?s=96&d=mm&r=g","contentUrl":"https:\/\/secure.gravatar.com\/avatar\/4dfbf16b4d17945bfb6341b2d19043457132fcf478a5ee04f42e959fd8f5df0a?s=96&d=mm&r=g","caption":"NOTICIASMERCEDINAS.COM"},"url":"https:\/\/noticiasmercedinas.com\/site\/author\/anonimo\/"}]}},"amp_enabled":true,"_links":{"self":[{"href":"https:\/\/noticiasmercedinas.com\/site\/wp-json\/wp\/v2\/posts\/128038","targetHints":{"allow":["GET"]}}],"collection":[{"href":"https:\/\/noticiasmercedinas.com\/site\/wp-json\/wp\/v2\/posts"}],"about":[{"href":"https:\/\/noticiasmercedinas.com\/site\/wp-json\/wp\/v2\/types\/post"}],"author":[{"embeddable":true,"href":"https:\/\/noticiasmercedinas.com\/site\/wp-json\/wp\/v2\/users\/16"}],"replies":[{"embeddable":true,"href":"https:\/\/noticiasmercedinas.com\/site\/wp-json\/wp\/v2\/comments?post=128038"}],"version-history":[{"count":5,"href":"https:\/\/noticiasmercedinas.com\/site\/wp-json\/wp\/v2\/posts\/128038\/revisions"}],"predecessor-version":[{"id":128097,"href":"https:\/\/noticiasmercedinas.com\/site\/wp-json\/wp\/v2\/posts\/128038\/revisions\/128097"}],"wp:featuredmedia":[{"embeddable":true,"href":"https:\/\/noticiasmercedinas.com\/site\/wp-json\/wp\/v2\/media\/128039"}],"wp:attachment":[{"href":"https:\/\/noticiasmercedinas.com\/site\/wp-json\/wp\/v2\/media?parent=128038"}],"wp:term":[{"taxonomy":"category","embeddable":true,"href":"https:\/\/noticiasmercedinas.com\/site\/wp-json\/wp\/v2\/categories?post=128038"},{"taxonomy":"post_tag","embeddable":true,"href":"https:\/\/noticiasmercedinas.com\/site\/wp-json\/wp\/v2\/tags?post=128038"}],"curies":[{"name":"wp","href":"https:\/\/api.w.org\/{rel}","templated":true}]}}