{"id":128077,"date":"2023-12-09T23:00:57","date_gmt":"2023-12-10T02:00:57","guid":{"rendered":"https:\/\/noticiasmercedinas.com\/site\/?p=128077"},"modified":"2023-12-09T23:02:38","modified_gmt":"2023-12-10T02:02:38","slug":"cierre-de-la-participacion-de-trocha-en-el-regional-federal-amateur","status":"publish","type":"post","link":"https:\/\/noticiasmercedinas.com\/site\/2023\/12\/09\/cierre-de-la-participacion-de-trocha-en-el-regional-federal-amateur\/","title":{"rendered":"Cierre de la participaci\u00f3n de Trocha en el Regional Federal Amateur"},"content":{"rendered":"<figure id=\"attachment_128078\" aria-describedby=\"caption-attachment-128078\" style=\"width: 640px\" class=\"wp-caption alignnone\"><img loading=\"lazy\" decoding=\"async\" class=\"wp-image-128078 size-full\" src=\"https:\/\/noticiasmercedinas.com\/site\/wp-content\/uploads\/2023\/12\/GA8FB2EXgAA5yD1.jpg\" alt=\"\" width=\"640\" height=\"427\" srcset=\"https:\/\/noticiasmercedinas.com\/site\/wp-content\/uploads\/2023\/12\/GA8FB2EXgAA5yD1.jpg 640w, https:\/\/noticiasmercedinas.com\/site\/wp-content\/uploads\/2023\/12\/GA8FB2EXgAA5yD1-300x200.jpg 300w\" sizes=\"auto, (max-width: 640px) 100vw, 640px\" \/><figcaption id=\"caption-attachment-128078\" class=\"wp-caption-text\">Camioneros dominador ante Trocha (Foto Prensa Camioneros).<\/figcaption><\/figure>\n<p>Este s\u00e1bado 9 por la \u00faltima fecha de la Zona 13 en el Regional Federal Amateur jugaron en Lomas de Zamora los equipos de Camioneros (ya clasificado primero) y un Trocha que se present\u00f3 s\u00f3lo para completar el fixture al ya no tener posibilidad de clasificaci\u00f3n con la victoria de Pabell\u00f3n 5 \u2013 0 sobre Orientaci\u00f3n Juvenil.<\/p>\n<p>El equipo de Juan Ignacio Men\u00e9ndez arranc\u00f3 ganando el partido, para luego sufrir el poder\u00edo del \u201cVerde\u201d que en todo lo que le qued\u00f3 al partido construy\u00f3 una goleada. Para el representante de la Liga Mercedina fue despedida con un resultado no deseado, culminando Camioneros invicto y recibiendo s\u00f3lo un gol en la fase clasificatoria, obteniendo casi la totalidad de los puntos.<\/p>\n<p>En lo que hace a Pabell\u00f3n, con 10 puntos y diferencia de + 3 espera los resultados de Newbery (Rojas) 8 +1 y Bragado 8 + 1, ya jug\u00f3 Academia Mascherano (Lincoln) quedando con 11 + 4 y Progreso (Brandsen) 9 y diferencia 0.\u00a0 Por su parte Lezama 10 +1 quedando por debajo de Pabell\u00f3n. Este domingo los de Marcos Paz resolver\u00e1n su futuro.<\/p>\n<p><strong>Camioneros 7: <\/strong>Juan Dom\u00ednguez, Roberto Gim\u00e9nez, Laureano Nutz, Luis Lorenzi, Marcelo Vidal, Nicol\u00e1s Sainz, Lucas Orizuela, Eli\u00e1n Mu\u00f1oz, Mat\u00edas De Jes\u00fas, Leandro Parada e Iv\u00e1n Pereira. <strong>DT:<\/strong> Federico Urciuoli. <strong>Relevos:<\/strong> Alejandro Ibarra y Rom\u00e1n Su\u00e1rez.<\/p>\n<p><strong>Trocha 1:<\/strong> Mat\u00edas Lescano, Franco Maraia, Alejandro Pizzaro, Iv\u00e1n Portillo, N\u00e9stor Garc\u00eda, Facundo Romero, Santiago Yasky, Ricardo Ojeda, Mauro Sigona, Nahuel Santiago y Adri\u00e1n Castro. <strong>DT:<\/strong> Juan Men\u00e9ndez. <strong>Relevos:<\/strong> Francisco Laporta, F. D\u00edaz y Agust\u00edn Ojeda.<\/p>\n<p><strong>Goles en el PT:<\/strong> A los 14\u2019 Pizzarro para Trocha. A los 20\u2019 Pereira, 28\u2019 Vidal , 32\u2019 y 45\u2019 Brizuela para Camioneros.<br \/>\n<strong>Goles en el ST:<\/strong> Al 1\u2019 Mu\u00f1oz, 25\u2019 Moyano y a los 45\u2019 Ingrati para Camioneros.<br \/>\n<strong>Cambios:<\/strong> Facundo Moyano por Mu\u00f1oz, Yaco Ocampo por Vidal. Enzo Chamorro por Parada, Gabriel L\u00f3pez por Brizuela y Jos\u00e9 Ingrati por Pereira en Camioneros. Juli\u00e1n Padula por Romero, Juan Tafetani por Yasky en Trocha.<\/p>\n<p><strong>Arbitro:<\/strong> Franco Aguilera (San Vicente).<\/p>\n<p><img loading=\"lazy\" decoding=\"async\" class=\"alignnone size-full wp-image-128080\" src=\"https:\/\/noticiasmercedinas.com\/site\/wp-content\/uploads\/2023\/12\/TRFA-3.jpg\" alt=\"\" width=\"640\" height=\"181\" srcset=\"https:\/\/noticiasmercedinas.com\/site\/wp-content\/uploads\/2023\/12\/TRFA-3.jpg 640w, https:\/\/noticiasmercedinas.com\/site\/wp-content\/uploads\/2023\/12\/TRFA-3-300x85.jpg 300w\" sizes=\"auto, (max-width: 640px) 100vw, 640px\" \/><\/p>\n","protected":false},"excerpt":{"rendered":"<p>\u25a0 Este s\u00e1bado ya sin chance de clasificaci\u00f3n visit\u00f3 al puntero Camioneros. Fue goleada del local que termin\u00f3 la Zona 13 ganado cinco de los seis encuentros. El domingo se define la continuidad de Pabell\u00f3n.<\/p>\n","protected":false},"author":6,"featured_media":128078,"comment_status":"closed","ping_status":"closed","sticky":false,"template":"","format":"standard","meta":{"footnotes":""},"categories":[5],"tags":[1567,9088,3405],"class_list":["post-128077","post","type-post","status-publish","format-standard","has-post-thumbnail","hentry","category-deportes","tag-camioneros","tag-club-trocha","tag-torneo-regional-federal-amateur"],"yoast_head":"<!-- This site is optimized with the Yoast SEO plugin v27.5 - https:\/\/yoast.com\/product\/yoast-seo-wordpress\/ -->\n<title>Cierre de la participaci\u00f3n de Trocha en el Regional Federal Amateur<\/title>\n<meta name=\"robots\" content=\"index, follow, max-snippet:-1, max-image-preview:large, max-video-preview:-1\" \/>\n<link rel=\"canonical\" href=\"https:\/\/noticiasmercedinas.com\/site\/2023\/12\/09\/cierre-de-la-participacion-de-trocha-en-el-regional-federal-amateur\/\" \/>\n<meta property=\"og:locale\" content=\"es_ES\" \/>\n<meta property=\"og:type\" content=\"article\" \/>\n<meta property=\"og:title\" content=\"Cierre de la participaci\u00f3n de Trocha en el Regional Federal Amateur\" \/>\n<meta property=\"og:description\" content=\"\u25a0 Este s\u00e1bado ya sin chance de clasificaci\u00f3n visit\u00f3 al puntero Camioneros. Fue goleada del local que termin\u00f3 la Zona 13 ganado cinco de los seis encuentros. El domingo se define la continuidad de Pabell\u00f3n.\" \/>\n<meta property=\"og:url\" content=\"https:\/\/noticiasmercedinas.com\/site\/2023\/12\/09\/cierre-de-la-participacion-de-trocha-en-el-regional-federal-amateur\/\" \/>\n<meta property=\"og:site_name\" content=\"NOTICIASMERCEDINAS.COM\" \/>\n<meta property=\"article:publisher\" content=\"https:\/\/www.facebook.com\/noticiasmercedinas\/\" \/>\n<meta property=\"article:published_time\" content=\"2023-12-10T02:00:57+00:00\" \/>\n<meta property=\"article:modified_time\" content=\"2023-12-10T02:02:38+00:00\" \/>\n<meta property=\"og:image\" content=\"https:\/\/noticiasmercedinas.com\/site\/wp-content\/uploads\/2023\/12\/GA8FB2EXgAA5yD1.jpg\" \/>\n\t<meta property=\"og:image:width\" content=\"640\" \/>\n\t<meta property=\"og:image:height\" content=\"427\" \/>\n\t<meta property=\"og:image:type\" content=\"image\/jpeg\" \/>\n<meta name=\"author\" content=\"Juan Dagnino NOTICIASMERCEDINAS.COM\" \/>\n<meta name=\"twitter:card\" content=\"summary_large_image\" \/>\n<meta name=\"twitter:creator\" content=\"@notmercedinas\" \/>\n<meta name=\"twitter:site\" content=\"@notmercedinas\" \/>\n<meta name=\"twitter:label1\" content=\"Escrito por\" \/>\n\t<meta name=\"twitter:data1\" content=\"Juan Dagnino NOTICIASMERCEDINAS.COM\" \/>\n\t<meta name=\"twitter:label2\" content=\"Tiempo de lectura\" \/>\n\t<meta name=\"twitter:data2\" content=\"2 minutos\" \/>\n<script type=\"application\/ld+json\" class=\"yoast-schema-graph\">{\"@context\":\"https:\\\/\\\/schema.org\",\"@graph\":[{\"@type\":\"Article\",\"@id\":\"https:\\\/\\\/noticiasmercedinas.com\\\/site\\\/2023\\\/12\\\/09\\\/cierre-de-la-participacion-de-trocha-en-el-regional-federal-amateur\\\/#article\",\"isPartOf\":{\"@id\":\"https:\\\/\\\/noticiasmercedinas.com\\\/site\\\/2023\\\/12\\\/09\\\/cierre-de-la-participacion-de-trocha-en-el-regional-federal-amateur\\\/\"},\"author\":{\"name\":\"Juan Dagnino NOTICIASMERCEDINAS.COM\",\"@id\":\"https:\\\/\\\/noticiasmercedinas.com\\\/site\\\/#\\\/schema\\\/person\\\/8f2f09d666ef40986eba4a5e6f2a06f9\"},\"headline\":\"Cierre de la participaci\u00f3n de Trocha en el Regional Federal Amateur\",\"datePublished\":\"2023-12-10T02:00:57+00:00\",\"dateModified\":\"2023-12-10T02:02:38+00:00\",\"mainEntityOfPage\":{\"@id\":\"https:\\\/\\\/noticiasmercedinas.com\\\/site\\\/2023\\\/12\\\/09\\\/cierre-de-la-participacion-de-trocha-en-el-regional-federal-amateur\\\/\"},\"wordCount\":360,\"publisher\":{\"@id\":\"https:\\\/\\\/noticiasmercedinas.com\\\/site\\\/#organization\"},\"image\":{\"@id\":\"https:\\\/\\\/noticiasmercedinas.com\\\/site\\\/2023\\\/12\\\/09\\\/cierre-de-la-participacion-de-trocha-en-el-regional-federal-amateur\\\/#primaryimage\"},\"thumbnailUrl\":\"https:\\\/\\\/noticiasmercedinas.com\\\/site\\\/wp-content\\\/uploads\\\/2023\\\/12\\\/GA8FB2EXgAA5yD1.jpg\",\"keywords\":[\"Camioneros\",\"Club Trocha\",\"Torneo Regional Federal Amateur\"],\"articleSection\":[\"Deportes\"],\"inLanguage\":\"es\"},{\"@type\":\"WebPage\",\"@id\":\"https:\\\/\\\/noticiasmercedinas.com\\\/site\\\/2023\\\/12\\\/09\\\/cierre-de-la-participacion-de-trocha-en-el-regional-federal-amateur\\\/\",\"url\":\"https:\\\/\\\/noticiasmercedinas.com\\\/site\\\/2023\\\/12\\\/09\\\/cierre-de-la-participacion-de-trocha-en-el-regional-federal-amateur\\\/\",\"name\":\"Cierre de la participaci\u00f3n de Trocha en el Regional Federal Amateur\",\"isPartOf\":{\"@id\":\"https:\\\/\\\/noticiasmercedinas.com\\\/site\\\/#website\"},\"primaryImageOfPage\":{\"@id\":\"https:\\\/\\\/noticiasmercedinas.com\\\/site\\\/2023\\\/12\\\/09\\\/cierre-de-la-participacion-de-trocha-en-el-regional-federal-amateur\\\/#primaryimage\"},\"image\":{\"@id\":\"https:\\\/\\\/noticiasmercedinas.com\\\/site\\\/2023\\\/12\\\/09\\\/cierre-de-la-participacion-de-trocha-en-el-regional-federal-amateur\\\/#primaryimage\"},\"thumbnailUrl\":\"https:\\\/\\\/noticiasmercedinas.com\\\/site\\\/wp-content\\\/uploads\\\/2023\\\/12\\\/GA8FB2EXgAA5yD1.jpg\",\"datePublished\":\"2023-12-10T02:00:57+00:00\",\"dateModified\":\"2023-12-10T02:02:38+00:00\",\"breadcrumb\":{\"@id\":\"https:\\\/\\\/noticiasmercedinas.com\\\/site\\\/2023\\\/12\\\/09\\\/cierre-de-la-participacion-de-trocha-en-el-regional-federal-amateur\\\/#breadcrumb\"},\"inLanguage\":\"es\",\"potentialAction\":[{\"@type\":\"ReadAction\",\"target\":[\"https:\\\/\\\/noticiasmercedinas.com\\\/site\\\/2023\\\/12\\\/09\\\/cierre-de-la-participacion-de-trocha-en-el-regional-federal-amateur\\\/\"]}]},{\"@type\":\"ImageObject\",\"inLanguage\":\"es\",\"@id\":\"https:\\\/\\\/noticiasmercedinas.com\\\/site\\\/2023\\\/12\\\/09\\\/cierre-de-la-participacion-de-trocha-en-el-regional-federal-amateur\\\/#primaryimage\",\"url\":\"https:\\\/\\\/noticiasmercedinas.com\\\/site\\\/wp-content\\\/uploads\\\/2023\\\/12\\\/GA8FB2EXgAA5yD1.jpg\",\"contentUrl\":\"https:\\\/\\\/noticiasmercedinas.com\\\/site\\\/wp-content\\\/uploads\\\/2023\\\/12\\\/GA8FB2EXgAA5yD1.jpg\",\"width\":640,\"height\":427},{\"@type\":\"BreadcrumbList\",\"@id\":\"https:\\\/\\\/noticiasmercedinas.com\\\/site\\\/2023\\\/12\\\/09\\\/cierre-de-la-participacion-de-trocha-en-el-regional-federal-amateur\\\/#breadcrumb\",\"itemListElement\":[{\"@type\":\"ListItem\",\"position\":1,\"name\":\"Portada\",\"item\":\"https:\\\/\\\/noticiasmercedinas.com\\\/site\\\/\"},{\"@type\":\"ListItem\",\"position\":2,\"name\":\"Cierre de la participaci\u00f3n de Trocha en el Regional Federal Amateur\"}]},{\"@type\":\"WebSite\",\"@id\":\"https:\\\/\\\/noticiasmercedinas.com\\\/site\\\/#website\",\"url\":\"https:\\\/\\\/noticiasmercedinas.com\\\/site\\\/\",\"name\":\"NOTICIASMERCEDINAS.COM\",\"description\":\"Mercedes, Buenos Aires, Argentina\",\"publisher\":{\"@id\":\"https:\\\/\\\/noticiasmercedinas.com\\\/site\\\/#organization\"},\"potentialAction\":[{\"@type\":\"SearchAction\",\"target\":{\"@type\":\"EntryPoint\",\"urlTemplate\":\"https:\\\/\\\/noticiasmercedinas.com\\\/site\\\/?s={search_term_string}\"},\"query-input\":{\"@type\":\"PropertyValueSpecification\",\"valueRequired\":true,\"valueName\":\"search_term_string\"}}],\"inLanguage\":\"es\"},{\"@type\":\"Organization\",\"@id\":\"https:\\\/\\\/noticiasmercedinas.com\\\/site\\\/#organization\",\"name\":\"NOTICIASMERCEDINAS.COM\",\"url\":\"https:\\\/\\\/noticiasmercedinas.com\\\/site\\\/\",\"logo\":{\"@type\":\"ImageObject\",\"inLanguage\":\"es\",\"@id\":\"https:\\\/\\\/noticiasmercedinas.com\\\/site\\\/#\\\/schema\\\/logo\\\/image\\\/\",\"url\":\"https:\\\/\\\/noticiasmercedinas.com\\\/site\\\/wp-content\\\/uploads\\\/2020\\\/06\\\/LOGO-512.jpg\",\"contentUrl\":\"https:\\\/\\\/noticiasmercedinas.com\\\/site\\\/wp-content\\\/uploads\\\/2020\\\/06\\\/LOGO-512.jpg\",\"width\":512,\"height\":512,\"caption\":\"NOTICIASMERCEDINAS.COM\"},\"image\":{\"@id\":\"https:\\\/\\\/noticiasmercedinas.com\\\/site\\\/#\\\/schema\\\/logo\\\/image\\\/\"},\"sameAs\":[\"https:\\\/\\\/www.facebook.com\\\/noticiasmercedinas\\\/\",\"https:\\\/\\\/x.com\\\/notmercedinas\",\"https:\\\/\\\/www.instagram.com\\\/noticiasmercedinas\\\/\"]},{\"@type\":\"Person\",\"@id\":\"https:\\\/\\\/noticiasmercedinas.com\\\/site\\\/#\\\/schema\\\/person\\\/8f2f09d666ef40986eba4a5e6f2a06f9\",\"name\":\"Juan Dagnino NOTICIASMERCEDINAS.COM\",\"image\":{\"@type\":\"ImageObject\",\"inLanguage\":\"es\",\"@id\":\"https:\\\/\\\/secure.gravatar.com\\\/avatar\\\/fc7059a769f5a3cae65fadb228a3e4accf3a64b4b2305020d0a27e6d5333c91b?s=96&d=mm&r=g\",\"url\":\"https:\\\/\\\/secure.gravatar.com\\\/avatar\\\/fc7059a769f5a3cae65fadb228a3e4accf3a64b4b2305020d0a27e6d5333c91b?s=96&d=mm&r=g\",\"contentUrl\":\"https:\\\/\\\/secure.gravatar.com\\\/avatar\\\/fc7059a769f5a3cae65fadb228a3e4accf3a64b4b2305020d0a27e6d5333c91b?s=96&d=mm&r=g\",\"caption\":\"Juan Dagnino NOTICIASMERCEDINAS.COM\"},\"url\":\"https:\\\/\\\/noticiasmercedinas.com\\\/site\\\/author\\\/juandagnino\\\/\"}]}<\/script>\n<!-- \/ Yoast SEO plugin. -->","yoast_head_json":{"title":"Cierre de la participaci\u00f3n de Trocha en el Regional Federal Amateur","robots":{"index":"index","follow":"follow","max-snippet":"max-snippet:-1","max-image-preview":"max-image-preview:large","max-video-preview":"max-video-preview:-1"},"canonical":"https:\/\/noticiasmercedinas.com\/site\/2023\/12\/09\/cierre-de-la-participacion-de-trocha-en-el-regional-federal-amateur\/","og_locale":"es_ES","og_type":"article","og_title":"Cierre de la participaci\u00f3n de Trocha en el Regional Federal Amateur","og_description":"\u25a0 Este s\u00e1bado ya sin chance de clasificaci\u00f3n visit\u00f3 al puntero Camioneros. Fue goleada del local que termin\u00f3 la Zona 13 ganado cinco de los seis encuentros. El domingo se define la continuidad de Pabell\u00f3n.","og_url":"https:\/\/noticiasmercedinas.com\/site\/2023\/12\/09\/cierre-de-la-participacion-de-trocha-en-el-regional-federal-amateur\/","og_site_name":"NOTICIASMERCEDINAS.COM","article_publisher":"https:\/\/www.facebook.com\/noticiasmercedinas\/","article_published_time":"2023-12-10T02:00:57+00:00","article_modified_time":"2023-12-10T02:02:38+00:00","og_image":[{"width":640,"height":427,"url":"https:\/\/noticiasmercedinas.com\/site\/wp-content\/uploads\/2023\/12\/GA8FB2EXgAA5yD1.jpg","type":"image\/jpeg"}],"author":"Juan Dagnino NOTICIASMERCEDINAS.COM","twitter_card":"summary_large_image","twitter_creator":"@notmercedinas","twitter_site":"@notmercedinas","twitter_misc":{"Escrito por":"Juan Dagnino NOTICIASMERCEDINAS.COM","Tiempo de lectura":"2 minutos"},"schema":{"@context":"https:\/\/schema.org","@graph":[{"@type":"Article","@id":"https:\/\/noticiasmercedinas.com\/site\/2023\/12\/09\/cierre-de-la-participacion-de-trocha-en-el-regional-federal-amateur\/#article","isPartOf":{"@id":"https:\/\/noticiasmercedinas.com\/site\/2023\/12\/09\/cierre-de-la-participacion-de-trocha-en-el-regional-federal-amateur\/"},"author":{"name":"Juan Dagnino NOTICIASMERCEDINAS.COM","@id":"https:\/\/noticiasmercedinas.com\/site\/#\/schema\/person\/8f2f09d666ef40986eba4a5e6f2a06f9"},"headline":"Cierre de la participaci\u00f3n de Trocha en el Regional Federal Amateur","datePublished":"2023-12-10T02:00:57+00:00","dateModified":"2023-12-10T02:02:38+00:00","mainEntityOfPage":{"@id":"https:\/\/noticiasmercedinas.com\/site\/2023\/12\/09\/cierre-de-la-participacion-de-trocha-en-el-regional-federal-amateur\/"},"wordCount":360,"publisher":{"@id":"https:\/\/noticiasmercedinas.com\/site\/#organization"},"image":{"@id":"https:\/\/noticiasmercedinas.com\/site\/2023\/12\/09\/cierre-de-la-participacion-de-trocha-en-el-regional-federal-amateur\/#primaryimage"},"thumbnailUrl":"https:\/\/noticiasmercedinas.com\/site\/wp-content\/uploads\/2023\/12\/GA8FB2EXgAA5yD1.jpg","keywords":["Camioneros","Club Trocha","Torneo Regional Federal Amateur"],"articleSection":["Deportes"],"inLanguage":"es"},{"@type":"WebPage","@id":"https:\/\/noticiasmercedinas.com\/site\/2023\/12\/09\/cierre-de-la-participacion-de-trocha-en-el-regional-federal-amateur\/","url":"https:\/\/noticiasmercedinas.com\/site\/2023\/12\/09\/cierre-de-la-participacion-de-trocha-en-el-regional-federal-amateur\/","name":"Cierre de la participaci\u00f3n de Trocha en el Regional Federal Amateur","isPartOf":{"@id":"https:\/\/noticiasmercedinas.com\/site\/#website"},"primaryImageOfPage":{"@id":"https:\/\/noticiasmercedinas.com\/site\/2023\/12\/09\/cierre-de-la-participacion-de-trocha-en-el-regional-federal-amateur\/#primaryimage"},"image":{"@id":"https:\/\/noticiasmercedinas.com\/site\/2023\/12\/09\/cierre-de-la-participacion-de-trocha-en-el-regional-federal-amateur\/#primaryimage"},"thumbnailUrl":"https:\/\/noticiasmercedinas.com\/site\/wp-content\/uploads\/2023\/12\/GA8FB2EXgAA5yD1.jpg","datePublished":"2023-12-10T02:00:57+00:00","dateModified":"2023-12-10T02:02:38+00:00","breadcrumb":{"@id":"https:\/\/noticiasmercedinas.com\/site\/2023\/12\/09\/cierre-de-la-participacion-de-trocha-en-el-regional-federal-amateur\/#breadcrumb"},"inLanguage":"es","potentialAction":[{"@type":"ReadAction","target":["https:\/\/noticiasmercedinas.com\/site\/2023\/12\/09\/cierre-de-la-participacion-de-trocha-en-el-regional-federal-amateur\/"]}]},{"@type":"ImageObject","inLanguage":"es","@id":"https:\/\/noticiasmercedinas.com\/site\/2023\/12\/09\/cierre-de-la-participacion-de-trocha-en-el-regional-federal-amateur\/#primaryimage","url":"https:\/\/noticiasmercedinas.com\/site\/wp-content\/uploads\/2023\/12\/GA8FB2EXgAA5yD1.jpg","contentUrl":"https:\/\/noticiasmercedinas.com\/site\/wp-content\/uploads\/2023\/12\/GA8FB2EXgAA5yD1.jpg","width":640,"height":427},{"@type":"BreadcrumbList","@id":"https:\/\/noticiasmercedinas.com\/site\/2023\/12\/09\/cierre-de-la-participacion-de-trocha-en-el-regional-federal-amateur\/#breadcrumb","itemListElement":[{"@type":"ListItem","position":1,"name":"Portada","item":"https:\/\/noticiasmercedinas.com\/site\/"},{"@type":"ListItem","position":2,"name":"Cierre de la participaci\u00f3n de Trocha en el Regional Federal Amateur"}]},{"@type":"WebSite","@id":"https:\/\/noticiasmercedinas.com\/site\/#website","url":"https:\/\/noticiasmercedinas.com\/site\/","name":"NOTICIASMERCEDINAS.COM","description":"Mercedes, Buenos Aires, Argentina","publisher":{"@id":"https:\/\/noticiasmercedinas.com\/site\/#organization"},"potentialAction":[{"@type":"SearchAction","target":{"@type":"EntryPoint","urlTemplate":"https:\/\/noticiasmercedinas.com\/site\/?s={search_term_string}"},"query-input":{"@type":"PropertyValueSpecification","valueRequired":true,"valueName":"search_term_string"}}],"inLanguage":"es"},{"@type":"Organization","@id":"https:\/\/noticiasmercedinas.com\/site\/#organization","name":"NOTICIASMERCEDINAS.COM","url":"https:\/\/noticiasmercedinas.com\/site\/","logo":{"@type":"ImageObject","inLanguage":"es","@id":"https:\/\/noticiasmercedinas.com\/site\/#\/schema\/logo\/image\/","url":"https:\/\/noticiasmercedinas.com\/site\/wp-content\/uploads\/2020\/06\/LOGO-512.jpg","contentUrl":"https:\/\/noticiasmercedinas.com\/site\/wp-content\/uploads\/2020\/06\/LOGO-512.jpg","width":512,"height":512,"caption":"NOTICIASMERCEDINAS.COM"},"image":{"@id":"https:\/\/noticiasmercedinas.com\/site\/#\/schema\/logo\/image\/"},"sameAs":["https:\/\/www.facebook.com\/noticiasmercedinas\/","https:\/\/x.com\/notmercedinas","https:\/\/www.instagram.com\/noticiasmercedinas\/"]},{"@type":"Person","@id":"https:\/\/noticiasmercedinas.com\/site\/#\/schema\/person\/8f2f09d666ef40986eba4a5e6f2a06f9","name":"Juan Dagnino NOTICIASMERCEDINAS.COM","image":{"@type":"ImageObject","inLanguage":"es","@id":"https:\/\/secure.gravatar.com\/avatar\/fc7059a769f5a3cae65fadb228a3e4accf3a64b4b2305020d0a27e6d5333c91b?s=96&d=mm&r=g","url":"https:\/\/secure.gravatar.com\/avatar\/fc7059a769f5a3cae65fadb228a3e4accf3a64b4b2305020d0a27e6d5333c91b?s=96&d=mm&r=g","contentUrl":"https:\/\/secure.gravatar.com\/avatar\/fc7059a769f5a3cae65fadb228a3e4accf3a64b4b2305020d0a27e6d5333c91b?s=96&d=mm&r=g","caption":"Juan Dagnino NOTICIASMERCEDINAS.COM"},"url":"https:\/\/noticiasmercedinas.com\/site\/author\/juandagnino\/"}]}},"amp_enabled":true,"_links":{"self":[{"href":"https:\/\/noticiasmercedinas.com\/site\/wp-json\/wp\/v2\/posts\/128077","targetHints":{"allow":["GET"]}}],"collection":[{"href":"https:\/\/noticiasmercedinas.com\/site\/wp-json\/wp\/v2\/posts"}],"about":[{"href":"https:\/\/noticiasmercedinas.com\/site\/wp-json\/wp\/v2\/types\/post"}],"author":[{"embeddable":true,"href":"https:\/\/noticiasmercedinas.com\/site\/wp-json\/wp\/v2\/users\/6"}],"replies":[{"embeddable":true,"href":"https:\/\/noticiasmercedinas.com\/site\/wp-json\/wp\/v2\/comments?post=128077"}],"version-history":[{"count":2,"href":"https:\/\/noticiasmercedinas.com\/site\/wp-json\/wp\/v2\/posts\/128077\/revisions"}],"predecessor-version":[{"id":128081,"href":"https:\/\/noticiasmercedinas.com\/site\/wp-json\/wp\/v2\/posts\/128077\/revisions\/128081"}],"wp:featuredmedia":[{"embeddable":true,"href":"https:\/\/noticiasmercedinas.com\/site\/wp-json\/wp\/v2\/media\/128078"}],"wp:attachment":[{"href":"https:\/\/noticiasmercedinas.com\/site\/wp-json\/wp\/v2\/media?parent=128077"}],"wp:term":[{"taxonomy":"category","embeddable":true,"href":"https:\/\/noticiasmercedinas.com\/site\/wp-json\/wp\/v2\/categories?post=128077"},{"taxonomy":"post_tag","embeddable":true,"href":"https:\/\/noticiasmercedinas.com\/site\/wp-json\/wp\/v2\/tags?post=128077"}],"curies":[{"name":"wp","href":"https:\/\/api.w.org\/{rel}","templated":true}]}}