{"id":1284,"date":"2018-09-07T11:43:52","date_gmt":"2018-09-07T14:43:52","guid":{"rendered":"https:\/\/noticiasmercedinas.com\/site\/?p=1284"},"modified":"2018-09-07T11:43:52","modified_gmt":"2018-09-07T14:43:52","slug":"toda-la-agenda-de-la-liga-mercedina","status":"publish","type":"post","link":"https:\/\/noticiasmercedinas.com\/site\/2018\/09\/07\/toda-la-agenda-de-la-liga-mercedina\/","title":{"rendered":"Toda la agenda de la Liga Mercedina"},"content":{"rendered":"<p><strong>El fin de semana habr\u00e1 una gran cantidad de partidos. En Primera se disputar\u00e1n los cuartos de final comenzando a jugar los que se clasificaron primeros y segundos en sus zonas. Con ello la ventaja deportiva es para Mercedes, Col\u00f3n, Front\u00f3n y Juventud.\u00a0 El Infanto-Juvenil tendr\u00e1 su \u00faltima fecha. Arranca un nuevo certamen del f\u00fatbol femenino.<br \/>\n<\/strong><br \/>\n<img loading=\"lazy\" decoding=\"async\" class=\"alignnone size-full wp-image-1285\" src=\"https:\/\/noticiasmercedinas.com\/site\/wp-content\/uploads\/2018\/09\/IMG_2993.jpg\" alt=\"\" width=\"650\" height=\"433\" srcset=\"https:\/\/noticiasmercedinas.com\/site\/wp-content\/uploads\/2018\/09\/IMG_2993.jpg 650w, https:\/\/noticiasmercedinas.com\/site\/wp-content\/uploads\/2018\/09\/IMG_2993-300x200.jpg 300w, https:\/\/noticiasmercedinas.com\/site\/wp-content\/uploads\/2018\/09\/IMG_2993-640x426.jpg 640w\" sizes=\"auto, (max-width: 650px) 100vw, 650px\" \/><\/p>\n<p>El fin de semana que se aproxima tendr\u00e1 una gran cantidad de partidos organizados por la Liga Mercedina de F\u00fatbol, en Primera divisi\u00f3n se concretar\u00e1n los cuartos de final del Reducido con \u00fanico partido y ventaja deportiva para Club Mercedes, Col\u00f3n, El Front\u00f3n y Juventud de Suipacha, que en el caso de empate se meter\u00e1n en semifinales. Con ello los que no gozan de este beneficio se ven obligados a ganar para continuar en el certamen mayor. <strong><\/p>\n<p>Primera divisi\u00f3n<br \/>\nS\u00e1bado 8 de septiembre<br \/>\nCancha: <\/strong>Liga Mercedina.<br \/>\nA las 17 Mercedes vs. AMEFIP San Mart\u00edn.<br \/>\nA las 19.30 Col\u00f3n vs. Trocha.<\/p>\n<p><strong>Cancha: <\/strong>El Front\u00f3n.<br \/>\nA las 17 El Front\u00f3n vs. V\u00e9lez.<\/p>\n<p><strong>Domingo 9 de septiembre<br \/>\nCancha: <\/strong>Municipal de Suipacha.<br \/>\nA las 15 Juventud vs. Pabell\u00f3n Argentino.<\/p>\n<p><strong>Reserva<br \/>\n<\/strong>Se inicia el Reducido de Reserva luego que en los \u00faltimos d\u00edas se completaran los partidos pendientes. Todo el programa para este domingo es el siguiente:<strong><\/p>\n<p>Domingo 9 de septiembre<br \/>\nCancha: <\/strong>Atl\u00e9tico Marcos Paz.<br \/>\nA las 15.30 Atl\u00e9tico Marcos Paz vs. Front\u00f3n.<\/p>\n<p><strong>Cancha: <\/strong>Pabell\u00f3n Argentino.<br \/>\nA las 20.30 Pabell\u00f3n Argentino vs. V\u00e9lez.<\/p>\n<p><strong>Cancha: <\/strong>Quilmes.<br \/>\nA las 15 Quilmes vs. Holanda.<\/p>\n<p><strong>Cancha: <\/strong>Liga Mercedina.<br \/>\nA las 15 AMEFIP San Mart\u00edn vs. Club Mercedes.<br \/>\n<strong><br \/>\nUltima fecha<br \/>\n<\/strong>Este s\u00e1bado se jugar\u00e1 la \u00faltima fecha, ya resultaron campeones Los Vascos 2009 y 2008, Quilmes 2006, Atl\u00e9tico Marcos Paz 2004 y El Front\u00f3n 2003 y 2005. Por resolver queda la 2007 donde Los Vascos suma 27 puntos teniendo tres perseguidores con 26 como Estudiantes, Mercedes A y Quilmes. Ya en la Quinta divisi\u00f3n\u00a0 se disputan el t\u00edtulo Pabell\u00f3n y Juventud, teniendo alguna chance Club Mercedes. <strong><\/p>\n<p>Infantil<br \/>\n<\/strong>Palometas vs. Defensores, Mercedes vs. Juventud, Estudiantes vs. Ateneo, El Front\u00f3n vs. Mercedes A.<br \/>\nA las 13 Categor\u00eda Promocional.<br \/>\nA las 14 Categor\u00eda 2009.<br \/>\nA las 15 Categor\u00eda 2008.<br \/>\nA las 16 Categor\u00eda 2007.<\/p>\n<p><strong>Juvenil<br \/>\n<\/strong>Mercedes vs. Juventud y Estudiantes vs. Ateneo.<br \/>\nA las 11 Categor\u00eda 2004.<br \/>\nA las 12.15 Categor\u00eda 2005.<br \/>\nA las 13.30 Categor\u00eda 2006.<br \/>\nA las 14.45 Categor\u00eda 2003.<br \/>\nA las 16 Categor\u00eda 5\u00aa divisi\u00f3n.<\/p>\n<p>El Front\u00f3n vs. Mercedes A.<br \/>\n11 Categor\u00eda 2004.<br \/>\n12.15 Categor\u00eda 2006.<br \/>\n13.30 Categor\u00eda 2003.<br \/>\n14.45 Categor\u00eda 5\u00aa Divisi\u00f3n.<\/p>\n<p>Palometas vs. Defensores.<br \/>\nA las 12.05 Categor\u00eda 2005.<br \/>\nA las 13.15 Categor\u00eda 2006.<br \/>\nA las 14.30 Categor\u00eda 2003.<br \/>\nA las 15.45 Categor\u00eda 5\u00aa Divisi\u00f3n.<\/p>\n<p>Pabell\u00f3n Argentino vs. Comunicaciones.<br \/>\nA las 12 Categor\u00eda 2004.<br \/>\nA las 13.15 Categor\u00eda 2005.<br \/>\nA las 14.30 Categor\u00eda 2006.<br \/>\nA las 15.45 Categor\u00eda 5\u00aa Divisi\u00f3n.<\/p>\n<p><strong>Femenino<br \/>\nPrimera divisi\u00f3n<br \/>\n<\/strong><strong>S\u00e1bado 8 de septiembre<\/strong><br \/>\n<strong>Cancha:<\/strong>\u00a0V\u00e9lez Sarsfield.<br \/>\nA las 17 Estudiantes vs. Comunicaciones.<br \/>\nA las 18 El Front\u00f3n vs. Uni\u00f3n.<br \/>\nA las 19 Mercedes vs. Alfa.<br \/>\nA las 20 AMEFIP vs. V\u00e9lez.<\/p>\n<p><strong>Inferiores<br \/>\n<\/strong><strong>Domingo 9 de septiembre<\/strong><br \/>\n<strong>Cancha:<\/strong>\u00a0V\u00e9lez Sarsfield<br \/>\nA las 11 SUB 12 V\u00e9lez vs. Comunicaciones.<br \/>\nA las 12 SUB 12 Alfa vs. Estudiantes.<br \/>\nA las 13 SUB 16 Alfa vs. Defensores.<br \/>\nA las 14: SUB 16 Independiente vs. Estudiantes.<br \/>\nA las 15 SUB 16 V\u00e9lez vs. Comunicaciones.<\/p>\n","protected":false},"excerpt":{"rendered":"<p>El fin de semana habr\u00e1 una gran cantidad de partidos. En Primera se disputar\u00e1n los cuartos de final comenzando a jugar los que se clasificaron primeros y segundos en sus zonas. Con ello la ventaja deportiva es para Mercedes, Col\u00f3n, Front\u00f3n y Juventud.\u00a0 El Infanto-Juvenil tendr\u00e1 su \u00faltima fecha. Arranca un nuevo certamen del f\u00fatbol [&hellip;]<\/p>\n","protected":false},"author":6,"featured_media":1285,"comment_status":"open","ping_status":"open","sticky":false,"template":"","format":"standard","meta":{"footnotes":""},"categories":[5],"tags":[550,27,30,347],"class_list":["post-1284","post","type-post","status-publish","format-standard","has-post-thumbnail","hentry","category-deportes","tag-femenino","tag-futbol","tag-liga","tag-reducido"],"yoast_head":"<!-- This site is optimized with the Yoast SEO plugin v27.4 - https:\/\/yoast.com\/product\/yoast-seo-wordpress\/ -->\n<title>Toda la agenda de la Liga Mercedina<\/title>\n<meta name=\"robots\" content=\"index, follow, max-snippet:-1, max-image-preview:large, max-video-preview:-1\" \/>\n<link rel=\"canonical\" href=\"https:\/\/noticiasmercedinas.com\/site\/2018\/09\/07\/toda-la-agenda-de-la-liga-mercedina\/\" \/>\n<meta property=\"og:locale\" content=\"es_ES\" \/>\n<meta property=\"og:type\" content=\"article\" \/>\n<meta property=\"og:title\" content=\"Toda la agenda de la Liga Mercedina\" \/>\n<meta property=\"og:description\" content=\"El fin de semana habr\u00e1 una gran cantidad de partidos. En Primera se disputar\u00e1n los cuartos de final comenzando a jugar los que se clasificaron primeros y segundos en sus zonas. Con ello la ventaja deportiva es para Mercedes, Col\u00f3n, Front\u00f3n y Juventud.\u00a0 El Infanto-Juvenil tendr\u00e1 su \u00faltima fecha. Arranca un nuevo certamen del f\u00fatbol [&hellip;]\" \/>\n<meta property=\"og:url\" content=\"https:\/\/noticiasmercedinas.com\/site\/2018\/09\/07\/toda-la-agenda-de-la-liga-mercedina\/\" \/>\n<meta property=\"og:site_name\" content=\"NOTICIASMERCEDINAS.COM\" \/>\n<meta property=\"article:publisher\" content=\"https:\/\/www.facebook.com\/noticiasmercedinas\/\" \/>\n<meta property=\"article:published_time\" content=\"2018-09-07T14:43:52+00:00\" \/>\n<meta property=\"og:image\" content=\"https:\/\/noticiasmercedinas.com\/site\/wp-content\/uploads\/2018\/09\/IMG_2993.jpg\" \/>\n\t<meta property=\"og:image:width\" content=\"650\" \/>\n\t<meta property=\"og:image:height\" content=\"433\" \/>\n\t<meta property=\"og:image:type\" content=\"image\/jpeg\" \/>\n<meta name=\"author\" content=\"Juan Dagnino NOTICIASMERCEDINAS.COM\" \/>\n<meta name=\"twitter:card\" content=\"summary_large_image\" \/>\n<meta name=\"twitter:creator\" content=\"@notmercedinas\" \/>\n<meta name=\"twitter:site\" content=\"@notmercedinas\" \/>\n<meta name=\"twitter:label1\" content=\"Escrito por\" \/>\n\t<meta name=\"twitter:data1\" content=\"Juan Dagnino NOTICIASMERCEDINAS.COM\" \/>\n\t<meta name=\"twitter:label2\" content=\"Tiempo de lectura\" \/>\n\t<meta name=\"twitter:data2\" content=\"3 minutos\" \/>\n<script type=\"application\/ld+json\" class=\"yoast-schema-graph\">{\"@context\":\"https:\\\/\\\/schema.org\",\"@graph\":[{\"@type\":\"Article\",\"@id\":\"https:\\\/\\\/noticiasmercedinas.com\\\/site\\\/2018\\\/09\\\/07\\\/toda-la-agenda-de-la-liga-mercedina\\\/#article\",\"isPartOf\":{\"@id\":\"https:\\\/\\\/noticiasmercedinas.com\\\/site\\\/2018\\\/09\\\/07\\\/toda-la-agenda-de-la-liga-mercedina\\\/\"},\"author\":{\"name\":\"Juan Dagnino NOTICIASMERCEDINAS.COM\",\"@id\":\"https:\\\/\\\/noticiasmercedinas.com\\\/site\\\/#\\\/schema\\\/person\\\/8f2f09d666ef40986eba4a5e6f2a06f9\"},\"headline\":\"Toda la agenda de la Liga Mercedina\",\"datePublished\":\"2018-09-07T14:43:52+00:00\",\"mainEntityOfPage\":{\"@id\":\"https:\\\/\\\/noticiasmercedinas.com\\\/site\\\/2018\\\/09\\\/07\\\/toda-la-agenda-de-la-liga-mercedina\\\/\"},\"wordCount\":540,\"commentCount\":0,\"publisher\":{\"@id\":\"https:\\\/\\\/noticiasmercedinas.com\\\/site\\\/#organization\"},\"image\":{\"@id\":\"https:\\\/\\\/noticiasmercedinas.com\\\/site\\\/2018\\\/09\\\/07\\\/toda-la-agenda-de-la-liga-mercedina\\\/#primaryimage\"},\"thumbnailUrl\":\"https:\\\/\\\/noticiasmercedinas.com\\\/site\\\/wp-content\\\/uploads\\\/2018\\\/09\\\/IMG_2993.jpg\",\"keywords\":[\"femenino\",\"futbol\",\"liga\",\"reducido\"],\"articleSection\":[\"Deportes\"],\"inLanguage\":\"es\",\"potentialAction\":[{\"@type\":\"CommentAction\",\"name\":\"Comment\",\"target\":[\"https:\\\/\\\/noticiasmercedinas.com\\\/site\\\/2018\\\/09\\\/07\\\/toda-la-agenda-de-la-liga-mercedina\\\/#respond\"]}]},{\"@type\":\"WebPage\",\"@id\":\"https:\\\/\\\/noticiasmercedinas.com\\\/site\\\/2018\\\/09\\\/07\\\/toda-la-agenda-de-la-liga-mercedina\\\/\",\"url\":\"https:\\\/\\\/noticiasmercedinas.com\\\/site\\\/2018\\\/09\\\/07\\\/toda-la-agenda-de-la-liga-mercedina\\\/\",\"name\":\"Toda la agenda de la Liga Mercedina\",\"isPartOf\":{\"@id\":\"https:\\\/\\\/noticiasmercedinas.com\\\/site\\\/#website\"},\"primaryImageOfPage\":{\"@id\":\"https:\\\/\\\/noticiasmercedinas.com\\\/site\\\/2018\\\/09\\\/07\\\/toda-la-agenda-de-la-liga-mercedina\\\/#primaryimage\"},\"image\":{\"@id\":\"https:\\\/\\\/noticiasmercedinas.com\\\/site\\\/2018\\\/09\\\/07\\\/toda-la-agenda-de-la-liga-mercedina\\\/#primaryimage\"},\"thumbnailUrl\":\"https:\\\/\\\/noticiasmercedinas.com\\\/site\\\/wp-content\\\/uploads\\\/2018\\\/09\\\/IMG_2993.jpg\",\"datePublished\":\"2018-09-07T14:43:52+00:00\",\"breadcrumb\":{\"@id\":\"https:\\\/\\\/noticiasmercedinas.com\\\/site\\\/2018\\\/09\\\/07\\\/toda-la-agenda-de-la-liga-mercedina\\\/#breadcrumb\"},\"inLanguage\":\"es\",\"potentialAction\":[{\"@type\":\"ReadAction\",\"target\":[\"https:\\\/\\\/noticiasmercedinas.com\\\/site\\\/2018\\\/09\\\/07\\\/toda-la-agenda-de-la-liga-mercedina\\\/\"]}]},{\"@type\":\"ImageObject\",\"inLanguage\":\"es\",\"@id\":\"https:\\\/\\\/noticiasmercedinas.com\\\/site\\\/2018\\\/09\\\/07\\\/toda-la-agenda-de-la-liga-mercedina\\\/#primaryimage\",\"url\":\"https:\\\/\\\/noticiasmercedinas.com\\\/site\\\/wp-content\\\/uploads\\\/2018\\\/09\\\/IMG_2993.jpg\",\"contentUrl\":\"https:\\\/\\\/noticiasmercedinas.com\\\/site\\\/wp-content\\\/uploads\\\/2018\\\/09\\\/IMG_2993.jpg\",\"width\":650,\"height\":433},{\"@type\":\"BreadcrumbList\",\"@id\":\"https:\\\/\\\/noticiasmercedinas.com\\\/site\\\/2018\\\/09\\\/07\\\/toda-la-agenda-de-la-liga-mercedina\\\/#breadcrumb\",\"itemListElement\":[{\"@type\":\"ListItem\",\"position\":1,\"name\":\"Portada\",\"item\":\"https:\\\/\\\/noticiasmercedinas.com\\\/site\\\/\"},{\"@type\":\"ListItem\",\"position\":2,\"name\":\"Toda la agenda de la Liga Mercedina\"}]},{\"@type\":\"WebSite\",\"@id\":\"https:\\\/\\\/noticiasmercedinas.com\\\/site\\\/#website\",\"url\":\"https:\\\/\\\/noticiasmercedinas.com\\\/site\\\/\",\"name\":\"NOTICIASMERCEDINAS.COM\",\"description\":\"Mercedes, Buenos Aires, Argentina\",\"publisher\":{\"@id\":\"https:\\\/\\\/noticiasmercedinas.com\\\/site\\\/#organization\"},\"potentialAction\":[{\"@type\":\"SearchAction\",\"target\":{\"@type\":\"EntryPoint\",\"urlTemplate\":\"https:\\\/\\\/noticiasmercedinas.com\\\/site\\\/?s={search_term_string}\"},\"query-input\":{\"@type\":\"PropertyValueSpecification\",\"valueRequired\":true,\"valueName\":\"search_term_string\"}}],\"inLanguage\":\"es\"},{\"@type\":\"Organization\",\"@id\":\"https:\\\/\\\/noticiasmercedinas.com\\\/site\\\/#organization\",\"name\":\"NOTICIASMERCEDINAS.COM\",\"url\":\"https:\\\/\\\/noticiasmercedinas.com\\\/site\\\/\",\"logo\":{\"@type\":\"ImageObject\",\"inLanguage\":\"es\",\"@id\":\"https:\\\/\\\/noticiasmercedinas.com\\\/site\\\/#\\\/schema\\\/logo\\\/image\\\/\",\"url\":\"https:\\\/\\\/noticiasmercedinas.com\\\/site\\\/wp-content\\\/uploads\\\/2020\\\/06\\\/LOGO-512.jpg\",\"contentUrl\":\"https:\\\/\\\/noticiasmercedinas.com\\\/site\\\/wp-content\\\/uploads\\\/2020\\\/06\\\/LOGO-512.jpg\",\"width\":512,\"height\":512,\"caption\":\"NOTICIASMERCEDINAS.COM\"},\"image\":{\"@id\":\"https:\\\/\\\/noticiasmercedinas.com\\\/site\\\/#\\\/schema\\\/logo\\\/image\\\/\"},\"sameAs\":[\"https:\\\/\\\/www.facebook.com\\\/noticiasmercedinas\\\/\",\"https:\\\/\\\/x.com\\\/notmercedinas\",\"https:\\\/\\\/www.instagram.com\\\/noticiasmercedinas\\\/\"]},{\"@type\":\"Person\",\"@id\":\"https:\\\/\\\/noticiasmercedinas.com\\\/site\\\/#\\\/schema\\\/person\\\/8f2f09d666ef40986eba4a5e6f2a06f9\",\"name\":\"Juan Dagnino NOTICIASMERCEDINAS.COM\",\"image\":{\"@type\":\"ImageObject\",\"inLanguage\":\"es\",\"@id\":\"https:\\\/\\\/secure.gravatar.com\\\/avatar\\\/fc7059a769f5a3cae65fadb228a3e4accf3a64b4b2305020d0a27e6d5333c91b?s=96&d=mm&r=g\",\"url\":\"https:\\\/\\\/secure.gravatar.com\\\/avatar\\\/fc7059a769f5a3cae65fadb228a3e4accf3a64b4b2305020d0a27e6d5333c91b?s=96&d=mm&r=g\",\"contentUrl\":\"https:\\\/\\\/secure.gravatar.com\\\/avatar\\\/fc7059a769f5a3cae65fadb228a3e4accf3a64b4b2305020d0a27e6d5333c91b?s=96&d=mm&r=g\",\"caption\":\"Juan Dagnino NOTICIASMERCEDINAS.COM\"},\"url\":\"https:\\\/\\\/noticiasmercedinas.com\\\/site\\\/author\\\/juandagnino\\\/\"}]}<\/script>\n<!-- \/ Yoast SEO plugin. -->","yoast_head_json":{"title":"Toda la agenda de la Liga Mercedina","robots":{"index":"index","follow":"follow","max-snippet":"max-snippet:-1","max-image-preview":"max-image-preview:large","max-video-preview":"max-video-preview:-1"},"canonical":"https:\/\/noticiasmercedinas.com\/site\/2018\/09\/07\/toda-la-agenda-de-la-liga-mercedina\/","og_locale":"es_ES","og_type":"article","og_title":"Toda la agenda de la Liga Mercedina","og_description":"El fin de semana habr\u00e1 una gran cantidad de partidos. En Primera se disputar\u00e1n los cuartos de final comenzando a jugar los que se clasificaron primeros y segundos en sus zonas. Con ello la ventaja deportiva es para Mercedes, Col\u00f3n, Front\u00f3n y Juventud.\u00a0 El Infanto-Juvenil tendr\u00e1 su \u00faltima fecha. Arranca un nuevo certamen del f\u00fatbol [&hellip;]","og_url":"https:\/\/noticiasmercedinas.com\/site\/2018\/09\/07\/toda-la-agenda-de-la-liga-mercedina\/","og_site_name":"NOTICIASMERCEDINAS.COM","article_publisher":"https:\/\/www.facebook.com\/noticiasmercedinas\/","article_published_time":"2018-09-07T14:43:52+00:00","og_image":[{"width":650,"height":433,"url":"https:\/\/noticiasmercedinas.com\/site\/wp-content\/uploads\/2018\/09\/IMG_2993.jpg","type":"image\/jpeg"}],"author":"Juan Dagnino NOTICIASMERCEDINAS.COM","twitter_card":"summary_large_image","twitter_creator":"@notmercedinas","twitter_site":"@notmercedinas","twitter_misc":{"Escrito por":"Juan Dagnino NOTICIASMERCEDINAS.COM","Tiempo de lectura":"3 minutos"},"schema":{"@context":"https:\/\/schema.org","@graph":[{"@type":"Article","@id":"https:\/\/noticiasmercedinas.com\/site\/2018\/09\/07\/toda-la-agenda-de-la-liga-mercedina\/#article","isPartOf":{"@id":"https:\/\/noticiasmercedinas.com\/site\/2018\/09\/07\/toda-la-agenda-de-la-liga-mercedina\/"},"author":{"name":"Juan Dagnino NOTICIASMERCEDINAS.COM","@id":"https:\/\/noticiasmercedinas.com\/site\/#\/schema\/person\/8f2f09d666ef40986eba4a5e6f2a06f9"},"headline":"Toda la agenda de la Liga Mercedina","datePublished":"2018-09-07T14:43:52+00:00","mainEntityOfPage":{"@id":"https:\/\/noticiasmercedinas.com\/site\/2018\/09\/07\/toda-la-agenda-de-la-liga-mercedina\/"},"wordCount":540,"commentCount":0,"publisher":{"@id":"https:\/\/noticiasmercedinas.com\/site\/#organization"},"image":{"@id":"https:\/\/noticiasmercedinas.com\/site\/2018\/09\/07\/toda-la-agenda-de-la-liga-mercedina\/#primaryimage"},"thumbnailUrl":"https:\/\/noticiasmercedinas.com\/site\/wp-content\/uploads\/2018\/09\/IMG_2993.jpg","keywords":["femenino","futbol","liga","reducido"],"articleSection":["Deportes"],"inLanguage":"es","potentialAction":[{"@type":"CommentAction","name":"Comment","target":["https:\/\/noticiasmercedinas.com\/site\/2018\/09\/07\/toda-la-agenda-de-la-liga-mercedina\/#respond"]}]},{"@type":"WebPage","@id":"https:\/\/noticiasmercedinas.com\/site\/2018\/09\/07\/toda-la-agenda-de-la-liga-mercedina\/","url":"https:\/\/noticiasmercedinas.com\/site\/2018\/09\/07\/toda-la-agenda-de-la-liga-mercedina\/","name":"Toda la agenda de la Liga Mercedina","isPartOf":{"@id":"https:\/\/noticiasmercedinas.com\/site\/#website"},"primaryImageOfPage":{"@id":"https:\/\/noticiasmercedinas.com\/site\/2018\/09\/07\/toda-la-agenda-de-la-liga-mercedina\/#primaryimage"},"image":{"@id":"https:\/\/noticiasmercedinas.com\/site\/2018\/09\/07\/toda-la-agenda-de-la-liga-mercedina\/#primaryimage"},"thumbnailUrl":"https:\/\/noticiasmercedinas.com\/site\/wp-content\/uploads\/2018\/09\/IMG_2993.jpg","datePublished":"2018-09-07T14:43:52+00:00","breadcrumb":{"@id":"https:\/\/noticiasmercedinas.com\/site\/2018\/09\/07\/toda-la-agenda-de-la-liga-mercedina\/#breadcrumb"},"inLanguage":"es","potentialAction":[{"@type":"ReadAction","target":["https:\/\/noticiasmercedinas.com\/site\/2018\/09\/07\/toda-la-agenda-de-la-liga-mercedina\/"]}]},{"@type":"ImageObject","inLanguage":"es","@id":"https:\/\/noticiasmercedinas.com\/site\/2018\/09\/07\/toda-la-agenda-de-la-liga-mercedina\/#primaryimage","url":"https:\/\/noticiasmercedinas.com\/site\/wp-content\/uploads\/2018\/09\/IMG_2993.jpg","contentUrl":"https:\/\/noticiasmercedinas.com\/site\/wp-content\/uploads\/2018\/09\/IMG_2993.jpg","width":650,"height":433},{"@type":"BreadcrumbList","@id":"https:\/\/noticiasmercedinas.com\/site\/2018\/09\/07\/toda-la-agenda-de-la-liga-mercedina\/#breadcrumb","itemListElement":[{"@type":"ListItem","position":1,"name":"Portada","item":"https:\/\/noticiasmercedinas.com\/site\/"},{"@type":"ListItem","position":2,"name":"Toda la agenda de la Liga Mercedina"}]},{"@type":"WebSite","@id":"https:\/\/noticiasmercedinas.com\/site\/#website","url":"https:\/\/noticiasmercedinas.com\/site\/","name":"NOTICIASMERCEDINAS.COM","description":"Mercedes, Buenos Aires, Argentina","publisher":{"@id":"https:\/\/noticiasmercedinas.com\/site\/#organization"},"potentialAction":[{"@type":"SearchAction","target":{"@type":"EntryPoint","urlTemplate":"https:\/\/noticiasmercedinas.com\/site\/?s={search_term_string}"},"query-input":{"@type":"PropertyValueSpecification","valueRequired":true,"valueName":"search_term_string"}}],"inLanguage":"es"},{"@type":"Organization","@id":"https:\/\/noticiasmercedinas.com\/site\/#organization","name":"NOTICIASMERCEDINAS.COM","url":"https:\/\/noticiasmercedinas.com\/site\/","logo":{"@type":"ImageObject","inLanguage":"es","@id":"https:\/\/noticiasmercedinas.com\/site\/#\/schema\/logo\/image\/","url":"https:\/\/noticiasmercedinas.com\/site\/wp-content\/uploads\/2020\/06\/LOGO-512.jpg","contentUrl":"https:\/\/noticiasmercedinas.com\/site\/wp-content\/uploads\/2020\/06\/LOGO-512.jpg","width":512,"height":512,"caption":"NOTICIASMERCEDINAS.COM"},"image":{"@id":"https:\/\/noticiasmercedinas.com\/site\/#\/schema\/logo\/image\/"},"sameAs":["https:\/\/www.facebook.com\/noticiasmercedinas\/","https:\/\/x.com\/notmercedinas","https:\/\/www.instagram.com\/noticiasmercedinas\/"]},{"@type":"Person","@id":"https:\/\/noticiasmercedinas.com\/site\/#\/schema\/person\/8f2f09d666ef40986eba4a5e6f2a06f9","name":"Juan Dagnino NOTICIASMERCEDINAS.COM","image":{"@type":"ImageObject","inLanguage":"es","@id":"https:\/\/secure.gravatar.com\/avatar\/fc7059a769f5a3cae65fadb228a3e4accf3a64b4b2305020d0a27e6d5333c91b?s=96&d=mm&r=g","url":"https:\/\/secure.gravatar.com\/avatar\/fc7059a769f5a3cae65fadb228a3e4accf3a64b4b2305020d0a27e6d5333c91b?s=96&d=mm&r=g","contentUrl":"https:\/\/secure.gravatar.com\/avatar\/fc7059a769f5a3cae65fadb228a3e4accf3a64b4b2305020d0a27e6d5333c91b?s=96&d=mm&r=g","caption":"Juan Dagnino NOTICIASMERCEDINAS.COM"},"url":"https:\/\/noticiasmercedinas.com\/site\/author\/juandagnino\/"}]}},"amp_enabled":true,"_links":{"self":[{"href":"https:\/\/noticiasmercedinas.com\/site\/wp-json\/wp\/v2\/posts\/1284","targetHints":{"allow":["GET"]}}],"collection":[{"href":"https:\/\/noticiasmercedinas.com\/site\/wp-json\/wp\/v2\/posts"}],"about":[{"href":"https:\/\/noticiasmercedinas.com\/site\/wp-json\/wp\/v2\/types\/post"}],"author":[{"embeddable":true,"href":"https:\/\/noticiasmercedinas.com\/site\/wp-json\/wp\/v2\/users\/6"}],"replies":[{"embeddable":true,"href":"https:\/\/noticiasmercedinas.com\/site\/wp-json\/wp\/v2\/comments?post=1284"}],"version-history":[{"count":1,"href":"https:\/\/noticiasmercedinas.com\/site\/wp-json\/wp\/v2\/posts\/1284\/revisions"}],"predecessor-version":[{"id":1286,"href":"https:\/\/noticiasmercedinas.com\/site\/wp-json\/wp\/v2\/posts\/1284\/revisions\/1286"}],"wp:featuredmedia":[{"embeddable":true,"href":"https:\/\/noticiasmercedinas.com\/site\/wp-json\/wp\/v2\/media\/1285"}],"wp:attachment":[{"href":"https:\/\/noticiasmercedinas.com\/site\/wp-json\/wp\/v2\/media?parent=1284"}],"wp:term":[{"taxonomy":"category","embeddable":true,"href":"https:\/\/noticiasmercedinas.com\/site\/wp-json\/wp\/v2\/categories?post=1284"},{"taxonomy":"post_tag","embeddable":true,"href":"https:\/\/noticiasmercedinas.com\/site\/wp-json\/wp\/v2\/tags?post=1284"}],"curies":[{"name":"wp","href":"https:\/\/api.w.org\/{rel}","templated":true}]}}