{"id":128492,"date":"2023-12-16T17:15:04","date_gmt":"2023-12-16T20:15:04","guid":{"rendered":"https:\/\/noticiasmercedinas.com\/site\/?p=128492"},"modified":"2023-12-16T17:58:46","modified_gmt":"2023-12-16T20:58:46","slug":"motin-volvio-y-brillo-en-una-noche-de-punk-que-hizo-temblar-las-paredes","status":"publish","type":"post","link":"https:\/\/noticiasmercedinas.com\/site\/2023\/12\/16\/motin-volvio-y-brillo-en-una-noche-de-punk-que-hizo-temblar-las-paredes\/","title":{"rendered":"Mot\u00edn volvi\u00f3 y brill\u00f3 en una noche de punk que hizo temblar las paredes"},"content":{"rendered":"<p><img loading=\"lazy\" decoding=\"async\" class=\"alignnone size-full wp-image-128495\" src=\"https:\/\/noticiasmercedinas.com\/site\/wp-content\/uploads\/2023\/12\/IMG-20231216-WA0021.jpg\" alt=\"\" width=\"720\" height=\"496\" srcset=\"https:\/\/noticiasmercedinas.com\/site\/wp-content\/uploads\/2023\/12\/IMG-20231216-WA0021.jpg 720w, https:\/\/noticiasmercedinas.com\/site\/wp-content\/uploads\/2023\/12\/IMG-20231216-WA0021-300x207.jpg 300w, https:\/\/noticiasmercedinas.com\/site\/wp-content\/uploads\/2023\/12\/IMG-20231216-WA0021-640x441.jpg 640w, https:\/\/noticiasmercedinas.com\/site\/wp-content\/uploads\/2023\/12\/IMG-20231216-WA0021-681x469.jpg 681w\" sizes=\"auto, (max-width: 720px) 100vw, 720px\" \/><\/p>\n<p>En medio del constante cambio de g\u00e9neros musicales, el punk rock mantiene su esencia en \u00abMitus\u00bb, el ic\u00f3nico refugio ubicado en el primer piso de 25 esquina 22 en Mercedes. El pasado viernes 15, el lugar vibr\u00f3 con el regreso a \u00ablas tablas\u00bb de Mot\u00edn, la banda liderada por <strong>Nahuel \u00abSapo\u00bb Fusco<\/strong>, quien, para este retorno, cont\u00f3 con tres guitarras y miembros de la formaci\u00f3n original.<\/p>\n<p>La energ\u00eda punk se desat\u00f3 con la presencia de <strong>Lautaro Ferrer<\/strong> en el bajo,<strong> Mariano Grassi<\/strong> en la guitarra, y otros integrantes que se sumaron en diferentes \u00e9pocas, como <strong>Gustavo Resqu\u00edn<\/strong> (guitarra),<strong> Joaqu\u00edn Romero<\/strong> en la viola, y el siempre presente <strong>Andr\u00e9s Logi\u00f3dice<\/strong> en la bater\u00eda. Juntos interpretaron cl\u00e1sicos como \u00abMatando el tiempo\u00bb, \u00abQue pasa si me paso\u00bb, \u00abRechifle\u00bb y m\u00e1s.<\/p>\n<blockquote><p>Los Mot\u00edn en su regreso interpretaron cl\u00e1sicos como \u00abMatando el tiempo\u00bb, \u00abQue pasa si me paso\u00bb, \u00abRechifle\u00bb y m\u00e1s.<\/p><\/blockquote>\n<p>Mot\u00edn no dej\u00f3 de rendir homenaje a sus influencias, con covers de La Polla Records, como \u00abCarne para picadora\u00bb y \u00abEllos dicen mierda\u00bb. Desde Mar del Plata, <strong>Marxelo Sacco<\/strong>, actual integrante de The Garkas y referente del punk nacional, se uni\u00f3 al escenario. Junto a un bajista y los guitarristas de Mot\u00edn, as\u00ed como Logi\u00f3dice en la bater\u00eda, interpretaron temas de la antigua \u00e9poca de la banda marplatense.<\/p>\n<p>La noche alcanz\u00f3 su punto \u00e1lgido cuando Sacco record\u00f3 su primer encuentro con la banda y expres\u00f3 su agradecimiento a los seguidores que persisten con el tiempo. Cerrando la velada junto a Fusco en un escenario lleno de m\u00fasicos, la nota de color la aport\u00f3 \u00abCharles\u00bb Racing (<strong>Carlos Carrera<\/strong>), quien comparti\u00f3 an\u00e9cdotas sobre c\u00f3mo conoci\u00f3 a la banda y c\u00f3mo un familiar termin\u00f3 rompiendo el cassette que tanto escuchaba, aquel lanzado con esfuerzo por Mot\u00edn d\u00e9cadas atr\u00e1s.<\/p>\n<p>Mot\u00edn, atrayendo a un p\u00fablico mayor de 30 a 50 a\u00f1os, ha marcado su regreso y ya tiene programadas nuevas fechas en la ciudad. Recordemos que fue una de las dos \u00fanicas bandas de Mercedes, junto a S\u00e9nomar, que tuvieron el honor de tocar en el desaparecido Cemento en el barrio porte\u00f1o de San Telmo.<\/p>\n<p>Por \u00faltimo, en el show de Mitus estaban entre el p\u00fablico Pablo Demarco y Mar\u00eda Maldonado, y Motin dedic\u00f3 su show a <strong>Fernando Tornatore<\/strong>, el tempranamente fallecido l\u00edder pol\u00edtico de la izquierda local, prometiendo volver a dibujar aquel <a href=\"https:\/\/noticiasmercedinas.com\/100910tornatore.htm\">mural con su cara en esquina 29 y 26<\/a>.<\/p>\n<p><iframe loading=\"lazy\" title=\"&quot;Charles&quot; Racing y sus palabras sobre Mot\u00edn\" width=\"640\" height=\"360\" src=\"https:\/\/www.youtube.com\/embed\/yv2yAc7pTGM?feature=oembed\" frameborder=\"0\" allow=\"accelerometer; autoplay; clipboard-write; encrypted-media; gyroscope; picture-in-picture; web-share\" referrerpolicy=\"strict-origin-when-cross-origin\" allowfullscreen><\/iframe><\/p>\n","protected":false},"excerpt":{"rendered":"<p>\u25a0 Este viernes en Mitus son\u00f3 una de las dos \u00fanicas bandas de Mercedes, junto a S\u00e9nomar, que tuvieron el honor de tocar en el desaparecido Cemento en el barrio porte\u00f1o de San Telmo.<\/p>\n","protected":false},"author":6,"featured_media":128495,"comment_status":"closed","ping_status":"closed","sticky":false,"template":"","format":"standard","meta":{"footnotes":""},"categories":[4],"tags":[14731,11397,2443,1295],"class_list":["post-128492","post","type-post","status-publish","format-standard","has-post-thumbnail","hentry","category-cultura","tag-mitus","tag-motin","tag-nahuel-fusco","tag-punk"],"yoast_head":"<!-- This site is optimized with the Yoast SEO plugin v27.5 - https:\/\/yoast.com\/product\/yoast-seo-wordpress\/ -->\n<title>Mot\u00edn volvi\u00f3 y brill\u00f3 en una noche de punk que hizo temblar las paredes<\/title>\n<meta name=\"robots\" content=\"index, follow, max-snippet:-1, max-image-preview:large, max-video-preview:-1\" \/>\n<link rel=\"canonical\" href=\"https:\/\/noticiasmercedinas.com\/site\/2023\/12\/16\/motin-volvio-y-brillo-en-una-noche-de-punk-que-hizo-temblar-las-paredes\/\" \/>\n<meta property=\"og:locale\" content=\"es_ES\" \/>\n<meta property=\"og:type\" content=\"article\" \/>\n<meta property=\"og:title\" content=\"Mot\u00edn volvi\u00f3 y brill\u00f3 en una noche de punk que hizo temblar las paredes\" \/>\n<meta property=\"og:description\" content=\"\u25a0 Este viernes en Mitus son\u00f3 una de las dos \u00fanicas bandas de Mercedes, junto a S\u00e9nomar, que tuvieron el honor de tocar en el desaparecido Cemento en el barrio porte\u00f1o de San Telmo.\" \/>\n<meta property=\"og:url\" content=\"https:\/\/noticiasmercedinas.com\/site\/2023\/12\/16\/motin-volvio-y-brillo-en-una-noche-de-punk-que-hizo-temblar-las-paredes\/\" \/>\n<meta property=\"og:site_name\" content=\"NOTICIASMERCEDINAS.COM\" \/>\n<meta property=\"article:publisher\" content=\"https:\/\/www.facebook.com\/noticiasmercedinas\/\" \/>\n<meta property=\"article:published_time\" content=\"2023-12-16T20:15:04+00:00\" \/>\n<meta property=\"article:modified_time\" content=\"2023-12-16T20:58:46+00:00\" \/>\n<meta property=\"og:image\" content=\"https:\/\/noticiasmercedinas.com\/site\/wp-content\/uploads\/2023\/12\/IMG-20231216-WA0021.jpg\" \/>\n\t<meta property=\"og:image:width\" content=\"720\" \/>\n\t<meta property=\"og:image:height\" content=\"496\" \/>\n\t<meta property=\"og:image:type\" content=\"image\/jpeg\" \/>\n<meta name=\"author\" content=\"Juan Dagnino NOTICIASMERCEDINAS.COM\" \/>\n<meta name=\"twitter:card\" content=\"summary_large_image\" \/>\n<meta name=\"twitter:creator\" content=\"@notmercedinas\" \/>\n<meta name=\"twitter:site\" content=\"@notmercedinas\" \/>\n<meta name=\"twitter:label1\" content=\"Escrito por\" \/>\n\t<meta name=\"twitter:data1\" content=\"Juan Dagnino NOTICIASMERCEDINAS.COM\" \/>\n\t<meta name=\"twitter:label2\" content=\"Tiempo de lectura\" \/>\n\t<meta name=\"twitter:data2\" content=\"3 minutos\" \/>\n<script type=\"application\/ld+json\" class=\"yoast-schema-graph\">{\"@context\":\"https:\\\/\\\/schema.org\",\"@graph\":[{\"@type\":\"Article\",\"@id\":\"https:\\\/\\\/noticiasmercedinas.com\\\/site\\\/2023\\\/12\\\/16\\\/motin-volvio-y-brillo-en-una-noche-de-punk-que-hizo-temblar-las-paredes\\\/#article\",\"isPartOf\":{\"@id\":\"https:\\\/\\\/noticiasmercedinas.com\\\/site\\\/2023\\\/12\\\/16\\\/motin-volvio-y-brillo-en-una-noche-de-punk-que-hizo-temblar-las-paredes\\\/\"},\"author\":{\"name\":\"Juan Dagnino NOTICIASMERCEDINAS.COM\",\"@id\":\"https:\\\/\\\/noticiasmercedinas.com\\\/site\\\/#\\\/schema\\\/person\\\/8f2f09d666ef40986eba4a5e6f2a06f9\"},\"headline\":\"Mot\u00edn volvi\u00f3 y brill\u00f3 en una noche de punk que hizo temblar las paredes\",\"datePublished\":\"2023-12-16T20:15:04+00:00\",\"dateModified\":\"2023-12-16T20:58:46+00:00\",\"mainEntityOfPage\":{\"@id\":\"https:\\\/\\\/noticiasmercedinas.com\\\/site\\\/2023\\\/12\\\/16\\\/motin-volvio-y-brillo-en-una-noche-de-punk-que-hizo-temblar-las-paredes\\\/\"},\"wordCount\":446,\"publisher\":{\"@id\":\"https:\\\/\\\/noticiasmercedinas.com\\\/site\\\/#organization\"},\"image\":{\"@id\":\"https:\\\/\\\/noticiasmercedinas.com\\\/site\\\/2023\\\/12\\\/16\\\/motin-volvio-y-brillo-en-una-noche-de-punk-que-hizo-temblar-las-paredes\\\/#primaryimage\"},\"thumbnailUrl\":\"https:\\\/\\\/noticiasmercedinas.com\\\/site\\\/wp-content\\\/uploads\\\/2023\\\/12\\\/IMG-20231216-WA0021.jpg\",\"keywords\":[\"mitus\",\"Motin\",\"Nahuel Fusco\",\"punk\"],\"articleSection\":[\"Cultura\"],\"inLanguage\":\"es\"},{\"@type\":\"WebPage\",\"@id\":\"https:\\\/\\\/noticiasmercedinas.com\\\/site\\\/2023\\\/12\\\/16\\\/motin-volvio-y-brillo-en-una-noche-de-punk-que-hizo-temblar-las-paredes\\\/\",\"url\":\"https:\\\/\\\/noticiasmercedinas.com\\\/site\\\/2023\\\/12\\\/16\\\/motin-volvio-y-brillo-en-una-noche-de-punk-que-hizo-temblar-las-paredes\\\/\",\"name\":\"Mot\u00edn volvi\u00f3 y brill\u00f3 en una noche de punk que hizo temblar las paredes\",\"isPartOf\":{\"@id\":\"https:\\\/\\\/noticiasmercedinas.com\\\/site\\\/#website\"},\"primaryImageOfPage\":{\"@id\":\"https:\\\/\\\/noticiasmercedinas.com\\\/site\\\/2023\\\/12\\\/16\\\/motin-volvio-y-brillo-en-una-noche-de-punk-que-hizo-temblar-las-paredes\\\/#primaryimage\"},\"image\":{\"@id\":\"https:\\\/\\\/noticiasmercedinas.com\\\/site\\\/2023\\\/12\\\/16\\\/motin-volvio-y-brillo-en-una-noche-de-punk-que-hizo-temblar-las-paredes\\\/#primaryimage\"},\"thumbnailUrl\":\"https:\\\/\\\/noticiasmercedinas.com\\\/site\\\/wp-content\\\/uploads\\\/2023\\\/12\\\/IMG-20231216-WA0021.jpg\",\"datePublished\":\"2023-12-16T20:15:04+00:00\",\"dateModified\":\"2023-12-16T20:58:46+00:00\",\"breadcrumb\":{\"@id\":\"https:\\\/\\\/noticiasmercedinas.com\\\/site\\\/2023\\\/12\\\/16\\\/motin-volvio-y-brillo-en-una-noche-de-punk-que-hizo-temblar-las-paredes\\\/#breadcrumb\"},\"inLanguage\":\"es\",\"potentialAction\":[{\"@type\":\"ReadAction\",\"target\":[\"https:\\\/\\\/noticiasmercedinas.com\\\/site\\\/2023\\\/12\\\/16\\\/motin-volvio-y-brillo-en-una-noche-de-punk-que-hizo-temblar-las-paredes\\\/\"]}]},{\"@type\":\"ImageObject\",\"inLanguage\":\"es\",\"@id\":\"https:\\\/\\\/noticiasmercedinas.com\\\/site\\\/2023\\\/12\\\/16\\\/motin-volvio-y-brillo-en-una-noche-de-punk-que-hizo-temblar-las-paredes\\\/#primaryimage\",\"url\":\"https:\\\/\\\/noticiasmercedinas.com\\\/site\\\/wp-content\\\/uploads\\\/2023\\\/12\\\/IMG-20231216-WA0021.jpg\",\"contentUrl\":\"https:\\\/\\\/noticiasmercedinas.com\\\/site\\\/wp-content\\\/uploads\\\/2023\\\/12\\\/IMG-20231216-WA0021.jpg\",\"width\":720,\"height\":496},{\"@type\":\"BreadcrumbList\",\"@id\":\"https:\\\/\\\/noticiasmercedinas.com\\\/site\\\/2023\\\/12\\\/16\\\/motin-volvio-y-brillo-en-una-noche-de-punk-que-hizo-temblar-las-paredes\\\/#breadcrumb\",\"itemListElement\":[{\"@type\":\"ListItem\",\"position\":1,\"name\":\"Portada\",\"item\":\"https:\\\/\\\/noticiasmercedinas.com\\\/site\\\/\"},{\"@type\":\"ListItem\",\"position\":2,\"name\":\"Mot\u00edn volvi\u00f3 y brill\u00f3 en una noche de punk que hizo temblar las paredes\"}]},{\"@type\":\"WebSite\",\"@id\":\"https:\\\/\\\/noticiasmercedinas.com\\\/site\\\/#website\",\"url\":\"https:\\\/\\\/noticiasmercedinas.com\\\/site\\\/\",\"name\":\"NOTICIASMERCEDINAS.COM\",\"description\":\"Mercedes, Buenos Aires, Argentina\",\"publisher\":{\"@id\":\"https:\\\/\\\/noticiasmercedinas.com\\\/site\\\/#organization\"},\"potentialAction\":[{\"@type\":\"SearchAction\",\"target\":{\"@type\":\"EntryPoint\",\"urlTemplate\":\"https:\\\/\\\/noticiasmercedinas.com\\\/site\\\/?s={search_term_string}\"},\"query-input\":{\"@type\":\"PropertyValueSpecification\",\"valueRequired\":true,\"valueName\":\"search_term_string\"}}],\"inLanguage\":\"es\"},{\"@type\":\"Organization\",\"@id\":\"https:\\\/\\\/noticiasmercedinas.com\\\/site\\\/#organization\",\"name\":\"NOTICIASMERCEDINAS.COM\",\"url\":\"https:\\\/\\\/noticiasmercedinas.com\\\/site\\\/\",\"logo\":{\"@type\":\"ImageObject\",\"inLanguage\":\"es\",\"@id\":\"https:\\\/\\\/noticiasmercedinas.com\\\/site\\\/#\\\/schema\\\/logo\\\/image\\\/\",\"url\":\"https:\\\/\\\/noticiasmercedinas.com\\\/site\\\/wp-content\\\/uploads\\\/2020\\\/06\\\/LOGO-512.jpg\",\"contentUrl\":\"https:\\\/\\\/noticiasmercedinas.com\\\/site\\\/wp-content\\\/uploads\\\/2020\\\/06\\\/LOGO-512.jpg\",\"width\":512,\"height\":512,\"caption\":\"NOTICIASMERCEDINAS.COM\"},\"image\":{\"@id\":\"https:\\\/\\\/noticiasmercedinas.com\\\/site\\\/#\\\/schema\\\/logo\\\/image\\\/\"},\"sameAs\":[\"https:\\\/\\\/www.facebook.com\\\/noticiasmercedinas\\\/\",\"https:\\\/\\\/x.com\\\/notmercedinas\",\"https:\\\/\\\/www.instagram.com\\\/noticiasmercedinas\\\/\"]},{\"@type\":\"Person\",\"@id\":\"https:\\\/\\\/noticiasmercedinas.com\\\/site\\\/#\\\/schema\\\/person\\\/8f2f09d666ef40986eba4a5e6f2a06f9\",\"name\":\"Juan Dagnino NOTICIASMERCEDINAS.COM\",\"image\":{\"@type\":\"ImageObject\",\"inLanguage\":\"es\",\"@id\":\"https:\\\/\\\/secure.gravatar.com\\\/avatar\\\/fc7059a769f5a3cae65fadb228a3e4accf3a64b4b2305020d0a27e6d5333c91b?s=96&d=mm&r=g\",\"url\":\"https:\\\/\\\/secure.gravatar.com\\\/avatar\\\/fc7059a769f5a3cae65fadb228a3e4accf3a64b4b2305020d0a27e6d5333c91b?s=96&d=mm&r=g\",\"contentUrl\":\"https:\\\/\\\/secure.gravatar.com\\\/avatar\\\/fc7059a769f5a3cae65fadb228a3e4accf3a64b4b2305020d0a27e6d5333c91b?s=96&d=mm&r=g\",\"caption\":\"Juan Dagnino NOTICIASMERCEDINAS.COM\"},\"url\":\"https:\\\/\\\/noticiasmercedinas.com\\\/site\\\/author\\\/juandagnino\\\/\"}]}<\/script>\n<!-- \/ Yoast SEO plugin. -->","yoast_head_json":{"title":"Mot\u00edn volvi\u00f3 y brill\u00f3 en una noche de punk que hizo temblar las paredes","robots":{"index":"index","follow":"follow","max-snippet":"max-snippet:-1","max-image-preview":"max-image-preview:large","max-video-preview":"max-video-preview:-1"},"canonical":"https:\/\/noticiasmercedinas.com\/site\/2023\/12\/16\/motin-volvio-y-brillo-en-una-noche-de-punk-que-hizo-temblar-las-paredes\/","og_locale":"es_ES","og_type":"article","og_title":"Mot\u00edn volvi\u00f3 y brill\u00f3 en una noche de punk que hizo temblar las paredes","og_description":"\u25a0 Este viernes en Mitus son\u00f3 una de las dos \u00fanicas bandas de Mercedes, junto a S\u00e9nomar, que tuvieron el honor de tocar en el desaparecido Cemento en el barrio porte\u00f1o de San Telmo.","og_url":"https:\/\/noticiasmercedinas.com\/site\/2023\/12\/16\/motin-volvio-y-brillo-en-una-noche-de-punk-que-hizo-temblar-las-paredes\/","og_site_name":"NOTICIASMERCEDINAS.COM","article_publisher":"https:\/\/www.facebook.com\/noticiasmercedinas\/","article_published_time":"2023-12-16T20:15:04+00:00","article_modified_time":"2023-12-16T20:58:46+00:00","og_image":[{"width":720,"height":496,"url":"https:\/\/noticiasmercedinas.com\/site\/wp-content\/uploads\/2023\/12\/IMG-20231216-WA0021.jpg","type":"image\/jpeg"}],"author":"Juan Dagnino NOTICIASMERCEDINAS.COM","twitter_card":"summary_large_image","twitter_creator":"@notmercedinas","twitter_site":"@notmercedinas","twitter_misc":{"Escrito por":"Juan Dagnino NOTICIASMERCEDINAS.COM","Tiempo de lectura":"3 minutos"},"schema":{"@context":"https:\/\/schema.org","@graph":[{"@type":"Article","@id":"https:\/\/noticiasmercedinas.com\/site\/2023\/12\/16\/motin-volvio-y-brillo-en-una-noche-de-punk-que-hizo-temblar-las-paredes\/#article","isPartOf":{"@id":"https:\/\/noticiasmercedinas.com\/site\/2023\/12\/16\/motin-volvio-y-brillo-en-una-noche-de-punk-que-hizo-temblar-las-paredes\/"},"author":{"name":"Juan Dagnino NOTICIASMERCEDINAS.COM","@id":"https:\/\/noticiasmercedinas.com\/site\/#\/schema\/person\/8f2f09d666ef40986eba4a5e6f2a06f9"},"headline":"Mot\u00edn volvi\u00f3 y brill\u00f3 en una noche de punk que hizo temblar las paredes","datePublished":"2023-12-16T20:15:04+00:00","dateModified":"2023-12-16T20:58:46+00:00","mainEntityOfPage":{"@id":"https:\/\/noticiasmercedinas.com\/site\/2023\/12\/16\/motin-volvio-y-brillo-en-una-noche-de-punk-que-hizo-temblar-las-paredes\/"},"wordCount":446,"publisher":{"@id":"https:\/\/noticiasmercedinas.com\/site\/#organization"},"image":{"@id":"https:\/\/noticiasmercedinas.com\/site\/2023\/12\/16\/motin-volvio-y-brillo-en-una-noche-de-punk-que-hizo-temblar-las-paredes\/#primaryimage"},"thumbnailUrl":"https:\/\/noticiasmercedinas.com\/site\/wp-content\/uploads\/2023\/12\/IMG-20231216-WA0021.jpg","keywords":["mitus","Motin","Nahuel Fusco","punk"],"articleSection":["Cultura"],"inLanguage":"es"},{"@type":"WebPage","@id":"https:\/\/noticiasmercedinas.com\/site\/2023\/12\/16\/motin-volvio-y-brillo-en-una-noche-de-punk-que-hizo-temblar-las-paredes\/","url":"https:\/\/noticiasmercedinas.com\/site\/2023\/12\/16\/motin-volvio-y-brillo-en-una-noche-de-punk-que-hizo-temblar-las-paredes\/","name":"Mot\u00edn volvi\u00f3 y brill\u00f3 en una noche de punk que hizo temblar las paredes","isPartOf":{"@id":"https:\/\/noticiasmercedinas.com\/site\/#website"},"primaryImageOfPage":{"@id":"https:\/\/noticiasmercedinas.com\/site\/2023\/12\/16\/motin-volvio-y-brillo-en-una-noche-de-punk-que-hizo-temblar-las-paredes\/#primaryimage"},"image":{"@id":"https:\/\/noticiasmercedinas.com\/site\/2023\/12\/16\/motin-volvio-y-brillo-en-una-noche-de-punk-que-hizo-temblar-las-paredes\/#primaryimage"},"thumbnailUrl":"https:\/\/noticiasmercedinas.com\/site\/wp-content\/uploads\/2023\/12\/IMG-20231216-WA0021.jpg","datePublished":"2023-12-16T20:15:04+00:00","dateModified":"2023-12-16T20:58:46+00:00","breadcrumb":{"@id":"https:\/\/noticiasmercedinas.com\/site\/2023\/12\/16\/motin-volvio-y-brillo-en-una-noche-de-punk-que-hizo-temblar-las-paredes\/#breadcrumb"},"inLanguage":"es","potentialAction":[{"@type":"ReadAction","target":["https:\/\/noticiasmercedinas.com\/site\/2023\/12\/16\/motin-volvio-y-brillo-en-una-noche-de-punk-que-hizo-temblar-las-paredes\/"]}]},{"@type":"ImageObject","inLanguage":"es","@id":"https:\/\/noticiasmercedinas.com\/site\/2023\/12\/16\/motin-volvio-y-brillo-en-una-noche-de-punk-que-hizo-temblar-las-paredes\/#primaryimage","url":"https:\/\/noticiasmercedinas.com\/site\/wp-content\/uploads\/2023\/12\/IMG-20231216-WA0021.jpg","contentUrl":"https:\/\/noticiasmercedinas.com\/site\/wp-content\/uploads\/2023\/12\/IMG-20231216-WA0021.jpg","width":720,"height":496},{"@type":"BreadcrumbList","@id":"https:\/\/noticiasmercedinas.com\/site\/2023\/12\/16\/motin-volvio-y-brillo-en-una-noche-de-punk-que-hizo-temblar-las-paredes\/#breadcrumb","itemListElement":[{"@type":"ListItem","position":1,"name":"Portada","item":"https:\/\/noticiasmercedinas.com\/site\/"},{"@type":"ListItem","position":2,"name":"Mot\u00edn volvi\u00f3 y brill\u00f3 en una noche de punk que hizo temblar las paredes"}]},{"@type":"WebSite","@id":"https:\/\/noticiasmercedinas.com\/site\/#website","url":"https:\/\/noticiasmercedinas.com\/site\/","name":"NOTICIASMERCEDINAS.COM","description":"Mercedes, Buenos Aires, Argentina","publisher":{"@id":"https:\/\/noticiasmercedinas.com\/site\/#organization"},"potentialAction":[{"@type":"SearchAction","target":{"@type":"EntryPoint","urlTemplate":"https:\/\/noticiasmercedinas.com\/site\/?s={search_term_string}"},"query-input":{"@type":"PropertyValueSpecification","valueRequired":true,"valueName":"search_term_string"}}],"inLanguage":"es"},{"@type":"Organization","@id":"https:\/\/noticiasmercedinas.com\/site\/#organization","name":"NOTICIASMERCEDINAS.COM","url":"https:\/\/noticiasmercedinas.com\/site\/","logo":{"@type":"ImageObject","inLanguage":"es","@id":"https:\/\/noticiasmercedinas.com\/site\/#\/schema\/logo\/image\/","url":"https:\/\/noticiasmercedinas.com\/site\/wp-content\/uploads\/2020\/06\/LOGO-512.jpg","contentUrl":"https:\/\/noticiasmercedinas.com\/site\/wp-content\/uploads\/2020\/06\/LOGO-512.jpg","width":512,"height":512,"caption":"NOTICIASMERCEDINAS.COM"},"image":{"@id":"https:\/\/noticiasmercedinas.com\/site\/#\/schema\/logo\/image\/"},"sameAs":["https:\/\/www.facebook.com\/noticiasmercedinas\/","https:\/\/x.com\/notmercedinas","https:\/\/www.instagram.com\/noticiasmercedinas\/"]},{"@type":"Person","@id":"https:\/\/noticiasmercedinas.com\/site\/#\/schema\/person\/8f2f09d666ef40986eba4a5e6f2a06f9","name":"Juan Dagnino NOTICIASMERCEDINAS.COM","image":{"@type":"ImageObject","inLanguage":"es","@id":"https:\/\/secure.gravatar.com\/avatar\/fc7059a769f5a3cae65fadb228a3e4accf3a64b4b2305020d0a27e6d5333c91b?s=96&d=mm&r=g","url":"https:\/\/secure.gravatar.com\/avatar\/fc7059a769f5a3cae65fadb228a3e4accf3a64b4b2305020d0a27e6d5333c91b?s=96&d=mm&r=g","contentUrl":"https:\/\/secure.gravatar.com\/avatar\/fc7059a769f5a3cae65fadb228a3e4accf3a64b4b2305020d0a27e6d5333c91b?s=96&d=mm&r=g","caption":"Juan Dagnino NOTICIASMERCEDINAS.COM"},"url":"https:\/\/noticiasmercedinas.com\/site\/author\/juandagnino\/"}]}},"amp_enabled":true,"_links":{"self":[{"href":"https:\/\/noticiasmercedinas.com\/site\/wp-json\/wp\/v2\/posts\/128492","targetHints":{"allow":["GET"]}}],"collection":[{"href":"https:\/\/noticiasmercedinas.com\/site\/wp-json\/wp\/v2\/posts"}],"about":[{"href":"https:\/\/noticiasmercedinas.com\/site\/wp-json\/wp\/v2\/types\/post"}],"author":[{"embeddable":true,"href":"https:\/\/noticiasmercedinas.com\/site\/wp-json\/wp\/v2\/users\/6"}],"replies":[{"embeddable":true,"href":"https:\/\/noticiasmercedinas.com\/site\/wp-json\/wp\/v2\/comments?post=128492"}],"version-history":[{"count":8,"href":"https:\/\/noticiasmercedinas.com\/site\/wp-json\/wp\/v2\/posts\/128492\/revisions"}],"predecessor-version":[{"id":128501,"href":"https:\/\/noticiasmercedinas.com\/site\/wp-json\/wp\/v2\/posts\/128492\/revisions\/128501"}],"wp:featuredmedia":[{"embeddable":true,"href":"https:\/\/noticiasmercedinas.com\/site\/wp-json\/wp\/v2\/media\/128495"}],"wp:attachment":[{"href":"https:\/\/noticiasmercedinas.com\/site\/wp-json\/wp\/v2\/media?parent=128492"}],"wp:term":[{"taxonomy":"category","embeddable":true,"href":"https:\/\/noticiasmercedinas.com\/site\/wp-json\/wp\/v2\/categories?post=128492"},{"taxonomy":"post_tag","embeddable":true,"href":"https:\/\/noticiasmercedinas.com\/site\/wp-json\/wp\/v2\/tags?post=128492"}],"curies":[{"name":"wp","href":"https:\/\/api.w.org\/{rel}","templated":true}]}}