{"id":128531,"date":"2023-12-17T09:14:22","date_gmt":"2023-12-17T12:14:22","guid":{"rendered":"https:\/\/noticiasmercedinas.com\/site\/?p=128531"},"modified":"2023-12-18T10:38:16","modified_gmt":"2023-12-18T13:38:16","slug":"ciudad-de-mercedes-azotada-por-tormenta-desatada-graves-consecuencias","status":"publish","type":"post","link":"https:\/\/noticiasmercedinas.com\/site\/2023\/12\/17\/ciudad-de-mercedes-azotada-por-tormenta-desatada-graves-consecuencias\/","title":{"rendered":"Ciudad de Mercedes azotada por tormenta desatada: graves consecuencias"},"content":{"rendered":"<p><img loading=\"lazy\" decoding=\"async\" class=\"alignnone size-full wp-image-128535\" src=\"https:\/\/noticiasmercedinas.com\/site\/wp-content\/uploads\/2023\/12\/IMG-20231217-WA0001.jpg\" alt=\"\" width=\"719\" height=\"455\" srcset=\"https:\/\/noticiasmercedinas.com\/site\/wp-content\/uploads\/2023\/12\/IMG-20231217-WA0001.jpg 719w, https:\/\/noticiasmercedinas.com\/site\/wp-content\/uploads\/2023\/12\/IMG-20231217-WA0001-300x190.jpg 300w, https:\/\/noticiasmercedinas.com\/site\/wp-content\/uploads\/2023\/12\/IMG-20231217-WA0001-640x405.jpg 640w, https:\/\/noticiasmercedinas.com\/site\/wp-content\/uploads\/2023\/12\/IMG-20231217-WA0001-681x431.jpg 681w\" sizes=\"auto, (max-width: 719px) 100vw, 719px\" \/><\/p>\n<p>\u00abEn nuestra vida vimos algo as\u00ed\u00bb, se\u00f1alan muchos vecinos ante la situaci\u00f3n que deben afrontar, tras el temporal de este s\u00e1bado por la noche.<\/p>\n<p>En una violenta embestida, la ciudad de Mercedes se vio envuelta en caos en la madrugada del s\u00e1bado, cuando un poderoso fen\u00f3meno meteorol\u00f3gico descarg\u00f3 lluvias torrenciales, vientos descontrolados y condiciones clim\u00e1ticas extremas. La magnitud de la tormenta provoc\u00f3 la ca\u00edda masiva de \u00e1rboles y voladuras de techos, llevando a la toma de medidas extremas.<\/p>\n<p>Como medida preventiva, el suministro el\u00e9ctrico fue cortado ante los da\u00f1os significativos en las instalaciones del tendido el\u00e9ctrico. Hasta la ma\u00f1ana del domingo, el servicio no ha sido restablecido y la ciudad enfrenta un panorama desafiante.<\/p>\n<p><strong>ALERTA: CESE DE CIRCULACI\u00d3N &#8211; Oficial | 3:30 am<\/strong><\/p>\n<p>En medio de esta crisis clim\u00e1tica, las autoridades locales emitieron una alerta urgente solicitando el cese total de la circulaci\u00f3n por la v\u00eda p\u00fablica. Techos voladores, ramas ca\u00eddas, anegamientos y el persistente viento intenso crean condiciones extremadamente peligrosas para los residentes.<\/p>\n<p>Se enfatiza la importancia de la precauci\u00f3n y se insta a la poblaci\u00f3n a no movilizarse. Se han desplegado equipos de emergencia y Protecci\u00f3n Civil en distintos sectores de la ciudad para abordar la situaci\u00f3n.<\/p>\n<p><strong>Para cualquier emergencia, se insta a los residentes a comunicarse con<\/strong>:<br \/>\n&#8211; Municipio: 147<br \/>\n&#8211; Polic\u00eda: 911<br \/>\n&#8211; Bomberos<br \/>\n&#8211; SAME: 107<\/p>\n<p>En este momento cr\u00edtico, la colaboraci\u00f3n ciudadana y el acatamiento de las medidas de seguridad son fundamentales para hacer frente a los desaf\u00edos que presenta esta inusual tormenta.<\/p>\n<p>Entrada a la ma\u00f1ana desde Protecci\u00f3n Civil tambi\u00e9n emitieron un comunicado oficial y es el siguiente:<\/p>\n<p><strong>COMUNICADO OFICIAL &#8211; 17\/12\/23<\/strong><br \/>\nAnte el fuerte temporal sufrido en horas de la madrugada en nuestra ciudad, solicitamos a vecinos y vecinas se mantengan en sus casas y no circulen por la v\u00eda p\u00fablica, ya que la ca\u00edda de \u00e1rboles, postes y cables fue de gran magnitud y genera un alt\u00edsimo riesgo para transe\u00fantes.<br \/>\nLa Subsecretaria de Servicios P\u00fablicos y la de Seguridad se encuentran abocadas a despejar la v\u00eda p\u00fablica.<br \/>\nEl cuerpo de Bomberos Voluntarios junto con Protecci\u00f3n Civil se encuentran atendiendo las demandas urgentes.<br \/>\nLa empresa EDEN realiz\u00f3 el correspondiente corte de energ\u00eda general por prevenci\u00f3n y se encuentra realizando relevamiento en v\u00eda p\u00fablica de zonas con tendido el\u00e9ctrico ca\u00eddo. El servicio se encontrar\u00e1 suspendido hasta nuevo aviso y ello repercute en el suministro de agua corriente.<\/p>\n<p>Ante cualquier situaci\u00f3n solicitamos comunicarse:<br \/>\nEmergencias 911<br \/>\nSame 107<br \/>\nReportes y reclamos 147<\/p>\n<p>Gracias por la comprensi\u00f3n y colaboraci\u00f3n.<\/p>\n<p>Municipalidad de Mercedes<\/p>\n<p>&nbsp;<\/p>\n","protected":false},"excerpt":{"rendered":"<p>\u25a0 Desde el municipio y Protecci\u00f3n Civil  piden no circular por las calles. Hay m\u00faltiples voladuras de techos, \u00e1rboles ca\u00eddos y la ciudad permanece sin energ\u00eda el\u00e9ctrica<\/p>\n","protected":false},"author":16,"featured_media":128535,"comment_status":"closed","ping_status":"closed","sticky":false,"template":"","format":"standard","meta":{"footnotes":""},"categories":[3],"tags":[16465,1801,3089,1075],"class_list":["post-128531","post","type-post","status-publish","format-standard","has-post-thumbnail","hentry","category-sociedad","tag-alerta","tag-corte-de-luz","tag-temporal","tag-tormenta"],"yoast_head":"<!-- This site is optimized with the Yoast SEO plugin v27.4 - https:\/\/yoast.com\/product\/yoast-seo-wordpress\/ -->\n<title>Ciudad de Mercedes azotada por tormenta desatada: graves consecuencias<\/title>\n<meta name=\"robots\" content=\"index, follow, max-snippet:-1, max-image-preview:large, max-video-preview:-1\" \/>\n<link rel=\"canonical\" href=\"https:\/\/noticiasmercedinas.com\/site\/2023\/12\/17\/ciudad-de-mercedes-azotada-por-tormenta-desatada-graves-consecuencias\/\" \/>\n<meta property=\"og:locale\" content=\"es_ES\" \/>\n<meta property=\"og:type\" content=\"article\" \/>\n<meta property=\"og:title\" content=\"Ciudad de Mercedes azotada por tormenta desatada: graves consecuencias\" \/>\n<meta property=\"og:description\" content=\"\u25a0 Desde el municipio y Protecci\u00f3n Civil piden no circular por las calles. Hay m\u00faltiples voladuras de techos, \u00e1rboles ca\u00eddos y la ciudad permanece sin energ\u00eda el\u00e9ctrica\" \/>\n<meta property=\"og:url\" content=\"https:\/\/noticiasmercedinas.com\/site\/2023\/12\/17\/ciudad-de-mercedes-azotada-por-tormenta-desatada-graves-consecuencias\/\" \/>\n<meta property=\"og:site_name\" content=\"NOTICIASMERCEDINAS.COM\" \/>\n<meta property=\"article:publisher\" content=\"https:\/\/www.facebook.com\/noticiasmercedinas\/\" \/>\n<meta property=\"article:published_time\" content=\"2023-12-17T12:14:22+00:00\" \/>\n<meta property=\"article:modified_time\" content=\"2023-12-18T13:38:16+00:00\" \/>\n<meta property=\"og:image\" content=\"https:\/\/noticiasmercedinas.com\/site\/wp-content\/uploads\/2023\/12\/IMG-20231217-WA0001.jpg\" \/>\n\t<meta property=\"og:image:width\" content=\"719\" \/>\n\t<meta property=\"og:image:height\" content=\"455\" \/>\n\t<meta property=\"og:image:type\" content=\"image\/jpeg\" \/>\n<meta name=\"author\" content=\"NOTICIASMERCEDINAS.COM\" \/>\n<meta name=\"twitter:card\" content=\"summary_large_image\" \/>\n<meta name=\"twitter:creator\" content=\"@notmercedinas\" \/>\n<meta name=\"twitter:site\" content=\"@notmercedinas\" \/>\n<meta name=\"twitter:label1\" content=\"Escrito por\" \/>\n\t<meta name=\"twitter:data1\" content=\"NOTICIASMERCEDINAS.COM\" \/>\n\t<meta name=\"twitter:label2\" content=\"Tiempo de lectura\" \/>\n\t<meta name=\"twitter:data2\" content=\"3 minutos\" \/>\n<script type=\"application\/ld+json\" class=\"yoast-schema-graph\">{\"@context\":\"https:\\\/\\\/schema.org\",\"@graph\":[{\"@type\":\"Article\",\"@id\":\"https:\\\/\\\/noticiasmercedinas.com\\\/site\\\/2023\\\/12\\\/17\\\/ciudad-de-mercedes-azotada-por-tormenta-desatada-graves-consecuencias\\\/#article\",\"isPartOf\":{\"@id\":\"https:\\\/\\\/noticiasmercedinas.com\\\/site\\\/2023\\\/12\\\/17\\\/ciudad-de-mercedes-azotada-por-tormenta-desatada-graves-consecuencias\\\/\"},\"author\":{\"name\":\"NOTICIASMERCEDINAS.COM\",\"@id\":\"https:\\\/\\\/noticiasmercedinas.com\\\/site\\\/#\\\/schema\\\/person\\\/84b59c099c28ff2e8b77d4ceec5d8063\"},\"headline\":\"Ciudad de Mercedes azotada por tormenta desatada: graves consecuencias\",\"datePublished\":\"2023-12-17T12:14:22+00:00\",\"dateModified\":\"2023-12-18T13:38:16+00:00\",\"mainEntityOfPage\":{\"@id\":\"https:\\\/\\\/noticiasmercedinas.com\\\/site\\\/2023\\\/12\\\/17\\\/ciudad-de-mercedes-azotada-por-tormenta-desatada-graves-consecuencias\\\/\"},\"wordCount\":464,\"publisher\":{\"@id\":\"https:\\\/\\\/noticiasmercedinas.com\\\/site\\\/#organization\"},\"image\":{\"@id\":\"https:\\\/\\\/noticiasmercedinas.com\\\/site\\\/2023\\\/12\\\/17\\\/ciudad-de-mercedes-azotada-por-tormenta-desatada-graves-consecuencias\\\/#primaryimage\"},\"thumbnailUrl\":\"https:\\\/\\\/noticiasmercedinas.com\\\/site\\\/wp-content\\\/uploads\\\/2023\\\/12\\\/IMG-20231217-WA0001.jpg\",\"keywords\":[\"alerta\",\"corte de luz\",\"temporal\",\"tormenta\"],\"articleSection\":[\"Sociedad\"],\"inLanguage\":\"es\"},{\"@type\":\"WebPage\",\"@id\":\"https:\\\/\\\/noticiasmercedinas.com\\\/site\\\/2023\\\/12\\\/17\\\/ciudad-de-mercedes-azotada-por-tormenta-desatada-graves-consecuencias\\\/\",\"url\":\"https:\\\/\\\/noticiasmercedinas.com\\\/site\\\/2023\\\/12\\\/17\\\/ciudad-de-mercedes-azotada-por-tormenta-desatada-graves-consecuencias\\\/\",\"name\":\"Ciudad de Mercedes azotada por tormenta desatada: graves consecuencias\",\"isPartOf\":{\"@id\":\"https:\\\/\\\/noticiasmercedinas.com\\\/site\\\/#website\"},\"primaryImageOfPage\":{\"@id\":\"https:\\\/\\\/noticiasmercedinas.com\\\/site\\\/2023\\\/12\\\/17\\\/ciudad-de-mercedes-azotada-por-tormenta-desatada-graves-consecuencias\\\/#primaryimage\"},\"image\":{\"@id\":\"https:\\\/\\\/noticiasmercedinas.com\\\/site\\\/2023\\\/12\\\/17\\\/ciudad-de-mercedes-azotada-por-tormenta-desatada-graves-consecuencias\\\/#primaryimage\"},\"thumbnailUrl\":\"https:\\\/\\\/noticiasmercedinas.com\\\/site\\\/wp-content\\\/uploads\\\/2023\\\/12\\\/IMG-20231217-WA0001.jpg\",\"datePublished\":\"2023-12-17T12:14:22+00:00\",\"dateModified\":\"2023-12-18T13:38:16+00:00\",\"breadcrumb\":{\"@id\":\"https:\\\/\\\/noticiasmercedinas.com\\\/site\\\/2023\\\/12\\\/17\\\/ciudad-de-mercedes-azotada-por-tormenta-desatada-graves-consecuencias\\\/#breadcrumb\"},\"inLanguage\":\"es\",\"potentialAction\":[{\"@type\":\"ReadAction\",\"target\":[\"https:\\\/\\\/noticiasmercedinas.com\\\/site\\\/2023\\\/12\\\/17\\\/ciudad-de-mercedes-azotada-por-tormenta-desatada-graves-consecuencias\\\/\"]}]},{\"@type\":\"ImageObject\",\"inLanguage\":\"es\",\"@id\":\"https:\\\/\\\/noticiasmercedinas.com\\\/site\\\/2023\\\/12\\\/17\\\/ciudad-de-mercedes-azotada-por-tormenta-desatada-graves-consecuencias\\\/#primaryimage\",\"url\":\"https:\\\/\\\/noticiasmercedinas.com\\\/site\\\/wp-content\\\/uploads\\\/2023\\\/12\\\/IMG-20231217-WA0001.jpg\",\"contentUrl\":\"https:\\\/\\\/noticiasmercedinas.com\\\/site\\\/wp-content\\\/uploads\\\/2023\\\/12\\\/IMG-20231217-WA0001.jpg\",\"width\":719,\"height\":455},{\"@type\":\"BreadcrumbList\",\"@id\":\"https:\\\/\\\/noticiasmercedinas.com\\\/site\\\/2023\\\/12\\\/17\\\/ciudad-de-mercedes-azotada-por-tormenta-desatada-graves-consecuencias\\\/#breadcrumb\",\"itemListElement\":[{\"@type\":\"ListItem\",\"position\":1,\"name\":\"Portada\",\"item\":\"https:\\\/\\\/noticiasmercedinas.com\\\/site\\\/\"},{\"@type\":\"ListItem\",\"position\":2,\"name\":\"Ciudad de Mercedes azotada por tormenta desatada: graves consecuencias\"}]},{\"@type\":\"WebSite\",\"@id\":\"https:\\\/\\\/noticiasmercedinas.com\\\/site\\\/#website\",\"url\":\"https:\\\/\\\/noticiasmercedinas.com\\\/site\\\/\",\"name\":\"NOTICIASMERCEDINAS.COM\",\"description\":\"Mercedes, Buenos Aires, Argentina\",\"publisher\":{\"@id\":\"https:\\\/\\\/noticiasmercedinas.com\\\/site\\\/#organization\"},\"potentialAction\":[{\"@type\":\"SearchAction\",\"target\":{\"@type\":\"EntryPoint\",\"urlTemplate\":\"https:\\\/\\\/noticiasmercedinas.com\\\/site\\\/?s={search_term_string}\"},\"query-input\":{\"@type\":\"PropertyValueSpecification\",\"valueRequired\":true,\"valueName\":\"search_term_string\"}}],\"inLanguage\":\"es\"},{\"@type\":\"Organization\",\"@id\":\"https:\\\/\\\/noticiasmercedinas.com\\\/site\\\/#organization\",\"name\":\"NOTICIASMERCEDINAS.COM\",\"url\":\"https:\\\/\\\/noticiasmercedinas.com\\\/site\\\/\",\"logo\":{\"@type\":\"ImageObject\",\"inLanguage\":\"es\",\"@id\":\"https:\\\/\\\/noticiasmercedinas.com\\\/site\\\/#\\\/schema\\\/logo\\\/image\\\/\",\"url\":\"https:\\\/\\\/noticiasmercedinas.com\\\/site\\\/wp-content\\\/uploads\\\/2020\\\/06\\\/LOGO-512.jpg\",\"contentUrl\":\"https:\\\/\\\/noticiasmercedinas.com\\\/site\\\/wp-content\\\/uploads\\\/2020\\\/06\\\/LOGO-512.jpg\",\"width\":512,\"height\":512,\"caption\":\"NOTICIASMERCEDINAS.COM\"},\"image\":{\"@id\":\"https:\\\/\\\/noticiasmercedinas.com\\\/site\\\/#\\\/schema\\\/logo\\\/image\\\/\"},\"sameAs\":[\"https:\\\/\\\/www.facebook.com\\\/noticiasmercedinas\\\/\",\"https:\\\/\\\/x.com\\\/notmercedinas\",\"https:\\\/\\\/www.instagram.com\\\/noticiasmercedinas\\\/\"]},{\"@type\":\"Person\",\"@id\":\"https:\\\/\\\/noticiasmercedinas.com\\\/site\\\/#\\\/schema\\\/person\\\/84b59c099c28ff2e8b77d4ceec5d8063\",\"name\":\"NOTICIASMERCEDINAS.COM\",\"image\":{\"@type\":\"ImageObject\",\"inLanguage\":\"es\",\"@id\":\"https:\\\/\\\/secure.gravatar.com\\\/avatar\\\/4dfbf16b4d17945bfb6341b2d19043457132fcf478a5ee04f42e959fd8f5df0a?s=96&d=mm&r=g\",\"url\":\"https:\\\/\\\/secure.gravatar.com\\\/avatar\\\/4dfbf16b4d17945bfb6341b2d19043457132fcf478a5ee04f42e959fd8f5df0a?s=96&d=mm&r=g\",\"contentUrl\":\"https:\\\/\\\/secure.gravatar.com\\\/avatar\\\/4dfbf16b4d17945bfb6341b2d19043457132fcf478a5ee04f42e959fd8f5df0a?s=96&d=mm&r=g\",\"caption\":\"NOTICIASMERCEDINAS.COM\"},\"url\":\"https:\\\/\\\/noticiasmercedinas.com\\\/site\\\/author\\\/anonimo\\\/\"}]}<\/script>\n<!-- \/ Yoast SEO plugin. -->","yoast_head_json":{"title":"Ciudad de Mercedes azotada por tormenta desatada: graves consecuencias","robots":{"index":"index","follow":"follow","max-snippet":"max-snippet:-1","max-image-preview":"max-image-preview:large","max-video-preview":"max-video-preview:-1"},"canonical":"https:\/\/noticiasmercedinas.com\/site\/2023\/12\/17\/ciudad-de-mercedes-azotada-por-tormenta-desatada-graves-consecuencias\/","og_locale":"es_ES","og_type":"article","og_title":"Ciudad de Mercedes azotada por tormenta desatada: graves consecuencias","og_description":"\u25a0 Desde el municipio y Protecci\u00f3n Civil piden no circular por las calles. Hay m\u00faltiples voladuras de techos, \u00e1rboles ca\u00eddos y la ciudad permanece sin energ\u00eda el\u00e9ctrica","og_url":"https:\/\/noticiasmercedinas.com\/site\/2023\/12\/17\/ciudad-de-mercedes-azotada-por-tormenta-desatada-graves-consecuencias\/","og_site_name":"NOTICIASMERCEDINAS.COM","article_publisher":"https:\/\/www.facebook.com\/noticiasmercedinas\/","article_published_time":"2023-12-17T12:14:22+00:00","article_modified_time":"2023-12-18T13:38:16+00:00","og_image":[{"width":719,"height":455,"url":"https:\/\/noticiasmercedinas.com\/site\/wp-content\/uploads\/2023\/12\/IMG-20231217-WA0001.jpg","type":"image\/jpeg"}],"author":"NOTICIASMERCEDINAS.COM","twitter_card":"summary_large_image","twitter_creator":"@notmercedinas","twitter_site":"@notmercedinas","twitter_misc":{"Escrito por":"NOTICIASMERCEDINAS.COM","Tiempo de lectura":"3 minutos"},"schema":{"@context":"https:\/\/schema.org","@graph":[{"@type":"Article","@id":"https:\/\/noticiasmercedinas.com\/site\/2023\/12\/17\/ciudad-de-mercedes-azotada-por-tormenta-desatada-graves-consecuencias\/#article","isPartOf":{"@id":"https:\/\/noticiasmercedinas.com\/site\/2023\/12\/17\/ciudad-de-mercedes-azotada-por-tormenta-desatada-graves-consecuencias\/"},"author":{"name":"NOTICIASMERCEDINAS.COM","@id":"https:\/\/noticiasmercedinas.com\/site\/#\/schema\/person\/84b59c099c28ff2e8b77d4ceec5d8063"},"headline":"Ciudad de Mercedes azotada por tormenta desatada: graves consecuencias","datePublished":"2023-12-17T12:14:22+00:00","dateModified":"2023-12-18T13:38:16+00:00","mainEntityOfPage":{"@id":"https:\/\/noticiasmercedinas.com\/site\/2023\/12\/17\/ciudad-de-mercedes-azotada-por-tormenta-desatada-graves-consecuencias\/"},"wordCount":464,"publisher":{"@id":"https:\/\/noticiasmercedinas.com\/site\/#organization"},"image":{"@id":"https:\/\/noticiasmercedinas.com\/site\/2023\/12\/17\/ciudad-de-mercedes-azotada-por-tormenta-desatada-graves-consecuencias\/#primaryimage"},"thumbnailUrl":"https:\/\/noticiasmercedinas.com\/site\/wp-content\/uploads\/2023\/12\/IMG-20231217-WA0001.jpg","keywords":["alerta","corte de luz","temporal","tormenta"],"articleSection":["Sociedad"],"inLanguage":"es"},{"@type":"WebPage","@id":"https:\/\/noticiasmercedinas.com\/site\/2023\/12\/17\/ciudad-de-mercedes-azotada-por-tormenta-desatada-graves-consecuencias\/","url":"https:\/\/noticiasmercedinas.com\/site\/2023\/12\/17\/ciudad-de-mercedes-azotada-por-tormenta-desatada-graves-consecuencias\/","name":"Ciudad de Mercedes azotada por tormenta desatada: graves consecuencias","isPartOf":{"@id":"https:\/\/noticiasmercedinas.com\/site\/#website"},"primaryImageOfPage":{"@id":"https:\/\/noticiasmercedinas.com\/site\/2023\/12\/17\/ciudad-de-mercedes-azotada-por-tormenta-desatada-graves-consecuencias\/#primaryimage"},"image":{"@id":"https:\/\/noticiasmercedinas.com\/site\/2023\/12\/17\/ciudad-de-mercedes-azotada-por-tormenta-desatada-graves-consecuencias\/#primaryimage"},"thumbnailUrl":"https:\/\/noticiasmercedinas.com\/site\/wp-content\/uploads\/2023\/12\/IMG-20231217-WA0001.jpg","datePublished":"2023-12-17T12:14:22+00:00","dateModified":"2023-12-18T13:38:16+00:00","breadcrumb":{"@id":"https:\/\/noticiasmercedinas.com\/site\/2023\/12\/17\/ciudad-de-mercedes-azotada-por-tormenta-desatada-graves-consecuencias\/#breadcrumb"},"inLanguage":"es","potentialAction":[{"@type":"ReadAction","target":["https:\/\/noticiasmercedinas.com\/site\/2023\/12\/17\/ciudad-de-mercedes-azotada-por-tormenta-desatada-graves-consecuencias\/"]}]},{"@type":"ImageObject","inLanguage":"es","@id":"https:\/\/noticiasmercedinas.com\/site\/2023\/12\/17\/ciudad-de-mercedes-azotada-por-tormenta-desatada-graves-consecuencias\/#primaryimage","url":"https:\/\/noticiasmercedinas.com\/site\/wp-content\/uploads\/2023\/12\/IMG-20231217-WA0001.jpg","contentUrl":"https:\/\/noticiasmercedinas.com\/site\/wp-content\/uploads\/2023\/12\/IMG-20231217-WA0001.jpg","width":719,"height":455},{"@type":"BreadcrumbList","@id":"https:\/\/noticiasmercedinas.com\/site\/2023\/12\/17\/ciudad-de-mercedes-azotada-por-tormenta-desatada-graves-consecuencias\/#breadcrumb","itemListElement":[{"@type":"ListItem","position":1,"name":"Portada","item":"https:\/\/noticiasmercedinas.com\/site\/"},{"@type":"ListItem","position":2,"name":"Ciudad de Mercedes azotada por tormenta desatada: graves consecuencias"}]},{"@type":"WebSite","@id":"https:\/\/noticiasmercedinas.com\/site\/#website","url":"https:\/\/noticiasmercedinas.com\/site\/","name":"NOTICIASMERCEDINAS.COM","description":"Mercedes, Buenos Aires, Argentina","publisher":{"@id":"https:\/\/noticiasmercedinas.com\/site\/#organization"},"potentialAction":[{"@type":"SearchAction","target":{"@type":"EntryPoint","urlTemplate":"https:\/\/noticiasmercedinas.com\/site\/?s={search_term_string}"},"query-input":{"@type":"PropertyValueSpecification","valueRequired":true,"valueName":"search_term_string"}}],"inLanguage":"es"},{"@type":"Organization","@id":"https:\/\/noticiasmercedinas.com\/site\/#organization","name":"NOTICIASMERCEDINAS.COM","url":"https:\/\/noticiasmercedinas.com\/site\/","logo":{"@type":"ImageObject","inLanguage":"es","@id":"https:\/\/noticiasmercedinas.com\/site\/#\/schema\/logo\/image\/","url":"https:\/\/noticiasmercedinas.com\/site\/wp-content\/uploads\/2020\/06\/LOGO-512.jpg","contentUrl":"https:\/\/noticiasmercedinas.com\/site\/wp-content\/uploads\/2020\/06\/LOGO-512.jpg","width":512,"height":512,"caption":"NOTICIASMERCEDINAS.COM"},"image":{"@id":"https:\/\/noticiasmercedinas.com\/site\/#\/schema\/logo\/image\/"},"sameAs":["https:\/\/www.facebook.com\/noticiasmercedinas\/","https:\/\/x.com\/notmercedinas","https:\/\/www.instagram.com\/noticiasmercedinas\/"]},{"@type":"Person","@id":"https:\/\/noticiasmercedinas.com\/site\/#\/schema\/person\/84b59c099c28ff2e8b77d4ceec5d8063","name":"NOTICIASMERCEDINAS.COM","image":{"@type":"ImageObject","inLanguage":"es","@id":"https:\/\/secure.gravatar.com\/avatar\/4dfbf16b4d17945bfb6341b2d19043457132fcf478a5ee04f42e959fd8f5df0a?s=96&d=mm&r=g","url":"https:\/\/secure.gravatar.com\/avatar\/4dfbf16b4d17945bfb6341b2d19043457132fcf478a5ee04f42e959fd8f5df0a?s=96&d=mm&r=g","contentUrl":"https:\/\/secure.gravatar.com\/avatar\/4dfbf16b4d17945bfb6341b2d19043457132fcf478a5ee04f42e959fd8f5df0a?s=96&d=mm&r=g","caption":"NOTICIASMERCEDINAS.COM"},"url":"https:\/\/noticiasmercedinas.com\/site\/author\/anonimo\/"}]}},"amp_enabled":true,"_links":{"self":[{"href":"https:\/\/noticiasmercedinas.com\/site\/wp-json\/wp\/v2\/posts\/128531","targetHints":{"allow":["GET"]}}],"collection":[{"href":"https:\/\/noticiasmercedinas.com\/site\/wp-json\/wp\/v2\/posts"}],"about":[{"href":"https:\/\/noticiasmercedinas.com\/site\/wp-json\/wp\/v2\/types\/post"}],"author":[{"embeddable":true,"href":"https:\/\/noticiasmercedinas.com\/site\/wp-json\/wp\/v2\/users\/16"}],"replies":[{"embeddable":true,"href":"https:\/\/noticiasmercedinas.com\/site\/wp-json\/wp\/v2\/comments?post=128531"}],"version-history":[{"count":4,"href":"https:\/\/noticiasmercedinas.com\/site\/wp-json\/wp\/v2\/posts\/128531\/revisions"}],"predecessor-version":[{"id":128558,"href":"https:\/\/noticiasmercedinas.com\/site\/wp-json\/wp\/v2\/posts\/128531\/revisions\/128558"}],"wp:featuredmedia":[{"embeddable":true,"href":"https:\/\/noticiasmercedinas.com\/site\/wp-json\/wp\/v2\/media\/128535"}],"wp:attachment":[{"href":"https:\/\/noticiasmercedinas.com\/site\/wp-json\/wp\/v2\/media?parent=128531"}],"wp:term":[{"taxonomy":"category","embeddable":true,"href":"https:\/\/noticiasmercedinas.com\/site\/wp-json\/wp\/v2\/categories?post=128531"},{"taxonomy":"post_tag","embeddable":true,"href":"https:\/\/noticiasmercedinas.com\/site\/wp-json\/wp\/v2\/tags?post=128531"}],"curies":[{"name":"wp","href":"https:\/\/api.w.org\/{rel}","templated":true}]}}