{"id":128560,"date":"2023-12-18T10:45:30","date_gmt":"2023-12-18T13:45:30","guid":{"rendered":"https:\/\/noticiasmercedinas.com\/site\/?p=128560"},"modified":"2023-12-18T10:45:30","modified_gmt":"2023-12-18T13:45:30","slug":"siete-oficinas-de-anses-bonaerenses-estaran-cerradas-este-lunes-entre-ellas-la-de-mercedes","status":"publish","type":"post","link":"https:\/\/noticiasmercedinas.com\/site\/2023\/12\/18\/siete-oficinas-de-anses-bonaerenses-estaran-cerradas-este-lunes-entre-ellas-la-de-mercedes\/","title":{"rendered":"Siete oficinas de ANSES bonaerenses estar\u00e1n cerradas este lunes, entre ellas la de Mercedes"},"content":{"rendered":"<p><img loading=\"lazy\" decoding=\"async\" class=\"alignnone size-full wp-image-128561\" src=\"https:\/\/noticiasmercedinas.com\/site\/wp-content\/uploads\/2023\/12\/anses.jpg\" alt=\"\" width=\"640\" height=\"377\" srcset=\"https:\/\/noticiasmercedinas.com\/site\/wp-content\/uploads\/2023\/12\/anses.jpg 640w, https:\/\/noticiasmercedinas.com\/site\/wp-content\/uploads\/2023\/12\/anses-300x177.jpg 300w\" sizes=\"auto, (max-width: 640px) 100vw, 640px\" \/><\/p>\n<p>Debido a las inclemencias clim\u00e1ticas que azotaron la regi\u00f3n durante el pasado fin de semana, la Administraci\u00f3n Nacional de la Seguridad Social (ANSES) anunci\u00f3 que siete de sus oficinas en Buenos Aires permanecer\u00e1n cerradas hoy, lunes 18 de diciembre. Entre las localidades afectadas se encuentra Mercedes, donde la entidad tiene una de sus delegaciones.<\/p>\n<p>Las oficinas que suspender\u00e1n sus actividades en el d\u00eda de hoy son Bah\u00eda Blanca (I y II), General Daniel Cerri, Ingeniero White, Punta Alta, Z\u00e1rate y, destacando en particular, la sede de Mercedes ubicada en la Calle 29 N\u00b0 817 esquina 34.<\/p>\n<p>La decisi\u00f3n de cerrar estas dependencias se tom\u00f3 con el objetivo de salvaguardar la seguridad tanto de los empleados como de los beneficiarios que acuden diariamente en busca de diversos tr\u00e1mites y consultas relacionadas con los servicios de la ANSES.<\/p>\n<p>La ANSES inform\u00f3 que se pondr\u00e1 en contacto con cada persona que ten\u00eda un turno programado en las oficinas afectadas para reprogramar sus citas y brindar la atenci\u00f3n correspondiente.<\/p>\n<p>A continuaci\u00f3n, se detallan las direcciones de las oficinas afectadas en la zona:<\/p>\n<p>&#8211; Bah\u00eda Blanca I: Brown 180<br \/>\n&#8211; Bah\u00eda Blanca II: Av. Col\u00f3n 279<br \/>\n&#8211; General Daniel Cerri: Guti\u00e9rrez 379<br \/>\n&#8211; Ingeniero White: Belgrano 3741<br \/>\n&#8211; Punta Alta: Roca 526<br \/>\n&#8211; Z\u00e1rate: Almirante Brown 139<br \/>\n&#8211; Mercedes: Calle 29 N\u00b0 817 esquina 34<\/p>\n<p>La ANSES espera la comprensi\u00f3n de la comunidad ante esta situaci\u00f3n excepcional y reitera su compromiso de restablecer los servicios a la brevedad posible una vez que las condiciones clim\u00e1ticas lo permitan.<\/p>\n","protected":false},"excerpt":{"rendered":"<p>\u25a0 Las inclemencias clim\u00e1ticas que azotaron la regi\u00f3n durante este fin de semana determinaron la medida. La idea es salvaguardar la seguridad tanto de los empleados como de los beneficiarios<\/p>\n","protected":false},"author":16,"featured_media":128561,"comment_status":"closed","ping_status":"closed","sticky":false,"template":"","format":"standard","meta":{"footnotes":""},"categories":[3],"tags":[626,2735,3089,1075],"class_list":["post-128560","post","type-post","status-publish","format-standard","has-post-thumbnail","hentry","category-sociedad","tag-anses","tag-emergencia","tag-temporal","tag-tormenta"],"yoast_head":"<!-- This site is optimized with the Yoast SEO plugin v27.4 - https:\/\/yoast.com\/product\/yoast-seo-wordpress\/ -->\n<title>Siete oficinas de ANSES bonaerenses estar\u00e1n cerradas este lunes, entre ellas la de Mercedes<\/title>\n<meta name=\"robots\" content=\"index, follow, max-snippet:-1, max-image-preview:large, max-video-preview:-1\" \/>\n<link rel=\"canonical\" href=\"https:\/\/noticiasmercedinas.com\/site\/2023\/12\/18\/siete-oficinas-de-anses-bonaerenses-estaran-cerradas-este-lunes-entre-ellas-la-de-mercedes\/\" \/>\n<meta property=\"og:locale\" content=\"es_ES\" \/>\n<meta property=\"og:type\" content=\"article\" \/>\n<meta property=\"og:title\" content=\"Siete oficinas de ANSES bonaerenses estar\u00e1n cerradas este lunes, entre ellas la de Mercedes\" \/>\n<meta property=\"og:description\" content=\"\u25a0 Las inclemencias clim\u00e1ticas que azotaron la regi\u00f3n durante este fin de semana determinaron la medida. La idea es salvaguardar la seguridad tanto de los empleados como de los beneficiarios\" \/>\n<meta property=\"og:url\" content=\"https:\/\/noticiasmercedinas.com\/site\/2023\/12\/18\/siete-oficinas-de-anses-bonaerenses-estaran-cerradas-este-lunes-entre-ellas-la-de-mercedes\/\" \/>\n<meta property=\"og:site_name\" content=\"NOTICIASMERCEDINAS.COM\" \/>\n<meta property=\"article:publisher\" content=\"https:\/\/www.facebook.com\/noticiasmercedinas\/\" \/>\n<meta property=\"article:published_time\" content=\"2023-12-18T13:45:30+00:00\" \/>\n<meta property=\"og:image\" content=\"https:\/\/noticiasmercedinas.com\/site\/wp-content\/uploads\/2023\/12\/anses.jpg\" \/>\n\t<meta property=\"og:image:width\" content=\"640\" \/>\n\t<meta property=\"og:image:height\" content=\"377\" \/>\n\t<meta property=\"og:image:type\" content=\"image\/jpeg\" \/>\n<meta name=\"author\" content=\"NOTICIASMERCEDINAS.COM\" \/>\n<meta name=\"twitter:card\" content=\"summary_large_image\" \/>\n<meta name=\"twitter:creator\" content=\"@notmercedinas\" \/>\n<meta name=\"twitter:site\" content=\"@notmercedinas\" \/>\n<meta name=\"twitter:label1\" content=\"Escrito por\" \/>\n\t<meta name=\"twitter:data1\" content=\"NOTICIASMERCEDINAS.COM\" \/>\n\t<meta name=\"twitter:label2\" content=\"Tiempo de lectura\" \/>\n\t<meta name=\"twitter:data2\" content=\"2 minutos\" \/>\n<script type=\"application\/ld+json\" class=\"yoast-schema-graph\">{\"@context\":\"https:\\\/\\\/schema.org\",\"@graph\":[{\"@type\":\"Article\",\"@id\":\"https:\\\/\\\/noticiasmercedinas.com\\\/site\\\/2023\\\/12\\\/18\\\/siete-oficinas-de-anses-bonaerenses-estaran-cerradas-este-lunes-entre-ellas-la-de-mercedes\\\/#article\",\"isPartOf\":{\"@id\":\"https:\\\/\\\/noticiasmercedinas.com\\\/site\\\/2023\\\/12\\\/18\\\/siete-oficinas-de-anses-bonaerenses-estaran-cerradas-este-lunes-entre-ellas-la-de-mercedes\\\/\"},\"author\":{\"name\":\"NOTICIASMERCEDINAS.COM\",\"@id\":\"https:\\\/\\\/noticiasmercedinas.com\\\/site\\\/#\\\/schema\\\/person\\\/84b59c099c28ff2e8b77d4ceec5d8063\"},\"headline\":\"Siete oficinas de ANSES bonaerenses estar\u00e1n cerradas este lunes, entre ellas la de Mercedes\",\"datePublished\":\"2023-12-18T13:45:30+00:00\",\"mainEntityOfPage\":{\"@id\":\"https:\\\/\\\/noticiasmercedinas.com\\\/site\\\/2023\\\/12\\\/18\\\/siete-oficinas-de-anses-bonaerenses-estaran-cerradas-este-lunes-entre-ellas-la-de-mercedes\\\/\"},\"wordCount\":275,\"publisher\":{\"@id\":\"https:\\\/\\\/noticiasmercedinas.com\\\/site\\\/#organization\"},\"image\":{\"@id\":\"https:\\\/\\\/noticiasmercedinas.com\\\/site\\\/2023\\\/12\\\/18\\\/siete-oficinas-de-anses-bonaerenses-estaran-cerradas-este-lunes-entre-ellas-la-de-mercedes\\\/#primaryimage\"},\"thumbnailUrl\":\"https:\\\/\\\/noticiasmercedinas.com\\\/site\\\/wp-content\\\/uploads\\\/2023\\\/12\\\/anses.jpg\",\"keywords\":[\"anses\",\"emergencia\",\"temporal\",\"tormenta\"],\"articleSection\":[\"Sociedad\"],\"inLanguage\":\"es\"},{\"@type\":\"WebPage\",\"@id\":\"https:\\\/\\\/noticiasmercedinas.com\\\/site\\\/2023\\\/12\\\/18\\\/siete-oficinas-de-anses-bonaerenses-estaran-cerradas-este-lunes-entre-ellas-la-de-mercedes\\\/\",\"url\":\"https:\\\/\\\/noticiasmercedinas.com\\\/site\\\/2023\\\/12\\\/18\\\/siete-oficinas-de-anses-bonaerenses-estaran-cerradas-este-lunes-entre-ellas-la-de-mercedes\\\/\",\"name\":\"Siete oficinas de ANSES bonaerenses estar\u00e1n cerradas este lunes, entre ellas la de Mercedes\",\"isPartOf\":{\"@id\":\"https:\\\/\\\/noticiasmercedinas.com\\\/site\\\/#website\"},\"primaryImageOfPage\":{\"@id\":\"https:\\\/\\\/noticiasmercedinas.com\\\/site\\\/2023\\\/12\\\/18\\\/siete-oficinas-de-anses-bonaerenses-estaran-cerradas-este-lunes-entre-ellas-la-de-mercedes\\\/#primaryimage\"},\"image\":{\"@id\":\"https:\\\/\\\/noticiasmercedinas.com\\\/site\\\/2023\\\/12\\\/18\\\/siete-oficinas-de-anses-bonaerenses-estaran-cerradas-este-lunes-entre-ellas-la-de-mercedes\\\/#primaryimage\"},\"thumbnailUrl\":\"https:\\\/\\\/noticiasmercedinas.com\\\/site\\\/wp-content\\\/uploads\\\/2023\\\/12\\\/anses.jpg\",\"datePublished\":\"2023-12-18T13:45:30+00:00\",\"breadcrumb\":{\"@id\":\"https:\\\/\\\/noticiasmercedinas.com\\\/site\\\/2023\\\/12\\\/18\\\/siete-oficinas-de-anses-bonaerenses-estaran-cerradas-este-lunes-entre-ellas-la-de-mercedes\\\/#breadcrumb\"},\"inLanguage\":\"es\",\"potentialAction\":[{\"@type\":\"ReadAction\",\"target\":[\"https:\\\/\\\/noticiasmercedinas.com\\\/site\\\/2023\\\/12\\\/18\\\/siete-oficinas-de-anses-bonaerenses-estaran-cerradas-este-lunes-entre-ellas-la-de-mercedes\\\/\"]}]},{\"@type\":\"ImageObject\",\"inLanguage\":\"es\",\"@id\":\"https:\\\/\\\/noticiasmercedinas.com\\\/site\\\/2023\\\/12\\\/18\\\/siete-oficinas-de-anses-bonaerenses-estaran-cerradas-este-lunes-entre-ellas-la-de-mercedes\\\/#primaryimage\",\"url\":\"https:\\\/\\\/noticiasmercedinas.com\\\/site\\\/wp-content\\\/uploads\\\/2023\\\/12\\\/anses.jpg\",\"contentUrl\":\"https:\\\/\\\/noticiasmercedinas.com\\\/site\\\/wp-content\\\/uploads\\\/2023\\\/12\\\/anses.jpg\",\"width\":640,\"height\":377},{\"@type\":\"BreadcrumbList\",\"@id\":\"https:\\\/\\\/noticiasmercedinas.com\\\/site\\\/2023\\\/12\\\/18\\\/siete-oficinas-de-anses-bonaerenses-estaran-cerradas-este-lunes-entre-ellas-la-de-mercedes\\\/#breadcrumb\",\"itemListElement\":[{\"@type\":\"ListItem\",\"position\":1,\"name\":\"Portada\",\"item\":\"https:\\\/\\\/noticiasmercedinas.com\\\/site\\\/\"},{\"@type\":\"ListItem\",\"position\":2,\"name\":\"Siete oficinas de ANSES bonaerenses estar\u00e1n cerradas este lunes, entre ellas la de Mercedes\"}]},{\"@type\":\"WebSite\",\"@id\":\"https:\\\/\\\/noticiasmercedinas.com\\\/site\\\/#website\",\"url\":\"https:\\\/\\\/noticiasmercedinas.com\\\/site\\\/\",\"name\":\"NOTICIASMERCEDINAS.COM\",\"description\":\"Mercedes, Buenos Aires, Argentina\",\"publisher\":{\"@id\":\"https:\\\/\\\/noticiasmercedinas.com\\\/site\\\/#organization\"},\"potentialAction\":[{\"@type\":\"SearchAction\",\"target\":{\"@type\":\"EntryPoint\",\"urlTemplate\":\"https:\\\/\\\/noticiasmercedinas.com\\\/site\\\/?s={search_term_string}\"},\"query-input\":{\"@type\":\"PropertyValueSpecification\",\"valueRequired\":true,\"valueName\":\"search_term_string\"}}],\"inLanguage\":\"es\"},{\"@type\":\"Organization\",\"@id\":\"https:\\\/\\\/noticiasmercedinas.com\\\/site\\\/#organization\",\"name\":\"NOTICIASMERCEDINAS.COM\",\"url\":\"https:\\\/\\\/noticiasmercedinas.com\\\/site\\\/\",\"logo\":{\"@type\":\"ImageObject\",\"inLanguage\":\"es\",\"@id\":\"https:\\\/\\\/noticiasmercedinas.com\\\/site\\\/#\\\/schema\\\/logo\\\/image\\\/\",\"url\":\"https:\\\/\\\/noticiasmercedinas.com\\\/site\\\/wp-content\\\/uploads\\\/2020\\\/06\\\/LOGO-512.jpg\",\"contentUrl\":\"https:\\\/\\\/noticiasmercedinas.com\\\/site\\\/wp-content\\\/uploads\\\/2020\\\/06\\\/LOGO-512.jpg\",\"width\":512,\"height\":512,\"caption\":\"NOTICIASMERCEDINAS.COM\"},\"image\":{\"@id\":\"https:\\\/\\\/noticiasmercedinas.com\\\/site\\\/#\\\/schema\\\/logo\\\/image\\\/\"},\"sameAs\":[\"https:\\\/\\\/www.facebook.com\\\/noticiasmercedinas\\\/\",\"https:\\\/\\\/x.com\\\/notmercedinas\",\"https:\\\/\\\/www.instagram.com\\\/noticiasmercedinas\\\/\"]},{\"@type\":\"Person\",\"@id\":\"https:\\\/\\\/noticiasmercedinas.com\\\/site\\\/#\\\/schema\\\/person\\\/84b59c099c28ff2e8b77d4ceec5d8063\",\"name\":\"NOTICIASMERCEDINAS.COM\",\"image\":{\"@type\":\"ImageObject\",\"inLanguage\":\"es\",\"@id\":\"https:\\\/\\\/secure.gravatar.com\\\/avatar\\\/4dfbf16b4d17945bfb6341b2d19043457132fcf478a5ee04f42e959fd8f5df0a?s=96&d=mm&r=g\",\"url\":\"https:\\\/\\\/secure.gravatar.com\\\/avatar\\\/4dfbf16b4d17945bfb6341b2d19043457132fcf478a5ee04f42e959fd8f5df0a?s=96&d=mm&r=g\",\"contentUrl\":\"https:\\\/\\\/secure.gravatar.com\\\/avatar\\\/4dfbf16b4d17945bfb6341b2d19043457132fcf478a5ee04f42e959fd8f5df0a?s=96&d=mm&r=g\",\"caption\":\"NOTICIASMERCEDINAS.COM\"},\"url\":\"https:\\\/\\\/noticiasmercedinas.com\\\/site\\\/author\\\/anonimo\\\/\"}]}<\/script>\n<!-- \/ Yoast SEO plugin. -->","yoast_head_json":{"title":"Siete oficinas de ANSES bonaerenses estar\u00e1n cerradas este lunes, entre ellas la de Mercedes","robots":{"index":"index","follow":"follow","max-snippet":"max-snippet:-1","max-image-preview":"max-image-preview:large","max-video-preview":"max-video-preview:-1"},"canonical":"https:\/\/noticiasmercedinas.com\/site\/2023\/12\/18\/siete-oficinas-de-anses-bonaerenses-estaran-cerradas-este-lunes-entre-ellas-la-de-mercedes\/","og_locale":"es_ES","og_type":"article","og_title":"Siete oficinas de ANSES bonaerenses estar\u00e1n cerradas este lunes, entre ellas la de Mercedes","og_description":"\u25a0 Las inclemencias clim\u00e1ticas que azotaron la regi\u00f3n durante este fin de semana determinaron la medida. La idea es salvaguardar la seguridad tanto de los empleados como de los beneficiarios","og_url":"https:\/\/noticiasmercedinas.com\/site\/2023\/12\/18\/siete-oficinas-de-anses-bonaerenses-estaran-cerradas-este-lunes-entre-ellas-la-de-mercedes\/","og_site_name":"NOTICIASMERCEDINAS.COM","article_publisher":"https:\/\/www.facebook.com\/noticiasmercedinas\/","article_published_time":"2023-12-18T13:45:30+00:00","og_image":[{"width":640,"height":377,"url":"https:\/\/noticiasmercedinas.com\/site\/wp-content\/uploads\/2023\/12\/anses.jpg","type":"image\/jpeg"}],"author":"NOTICIASMERCEDINAS.COM","twitter_card":"summary_large_image","twitter_creator":"@notmercedinas","twitter_site":"@notmercedinas","twitter_misc":{"Escrito por":"NOTICIASMERCEDINAS.COM","Tiempo de lectura":"2 minutos"},"schema":{"@context":"https:\/\/schema.org","@graph":[{"@type":"Article","@id":"https:\/\/noticiasmercedinas.com\/site\/2023\/12\/18\/siete-oficinas-de-anses-bonaerenses-estaran-cerradas-este-lunes-entre-ellas-la-de-mercedes\/#article","isPartOf":{"@id":"https:\/\/noticiasmercedinas.com\/site\/2023\/12\/18\/siete-oficinas-de-anses-bonaerenses-estaran-cerradas-este-lunes-entre-ellas-la-de-mercedes\/"},"author":{"name":"NOTICIASMERCEDINAS.COM","@id":"https:\/\/noticiasmercedinas.com\/site\/#\/schema\/person\/84b59c099c28ff2e8b77d4ceec5d8063"},"headline":"Siete oficinas de ANSES bonaerenses estar\u00e1n cerradas este lunes, entre ellas la de Mercedes","datePublished":"2023-12-18T13:45:30+00:00","mainEntityOfPage":{"@id":"https:\/\/noticiasmercedinas.com\/site\/2023\/12\/18\/siete-oficinas-de-anses-bonaerenses-estaran-cerradas-este-lunes-entre-ellas-la-de-mercedes\/"},"wordCount":275,"publisher":{"@id":"https:\/\/noticiasmercedinas.com\/site\/#organization"},"image":{"@id":"https:\/\/noticiasmercedinas.com\/site\/2023\/12\/18\/siete-oficinas-de-anses-bonaerenses-estaran-cerradas-este-lunes-entre-ellas-la-de-mercedes\/#primaryimage"},"thumbnailUrl":"https:\/\/noticiasmercedinas.com\/site\/wp-content\/uploads\/2023\/12\/anses.jpg","keywords":["anses","emergencia","temporal","tormenta"],"articleSection":["Sociedad"],"inLanguage":"es"},{"@type":"WebPage","@id":"https:\/\/noticiasmercedinas.com\/site\/2023\/12\/18\/siete-oficinas-de-anses-bonaerenses-estaran-cerradas-este-lunes-entre-ellas-la-de-mercedes\/","url":"https:\/\/noticiasmercedinas.com\/site\/2023\/12\/18\/siete-oficinas-de-anses-bonaerenses-estaran-cerradas-este-lunes-entre-ellas-la-de-mercedes\/","name":"Siete oficinas de ANSES bonaerenses estar\u00e1n cerradas este lunes, entre ellas la de Mercedes","isPartOf":{"@id":"https:\/\/noticiasmercedinas.com\/site\/#website"},"primaryImageOfPage":{"@id":"https:\/\/noticiasmercedinas.com\/site\/2023\/12\/18\/siete-oficinas-de-anses-bonaerenses-estaran-cerradas-este-lunes-entre-ellas-la-de-mercedes\/#primaryimage"},"image":{"@id":"https:\/\/noticiasmercedinas.com\/site\/2023\/12\/18\/siete-oficinas-de-anses-bonaerenses-estaran-cerradas-este-lunes-entre-ellas-la-de-mercedes\/#primaryimage"},"thumbnailUrl":"https:\/\/noticiasmercedinas.com\/site\/wp-content\/uploads\/2023\/12\/anses.jpg","datePublished":"2023-12-18T13:45:30+00:00","breadcrumb":{"@id":"https:\/\/noticiasmercedinas.com\/site\/2023\/12\/18\/siete-oficinas-de-anses-bonaerenses-estaran-cerradas-este-lunes-entre-ellas-la-de-mercedes\/#breadcrumb"},"inLanguage":"es","potentialAction":[{"@type":"ReadAction","target":["https:\/\/noticiasmercedinas.com\/site\/2023\/12\/18\/siete-oficinas-de-anses-bonaerenses-estaran-cerradas-este-lunes-entre-ellas-la-de-mercedes\/"]}]},{"@type":"ImageObject","inLanguage":"es","@id":"https:\/\/noticiasmercedinas.com\/site\/2023\/12\/18\/siete-oficinas-de-anses-bonaerenses-estaran-cerradas-este-lunes-entre-ellas-la-de-mercedes\/#primaryimage","url":"https:\/\/noticiasmercedinas.com\/site\/wp-content\/uploads\/2023\/12\/anses.jpg","contentUrl":"https:\/\/noticiasmercedinas.com\/site\/wp-content\/uploads\/2023\/12\/anses.jpg","width":640,"height":377},{"@type":"BreadcrumbList","@id":"https:\/\/noticiasmercedinas.com\/site\/2023\/12\/18\/siete-oficinas-de-anses-bonaerenses-estaran-cerradas-este-lunes-entre-ellas-la-de-mercedes\/#breadcrumb","itemListElement":[{"@type":"ListItem","position":1,"name":"Portada","item":"https:\/\/noticiasmercedinas.com\/site\/"},{"@type":"ListItem","position":2,"name":"Siete oficinas de ANSES bonaerenses estar\u00e1n cerradas este lunes, entre ellas la de Mercedes"}]},{"@type":"WebSite","@id":"https:\/\/noticiasmercedinas.com\/site\/#website","url":"https:\/\/noticiasmercedinas.com\/site\/","name":"NOTICIASMERCEDINAS.COM","description":"Mercedes, Buenos Aires, Argentina","publisher":{"@id":"https:\/\/noticiasmercedinas.com\/site\/#organization"},"potentialAction":[{"@type":"SearchAction","target":{"@type":"EntryPoint","urlTemplate":"https:\/\/noticiasmercedinas.com\/site\/?s={search_term_string}"},"query-input":{"@type":"PropertyValueSpecification","valueRequired":true,"valueName":"search_term_string"}}],"inLanguage":"es"},{"@type":"Organization","@id":"https:\/\/noticiasmercedinas.com\/site\/#organization","name":"NOTICIASMERCEDINAS.COM","url":"https:\/\/noticiasmercedinas.com\/site\/","logo":{"@type":"ImageObject","inLanguage":"es","@id":"https:\/\/noticiasmercedinas.com\/site\/#\/schema\/logo\/image\/","url":"https:\/\/noticiasmercedinas.com\/site\/wp-content\/uploads\/2020\/06\/LOGO-512.jpg","contentUrl":"https:\/\/noticiasmercedinas.com\/site\/wp-content\/uploads\/2020\/06\/LOGO-512.jpg","width":512,"height":512,"caption":"NOTICIASMERCEDINAS.COM"},"image":{"@id":"https:\/\/noticiasmercedinas.com\/site\/#\/schema\/logo\/image\/"},"sameAs":["https:\/\/www.facebook.com\/noticiasmercedinas\/","https:\/\/x.com\/notmercedinas","https:\/\/www.instagram.com\/noticiasmercedinas\/"]},{"@type":"Person","@id":"https:\/\/noticiasmercedinas.com\/site\/#\/schema\/person\/84b59c099c28ff2e8b77d4ceec5d8063","name":"NOTICIASMERCEDINAS.COM","image":{"@type":"ImageObject","inLanguage":"es","@id":"https:\/\/secure.gravatar.com\/avatar\/4dfbf16b4d17945bfb6341b2d19043457132fcf478a5ee04f42e959fd8f5df0a?s=96&d=mm&r=g","url":"https:\/\/secure.gravatar.com\/avatar\/4dfbf16b4d17945bfb6341b2d19043457132fcf478a5ee04f42e959fd8f5df0a?s=96&d=mm&r=g","contentUrl":"https:\/\/secure.gravatar.com\/avatar\/4dfbf16b4d17945bfb6341b2d19043457132fcf478a5ee04f42e959fd8f5df0a?s=96&d=mm&r=g","caption":"NOTICIASMERCEDINAS.COM"},"url":"https:\/\/noticiasmercedinas.com\/site\/author\/anonimo\/"}]}},"amp_enabled":true,"_links":{"self":[{"href":"https:\/\/noticiasmercedinas.com\/site\/wp-json\/wp\/v2\/posts\/128560","targetHints":{"allow":["GET"]}}],"collection":[{"href":"https:\/\/noticiasmercedinas.com\/site\/wp-json\/wp\/v2\/posts"}],"about":[{"href":"https:\/\/noticiasmercedinas.com\/site\/wp-json\/wp\/v2\/types\/post"}],"author":[{"embeddable":true,"href":"https:\/\/noticiasmercedinas.com\/site\/wp-json\/wp\/v2\/users\/16"}],"replies":[{"embeddable":true,"href":"https:\/\/noticiasmercedinas.com\/site\/wp-json\/wp\/v2\/comments?post=128560"}],"version-history":[{"count":1,"href":"https:\/\/noticiasmercedinas.com\/site\/wp-json\/wp\/v2\/posts\/128560\/revisions"}],"predecessor-version":[{"id":128562,"href":"https:\/\/noticiasmercedinas.com\/site\/wp-json\/wp\/v2\/posts\/128560\/revisions\/128562"}],"wp:featuredmedia":[{"embeddable":true,"href":"https:\/\/noticiasmercedinas.com\/site\/wp-json\/wp\/v2\/media\/128561"}],"wp:attachment":[{"href":"https:\/\/noticiasmercedinas.com\/site\/wp-json\/wp\/v2\/media?parent=128560"}],"wp:term":[{"taxonomy":"category","embeddable":true,"href":"https:\/\/noticiasmercedinas.com\/site\/wp-json\/wp\/v2\/categories?post=128560"},{"taxonomy":"post_tag","embeddable":true,"href":"https:\/\/noticiasmercedinas.com\/site\/wp-json\/wp\/v2\/tags?post=128560"}],"curies":[{"name":"wp","href":"https:\/\/api.w.org\/{rel}","templated":true}]}}