{"id":128750,"date":"2023-12-21T08:10:16","date_gmt":"2023-12-21T11:10:16","guid":{"rendered":"https:\/\/noticiasmercedinas.com\/site\/?p=128750"},"modified":"2023-12-21T08:10:16","modified_gmt":"2023-12-21T11:10:16","slug":"detienen-al-segundo-menor-fugado-del-juzgado-n8-tras-intenso-operativo-de-busqueda","status":"publish","type":"post","link":"https:\/\/noticiasmercedinas.com\/site\/2023\/12\/21\/detienen-al-segundo-menor-fugado-del-juzgado-n8-tras-intenso-operativo-de-busqueda\/","title":{"rendered":"Detienen al segundo menor fugado del Juzgado N\u00b08 tras intenso operativo de b\u00fasqueda"},"content":{"rendered":"<p><img loading=\"lazy\" decoding=\"async\" class=\"alignnone size-full wp-image-20355\" src=\"https:\/\/noticiasmercedinas.com\/site\/wp-content\/uploads\/2019\/06\/detenido.png\" alt=\"\" width=\"640\" height=\"429\" srcset=\"https:\/\/noticiasmercedinas.com\/site\/wp-content\/uploads\/2019\/06\/detenido.png 640w, https:\/\/noticiasmercedinas.com\/site\/wp-content\/uploads\/2019\/06\/detenido-300x201.png 300w, https:\/\/noticiasmercedinas.com\/site\/wp-content\/uploads\/2019\/06\/detenido-537x360.png 537w\" sizes=\"auto, (max-width: 640px) 100vw, 640px\" \/><\/p>\n<p>En una jornada marcada por la tensi\u00f3n y la acci\u00f3n coordinada de las fuerzas de seguridad, fue capturado el segundo menor que se hab\u00eda evadido del Juzgado N\u00b08, desencadenando un operativo de b\u00fasqueda que mantuvo en vilo a la comunidad de Mercedes durante varias horas.<\/p>\n<p>Los hechos comenzaron en las primeras horas de la ma\u00f1ana de este mi\u00e9rcoles, cuando dos menores de edad lograron eludir la custodia en el Juzgado ubicado en la calle 23 entre 28 y 30. Ante este escape, se despleg\u00f3 un dispositivo de b\u00fasqueda que no solo cont\u00f3 con la participaci\u00f3n activa de efectivos locales, sino que tambi\u00e9n se vali\u00f3 de la tecnolog\u00eda de \u00faltima generaci\u00f3n proporcionada por la Secretar\u00eda de Seguridad.<\/p>\n<p>C\u00e1maras de vigilancia del Centro de Monitoreo y un drone fueron empleados para rastrear las zonas consideradas como posibles escondites de los fugitivos. Fue gracias a este despliegue tecnol\u00f3gico que el primer menor fue detenido r\u00e1pidamente en la localidad de Gowland-Agote, donde se presume que lleg\u00f3 subido a un tren.<\/p>\n<p>Sin embargo, el segundo fugado, un joven de 16 a\u00f1os, emprendi\u00f3 camino con destino a la ciudad de Luj\u00e1n, desatando una cacer\u00eda que involucr\u00f3 la colaboraci\u00f3n de m\u00faltiples fuerzas de seguridad. El menor fue finalmente interceptado en la localidad de Olivera, tras adentrarse en campos y zonas despobladas.<\/p>\n<p>La captura del adolescente no estuvo exenta de misterio, ya que se sospecha que pudo haber contado con la asistencia de un mayor de edad en la mencionada localidad. Este nuevo giro en la historia ha dado lugar a una investigaci\u00f3n m\u00e1s amplia sobre la posible complicidad de terceros en la evasi\u00f3n de la justicia protagonizada por los menores.<\/p>\n<p>Una vez detenido, el segundo menor fue trasladado de inmediato a la comisar\u00eda de la ciudad de Luj\u00e1n, donde enfrentar\u00e1 las consecuencias legales de su fuga y las posibles complicidades que puedan surgir durante la investigaci\u00f3n en curso.<\/p>\n<p>La comunidad respira aliviada tras el desenlace de este episodio, aunque a\u00fan persisten inc\u00f3gnitas sobre los detalles precisos de la fuga y las circunstancias que llevaron a la colaboraci\u00f3n de terceros.<\/p>\n","protected":false},"excerpt":{"rendered":"<p>\u25a0 C\u00e1maras de vigilancia del Centro de Monitoreo y hasta un drone fueron empleados para rastrearlo. Fue detenido en Olivera, donde se presume que podr\u00eda tener un c\u00f3mplice<\/p>\n","protected":false},"author":16,"featured_media":20355,"comment_status":"closed","ping_status":"closed","sticky":false,"template":"","format":"standard","meta":{"footnotes":""},"categories":[7],"tags":[17146,8466,4348,23,1074],"class_list":["post-128750","post","type-post","status-publish","format-standard","has-post-thumbnail","hentry","category-policiales","tag-detenido","tag-fuga","tag-menores","tag-mercedes","tag-olivera"],"yoast_head":"<!-- This site is optimized with the Yoast SEO plugin v27.5 - https:\/\/yoast.com\/product\/yoast-seo-wordpress\/ -->\n<title>Detienen al segundo menor fugado del Juzgado N\u00b08 tras intenso operativo de b\u00fasqueda<\/title>\n<meta name=\"robots\" content=\"index, follow, max-snippet:-1, max-image-preview:large, max-video-preview:-1\" \/>\n<link rel=\"canonical\" href=\"https:\/\/noticiasmercedinas.com\/site\/2023\/12\/21\/detienen-al-segundo-menor-fugado-del-juzgado-n8-tras-intenso-operativo-de-busqueda\/\" \/>\n<meta property=\"og:locale\" content=\"es_ES\" \/>\n<meta property=\"og:type\" content=\"article\" \/>\n<meta property=\"og:title\" content=\"Detienen al segundo menor fugado del Juzgado N\u00b08 tras intenso operativo de b\u00fasqueda\" \/>\n<meta property=\"og:description\" content=\"\u25a0 C\u00e1maras de vigilancia del Centro de Monitoreo y hasta un drone fueron empleados para rastrearlo. Fue detenido en Olivera, donde se presume que podr\u00eda tener un c\u00f3mplice\" \/>\n<meta property=\"og:url\" content=\"https:\/\/noticiasmercedinas.com\/site\/2023\/12\/21\/detienen-al-segundo-menor-fugado-del-juzgado-n8-tras-intenso-operativo-de-busqueda\/\" \/>\n<meta property=\"og:site_name\" content=\"NOTICIASMERCEDINAS.COM\" \/>\n<meta property=\"article:publisher\" content=\"https:\/\/www.facebook.com\/noticiasmercedinas\/\" \/>\n<meta property=\"article:published_time\" content=\"2023-12-21T11:10:16+00:00\" \/>\n<meta property=\"og:image\" content=\"https:\/\/noticiasmercedinas.com\/site\/wp-content\/uploads\/2019\/06\/detenido.png\" \/>\n\t<meta property=\"og:image:width\" content=\"640\" \/>\n\t<meta property=\"og:image:height\" content=\"429\" \/>\n\t<meta property=\"og:image:type\" content=\"image\/png\" \/>\n<meta name=\"author\" content=\"NOTICIASMERCEDINAS.COM\" \/>\n<meta name=\"twitter:card\" content=\"summary_large_image\" \/>\n<meta name=\"twitter:creator\" content=\"@notmercedinas\" \/>\n<meta name=\"twitter:site\" content=\"@notmercedinas\" \/>\n<meta name=\"twitter:label1\" content=\"Escrito por\" \/>\n\t<meta name=\"twitter:data1\" content=\"NOTICIASMERCEDINAS.COM\" \/>\n\t<meta name=\"twitter:label2\" content=\"Tiempo de lectura\" \/>\n\t<meta name=\"twitter:data2\" content=\"2 minutos\" \/>\n<script type=\"application\/ld+json\" class=\"yoast-schema-graph\">{\"@context\":\"https:\\\/\\\/schema.org\",\"@graph\":[{\"@type\":\"Article\",\"@id\":\"https:\\\/\\\/noticiasmercedinas.com\\\/site\\\/2023\\\/12\\\/21\\\/detienen-al-segundo-menor-fugado-del-juzgado-n8-tras-intenso-operativo-de-busqueda\\\/#article\",\"isPartOf\":{\"@id\":\"https:\\\/\\\/noticiasmercedinas.com\\\/site\\\/2023\\\/12\\\/21\\\/detienen-al-segundo-menor-fugado-del-juzgado-n8-tras-intenso-operativo-de-busqueda\\\/\"},\"author\":{\"name\":\"NOTICIASMERCEDINAS.COM\",\"@id\":\"https:\\\/\\\/noticiasmercedinas.com\\\/site\\\/#\\\/schema\\\/person\\\/84b59c099c28ff2e8b77d4ceec5d8063\"},\"headline\":\"Detienen al segundo menor fugado del Juzgado N\u00b08 tras intenso operativo de b\u00fasqueda\",\"datePublished\":\"2023-12-21T11:10:16+00:00\",\"mainEntityOfPage\":{\"@id\":\"https:\\\/\\\/noticiasmercedinas.com\\\/site\\\/2023\\\/12\\\/21\\\/detienen-al-segundo-menor-fugado-del-juzgado-n8-tras-intenso-operativo-de-busqueda\\\/\"},\"wordCount\":381,\"publisher\":{\"@id\":\"https:\\\/\\\/noticiasmercedinas.com\\\/site\\\/#organization\"},\"image\":{\"@id\":\"https:\\\/\\\/noticiasmercedinas.com\\\/site\\\/2023\\\/12\\\/21\\\/detienen-al-segundo-menor-fugado-del-juzgado-n8-tras-intenso-operativo-de-busqueda\\\/#primaryimage\"},\"thumbnailUrl\":\"https:\\\/\\\/noticiasmercedinas.com\\\/site\\\/wp-content\\\/uploads\\\/2019\\\/06\\\/detenido.png\",\"keywords\":[\"detenido\",\"fuga\",\"menores\",\"mercedes\",\"Olivera\"],\"articleSection\":[\"Seguridad\"],\"inLanguage\":\"es\"},{\"@type\":\"WebPage\",\"@id\":\"https:\\\/\\\/noticiasmercedinas.com\\\/site\\\/2023\\\/12\\\/21\\\/detienen-al-segundo-menor-fugado-del-juzgado-n8-tras-intenso-operativo-de-busqueda\\\/\",\"url\":\"https:\\\/\\\/noticiasmercedinas.com\\\/site\\\/2023\\\/12\\\/21\\\/detienen-al-segundo-menor-fugado-del-juzgado-n8-tras-intenso-operativo-de-busqueda\\\/\",\"name\":\"Detienen al segundo menor fugado del Juzgado N\u00b08 tras intenso operativo de b\u00fasqueda\",\"isPartOf\":{\"@id\":\"https:\\\/\\\/noticiasmercedinas.com\\\/site\\\/#website\"},\"primaryImageOfPage\":{\"@id\":\"https:\\\/\\\/noticiasmercedinas.com\\\/site\\\/2023\\\/12\\\/21\\\/detienen-al-segundo-menor-fugado-del-juzgado-n8-tras-intenso-operativo-de-busqueda\\\/#primaryimage\"},\"image\":{\"@id\":\"https:\\\/\\\/noticiasmercedinas.com\\\/site\\\/2023\\\/12\\\/21\\\/detienen-al-segundo-menor-fugado-del-juzgado-n8-tras-intenso-operativo-de-busqueda\\\/#primaryimage\"},\"thumbnailUrl\":\"https:\\\/\\\/noticiasmercedinas.com\\\/site\\\/wp-content\\\/uploads\\\/2019\\\/06\\\/detenido.png\",\"datePublished\":\"2023-12-21T11:10:16+00:00\",\"breadcrumb\":{\"@id\":\"https:\\\/\\\/noticiasmercedinas.com\\\/site\\\/2023\\\/12\\\/21\\\/detienen-al-segundo-menor-fugado-del-juzgado-n8-tras-intenso-operativo-de-busqueda\\\/#breadcrumb\"},\"inLanguage\":\"es\",\"potentialAction\":[{\"@type\":\"ReadAction\",\"target\":[\"https:\\\/\\\/noticiasmercedinas.com\\\/site\\\/2023\\\/12\\\/21\\\/detienen-al-segundo-menor-fugado-del-juzgado-n8-tras-intenso-operativo-de-busqueda\\\/\"]}]},{\"@type\":\"ImageObject\",\"inLanguage\":\"es\",\"@id\":\"https:\\\/\\\/noticiasmercedinas.com\\\/site\\\/2023\\\/12\\\/21\\\/detienen-al-segundo-menor-fugado-del-juzgado-n8-tras-intenso-operativo-de-busqueda\\\/#primaryimage\",\"url\":\"https:\\\/\\\/noticiasmercedinas.com\\\/site\\\/wp-content\\\/uploads\\\/2019\\\/06\\\/detenido.png\",\"contentUrl\":\"https:\\\/\\\/noticiasmercedinas.com\\\/site\\\/wp-content\\\/uploads\\\/2019\\\/06\\\/detenido.png\",\"width\":640,\"height\":429},{\"@type\":\"BreadcrumbList\",\"@id\":\"https:\\\/\\\/noticiasmercedinas.com\\\/site\\\/2023\\\/12\\\/21\\\/detienen-al-segundo-menor-fugado-del-juzgado-n8-tras-intenso-operativo-de-busqueda\\\/#breadcrumb\",\"itemListElement\":[{\"@type\":\"ListItem\",\"position\":1,\"name\":\"Portada\",\"item\":\"https:\\\/\\\/noticiasmercedinas.com\\\/site\\\/\"},{\"@type\":\"ListItem\",\"position\":2,\"name\":\"Detienen al segundo menor fugado del Juzgado N\u00b08 tras intenso operativo de b\u00fasqueda\"}]},{\"@type\":\"WebSite\",\"@id\":\"https:\\\/\\\/noticiasmercedinas.com\\\/site\\\/#website\",\"url\":\"https:\\\/\\\/noticiasmercedinas.com\\\/site\\\/\",\"name\":\"NOTICIASMERCEDINAS.COM\",\"description\":\"Mercedes, Buenos Aires, Argentina\",\"publisher\":{\"@id\":\"https:\\\/\\\/noticiasmercedinas.com\\\/site\\\/#organization\"},\"potentialAction\":[{\"@type\":\"SearchAction\",\"target\":{\"@type\":\"EntryPoint\",\"urlTemplate\":\"https:\\\/\\\/noticiasmercedinas.com\\\/site\\\/?s={search_term_string}\"},\"query-input\":{\"@type\":\"PropertyValueSpecification\",\"valueRequired\":true,\"valueName\":\"search_term_string\"}}],\"inLanguage\":\"es\"},{\"@type\":\"Organization\",\"@id\":\"https:\\\/\\\/noticiasmercedinas.com\\\/site\\\/#organization\",\"name\":\"NOTICIASMERCEDINAS.COM\",\"url\":\"https:\\\/\\\/noticiasmercedinas.com\\\/site\\\/\",\"logo\":{\"@type\":\"ImageObject\",\"inLanguage\":\"es\",\"@id\":\"https:\\\/\\\/noticiasmercedinas.com\\\/site\\\/#\\\/schema\\\/logo\\\/image\\\/\",\"url\":\"https:\\\/\\\/noticiasmercedinas.com\\\/site\\\/wp-content\\\/uploads\\\/2020\\\/06\\\/LOGO-512.jpg\",\"contentUrl\":\"https:\\\/\\\/noticiasmercedinas.com\\\/site\\\/wp-content\\\/uploads\\\/2020\\\/06\\\/LOGO-512.jpg\",\"width\":512,\"height\":512,\"caption\":\"NOTICIASMERCEDINAS.COM\"},\"image\":{\"@id\":\"https:\\\/\\\/noticiasmercedinas.com\\\/site\\\/#\\\/schema\\\/logo\\\/image\\\/\"},\"sameAs\":[\"https:\\\/\\\/www.facebook.com\\\/noticiasmercedinas\\\/\",\"https:\\\/\\\/x.com\\\/notmercedinas\",\"https:\\\/\\\/www.instagram.com\\\/noticiasmercedinas\\\/\"]},{\"@type\":\"Person\",\"@id\":\"https:\\\/\\\/noticiasmercedinas.com\\\/site\\\/#\\\/schema\\\/person\\\/84b59c099c28ff2e8b77d4ceec5d8063\",\"name\":\"NOTICIASMERCEDINAS.COM\",\"image\":{\"@type\":\"ImageObject\",\"inLanguage\":\"es\",\"@id\":\"https:\\\/\\\/secure.gravatar.com\\\/avatar\\\/4dfbf16b4d17945bfb6341b2d19043457132fcf478a5ee04f42e959fd8f5df0a?s=96&d=mm&r=g\",\"url\":\"https:\\\/\\\/secure.gravatar.com\\\/avatar\\\/4dfbf16b4d17945bfb6341b2d19043457132fcf478a5ee04f42e959fd8f5df0a?s=96&d=mm&r=g\",\"contentUrl\":\"https:\\\/\\\/secure.gravatar.com\\\/avatar\\\/4dfbf16b4d17945bfb6341b2d19043457132fcf478a5ee04f42e959fd8f5df0a?s=96&d=mm&r=g\",\"caption\":\"NOTICIASMERCEDINAS.COM\"},\"url\":\"https:\\\/\\\/noticiasmercedinas.com\\\/site\\\/author\\\/anonimo\\\/\"}]}<\/script>\n<!-- \/ Yoast SEO plugin. -->","yoast_head_json":{"title":"Detienen al segundo menor fugado del Juzgado N\u00b08 tras intenso operativo de b\u00fasqueda","robots":{"index":"index","follow":"follow","max-snippet":"max-snippet:-1","max-image-preview":"max-image-preview:large","max-video-preview":"max-video-preview:-1"},"canonical":"https:\/\/noticiasmercedinas.com\/site\/2023\/12\/21\/detienen-al-segundo-menor-fugado-del-juzgado-n8-tras-intenso-operativo-de-busqueda\/","og_locale":"es_ES","og_type":"article","og_title":"Detienen al segundo menor fugado del Juzgado N\u00b08 tras intenso operativo de b\u00fasqueda","og_description":"\u25a0 C\u00e1maras de vigilancia del Centro de Monitoreo y hasta un drone fueron empleados para rastrearlo. Fue detenido en Olivera, donde se presume que podr\u00eda tener un c\u00f3mplice","og_url":"https:\/\/noticiasmercedinas.com\/site\/2023\/12\/21\/detienen-al-segundo-menor-fugado-del-juzgado-n8-tras-intenso-operativo-de-busqueda\/","og_site_name":"NOTICIASMERCEDINAS.COM","article_publisher":"https:\/\/www.facebook.com\/noticiasmercedinas\/","article_published_time":"2023-12-21T11:10:16+00:00","og_image":[{"width":640,"height":429,"url":"https:\/\/noticiasmercedinas.com\/site\/wp-content\/uploads\/2019\/06\/detenido.png","type":"image\/png"}],"author":"NOTICIASMERCEDINAS.COM","twitter_card":"summary_large_image","twitter_creator":"@notmercedinas","twitter_site":"@notmercedinas","twitter_misc":{"Escrito por":"NOTICIASMERCEDINAS.COM","Tiempo de lectura":"2 minutos"},"schema":{"@context":"https:\/\/schema.org","@graph":[{"@type":"Article","@id":"https:\/\/noticiasmercedinas.com\/site\/2023\/12\/21\/detienen-al-segundo-menor-fugado-del-juzgado-n8-tras-intenso-operativo-de-busqueda\/#article","isPartOf":{"@id":"https:\/\/noticiasmercedinas.com\/site\/2023\/12\/21\/detienen-al-segundo-menor-fugado-del-juzgado-n8-tras-intenso-operativo-de-busqueda\/"},"author":{"name":"NOTICIASMERCEDINAS.COM","@id":"https:\/\/noticiasmercedinas.com\/site\/#\/schema\/person\/84b59c099c28ff2e8b77d4ceec5d8063"},"headline":"Detienen al segundo menor fugado del Juzgado N\u00b08 tras intenso operativo de b\u00fasqueda","datePublished":"2023-12-21T11:10:16+00:00","mainEntityOfPage":{"@id":"https:\/\/noticiasmercedinas.com\/site\/2023\/12\/21\/detienen-al-segundo-menor-fugado-del-juzgado-n8-tras-intenso-operativo-de-busqueda\/"},"wordCount":381,"publisher":{"@id":"https:\/\/noticiasmercedinas.com\/site\/#organization"},"image":{"@id":"https:\/\/noticiasmercedinas.com\/site\/2023\/12\/21\/detienen-al-segundo-menor-fugado-del-juzgado-n8-tras-intenso-operativo-de-busqueda\/#primaryimage"},"thumbnailUrl":"https:\/\/noticiasmercedinas.com\/site\/wp-content\/uploads\/2019\/06\/detenido.png","keywords":["detenido","fuga","menores","mercedes","Olivera"],"articleSection":["Seguridad"],"inLanguage":"es"},{"@type":"WebPage","@id":"https:\/\/noticiasmercedinas.com\/site\/2023\/12\/21\/detienen-al-segundo-menor-fugado-del-juzgado-n8-tras-intenso-operativo-de-busqueda\/","url":"https:\/\/noticiasmercedinas.com\/site\/2023\/12\/21\/detienen-al-segundo-menor-fugado-del-juzgado-n8-tras-intenso-operativo-de-busqueda\/","name":"Detienen al segundo menor fugado del Juzgado N\u00b08 tras intenso operativo de b\u00fasqueda","isPartOf":{"@id":"https:\/\/noticiasmercedinas.com\/site\/#website"},"primaryImageOfPage":{"@id":"https:\/\/noticiasmercedinas.com\/site\/2023\/12\/21\/detienen-al-segundo-menor-fugado-del-juzgado-n8-tras-intenso-operativo-de-busqueda\/#primaryimage"},"image":{"@id":"https:\/\/noticiasmercedinas.com\/site\/2023\/12\/21\/detienen-al-segundo-menor-fugado-del-juzgado-n8-tras-intenso-operativo-de-busqueda\/#primaryimage"},"thumbnailUrl":"https:\/\/noticiasmercedinas.com\/site\/wp-content\/uploads\/2019\/06\/detenido.png","datePublished":"2023-12-21T11:10:16+00:00","breadcrumb":{"@id":"https:\/\/noticiasmercedinas.com\/site\/2023\/12\/21\/detienen-al-segundo-menor-fugado-del-juzgado-n8-tras-intenso-operativo-de-busqueda\/#breadcrumb"},"inLanguage":"es","potentialAction":[{"@type":"ReadAction","target":["https:\/\/noticiasmercedinas.com\/site\/2023\/12\/21\/detienen-al-segundo-menor-fugado-del-juzgado-n8-tras-intenso-operativo-de-busqueda\/"]}]},{"@type":"ImageObject","inLanguage":"es","@id":"https:\/\/noticiasmercedinas.com\/site\/2023\/12\/21\/detienen-al-segundo-menor-fugado-del-juzgado-n8-tras-intenso-operativo-de-busqueda\/#primaryimage","url":"https:\/\/noticiasmercedinas.com\/site\/wp-content\/uploads\/2019\/06\/detenido.png","contentUrl":"https:\/\/noticiasmercedinas.com\/site\/wp-content\/uploads\/2019\/06\/detenido.png","width":640,"height":429},{"@type":"BreadcrumbList","@id":"https:\/\/noticiasmercedinas.com\/site\/2023\/12\/21\/detienen-al-segundo-menor-fugado-del-juzgado-n8-tras-intenso-operativo-de-busqueda\/#breadcrumb","itemListElement":[{"@type":"ListItem","position":1,"name":"Portada","item":"https:\/\/noticiasmercedinas.com\/site\/"},{"@type":"ListItem","position":2,"name":"Detienen al segundo menor fugado del Juzgado N\u00b08 tras intenso operativo de b\u00fasqueda"}]},{"@type":"WebSite","@id":"https:\/\/noticiasmercedinas.com\/site\/#website","url":"https:\/\/noticiasmercedinas.com\/site\/","name":"NOTICIASMERCEDINAS.COM","description":"Mercedes, Buenos Aires, Argentina","publisher":{"@id":"https:\/\/noticiasmercedinas.com\/site\/#organization"},"potentialAction":[{"@type":"SearchAction","target":{"@type":"EntryPoint","urlTemplate":"https:\/\/noticiasmercedinas.com\/site\/?s={search_term_string}"},"query-input":{"@type":"PropertyValueSpecification","valueRequired":true,"valueName":"search_term_string"}}],"inLanguage":"es"},{"@type":"Organization","@id":"https:\/\/noticiasmercedinas.com\/site\/#organization","name":"NOTICIASMERCEDINAS.COM","url":"https:\/\/noticiasmercedinas.com\/site\/","logo":{"@type":"ImageObject","inLanguage":"es","@id":"https:\/\/noticiasmercedinas.com\/site\/#\/schema\/logo\/image\/","url":"https:\/\/noticiasmercedinas.com\/site\/wp-content\/uploads\/2020\/06\/LOGO-512.jpg","contentUrl":"https:\/\/noticiasmercedinas.com\/site\/wp-content\/uploads\/2020\/06\/LOGO-512.jpg","width":512,"height":512,"caption":"NOTICIASMERCEDINAS.COM"},"image":{"@id":"https:\/\/noticiasmercedinas.com\/site\/#\/schema\/logo\/image\/"},"sameAs":["https:\/\/www.facebook.com\/noticiasmercedinas\/","https:\/\/x.com\/notmercedinas","https:\/\/www.instagram.com\/noticiasmercedinas\/"]},{"@type":"Person","@id":"https:\/\/noticiasmercedinas.com\/site\/#\/schema\/person\/84b59c099c28ff2e8b77d4ceec5d8063","name":"NOTICIASMERCEDINAS.COM","image":{"@type":"ImageObject","inLanguage":"es","@id":"https:\/\/secure.gravatar.com\/avatar\/4dfbf16b4d17945bfb6341b2d19043457132fcf478a5ee04f42e959fd8f5df0a?s=96&d=mm&r=g","url":"https:\/\/secure.gravatar.com\/avatar\/4dfbf16b4d17945bfb6341b2d19043457132fcf478a5ee04f42e959fd8f5df0a?s=96&d=mm&r=g","contentUrl":"https:\/\/secure.gravatar.com\/avatar\/4dfbf16b4d17945bfb6341b2d19043457132fcf478a5ee04f42e959fd8f5df0a?s=96&d=mm&r=g","caption":"NOTICIASMERCEDINAS.COM"},"url":"https:\/\/noticiasmercedinas.com\/site\/author\/anonimo\/"}]}},"amp_enabled":true,"_links":{"self":[{"href":"https:\/\/noticiasmercedinas.com\/site\/wp-json\/wp\/v2\/posts\/128750","targetHints":{"allow":["GET"]}}],"collection":[{"href":"https:\/\/noticiasmercedinas.com\/site\/wp-json\/wp\/v2\/posts"}],"about":[{"href":"https:\/\/noticiasmercedinas.com\/site\/wp-json\/wp\/v2\/types\/post"}],"author":[{"embeddable":true,"href":"https:\/\/noticiasmercedinas.com\/site\/wp-json\/wp\/v2\/users\/16"}],"replies":[{"embeddable":true,"href":"https:\/\/noticiasmercedinas.com\/site\/wp-json\/wp\/v2\/comments?post=128750"}],"version-history":[{"count":1,"href":"https:\/\/noticiasmercedinas.com\/site\/wp-json\/wp\/v2\/posts\/128750\/revisions"}],"predecessor-version":[{"id":128751,"href":"https:\/\/noticiasmercedinas.com\/site\/wp-json\/wp\/v2\/posts\/128750\/revisions\/128751"}],"wp:featuredmedia":[{"embeddable":true,"href":"https:\/\/noticiasmercedinas.com\/site\/wp-json\/wp\/v2\/media\/20355"}],"wp:attachment":[{"href":"https:\/\/noticiasmercedinas.com\/site\/wp-json\/wp\/v2\/media?parent=128750"}],"wp:term":[{"taxonomy":"category","embeddable":true,"href":"https:\/\/noticiasmercedinas.com\/site\/wp-json\/wp\/v2\/categories?post=128750"},{"taxonomy":"post_tag","embeddable":true,"href":"https:\/\/noticiasmercedinas.com\/site\/wp-json\/wp\/v2\/tags?post=128750"}],"curies":[{"name":"wp","href":"https:\/\/api.w.org\/{rel}","templated":true}]}}