{"id":128755,"date":"2023-12-21T09:48:58","date_gmt":"2023-12-21T12:48:58","guid":{"rendered":"https:\/\/noticiasmercedinas.com\/site\/?p=128755"},"modified":"2023-12-21T09:52:25","modified_gmt":"2023-12-21T12:52:25","slug":"fallecio-el-reconocido-productor-de-salame-quintero-juan-carlos-berro","status":"publish","type":"post","link":"https:\/\/noticiasmercedinas.com\/site\/2023\/12\/21\/fallecio-el-reconocido-productor-de-salame-quintero-juan-carlos-berro\/","title":{"rendered":"Falleci\u00f3 el reconocido productor de salame quintero Juan Carlos Berro"},"content":{"rendered":"<p><img loading=\"lazy\" decoding=\"async\" class=\"alignnone size-full wp-image-27317\" src=\"https:\/\/noticiasmercedinas.com\/site\/wp-content\/uploads\/2019\/09\/juancarlosberro01-640x360.jpg\" alt=\"\" width=\"640\" height=\"360\" srcset=\"https:\/\/noticiasmercedinas.com\/site\/wp-content\/uploads\/2019\/09\/juancarlosberro01-640x360.jpg 640w, https:\/\/noticiasmercedinas.com\/site\/wp-content\/uploads\/2019\/09\/juancarlosberro01-640x360-300x169.jpg 300w\" sizes=\"auto, (max-width: 640px) 100vw, 640px\" \/><\/p>\n<p>A los 62 a\u00f1os de vida falleci\u00f3 <strong>Juan Carlos Berro<\/strong>. Fue un reconocido productor de salame quintero local y lleg\u00f3 a ser el primer embajador de la Fiesta Nacional del Salame Quintero. Muchos recuerdan todo lo que trabaj\u00f3 por el crecimiento de la actividad de los productores locales y la difusi\u00f3n de la actividad tur\u00edstica de la ciudad, siendo parte en reiteradas oportunidades de programas televisivos como \u201cCocineros Argentinos\u201d, donde desgranaba algunos secretos de la producci\u00f3n de chacinados.<\/p>\n<p>Berro viv\u00eda en calle 102 entre 15 y 13 y ten\u00eda su local en la esquina de 19 y 16, Chacinados \u201cEl Mercedino\u201d.<\/p>\n<p><iframe loading=\"lazy\" title=\"Cocineros argentinos - 22-05-11 - (1 de 6)\" width=\"640\" height=\"480\" src=\"https:\/\/www.youtube.com\/embed\/-fCQKQMMu8o?feature=oembed\" frameborder=\"0\" allow=\"accelerometer; autoplay; clipboard-write; encrypted-media; gyroscope; picture-in-picture; web-share\" referrerpolicy=\"strict-origin-when-cross-origin\" allowfullscreen><\/iframe><\/p>\n<p>Era un productor tradicional que siempre se destacaba. Berro recorri\u00f3 montones de lugares, estuvo en canales de televisi\u00f3n, radios y otras fiestas populares mostrando el producto emblema de la Fiesta: el salame quintero. Entre otras presentaciones en tev\u00e9 estuvo varias veces en el programa \u201cCocineros Argentinos\u201d, de la TV P\u00fablica, algo por lo que la gente lo reconoc\u00eda y mucho.<\/p>\n<p>Y si bien la vedette en su producci\u00f3n era el salame, tambi\u00e9n ten\u00eda a su cargo la factura de salamines, chorizos secos, salame picado fino, bondiola, jam\u00f3n, s\u00e1nguches de jam\u00f3n y salame, picadas surtidas, morcilla, queso de cerdo y de vaca, entre otros.<\/p>\n<p>Seg\u00fan comentaba Berro, el salame quintero de Mercedes se distingue por su trayectoria y el cuidado que tiene en su confecci\u00f3n: \u201cEl de Tandil es bueno, el de Caroya es bueno, pero el nuestro es diferente\u201d, sosten\u00eda.<\/p>\n<p>Su sepelio ser\u00e1 este jueves 21 de diciembre a las 11.00 horas en el crematorio del Cementerio Parque previo responso oficiado en Iglesia San Luis.<\/p>\n<p><img loading=\"lazy\" decoding=\"async\" class=\"alignnone size-full wp-image-128756\" src=\"https:\/\/noticiasmercedinas.com\/site\/wp-content\/uploads\/2023\/12\/imagen_2023-12-21_094252507.png\" alt=\"\" width=\"967\" height=\"629\" srcset=\"https:\/\/noticiasmercedinas.com\/site\/wp-content\/uploads\/2023\/12\/imagen_2023-12-21_094252507.png 967w, https:\/\/noticiasmercedinas.com\/site\/wp-content\/uploads\/2023\/12\/imagen_2023-12-21_094252507-300x194.png 300w, https:\/\/noticiasmercedinas.com\/site\/wp-content\/uploads\/2023\/12\/imagen_2023-12-21_094252507-768x500.png 768w, https:\/\/noticiasmercedinas.com\/site\/wp-content\/uploads\/2023\/12\/imagen_2023-12-21_094252507-640x416.png 640w, https:\/\/noticiasmercedinas.com\/site\/wp-content\/uploads\/2023\/12\/imagen_2023-12-21_094252507-681x443.png 681w\" sizes=\"auto, (max-width: 967px) 100vw, 967px\" \/><\/p>\n","protected":false},"excerpt":{"rendered":"<p>\u25a0 Hab\u00eda sido embajador de la Fiesta Nacional y llev\u00f3 el producto emblema de Mercedes a todo el pa\u00eds. Ten\u00eda su local en la esquina de 19 y 16, Chacinados \u201cEl Mercedino\u201d.<\/p>\n","protected":false},"author":16,"featured_media":27317,"comment_status":"closed","ping_status":"closed","sticky":false,"template":"","format":"standard","meta":{"footnotes":""},"categories":[3],"tags":[862,5453],"class_list":["post-128755","post","type-post","status-publish","format-standard","has-post-thumbnail","hentry","category-sociedad","tag-juan-carlos-berro","tag-salame-quintero"],"yoast_head":"<!-- This site is optimized with the Yoast SEO plugin v27.5 - https:\/\/yoast.com\/product\/yoast-seo-wordpress\/ -->\n<title>Falleci\u00f3 el reconocido productor de salame quintero Juan Carlos Berro<\/title>\n<meta name=\"robots\" content=\"index, follow, max-snippet:-1, max-image-preview:large, max-video-preview:-1\" \/>\n<link rel=\"canonical\" href=\"https:\/\/noticiasmercedinas.com\/site\/2023\/12\/21\/fallecio-el-reconocido-productor-de-salame-quintero-juan-carlos-berro\/\" \/>\n<meta property=\"og:locale\" content=\"es_ES\" \/>\n<meta property=\"og:type\" content=\"article\" \/>\n<meta property=\"og:title\" content=\"Falleci\u00f3 el reconocido productor de salame quintero Juan Carlos Berro\" \/>\n<meta property=\"og:description\" content=\"\u25a0 Hab\u00eda sido embajador de la Fiesta Nacional y llev\u00f3 el producto emblema de Mercedes a todo el pa\u00eds. Ten\u00eda su local en la esquina de 19 y 16, Chacinados \u201cEl Mercedino\u201d.\" \/>\n<meta property=\"og:url\" content=\"https:\/\/noticiasmercedinas.com\/site\/2023\/12\/21\/fallecio-el-reconocido-productor-de-salame-quintero-juan-carlos-berro\/\" \/>\n<meta property=\"og:site_name\" content=\"NOTICIASMERCEDINAS.COM\" \/>\n<meta property=\"article:publisher\" content=\"https:\/\/www.facebook.com\/noticiasmercedinas\/\" \/>\n<meta property=\"article:published_time\" content=\"2023-12-21T12:48:58+00:00\" \/>\n<meta property=\"article:modified_time\" content=\"2023-12-21T12:52:25+00:00\" \/>\n<meta property=\"og:image\" content=\"https:\/\/noticiasmercedinas.com\/site\/wp-content\/uploads\/2019\/09\/juancarlosberro01-640x360.jpg\" \/>\n\t<meta property=\"og:image:width\" content=\"640\" \/>\n\t<meta property=\"og:image:height\" content=\"360\" \/>\n\t<meta property=\"og:image:type\" content=\"image\/jpeg\" \/>\n<meta name=\"author\" content=\"NOTICIASMERCEDINAS.COM\" \/>\n<meta name=\"twitter:card\" content=\"summary_large_image\" \/>\n<meta name=\"twitter:creator\" content=\"@notmercedinas\" \/>\n<meta name=\"twitter:site\" content=\"@notmercedinas\" \/>\n<meta name=\"twitter:label1\" content=\"Escrito por\" \/>\n\t<meta name=\"twitter:data1\" content=\"NOTICIASMERCEDINAS.COM\" \/>\n\t<meta name=\"twitter:label2\" content=\"Tiempo de lectura\" \/>\n\t<meta name=\"twitter:data2\" content=\"2 minutos\" \/>\n<script type=\"application\/ld+json\" class=\"yoast-schema-graph\">{\"@context\":\"https:\\\/\\\/schema.org\",\"@graph\":[{\"@type\":\"Article\",\"@id\":\"https:\\\/\\\/noticiasmercedinas.com\\\/site\\\/2023\\\/12\\\/21\\\/fallecio-el-reconocido-productor-de-salame-quintero-juan-carlos-berro\\\/#article\",\"isPartOf\":{\"@id\":\"https:\\\/\\\/noticiasmercedinas.com\\\/site\\\/2023\\\/12\\\/21\\\/fallecio-el-reconocido-productor-de-salame-quintero-juan-carlos-berro\\\/\"},\"author\":{\"name\":\"NOTICIASMERCEDINAS.COM\",\"@id\":\"https:\\\/\\\/noticiasmercedinas.com\\\/site\\\/#\\\/schema\\\/person\\\/84b59c099c28ff2e8b77d4ceec5d8063\"},\"headline\":\"Falleci\u00f3 el reconocido productor de salame quintero Juan Carlos Berro\",\"datePublished\":\"2023-12-21T12:48:58+00:00\",\"dateModified\":\"2023-12-21T12:52:25+00:00\",\"mainEntityOfPage\":{\"@id\":\"https:\\\/\\\/noticiasmercedinas.com\\\/site\\\/2023\\\/12\\\/21\\\/fallecio-el-reconocido-productor-de-salame-quintero-juan-carlos-berro\\\/\"},\"wordCount\":294,\"publisher\":{\"@id\":\"https:\\\/\\\/noticiasmercedinas.com\\\/site\\\/#organization\"},\"image\":{\"@id\":\"https:\\\/\\\/noticiasmercedinas.com\\\/site\\\/2023\\\/12\\\/21\\\/fallecio-el-reconocido-productor-de-salame-quintero-juan-carlos-berro\\\/#primaryimage\"},\"thumbnailUrl\":\"https:\\\/\\\/noticiasmercedinas.com\\\/site\\\/wp-content\\\/uploads\\\/2019\\\/09\\\/juancarlosberro01-640x360.jpg\",\"keywords\":[\"Juan Carlos Berro\",\"salame quintero\"],\"articleSection\":[\"Sociedad\"],\"inLanguage\":\"es\"},{\"@type\":\"WebPage\",\"@id\":\"https:\\\/\\\/noticiasmercedinas.com\\\/site\\\/2023\\\/12\\\/21\\\/fallecio-el-reconocido-productor-de-salame-quintero-juan-carlos-berro\\\/\",\"url\":\"https:\\\/\\\/noticiasmercedinas.com\\\/site\\\/2023\\\/12\\\/21\\\/fallecio-el-reconocido-productor-de-salame-quintero-juan-carlos-berro\\\/\",\"name\":\"Falleci\u00f3 el reconocido productor de salame quintero Juan Carlos Berro\",\"isPartOf\":{\"@id\":\"https:\\\/\\\/noticiasmercedinas.com\\\/site\\\/#website\"},\"primaryImageOfPage\":{\"@id\":\"https:\\\/\\\/noticiasmercedinas.com\\\/site\\\/2023\\\/12\\\/21\\\/fallecio-el-reconocido-productor-de-salame-quintero-juan-carlos-berro\\\/#primaryimage\"},\"image\":{\"@id\":\"https:\\\/\\\/noticiasmercedinas.com\\\/site\\\/2023\\\/12\\\/21\\\/fallecio-el-reconocido-productor-de-salame-quintero-juan-carlos-berro\\\/#primaryimage\"},\"thumbnailUrl\":\"https:\\\/\\\/noticiasmercedinas.com\\\/site\\\/wp-content\\\/uploads\\\/2019\\\/09\\\/juancarlosberro01-640x360.jpg\",\"datePublished\":\"2023-12-21T12:48:58+00:00\",\"dateModified\":\"2023-12-21T12:52:25+00:00\",\"breadcrumb\":{\"@id\":\"https:\\\/\\\/noticiasmercedinas.com\\\/site\\\/2023\\\/12\\\/21\\\/fallecio-el-reconocido-productor-de-salame-quintero-juan-carlos-berro\\\/#breadcrumb\"},\"inLanguage\":\"es\",\"potentialAction\":[{\"@type\":\"ReadAction\",\"target\":[\"https:\\\/\\\/noticiasmercedinas.com\\\/site\\\/2023\\\/12\\\/21\\\/fallecio-el-reconocido-productor-de-salame-quintero-juan-carlos-berro\\\/\"]}]},{\"@type\":\"ImageObject\",\"inLanguage\":\"es\",\"@id\":\"https:\\\/\\\/noticiasmercedinas.com\\\/site\\\/2023\\\/12\\\/21\\\/fallecio-el-reconocido-productor-de-salame-quintero-juan-carlos-berro\\\/#primaryimage\",\"url\":\"https:\\\/\\\/noticiasmercedinas.com\\\/site\\\/wp-content\\\/uploads\\\/2019\\\/09\\\/juancarlosberro01-640x360.jpg\",\"contentUrl\":\"https:\\\/\\\/noticiasmercedinas.com\\\/site\\\/wp-content\\\/uploads\\\/2019\\\/09\\\/juancarlosberro01-640x360.jpg\",\"width\":640,\"height\":360},{\"@type\":\"BreadcrumbList\",\"@id\":\"https:\\\/\\\/noticiasmercedinas.com\\\/site\\\/2023\\\/12\\\/21\\\/fallecio-el-reconocido-productor-de-salame-quintero-juan-carlos-berro\\\/#breadcrumb\",\"itemListElement\":[{\"@type\":\"ListItem\",\"position\":1,\"name\":\"Portada\",\"item\":\"https:\\\/\\\/noticiasmercedinas.com\\\/site\\\/\"},{\"@type\":\"ListItem\",\"position\":2,\"name\":\"Falleci\u00f3 el reconocido productor de salame quintero Juan Carlos Berro\"}]},{\"@type\":\"WebSite\",\"@id\":\"https:\\\/\\\/noticiasmercedinas.com\\\/site\\\/#website\",\"url\":\"https:\\\/\\\/noticiasmercedinas.com\\\/site\\\/\",\"name\":\"NOTICIASMERCEDINAS.COM\",\"description\":\"Mercedes, Buenos Aires, Argentina\",\"publisher\":{\"@id\":\"https:\\\/\\\/noticiasmercedinas.com\\\/site\\\/#organization\"},\"potentialAction\":[{\"@type\":\"SearchAction\",\"target\":{\"@type\":\"EntryPoint\",\"urlTemplate\":\"https:\\\/\\\/noticiasmercedinas.com\\\/site\\\/?s={search_term_string}\"},\"query-input\":{\"@type\":\"PropertyValueSpecification\",\"valueRequired\":true,\"valueName\":\"search_term_string\"}}],\"inLanguage\":\"es\"},{\"@type\":\"Organization\",\"@id\":\"https:\\\/\\\/noticiasmercedinas.com\\\/site\\\/#organization\",\"name\":\"NOTICIASMERCEDINAS.COM\",\"url\":\"https:\\\/\\\/noticiasmercedinas.com\\\/site\\\/\",\"logo\":{\"@type\":\"ImageObject\",\"inLanguage\":\"es\",\"@id\":\"https:\\\/\\\/noticiasmercedinas.com\\\/site\\\/#\\\/schema\\\/logo\\\/image\\\/\",\"url\":\"https:\\\/\\\/noticiasmercedinas.com\\\/site\\\/wp-content\\\/uploads\\\/2020\\\/06\\\/LOGO-512.jpg\",\"contentUrl\":\"https:\\\/\\\/noticiasmercedinas.com\\\/site\\\/wp-content\\\/uploads\\\/2020\\\/06\\\/LOGO-512.jpg\",\"width\":512,\"height\":512,\"caption\":\"NOTICIASMERCEDINAS.COM\"},\"image\":{\"@id\":\"https:\\\/\\\/noticiasmercedinas.com\\\/site\\\/#\\\/schema\\\/logo\\\/image\\\/\"},\"sameAs\":[\"https:\\\/\\\/www.facebook.com\\\/noticiasmercedinas\\\/\",\"https:\\\/\\\/x.com\\\/notmercedinas\",\"https:\\\/\\\/www.instagram.com\\\/noticiasmercedinas\\\/\"]},{\"@type\":\"Person\",\"@id\":\"https:\\\/\\\/noticiasmercedinas.com\\\/site\\\/#\\\/schema\\\/person\\\/84b59c099c28ff2e8b77d4ceec5d8063\",\"name\":\"NOTICIASMERCEDINAS.COM\",\"image\":{\"@type\":\"ImageObject\",\"inLanguage\":\"es\",\"@id\":\"https:\\\/\\\/secure.gravatar.com\\\/avatar\\\/4dfbf16b4d17945bfb6341b2d19043457132fcf478a5ee04f42e959fd8f5df0a?s=96&d=mm&r=g\",\"url\":\"https:\\\/\\\/secure.gravatar.com\\\/avatar\\\/4dfbf16b4d17945bfb6341b2d19043457132fcf478a5ee04f42e959fd8f5df0a?s=96&d=mm&r=g\",\"contentUrl\":\"https:\\\/\\\/secure.gravatar.com\\\/avatar\\\/4dfbf16b4d17945bfb6341b2d19043457132fcf478a5ee04f42e959fd8f5df0a?s=96&d=mm&r=g\",\"caption\":\"NOTICIASMERCEDINAS.COM\"},\"url\":\"https:\\\/\\\/noticiasmercedinas.com\\\/site\\\/author\\\/anonimo\\\/\"}]}<\/script>\n<!-- \/ Yoast SEO plugin. -->","yoast_head_json":{"title":"Falleci\u00f3 el reconocido productor de salame quintero Juan Carlos Berro","robots":{"index":"index","follow":"follow","max-snippet":"max-snippet:-1","max-image-preview":"max-image-preview:large","max-video-preview":"max-video-preview:-1"},"canonical":"https:\/\/noticiasmercedinas.com\/site\/2023\/12\/21\/fallecio-el-reconocido-productor-de-salame-quintero-juan-carlos-berro\/","og_locale":"es_ES","og_type":"article","og_title":"Falleci\u00f3 el reconocido productor de salame quintero Juan Carlos Berro","og_description":"\u25a0 Hab\u00eda sido embajador de la Fiesta Nacional y llev\u00f3 el producto emblema de Mercedes a todo el pa\u00eds. Ten\u00eda su local en la esquina de 19 y 16, Chacinados \u201cEl Mercedino\u201d.","og_url":"https:\/\/noticiasmercedinas.com\/site\/2023\/12\/21\/fallecio-el-reconocido-productor-de-salame-quintero-juan-carlos-berro\/","og_site_name":"NOTICIASMERCEDINAS.COM","article_publisher":"https:\/\/www.facebook.com\/noticiasmercedinas\/","article_published_time":"2023-12-21T12:48:58+00:00","article_modified_time":"2023-12-21T12:52:25+00:00","og_image":[{"width":640,"height":360,"url":"https:\/\/noticiasmercedinas.com\/site\/wp-content\/uploads\/2019\/09\/juancarlosberro01-640x360.jpg","type":"image\/jpeg"}],"author":"NOTICIASMERCEDINAS.COM","twitter_card":"summary_large_image","twitter_creator":"@notmercedinas","twitter_site":"@notmercedinas","twitter_misc":{"Escrito por":"NOTICIASMERCEDINAS.COM","Tiempo de lectura":"2 minutos"},"schema":{"@context":"https:\/\/schema.org","@graph":[{"@type":"Article","@id":"https:\/\/noticiasmercedinas.com\/site\/2023\/12\/21\/fallecio-el-reconocido-productor-de-salame-quintero-juan-carlos-berro\/#article","isPartOf":{"@id":"https:\/\/noticiasmercedinas.com\/site\/2023\/12\/21\/fallecio-el-reconocido-productor-de-salame-quintero-juan-carlos-berro\/"},"author":{"name":"NOTICIASMERCEDINAS.COM","@id":"https:\/\/noticiasmercedinas.com\/site\/#\/schema\/person\/84b59c099c28ff2e8b77d4ceec5d8063"},"headline":"Falleci\u00f3 el reconocido productor de salame quintero Juan Carlos Berro","datePublished":"2023-12-21T12:48:58+00:00","dateModified":"2023-12-21T12:52:25+00:00","mainEntityOfPage":{"@id":"https:\/\/noticiasmercedinas.com\/site\/2023\/12\/21\/fallecio-el-reconocido-productor-de-salame-quintero-juan-carlos-berro\/"},"wordCount":294,"publisher":{"@id":"https:\/\/noticiasmercedinas.com\/site\/#organization"},"image":{"@id":"https:\/\/noticiasmercedinas.com\/site\/2023\/12\/21\/fallecio-el-reconocido-productor-de-salame-quintero-juan-carlos-berro\/#primaryimage"},"thumbnailUrl":"https:\/\/noticiasmercedinas.com\/site\/wp-content\/uploads\/2019\/09\/juancarlosberro01-640x360.jpg","keywords":["Juan Carlos Berro","salame quintero"],"articleSection":["Sociedad"],"inLanguage":"es"},{"@type":"WebPage","@id":"https:\/\/noticiasmercedinas.com\/site\/2023\/12\/21\/fallecio-el-reconocido-productor-de-salame-quintero-juan-carlos-berro\/","url":"https:\/\/noticiasmercedinas.com\/site\/2023\/12\/21\/fallecio-el-reconocido-productor-de-salame-quintero-juan-carlos-berro\/","name":"Falleci\u00f3 el reconocido productor de salame quintero Juan Carlos Berro","isPartOf":{"@id":"https:\/\/noticiasmercedinas.com\/site\/#website"},"primaryImageOfPage":{"@id":"https:\/\/noticiasmercedinas.com\/site\/2023\/12\/21\/fallecio-el-reconocido-productor-de-salame-quintero-juan-carlos-berro\/#primaryimage"},"image":{"@id":"https:\/\/noticiasmercedinas.com\/site\/2023\/12\/21\/fallecio-el-reconocido-productor-de-salame-quintero-juan-carlos-berro\/#primaryimage"},"thumbnailUrl":"https:\/\/noticiasmercedinas.com\/site\/wp-content\/uploads\/2019\/09\/juancarlosberro01-640x360.jpg","datePublished":"2023-12-21T12:48:58+00:00","dateModified":"2023-12-21T12:52:25+00:00","breadcrumb":{"@id":"https:\/\/noticiasmercedinas.com\/site\/2023\/12\/21\/fallecio-el-reconocido-productor-de-salame-quintero-juan-carlos-berro\/#breadcrumb"},"inLanguage":"es","potentialAction":[{"@type":"ReadAction","target":["https:\/\/noticiasmercedinas.com\/site\/2023\/12\/21\/fallecio-el-reconocido-productor-de-salame-quintero-juan-carlos-berro\/"]}]},{"@type":"ImageObject","inLanguage":"es","@id":"https:\/\/noticiasmercedinas.com\/site\/2023\/12\/21\/fallecio-el-reconocido-productor-de-salame-quintero-juan-carlos-berro\/#primaryimage","url":"https:\/\/noticiasmercedinas.com\/site\/wp-content\/uploads\/2019\/09\/juancarlosberro01-640x360.jpg","contentUrl":"https:\/\/noticiasmercedinas.com\/site\/wp-content\/uploads\/2019\/09\/juancarlosberro01-640x360.jpg","width":640,"height":360},{"@type":"BreadcrumbList","@id":"https:\/\/noticiasmercedinas.com\/site\/2023\/12\/21\/fallecio-el-reconocido-productor-de-salame-quintero-juan-carlos-berro\/#breadcrumb","itemListElement":[{"@type":"ListItem","position":1,"name":"Portada","item":"https:\/\/noticiasmercedinas.com\/site\/"},{"@type":"ListItem","position":2,"name":"Falleci\u00f3 el reconocido productor de salame quintero Juan Carlos Berro"}]},{"@type":"WebSite","@id":"https:\/\/noticiasmercedinas.com\/site\/#website","url":"https:\/\/noticiasmercedinas.com\/site\/","name":"NOTICIASMERCEDINAS.COM","description":"Mercedes, Buenos Aires, Argentina","publisher":{"@id":"https:\/\/noticiasmercedinas.com\/site\/#organization"},"potentialAction":[{"@type":"SearchAction","target":{"@type":"EntryPoint","urlTemplate":"https:\/\/noticiasmercedinas.com\/site\/?s={search_term_string}"},"query-input":{"@type":"PropertyValueSpecification","valueRequired":true,"valueName":"search_term_string"}}],"inLanguage":"es"},{"@type":"Organization","@id":"https:\/\/noticiasmercedinas.com\/site\/#organization","name":"NOTICIASMERCEDINAS.COM","url":"https:\/\/noticiasmercedinas.com\/site\/","logo":{"@type":"ImageObject","inLanguage":"es","@id":"https:\/\/noticiasmercedinas.com\/site\/#\/schema\/logo\/image\/","url":"https:\/\/noticiasmercedinas.com\/site\/wp-content\/uploads\/2020\/06\/LOGO-512.jpg","contentUrl":"https:\/\/noticiasmercedinas.com\/site\/wp-content\/uploads\/2020\/06\/LOGO-512.jpg","width":512,"height":512,"caption":"NOTICIASMERCEDINAS.COM"},"image":{"@id":"https:\/\/noticiasmercedinas.com\/site\/#\/schema\/logo\/image\/"},"sameAs":["https:\/\/www.facebook.com\/noticiasmercedinas\/","https:\/\/x.com\/notmercedinas","https:\/\/www.instagram.com\/noticiasmercedinas\/"]},{"@type":"Person","@id":"https:\/\/noticiasmercedinas.com\/site\/#\/schema\/person\/84b59c099c28ff2e8b77d4ceec5d8063","name":"NOTICIASMERCEDINAS.COM","image":{"@type":"ImageObject","inLanguage":"es","@id":"https:\/\/secure.gravatar.com\/avatar\/4dfbf16b4d17945bfb6341b2d19043457132fcf478a5ee04f42e959fd8f5df0a?s=96&d=mm&r=g","url":"https:\/\/secure.gravatar.com\/avatar\/4dfbf16b4d17945bfb6341b2d19043457132fcf478a5ee04f42e959fd8f5df0a?s=96&d=mm&r=g","contentUrl":"https:\/\/secure.gravatar.com\/avatar\/4dfbf16b4d17945bfb6341b2d19043457132fcf478a5ee04f42e959fd8f5df0a?s=96&d=mm&r=g","caption":"NOTICIASMERCEDINAS.COM"},"url":"https:\/\/noticiasmercedinas.com\/site\/author\/anonimo\/"}]}},"amp_enabled":true,"_links":{"self":[{"href":"https:\/\/noticiasmercedinas.com\/site\/wp-json\/wp\/v2\/posts\/128755","targetHints":{"allow":["GET"]}}],"collection":[{"href":"https:\/\/noticiasmercedinas.com\/site\/wp-json\/wp\/v2\/posts"}],"about":[{"href":"https:\/\/noticiasmercedinas.com\/site\/wp-json\/wp\/v2\/types\/post"}],"author":[{"embeddable":true,"href":"https:\/\/noticiasmercedinas.com\/site\/wp-json\/wp\/v2\/users\/16"}],"replies":[{"embeddable":true,"href":"https:\/\/noticiasmercedinas.com\/site\/wp-json\/wp\/v2\/comments?post=128755"}],"version-history":[{"count":2,"href":"https:\/\/noticiasmercedinas.com\/site\/wp-json\/wp\/v2\/posts\/128755\/revisions"}],"predecessor-version":[{"id":128758,"href":"https:\/\/noticiasmercedinas.com\/site\/wp-json\/wp\/v2\/posts\/128755\/revisions\/128758"}],"wp:featuredmedia":[{"embeddable":true,"href":"https:\/\/noticiasmercedinas.com\/site\/wp-json\/wp\/v2\/media\/27317"}],"wp:attachment":[{"href":"https:\/\/noticiasmercedinas.com\/site\/wp-json\/wp\/v2\/media?parent=128755"}],"wp:term":[{"taxonomy":"category","embeddable":true,"href":"https:\/\/noticiasmercedinas.com\/site\/wp-json\/wp\/v2\/categories?post=128755"},{"taxonomy":"post_tag","embeddable":true,"href":"https:\/\/noticiasmercedinas.com\/site\/wp-json\/wp\/v2\/tags?post=128755"}],"curies":[{"name":"wp","href":"https:\/\/api.w.org\/{rel}","templated":true}]}}