{"id":128836,"date":"2023-12-22T14:49:13","date_gmt":"2023-12-22T17:49:13","guid":{"rendered":"https:\/\/noticiasmercedinas.com\/site\/?p=128836"},"modified":"2023-12-22T15:40:23","modified_gmt":"2023-12-22T18:40:23","slug":"el-torneo-regional-federal-amateur-entra-en-pausa","status":"publish","type":"post","link":"https:\/\/noticiasmercedinas.com\/site\/2023\/12\/22\/el-torneo-regional-federal-amateur-entra-en-pausa\/","title":{"rendered":"El Torneo Regional Federal Amateur entra en pausa"},"content":{"rendered":"<figure id=\"attachment_128837\" aria-describedby=\"caption-attachment-128837\" style=\"width: 640px\" class=\"wp-caption alignnone\"><img loading=\"lazy\" decoding=\"async\" class=\"wp-image-128837 size-full\" src=\"https:\/\/noticiasmercedinas.com\/site\/wp-content\/uploads\/2023\/12\/malvinas.jpg\" alt=\"\" width=\"640\" height=\"390\" srcset=\"https:\/\/noticiasmercedinas.com\/site\/wp-content\/uploads\/2023\/12\/malvinas.jpg 640w, https:\/\/noticiasmercedinas.com\/site\/wp-content\/uploads\/2023\/12\/malvinas-300x183.jpg 300w\" sizes=\"auto, (max-width: 640px) 100vw, 640px\" \/><figcaption id=\"caption-attachment-128837\" class=\"wp-caption-text\">Malvinas Argentina est\u00e1 en cuartos de final. (Foto Malvinas Argentinas).<\/figcaption><\/figure>\n<p>El Torneo Regional Federal Amateur tuvo el \u00faltimo mi\u00e9rcoles 20 la disputa de los partidos de vuelta, culminando la campa\u00f1a de Pabell\u00f3n Argentino en la instancia de octavos de final, de esta manera la Liga Mercedina de F\u00fatbol ya no tiene representantes en el certamen del Consejo Federal.<\/p>\n<p>Con los resultados de vuelta, donde s\u00f3lo en un encuentro hubo que recurrir a los penales, surgieron los clasificados a los cuartos de final que reci\u00e9n se jugar\u00e1n desde enero del 2024. El certamen busca su ganador dentro de la Regi\u00f3n Pampeana Norte y all\u00ed la posibilidad de afrontar \u00a0las finales a principio de febrero.<br \/>\n<strong><br \/>\nMalvinas 9 (11):<\/strong> Alan Navarro 3, Guillermo Rasguido 3, Maximiliano T\u00e9vez 2 y Lucas Serafini penal.<br \/>\n<strong>Pabell\u00f3n 1 (3): <\/strong>Lucas Serafini en contra.<\/p>\n<p>Villa Belgrano 1 (4) \u2013 Viamonte 0 (3).<br \/>\nRivadavia (Lincoln) 1 (1) \u2013 Bragado 0 (1). En los penales gan\u00f3 Bragado 4 a 2.<br \/>\nCol\u00f3n (Chivilcoy) 6 (7)) \u2013 Academi1 Mascherano 1 (1).<br \/>\nJuventud (Pergamino) 2 (4) \u2013 Argentino (Rojas) 1 (2).<br \/>\nLa Emilia 1 (1) \u2013 La Fraternidad (Escobar) 2 (2).<br \/>\nCamioneros (Luj\u00e1n) 5 (5) \u2013 Unidos (Olmos) 0 (0).<br \/>\nEverton (La Plata) 2 (5) \u2013 Lezama (Chascom\u00fas) 2 (2).<\/p>\n<p><strong>Cuartos de final <\/strong><br \/>\nIda 6 de enero y vuelta 10 enero de 2023<\/p>\n<p>Villa Belgrano (Jun\u00edn) vs. Bragado Club (Bragado).<br \/>\nCol\u00f3n (Chivilcoy) vs. Juventud (Pergamino).<br \/>\nDeportivo Malvinas (Adolfo Sordeaux) vs. La Fraternidad (Ingeniero Maschwitz).<br \/>\nCamioneros (Luj\u00e1n) vs. Everton (La Plata).<\/p>\n","protected":false},"excerpt":{"rendered":"<p>\u25a0 Definidos los clasificados a cuartos de final el certamen se reanudar\u00e1 los primeros d\u00edas de enero. Con la eliminaci\u00f3n de Pabell\u00f3n la Liga Mercedina de F\u00fatbol ya no tiene representantes.<\/p>\n","protected":false},"author":6,"featured_media":128837,"comment_status":"closed","ping_status":"closed","sticky":false,"template":"","format":"standard","meta":{"footnotes":""},"categories":[5],"tags":[3346,96,3405],"class_list":["post-128836","post","type-post","status-publish","format-standard","has-post-thumbnail","hentry","category-deportes","tag-liga-mercedina-de-futbol","tag-pabellon","tag-torneo-regional-federal-amateur"],"yoast_head":"<!-- This site is optimized with the Yoast SEO plugin v27.4 - https:\/\/yoast.com\/product\/yoast-seo-wordpress\/ -->\n<title>El Torneo Regional Federal Amateur entra en pausa<\/title>\n<meta name=\"robots\" content=\"index, follow, max-snippet:-1, max-image-preview:large, max-video-preview:-1\" \/>\n<link rel=\"canonical\" href=\"https:\/\/noticiasmercedinas.com\/site\/2023\/12\/22\/el-torneo-regional-federal-amateur-entra-en-pausa\/\" \/>\n<meta property=\"og:locale\" content=\"es_ES\" \/>\n<meta property=\"og:type\" content=\"article\" \/>\n<meta property=\"og:title\" content=\"El Torneo Regional Federal Amateur entra en pausa\" \/>\n<meta property=\"og:description\" content=\"\u25a0 Definidos los clasificados a cuartos de final el certamen se reanudar\u00e1 los primeros d\u00edas de enero. Con la eliminaci\u00f3n de Pabell\u00f3n la Liga Mercedina de F\u00fatbol ya no tiene representantes.\" \/>\n<meta property=\"og:url\" content=\"https:\/\/noticiasmercedinas.com\/site\/2023\/12\/22\/el-torneo-regional-federal-amateur-entra-en-pausa\/\" \/>\n<meta property=\"og:site_name\" content=\"NOTICIASMERCEDINAS.COM\" \/>\n<meta property=\"article:publisher\" content=\"https:\/\/www.facebook.com\/noticiasmercedinas\/\" \/>\n<meta property=\"article:published_time\" content=\"2023-12-22T17:49:13+00:00\" \/>\n<meta property=\"article:modified_time\" content=\"2023-12-22T18:40:23+00:00\" \/>\n<meta property=\"og:image\" content=\"https:\/\/noticiasmercedinas.com\/site\/wp-content\/uploads\/2023\/12\/malvinas.jpg\" \/>\n\t<meta property=\"og:image:width\" content=\"640\" \/>\n\t<meta property=\"og:image:height\" content=\"390\" \/>\n\t<meta property=\"og:image:type\" content=\"image\/jpeg\" \/>\n<meta name=\"author\" content=\"Juan Dagnino NOTICIASMERCEDINAS.COM\" \/>\n<meta name=\"twitter:card\" content=\"summary_large_image\" \/>\n<meta name=\"twitter:creator\" content=\"@notmercedinas\" \/>\n<meta name=\"twitter:site\" content=\"@notmercedinas\" \/>\n<meta name=\"twitter:label1\" content=\"Escrito por\" \/>\n\t<meta name=\"twitter:data1\" content=\"Juan Dagnino NOTICIASMERCEDINAS.COM\" \/>\n\t<meta name=\"twitter:label2\" content=\"Tiempo de lectura\" \/>\n\t<meta name=\"twitter:data2\" content=\"2 minutos\" \/>\n<script type=\"application\/ld+json\" class=\"yoast-schema-graph\">{\"@context\":\"https:\\\/\\\/schema.org\",\"@graph\":[{\"@type\":\"Article\",\"@id\":\"https:\\\/\\\/noticiasmercedinas.com\\\/site\\\/2023\\\/12\\\/22\\\/el-torneo-regional-federal-amateur-entra-en-pausa\\\/#article\",\"isPartOf\":{\"@id\":\"https:\\\/\\\/noticiasmercedinas.com\\\/site\\\/2023\\\/12\\\/22\\\/el-torneo-regional-federal-amateur-entra-en-pausa\\\/\"},\"author\":{\"name\":\"Juan Dagnino NOTICIASMERCEDINAS.COM\",\"@id\":\"https:\\\/\\\/noticiasmercedinas.com\\\/site\\\/#\\\/schema\\\/person\\\/8f2f09d666ef40986eba4a5e6f2a06f9\"},\"headline\":\"El Torneo Regional Federal Amateur entra en pausa\",\"datePublished\":\"2023-12-22T17:49:13+00:00\",\"dateModified\":\"2023-12-22T18:40:23+00:00\",\"mainEntityOfPage\":{\"@id\":\"https:\\\/\\\/noticiasmercedinas.com\\\/site\\\/2023\\\/12\\\/22\\\/el-torneo-regional-federal-amateur-entra-en-pausa\\\/\"},\"wordCount\":229,\"publisher\":{\"@id\":\"https:\\\/\\\/noticiasmercedinas.com\\\/site\\\/#organization\"},\"image\":{\"@id\":\"https:\\\/\\\/noticiasmercedinas.com\\\/site\\\/2023\\\/12\\\/22\\\/el-torneo-regional-federal-amateur-entra-en-pausa\\\/#primaryimage\"},\"thumbnailUrl\":\"https:\\\/\\\/noticiasmercedinas.com\\\/site\\\/wp-content\\\/uploads\\\/2023\\\/12\\\/malvinas.jpg\",\"keywords\":[\"Liga Mercedina de F\u00fatbol\",\"pabellon\",\"Torneo Regional Federal Amateur\"],\"articleSection\":[\"Deportes\"],\"inLanguage\":\"es\"},{\"@type\":\"WebPage\",\"@id\":\"https:\\\/\\\/noticiasmercedinas.com\\\/site\\\/2023\\\/12\\\/22\\\/el-torneo-regional-federal-amateur-entra-en-pausa\\\/\",\"url\":\"https:\\\/\\\/noticiasmercedinas.com\\\/site\\\/2023\\\/12\\\/22\\\/el-torneo-regional-federal-amateur-entra-en-pausa\\\/\",\"name\":\"El Torneo Regional Federal Amateur entra en pausa\",\"isPartOf\":{\"@id\":\"https:\\\/\\\/noticiasmercedinas.com\\\/site\\\/#website\"},\"primaryImageOfPage\":{\"@id\":\"https:\\\/\\\/noticiasmercedinas.com\\\/site\\\/2023\\\/12\\\/22\\\/el-torneo-regional-federal-amateur-entra-en-pausa\\\/#primaryimage\"},\"image\":{\"@id\":\"https:\\\/\\\/noticiasmercedinas.com\\\/site\\\/2023\\\/12\\\/22\\\/el-torneo-regional-federal-amateur-entra-en-pausa\\\/#primaryimage\"},\"thumbnailUrl\":\"https:\\\/\\\/noticiasmercedinas.com\\\/site\\\/wp-content\\\/uploads\\\/2023\\\/12\\\/malvinas.jpg\",\"datePublished\":\"2023-12-22T17:49:13+00:00\",\"dateModified\":\"2023-12-22T18:40:23+00:00\",\"breadcrumb\":{\"@id\":\"https:\\\/\\\/noticiasmercedinas.com\\\/site\\\/2023\\\/12\\\/22\\\/el-torneo-regional-federal-amateur-entra-en-pausa\\\/#breadcrumb\"},\"inLanguage\":\"es\",\"potentialAction\":[{\"@type\":\"ReadAction\",\"target\":[\"https:\\\/\\\/noticiasmercedinas.com\\\/site\\\/2023\\\/12\\\/22\\\/el-torneo-regional-federal-amateur-entra-en-pausa\\\/\"]}]},{\"@type\":\"ImageObject\",\"inLanguage\":\"es\",\"@id\":\"https:\\\/\\\/noticiasmercedinas.com\\\/site\\\/2023\\\/12\\\/22\\\/el-torneo-regional-federal-amateur-entra-en-pausa\\\/#primaryimage\",\"url\":\"https:\\\/\\\/noticiasmercedinas.com\\\/site\\\/wp-content\\\/uploads\\\/2023\\\/12\\\/malvinas.jpg\",\"contentUrl\":\"https:\\\/\\\/noticiasmercedinas.com\\\/site\\\/wp-content\\\/uploads\\\/2023\\\/12\\\/malvinas.jpg\",\"width\":640,\"height\":390},{\"@type\":\"BreadcrumbList\",\"@id\":\"https:\\\/\\\/noticiasmercedinas.com\\\/site\\\/2023\\\/12\\\/22\\\/el-torneo-regional-federal-amateur-entra-en-pausa\\\/#breadcrumb\",\"itemListElement\":[{\"@type\":\"ListItem\",\"position\":1,\"name\":\"Portada\",\"item\":\"https:\\\/\\\/noticiasmercedinas.com\\\/site\\\/\"},{\"@type\":\"ListItem\",\"position\":2,\"name\":\"El Torneo Regional Federal Amateur entra en pausa\"}]},{\"@type\":\"WebSite\",\"@id\":\"https:\\\/\\\/noticiasmercedinas.com\\\/site\\\/#website\",\"url\":\"https:\\\/\\\/noticiasmercedinas.com\\\/site\\\/\",\"name\":\"NOTICIASMERCEDINAS.COM\",\"description\":\"Mercedes, Buenos Aires, Argentina\",\"publisher\":{\"@id\":\"https:\\\/\\\/noticiasmercedinas.com\\\/site\\\/#organization\"},\"potentialAction\":[{\"@type\":\"SearchAction\",\"target\":{\"@type\":\"EntryPoint\",\"urlTemplate\":\"https:\\\/\\\/noticiasmercedinas.com\\\/site\\\/?s={search_term_string}\"},\"query-input\":{\"@type\":\"PropertyValueSpecification\",\"valueRequired\":true,\"valueName\":\"search_term_string\"}}],\"inLanguage\":\"es\"},{\"@type\":\"Organization\",\"@id\":\"https:\\\/\\\/noticiasmercedinas.com\\\/site\\\/#organization\",\"name\":\"NOTICIASMERCEDINAS.COM\",\"url\":\"https:\\\/\\\/noticiasmercedinas.com\\\/site\\\/\",\"logo\":{\"@type\":\"ImageObject\",\"inLanguage\":\"es\",\"@id\":\"https:\\\/\\\/noticiasmercedinas.com\\\/site\\\/#\\\/schema\\\/logo\\\/image\\\/\",\"url\":\"https:\\\/\\\/noticiasmercedinas.com\\\/site\\\/wp-content\\\/uploads\\\/2020\\\/06\\\/LOGO-512.jpg\",\"contentUrl\":\"https:\\\/\\\/noticiasmercedinas.com\\\/site\\\/wp-content\\\/uploads\\\/2020\\\/06\\\/LOGO-512.jpg\",\"width\":512,\"height\":512,\"caption\":\"NOTICIASMERCEDINAS.COM\"},\"image\":{\"@id\":\"https:\\\/\\\/noticiasmercedinas.com\\\/site\\\/#\\\/schema\\\/logo\\\/image\\\/\"},\"sameAs\":[\"https:\\\/\\\/www.facebook.com\\\/noticiasmercedinas\\\/\",\"https:\\\/\\\/x.com\\\/notmercedinas\",\"https:\\\/\\\/www.instagram.com\\\/noticiasmercedinas\\\/\"]},{\"@type\":\"Person\",\"@id\":\"https:\\\/\\\/noticiasmercedinas.com\\\/site\\\/#\\\/schema\\\/person\\\/8f2f09d666ef40986eba4a5e6f2a06f9\",\"name\":\"Juan Dagnino NOTICIASMERCEDINAS.COM\",\"image\":{\"@type\":\"ImageObject\",\"inLanguage\":\"es\",\"@id\":\"https:\\\/\\\/secure.gravatar.com\\\/avatar\\\/fc7059a769f5a3cae65fadb228a3e4accf3a64b4b2305020d0a27e6d5333c91b?s=96&d=mm&r=g\",\"url\":\"https:\\\/\\\/secure.gravatar.com\\\/avatar\\\/fc7059a769f5a3cae65fadb228a3e4accf3a64b4b2305020d0a27e6d5333c91b?s=96&d=mm&r=g\",\"contentUrl\":\"https:\\\/\\\/secure.gravatar.com\\\/avatar\\\/fc7059a769f5a3cae65fadb228a3e4accf3a64b4b2305020d0a27e6d5333c91b?s=96&d=mm&r=g\",\"caption\":\"Juan Dagnino NOTICIASMERCEDINAS.COM\"},\"url\":\"https:\\\/\\\/noticiasmercedinas.com\\\/site\\\/author\\\/juandagnino\\\/\"}]}<\/script>\n<!-- \/ Yoast SEO plugin. -->","yoast_head_json":{"title":"El Torneo Regional Federal Amateur entra en pausa","robots":{"index":"index","follow":"follow","max-snippet":"max-snippet:-1","max-image-preview":"max-image-preview:large","max-video-preview":"max-video-preview:-1"},"canonical":"https:\/\/noticiasmercedinas.com\/site\/2023\/12\/22\/el-torneo-regional-federal-amateur-entra-en-pausa\/","og_locale":"es_ES","og_type":"article","og_title":"El Torneo Regional Federal Amateur entra en pausa","og_description":"\u25a0 Definidos los clasificados a cuartos de final el certamen se reanudar\u00e1 los primeros d\u00edas de enero. Con la eliminaci\u00f3n de Pabell\u00f3n la Liga Mercedina de F\u00fatbol ya no tiene representantes.","og_url":"https:\/\/noticiasmercedinas.com\/site\/2023\/12\/22\/el-torneo-regional-federal-amateur-entra-en-pausa\/","og_site_name":"NOTICIASMERCEDINAS.COM","article_publisher":"https:\/\/www.facebook.com\/noticiasmercedinas\/","article_published_time":"2023-12-22T17:49:13+00:00","article_modified_time":"2023-12-22T18:40:23+00:00","og_image":[{"width":640,"height":390,"url":"https:\/\/noticiasmercedinas.com\/site\/wp-content\/uploads\/2023\/12\/malvinas.jpg","type":"image\/jpeg"}],"author":"Juan Dagnino NOTICIASMERCEDINAS.COM","twitter_card":"summary_large_image","twitter_creator":"@notmercedinas","twitter_site":"@notmercedinas","twitter_misc":{"Escrito por":"Juan Dagnino NOTICIASMERCEDINAS.COM","Tiempo de lectura":"2 minutos"},"schema":{"@context":"https:\/\/schema.org","@graph":[{"@type":"Article","@id":"https:\/\/noticiasmercedinas.com\/site\/2023\/12\/22\/el-torneo-regional-federal-amateur-entra-en-pausa\/#article","isPartOf":{"@id":"https:\/\/noticiasmercedinas.com\/site\/2023\/12\/22\/el-torneo-regional-federal-amateur-entra-en-pausa\/"},"author":{"name":"Juan Dagnino NOTICIASMERCEDINAS.COM","@id":"https:\/\/noticiasmercedinas.com\/site\/#\/schema\/person\/8f2f09d666ef40986eba4a5e6f2a06f9"},"headline":"El Torneo Regional Federal Amateur entra en pausa","datePublished":"2023-12-22T17:49:13+00:00","dateModified":"2023-12-22T18:40:23+00:00","mainEntityOfPage":{"@id":"https:\/\/noticiasmercedinas.com\/site\/2023\/12\/22\/el-torneo-regional-federal-amateur-entra-en-pausa\/"},"wordCount":229,"publisher":{"@id":"https:\/\/noticiasmercedinas.com\/site\/#organization"},"image":{"@id":"https:\/\/noticiasmercedinas.com\/site\/2023\/12\/22\/el-torneo-regional-federal-amateur-entra-en-pausa\/#primaryimage"},"thumbnailUrl":"https:\/\/noticiasmercedinas.com\/site\/wp-content\/uploads\/2023\/12\/malvinas.jpg","keywords":["Liga Mercedina de F\u00fatbol","pabellon","Torneo Regional Federal Amateur"],"articleSection":["Deportes"],"inLanguage":"es"},{"@type":"WebPage","@id":"https:\/\/noticiasmercedinas.com\/site\/2023\/12\/22\/el-torneo-regional-federal-amateur-entra-en-pausa\/","url":"https:\/\/noticiasmercedinas.com\/site\/2023\/12\/22\/el-torneo-regional-federal-amateur-entra-en-pausa\/","name":"El Torneo Regional Federal Amateur entra en pausa","isPartOf":{"@id":"https:\/\/noticiasmercedinas.com\/site\/#website"},"primaryImageOfPage":{"@id":"https:\/\/noticiasmercedinas.com\/site\/2023\/12\/22\/el-torneo-regional-federal-amateur-entra-en-pausa\/#primaryimage"},"image":{"@id":"https:\/\/noticiasmercedinas.com\/site\/2023\/12\/22\/el-torneo-regional-federal-amateur-entra-en-pausa\/#primaryimage"},"thumbnailUrl":"https:\/\/noticiasmercedinas.com\/site\/wp-content\/uploads\/2023\/12\/malvinas.jpg","datePublished":"2023-12-22T17:49:13+00:00","dateModified":"2023-12-22T18:40:23+00:00","breadcrumb":{"@id":"https:\/\/noticiasmercedinas.com\/site\/2023\/12\/22\/el-torneo-regional-federal-amateur-entra-en-pausa\/#breadcrumb"},"inLanguage":"es","potentialAction":[{"@type":"ReadAction","target":["https:\/\/noticiasmercedinas.com\/site\/2023\/12\/22\/el-torneo-regional-federal-amateur-entra-en-pausa\/"]}]},{"@type":"ImageObject","inLanguage":"es","@id":"https:\/\/noticiasmercedinas.com\/site\/2023\/12\/22\/el-torneo-regional-federal-amateur-entra-en-pausa\/#primaryimage","url":"https:\/\/noticiasmercedinas.com\/site\/wp-content\/uploads\/2023\/12\/malvinas.jpg","contentUrl":"https:\/\/noticiasmercedinas.com\/site\/wp-content\/uploads\/2023\/12\/malvinas.jpg","width":640,"height":390},{"@type":"BreadcrumbList","@id":"https:\/\/noticiasmercedinas.com\/site\/2023\/12\/22\/el-torneo-regional-federal-amateur-entra-en-pausa\/#breadcrumb","itemListElement":[{"@type":"ListItem","position":1,"name":"Portada","item":"https:\/\/noticiasmercedinas.com\/site\/"},{"@type":"ListItem","position":2,"name":"El Torneo Regional Federal Amateur entra en pausa"}]},{"@type":"WebSite","@id":"https:\/\/noticiasmercedinas.com\/site\/#website","url":"https:\/\/noticiasmercedinas.com\/site\/","name":"NOTICIASMERCEDINAS.COM","description":"Mercedes, Buenos Aires, Argentina","publisher":{"@id":"https:\/\/noticiasmercedinas.com\/site\/#organization"},"potentialAction":[{"@type":"SearchAction","target":{"@type":"EntryPoint","urlTemplate":"https:\/\/noticiasmercedinas.com\/site\/?s={search_term_string}"},"query-input":{"@type":"PropertyValueSpecification","valueRequired":true,"valueName":"search_term_string"}}],"inLanguage":"es"},{"@type":"Organization","@id":"https:\/\/noticiasmercedinas.com\/site\/#organization","name":"NOTICIASMERCEDINAS.COM","url":"https:\/\/noticiasmercedinas.com\/site\/","logo":{"@type":"ImageObject","inLanguage":"es","@id":"https:\/\/noticiasmercedinas.com\/site\/#\/schema\/logo\/image\/","url":"https:\/\/noticiasmercedinas.com\/site\/wp-content\/uploads\/2020\/06\/LOGO-512.jpg","contentUrl":"https:\/\/noticiasmercedinas.com\/site\/wp-content\/uploads\/2020\/06\/LOGO-512.jpg","width":512,"height":512,"caption":"NOTICIASMERCEDINAS.COM"},"image":{"@id":"https:\/\/noticiasmercedinas.com\/site\/#\/schema\/logo\/image\/"},"sameAs":["https:\/\/www.facebook.com\/noticiasmercedinas\/","https:\/\/x.com\/notmercedinas","https:\/\/www.instagram.com\/noticiasmercedinas\/"]},{"@type":"Person","@id":"https:\/\/noticiasmercedinas.com\/site\/#\/schema\/person\/8f2f09d666ef40986eba4a5e6f2a06f9","name":"Juan Dagnino NOTICIASMERCEDINAS.COM","image":{"@type":"ImageObject","inLanguage":"es","@id":"https:\/\/secure.gravatar.com\/avatar\/fc7059a769f5a3cae65fadb228a3e4accf3a64b4b2305020d0a27e6d5333c91b?s=96&d=mm&r=g","url":"https:\/\/secure.gravatar.com\/avatar\/fc7059a769f5a3cae65fadb228a3e4accf3a64b4b2305020d0a27e6d5333c91b?s=96&d=mm&r=g","contentUrl":"https:\/\/secure.gravatar.com\/avatar\/fc7059a769f5a3cae65fadb228a3e4accf3a64b4b2305020d0a27e6d5333c91b?s=96&d=mm&r=g","caption":"Juan Dagnino NOTICIASMERCEDINAS.COM"},"url":"https:\/\/noticiasmercedinas.com\/site\/author\/juandagnino\/"}]}},"amp_enabled":true,"_links":{"self":[{"href":"https:\/\/noticiasmercedinas.com\/site\/wp-json\/wp\/v2\/posts\/128836","targetHints":{"allow":["GET"]}}],"collection":[{"href":"https:\/\/noticiasmercedinas.com\/site\/wp-json\/wp\/v2\/posts"}],"about":[{"href":"https:\/\/noticiasmercedinas.com\/site\/wp-json\/wp\/v2\/types\/post"}],"author":[{"embeddable":true,"href":"https:\/\/noticiasmercedinas.com\/site\/wp-json\/wp\/v2\/users\/6"}],"replies":[{"embeddable":true,"href":"https:\/\/noticiasmercedinas.com\/site\/wp-json\/wp\/v2\/comments?post=128836"}],"version-history":[{"count":2,"href":"https:\/\/noticiasmercedinas.com\/site\/wp-json\/wp\/v2\/posts\/128836\/revisions"}],"predecessor-version":[{"id":128843,"href":"https:\/\/noticiasmercedinas.com\/site\/wp-json\/wp\/v2\/posts\/128836\/revisions\/128843"}],"wp:featuredmedia":[{"embeddable":true,"href":"https:\/\/noticiasmercedinas.com\/site\/wp-json\/wp\/v2\/media\/128837"}],"wp:attachment":[{"href":"https:\/\/noticiasmercedinas.com\/site\/wp-json\/wp\/v2\/media?parent=128836"}],"wp:term":[{"taxonomy":"category","embeddable":true,"href":"https:\/\/noticiasmercedinas.com\/site\/wp-json\/wp\/v2\/categories?post=128836"},{"taxonomy":"post_tag","embeddable":true,"href":"https:\/\/noticiasmercedinas.com\/site\/wp-json\/wp\/v2\/tags?post=128836"}],"curies":[{"name":"wp","href":"https:\/\/api.w.org\/{rel}","templated":true}]}}