{"id":129052,"date":"2023-12-28T09:55:55","date_gmt":"2023-12-28T12:55:55","guid":{"rendered":"https:\/\/noticiasmercedinas.com\/site\/?p=129052"},"modified":"2023-12-28T09:55:55","modified_gmt":"2023-12-28T12:55:55","slug":"la-liga-mercedina-cumplio-con-sus-asambleas","status":"publish","type":"post","link":"https:\/\/noticiasmercedinas.com\/site\/2023\/12\/28\/la-liga-mercedina-cumplio-con-sus-asambleas\/","title":{"rendered":"La Liga Mercedina cumpli\u00f3 con sus asambleas"},"content":{"rendered":"<figure id=\"attachment_129053\" aria-describedby=\"caption-attachment-129053\" style=\"width: 640px\" class=\"wp-caption alignnone\"><img loading=\"lazy\" decoding=\"async\" class=\"wp-image-129053 size-full\" src=\"https:\/\/noticiasmercedinas.com\/site\/wp-content\/uploads\/2023\/12\/IMG_3860.jpg\" alt=\"\" width=\"640\" height=\"427\" srcset=\"https:\/\/noticiasmercedinas.com\/site\/wp-content\/uploads\/2023\/12\/IMG_3860.jpg 640w, https:\/\/noticiasmercedinas.com\/site\/wp-content\/uploads\/2023\/12\/IMG_3860-300x200.jpg 300w\" sizes=\"auto, (max-width: 640px) 100vw, 640px\" \/><figcaption id=\"caption-attachment-129053\" class=\"wp-caption-text\">Asambleas en la Liga, se dieron el mi\u00e9rcoles por al tarde noche.<\/figcaption><\/figure>\n<p>En la tarde noche del \u00faltimo mi\u00e9rcoles 27 de diciembre en el terreno de juego de H\u00e9roes de Malvinas y 64 se llevaron adelante dos asambleas de la Liga Mercedina de F\u00fatbol. La primera de ellas fue de car\u00e1cter extraordinario donde se trataron algunos puntos del reglamento interno, adem\u00e1s se confirm\u00f3 la desafiliaci\u00f3n de Pe\u00f1a Xeneixe que ya no particip\u00f3 en el 2023 y ha dejado ante la Liga una deuda, mismo caso que Gimnasia que al d\u00eda de hoy la mantiene.<\/p>\n<p>Sobre el punto de afiliaciones el presidente Esteban Marcelo relat\u00f3 que ser\u00eda un beneficio poder contar con m\u00e1s equipos en Segunda y con ello habr\u00eda m\u00e1s partidos en el a\u00f1o y los costos ser\u00edan otros, se coment\u00f3 de la intensi\u00f3n de afiliaci\u00f3n de dos clubes de la zona y la posibilidad de un tercero. Lo cierto que la categor\u00eda ha tenido en el 2023 9 clubes.<\/p>\n<p>En la Asamblea qued\u00f3 establecido que ser\u00eda bueno sumar dos clubes, que luego pasar\u00e1n por la aprobaci\u00f3n de los clubes afiliados, son los casos de Jorge Newbery de Luj\u00e1n que ya cuenta con el permiso de la Liga de Luj\u00e1n (jurisdicci\u00f3n deportiva) donde nunca lleg\u00f3 a participar, aunque lo ven\u00eda haciendo en ACIFO y a la Liga llegar\u00eda con Primera y Reserva para ser locales en Mercedes.<\/p>\n<p><img loading=\"lazy\" decoding=\"async\" class=\"alignnone size-full wp-image-129054\" src=\"https:\/\/noticiasmercedinas.com\/site\/wp-content\/uploads\/2023\/12\/IMG_3884.jpg\" alt=\"\" width=\"640\" height=\"427\" srcset=\"https:\/\/noticiasmercedinas.com\/site\/wp-content\/uploads\/2023\/12\/IMG_3884.jpg 640w, https:\/\/noticiasmercedinas.com\/site\/wp-content\/uploads\/2023\/12\/IMG_3884-300x200.jpg 300w\" sizes=\"auto, (max-width: 640px) 100vw, 640px\" \/><\/p>\n<p>La otra instituci\u00f3n con la idea de pasar a la Liga Mercedina es Villa Manchi de San Andr\u00e9s de Giles, que se encuentra siendo parte de la Liga de San Antonio de Areco y para llegar a la Liga Mercedina necesitar\u00e1 de un permiso, el club es la vecina localidad y de concretarse todo ser\u00e1 local en la cancha del Parque presentando Primera, Reserva y las categor\u00edas Infanto Juveniles.<\/p>\n<p>La tercera instituci\u00f3n que podr\u00eda afiliarse a Deportivo Bangladesh, sin mayores precisiones al estar cerrando por estos d\u00edas sus tr\u00e1mites de personer\u00eda jur\u00eddica y con ello poder comenzar a funcionar como un club. Mientras tanto, este s\u00e1bado jugar\u00e1 un amistoso ante All Haz este s\u00e1bado 30 desde la hora 18 en cancha de la Liga Mercedina.<\/p>\n<p>En referencia a la continuidad de la Asamblea, en el terreno de la de car\u00e1cter ordinaria, se aprob\u00f3 memoria y balance para resultar uno de los puntos m\u00e1s importantes de la noche la elecci\u00f3n de un presidente por el per\u00edodo de dos a\u00f1os m\u00e1s. Por unanimidad de los clubes presentes, fueron 19, s\u00f3lo estuvieron ausentes con y sin aviso Atl\u00e9tico General Rodr\u00edguez, Defensores Juniors, Juventud de Suipacha y La Tijera, Esteban Marcelo continuar\u00e1 en el cargo hasta finales del 2025.<\/p>\n<p><img loading=\"lazy\" decoding=\"async\" class=\"alignnone size-full wp-image-129055\" src=\"https:\/\/noticiasmercedinas.com\/site\/wp-content\/uploads\/2023\/12\/IMG_3869.jpg\" alt=\"\" width=\"640\" height=\"427\" srcset=\"https:\/\/noticiasmercedinas.com\/site\/wp-content\/uploads\/2023\/12\/IMG_3869.jpg 640w, https:\/\/noticiasmercedinas.com\/site\/wp-content\/uploads\/2023\/12\/IMG_3869-300x200.jpg 300w\" sizes=\"auto, (max-width: 640px) 100vw, 640px\" \/><\/p>\n<p>Quien ingresa en su s\u00e9ptimo per\u00edodo al frente de la Liga se mostr\u00f3 agradecido por el apoyo, por otra parte destac\u00f3 la salida de algunos directivos y con ello la renovaci\u00f3n en la comisi\u00f3n directiva. Por razones personales no continuar\u00e1n en el cargo el tesorero Daniel Stefano y el vicepresidente Jorge Cerfoglio, este \u00faltimo anunci\u00f3 que continuar\u00e1 colaborando, directivos que le han aportado a la Liga durante su paso. Sobre lo que vendr\u00e1 Marcelo comunic\u00f3 quienes los acompa\u00f1ar\u00e1n en la comisi\u00f3n directiva.<\/p>\n<p>Daniel Figueredo continuar\u00e1 en la Liga como Secretario, Marcelo Mansilla se acopla a la instituci\u00f3n en el cargo de Vicepresidente y la funci\u00f3n de Tesorero la cumplir\u00e1 Leonardo Bastoni, todos con experiencia dentro de tareas dirigenciales. Culminada las asambleas se conoci\u00f3 que la idea es iniciar la temporada la primera o segunda semana de marzo, antes habr\u00e1 reuniones y definiciones de afiliaciones de clubes como tambi\u00e9n resolver la local\u00eda de Club Mercedes en la Primera C al culminar el convenio que se hab\u00eda firmado.<\/p>\n<p>La Liga Mercedina, en constante crecimiento, cierra un a\u00f1o m\u00e1s de futbol con sus distintos torneos masculinos y femeninos, con la posibilidad de sumar alguna otra opci\u00f3n futbol\u00edstica como podr\u00eda ser el F\u00fatbol Playa, algo sugerido por el Consejo Federal y sobre todo al tener la ciudad una cancha en el predio del CEMUADRA.<\/p>\n","protected":false},"excerpt":{"rendered":"<p>\u25a0 Esteban Marcelo continuar\u00e1 como presidente dos a\u00f1os m\u00e1s anunciado quienes lo acompa\u00f1ar\u00e1n en la comisi\u00f3n directiva. Se trataron otros temas como afiliaciones y tradicionales puntos que suelen estar en la orden del d\u00eda. <\/p>\n","protected":false},"author":6,"featured_media":129053,"comment_status":"closed","ping_status":"closed","sticky":false,"template":"","format":"standard","meta":{"footnotes":""},"categories":[5],"tags":[453,7735,3346],"class_list":["post-129052","post","type-post","status-publish","format-standard","has-post-thumbnail","hentry","category-deportes","tag-asamblea","tag-esteban-marcelo","tag-liga-mercedina-de-futbol"],"yoast_head":"<!-- This site is optimized with the Yoast SEO plugin v27.5 - https:\/\/yoast.com\/product\/yoast-seo-wordpress\/ -->\n<title>La Liga Mercedina cumpli\u00f3 con sus asambleas<\/title>\n<meta name=\"robots\" content=\"index, follow, max-snippet:-1, max-image-preview:large, max-video-preview:-1\" \/>\n<link rel=\"canonical\" href=\"https:\/\/noticiasmercedinas.com\/site\/2023\/12\/28\/la-liga-mercedina-cumplio-con-sus-asambleas\/\" \/>\n<meta property=\"og:locale\" content=\"es_ES\" \/>\n<meta property=\"og:type\" content=\"article\" \/>\n<meta property=\"og:title\" content=\"La Liga Mercedina cumpli\u00f3 con sus asambleas\" \/>\n<meta property=\"og:description\" content=\"\u25a0 Esteban Marcelo continuar\u00e1 como presidente dos a\u00f1os m\u00e1s anunciado quienes lo acompa\u00f1ar\u00e1n en la comisi\u00f3n directiva. Se trataron otros temas como afiliaciones y tradicionales puntos que suelen estar en la orden del d\u00eda.\" \/>\n<meta property=\"og:url\" content=\"https:\/\/noticiasmercedinas.com\/site\/2023\/12\/28\/la-liga-mercedina-cumplio-con-sus-asambleas\/\" \/>\n<meta property=\"og:site_name\" content=\"NOTICIASMERCEDINAS.COM\" \/>\n<meta property=\"article:publisher\" content=\"https:\/\/www.facebook.com\/noticiasmercedinas\/\" \/>\n<meta property=\"article:published_time\" content=\"2023-12-28T12:55:55+00:00\" \/>\n<meta property=\"og:image\" content=\"https:\/\/noticiasmercedinas.com\/site\/wp-content\/uploads\/2023\/12\/IMG_3860.jpg\" \/>\n\t<meta property=\"og:image:width\" content=\"640\" \/>\n\t<meta property=\"og:image:height\" content=\"427\" \/>\n\t<meta property=\"og:image:type\" content=\"image\/jpeg\" \/>\n<meta name=\"author\" content=\"Juan Dagnino NOTICIASMERCEDINAS.COM\" \/>\n<meta name=\"twitter:card\" content=\"summary_large_image\" \/>\n<meta name=\"twitter:creator\" content=\"@notmercedinas\" \/>\n<meta name=\"twitter:site\" content=\"@notmercedinas\" \/>\n<meta name=\"twitter:label1\" content=\"Escrito por\" \/>\n\t<meta name=\"twitter:data1\" content=\"Juan Dagnino NOTICIASMERCEDINAS.COM\" \/>\n\t<meta name=\"twitter:label2\" content=\"Tiempo de lectura\" \/>\n\t<meta name=\"twitter:data2\" content=\"4 minutos\" \/>\n<script type=\"application\/ld+json\" class=\"yoast-schema-graph\">{\"@context\":\"https:\\\/\\\/schema.org\",\"@graph\":[{\"@type\":\"Article\",\"@id\":\"https:\\\/\\\/noticiasmercedinas.com\\\/site\\\/2023\\\/12\\\/28\\\/la-liga-mercedina-cumplio-con-sus-asambleas\\\/#article\",\"isPartOf\":{\"@id\":\"https:\\\/\\\/noticiasmercedinas.com\\\/site\\\/2023\\\/12\\\/28\\\/la-liga-mercedina-cumplio-con-sus-asambleas\\\/\"},\"author\":{\"name\":\"Juan Dagnino NOTICIASMERCEDINAS.COM\",\"@id\":\"https:\\\/\\\/noticiasmercedinas.com\\\/site\\\/#\\\/schema\\\/person\\\/8f2f09d666ef40986eba4a5e6f2a06f9\"},\"headline\":\"La Liga Mercedina cumpli\u00f3 con sus asambleas\",\"datePublished\":\"2023-12-28T12:55:55+00:00\",\"mainEntityOfPage\":{\"@id\":\"https:\\\/\\\/noticiasmercedinas.com\\\/site\\\/2023\\\/12\\\/28\\\/la-liga-mercedina-cumplio-con-sus-asambleas\\\/\"},\"wordCount\":722,\"publisher\":{\"@id\":\"https:\\\/\\\/noticiasmercedinas.com\\\/site\\\/#organization\"},\"image\":{\"@id\":\"https:\\\/\\\/noticiasmercedinas.com\\\/site\\\/2023\\\/12\\\/28\\\/la-liga-mercedina-cumplio-con-sus-asambleas\\\/#primaryimage\"},\"thumbnailUrl\":\"https:\\\/\\\/noticiasmercedinas.com\\\/site\\\/wp-content\\\/uploads\\\/2023\\\/12\\\/IMG_3860.jpg\",\"keywords\":[\"asamblea\",\"Esteban Marcelo\",\"Liga Mercedina de F\u00fatbol\"],\"articleSection\":[\"Deportes\"],\"inLanguage\":\"es\"},{\"@type\":\"WebPage\",\"@id\":\"https:\\\/\\\/noticiasmercedinas.com\\\/site\\\/2023\\\/12\\\/28\\\/la-liga-mercedina-cumplio-con-sus-asambleas\\\/\",\"url\":\"https:\\\/\\\/noticiasmercedinas.com\\\/site\\\/2023\\\/12\\\/28\\\/la-liga-mercedina-cumplio-con-sus-asambleas\\\/\",\"name\":\"La Liga Mercedina cumpli\u00f3 con sus asambleas\",\"isPartOf\":{\"@id\":\"https:\\\/\\\/noticiasmercedinas.com\\\/site\\\/#website\"},\"primaryImageOfPage\":{\"@id\":\"https:\\\/\\\/noticiasmercedinas.com\\\/site\\\/2023\\\/12\\\/28\\\/la-liga-mercedina-cumplio-con-sus-asambleas\\\/#primaryimage\"},\"image\":{\"@id\":\"https:\\\/\\\/noticiasmercedinas.com\\\/site\\\/2023\\\/12\\\/28\\\/la-liga-mercedina-cumplio-con-sus-asambleas\\\/#primaryimage\"},\"thumbnailUrl\":\"https:\\\/\\\/noticiasmercedinas.com\\\/site\\\/wp-content\\\/uploads\\\/2023\\\/12\\\/IMG_3860.jpg\",\"datePublished\":\"2023-12-28T12:55:55+00:00\",\"breadcrumb\":{\"@id\":\"https:\\\/\\\/noticiasmercedinas.com\\\/site\\\/2023\\\/12\\\/28\\\/la-liga-mercedina-cumplio-con-sus-asambleas\\\/#breadcrumb\"},\"inLanguage\":\"es\",\"potentialAction\":[{\"@type\":\"ReadAction\",\"target\":[\"https:\\\/\\\/noticiasmercedinas.com\\\/site\\\/2023\\\/12\\\/28\\\/la-liga-mercedina-cumplio-con-sus-asambleas\\\/\"]}]},{\"@type\":\"ImageObject\",\"inLanguage\":\"es\",\"@id\":\"https:\\\/\\\/noticiasmercedinas.com\\\/site\\\/2023\\\/12\\\/28\\\/la-liga-mercedina-cumplio-con-sus-asambleas\\\/#primaryimage\",\"url\":\"https:\\\/\\\/noticiasmercedinas.com\\\/site\\\/wp-content\\\/uploads\\\/2023\\\/12\\\/IMG_3860.jpg\",\"contentUrl\":\"https:\\\/\\\/noticiasmercedinas.com\\\/site\\\/wp-content\\\/uploads\\\/2023\\\/12\\\/IMG_3860.jpg\",\"width\":640,\"height\":427},{\"@type\":\"BreadcrumbList\",\"@id\":\"https:\\\/\\\/noticiasmercedinas.com\\\/site\\\/2023\\\/12\\\/28\\\/la-liga-mercedina-cumplio-con-sus-asambleas\\\/#breadcrumb\",\"itemListElement\":[{\"@type\":\"ListItem\",\"position\":1,\"name\":\"Portada\",\"item\":\"https:\\\/\\\/noticiasmercedinas.com\\\/site\\\/\"},{\"@type\":\"ListItem\",\"position\":2,\"name\":\"La Liga Mercedina cumpli\u00f3 con sus asambleas\"}]},{\"@type\":\"WebSite\",\"@id\":\"https:\\\/\\\/noticiasmercedinas.com\\\/site\\\/#website\",\"url\":\"https:\\\/\\\/noticiasmercedinas.com\\\/site\\\/\",\"name\":\"NOTICIASMERCEDINAS.COM\",\"description\":\"Mercedes, Buenos Aires, Argentina\",\"publisher\":{\"@id\":\"https:\\\/\\\/noticiasmercedinas.com\\\/site\\\/#organization\"},\"potentialAction\":[{\"@type\":\"SearchAction\",\"target\":{\"@type\":\"EntryPoint\",\"urlTemplate\":\"https:\\\/\\\/noticiasmercedinas.com\\\/site\\\/?s={search_term_string}\"},\"query-input\":{\"@type\":\"PropertyValueSpecification\",\"valueRequired\":true,\"valueName\":\"search_term_string\"}}],\"inLanguage\":\"es\"},{\"@type\":\"Organization\",\"@id\":\"https:\\\/\\\/noticiasmercedinas.com\\\/site\\\/#organization\",\"name\":\"NOTICIASMERCEDINAS.COM\",\"url\":\"https:\\\/\\\/noticiasmercedinas.com\\\/site\\\/\",\"logo\":{\"@type\":\"ImageObject\",\"inLanguage\":\"es\",\"@id\":\"https:\\\/\\\/noticiasmercedinas.com\\\/site\\\/#\\\/schema\\\/logo\\\/image\\\/\",\"url\":\"https:\\\/\\\/noticiasmercedinas.com\\\/site\\\/wp-content\\\/uploads\\\/2020\\\/06\\\/LOGO-512.jpg\",\"contentUrl\":\"https:\\\/\\\/noticiasmercedinas.com\\\/site\\\/wp-content\\\/uploads\\\/2020\\\/06\\\/LOGO-512.jpg\",\"width\":512,\"height\":512,\"caption\":\"NOTICIASMERCEDINAS.COM\"},\"image\":{\"@id\":\"https:\\\/\\\/noticiasmercedinas.com\\\/site\\\/#\\\/schema\\\/logo\\\/image\\\/\"},\"sameAs\":[\"https:\\\/\\\/www.facebook.com\\\/noticiasmercedinas\\\/\",\"https:\\\/\\\/x.com\\\/notmercedinas\",\"https:\\\/\\\/www.instagram.com\\\/noticiasmercedinas\\\/\"]},{\"@type\":\"Person\",\"@id\":\"https:\\\/\\\/noticiasmercedinas.com\\\/site\\\/#\\\/schema\\\/person\\\/8f2f09d666ef40986eba4a5e6f2a06f9\",\"name\":\"Juan Dagnino NOTICIASMERCEDINAS.COM\",\"image\":{\"@type\":\"ImageObject\",\"inLanguage\":\"es\",\"@id\":\"https:\\\/\\\/secure.gravatar.com\\\/avatar\\\/fc7059a769f5a3cae65fadb228a3e4accf3a64b4b2305020d0a27e6d5333c91b?s=96&d=mm&r=g\",\"url\":\"https:\\\/\\\/secure.gravatar.com\\\/avatar\\\/fc7059a769f5a3cae65fadb228a3e4accf3a64b4b2305020d0a27e6d5333c91b?s=96&d=mm&r=g\",\"contentUrl\":\"https:\\\/\\\/secure.gravatar.com\\\/avatar\\\/fc7059a769f5a3cae65fadb228a3e4accf3a64b4b2305020d0a27e6d5333c91b?s=96&d=mm&r=g\",\"caption\":\"Juan Dagnino NOTICIASMERCEDINAS.COM\"},\"url\":\"https:\\\/\\\/noticiasmercedinas.com\\\/site\\\/author\\\/juandagnino\\\/\"}]}<\/script>\n<!-- \/ Yoast SEO plugin. -->","yoast_head_json":{"title":"La Liga Mercedina cumpli\u00f3 con sus asambleas","robots":{"index":"index","follow":"follow","max-snippet":"max-snippet:-1","max-image-preview":"max-image-preview:large","max-video-preview":"max-video-preview:-1"},"canonical":"https:\/\/noticiasmercedinas.com\/site\/2023\/12\/28\/la-liga-mercedina-cumplio-con-sus-asambleas\/","og_locale":"es_ES","og_type":"article","og_title":"La Liga Mercedina cumpli\u00f3 con sus asambleas","og_description":"\u25a0 Esteban Marcelo continuar\u00e1 como presidente dos a\u00f1os m\u00e1s anunciado quienes lo acompa\u00f1ar\u00e1n en la comisi\u00f3n directiva. Se trataron otros temas como afiliaciones y tradicionales puntos que suelen estar en la orden del d\u00eda.","og_url":"https:\/\/noticiasmercedinas.com\/site\/2023\/12\/28\/la-liga-mercedina-cumplio-con-sus-asambleas\/","og_site_name":"NOTICIASMERCEDINAS.COM","article_publisher":"https:\/\/www.facebook.com\/noticiasmercedinas\/","article_published_time":"2023-12-28T12:55:55+00:00","og_image":[{"width":640,"height":427,"url":"https:\/\/noticiasmercedinas.com\/site\/wp-content\/uploads\/2023\/12\/IMG_3860.jpg","type":"image\/jpeg"}],"author":"Juan Dagnino NOTICIASMERCEDINAS.COM","twitter_card":"summary_large_image","twitter_creator":"@notmercedinas","twitter_site":"@notmercedinas","twitter_misc":{"Escrito por":"Juan Dagnino NOTICIASMERCEDINAS.COM","Tiempo de lectura":"4 minutos"},"schema":{"@context":"https:\/\/schema.org","@graph":[{"@type":"Article","@id":"https:\/\/noticiasmercedinas.com\/site\/2023\/12\/28\/la-liga-mercedina-cumplio-con-sus-asambleas\/#article","isPartOf":{"@id":"https:\/\/noticiasmercedinas.com\/site\/2023\/12\/28\/la-liga-mercedina-cumplio-con-sus-asambleas\/"},"author":{"name":"Juan Dagnino NOTICIASMERCEDINAS.COM","@id":"https:\/\/noticiasmercedinas.com\/site\/#\/schema\/person\/8f2f09d666ef40986eba4a5e6f2a06f9"},"headline":"La Liga Mercedina cumpli\u00f3 con sus asambleas","datePublished":"2023-12-28T12:55:55+00:00","mainEntityOfPage":{"@id":"https:\/\/noticiasmercedinas.com\/site\/2023\/12\/28\/la-liga-mercedina-cumplio-con-sus-asambleas\/"},"wordCount":722,"publisher":{"@id":"https:\/\/noticiasmercedinas.com\/site\/#organization"},"image":{"@id":"https:\/\/noticiasmercedinas.com\/site\/2023\/12\/28\/la-liga-mercedina-cumplio-con-sus-asambleas\/#primaryimage"},"thumbnailUrl":"https:\/\/noticiasmercedinas.com\/site\/wp-content\/uploads\/2023\/12\/IMG_3860.jpg","keywords":["asamblea","Esteban Marcelo","Liga Mercedina de F\u00fatbol"],"articleSection":["Deportes"],"inLanguage":"es"},{"@type":"WebPage","@id":"https:\/\/noticiasmercedinas.com\/site\/2023\/12\/28\/la-liga-mercedina-cumplio-con-sus-asambleas\/","url":"https:\/\/noticiasmercedinas.com\/site\/2023\/12\/28\/la-liga-mercedina-cumplio-con-sus-asambleas\/","name":"La Liga Mercedina cumpli\u00f3 con sus asambleas","isPartOf":{"@id":"https:\/\/noticiasmercedinas.com\/site\/#website"},"primaryImageOfPage":{"@id":"https:\/\/noticiasmercedinas.com\/site\/2023\/12\/28\/la-liga-mercedina-cumplio-con-sus-asambleas\/#primaryimage"},"image":{"@id":"https:\/\/noticiasmercedinas.com\/site\/2023\/12\/28\/la-liga-mercedina-cumplio-con-sus-asambleas\/#primaryimage"},"thumbnailUrl":"https:\/\/noticiasmercedinas.com\/site\/wp-content\/uploads\/2023\/12\/IMG_3860.jpg","datePublished":"2023-12-28T12:55:55+00:00","breadcrumb":{"@id":"https:\/\/noticiasmercedinas.com\/site\/2023\/12\/28\/la-liga-mercedina-cumplio-con-sus-asambleas\/#breadcrumb"},"inLanguage":"es","potentialAction":[{"@type":"ReadAction","target":["https:\/\/noticiasmercedinas.com\/site\/2023\/12\/28\/la-liga-mercedina-cumplio-con-sus-asambleas\/"]}]},{"@type":"ImageObject","inLanguage":"es","@id":"https:\/\/noticiasmercedinas.com\/site\/2023\/12\/28\/la-liga-mercedina-cumplio-con-sus-asambleas\/#primaryimage","url":"https:\/\/noticiasmercedinas.com\/site\/wp-content\/uploads\/2023\/12\/IMG_3860.jpg","contentUrl":"https:\/\/noticiasmercedinas.com\/site\/wp-content\/uploads\/2023\/12\/IMG_3860.jpg","width":640,"height":427},{"@type":"BreadcrumbList","@id":"https:\/\/noticiasmercedinas.com\/site\/2023\/12\/28\/la-liga-mercedina-cumplio-con-sus-asambleas\/#breadcrumb","itemListElement":[{"@type":"ListItem","position":1,"name":"Portada","item":"https:\/\/noticiasmercedinas.com\/site\/"},{"@type":"ListItem","position":2,"name":"La Liga Mercedina cumpli\u00f3 con sus asambleas"}]},{"@type":"WebSite","@id":"https:\/\/noticiasmercedinas.com\/site\/#website","url":"https:\/\/noticiasmercedinas.com\/site\/","name":"NOTICIASMERCEDINAS.COM","description":"Mercedes, Buenos Aires, Argentina","publisher":{"@id":"https:\/\/noticiasmercedinas.com\/site\/#organization"},"potentialAction":[{"@type":"SearchAction","target":{"@type":"EntryPoint","urlTemplate":"https:\/\/noticiasmercedinas.com\/site\/?s={search_term_string}"},"query-input":{"@type":"PropertyValueSpecification","valueRequired":true,"valueName":"search_term_string"}}],"inLanguage":"es"},{"@type":"Organization","@id":"https:\/\/noticiasmercedinas.com\/site\/#organization","name":"NOTICIASMERCEDINAS.COM","url":"https:\/\/noticiasmercedinas.com\/site\/","logo":{"@type":"ImageObject","inLanguage":"es","@id":"https:\/\/noticiasmercedinas.com\/site\/#\/schema\/logo\/image\/","url":"https:\/\/noticiasmercedinas.com\/site\/wp-content\/uploads\/2020\/06\/LOGO-512.jpg","contentUrl":"https:\/\/noticiasmercedinas.com\/site\/wp-content\/uploads\/2020\/06\/LOGO-512.jpg","width":512,"height":512,"caption":"NOTICIASMERCEDINAS.COM"},"image":{"@id":"https:\/\/noticiasmercedinas.com\/site\/#\/schema\/logo\/image\/"},"sameAs":["https:\/\/www.facebook.com\/noticiasmercedinas\/","https:\/\/x.com\/notmercedinas","https:\/\/www.instagram.com\/noticiasmercedinas\/"]},{"@type":"Person","@id":"https:\/\/noticiasmercedinas.com\/site\/#\/schema\/person\/8f2f09d666ef40986eba4a5e6f2a06f9","name":"Juan Dagnino NOTICIASMERCEDINAS.COM","image":{"@type":"ImageObject","inLanguage":"es","@id":"https:\/\/secure.gravatar.com\/avatar\/fc7059a769f5a3cae65fadb228a3e4accf3a64b4b2305020d0a27e6d5333c91b?s=96&d=mm&r=g","url":"https:\/\/secure.gravatar.com\/avatar\/fc7059a769f5a3cae65fadb228a3e4accf3a64b4b2305020d0a27e6d5333c91b?s=96&d=mm&r=g","contentUrl":"https:\/\/secure.gravatar.com\/avatar\/fc7059a769f5a3cae65fadb228a3e4accf3a64b4b2305020d0a27e6d5333c91b?s=96&d=mm&r=g","caption":"Juan Dagnino NOTICIASMERCEDINAS.COM"},"url":"https:\/\/noticiasmercedinas.com\/site\/author\/juandagnino\/"}]}},"amp_enabled":true,"_links":{"self":[{"href":"https:\/\/noticiasmercedinas.com\/site\/wp-json\/wp\/v2\/posts\/129052","targetHints":{"allow":["GET"]}}],"collection":[{"href":"https:\/\/noticiasmercedinas.com\/site\/wp-json\/wp\/v2\/posts"}],"about":[{"href":"https:\/\/noticiasmercedinas.com\/site\/wp-json\/wp\/v2\/types\/post"}],"author":[{"embeddable":true,"href":"https:\/\/noticiasmercedinas.com\/site\/wp-json\/wp\/v2\/users\/6"}],"replies":[{"embeddable":true,"href":"https:\/\/noticiasmercedinas.com\/site\/wp-json\/wp\/v2\/comments?post=129052"}],"version-history":[{"count":1,"href":"https:\/\/noticiasmercedinas.com\/site\/wp-json\/wp\/v2\/posts\/129052\/revisions"}],"predecessor-version":[{"id":129056,"href":"https:\/\/noticiasmercedinas.com\/site\/wp-json\/wp\/v2\/posts\/129052\/revisions\/129056"}],"wp:featuredmedia":[{"embeddable":true,"href":"https:\/\/noticiasmercedinas.com\/site\/wp-json\/wp\/v2\/media\/129053"}],"wp:attachment":[{"href":"https:\/\/noticiasmercedinas.com\/site\/wp-json\/wp\/v2\/media?parent=129052"}],"wp:term":[{"taxonomy":"category","embeddable":true,"href":"https:\/\/noticiasmercedinas.com\/site\/wp-json\/wp\/v2\/categories?post=129052"},{"taxonomy":"post_tag","embeddable":true,"href":"https:\/\/noticiasmercedinas.com\/site\/wp-json\/wp\/v2\/tags?post=129052"}],"curies":[{"name":"wp","href":"https:\/\/api.w.org\/{rel}","templated":true}]}}