{"id":129096,"date":"2023-12-28T19:31:26","date_gmt":"2023-12-28T22:31:26","guid":{"rendered":"https:\/\/noticiasmercedinas.com\/site\/?p=129096"},"modified":"2023-12-28T19:31:26","modified_gmt":"2023-12-28T22:31:26","slug":"cierre-con-fogon-y-balance-de-ano-en-estacion-juego-espacio-familiar-consolidado-en-2023","status":"publish","type":"post","link":"https:\/\/noticiasmercedinas.com\/site\/2023\/12\/28\/cierre-con-fogon-y-balance-de-ano-en-estacion-juego-espacio-familiar-consolidado-en-2023\/","title":{"rendered":"Cierre con fog\u00f3n y balance de a\u00f1o en Estaci\u00f3n Juego: espacio familiar consolidado en 2023"},"content":{"rendered":"<p><img loading=\"lazy\" decoding=\"async\" class=\"alignnone size-large wp-image-129097\" src=\"https:\/\/noticiasmercedinas.com\/site\/wp-content\/uploads\/2023\/12\/1M5A1015-1024x682.jpg\" alt=\"\" width=\"640\" height=\"426\" srcset=\"https:\/\/noticiasmercedinas.com\/site\/wp-content\/uploads\/2023\/12\/1M5A1015-1024x682.jpg 1024w, https:\/\/noticiasmercedinas.com\/site\/wp-content\/uploads\/2023\/12\/1M5A1015-300x200.jpg 300w, https:\/\/noticiasmercedinas.com\/site\/wp-content\/uploads\/2023\/12\/1M5A1015-768x512.jpg 768w, https:\/\/noticiasmercedinas.com\/site\/wp-content\/uploads\/2023\/12\/1M5A1015-640x427.jpg 640w, https:\/\/noticiasmercedinas.com\/site\/wp-content\/uploads\/2023\/12\/1M5A1015-1280x853.jpg 1280w, https:\/\/noticiasmercedinas.com\/site\/wp-content\/uploads\/2023\/12\/1M5A1015-681x454.jpg 681w, https:\/\/noticiasmercedinas.com\/site\/wp-content\/uploads\/2023\/12\/1M5A1015.jpg 1319w\" sizes=\"auto, (max-width: 640px) 100vw, 640px\" \/><\/p>\n<p>En la despedida del a\u00f1o, Estaci\u00f3n Juego, el espacio dedicado a la ni\u00f1ez y adolescencia ubicado en calle 23 y 6, se prepara para su cierre con un fog\u00f3n para toda la familia. Este evento, que se llevar\u00e1 a cabo el s\u00e1bado 30 de diciembre de 18:00 a 21:00 horas, ser\u00e1 de acceso libre y gratuito.<\/p>\n<p>La Lic. Gabriela Olivella, directora de Ni\u00f1ez y Adolescencia, comparti\u00f3 su entusiasmo al decir: \u00abComo cierre de a\u00f1o, este s\u00e1bado vamos a hacer el cierre de este 2023 con un fog\u00f3n, el cual es libre y gratuito\u00bb. Adem\u00e1s, expres\u00f3 su satisfacci\u00f3n por el \u00e9xito del espacio en este corto periodo desde su inauguraci\u00f3n en octubre, que atrajo a m\u00e1s de 20 escuelas y diversos dispositivos de ni\u00f1ez. Olivella afirm\u00f3 que Estaci\u00f3n Juego se consolida como un espacio fundamental para el juego y la recreaci\u00f3n.<\/p>\n<p>La directora tambi\u00e9n adelant\u00f3 que ya est\u00e1n organizando los festejos de Reyes, y despu\u00e9s de un breve receso, Estaci\u00f3n Juego retomar\u00e1 sus actividades a fines de enero o principios de febrero del pr\u00f3ximo a\u00f1o.<\/p>\n<p><strong>Inicia la temporada de verano en la pileta del Unzu\u00e9 el 2 de enero<\/strong><br \/>\nPor otro lado, el 2 de enero marcar\u00e1 el inicio de la temporada de verano en la Pileta Municipal del Unzu\u00e9. A pesar de algunos inconvenientes causados por el temporal, el espacio estar\u00e1 abierto al p\u00fablico de 14:00 a 19:00 horas para que toda la familia pueda disfrutar de sus instalaciones de manera libre y gratuita.<\/p>\n<p>La Lic. Gabriela Olivella, al respecto, se\u00f1al\u00f3: \u00abEstamos con la organizaci\u00f3n y acomodando todo, porque luego del temporal se produjeron muchos inconvenientes con ramas ca\u00eddas, lo cual retras\u00f3 las cosas\u00bb. La funcionaria hizo hincapi\u00e9 en que la pileta estar\u00e1 abierta para todos, sin necesidad de inscripci\u00f3n previa ni anotaci\u00f3n, excepto para los menores de 13 a\u00f1os, quienes deben venir acompa\u00f1ados por un adulto.<\/p>\n<p>Olivella subray\u00f3 que los menores de 6 a\u00f1os que ingresen a la pileta tambi\u00e9n deben estar acompa\u00f1ados por adultos. Adem\u00e1s, inform\u00f3 que el lugar cerrar\u00e1 los lunes para acondicionamiento del \u00e1rea, la pileta y descanso del personal.<\/p>\n<p>En un esfuerzo conjunto con el sistema educativo formal, la Pileta Municipal del Unzu\u00e9 ser\u00e1 sede de las escuelas de verano por las ma\u00f1anas, destacando la importancia que el intendente Ustarroz otorga a la ni\u00f1ez y la educaci\u00f3n como prioridad.<\/p>\n<p><img loading=\"lazy\" decoding=\"async\" class=\"alignnone size-large wp-image-129098\" src=\"https:\/\/noticiasmercedinas.com\/site\/wp-content\/uploads\/2023\/12\/3-3-1024x682.jpg\" alt=\"\" width=\"640\" height=\"426\" srcset=\"https:\/\/noticiasmercedinas.com\/site\/wp-content\/uploads\/2023\/12\/3-3-1024x682.jpg 1024w, https:\/\/noticiasmercedinas.com\/site\/wp-content\/uploads\/2023\/12\/3-3-300x200.jpg 300w, https:\/\/noticiasmercedinas.com\/site\/wp-content\/uploads\/2023\/12\/3-3-768x512.jpg 768w, https:\/\/noticiasmercedinas.com\/site\/wp-content\/uploads\/2023\/12\/3-3-640x427.jpg 640w, https:\/\/noticiasmercedinas.com\/site\/wp-content\/uploads\/2023\/12\/3-3-1280x853.jpg 1280w, https:\/\/noticiasmercedinas.com\/site\/wp-content\/uploads\/2023\/12\/3-3-681x454.jpg 681w, https:\/\/noticiasmercedinas.com\/site\/wp-content\/uploads\/2023\/12\/3-3.jpg 1319w\" sizes=\"auto, (max-width: 640px) 100vw, 640px\" \/><\/p>\n","protected":false},"excerpt":{"rendered":"<p>\u25a0 El evento, que se llevar\u00e1 a cabo el s\u00e1bado 30 de diciembre de 18:00 a 21:00 horas, ser\u00e1 de acceso libre y gratuito. Por otra parte, arranca la temporada de pileta en el Unzu\u00e9<\/p>\n","protected":false},"author":16,"featured_media":129097,"comment_status":"closed","ping_status":"closed","sticky":false,"template":"","format":"standard","meta":{"footnotes":""},"categories":[3],"tags":[6805,1538,369,17766],"class_list":["post-129096","post","type-post","status-publish","format-standard","has-post-thumbnail","hentry","category-sociedad","tag-estacion-juego","tag-infancia","tag-ninez","tag-pileta-unzue"],"yoast_head":"<!-- This site is optimized with the Yoast SEO plugin v27.5 - https:\/\/yoast.com\/product\/yoast-seo-wordpress\/ -->\n<title>Cierre con fog\u00f3n y balance de a\u00f1o en Estaci\u00f3n Juego: espacio familiar consolidado en 2023<\/title>\n<meta name=\"robots\" content=\"index, follow, max-snippet:-1, max-image-preview:large, max-video-preview:-1\" \/>\n<link rel=\"canonical\" href=\"https:\/\/noticiasmercedinas.com\/site\/2023\/12\/28\/cierre-con-fogon-y-balance-de-ano-en-estacion-juego-espacio-familiar-consolidado-en-2023\/\" \/>\n<meta property=\"og:locale\" content=\"es_ES\" \/>\n<meta property=\"og:type\" content=\"article\" \/>\n<meta property=\"og:title\" content=\"Cierre con fog\u00f3n y balance de a\u00f1o en Estaci\u00f3n Juego: espacio familiar consolidado en 2023\" \/>\n<meta property=\"og:description\" content=\"\u25a0 El evento, que se llevar\u00e1 a cabo el s\u00e1bado 30 de diciembre de 18:00 a 21:00 horas, ser\u00e1 de acceso libre y gratuito. Por otra parte, arranca la temporada de pileta en el Unzu\u00e9\" \/>\n<meta property=\"og:url\" content=\"https:\/\/noticiasmercedinas.com\/site\/2023\/12\/28\/cierre-con-fogon-y-balance-de-ano-en-estacion-juego-espacio-familiar-consolidado-en-2023\/\" \/>\n<meta property=\"og:site_name\" content=\"NOTICIASMERCEDINAS.COM\" \/>\n<meta property=\"article:publisher\" content=\"https:\/\/www.facebook.com\/noticiasmercedinas\/\" \/>\n<meta property=\"article:published_time\" content=\"2023-12-28T22:31:26+00:00\" \/>\n<meta property=\"og:image\" content=\"https:\/\/noticiasmercedinas.com\/site\/wp-content\/uploads\/2023\/12\/1M5A1015.jpg\" \/>\n\t<meta property=\"og:image:width\" content=\"1319\" \/>\n\t<meta property=\"og:image:height\" content=\"879\" \/>\n\t<meta property=\"og:image:type\" content=\"image\/jpeg\" \/>\n<meta name=\"author\" content=\"NOTICIASMERCEDINAS.COM\" \/>\n<meta name=\"twitter:card\" content=\"summary_large_image\" \/>\n<meta name=\"twitter:creator\" content=\"@notmercedinas\" \/>\n<meta name=\"twitter:site\" content=\"@notmercedinas\" \/>\n<meta name=\"twitter:label1\" content=\"Escrito por\" \/>\n\t<meta name=\"twitter:data1\" content=\"NOTICIASMERCEDINAS.COM\" \/>\n\t<meta name=\"twitter:label2\" content=\"Tiempo de lectura\" \/>\n\t<meta name=\"twitter:data2\" content=\"3 minutos\" \/>\n<script type=\"application\/ld+json\" class=\"yoast-schema-graph\">{\"@context\":\"https:\\\/\\\/schema.org\",\"@graph\":[{\"@type\":\"Article\",\"@id\":\"https:\\\/\\\/noticiasmercedinas.com\\\/site\\\/2023\\\/12\\\/28\\\/cierre-con-fogon-y-balance-de-ano-en-estacion-juego-espacio-familiar-consolidado-en-2023\\\/#article\",\"isPartOf\":{\"@id\":\"https:\\\/\\\/noticiasmercedinas.com\\\/site\\\/2023\\\/12\\\/28\\\/cierre-con-fogon-y-balance-de-ano-en-estacion-juego-espacio-familiar-consolidado-en-2023\\\/\"},\"author\":{\"name\":\"NOTICIASMERCEDINAS.COM\",\"@id\":\"https:\\\/\\\/noticiasmercedinas.com\\\/site\\\/#\\\/schema\\\/person\\\/84b59c099c28ff2e8b77d4ceec5d8063\"},\"headline\":\"Cierre con fog\u00f3n y balance de a\u00f1o en Estaci\u00f3n Juego: espacio familiar consolidado en 2023\",\"datePublished\":\"2023-12-28T22:31:26+00:00\",\"mainEntityOfPage\":{\"@id\":\"https:\\\/\\\/noticiasmercedinas.com\\\/site\\\/2023\\\/12\\\/28\\\/cierre-con-fogon-y-balance-de-ano-en-estacion-juego-espacio-familiar-consolidado-en-2023\\\/\"},\"wordCount\":425,\"publisher\":{\"@id\":\"https:\\\/\\\/noticiasmercedinas.com\\\/site\\\/#organization\"},\"image\":{\"@id\":\"https:\\\/\\\/noticiasmercedinas.com\\\/site\\\/2023\\\/12\\\/28\\\/cierre-con-fogon-y-balance-de-ano-en-estacion-juego-espacio-familiar-consolidado-en-2023\\\/#primaryimage\"},\"thumbnailUrl\":\"https:\\\/\\\/noticiasmercedinas.com\\\/site\\\/wp-content\\\/uploads\\\/2023\\\/12\\\/1M5A1015.jpg\",\"keywords\":[\"estacion juego\",\"infancia\",\"ni\u00f1ez\",\"pileta unzue\"],\"articleSection\":[\"Sociedad\"],\"inLanguage\":\"es\"},{\"@type\":\"WebPage\",\"@id\":\"https:\\\/\\\/noticiasmercedinas.com\\\/site\\\/2023\\\/12\\\/28\\\/cierre-con-fogon-y-balance-de-ano-en-estacion-juego-espacio-familiar-consolidado-en-2023\\\/\",\"url\":\"https:\\\/\\\/noticiasmercedinas.com\\\/site\\\/2023\\\/12\\\/28\\\/cierre-con-fogon-y-balance-de-ano-en-estacion-juego-espacio-familiar-consolidado-en-2023\\\/\",\"name\":\"Cierre con fog\u00f3n y balance de a\u00f1o en Estaci\u00f3n Juego: espacio familiar consolidado en 2023\",\"isPartOf\":{\"@id\":\"https:\\\/\\\/noticiasmercedinas.com\\\/site\\\/#website\"},\"primaryImageOfPage\":{\"@id\":\"https:\\\/\\\/noticiasmercedinas.com\\\/site\\\/2023\\\/12\\\/28\\\/cierre-con-fogon-y-balance-de-ano-en-estacion-juego-espacio-familiar-consolidado-en-2023\\\/#primaryimage\"},\"image\":{\"@id\":\"https:\\\/\\\/noticiasmercedinas.com\\\/site\\\/2023\\\/12\\\/28\\\/cierre-con-fogon-y-balance-de-ano-en-estacion-juego-espacio-familiar-consolidado-en-2023\\\/#primaryimage\"},\"thumbnailUrl\":\"https:\\\/\\\/noticiasmercedinas.com\\\/site\\\/wp-content\\\/uploads\\\/2023\\\/12\\\/1M5A1015.jpg\",\"datePublished\":\"2023-12-28T22:31:26+00:00\",\"breadcrumb\":{\"@id\":\"https:\\\/\\\/noticiasmercedinas.com\\\/site\\\/2023\\\/12\\\/28\\\/cierre-con-fogon-y-balance-de-ano-en-estacion-juego-espacio-familiar-consolidado-en-2023\\\/#breadcrumb\"},\"inLanguage\":\"es\",\"potentialAction\":[{\"@type\":\"ReadAction\",\"target\":[\"https:\\\/\\\/noticiasmercedinas.com\\\/site\\\/2023\\\/12\\\/28\\\/cierre-con-fogon-y-balance-de-ano-en-estacion-juego-espacio-familiar-consolidado-en-2023\\\/\"]}]},{\"@type\":\"ImageObject\",\"inLanguage\":\"es\",\"@id\":\"https:\\\/\\\/noticiasmercedinas.com\\\/site\\\/2023\\\/12\\\/28\\\/cierre-con-fogon-y-balance-de-ano-en-estacion-juego-espacio-familiar-consolidado-en-2023\\\/#primaryimage\",\"url\":\"https:\\\/\\\/noticiasmercedinas.com\\\/site\\\/wp-content\\\/uploads\\\/2023\\\/12\\\/1M5A1015.jpg\",\"contentUrl\":\"https:\\\/\\\/noticiasmercedinas.com\\\/site\\\/wp-content\\\/uploads\\\/2023\\\/12\\\/1M5A1015.jpg\",\"width\":1319,\"height\":879},{\"@type\":\"BreadcrumbList\",\"@id\":\"https:\\\/\\\/noticiasmercedinas.com\\\/site\\\/2023\\\/12\\\/28\\\/cierre-con-fogon-y-balance-de-ano-en-estacion-juego-espacio-familiar-consolidado-en-2023\\\/#breadcrumb\",\"itemListElement\":[{\"@type\":\"ListItem\",\"position\":1,\"name\":\"Portada\",\"item\":\"https:\\\/\\\/noticiasmercedinas.com\\\/site\\\/\"},{\"@type\":\"ListItem\",\"position\":2,\"name\":\"Cierre con fog\u00f3n y balance de a\u00f1o en Estaci\u00f3n Juego: espacio familiar consolidado en 2023\"}]},{\"@type\":\"WebSite\",\"@id\":\"https:\\\/\\\/noticiasmercedinas.com\\\/site\\\/#website\",\"url\":\"https:\\\/\\\/noticiasmercedinas.com\\\/site\\\/\",\"name\":\"NOTICIASMERCEDINAS.COM\",\"description\":\"Mercedes, Buenos Aires, Argentina\",\"publisher\":{\"@id\":\"https:\\\/\\\/noticiasmercedinas.com\\\/site\\\/#organization\"},\"potentialAction\":[{\"@type\":\"SearchAction\",\"target\":{\"@type\":\"EntryPoint\",\"urlTemplate\":\"https:\\\/\\\/noticiasmercedinas.com\\\/site\\\/?s={search_term_string}\"},\"query-input\":{\"@type\":\"PropertyValueSpecification\",\"valueRequired\":true,\"valueName\":\"search_term_string\"}}],\"inLanguage\":\"es\"},{\"@type\":\"Organization\",\"@id\":\"https:\\\/\\\/noticiasmercedinas.com\\\/site\\\/#organization\",\"name\":\"NOTICIASMERCEDINAS.COM\",\"url\":\"https:\\\/\\\/noticiasmercedinas.com\\\/site\\\/\",\"logo\":{\"@type\":\"ImageObject\",\"inLanguage\":\"es\",\"@id\":\"https:\\\/\\\/noticiasmercedinas.com\\\/site\\\/#\\\/schema\\\/logo\\\/image\\\/\",\"url\":\"https:\\\/\\\/noticiasmercedinas.com\\\/site\\\/wp-content\\\/uploads\\\/2020\\\/06\\\/LOGO-512.jpg\",\"contentUrl\":\"https:\\\/\\\/noticiasmercedinas.com\\\/site\\\/wp-content\\\/uploads\\\/2020\\\/06\\\/LOGO-512.jpg\",\"width\":512,\"height\":512,\"caption\":\"NOTICIASMERCEDINAS.COM\"},\"image\":{\"@id\":\"https:\\\/\\\/noticiasmercedinas.com\\\/site\\\/#\\\/schema\\\/logo\\\/image\\\/\"},\"sameAs\":[\"https:\\\/\\\/www.facebook.com\\\/noticiasmercedinas\\\/\",\"https:\\\/\\\/x.com\\\/notmercedinas\",\"https:\\\/\\\/www.instagram.com\\\/noticiasmercedinas\\\/\"]},{\"@type\":\"Person\",\"@id\":\"https:\\\/\\\/noticiasmercedinas.com\\\/site\\\/#\\\/schema\\\/person\\\/84b59c099c28ff2e8b77d4ceec5d8063\",\"name\":\"NOTICIASMERCEDINAS.COM\",\"image\":{\"@type\":\"ImageObject\",\"inLanguage\":\"es\",\"@id\":\"https:\\\/\\\/secure.gravatar.com\\\/avatar\\\/4dfbf16b4d17945bfb6341b2d19043457132fcf478a5ee04f42e959fd8f5df0a?s=96&d=mm&r=g\",\"url\":\"https:\\\/\\\/secure.gravatar.com\\\/avatar\\\/4dfbf16b4d17945bfb6341b2d19043457132fcf478a5ee04f42e959fd8f5df0a?s=96&d=mm&r=g\",\"contentUrl\":\"https:\\\/\\\/secure.gravatar.com\\\/avatar\\\/4dfbf16b4d17945bfb6341b2d19043457132fcf478a5ee04f42e959fd8f5df0a?s=96&d=mm&r=g\",\"caption\":\"NOTICIASMERCEDINAS.COM\"},\"url\":\"https:\\\/\\\/noticiasmercedinas.com\\\/site\\\/author\\\/anonimo\\\/\"}]}<\/script>\n<!-- \/ Yoast SEO plugin. -->","yoast_head_json":{"title":"Cierre con fog\u00f3n y balance de a\u00f1o en Estaci\u00f3n Juego: espacio familiar consolidado en 2023","robots":{"index":"index","follow":"follow","max-snippet":"max-snippet:-1","max-image-preview":"max-image-preview:large","max-video-preview":"max-video-preview:-1"},"canonical":"https:\/\/noticiasmercedinas.com\/site\/2023\/12\/28\/cierre-con-fogon-y-balance-de-ano-en-estacion-juego-espacio-familiar-consolidado-en-2023\/","og_locale":"es_ES","og_type":"article","og_title":"Cierre con fog\u00f3n y balance de a\u00f1o en Estaci\u00f3n Juego: espacio familiar consolidado en 2023","og_description":"\u25a0 El evento, que se llevar\u00e1 a cabo el s\u00e1bado 30 de diciembre de 18:00 a 21:00 horas, ser\u00e1 de acceso libre y gratuito. Por otra parte, arranca la temporada de pileta en el Unzu\u00e9","og_url":"https:\/\/noticiasmercedinas.com\/site\/2023\/12\/28\/cierre-con-fogon-y-balance-de-ano-en-estacion-juego-espacio-familiar-consolidado-en-2023\/","og_site_name":"NOTICIASMERCEDINAS.COM","article_publisher":"https:\/\/www.facebook.com\/noticiasmercedinas\/","article_published_time":"2023-12-28T22:31:26+00:00","og_image":[{"width":1319,"height":879,"url":"https:\/\/noticiasmercedinas.com\/site\/wp-content\/uploads\/2023\/12\/1M5A1015.jpg","type":"image\/jpeg"}],"author":"NOTICIASMERCEDINAS.COM","twitter_card":"summary_large_image","twitter_creator":"@notmercedinas","twitter_site":"@notmercedinas","twitter_misc":{"Escrito por":"NOTICIASMERCEDINAS.COM","Tiempo de lectura":"3 minutos"},"schema":{"@context":"https:\/\/schema.org","@graph":[{"@type":"Article","@id":"https:\/\/noticiasmercedinas.com\/site\/2023\/12\/28\/cierre-con-fogon-y-balance-de-ano-en-estacion-juego-espacio-familiar-consolidado-en-2023\/#article","isPartOf":{"@id":"https:\/\/noticiasmercedinas.com\/site\/2023\/12\/28\/cierre-con-fogon-y-balance-de-ano-en-estacion-juego-espacio-familiar-consolidado-en-2023\/"},"author":{"name":"NOTICIASMERCEDINAS.COM","@id":"https:\/\/noticiasmercedinas.com\/site\/#\/schema\/person\/84b59c099c28ff2e8b77d4ceec5d8063"},"headline":"Cierre con fog\u00f3n y balance de a\u00f1o en Estaci\u00f3n Juego: espacio familiar consolidado en 2023","datePublished":"2023-12-28T22:31:26+00:00","mainEntityOfPage":{"@id":"https:\/\/noticiasmercedinas.com\/site\/2023\/12\/28\/cierre-con-fogon-y-balance-de-ano-en-estacion-juego-espacio-familiar-consolidado-en-2023\/"},"wordCount":425,"publisher":{"@id":"https:\/\/noticiasmercedinas.com\/site\/#organization"},"image":{"@id":"https:\/\/noticiasmercedinas.com\/site\/2023\/12\/28\/cierre-con-fogon-y-balance-de-ano-en-estacion-juego-espacio-familiar-consolidado-en-2023\/#primaryimage"},"thumbnailUrl":"https:\/\/noticiasmercedinas.com\/site\/wp-content\/uploads\/2023\/12\/1M5A1015.jpg","keywords":["estacion juego","infancia","ni\u00f1ez","pileta unzue"],"articleSection":["Sociedad"],"inLanguage":"es"},{"@type":"WebPage","@id":"https:\/\/noticiasmercedinas.com\/site\/2023\/12\/28\/cierre-con-fogon-y-balance-de-ano-en-estacion-juego-espacio-familiar-consolidado-en-2023\/","url":"https:\/\/noticiasmercedinas.com\/site\/2023\/12\/28\/cierre-con-fogon-y-balance-de-ano-en-estacion-juego-espacio-familiar-consolidado-en-2023\/","name":"Cierre con fog\u00f3n y balance de a\u00f1o en Estaci\u00f3n Juego: espacio familiar consolidado en 2023","isPartOf":{"@id":"https:\/\/noticiasmercedinas.com\/site\/#website"},"primaryImageOfPage":{"@id":"https:\/\/noticiasmercedinas.com\/site\/2023\/12\/28\/cierre-con-fogon-y-balance-de-ano-en-estacion-juego-espacio-familiar-consolidado-en-2023\/#primaryimage"},"image":{"@id":"https:\/\/noticiasmercedinas.com\/site\/2023\/12\/28\/cierre-con-fogon-y-balance-de-ano-en-estacion-juego-espacio-familiar-consolidado-en-2023\/#primaryimage"},"thumbnailUrl":"https:\/\/noticiasmercedinas.com\/site\/wp-content\/uploads\/2023\/12\/1M5A1015.jpg","datePublished":"2023-12-28T22:31:26+00:00","breadcrumb":{"@id":"https:\/\/noticiasmercedinas.com\/site\/2023\/12\/28\/cierre-con-fogon-y-balance-de-ano-en-estacion-juego-espacio-familiar-consolidado-en-2023\/#breadcrumb"},"inLanguage":"es","potentialAction":[{"@type":"ReadAction","target":["https:\/\/noticiasmercedinas.com\/site\/2023\/12\/28\/cierre-con-fogon-y-balance-de-ano-en-estacion-juego-espacio-familiar-consolidado-en-2023\/"]}]},{"@type":"ImageObject","inLanguage":"es","@id":"https:\/\/noticiasmercedinas.com\/site\/2023\/12\/28\/cierre-con-fogon-y-balance-de-ano-en-estacion-juego-espacio-familiar-consolidado-en-2023\/#primaryimage","url":"https:\/\/noticiasmercedinas.com\/site\/wp-content\/uploads\/2023\/12\/1M5A1015.jpg","contentUrl":"https:\/\/noticiasmercedinas.com\/site\/wp-content\/uploads\/2023\/12\/1M5A1015.jpg","width":1319,"height":879},{"@type":"BreadcrumbList","@id":"https:\/\/noticiasmercedinas.com\/site\/2023\/12\/28\/cierre-con-fogon-y-balance-de-ano-en-estacion-juego-espacio-familiar-consolidado-en-2023\/#breadcrumb","itemListElement":[{"@type":"ListItem","position":1,"name":"Portada","item":"https:\/\/noticiasmercedinas.com\/site\/"},{"@type":"ListItem","position":2,"name":"Cierre con fog\u00f3n y balance de a\u00f1o en Estaci\u00f3n Juego: espacio familiar consolidado en 2023"}]},{"@type":"WebSite","@id":"https:\/\/noticiasmercedinas.com\/site\/#website","url":"https:\/\/noticiasmercedinas.com\/site\/","name":"NOTICIASMERCEDINAS.COM","description":"Mercedes, Buenos Aires, Argentina","publisher":{"@id":"https:\/\/noticiasmercedinas.com\/site\/#organization"},"potentialAction":[{"@type":"SearchAction","target":{"@type":"EntryPoint","urlTemplate":"https:\/\/noticiasmercedinas.com\/site\/?s={search_term_string}"},"query-input":{"@type":"PropertyValueSpecification","valueRequired":true,"valueName":"search_term_string"}}],"inLanguage":"es"},{"@type":"Organization","@id":"https:\/\/noticiasmercedinas.com\/site\/#organization","name":"NOTICIASMERCEDINAS.COM","url":"https:\/\/noticiasmercedinas.com\/site\/","logo":{"@type":"ImageObject","inLanguage":"es","@id":"https:\/\/noticiasmercedinas.com\/site\/#\/schema\/logo\/image\/","url":"https:\/\/noticiasmercedinas.com\/site\/wp-content\/uploads\/2020\/06\/LOGO-512.jpg","contentUrl":"https:\/\/noticiasmercedinas.com\/site\/wp-content\/uploads\/2020\/06\/LOGO-512.jpg","width":512,"height":512,"caption":"NOTICIASMERCEDINAS.COM"},"image":{"@id":"https:\/\/noticiasmercedinas.com\/site\/#\/schema\/logo\/image\/"},"sameAs":["https:\/\/www.facebook.com\/noticiasmercedinas\/","https:\/\/x.com\/notmercedinas","https:\/\/www.instagram.com\/noticiasmercedinas\/"]},{"@type":"Person","@id":"https:\/\/noticiasmercedinas.com\/site\/#\/schema\/person\/84b59c099c28ff2e8b77d4ceec5d8063","name":"NOTICIASMERCEDINAS.COM","image":{"@type":"ImageObject","inLanguage":"es","@id":"https:\/\/secure.gravatar.com\/avatar\/4dfbf16b4d17945bfb6341b2d19043457132fcf478a5ee04f42e959fd8f5df0a?s=96&d=mm&r=g","url":"https:\/\/secure.gravatar.com\/avatar\/4dfbf16b4d17945bfb6341b2d19043457132fcf478a5ee04f42e959fd8f5df0a?s=96&d=mm&r=g","contentUrl":"https:\/\/secure.gravatar.com\/avatar\/4dfbf16b4d17945bfb6341b2d19043457132fcf478a5ee04f42e959fd8f5df0a?s=96&d=mm&r=g","caption":"NOTICIASMERCEDINAS.COM"},"url":"https:\/\/noticiasmercedinas.com\/site\/author\/anonimo\/"}]}},"amp_enabled":true,"_links":{"self":[{"href":"https:\/\/noticiasmercedinas.com\/site\/wp-json\/wp\/v2\/posts\/129096","targetHints":{"allow":["GET"]}}],"collection":[{"href":"https:\/\/noticiasmercedinas.com\/site\/wp-json\/wp\/v2\/posts"}],"about":[{"href":"https:\/\/noticiasmercedinas.com\/site\/wp-json\/wp\/v2\/types\/post"}],"author":[{"embeddable":true,"href":"https:\/\/noticiasmercedinas.com\/site\/wp-json\/wp\/v2\/users\/16"}],"replies":[{"embeddable":true,"href":"https:\/\/noticiasmercedinas.com\/site\/wp-json\/wp\/v2\/comments?post=129096"}],"version-history":[{"count":1,"href":"https:\/\/noticiasmercedinas.com\/site\/wp-json\/wp\/v2\/posts\/129096\/revisions"}],"predecessor-version":[{"id":129099,"href":"https:\/\/noticiasmercedinas.com\/site\/wp-json\/wp\/v2\/posts\/129096\/revisions\/129099"}],"wp:featuredmedia":[{"embeddable":true,"href":"https:\/\/noticiasmercedinas.com\/site\/wp-json\/wp\/v2\/media\/129097"}],"wp:attachment":[{"href":"https:\/\/noticiasmercedinas.com\/site\/wp-json\/wp\/v2\/media?parent=129096"}],"wp:term":[{"taxonomy":"category","embeddable":true,"href":"https:\/\/noticiasmercedinas.com\/site\/wp-json\/wp\/v2\/categories?post=129096"},{"taxonomy":"post_tag","embeddable":true,"href":"https:\/\/noticiasmercedinas.com\/site\/wp-json\/wp\/v2\/tags?post=129096"}],"curies":[{"name":"wp","href":"https:\/\/api.w.org\/{rel}","templated":true}]}}