{"id":129114,"date":"2023-12-29T11:32:46","date_gmt":"2023-12-29T14:32:46","guid":{"rendered":"https:\/\/noticiasmercedinas.com\/site\/?p=129114"},"modified":"2023-12-29T11:32:46","modified_gmt":"2023-12-29T14:32:46","slug":"juntos-por-el-cambio-anuncio-su-ausencia-en-sesion-extraordinaria-por-dnu","status":"publish","type":"post","link":"https:\/\/noticiasmercedinas.com\/site\/2023\/12\/29\/juntos-por-el-cambio-anuncio-su-ausencia-en-sesion-extraordinaria-por-dnu\/","title":{"rendered":"Juntos por el Cambio anunci\u00f3 su ausencia en sesi\u00f3n extraordinaria por DNU"},"content":{"rendered":"<p><img loading=\"lazy\" decoding=\"async\" class=\"alignnone wp-image-86082\" src=\"https:\/\/noticiasmercedinas.com\/site\/wp-content\/uploads\/2022\/03\/municipalidad.jpg\" alt=\"\" width=\"640\" height=\"422\" srcset=\"https:\/\/noticiasmercedinas.com\/site\/wp-content\/uploads\/2022\/03\/municipalidad.jpg 586w, https:\/\/noticiasmercedinas.com\/site\/wp-content\/uploads\/2022\/03\/municipalidad-300x198.jpg 300w\" sizes=\"auto, (max-width: 640px) 100vw, 640px\" \/><\/p>\n<p>Los concejales pertenecientes al bloque de Juntos por el Cambio anunciaron su ausencia para dar quorum en la sesi\u00f3n extraordinaria convocada de manera urgente para este viernes a las 11:30. La convocatoria fue realizada por el Honorable Concejo Deliberante (HCD) a solicitud de vecinos autoconvocados interesados en obtener explicaciones de los ediles acerca del Decreto de Necesidad y Urgencia (DNU) firmado por Javier Milei, as\u00ed como las medidas adoptadas a nivel nacional.<\/p>\n<p>Ante la consulta de este medio, fuentes del bloque explicaron que la decisi\u00f3n de no asistir a la sesi\u00f3n se basa en la convicci\u00f3n de que la divisi\u00f3n de poderes est\u00e1 adecuadamente garantizada en el funcionamiento de las C\u00e1maras de Diputados y Senadores. Argumentaron que, m\u00e1s all\u00e1 de las diferencias de criterios y opiniones dentro de Juntos por el Cambio, est\u00e1n comprometidos en trabajar para darle el tratamiento constitucional que establece la Ley Magna al controvertido DNU.<\/p>\n<p>\u00abHoy no vamos a asistir a la sesi\u00f3n extraordinaria convocada solo para rechazar al DNU, porque entendemos que la divisi\u00f3n de poderes est\u00e1 garantizada en el funcionamiento de las C\u00e1maras de Diputados y Senadores\u00bb, expresaron los representantes de Juntos por el Cambio.<\/p>\n<p>Los concejales aseguran que est\u00e1n trabajando internamente para abordar el tema de manera responsable y ajustada al marco legal. \u00abLos representantes de los espacios pol\u00edticos que forman Juntos por el Cambio, que m\u00e1s all\u00e1 de que hay diferentes criterios y opiniones, est\u00e1n trabajando para darle el tratamiento constitucional que establece la Ley Magna\u00bb, afirmaron.<\/p>\n<p>Cabe destacar que este tipo de convocatorias no son exclusivas de Mercedes, ya que se han llevado a cabo en diversas ciudades de la provincia de Buenos Aires a lo largo de esta semana, evidenciando el inter\u00e9s y la preocupaci\u00f3n ciudadana respecto a las decisiones tomadas a nivel nacional.<\/p>\n","protected":false},"excerpt":{"rendered":"<p>\u25a0 La sesi\u00f3n ser\u00eda a las 11.30. Los concejales aseguran que est\u00e1n trabajando internamente para abordar el tema de manera responsable y ajustada al marco legal.<\/p>\n","protected":false},"author":16,"featured_media":86082,"comment_status":"closed","ping_status":"closed","sticky":false,"template":"","format":"standard","meta":{"footnotes":""},"categories":[16],"tags":[243,3667,14331],"class_list":["post-129114","post","type-post","status-publish","format-standard","has-post-thumbnail","hentry","category-politica","tag-concejo-deliberante","tag-dnu","tag-javier-milei"],"yoast_head":"<!-- This site is optimized with the Yoast SEO plugin v27.5 - https:\/\/yoast.com\/product\/yoast-seo-wordpress\/ -->\n<title>Juntos por el Cambio anunci\u00f3 su ausencia en sesi\u00f3n extraordinaria por DNU<\/title>\n<meta name=\"robots\" content=\"index, follow, max-snippet:-1, max-image-preview:large, max-video-preview:-1\" \/>\n<link rel=\"canonical\" href=\"https:\/\/noticiasmercedinas.com\/site\/2023\/12\/29\/juntos-por-el-cambio-anuncio-su-ausencia-en-sesion-extraordinaria-por-dnu\/\" \/>\n<meta property=\"og:locale\" content=\"es_ES\" \/>\n<meta property=\"og:type\" content=\"article\" \/>\n<meta property=\"og:title\" content=\"Juntos por el Cambio anunci\u00f3 su ausencia en sesi\u00f3n extraordinaria por DNU\" \/>\n<meta property=\"og:description\" content=\"\u25a0 La sesi\u00f3n ser\u00eda a las 11.30. Los concejales aseguran que est\u00e1n trabajando internamente para abordar el tema de manera responsable y ajustada al marco legal.\" \/>\n<meta property=\"og:url\" content=\"https:\/\/noticiasmercedinas.com\/site\/2023\/12\/29\/juntos-por-el-cambio-anuncio-su-ausencia-en-sesion-extraordinaria-por-dnu\/\" \/>\n<meta property=\"og:site_name\" content=\"NOTICIASMERCEDINAS.COM\" \/>\n<meta property=\"article:publisher\" content=\"https:\/\/www.facebook.com\/noticiasmercedinas\/\" \/>\n<meta property=\"article:published_time\" content=\"2023-12-29T14:32:46+00:00\" \/>\n<meta property=\"og:image\" content=\"https:\/\/noticiasmercedinas.com\/site\/wp-content\/uploads\/2022\/03\/municipalidad.jpg\" \/>\n\t<meta property=\"og:image:width\" content=\"586\" \/>\n\t<meta property=\"og:image:height\" content=\"386\" \/>\n\t<meta property=\"og:image:type\" content=\"image\/jpeg\" \/>\n<meta name=\"author\" content=\"NOTICIASMERCEDINAS.COM\" \/>\n<meta name=\"twitter:card\" content=\"summary_large_image\" \/>\n<meta name=\"twitter:creator\" content=\"@notmercedinas\" \/>\n<meta name=\"twitter:site\" content=\"@notmercedinas\" \/>\n<meta name=\"twitter:label1\" content=\"Escrito por\" \/>\n\t<meta name=\"twitter:data1\" content=\"NOTICIASMERCEDINAS.COM\" \/>\n\t<meta name=\"twitter:label2\" content=\"Tiempo de lectura\" \/>\n\t<meta name=\"twitter:data2\" content=\"2 minutos\" \/>\n<script type=\"application\/ld+json\" class=\"yoast-schema-graph\">{\"@context\":\"https:\\\/\\\/schema.org\",\"@graph\":[{\"@type\":\"Article\",\"@id\":\"https:\\\/\\\/noticiasmercedinas.com\\\/site\\\/2023\\\/12\\\/29\\\/juntos-por-el-cambio-anuncio-su-ausencia-en-sesion-extraordinaria-por-dnu\\\/#article\",\"isPartOf\":{\"@id\":\"https:\\\/\\\/noticiasmercedinas.com\\\/site\\\/2023\\\/12\\\/29\\\/juntos-por-el-cambio-anuncio-su-ausencia-en-sesion-extraordinaria-por-dnu\\\/\"},\"author\":{\"name\":\"NOTICIASMERCEDINAS.COM\",\"@id\":\"https:\\\/\\\/noticiasmercedinas.com\\\/site\\\/#\\\/schema\\\/person\\\/84b59c099c28ff2e8b77d4ceec5d8063\"},\"headline\":\"Juntos por el Cambio anunci\u00f3 su ausencia en sesi\u00f3n extraordinaria por DNU\",\"datePublished\":\"2023-12-29T14:32:46+00:00\",\"mainEntityOfPage\":{\"@id\":\"https:\\\/\\\/noticiasmercedinas.com\\\/site\\\/2023\\\/12\\\/29\\\/juntos-por-el-cambio-anuncio-su-ausencia-en-sesion-extraordinaria-por-dnu\\\/\"},\"wordCount\":323,\"publisher\":{\"@id\":\"https:\\\/\\\/noticiasmercedinas.com\\\/site\\\/#organization\"},\"image\":{\"@id\":\"https:\\\/\\\/noticiasmercedinas.com\\\/site\\\/2023\\\/12\\\/29\\\/juntos-por-el-cambio-anuncio-su-ausencia-en-sesion-extraordinaria-por-dnu\\\/#primaryimage\"},\"thumbnailUrl\":\"https:\\\/\\\/noticiasmercedinas.com\\\/site\\\/wp-content\\\/uploads\\\/2022\\\/03\\\/municipalidad.jpg\",\"keywords\":[\"concejo deliberante\",\"dnu\",\"Javier Milei\"],\"articleSection\":[\"Politica\"],\"inLanguage\":\"es\"},{\"@type\":\"WebPage\",\"@id\":\"https:\\\/\\\/noticiasmercedinas.com\\\/site\\\/2023\\\/12\\\/29\\\/juntos-por-el-cambio-anuncio-su-ausencia-en-sesion-extraordinaria-por-dnu\\\/\",\"url\":\"https:\\\/\\\/noticiasmercedinas.com\\\/site\\\/2023\\\/12\\\/29\\\/juntos-por-el-cambio-anuncio-su-ausencia-en-sesion-extraordinaria-por-dnu\\\/\",\"name\":\"Juntos por el Cambio anunci\u00f3 su ausencia en sesi\u00f3n extraordinaria por DNU\",\"isPartOf\":{\"@id\":\"https:\\\/\\\/noticiasmercedinas.com\\\/site\\\/#website\"},\"primaryImageOfPage\":{\"@id\":\"https:\\\/\\\/noticiasmercedinas.com\\\/site\\\/2023\\\/12\\\/29\\\/juntos-por-el-cambio-anuncio-su-ausencia-en-sesion-extraordinaria-por-dnu\\\/#primaryimage\"},\"image\":{\"@id\":\"https:\\\/\\\/noticiasmercedinas.com\\\/site\\\/2023\\\/12\\\/29\\\/juntos-por-el-cambio-anuncio-su-ausencia-en-sesion-extraordinaria-por-dnu\\\/#primaryimage\"},\"thumbnailUrl\":\"https:\\\/\\\/noticiasmercedinas.com\\\/site\\\/wp-content\\\/uploads\\\/2022\\\/03\\\/municipalidad.jpg\",\"datePublished\":\"2023-12-29T14:32:46+00:00\",\"breadcrumb\":{\"@id\":\"https:\\\/\\\/noticiasmercedinas.com\\\/site\\\/2023\\\/12\\\/29\\\/juntos-por-el-cambio-anuncio-su-ausencia-en-sesion-extraordinaria-por-dnu\\\/#breadcrumb\"},\"inLanguage\":\"es\",\"potentialAction\":[{\"@type\":\"ReadAction\",\"target\":[\"https:\\\/\\\/noticiasmercedinas.com\\\/site\\\/2023\\\/12\\\/29\\\/juntos-por-el-cambio-anuncio-su-ausencia-en-sesion-extraordinaria-por-dnu\\\/\"]}]},{\"@type\":\"ImageObject\",\"inLanguage\":\"es\",\"@id\":\"https:\\\/\\\/noticiasmercedinas.com\\\/site\\\/2023\\\/12\\\/29\\\/juntos-por-el-cambio-anuncio-su-ausencia-en-sesion-extraordinaria-por-dnu\\\/#primaryimage\",\"url\":\"https:\\\/\\\/noticiasmercedinas.com\\\/site\\\/wp-content\\\/uploads\\\/2022\\\/03\\\/municipalidad.jpg\",\"contentUrl\":\"https:\\\/\\\/noticiasmercedinas.com\\\/site\\\/wp-content\\\/uploads\\\/2022\\\/03\\\/municipalidad.jpg\",\"width\":586,\"height\":386},{\"@type\":\"BreadcrumbList\",\"@id\":\"https:\\\/\\\/noticiasmercedinas.com\\\/site\\\/2023\\\/12\\\/29\\\/juntos-por-el-cambio-anuncio-su-ausencia-en-sesion-extraordinaria-por-dnu\\\/#breadcrumb\",\"itemListElement\":[{\"@type\":\"ListItem\",\"position\":1,\"name\":\"Portada\",\"item\":\"https:\\\/\\\/noticiasmercedinas.com\\\/site\\\/\"},{\"@type\":\"ListItem\",\"position\":2,\"name\":\"Juntos por el Cambio anunci\u00f3 su ausencia en sesi\u00f3n extraordinaria por DNU\"}]},{\"@type\":\"WebSite\",\"@id\":\"https:\\\/\\\/noticiasmercedinas.com\\\/site\\\/#website\",\"url\":\"https:\\\/\\\/noticiasmercedinas.com\\\/site\\\/\",\"name\":\"NOTICIASMERCEDINAS.COM\",\"description\":\"Mercedes, Buenos Aires, Argentina\",\"publisher\":{\"@id\":\"https:\\\/\\\/noticiasmercedinas.com\\\/site\\\/#organization\"},\"potentialAction\":[{\"@type\":\"SearchAction\",\"target\":{\"@type\":\"EntryPoint\",\"urlTemplate\":\"https:\\\/\\\/noticiasmercedinas.com\\\/site\\\/?s={search_term_string}\"},\"query-input\":{\"@type\":\"PropertyValueSpecification\",\"valueRequired\":true,\"valueName\":\"search_term_string\"}}],\"inLanguage\":\"es\"},{\"@type\":\"Organization\",\"@id\":\"https:\\\/\\\/noticiasmercedinas.com\\\/site\\\/#organization\",\"name\":\"NOTICIASMERCEDINAS.COM\",\"url\":\"https:\\\/\\\/noticiasmercedinas.com\\\/site\\\/\",\"logo\":{\"@type\":\"ImageObject\",\"inLanguage\":\"es\",\"@id\":\"https:\\\/\\\/noticiasmercedinas.com\\\/site\\\/#\\\/schema\\\/logo\\\/image\\\/\",\"url\":\"https:\\\/\\\/noticiasmercedinas.com\\\/site\\\/wp-content\\\/uploads\\\/2020\\\/06\\\/LOGO-512.jpg\",\"contentUrl\":\"https:\\\/\\\/noticiasmercedinas.com\\\/site\\\/wp-content\\\/uploads\\\/2020\\\/06\\\/LOGO-512.jpg\",\"width\":512,\"height\":512,\"caption\":\"NOTICIASMERCEDINAS.COM\"},\"image\":{\"@id\":\"https:\\\/\\\/noticiasmercedinas.com\\\/site\\\/#\\\/schema\\\/logo\\\/image\\\/\"},\"sameAs\":[\"https:\\\/\\\/www.facebook.com\\\/noticiasmercedinas\\\/\",\"https:\\\/\\\/x.com\\\/notmercedinas\",\"https:\\\/\\\/www.instagram.com\\\/noticiasmercedinas\\\/\"]},{\"@type\":\"Person\",\"@id\":\"https:\\\/\\\/noticiasmercedinas.com\\\/site\\\/#\\\/schema\\\/person\\\/84b59c099c28ff2e8b77d4ceec5d8063\",\"name\":\"NOTICIASMERCEDINAS.COM\",\"image\":{\"@type\":\"ImageObject\",\"inLanguage\":\"es\",\"@id\":\"https:\\\/\\\/secure.gravatar.com\\\/avatar\\\/4dfbf16b4d17945bfb6341b2d19043457132fcf478a5ee04f42e959fd8f5df0a?s=96&d=mm&r=g\",\"url\":\"https:\\\/\\\/secure.gravatar.com\\\/avatar\\\/4dfbf16b4d17945bfb6341b2d19043457132fcf478a5ee04f42e959fd8f5df0a?s=96&d=mm&r=g\",\"contentUrl\":\"https:\\\/\\\/secure.gravatar.com\\\/avatar\\\/4dfbf16b4d17945bfb6341b2d19043457132fcf478a5ee04f42e959fd8f5df0a?s=96&d=mm&r=g\",\"caption\":\"NOTICIASMERCEDINAS.COM\"},\"url\":\"https:\\\/\\\/noticiasmercedinas.com\\\/site\\\/author\\\/anonimo\\\/\"}]}<\/script>\n<!-- \/ Yoast SEO plugin. -->","yoast_head_json":{"title":"Juntos por el Cambio anunci\u00f3 su ausencia en sesi\u00f3n extraordinaria por DNU","robots":{"index":"index","follow":"follow","max-snippet":"max-snippet:-1","max-image-preview":"max-image-preview:large","max-video-preview":"max-video-preview:-1"},"canonical":"https:\/\/noticiasmercedinas.com\/site\/2023\/12\/29\/juntos-por-el-cambio-anuncio-su-ausencia-en-sesion-extraordinaria-por-dnu\/","og_locale":"es_ES","og_type":"article","og_title":"Juntos por el Cambio anunci\u00f3 su ausencia en sesi\u00f3n extraordinaria por DNU","og_description":"\u25a0 La sesi\u00f3n ser\u00eda a las 11.30. Los concejales aseguran que est\u00e1n trabajando internamente para abordar el tema de manera responsable y ajustada al marco legal.","og_url":"https:\/\/noticiasmercedinas.com\/site\/2023\/12\/29\/juntos-por-el-cambio-anuncio-su-ausencia-en-sesion-extraordinaria-por-dnu\/","og_site_name":"NOTICIASMERCEDINAS.COM","article_publisher":"https:\/\/www.facebook.com\/noticiasmercedinas\/","article_published_time":"2023-12-29T14:32:46+00:00","og_image":[{"width":586,"height":386,"url":"https:\/\/noticiasmercedinas.com\/site\/wp-content\/uploads\/2022\/03\/municipalidad.jpg","type":"image\/jpeg"}],"author":"NOTICIASMERCEDINAS.COM","twitter_card":"summary_large_image","twitter_creator":"@notmercedinas","twitter_site":"@notmercedinas","twitter_misc":{"Escrito por":"NOTICIASMERCEDINAS.COM","Tiempo de lectura":"2 minutos"},"schema":{"@context":"https:\/\/schema.org","@graph":[{"@type":"Article","@id":"https:\/\/noticiasmercedinas.com\/site\/2023\/12\/29\/juntos-por-el-cambio-anuncio-su-ausencia-en-sesion-extraordinaria-por-dnu\/#article","isPartOf":{"@id":"https:\/\/noticiasmercedinas.com\/site\/2023\/12\/29\/juntos-por-el-cambio-anuncio-su-ausencia-en-sesion-extraordinaria-por-dnu\/"},"author":{"name":"NOTICIASMERCEDINAS.COM","@id":"https:\/\/noticiasmercedinas.com\/site\/#\/schema\/person\/84b59c099c28ff2e8b77d4ceec5d8063"},"headline":"Juntos por el Cambio anunci\u00f3 su ausencia en sesi\u00f3n extraordinaria por DNU","datePublished":"2023-12-29T14:32:46+00:00","mainEntityOfPage":{"@id":"https:\/\/noticiasmercedinas.com\/site\/2023\/12\/29\/juntos-por-el-cambio-anuncio-su-ausencia-en-sesion-extraordinaria-por-dnu\/"},"wordCount":323,"publisher":{"@id":"https:\/\/noticiasmercedinas.com\/site\/#organization"},"image":{"@id":"https:\/\/noticiasmercedinas.com\/site\/2023\/12\/29\/juntos-por-el-cambio-anuncio-su-ausencia-en-sesion-extraordinaria-por-dnu\/#primaryimage"},"thumbnailUrl":"https:\/\/noticiasmercedinas.com\/site\/wp-content\/uploads\/2022\/03\/municipalidad.jpg","keywords":["concejo deliberante","dnu","Javier Milei"],"articleSection":["Politica"],"inLanguage":"es"},{"@type":"WebPage","@id":"https:\/\/noticiasmercedinas.com\/site\/2023\/12\/29\/juntos-por-el-cambio-anuncio-su-ausencia-en-sesion-extraordinaria-por-dnu\/","url":"https:\/\/noticiasmercedinas.com\/site\/2023\/12\/29\/juntos-por-el-cambio-anuncio-su-ausencia-en-sesion-extraordinaria-por-dnu\/","name":"Juntos por el Cambio anunci\u00f3 su ausencia en sesi\u00f3n extraordinaria por DNU","isPartOf":{"@id":"https:\/\/noticiasmercedinas.com\/site\/#website"},"primaryImageOfPage":{"@id":"https:\/\/noticiasmercedinas.com\/site\/2023\/12\/29\/juntos-por-el-cambio-anuncio-su-ausencia-en-sesion-extraordinaria-por-dnu\/#primaryimage"},"image":{"@id":"https:\/\/noticiasmercedinas.com\/site\/2023\/12\/29\/juntos-por-el-cambio-anuncio-su-ausencia-en-sesion-extraordinaria-por-dnu\/#primaryimage"},"thumbnailUrl":"https:\/\/noticiasmercedinas.com\/site\/wp-content\/uploads\/2022\/03\/municipalidad.jpg","datePublished":"2023-12-29T14:32:46+00:00","breadcrumb":{"@id":"https:\/\/noticiasmercedinas.com\/site\/2023\/12\/29\/juntos-por-el-cambio-anuncio-su-ausencia-en-sesion-extraordinaria-por-dnu\/#breadcrumb"},"inLanguage":"es","potentialAction":[{"@type":"ReadAction","target":["https:\/\/noticiasmercedinas.com\/site\/2023\/12\/29\/juntos-por-el-cambio-anuncio-su-ausencia-en-sesion-extraordinaria-por-dnu\/"]}]},{"@type":"ImageObject","inLanguage":"es","@id":"https:\/\/noticiasmercedinas.com\/site\/2023\/12\/29\/juntos-por-el-cambio-anuncio-su-ausencia-en-sesion-extraordinaria-por-dnu\/#primaryimage","url":"https:\/\/noticiasmercedinas.com\/site\/wp-content\/uploads\/2022\/03\/municipalidad.jpg","contentUrl":"https:\/\/noticiasmercedinas.com\/site\/wp-content\/uploads\/2022\/03\/municipalidad.jpg","width":586,"height":386},{"@type":"BreadcrumbList","@id":"https:\/\/noticiasmercedinas.com\/site\/2023\/12\/29\/juntos-por-el-cambio-anuncio-su-ausencia-en-sesion-extraordinaria-por-dnu\/#breadcrumb","itemListElement":[{"@type":"ListItem","position":1,"name":"Portada","item":"https:\/\/noticiasmercedinas.com\/site\/"},{"@type":"ListItem","position":2,"name":"Juntos por el Cambio anunci\u00f3 su ausencia en sesi\u00f3n extraordinaria por DNU"}]},{"@type":"WebSite","@id":"https:\/\/noticiasmercedinas.com\/site\/#website","url":"https:\/\/noticiasmercedinas.com\/site\/","name":"NOTICIASMERCEDINAS.COM","description":"Mercedes, Buenos Aires, Argentina","publisher":{"@id":"https:\/\/noticiasmercedinas.com\/site\/#organization"},"potentialAction":[{"@type":"SearchAction","target":{"@type":"EntryPoint","urlTemplate":"https:\/\/noticiasmercedinas.com\/site\/?s={search_term_string}"},"query-input":{"@type":"PropertyValueSpecification","valueRequired":true,"valueName":"search_term_string"}}],"inLanguage":"es"},{"@type":"Organization","@id":"https:\/\/noticiasmercedinas.com\/site\/#organization","name":"NOTICIASMERCEDINAS.COM","url":"https:\/\/noticiasmercedinas.com\/site\/","logo":{"@type":"ImageObject","inLanguage":"es","@id":"https:\/\/noticiasmercedinas.com\/site\/#\/schema\/logo\/image\/","url":"https:\/\/noticiasmercedinas.com\/site\/wp-content\/uploads\/2020\/06\/LOGO-512.jpg","contentUrl":"https:\/\/noticiasmercedinas.com\/site\/wp-content\/uploads\/2020\/06\/LOGO-512.jpg","width":512,"height":512,"caption":"NOTICIASMERCEDINAS.COM"},"image":{"@id":"https:\/\/noticiasmercedinas.com\/site\/#\/schema\/logo\/image\/"},"sameAs":["https:\/\/www.facebook.com\/noticiasmercedinas\/","https:\/\/x.com\/notmercedinas","https:\/\/www.instagram.com\/noticiasmercedinas\/"]},{"@type":"Person","@id":"https:\/\/noticiasmercedinas.com\/site\/#\/schema\/person\/84b59c099c28ff2e8b77d4ceec5d8063","name":"NOTICIASMERCEDINAS.COM","image":{"@type":"ImageObject","inLanguage":"es","@id":"https:\/\/secure.gravatar.com\/avatar\/4dfbf16b4d17945bfb6341b2d19043457132fcf478a5ee04f42e959fd8f5df0a?s=96&d=mm&r=g","url":"https:\/\/secure.gravatar.com\/avatar\/4dfbf16b4d17945bfb6341b2d19043457132fcf478a5ee04f42e959fd8f5df0a?s=96&d=mm&r=g","contentUrl":"https:\/\/secure.gravatar.com\/avatar\/4dfbf16b4d17945bfb6341b2d19043457132fcf478a5ee04f42e959fd8f5df0a?s=96&d=mm&r=g","caption":"NOTICIASMERCEDINAS.COM"},"url":"https:\/\/noticiasmercedinas.com\/site\/author\/anonimo\/"}]}},"amp_enabled":true,"_links":{"self":[{"href":"https:\/\/noticiasmercedinas.com\/site\/wp-json\/wp\/v2\/posts\/129114","targetHints":{"allow":["GET"]}}],"collection":[{"href":"https:\/\/noticiasmercedinas.com\/site\/wp-json\/wp\/v2\/posts"}],"about":[{"href":"https:\/\/noticiasmercedinas.com\/site\/wp-json\/wp\/v2\/types\/post"}],"author":[{"embeddable":true,"href":"https:\/\/noticiasmercedinas.com\/site\/wp-json\/wp\/v2\/users\/16"}],"replies":[{"embeddable":true,"href":"https:\/\/noticiasmercedinas.com\/site\/wp-json\/wp\/v2\/comments?post=129114"}],"version-history":[{"count":1,"href":"https:\/\/noticiasmercedinas.com\/site\/wp-json\/wp\/v2\/posts\/129114\/revisions"}],"predecessor-version":[{"id":129115,"href":"https:\/\/noticiasmercedinas.com\/site\/wp-json\/wp\/v2\/posts\/129114\/revisions\/129115"}],"wp:featuredmedia":[{"embeddable":true,"href":"https:\/\/noticiasmercedinas.com\/site\/wp-json\/wp\/v2\/media\/86082"}],"wp:attachment":[{"href":"https:\/\/noticiasmercedinas.com\/site\/wp-json\/wp\/v2\/media?parent=129114"}],"wp:term":[{"taxonomy":"category","embeddable":true,"href":"https:\/\/noticiasmercedinas.com\/site\/wp-json\/wp\/v2\/categories?post=129114"},{"taxonomy":"post_tag","embeddable":true,"href":"https:\/\/noticiasmercedinas.com\/site\/wp-json\/wp\/v2\/tags?post=129114"}],"curies":[{"name":"wp","href":"https:\/\/api.w.org\/{rel}","templated":true}]}}