{"id":129123,"date":"2023-12-29T16:10:07","date_gmt":"2023-12-29T19:10:07","guid":{"rendered":"https:\/\/noticiasmercedinas.com\/site\/?p=129123"},"modified":"2023-12-29T16:10:07","modified_gmt":"2023-12-29T19:10:07","slug":"inaugurada-en-mercedes-la-primera-casa-asistida-de-la-region-sanitaria-para-el-abordaje-de-la-salud-mental","status":"publish","type":"post","link":"https:\/\/noticiasmercedinas.com\/site\/2023\/12\/29\/inaugurada-en-mercedes-la-primera-casa-asistida-de-la-region-sanitaria-para-el-abordaje-de-la-salud-mental\/","title":{"rendered":"Inaugurada en Mercedes la primera \u00abCasa Asistida\u00bb de la regi\u00f3n sanitaria para el abordaje de la salud mental"},"content":{"rendered":"<p><img loading=\"lazy\" decoding=\"async\" class=\"alignnone size-large wp-image-129127\" src=\"https:\/\/noticiasmercedinas.com\/site\/wp-content\/uploads\/2023\/12\/414869828_775260211312208_5693882261831396915_n-1024x683.jpg\" alt=\"\" width=\"640\" height=\"427\" srcset=\"https:\/\/noticiasmercedinas.com\/site\/wp-content\/uploads\/2023\/12\/414869828_775260211312208_5693882261831396915_n-1024x683.jpg 1024w, https:\/\/noticiasmercedinas.com\/site\/wp-content\/uploads\/2023\/12\/414869828_775260211312208_5693882261831396915_n-300x200.jpg 300w, https:\/\/noticiasmercedinas.com\/site\/wp-content\/uploads\/2023\/12\/414869828_775260211312208_5693882261831396915_n-768x512.jpg 768w, https:\/\/noticiasmercedinas.com\/site\/wp-content\/uploads\/2023\/12\/414869828_775260211312208_5693882261831396915_n-1536x1024.jpg 1536w, https:\/\/noticiasmercedinas.com\/site\/wp-content\/uploads\/2023\/12\/414869828_775260211312208_5693882261831396915_n-640x427.jpg 640w, https:\/\/noticiasmercedinas.com\/site\/wp-content\/uploads\/2023\/12\/414869828_775260211312208_5693882261831396915_n-1280x853.jpg 1280w, https:\/\/noticiasmercedinas.com\/site\/wp-content\/uploads\/2023\/12\/414869828_775260211312208_5693882261831396915_n-681x454.jpg 681w, https:\/\/noticiasmercedinas.com\/site\/wp-content\/uploads\/2023\/12\/414869828_775260211312208_5693882261831396915_n-1362x908.jpg 1362w, https:\/\/noticiasmercedinas.com\/site\/wp-content\/uploads\/2023\/12\/414869828_775260211312208_5693882261831396915_n.jpg 2048w\" sizes=\"auto, (max-width: 640px) 100vw, 640px\" \/><\/p>\n<p>A contrapelo con la tendencia nacional de reducci\u00f3n de dispositivos y disminuci\u00f3n del rol estatal, la ciudad de Mercedes celebr\u00f3 hoy la apertura de un innovador espacio destinado al cuidado de la salud mental.<\/p>\n<p>Esta ma\u00f1ana, el intendente <strong>Juan Ustarroz<\/strong>, acompa\u00f1ado por el secretario de Salud, <strong>N\u00e9stor Pisapia<\/strong>, y otros destacados referentes del \u00e1rea, fue parte de la inauguraci\u00f3n de la primera \u00abCasa Asistida\u00bb de la regi\u00f3n sanitaria.<\/p>\n<p>Este nuevo espacio emerge como una respuesta concreta a la necesidad de brindar atenci\u00f3n y apoyo a las personas que requieren cuidados espec\u00edficos en el \u00e1mbito de la salud mental.<\/p>\n<p>La \u00abCasa Asistida\u00bb se presenta como un entorno propicio para el abordaje integral de la salud mental, donde los usuarios de dispositivos de salud podr\u00e1n convivir y recuperar su autonom\u00eda bajo el amparo del Estado, en concordancia con la legislaci\u00f3n de Salud Mental vigente. La iniciativa busca proporcionar un lugar seguro y acogedor, donde las personas puedan recibir el tratamiento y la atenci\u00f3n necesarios para su bienestar emocional y psicol\u00f3gico.<\/p>\n<p><img loading=\"lazy\" decoding=\"async\" class=\"alignnone size-large wp-image-129128\" src=\"https:\/\/noticiasmercedinas.com\/site\/wp-content\/uploads\/2023\/12\/414867432_775259937978902_676227795928602710_n-1024x683.jpg\" alt=\"\" width=\"640\" height=\"427\" srcset=\"https:\/\/noticiasmercedinas.com\/site\/wp-content\/uploads\/2023\/12\/414867432_775259937978902_676227795928602710_n-1024x683.jpg 1024w, https:\/\/noticiasmercedinas.com\/site\/wp-content\/uploads\/2023\/12\/414867432_775259937978902_676227795928602710_n-300x200.jpg 300w, https:\/\/noticiasmercedinas.com\/site\/wp-content\/uploads\/2023\/12\/414867432_775259937978902_676227795928602710_n-768x512.jpg 768w, https:\/\/noticiasmercedinas.com\/site\/wp-content\/uploads\/2023\/12\/414867432_775259937978902_676227795928602710_n-1536x1024.jpg 1536w, https:\/\/noticiasmercedinas.com\/site\/wp-content\/uploads\/2023\/12\/414867432_775259937978902_676227795928602710_n-640x427.jpg 640w, https:\/\/noticiasmercedinas.com\/site\/wp-content\/uploads\/2023\/12\/414867432_775259937978902_676227795928602710_n-1280x853.jpg 1280w, https:\/\/noticiasmercedinas.com\/site\/wp-content\/uploads\/2023\/12\/414867432_775259937978902_676227795928602710_n-681x454.jpg 681w, https:\/\/noticiasmercedinas.com\/site\/wp-content\/uploads\/2023\/12\/414867432_775259937978902_676227795928602710_n-1362x908.jpg 1362w, https:\/\/noticiasmercedinas.com\/site\/wp-content\/uploads\/2023\/12\/414867432_775259937978902_676227795928602710_n.jpg 2048w\" sizes=\"auto, (max-width: 640px) 100vw, 640px\" \/><\/p>\n<blockquote><p>La iniciativa busca proporcionar un lugar seguro y acogedor, donde las personas puedan recibir el tratamiento y la atenci\u00f3n necesarios para su bienestar emocional y psicol\u00f3gico.<\/p><\/blockquote>\n<p>En el acto de inauguraci\u00f3n, se destac\u00f3 la presencia y el respaldo de la Subsecretaria de Salud Mental, <strong>Julieta Calmels<\/strong>, y de referentes del Ministerio de Salud de la Provincia de Buenos Aires, quienes subrayaron la importancia de este proyecto en el marco de las pol\u00edticas de salud mental implementadas en la regi\u00f3n.<\/p>\n<p>El intendente Ustarroz expres\u00f3 su compromiso continuo con el bienestar de la comunidad de Mercedes y resalt\u00f3 la importancia de seguir apostando a iniciativas que fortalezcan el acceso a servicios de salud mental de calidad.<\/p>\n<p>La \u00abCasa Asistida\u00bb representa un avance significativo en la atenci\u00f3n y el tratamiento de la salud mental en la ciudad, consolidando a Mercedes como un referente en la implementaci\u00f3n de pol\u00edticas de cuidado integral.<\/p>\n<p>Con esta iniciativa, se espera contribuir a la construcci\u00f3n de una sociedad m\u00e1s inclusiva y comprometida con la salud emocional de sus habitantes.<\/p>\n<p><img loading=\"lazy\" decoding=\"async\" class=\"alignnone size-large wp-image-129126\" src=\"https:\/\/noticiasmercedinas.com\/site\/wp-content\/uploads\/2023\/12\/414869810_775260284645534_6798796133220993713_n-1024x683.jpg\" alt=\"\" width=\"640\" height=\"427\" srcset=\"https:\/\/noticiasmercedinas.com\/site\/wp-content\/uploads\/2023\/12\/414869810_775260284645534_6798796133220993713_n-1024x683.jpg 1024w, https:\/\/noticiasmercedinas.com\/site\/wp-content\/uploads\/2023\/12\/414869810_775260284645534_6798796133220993713_n-300x200.jpg 300w, https:\/\/noticiasmercedinas.com\/site\/wp-content\/uploads\/2023\/12\/414869810_775260284645534_6798796133220993713_n-768x512.jpg 768w, https:\/\/noticiasmercedinas.com\/site\/wp-content\/uploads\/2023\/12\/414869810_775260284645534_6798796133220993713_n-1536x1024.jpg 1536w, https:\/\/noticiasmercedinas.com\/site\/wp-content\/uploads\/2023\/12\/414869810_775260284645534_6798796133220993713_n-640x427.jpg 640w, https:\/\/noticiasmercedinas.com\/site\/wp-content\/uploads\/2023\/12\/414869810_775260284645534_6798796133220993713_n-1280x853.jpg 1280w, https:\/\/noticiasmercedinas.com\/site\/wp-content\/uploads\/2023\/12\/414869810_775260284645534_6798796133220993713_n-681x454.jpg 681w, https:\/\/noticiasmercedinas.com\/site\/wp-content\/uploads\/2023\/12\/414869810_775260284645534_6798796133220993713_n-1362x908.jpg 1362w, https:\/\/noticiasmercedinas.com\/site\/wp-content\/uploads\/2023\/12\/414869810_775260284645534_6798796133220993713_n.jpg 2048w\" sizes=\"auto, (max-width: 640px) 100vw, 640px\" \/><\/p>\n","protected":false},"excerpt":{"rendered":"<p>\u25a0 Representa un avance significativo en la atenci\u00f3n y el tratamiento de la salud mental en la ciudad, consolidando a Mercedes como un referente en la implementaci\u00f3n de pol\u00edticas de cuidado integral.<\/p>\n","protected":false},"author":16,"featured_media":129127,"comment_status":"closed","ping_status":"closed","sticky":false,"template":"","format":"standard","meta":{"footnotes":""},"categories":[3],"tags":[17769,10316,17768],"class_list":["post-129123","post","type-post","status-publish","format-standard","has-post-thumbnail","hentry","category-sociedad","tag-casa-asistida","tag-julieta-calmels","tag-salud-menstal"],"yoast_head":"<!-- This site is optimized with the Yoast SEO plugin v27.5 - https:\/\/yoast.com\/product\/yoast-seo-wordpress\/ -->\n<title>Inaugurada en Mercedes la primera &quot;Casa Asistida&quot; de la regi\u00f3n sanitaria para el abordaje de la salud mental<\/title>\n<meta name=\"robots\" content=\"index, follow, max-snippet:-1, max-image-preview:large, max-video-preview:-1\" \/>\n<link rel=\"canonical\" href=\"https:\/\/noticiasmercedinas.com\/site\/2023\/12\/29\/inaugurada-en-mercedes-la-primera-casa-asistida-de-la-region-sanitaria-para-el-abordaje-de-la-salud-mental\/\" \/>\n<meta property=\"og:locale\" content=\"es_ES\" \/>\n<meta property=\"og:type\" content=\"article\" \/>\n<meta property=\"og:title\" content=\"Inaugurada en Mercedes la primera &quot;Casa Asistida&quot; de la regi\u00f3n sanitaria para el abordaje de la salud mental\" \/>\n<meta property=\"og:description\" content=\"\u25a0 Representa un avance significativo en la atenci\u00f3n y el tratamiento de la salud mental en la ciudad, consolidando a Mercedes como un referente en la implementaci\u00f3n de pol\u00edticas de cuidado integral.\" \/>\n<meta property=\"og:url\" content=\"https:\/\/noticiasmercedinas.com\/site\/2023\/12\/29\/inaugurada-en-mercedes-la-primera-casa-asistida-de-la-region-sanitaria-para-el-abordaje-de-la-salud-mental\/\" \/>\n<meta property=\"og:site_name\" content=\"NOTICIASMERCEDINAS.COM\" \/>\n<meta property=\"article:publisher\" content=\"https:\/\/www.facebook.com\/noticiasmercedinas\/\" \/>\n<meta property=\"article:published_time\" content=\"2023-12-29T19:10:07+00:00\" \/>\n<meta property=\"og:image\" content=\"https:\/\/noticiasmercedinas.com\/site\/wp-content\/uploads\/2023\/12\/414869828_775260211312208_5693882261831396915_n.jpg\" \/>\n\t<meta property=\"og:image:width\" content=\"2048\" \/>\n\t<meta property=\"og:image:height\" content=\"1365\" \/>\n\t<meta property=\"og:image:type\" content=\"image\/jpeg\" \/>\n<meta name=\"author\" content=\"NOTICIASMERCEDINAS.COM\" \/>\n<meta name=\"twitter:card\" content=\"summary_large_image\" \/>\n<meta name=\"twitter:creator\" content=\"@notmercedinas\" \/>\n<meta name=\"twitter:site\" content=\"@notmercedinas\" \/>\n<meta name=\"twitter:label1\" content=\"Escrito por\" \/>\n\t<meta name=\"twitter:data1\" content=\"NOTICIASMERCEDINAS.COM\" \/>\n\t<meta name=\"twitter:label2\" content=\"Tiempo de lectura\" \/>\n\t<meta name=\"twitter:data2\" content=\"3 minutos\" \/>\n<script type=\"application\/ld+json\" class=\"yoast-schema-graph\">{\"@context\":\"https:\\\/\\\/schema.org\",\"@graph\":[{\"@type\":\"Article\",\"@id\":\"https:\\\/\\\/noticiasmercedinas.com\\\/site\\\/2023\\\/12\\\/29\\\/inaugurada-en-mercedes-la-primera-casa-asistida-de-la-region-sanitaria-para-el-abordaje-de-la-salud-mental\\\/#article\",\"isPartOf\":{\"@id\":\"https:\\\/\\\/noticiasmercedinas.com\\\/site\\\/2023\\\/12\\\/29\\\/inaugurada-en-mercedes-la-primera-casa-asistida-de-la-region-sanitaria-para-el-abordaje-de-la-salud-mental\\\/\"},\"author\":{\"name\":\"NOTICIASMERCEDINAS.COM\",\"@id\":\"https:\\\/\\\/noticiasmercedinas.com\\\/site\\\/#\\\/schema\\\/person\\\/84b59c099c28ff2e8b77d4ceec5d8063\"},\"headline\":\"Inaugurada en Mercedes la primera \u00abCasa Asistida\u00bb de la regi\u00f3n sanitaria para el abordaje de la salud mental\",\"datePublished\":\"2023-12-29T19:10:07+00:00\",\"mainEntityOfPage\":{\"@id\":\"https:\\\/\\\/noticiasmercedinas.com\\\/site\\\/2023\\\/12\\\/29\\\/inaugurada-en-mercedes-la-primera-casa-asistida-de-la-region-sanitaria-para-el-abordaje-de-la-salud-mental\\\/\"},\"wordCount\":382,\"publisher\":{\"@id\":\"https:\\\/\\\/noticiasmercedinas.com\\\/site\\\/#organization\"},\"image\":{\"@id\":\"https:\\\/\\\/noticiasmercedinas.com\\\/site\\\/2023\\\/12\\\/29\\\/inaugurada-en-mercedes-la-primera-casa-asistida-de-la-region-sanitaria-para-el-abordaje-de-la-salud-mental\\\/#primaryimage\"},\"thumbnailUrl\":\"https:\\\/\\\/noticiasmercedinas.com\\\/site\\\/wp-content\\\/uploads\\\/2023\\\/12\\\/414869828_775260211312208_5693882261831396915_n.jpg\",\"keywords\":[\"casa asistida\",\"julieta calmels\",\"salud menstal\"],\"articleSection\":[\"Sociedad\"],\"inLanguage\":\"es\"},{\"@type\":\"WebPage\",\"@id\":\"https:\\\/\\\/noticiasmercedinas.com\\\/site\\\/2023\\\/12\\\/29\\\/inaugurada-en-mercedes-la-primera-casa-asistida-de-la-region-sanitaria-para-el-abordaje-de-la-salud-mental\\\/\",\"url\":\"https:\\\/\\\/noticiasmercedinas.com\\\/site\\\/2023\\\/12\\\/29\\\/inaugurada-en-mercedes-la-primera-casa-asistida-de-la-region-sanitaria-para-el-abordaje-de-la-salud-mental\\\/\",\"name\":\"Inaugurada en Mercedes la primera \\\"Casa Asistida\\\" de la regi\u00f3n sanitaria para el abordaje de la salud mental\",\"isPartOf\":{\"@id\":\"https:\\\/\\\/noticiasmercedinas.com\\\/site\\\/#website\"},\"primaryImageOfPage\":{\"@id\":\"https:\\\/\\\/noticiasmercedinas.com\\\/site\\\/2023\\\/12\\\/29\\\/inaugurada-en-mercedes-la-primera-casa-asistida-de-la-region-sanitaria-para-el-abordaje-de-la-salud-mental\\\/#primaryimage\"},\"image\":{\"@id\":\"https:\\\/\\\/noticiasmercedinas.com\\\/site\\\/2023\\\/12\\\/29\\\/inaugurada-en-mercedes-la-primera-casa-asistida-de-la-region-sanitaria-para-el-abordaje-de-la-salud-mental\\\/#primaryimage\"},\"thumbnailUrl\":\"https:\\\/\\\/noticiasmercedinas.com\\\/site\\\/wp-content\\\/uploads\\\/2023\\\/12\\\/414869828_775260211312208_5693882261831396915_n.jpg\",\"datePublished\":\"2023-12-29T19:10:07+00:00\",\"breadcrumb\":{\"@id\":\"https:\\\/\\\/noticiasmercedinas.com\\\/site\\\/2023\\\/12\\\/29\\\/inaugurada-en-mercedes-la-primera-casa-asistida-de-la-region-sanitaria-para-el-abordaje-de-la-salud-mental\\\/#breadcrumb\"},\"inLanguage\":\"es\",\"potentialAction\":[{\"@type\":\"ReadAction\",\"target\":[\"https:\\\/\\\/noticiasmercedinas.com\\\/site\\\/2023\\\/12\\\/29\\\/inaugurada-en-mercedes-la-primera-casa-asistida-de-la-region-sanitaria-para-el-abordaje-de-la-salud-mental\\\/\"]}]},{\"@type\":\"ImageObject\",\"inLanguage\":\"es\",\"@id\":\"https:\\\/\\\/noticiasmercedinas.com\\\/site\\\/2023\\\/12\\\/29\\\/inaugurada-en-mercedes-la-primera-casa-asistida-de-la-region-sanitaria-para-el-abordaje-de-la-salud-mental\\\/#primaryimage\",\"url\":\"https:\\\/\\\/noticiasmercedinas.com\\\/site\\\/wp-content\\\/uploads\\\/2023\\\/12\\\/414869828_775260211312208_5693882261831396915_n.jpg\",\"contentUrl\":\"https:\\\/\\\/noticiasmercedinas.com\\\/site\\\/wp-content\\\/uploads\\\/2023\\\/12\\\/414869828_775260211312208_5693882261831396915_n.jpg\",\"width\":2048,\"height\":1365},{\"@type\":\"BreadcrumbList\",\"@id\":\"https:\\\/\\\/noticiasmercedinas.com\\\/site\\\/2023\\\/12\\\/29\\\/inaugurada-en-mercedes-la-primera-casa-asistida-de-la-region-sanitaria-para-el-abordaje-de-la-salud-mental\\\/#breadcrumb\",\"itemListElement\":[{\"@type\":\"ListItem\",\"position\":1,\"name\":\"Portada\",\"item\":\"https:\\\/\\\/noticiasmercedinas.com\\\/site\\\/\"},{\"@type\":\"ListItem\",\"position\":2,\"name\":\"Inaugurada en Mercedes la primera \u00abCasa Asistida\u00bb de la regi\u00f3n sanitaria para el abordaje de la salud mental\"}]},{\"@type\":\"WebSite\",\"@id\":\"https:\\\/\\\/noticiasmercedinas.com\\\/site\\\/#website\",\"url\":\"https:\\\/\\\/noticiasmercedinas.com\\\/site\\\/\",\"name\":\"NOTICIASMERCEDINAS.COM\",\"description\":\"Mercedes, Buenos Aires, Argentina\",\"publisher\":{\"@id\":\"https:\\\/\\\/noticiasmercedinas.com\\\/site\\\/#organization\"},\"potentialAction\":[{\"@type\":\"SearchAction\",\"target\":{\"@type\":\"EntryPoint\",\"urlTemplate\":\"https:\\\/\\\/noticiasmercedinas.com\\\/site\\\/?s={search_term_string}\"},\"query-input\":{\"@type\":\"PropertyValueSpecification\",\"valueRequired\":true,\"valueName\":\"search_term_string\"}}],\"inLanguage\":\"es\"},{\"@type\":\"Organization\",\"@id\":\"https:\\\/\\\/noticiasmercedinas.com\\\/site\\\/#organization\",\"name\":\"NOTICIASMERCEDINAS.COM\",\"url\":\"https:\\\/\\\/noticiasmercedinas.com\\\/site\\\/\",\"logo\":{\"@type\":\"ImageObject\",\"inLanguage\":\"es\",\"@id\":\"https:\\\/\\\/noticiasmercedinas.com\\\/site\\\/#\\\/schema\\\/logo\\\/image\\\/\",\"url\":\"https:\\\/\\\/noticiasmercedinas.com\\\/site\\\/wp-content\\\/uploads\\\/2020\\\/06\\\/LOGO-512.jpg\",\"contentUrl\":\"https:\\\/\\\/noticiasmercedinas.com\\\/site\\\/wp-content\\\/uploads\\\/2020\\\/06\\\/LOGO-512.jpg\",\"width\":512,\"height\":512,\"caption\":\"NOTICIASMERCEDINAS.COM\"},\"image\":{\"@id\":\"https:\\\/\\\/noticiasmercedinas.com\\\/site\\\/#\\\/schema\\\/logo\\\/image\\\/\"},\"sameAs\":[\"https:\\\/\\\/www.facebook.com\\\/noticiasmercedinas\\\/\",\"https:\\\/\\\/x.com\\\/notmercedinas\",\"https:\\\/\\\/www.instagram.com\\\/noticiasmercedinas\\\/\"]},{\"@type\":\"Person\",\"@id\":\"https:\\\/\\\/noticiasmercedinas.com\\\/site\\\/#\\\/schema\\\/person\\\/84b59c099c28ff2e8b77d4ceec5d8063\",\"name\":\"NOTICIASMERCEDINAS.COM\",\"image\":{\"@type\":\"ImageObject\",\"inLanguage\":\"es\",\"@id\":\"https:\\\/\\\/secure.gravatar.com\\\/avatar\\\/4dfbf16b4d17945bfb6341b2d19043457132fcf478a5ee04f42e959fd8f5df0a?s=96&d=mm&r=g\",\"url\":\"https:\\\/\\\/secure.gravatar.com\\\/avatar\\\/4dfbf16b4d17945bfb6341b2d19043457132fcf478a5ee04f42e959fd8f5df0a?s=96&d=mm&r=g\",\"contentUrl\":\"https:\\\/\\\/secure.gravatar.com\\\/avatar\\\/4dfbf16b4d17945bfb6341b2d19043457132fcf478a5ee04f42e959fd8f5df0a?s=96&d=mm&r=g\",\"caption\":\"NOTICIASMERCEDINAS.COM\"},\"url\":\"https:\\\/\\\/noticiasmercedinas.com\\\/site\\\/author\\\/anonimo\\\/\"}]}<\/script>\n<!-- \/ Yoast SEO plugin. -->","yoast_head_json":{"title":"Inaugurada en Mercedes la primera \"Casa Asistida\" de la regi\u00f3n sanitaria para el abordaje de la salud mental","robots":{"index":"index","follow":"follow","max-snippet":"max-snippet:-1","max-image-preview":"max-image-preview:large","max-video-preview":"max-video-preview:-1"},"canonical":"https:\/\/noticiasmercedinas.com\/site\/2023\/12\/29\/inaugurada-en-mercedes-la-primera-casa-asistida-de-la-region-sanitaria-para-el-abordaje-de-la-salud-mental\/","og_locale":"es_ES","og_type":"article","og_title":"Inaugurada en Mercedes la primera \"Casa Asistida\" de la regi\u00f3n sanitaria para el abordaje de la salud mental","og_description":"\u25a0 Representa un avance significativo en la atenci\u00f3n y el tratamiento de la salud mental en la ciudad, consolidando a Mercedes como un referente en la implementaci\u00f3n de pol\u00edticas de cuidado integral.","og_url":"https:\/\/noticiasmercedinas.com\/site\/2023\/12\/29\/inaugurada-en-mercedes-la-primera-casa-asistida-de-la-region-sanitaria-para-el-abordaje-de-la-salud-mental\/","og_site_name":"NOTICIASMERCEDINAS.COM","article_publisher":"https:\/\/www.facebook.com\/noticiasmercedinas\/","article_published_time":"2023-12-29T19:10:07+00:00","og_image":[{"width":2048,"height":1365,"url":"https:\/\/noticiasmercedinas.com\/site\/wp-content\/uploads\/2023\/12\/414869828_775260211312208_5693882261831396915_n.jpg","type":"image\/jpeg"}],"author":"NOTICIASMERCEDINAS.COM","twitter_card":"summary_large_image","twitter_creator":"@notmercedinas","twitter_site":"@notmercedinas","twitter_misc":{"Escrito por":"NOTICIASMERCEDINAS.COM","Tiempo de lectura":"3 minutos"},"schema":{"@context":"https:\/\/schema.org","@graph":[{"@type":"Article","@id":"https:\/\/noticiasmercedinas.com\/site\/2023\/12\/29\/inaugurada-en-mercedes-la-primera-casa-asistida-de-la-region-sanitaria-para-el-abordaje-de-la-salud-mental\/#article","isPartOf":{"@id":"https:\/\/noticiasmercedinas.com\/site\/2023\/12\/29\/inaugurada-en-mercedes-la-primera-casa-asistida-de-la-region-sanitaria-para-el-abordaje-de-la-salud-mental\/"},"author":{"name":"NOTICIASMERCEDINAS.COM","@id":"https:\/\/noticiasmercedinas.com\/site\/#\/schema\/person\/84b59c099c28ff2e8b77d4ceec5d8063"},"headline":"Inaugurada en Mercedes la primera \u00abCasa Asistida\u00bb de la regi\u00f3n sanitaria para el abordaje de la salud mental","datePublished":"2023-12-29T19:10:07+00:00","mainEntityOfPage":{"@id":"https:\/\/noticiasmercedinas.com\/site\/2023\/12\/29\/inaugurada-en-mercedes-la-primera-casa-asistida-de-la-region-sanitaria-para-el-abordaje-de-la-salud-mental\/"},"wordCount":382,"publisher":{"@id":"https:\/\/noticiasmercedinas.com\/site\/#organization"},"image":{"@id":"https:\/\/noticiasmercedinas.com\/site\/2023\/12\/29\/inaugurada-en-mercedes-la-primera-casa-asistida-de-la-region-sanitaria-para-el-abordaje-de-la-salud-mental\/#primaryimage"},"thumbnailUrl":"https:\/\/noticiasmercedinas.com\/site\/wp-content\/uploads\/2023\/12\/414869828_775260211312208_5693882261831396915_n.jpg","keywords":["casa asistida","julieta calmels","salud menstal"],"articleSection":["Sociedad"],"inLanguage":"es"},{"@type":"WebPage","@id":"https:\/\/noticiasmercedinas.com\/site\/2023\/12\/29\/inaugurada-en-mercedes-la-primera-casa-asistida-de-la-region-sanitaria-para-el-abordaje-de-la-salud-mental\/","url":"https:\/\/noticiasmercedinas.com\/site\/2023\/12\/29\/inaugurada-en-mercedes-la-primera-casa-asistida-de-la-region-sanitaria-para-el-abordaje-de-la-salud-mental\/","name":"Inaugurada en Mercedes la primera \"Casa Asistida\" de la regi\u00f3n sanitaria para el abordaje de la salud mental","isPartOf":{"@id":"https:\/\/noticiasmercedinas.com\/site\/#website"},"primaryImageOfPage":{"@id":"https:\/\/noticiasmercedinas.com\/site\/2023\/12\/29\/inaugurada-en-mercedes-la-primera-casa-asistida-de-la-region-sanitaria-para-el-abordaje-de-la-salud-mental\/#primaryimage"},"image":{"@id":"https:\/\/noticiasmercedinas.com\/site\/2023\/12\/29\/inaugurada-en-mercedes-la-primera-casa-asistida-de-la-region-sanitaria-para-el-abordaje-de-la-salud-mental\/#primaryimage"},"thumbnailUrl":"https:\/\/noticiasmercedinas.com\/site\/wp-content\/uploads\/2023\/12\/414869828_775260211312208_5693882261831396915_n.jpg","datePublished":"2023-12-29T19:10:07+00:00","breadcrumb":{"@id":"https:\/\/noticiasmercedinas.com\/site\/2023\/12\/29\/inaugurada-en-mercedes-la-primera-casa-asistida-de-la-region-sanitaria-para-el-abordaje-de-la-salud-mental\/#breadcrumb"},"inLanguage":"es","potentialAction":[{"@type":"ReadAction","target":["https:\/\/noticiasmercedinas.com\/site\/2023\/12\/29\/inaugurada-en-mercedes-la-primera-casa-asistida-de-la-region-sanitaria-para-el-abordaje-de-la-salud-mental\/"]}]},{"@type":"ImageObject","inLanguage":"es","@id":"https:\/\/noticiasmercedinas.com\/site\/2023\/12\/29\/inaugurada-en-mercedes-la-primera-casa-asistida-de-la-region-sanitaria-para-el-abordaje-de-la-salud-mental\/#primaryimage","url":"https:\/\/noticiasmercedinas.com\/site\/wp-content\/uploads\/2023\/12\/414869828_775260211312208_5693882261831396915_n.jpg","contentUrl":"https:\/\/noticiasmercedinas.com\/site\/wp-content\/uploads\/2023\/12\/414869828_775260211312208_5693882261831396915_n.jpg","width":2048,"height":1365},{"@type":"BreadcrumbList","@id":"https:\/\/noticiasmercedinas.com\/site\/2023\/12\/29\/inaugurada-en-mercedes-la-primera-casa-asistida-de-la-region-sanitaria-para-el-abordaje-de-la-salud-mental\/#breadcrumb","itemListElement":[{"@type":"ListItem","position":1,"name":"Portada","item":"https:\/\/noticiasmercedinas.com\/site\/"},{"@type":"ListItem","position":2,"name":"Inaugurada en Mercedes la primera \u00abCasa Asistida\u00bb de la regi\u00f3n sanitaria para el abordaje de la salud mental"}]},{"@type":"WebSite","@id":"https:\/\/noticiasmercedinas.com\/site\/#website","url":"https:\/\/noticiasmercedinas.com\/site\/","name":"NOTICIASMERCEDINAS.COM","description":"Mercedes, Buenos Aires, Argentina","publisher":{"@id":"https:\/\/noticiasmercedinas.com\/site\/#organization"},"potentialAction":[{"@type":"SearchAction","target":{"@type":"EntryPoint","urlTemplate":"https:\/\/noticiasmercedinas.com\/site\/?s={search_term_string}"},"query-input":{"@type":"PropertyValueSpecification","valueRequired":true,"valueName":"search_term_string"}}],"inLanguage":"es"},{"@type":"Organization","@id":"https:\/\/noticiasmercedinas.com\/site\/#organization","name":"NOTICIASMERCEDINAS.COM","url":"https:\/\/noticiasmercedinas.com\/site\/","logo":{"@type":"ImageObject","inLanguage":"es","@id":"https:\/\/noticiasmercedinas.com\/site\/#\/schema\/logo\/image\/","url":"https:\/\/noticiasmercedinas.com\/site\/wp-content\/uploads\/2020\/06\/LOGO-512.jpg","contentUrl":"https:\/\/noticiasmercedinas.com\/site\/wp-content\/uploads\/2020\/06\/LOGO-512.jpg","width":512,"height":512,"caption":"NOTICIASMERCEDINAS.COM"},"image":{"@id":"https:\/\/noticiasmercedinas.com\/site\/#\/schema\/logo\/image\/"},"sameAs":["https:\/\/www.facebook.com\/noticiasmercedinas\/","https:\/\/x.com\/notmercedinas","https:\/\/www.instagram.com\/noticiasmercedinas\/"]},{"@type":"Person","@id":"https:\/\/noticiasmercedinas.com\/site\/#\/schema\/person\/84b59c099c28ff2e8b77d4ceec5d8063","name":"NOTICIASMERCEDINAS.COM","image":{"@type":"ImageObject","inLanguage":"es","@id":"https:\/\/secure.gravatar.com\/avatar\/4dfbf16b4d17945bfb6341b2d19043457132fcf478a5ee04f42e959fd8f5df0a?s=96&d=mm&r=g","url":"https:\/\/secure.gravatar.com\/avatar\/4dfbf16b4d17945bfb6341b2d19043457132fcf478a5ee04f42e959fd8f5df0a?s=96&d=mm&r=g","contentUrl":"https:\/\/secure.gravatar.com\/avatar\/4dfbf16b4d17945bfb6341b2d19043457132fcf478a5ee04f42e959fd8f5df0a?s=96&d=mm&r=g","caption":"NOTICIASMERCEDINAS.COM"},"url":"https:\/\/noticiasmercedinas.com\/site\/author\/anonimo\/"}]}},"amp_enabled":true,"_links":{"self":[{"href":"https:\/\/noticiasmercedinas.com\/site\/wp-json\/wp\/v2\/posts\/129123","targetHints":{"allow":["GET"]}}],"collection":[{"href":"https:\/\/noticiasmercedinas.com\/site\/wp-json\/wp\/v2\/posts"}],"about":[{"href":"https:\/\/noticiasmercedinas.com\/site\/wp-json\/wp\/v2\/types\/post"}],"author":[{"embeddable":true,"href":"https:\/\/noticiasmercedinas.com\/site\/wp-json\/wp\/v2\/users\/16"}],"replies":[{"embeddable":true,"href":"https:\/\/noticiasmercedinas.com\/site\/wp-json\/wp\/v2\/comments?post=129123"}],"version-history":[{"count":1,"href":"https:\/\/noticiasmercedinas.com\/site\/wp-json\/wp\/v2\/posts\/129123\/revisions"}],"predecessor-version":[{"id":129129,"href":"https:\/\/noticiasmercedinas.com\/site\/wp-json\/wp\/v2\/posts\/129123\/revisions\/129129"}],"wp:featuredmedia":[{"embeddable":true,"href":"https:\/\/noticiasmercedinas.com\/site\/wp-json\/wp\/v2\/media\/129127"}],"wp:attachment":[{"href":"https:\/\/noticiasmercedinas.com\/site\/wp-json\/wp\/v2\/media?parent=129123"}],"wp:term":[{"taxonomy":"category","embeddable":true,"href":"https:\/\/noticiasmercedinas.com\/site\/wp-json\/wp\/v2\/categories?post=129123"},{"taxonomy":"post_tag","embeddable":true,"href":"https:\/\/noticiasmercedinas.com\/site\/wp-json\/wp\/v2\/tags?post=129123"}],"curies":[{"name":"wp","href":"https:\/\/api.w.org\/{rel}","templated":true}]}}