{"id":129142,"date":"2023-12-29T18:02:23","date_gmt":"2023-12-29T21:02:23","guid":{"rendered":"https:\/\/noticiasmercedinas.com\/site\/?p=129142"},"modified":"2023-12-30T14:11:45","modified_gmt":"2023-12-30T17:11:45","slug":"vamos-a-venir-a-cada-sesion-a-presentarnos-indicaron-los-vecinos-tras-fata-de-quorum","status":"publish","type":"post","link":"https:\/\/noticiasmercedinas.com\/site\/2023\/12\/29\/vamos-a-venir-a-cada-sesion-a-presentarnos-indicaron-los-vecinos-tras-fata-de-quorum\/","title":{"rendered":"\u00abVamos a venir a cada sesi\u00f3n a presentarnos\u00bb, indicaron los vecinos tras falta de qu\u00f3rum"},"content":{"rendered":"<p><img loading=\"lazy\" decoding=\"async\" class=\"alignnone size-large wp-image-129144\" src=\"https:\/\/noticiasmercedinas.com\/site\/wp-content\/uploads\/2023\/12\/VECINA1.jpg\" alt=\"\" width=\"640\" height=\"354\" srcset=\"https:\/\/noticiasmercedinas.com\/site\/wp-content\/uploads\/2023\/12\/VECINA1.jpg 640w, https:\/\/noticiasmercedinas.com\/site\/wp-content\/uploads\/2023\/12\/VECINA1-300x166.jpg 300w\" sizes=\"auto, (max-width: 640px) 100vw, 640px\" \/><\/p>\n<p>Una treintena de vecinos de la ciudad de Mercedes, integrantes del grupo de autoconvocados que se re\u00fanen en la plaza San Martin casi todas las noches desde hace unos d\u00edas, se hicieron presente este mediod\u00eda para ser pate de una sesi\u00f3n extraordinaria que hab\u00eda sido convocada a su petici\u00f3n para tratar aspectos relacionados al DNU de Javier Milei. Pero como no dieron quorum los ediles de los bloques de la Libertad Avanza y de Juntos por el Cambio, solo pudieron ser parte de un encuentro con los concejales de Uni\u00f3n por la Patria, que estuvieron en sus bancas a la espera de que se pudiera sesionar.<\/p>\n<p>Fueron varios los ediles del bloque oficialista que dieron su parecer, y la idea era que pudieran emitir un dictamen. \u201cLos que estamos aqu\u00ed creemos en un Estado que a veces no es suficiente, pero que debe estar presente, precisamente para haya libertades, para que seamos todos m\u00e1s libres de las condiciones, materiales, simb\u00f3licas y organizacionales\u201d, se dijo desde el bloque. Tambi\u00e9n se esgrimieron cuestiones legales y se remarc\u00f3 que \u201cen lugar de la casta al ajuste evidentemente lo pagar\u00e1n los trabajadores\u201d. Se objet\u00f3 la liberaci\u00f3n de precios de las prepagas, y la quita de recursos a los municipios y a las provincias, con \u201csalud p\u00fablica para pocos\u201d.<\/p>\n<p><img loading=\"lazy\" decoding=\"async\" class=\"alignnone size-large wp-image-129145\" src=\"https:\/\/noticiasmercedinas.com\/site\/wp-content\/uploads\/2023\/12\/ANDREABOZZINI.jpg\" alt=\"\" width=\"640\" height=\"427\" srcset=\"https:\/\/noticiasmercedinas.com\/site\/wp-content\/uploads\/2023\/12\/ANDREABOZZINI.jpg 640w, https:\/\/noticiasmercedinas.com\/site\/wp-content\/uploads\/2023\/12\/ANDREABOZZINI-300x200.jpg 300w\" sizes=\"auto, (max-width: 640px) 100vw, 640px\" \/><\/p>\n<p data-type=\"Segment\" data-start=\"130\" data-segment-label=\"02:10\" data-rt-id=\"b84SAv\" data-rt-kind=\"1\" data-rt-type=\"Paragraph\">\u201cNos ponen el mote de populistas. Y lo seguiremos siendo, seguiremos estando de este lado de la gente, ayudando a pensar estas cuestiones\u201d, dijo <strong>Andrea Bozzini<\/strong>.<\/p>\n<p data-type=\"Segment\" data-start=\"310.2\" data-segment-label=\"05:10\" data-rt-id=\"b84SAy\" data-rt-kind=\"1\" data-rt-type=\"Paragraph\">Siempre fuera de la sesi\u00f3n y desde la barra y a modo de charla, los vecinos tambi\u00e9n se expresaron: \u201cHace unos d\u00edas que nos estamos reuniendo en la plaza como la mayor\u00eda sabr\u00e1 porque esto lo definimos como un golpe de Estado. Es un golpe de Estado y contra las instituciones con ese protocolo de Bullrich, \u00bfqu\u00e9 tan lejos estamos de lo que vivimos en la dictadura militar\u201d. Sabemos que hay algunas diferencias pero yo creo que si no hacemos nada, vamos hacia eso. Tenemos que estar alerta al m\u00e1ximo, entonces una de nuestras propuestas hoy es pedir ayuda al Concejo Deliberante, por lo menos al bloque presente para ver qu\u00e9 podemos hacer. Una de las ideas era presentar un amparo, y sabemos que hoy Luj\u00e1n ya present\u00f3 un amparo contra este DNU y la provincia de La Rioja tambi\u00e9n directamente a la Corte Suprema de Justicia de la Naci\u00f3n\u201d, se se\u00f1al\u00f3 desde los autoconvocados.<\/p>\n<blockquote>\n<p data-type=\"Segment\" data-start=\"310.2\" data-segment-label=\"05:10\" data-rt-id=\"b84SAy\" data-rt-kind=\"1\" data-rt-type=\"Paragraph\">\u00abEl pueblo gobierna a trav\u00e9s de sus representantes, pero queremos saber d\u00f3nde est\u00e1n y si tienen pensado hacer esto cada sesi\u00f3n, porque despu\u00e9s dicen que nadie quiere trabajar\u00bb<\/p>\n<\/blockquote>\n<p>Entre otros puntos, los vecinos expusieron la necesidad de ser escuchados desde una banca participativa o en nuevas sesiones, que solicitar\u00e1n. \u201cNo sabemos c\u00f3mo son los pasos, c\u00f3mo poder pedir nuevamente otras sesiones extraordinarias hasta que finalmente puedan hacerse presente o vuelvan a mostrar esta ausencia que todo el mundo est\u00e1 mirando. Y adem\u00e1s ver c\u00f3mo podemos nosotros hacer un recurso de amparo, primero como Asamblea de Vecinos Autoconvocados y con ustedes y con todos con todos los que quisieran si hay alg\u00fan otro partido pol\u00edtico. La soberan\u00eda est\u00e1 en juego, y necesitamos la soberan\u00eda de nuestro propio cuerpo como trabajadores y tambi\u00e9n la soberan\u00eda nacional, debemos lograr frenar esto ya porque si esperamos hasta marzo nos venden todo\u201d, dijo otra vecina.<\/p>\n<p>\u201cEl pueblo gobierna a trav\u00e9s de sus representantes, pero queremos saber d\u00f3nde est\u00e1n y si tienen pensado hacer esto cada sesi\u00f3n, porque despu\u00e9s dicen que nadie quiere trabajar. As\u00ed que pedimos que cumplan con lo que prometieron que era trabajar para el pueblo y se presenten a trabajar, porque sino los que pasan a ser vagos y planeros van a ser los integrantes de este Cuerpo que est\u00e1n ausentes y est\u00e1n ignorando las peticiones del pueblo. Pr\u00e1cticamente nos est\u00e1n vendiendo y en lo local y en lo nacional estamos todos preocupados\u2026 Vamos a venir a cada sesi\u00f3n a presentarnos, que no se piense que vamos a ser violentos ni nada parecido, simplemente estamos ejerciendo el derecho como ciudadanos a reclamar lo que nos pertenece, sostener nuestros derechos y cuidar nuestra patria\u201d, agreg\u00f3.<\/p>\n<p><img loading=\"lazy\" decoding=\"async\" class=\"alignnone size-full wp-image-129143\" src=\"https:\/\/noticiasmercedinas.com\/site\/wp-content\/uploads\/2023\/12\/VECINA.jpg\" alt=\"\" width=\"640\" height=\"427\" srcset=\"https:\/\/noticiasmercedinas.com\/site\/wp-content\/uploads\/2023\/12\/VECINA.jpg 640w, https:\/\/noticiasmercedinas.com\/site\/wp-content\/uploads\/2023\/12\/VECINA-300x200.jpg 300w\" sizes=\"auto, (max-width: 640px) 100vw, 640px\" \/><\/p>\n","protected":false},"excerpt":{"rendered":"<p>\u25a0 Los autoconvocados solo pudieron ser parte de un encuentro con los concejales de Uni\u00f3n por la Patria, que estuvieron en sus bancas a la espera de que se pudiera sesionar<\/p>\n","protected":false},"author":16,"featured_media":129144,"comment_status":"closed","ping_status":"closed","sticky":false,"template":"","format":"standard","meta":{"footnotes":""},"categories":[16],"tags":[243,3667,666],"class_list":["post-129142","post","type-post","status-publish","format-standard","has-post-thumbnail","hentry","category-politica","tag-concejo-deliberante","tag-dnu","tag-vecinos-autoconvocados"],"yoast_head":"<!-- This site is optimized with the Yoast SEO plugin v28.3 - https:\/\/yoast.com\/product\/yoast-seo-wordpress\/ -->\n<title>&quot;Vamos a venir a cada sesi\u00f3n a presentarnos&quot;, indicaron los vecinos tras falta de qu\u00f3rum<\/title>\n<meta name=\"robots\" content=\"index, follow, max-snippet:-1, max-image-preview:large, max-video-preview:-1\" \/>\n<link rel=\"canonical\" href=\"https:\/\/noticiasmercedinas.com\/site\/2023\/12\/29\/vamos-a-venir-a-cada-sesion-a-presentarnos-indicaron-los-vecinos-tras-fata-de-quorum\/\" \/>\n<meta property=\"og:locale\" content=\"es_ES\" \/>\n<meta property=\"og:type\" content=\"article\" \/>\n<meta property=\"og:title\" content=\"&quot;Vamos a venir a cada sesi\u00f3n a presentarnos&quot;, indicaron los vecinos tras falta de qu\u00f3rum\" \/>\n<meta property=\"og:description\" content=\"\u25a0 Los autoconvocados solo pudieron ser parte de un encuentro con los concejales de Uni\u00f3n por la Patria, que estuvieron en sus bancas a la espera de que se pudiera sesionar\" \/>\n<meta property=\"og:url\" content=\"https:\/\/noticiasmercedinas.com\/site\/2023\/12\/29\/vamos-a-venir-a-cada-sesion-a-presentarnos-indicaron-los-vecinos-tras-fata-de-quorum\/\" \/>\n<meta property=\"og:site_name\" content=\"NOTICIASMERCEDINAS.COM\" \/>\n<meta property=\"article:publisher\" content=\"https:\/\/www.facebook.com\/noticiasmercedinas\/\" \/>\n<meta property=\"article:published_time\" content=\"2023-12-29T21:02:23+00:00\" \/>\n<meta property=\"article:modified_time\" content=\"2023-12-30T17:11:45+00:00\" \/>\n<meta property=\"og:image\" content=\"https:\/\/noticiasmercedinas.com\/site\/wp-content\/uploads\/2023\/12\/VECINA1.jpg\" \/>\n\t<meta property=\"og:image:width\" content=\"640\" \/>\n\t<meta property=\"og:image:height\" content=\"354\" \/>\n\t<meta property=\"og:image:type\" content=\"image\/jpeg\" \/>\n<meta name=\"author\" content=\"NOTICIASMERCEDINAS.COM\" \/>\n<meta name=\"twitter:card\" content=\"summary_large_image\" \/>\n<meta name=\"twitter:creator\" content=\"@notmercedinas\" \/>\n<meta name=\"twitter:site\" content=\"@notmercedinas\" \/>\n<meta name=\"twitter:label1\" content=\"Escrito por\" \/>\n\t<meta name=\"twitter:data1\" content=\"NOTICIASMERCEDINAS.COM\" \/>\n\t<meta name=\"twitter:label2\" content=\"Tiempo de lectura\" \/>\n\t<meta name=\"twitter:data2\" content=\"4 minutos\" \/>\n<script type=\"application\/ld+json\" class=\"yoast-schema-graph\">{\"@context\":\"https:\\\/\\\/schema.org\",\"@graph\":[{\"@type\":\"Article\",\"@id\":\"https:\\\/\\\/noticiasmercedinas.com\\\/site\\\/2023\\\/12\\\/29\\\/vamos-a-venir-a-cada-sesion-a-presentarnos-indicaron-los-vecinos-tras-fata-de-quorum\\\/#article\",\"isPartOf\":{\"@id\":\"https:\\\/\\\/noticiasmercedinas.com\\\/site\\\/2023\\\/12\\\/29\\\/vamos-a-venir-a-cada-sesion-a-presentarnos-indicaron-los-vecinos-tras-fata-de-quorum\\\/\"},\"author\":{\"name\":\"NOTICIASMERCEDINAS.COM\",\"@id\":\"https:\\\/\\\/noticiasmercedinas.com\\\/site\\\/#\\\/schema\\\/person\\\/84b59c099c28ff2e8b77d4ceec5d8063\"},\"headline\":\"\u00abVamos a venir a cada sesi\u00f3n a presentarnos\u00bb, indicaron los vecinos tras falta de qu\u00f3rum\",\"datePublished\":\"2023-12-29T21:02:23+00:00\",\"dateModified\":\"2023-12-30T17:11:45+00:00\",\"mainEntityOfPage\":{\"@id\":\"https:\\\/\\\/noticiasmercedinas.com\\\/site\\\/2023\\\/12\\\/29\\\/vamos-a-venir-a-cada-sesion-a-presentarnos-indicaron-los-vecinos-tras-fata-de-quorum\\\/\"},\"wordCount\":742,\"publisher\":{\"@id\":\"https:\\\/\\\/noticiasmercedinas.com\\\/site\\\/#organization\"},\"image\":{\"@id\":\"https:\\\/\\\/noticiasmercedinas.com\\\/site\\\/2023\\\/12\\\/29\\\/vamos-a-venir-a-cada-sesion-a-presentarnos-indicaron-los-vecinos-tras-fata-de-quorum\\\/#primaryimage\"},\"thumbnailUrl\":\"https:\\\/\\\/noticiasmercedinas.com\\\/site\\\/wp-content\\\/uploads\\\/2023\\\/12\\\/VECINA1.jpg\",\"keywords\":[\"concejo deliberante\",\"dnu\",\"vecinos autoconvocados\"],\"articleSection\":[\"Politica\"],\"inLanguage\":\"es\"},{\"@type\":\"WebPage\",\"@id\":\"https:\\\/\\\/noticiasmercedinas.com\\\/site\\\/2023\\\/12\\\/29\\\/vamos-a-venir-a-cada-sesion-a-presentarnos-indicaron-los-vecinos-tras-fata-de-quorum\\\/\",\"url\":\"https:\\\/\\\/noticiasmercedinas.com\\\/site\\\/2023\\\/12\\\/29\\\/vamos-a-venir-a-cada-sesion-a-presentarnos-indicaron-los-vecinos-tras-fata-de-quorum\\\/\",\"name\":\"\\\"Vamos a venir a cada sesi\u00f3n a presentarnos\\\", indicaron los vecinos tras falta de qu\u00f3rum\",\"isPartOf\":{\"@id\":\"https:\\\/\\\/noticiasmercedinas.com\\\/site\\\/#website\"},\"primaryImageOfPage\":{\"@id\":\"https:\\\/\\\/noticiasmercedinas.com\\\/site\\\/2023\\\/12\\\/29\\\/vamos-a-venir-a-cada-sesion-a-presentarnos-indicaron-los-vecinos-tras-fata-de-quorum\\\/#primaryimage\"},\"image\":{\"@id\":\"https:\\\/\\\/noticiasmercedinas.com\\\/site\\\/2023\\\/12\\\/29\\\/vamos-a-venir-a-cada-sesion-a-presentarnos-indicaron-los-vecinos-tras-fata-de-quorum\\\/#primaryimage\"},\"thumbnailUrl\":\"https:\\\/\\\/noticiasmercedinas.com\\\/site\\\/wp-content\\\/uploads\\\/2023\\\/12\\\/VECINA1.jpg\",\"datePublished\":\"2023-12-29T21:02:23+00:00\",\"dateModified\":\"2023-12-30T17:11:45+00:00\",\"breadcrumb\":{\"@id\":\"https:\\\/\\\/noticiasmercedinas.com\\\/site\\\/2023\\\/12\\\/29\\\/vamos-a-venir-a-cada-sesion-a-presentarnos-indicaron-los-vecinos-tras-fata-de-quorum\\\/#breadcrumb\"},\"inLanguage\":\"es\",\"potentialAction\":[{\"@type\":\"ReadAction\",\"target\":[\"https:\\\/\\\/noticiasmercedinas.com\\\/site\\\/2023\\\/12\\\/29\\\/vamos-a-venir-a-cada-sesion-a-presentarnos-indicaron-los-vecinos-tras-fata-de-quorum\\\/\"]}]},{\"@type\":\"ImageObject\",\"inLanguage\":\"es\",\"@id\":\"https:\\\/\\\/noticiasmercedinas.com\\\/site\\\/2023\\\/12\\\/29\\\/vamos-a-venir-a-cada-sesion-a-presentarnos-indicaron-los-vecinos-tras-fata-de-quorum\\\/#primaryimage\",\"url\":\"https:\\\/\\\/noticiasmercedinas.com\\\/site\\\/wp-content\\\/uploads\\\/2023\\\/12\\\/VECINA1.jpg\",\"contentUrl\":\"https:\\\/\\\/noticiasmercedinas.com\\\/site\\\/wp-content\\\/uploads\\\/2023\\\/12\\\/VECINA1.jpg\",\"width\":640,\"height\":354},{\"@type\":\"BreadcrumbList\",\"@id\":\"https:\\\/\\\/noticiasmercedinas.com\\\/site\\\/2023\\\/12\\\/29\\\/vamos-a-venir-a-cada-sesion-a-presentarnos-indicaron-los-vecinos-tras-fata-de-quorum\\\/#breadcrumb\",\"itemListElement\":[{\"@type\":\"ListItem\",\"position\":1,\"name\":\"Portada\",\"item\":\"https:\\\/\\\/noticiasmercedinas.com\\\/site\\\/\"},{\"@type\":\"ListItem\",\"position\":2,\"name\":\"\u00abVamos a venir a cada sesi\u00f3n a presentarnos\u00bb, indicaron los vecinos tras falta de qu\u00f3rum\"}]},{\"@type\":\"WebSite\",\"@id\":\"https:\\\/\\\/noticiasmercedinas.com\\\/site\\\/#website\",\"url\":\"https:\\\/\\\/noticiasmercedinas.com\\\/site\\\/\",\"name\":\"NOTICIASMERCEDINAS.COM\",\"description\":\"Mercedes, Buenos Aires, Argentina\",\"publisher\":{\"@id\":\"https:\\\/\\\/noticiasmercedinas.com\\\/site\\\/#organization\"},\"potentialAction\":[{\"@type\":\"SearchAction\",\"target\":{\"@type\":\"EntryPoint\",\"urlTemplate\":\"https:\\\/\\\/noticiasmercedinas.com\\\/site\\\/?s={search_term_string}\"},\"query-input\":{\"@type\":\"PropertyValueSpecification\",\"valueRequired\":true,\"valueName\":\"search_term_string\"}}],\"inLanguage\":\"es\"},{\"@type\":\"Organization\",\"@id\":\"https:\\\/\\\/noticiasmercedinas.com\\\/site\\\/#organization\",\"name\":\"NOTICIASMERCEDINAS.COM\",\"url\":\"https:\\\/\\\/noticiasmercedinas.com\\\/site\\\/\",\"logo\":{\"@type\":\"ImageObject\",\"inLanguage\":\"es\",\"@id\":\"https:\\\/\\\/noticiasmercedinas.com\\\/site\\\/#\\\/schema\\\/logo\\\/image\\\/\",\"url\":\"https:\\\/\\\/noticiasmercedinas.com\\\/site\\\/wp-content\\\/uploads\\\/2020\\\/06\\\/LOGO-512.jpg\",\"contentUrl\":\"https:\\\/\\\/noticiasmercedinas.com\\\/site\\\/wp-content\\\/uploads\\\/2020\\\/06\\\/LOGO-512.jpg\",\"width\":512,\"height\":512,\"caption\":\"NOTICIASMERCEDINAS.COM\"},\"image\":{\"@id\":\"https:\\\/\\\/noticiasmercedinas.com\\\/site\\\/#\\\/schema\\\/logo\\\/image\\\/\"},\"sameAs\":[\"https:\\\/\\\/www.facebook.com\\\/noticiasmercedinas\\\/\",\"https:\\\/\\\/x.com\\\/notmercedinas\",\"https:\\\/\\\/www.instagram.com\\\/noticiasmercedinas\\\/\"]},{\"@type\":\"Person\",\"@id\":\"https:\\\/\\\/noticiasmercedinas.com\\\/site\\\/#\\\/schema\\\/person\\\/84b59c099c28ff2e8b77d4ceec5d8063\",\"name\":\"NOTICIASMERCEDINAS.COM\",\"image\":{\"@type\":\"ImageObject\",\"inLanguage\":\"es\",\"@id\":\"https:\\\/\\\/secure.gravatar.com\\\/avatar\\\/4dfbf16b4d17945bfb6341b2d19043457132fcf478a5ee04f42e959fd8f5df0a?s=96&d=mm&r=g\",\"url\":\"https:\\\/\\\/secure.gravatar.com\\\/avatar\\\/4dfbf16b4d17945bfb6341b2d19043457132fcf478a5ee04f42e959fd8f5df0a?s=96&d=mm&r=g\",\"contentUrl\":\"https:\\\/\\\/secure.gravatar.com\\\/avatar\\\/4dfbf16b4d17945bfb6341b2d19043457132fcf478a5ee04f42e959fd8f5df0a?s=96&d=mm&r=g\",\"caption\":\"NOTICIASMERCEDINAS.COM\"},\"url\":\"https:\\\/\\\/noticiasmercedinas.com\\\/site\\\/author\\\/anonimo\\\/\"}]}<\/script>\n<!-- \/ Yoast SEO plugin. -->","yoast_head_json":{"title":"\"Vamos a venir a cada sesi\u00f3n a presentarnos\", indicaron los vecinos tras falta de qu\u00f3rum","robots":{"index":"index","follow":"follow","max-snippet":"max-snippet:-1","max-image-preview":"max-image-preview:large","max-video-preview":"max-video-preview:-1"},"canonical":"https:\/\/noticiasmercedinas.com\/site\/2023\/12\/29\/vamos-a-venir-a-cada-sesion-a-presentarnos-indicaron-los-vecinos-tras-fata-de-quorum\/","og_locale":"es_ES","og_type":"article","og_title":"\"Vamos a venir a cada sesi\u00f3n a presentarnos\", indicaron los vecinos tras falta de qu\u00f3rum","og_description":"\u25a0 Los autoconvocados solo pudieron ser parte de un encuentro con los concejales de Uni\u00f3n por la Patria, que estuvieron en sus bancas a la espera de que se pudiera sesionar","og_url":"https:\/\/noticiasmercedinas.com\/site\/2023\/12\/29\/vamos-a-venir-a-cada-sesion-a-presentarnos-indicaron-los-vecinos-tras-fata-de-quorum\/","og_site_name":"NOTICIASMERCEDINAS.COM","article_publisher":"https:\/\/www.facebook.com\/noticiasmercedinas\/","article_published_time":"2023-12-29T21:02:23+00:00","article_modified_time":"2023-12-30T17:11:45+00:00","og_image":[{"width":640,"height":354,"url":"https:\/\/noticiasmercedinas.com\/site\/wp-content\/uploads\/2023\/12\/VECINA1.jpg","type":"image\/jpeg"}],"author":"NOTICIASMERCEDINAS.COM","twitter_card":"summary_large_image","twitter_creator":"@notmercedinas","twitter_site":"@notmercedinas","twitter_misc":{"Escrito por":"NOTICIASMERCEDINAS.COM","Tiempo de lectura":"4 minutos"},"schema":{"@context":"https:\/\/schema.org","@graph":[{"@type":"Article","@id":"https:\/\/noticiasmercedinas.com\/site\/2023\/12\/29\/vamos-a-venir-a-cada-sesion-a-presentarnos-indicaron-los-vecinos-tras-fata-de-quorum\/#article","isPartOf":{"@id":"https:\/\/noticiasmercedinas.com\/site\/2023\/12\/29\/vamos-a-venir-a-cada-sesion-a-presentarnos-indicaron-los-vecinos-tras-fata-de-quorum\/"},"author":{"name":"NOTICIASMERCEDINAS.COM","@id":"https:\/\/noticiasmercedinas.com\/site\/#\/schema\/person\/84b59c099c28ff2e8b77d4ceec5d8063"},"headline":"\u00abVamos a venir a cada sesi\u00f3n a presentarnos\u00bb, indicaron los vecinos tras falta de qu\u00f3rum","datePublished":"2023-12-29T21:02:23+00:00","dateModified":"2023-12-30T17:11:45+00:00","mainEntityOfPage":{"@id":"https:\/\/noticiasmercedinas.com\/site\/2023\/12\/29\/vamos-a-venir-a-cada-sesion-a-presentarnos-indicaron-los-vecinos-tras-fata-de-quorum\/"},"wordCount":742,"publisher":{"@id":"https:\/\/noticiasmercedinas.com\/site\/#organization"},"image":{"@id":"https:\/\/noticiasmercedinas.com\/site\/2023\/12\/29\/vamos-a-venir-a-cada-sesion-a-presentarnos-indicaron-los-vecinos-tras-fata-de-quorum\/#primaryimage"},"thumbnailUrl":"https:\/\/noticiasmercedinas.com\/site\/wp-content\/uploads\/2023\/12\/VECINA1.jpg","keywords":["concejo deliberante","dnu","vecinos autoconvocados"],"articleSection":["Politica"],"inLanguage":"es"},{"@type":"WebPage","@id":"https:\/\/noticiasmercedinas.com\/site\/2023\/12\/29\/vamos-a-venir-a-cada-sesion-a-presentarnos-indicaron-los-vecinos-tras-fata-de-quorum\/","url":"https:\/\/noticiasmercedinas.com\/site\/2023\/12\/29\/vamos-a-venir-a-cada-sesion-a-presentarnos-indicaron-los-vecinos-tras-fata-de-quorum\/","name":"\"Vamos a venir a cada sesi\u00f3n a presentarnos\", indicaron los vecinos tras falta de qu\u00f3rum","isPartOf":{"@id":"https:\/\/noticiasmercedinas.com\/site\/#website"},"primaryImageOfPage":{"@id":"https:\/\/noticiasmercedinas.com\/site\/2023\/12\/29\/vamos-a-venir-a-cada-sesion-a-presentarnos-indicaron-los-vecinos-tras-fata-de-quorum\/#primaryimage"},"image":{"@id":"https:\/\/noticiasmercedinas.com\/site\/2023\/12\/29\/vamos-a-venir-a-cada-sesion-a-presentarnos-indicaron-los-vecinos-tras-fata-de-quorum\/#primaryimage"},"thumbnailUrl":"https:\/\/noticiasmercedinas.com\/site\/wp-content\/uploads\/2023\/12\/VECINA1.jpg","datePublished":"2023-12-29T21:02:23+00:00","dateModified":"2023-12-30T17:11:45+00:00","breadcrumb":{"@id":"https:\/\/noticiasmercedinas.com\/site\/2023\/12\/29\/vamos-a-venir-a-cada-sesion-a-presentarnos-indicaron-los-vecinos-tras-fata-de-quorum\/#breadcrumb"},"inLanguage":"es","potentialAction":[{"@type":"ReadAction","target":["https:\/\/noticiasmercedinas.com\/site\/2023\/12\/29\/vamos-a-venir-a-cada-sesion-a-presentarnos-indicaron-los-vecinos-tras-fata-de-quorum\/"]}]},{"@type":"ImageObject","inLanguage":"es","@id":"https:\/\/noticiasmercedinas.com\/site\/2023\/12\/29\/vamos-a-venir-a-cada-sesion-a-presentarnos-indicaron-los-vecinos-tras-fata-de-quorum\/#primaryimage","url":"https:\/\/noticiasmercedinas.com\/site\/wp-content\/uploads\/2023\/12\/VECINA1.jpg","contentUrl":"https:\/\/noticiasmercedinas.com\/site\/wp-content\/uploads\/2023\/12\/VECINA1.jpg","width":640,"height":354},{"@type":"BreadcrumbList","@id":"https:\/\/noticiasmercedinas.com\/site\/2023\/12\/29\/vamos-a-venir-a-cada-sesion-a-presentarnos-indicaron-los-vecinos-tras-fata-de-quorum\/#breadcrumb","itemListElement":[{"@type":"ListItem","position":1,"name":"Portada","item":"https:\/\/noticiasmercedinas.com\/site\/"},{"@type":"ListItem","position":2,"name":"\u00abVamos a venir a cada sesi\u00f3n a presentarnos\u00bb, indicaron los vecinos tras falta de qu\u00f3rum"}]},{"@type":"WebSite","@id":"https:\/\/noticiasmercedinas.com\/site\/#website","url":"https:\/\/noticiasmercedinas.com\/site\/","name":"NOTICIASMERCEDINAS.COM","description":"Mercedes, Buenos Aires, Argentina","publisher":{"@id":"https:\/\/noticiasmercedinas.com\/site\/#organization"},"potentialAction":[{"@type":"SearchAction","target":{"@type":"EntryPoint","urlTemplate":"https:\/\/noticiasmercedinas.com\/site\/?s={search_term_string}"},"query-input":{"@type":"PropertyValueSpecification","valueRequired":true,"valueName":"search_term_string"}}],"inLanguage":"es"},{"@type":"Organization","@id":"https:\/\/noticiasmercedinas.com\/site\/#organization","name":"NOTICIASMERCEDINAS.COM","url":"https:\/\/noticiasmercedinas.com\/site\/","logo":{"@type":"ImageObject","inLanguage":"es","@id":"https:\/\/noticiasmercedinas.com\/site\/#\/schema\/logo\/image\/","url":"https:\/\/noticiasmercedinas.com\/site\/wp-content\/uploads\/2020\/06\/LOGO-512.jpg","contentUrl":"https:\/\/noticiasmercedinas.com\/site\/wp-content\/uploads\/2020\/06\/LOGO-512.jpg","width":512,"height":512,"caption":"NOTICIASMERCEDINAS.COM"},"image":{"@id":"https:\/\/noticiasmercedinas.com\/site\/#\/schema\/logo\/image\/"},"sameAs":["https:\/\/www.facebook.com\/noticiasmercedinas\/","https:\/\/x.com\/notmercedinas","https:\/\/www.instagram.com\/noticiasmercedinas\/"]},{"@type":"Person","@id":"https:\/\/noticiasmercedinas.com\/site\/#\/schema\/person\/84b59c099c28ff2e8b77d4ceec5d8063","name":"NOTICIASMERCEDINAS.COM","image":{"@type":"ImageObject","inLanguage":"es","@id":"https:\/\/secure.gravatar.com\/avatar\/4dfbf16b4d17945bfb6341b2d19043457132fcf478a5ee04f42e959fd8f5df0a?s=96&d=mm&r=g","url":"https:\/\/secure.gravatar.com\/avatar\/4dfbf16b4d17945bfb6341b2d19043457132fcf478a5ee04f42e959fd8f5df0a?s=96&d=mm&r=g","contentUrl":"https:\/\/secure.gravatar.com\/avatar\/4dfbf16b4d17945bfb6341b2d19043457132fcf478a5ee04f42e959fd8f5df0a?s=96&d=mm&r=g","caption":"NOTICIASMERCEDINAS.COM"},"url":"https:\/\/noticiasmercedinas.com\/site\/author\/anonimo\/"}]}},"amp_enabled":true,"_links":{"self":[{"href":"https:\/\/noticiasmercedinas.com\/site\/wp-json\/wp\/v2\/posts\/129142","targetHints":{"allow":["GET"]}}],"collection":[{"href":"https:\/\/noticiasmercedinas.com\/site\/wp-json\/wp\/v2\/posts"}],"about":[{"href":"https:\/\/noticiasmercedinas.com\/site\/wp-json\/wp\/v2\/types\/post"}],"author":[{"embeddable":true,"href":"https:\/\/noticiasmercedinas.com\/site\/wp-json\/wp\/v2\/users\/16"}],"replies":[{"embeddable":true,"href":"https:\/\/noticiasmercedinas.com\/site\/wp-json\/wp\/v2\/comments?post=129142"}],"version-history":[{"count":3,"href":"https:\/\/noticiasmercedinas.com\/site\/wp-json\/wp\/v2\/posts\/129142\/revisions"}],"predecessor-version":[{"id":129161,"href":"https:\/\/noticiasmercedinas.com\/site\/wp-json\/wp\/v2\/posts\/129142\/revisions\/129161"}],"wp:featuredmedia":[{"embeddable":true,"href":"https:\/\/noticiasmercedinas.com\/site\/wp-json\/wp\/v2\/media\/129144"}],"wp:attachment":[{"href":"https:\/\/noticiasmercedinas.com\/site\/wp-json\/wp\/v2\/media?parent=129142"}],"wp:term":[{"taxonomy":"category","embeddable":true,"href":"https:\/\/noticiasmercedinas.com\/site\/wp-json\/wp\/v2\/categories?post=129142"},{"taxonomy":"post_tag","embeddable":true,"href":"https:\/\/noticiasmercedinas.com\/site\/wp-json\/wp\/v2\/tags?post=129142"}],"curies":[{"name":"wp","href":"https:\/\/api.w.org\/{rel}","templated":true}]}}