{"id":129158,"date":"2023-12-30T14:09:50","date_gmt":"2023-12-30T17:09:50","guid":{"rendered":"https:\/\/noticiasmercedinas.com\/site\/?p=129158"},"modified":"2023-12-30T14:09:50","modified_gmt":"2023-12-30T17:09:50","slug":"sesion-por-el-dnu-desde-juntos-creen-que-asistir-hubiese-sido-una-provocacion","status":"publish","type":"post","link":"https:\/\/noticiasmercedinas.com\/site\/2023\/12\/30\/sesion-por-el-dnu-desde-juntos-creen-que-asistir-hubiese-sido-una-provocacion\/","title":{"rendered":"Sesi\u00f3n por el DNU: desde Juntos creen que asistir \u201chubiese sido una provocaci\u00f3n\u201d"},"content":{"rendered":"<p><img loading=\"lazy\" decoding=\"async\" class=\"alignnone size-full wp-image-129159\" src=\"https:\/\/noticiasmercedinas.com\/site\/wp-content\/uploads\/2023\/12\/HCD11.jpg\" alt=\"\" width=\"640\" height=\"427\" srcset=\"https:\/\/noticiasmercedinas.com\/site\/wp-content\/uploads\/2023\/12\/HCD11.jpg 640w, https:\/\/noticiasmercedinas.com\/site\/wp-content\/uploads\/2023\/12\/HCD11-300x200.jpg 300w\" sizes=\"auto, (max-width: 640px) 100vw, 640px\" \/><\/p>\n<p>Este viernes 29 de diciembre de 2023 estaba convocada una sesi\u00f3n extraordinaria en el Concejo Deliberante de la ciudad de Mercedes.\u00a0 Seg\u00fan remarcaron desde el boque Juntos por el Cambio, la convocatoria a sesiones de este calibre est\u00e1 expresamente reglamentada en la Ley Org\u00e1nica de las Municipalidades y en su art\u00edculo 68 establece que \u201cdebe darse para ello una situaci\u00f3n de Inter\u00e9s p\u00fablico -que puede haber sido este el caso- pero tambi\u00e9n de urgencia, que claramente no lo fue ni lo es\u201d.<\/p>\n<p>\u201cEl proyecto presentado por los concejales de Uni\u00f3n por la Patria no invitaba a debatir el DNU sino a rechazarlo, entre otras cosas se argumentaba que lo tratado en el no eran cuestiones de necesidad y urgencia. Claramente tampoco lo es tratar su rechazo por parte de este cuerpo dado que a\u00fan se encuentra en discusi\u00f3n en los \u00e1mbitos correspondientes\u201d, indicaron tras la no concurrencia por parte de los ediles a la sesi\u00f3n, que no tuvo quorum, ya que tampoco estaban presentes los concejales de La Libertad Avanza.<\/p>\n<p>\u201cSe trataba de un repudio al DNU y no una invitaci\u00f3n a debatir. De haber sido as\u00ed, se hubiese ingresado el proyecto, abierto una comisi\u00f3n ampliada para debatirlo, pero no fue el caso, y se solicit\u00f3 directamente una sesi\u00f3n para tratar el proyecto. Asistir a esta convocatoria hubiese sido caer en una provocaci\u00f3n, y por desgracia ya se han vivido muy malas experiencias donde no ha estado garantizada la seguridad de los concejales. Por ello es que recurrimos a la herramienta que est\u00e1 prevista, que es la de no dar quorum, y que ha sido usada a lo largo de estos 40 a\u00f1os de Democracia por las distintas agrupaciones pol\u00edticas\u201d, aclararon.<\/p>\n<blockquote><p>\u00abRecurrimos a la herramienta que est\u00e1 prevista, que es la de no dar quorum, y que ha sido usada a lo largo de estos 40 a\u00f1os de Democracia por las distintas agrupaciones pol\u00edticas\u00bb<\/p><\/blockquote>\n<p>Y luego objetaron que la reuni\u00f3n en el \u00e1mbito legislativo se desarrollara de todos modos. \u201cLo extra\u00f1o es que pese a que no hubo quorum (motivo legal suficiente para que tampoco se llevar\u00e1 a cabo la sesi\u00f3n) pareciera, por lo que se ve en Internet, que si hubo una sesi\u00f3n extraordinaria ya que la presidente otorga la palabra, siendo filmada y emitida, algo bastante irregular\u201d, adujeron.<\/p>\n<p>Finalmente quisieron dejar establecido que el DNU ya est\u00e1 siendo estudiado por los legisladores de Juntos, en la justicia, y en distintos organismos que se van a ocupar de ver cu\u00e1n constitucional o inconstitucional es. \u201cNos parece que justamente ese es el mejor \u00e1mbito de discusi\u00f3n, a nivel nacional en el Congreso, y no una tribuna en la que por el momento si podemos escuchar a los vecinos, pero darles pocas respuestas concretas y hasta que no las tengamos toda discusi\u00f3n parece vana. Tampoco olvidemos que Alberto Fern\u00e1ndez firm\u00f3 178 DNU en 4 a\u00f1os, Cristina Kirchner 76 DNU en 8 a\u00f1os, N\u00e9stor Kirchner 236 DNU en 4 a\u00f1os y nadie de quienes hoy protestan, cuestion\u00f3 su constitucionalidad\u201d, completaron<\/p>\n","protected":false},"excerpt":{"rendered":"<p>\u25a0 Asimismo, objetaron que la reuni\u00f3n en el \u00e1mbito legislativo se desarrollara de todos modos, m\u00e1s all\u00e1 de la fala de quorum. \u201cFue algo bastante irregular\u201d, adujeron.<\/p>\n","protected":false},"author":16,"featured_media":129159,"comment_status":"closed","ping_status":"closed","sticky":false,"template":"","format":"standard","meta":{"footnotes":""},"categories":[16],"tags":[243,3667,5269,7519],"class_list":["post-129158","post","type-post","status-publish","format-standard","has-post-thumbnail","hentry","category-politica","tag-concejo-deliberante","tag-dnu","tag-juntos-por-el-cambio","tag-quorum"],"yoast_head":"<!-- This site is optimized with the Yoast SEO plugin v27.4 - https:\/\/yoast.com\/product\/yoast-seo-wordpress\/ -->\n<title>Sesi\u00f3n por el DNU: desde Juntos creen que asistir \u201chubiese sido una provocaci\u00f3n\u201d<\/title>\n<meta name=\"robots\" content=\"index, follow, max-snippet:-1, max-image-preview:large, max-video-preview:-1\" \/>\n<link rel=\"canonical\" href=\"https:\/\/noticiasmercedinas.com\/site\/2023\/12\/30\/sesion-por-el-dnu-desde-juntos-creen-que-asistir-hubiese-sido-una-provocacion\/\" \/>\n<meta property=\"og:locale\" content=\"es_ES\" \/>\n<meta property=\"og:type\" content=\"article\" \/>\n<meta property=\"og:title\" content=\"Sesi\u00f3n por el DNU: desde Juntos creen que asistir \u201chubiese sido una provocaci\u00f3n\u201d\" \/>\n<meta property=\"og:description\" content=\"\u25a0 Asimismo, objetaron que la reuni\u00f3n en el \u00e1mbito legislativo se desarrollara de todos modos, m\u00e1s all\u00e1 de la fala de quorum. \u201cFue algo bastante irregular\u201d, adujeron.\" \/>\n<meta property=\"og:url\" content=\"https:\/\/noticiasmercedinas.com\/site\/2023\/12\/30\/sesion-por-el-dnu-desde-juntos-creen-que-asistir-hubiese-sido-una-provocacion\/\" \/>\n<meta property=\"og:site_name\" content=\"NOTICIASMERCEDINAS.COM\" \/>\n<meta property=\"article:publisher\" content=\"https:\/\/www.facebook.com\/noticiasmercedinas\/\" \/>\n<meta property=\"article:published_time\" content=\"2023-12-30T17:09:50+00:00\" \/>\n<meta property=\"og:image\" content=\"https:\/\/noticiasmercedinas.com\/site\/wp-content\/uploads\/2023\/12\/HCD11.jpg\" \/>\n\t<meta property=\"og:image:width\" content=\"640\" \/>\n\t<meta property=\"og:image:height\" content=\"427\" \/>\n\t<meta property=\"og:image:type\" content=\"image\/jpeg\" \/>\n<meta name=\"author\" content=\"NOTICIASMERCEDINAS.COM\" \/>\n<meta name=\"twitter:card\" content=\"summary_large_image\" \/>\n<meta name=\"twitter:creator\" content=\"@notmercedinas\" \/>\n<meta name=\"twitter:site\" content=\"@notmercedinas\" \/>\n<meta name=\"twitter:label1\" content=\"Escrito por\" \/>\n\t<meta name=\"twitter:data1\" content=\"NOTICIASMERCEDINAS.COM\" \/>\n\t<meta name=\"twitter:label2\" content=\"Tiempo de lectura\" \/>\n\t<meta name=\"twitter:data2\" content=\"3 minutos\" \/>\n<script type=\"application\/ld+json\" class=\"yoast-schema-graph\">{\"@context\":\"https:\\\/\\\/schema.org\",\"@graph\":[{\"@type\":\"Article\",\"@id\":\"https:\\\/\\\/noticiasmercedinas.com\\\/site\\\/2023\\\/12\\\/30\\\/sesion-por-el-dnu-desde-juntos-creen-que-asistir-hubiese-sido-una-provocacion\\\/#article\",\"isPartOf\":{\"@id\":\"https:\\\/\\\/noticiasmercedinas.com\\\/site\\\/2023\\\/12\\\/30\\\/sesion-por-el-dnu-desde-juntos-creen-que-asistir-hubiese-sido-una-provocacion\\\/\"},\"author\":{\"name\":\"NOTICIASMERCEDINAS.COM\",\"@id\":\"https:\\\/\\\/noticiasmercedinas.com\\\/site\\\/#\\\/schema\\\/person\\\/84b59c099c28ff2e8b77d4ceec5d8063\"},\"headline\":\"Sesi\u00f3n por el DNU: desde Juntos creen que asistir \u201chubiese sido una provocaci\u00f3n\u201d\",\"datePublished\":\"2023-12-30T17:09:50+00:00\",\"mainEntityOfPage\":{\"@id\":\"https:\\\/\\\/noticiasmercedinas.com\\\/site\\\/2023\\\/12\\\/30\\\/sesion-por-el-dnu-desde-juntos-creen-que-asistir-hubiese-sido-una-provocacion\\\/\"},\"wordCount\":534,\"publisher\":{\"@id\":\"https:\\\/\\\/noticiasmercedinas.com\\\/site\\\/#organization\"},\"image\":{\"@id\":\"https:\\\/\\\/noticiasmercedinas.com\\\/site\\\/2023\\\/12\\\/30\\\/sesion-por-el-dnu-desde-juntos-creen-que-asistir-hubiese-sido-una-provocacion\\\/#primaryimage\"},\"thumbnailUrl\":\"https:\\\/\\\/noticiasmercedinas.com\\\/site\\\/wp-content\\\/uploads\\\/2023\\\/12\\\/HCD11.jpg\",\"keywords\":[\"concejo deliberante\",\"dnu\",\"juntos por el cambio\",\"quorum\"],\"articleSection\":[\"Politica\"],\"inLanguage\":\"es\"},{\"@type\":\"WebPage\",\"@id\":\"https:\\\/\\\/noticiasmercedinas.com\\\/site\\\/2023\\\/12\\\/30\\\/sesion-por-el-dnu-desde-juntos-creen-que-asistir-hubiese-sido-una-provocacion\\\/\",\"url\":\"https:\\\/\\\/noticiasmercedinas.com\\\/site\\\/2023\\\/12\\\/30\\\/sesion-por-el-dnu-desde-juntos-creen-que-asistir-hubiese-sido-una-provocacion\\\/\",\"name\":\"Sesi\u00f3n por el DNU: desde Juntos creen que asistir \u201chubiese sido una provocaci\u00f3n\u201d\",\"isPartOf\":{\"@id\":\"https:\\\/\\\/noticiasmercedinas.com\\\/site\\\/#website\"},\"primaryImageOfPage\":{\"@id\":\"https:\\\/\\\/noticiasmercedinas.com\\\/site\\\/2023\\\/12\\\/30\\\/sesion-por-el-dnu-desde-juntos-creen-que-asistir-hubiese-sido-una-provocacion\\\/#primaryimage\"},\"image\":{\"@id\":\"https:\\\/\\\/noticiasmercedinas.com\\\/site\\\/2023\\\/12\\\/30\\\/sesion-por-el-dnu-desde-juntos-creen-que-asistir-hubiese-sido-una-provocacion\\\/#primaryimage\"},\"thumbnailUrl\":\"https:\\\/\\\/noticiasmercedinas.com\\\/site\\\/wp-content\\\/uploads\\\/2023\\\/12\\\/HCD11.jpg\",\"datePublished\":\"2023-12-30T17:09:50+00:00\",\"breadcrumb\":{\"@id\":\"https:\\\/\\\/noticiasmercedinas.com\\\/site\\\/2023\\\/12\\\/30\\\/sesion-por-el-dnu-desde-juntos-creen-que-asistir-hubiese-sido-una-provocacion\\\/#breadcrumb\"},\"inLanguage\":\"es\",\"potentialAction\":[{\"@type\":\"ReadAction\",\"target\":[\"https:\\\/\\\/noticiasmercedinas.com\\\/site\\\/2023\\\/12\\\/30\\\/sesion-por-el-dnu-desde-juntos-creen-que-asistir-hubiese-sido-una-provocacion\\\/\"]}]},{\"@type\":\"ImageObject\",\"inLanguage\":\"es\",\"@id\":\"https:\\\/\\\/noticiasmercedinas.com\\\/site\\\/2023\\\/12\\\/30\\\/sesion-por-el-dnu-desde-juntos-creen-que-asistir-hubiese-sido-una-provocacion\\\/#primaryimage\",\"url\":\"https:\\\/\\\/noticiasmercedinas.com\\\/site\\\/wp-content\\\/uploads\\\/2023\\\/12\\\/HCD11.jpg\",\"contentUrl\":\"https:\\\/\\\/noticiasmercedinas.com\\\/site\\\/wp-content\\\/uploads\\\/2023\\\/12\\\/HCD11.jpg\",\"width\":640,\"height\":427},{\"@type\":\"BreadcrumbList\",\"@id\":\"https:\\\/\\\/noticiasmercedinas.com\\\/site\\\/2023\\\/12\\\/30\\\/sesion-por-el-dnu-desde-juntos-creen-que-asistir-hubiese-sido-una-provocacion\\\/#breadcrumb\",\"itemListElement\":[{\"@type\":\"ListItem\",\"position\":1,\"name\":\"Portada\",\"item\":\"https:\\\/\\\/noticiasmercedinas.com\\\/site\\\/\"},{\"@type\":\"ListItem\",\"position\":2,\"name\":\"Sesi\u00f3n por el DNU: desde Juntos creen que asistir \u201chubiese sido una provocaci\u00f3n\u201d\"}]},{\"@type\":\"WebSite\",\"@id\":\"https:\\\/\\\/noticiasmercedinas.com\\\/site\\\/#website\",\"url\":\"https:\\\/\\\/noticiasmercedinas.com\\\/site\\\/\",\"name\":\"NOTICIASMERCEDINAS.COM\",\"description\":\"Mercedes, Buenos Aires, Argentina\",\"publisher\":{\"@id\":\"https:\\\/\\\/noticiasmercedinas.com\\\/site\\\/#organization\"},\"potentialAction\":[{\"@type\":\"SearchAction\",\"target\":{\"@type\":\"EntryPoint\",\"urlTemplate\":\"https:\\\/\\\/noticiasmercedinas.com\\\/site\\\/?s={search_term_string}\"},\"query-input\":{\"@type\":\"PropertyValueSpecification\",\"valueRequired\":true,\"valueName\":\"search_term_string\"}}],\"inLanguage\":\"es\"},{\"@type\":\"Organization\",\"@id\":\"https:\\\/\\\/noticiasmercedinas.com\\\/site\\\/#organization\",\"name\":\"NOTICIASMERCEDINAS.COM\",\"url\":\"https:\\\/\\\/noticiasmercedinas.com\\\/site\\\/\",\"logo\":{\"@type\":\"ImageObject\",\"inLanguage\":\"es\",\"@id\":\"https:\\\/\\\/noticiasmercedinas.com\\\/site\\\/#\\\/schema\\\/logo\\\/image\\\/\",\"url\":\"https:\\\/\\\/noticiasmercedinas.com\\\/site\\\/wp-content\\\/uploads\\\/2020\\\/06\\\/LOGO-512.jpg\",\"contentUrl\":\"https:\\\/\\\/noticiasmercedinas.com\\\/site\\\/wp-content\\\/uploads\\\/2020\\\/06\\\/LOGO-512.jpg\",\"width\":512,\"height\":512,\"caption\":\"NOTICIASMERCEDINAS.COM\"},\"image\":{\"@id\":\"https:\\\/\\\/noticiasmercedinas.com\\\/site\\\/#\\\/schema\\\/logo\\\/image\\\/\"},\"sameAs\":[\"https:\\\/\\\/www.facebook.com\\\/noticiasmercedinas\\\/\",\"https:\\\/\\\/x.com\\\/notmercedinas\",\"https:\\\/\\\/www.instagram.com\\\/noticiasmercedinas\\\/\"]},{\"@type\":\"Person\",\"@id\":\"https:\\\/\\\/noticiasmercedinas.com\\\/site\\\/#\\\/schema\\\/person\\\/84b59c099c28ff2e8b77d4ceec5d8063\",\"name\":\"NOTICIASMERCEDINAS.COM\",\"image\":{\"@type\":\"ImageObject\",\"inLanguage\":\"es\",\"@id\":\"https:\\\/\\\/secure.gravatar.com\\\/avatar\\\/4dfbf16b4d17945bfb6341b2d19043457132fcf478a5ee04f42e959fd8f5df0a?s=96&d=mm&r=g\",\"url\":\"https:\\\/\\\/secure.gravatar.com\\\/avatar\\\/4dfbf16b4d17945bfb6341b2d19043457132fcf478a5ee04f42e959fd8f5df0a?s=96&d=mm&r=g\",\"contentUrl\":\"https:\\\/\\\/secure.gravatar.com\\\/avatar\\\/4dfbf16b4d17945bfb6341b2d19043457132fcf478a5ee04f42e959fd8f5df0a?s=96&d=mm&r=g\",\"caption\":\"NOTICIASMERCEDINAS.COM\"},\"url\":\"https:\\\/\\\/noticiasmercedinas.com\\\/site\\\/author\\\/anonimo\\\/\"}]}<\/script>\n<!-- \/ Yoast SEO plugin. -->","yoast_head_json":{"title":"Sesi\u00f3n por el DNU: desde Juntos creen que asistir \u201chubiese sido una provocaci\u00f3n\u201d","robots":{"index":"index","follow":"follow","max-snippet":"max-snippet:-1","max-image-preview":"max-image-preview:large","max-video-preview":"max-video-preview:-1"},"canonical":"https:\/\/noticiasmercedinas.com\/site\/2023\/12\/30\/sesion-por-el-dnu-desde-juntos-creen-que-asistir-hubiese-sido-una-provocacion\/","og_locale":"es_ES","og_type":"article","og_title":"Sesi\u00f3n por el DNU: desde Juntos creen que asistir \u201chubiese sido una provocaci\u00f3n\u201d","og_description":"\u25a0 Asimismo, objetaron que la reuni\u00f3n en el \u00e1mbito legislativo se desarrollara de todos modos, m\u00e1s all\u00e1 de la fala de quorum. \u201cFue algo bastante irregular\u201d, adujeron.","og_url":"https:\/\/noticiasmercedinas.com\/site\/2023\/12\/30\/sesion-por-el-dnu-desde-juntos-creen-que-asistir-hubiese-sido-una-provocacion\/","og_site_name":"NOTICIASMERCEDINAS.COM","article_publisher":"https:\/\/www.facebook.com\/noticiasmercedinas\/","article_published_time":"2023-12-30T17:09:50+00:00","og_image":[{"width":640,"height":427,"url":"https:\/\/noticiasmercedinas.com\/site\/wp-content\/uploads\/2023\/12\/HCD11.jpg","type":"image\/jpeg"}],"author":"NOTICIASMERCEDINAS.COM","twitter_card":"summary_large_image","twitter_creator":"@notmercedinas","twitter_site":"@notmercedinas","twitter_misc":{"Escrito por":"NOTICIASMERCEDINAS.COM","Tiempo de lectura":"3 minutos"},"schema":{"@context":"https:\/\/schema.org","@graph":[{"@type":"Article","@id":"https:\/\/noticiasmercedinas.com\/site\/2023\/12\/30\/sesion-por-el-dnu-desde-juntos-creen-que-asistir-hubiese-sido-una-provocacion\/#article","isPartOf":{"@id":"https:\/\/noticiasmercedinas.com\/site\/2023\/12\/30\/sesion-por-el-dnu-desde-juntos-creen-que-asistir-hubiese-sido-una-provocacion\/"},"author":{"name":"NOTICIASMERCEDINAS.COM","@id":"https:\/\/noticiasmercedinas.com\/site\/#\/schema\/person\/84b59c099c28ff2e8b77d4ceec5d8063"},"headline":"Sesi\u00f3n por el DNU: desde Juntos creen que asistir \u201chubiese sido una provocaci\u00f3n\u201d","datePublished":"2023-12-30T17:09:50+00:00","mainEntityOfPage":{"@id":"https:\/\/noticiasmercedinas.com\/site\/2023\/12\/30\/sesion-por-el-dnu-desde-juntos-creen-que-asistir-hubiese-sido-una-provocacion\/"},"wordCount":534,"publisher":{"@id":"https:\/\/noticiasmercedinas.com\/site\/#organization"},"image":{"@id":"https:\/\/noticiasmercedinas.com\/site\/2023\/12\/30\/sesion-por-el-dnu-desde-juntos-creen-que-asistir-hubiese-sido-una-provocacion\/#primaryimage"},"thumbnailUrl":"https:\/\/noticiasmercedinas.com\/site\/wp-content\/uploads\/2023\/12\/HCD11.jpg","keywords":["concejo deliberante","dnu","juntos por el cambio","quorum"],"articleSection":["Politica"],"inLanguage":"es"},{"@type":"WebPage","@id":"https:\/\/noticiasmercedinas.com\/site\/2023\/12\/30\/sesion-por-el-dnu-desde-juntos-creen-que-asistir-hubiese-sido-una-provocacion\/","url":"https:\/\/noticiasmercedinas.com\/site\/2023\/12\/30\/sesion-por-el-dnu-desde-juntos-creen-que-asistir-hubiese-sido-una-provocacion\/","name":"Sesi\u00f3n por el DNU: desde Juntos creen que asistir \u201chubiese sido una provocaci\u00f3n\u201d","isPartOf":{"@id":"https:\/\/noticiasmercedinas.com\/site\/#website"},"primaryImageOfPage":{"@id":"https:\/\/noticiasmercedinas.com\/site\/2023\/12\/30\/sesion-por-el-dnu-desde-juntos-creen-que-asistir-hubiese-sido-una-provocacion\/#primaryimage"},"image":{"@id":"https:\/\/noticiasmercedinas.com\/site\/2023\/12\/30\/sesion-por-el-dnu-desde-juntos-creen-que-asistir-hubiese-sido-una-provocacion\/#primaryimage"},"thumbnailUrl":"https:\/\/noticiasmercedinas.com\/site\/wp-content\/uploads\/2023\/12\/HCD11.jpg","datePublished":"2023-12-30T17:09:50+00:00","breadcrumb":{"@id":"https:\/\/noticiasmercedinas.com\/site\/2023\/12\/30\/sesion-por-el-dnu-desde-juntos-creen-que-asistir-hubiese-sido-una-provocacion\/#breadcrumb"},"inLanguage":"es","potentialAction":[{"@type":"ReadAction","target":["https:\/\/noticiasmercedinas.com\/site\/2023\/12\/30\/sesion-por-el-dnu-desde-juntos-creen-que-asistir-hubiese-sido-una-provocacion\/"]}]},{"@type":"ImageObject","inLanguage":"es","@id":"https:\/\/noticiasmercedinas.com\/site\/2023\/12\/30\/sesion-por-el-dnu-desde-juntos-creen-que-asistir-hubiese-sido-una-provocacion\/#primaryimage","url":"https:\/\/noticiasmercedinas.com\/site\/wp-content\/uploads\/2023\/12\/HCD11.jpg","contentUrl":"https:\/\/noticiasmercedinas.com\/site\/wp-content\/uploads\/2023\/12\/HCD11.jpg","width":640,"height":427},{"@type":"BreadcrumbList","@id":"https:\/\/noticiasmercedinas.com\/site\/2023\/12\/30\/sesion-por-el-dnu-desde-juntos-creen-que-asistir-hubiese-sido-una-provocacion\/#breadcrumb","itemListElement":[{"@type":"ListItem","position":1,"name":"Portada","item":"https:\/\/noticiasmercedinas.com\/site\/"},{"@type":"ListItem","position":2,"name":"Sesi\u00f3n por el DNU: desde Juntos creen que asistir \u201chubiese sido una provocaci\u00f3n\u201d"}]},{"@type":"WebSite","@id":"https:\/\/noticiasmercedinas.com\/site\/#website","url":"https:\/\/noticiasmercedinas.com\/site\/","name":"NOTICIASMERCEDINAS.COM","description":"Mercedes, Buenos Aires, Argentina","publisher":{"@id":"https:\/\/noticiasmercedinas.com\/site\/#organization"},"potentialAction":[{"@type":"SearchAction","target":{"@type":"EntryPoint","urlTemplate":"https:\/\/noticiasmercedinas.com\/site\/?s={search_term_string}"},"query-input":{"@type":"PropertyValueSpecification","valueRequired":true,"valueName":"search_term_string"}}],"inLanguage":"es"},{"@type":"Organization","@id":"https:\/\/noticiasmercedinas.com\/site\/#organization","name":"NOTICIASMERCEDINAS.COM","url":"https:\/\/noticiasmercedinas.com\/site\/","logo":{"@type":"ImageObject","inLanguage":"es","@id":"https:\/\/noticiasmercedinas.com\/site\/#\/schema\/logo\/image\/","url":"https:\/\/noticiasmercedinas.com\/site\/wp-content\/uploads\/2020\/06\/LOGO-512.jpg","contentUrl":"https:\/\/noticiasmercedinas.com\/site\/wp-content\/uploads\/2020\/06\/LOGO-512.jpg","width":512,"height":512,"caption":"NOTICIASMERCEDINAS.COM"},"image":{"@id":"https:\/\/noticiasmercedinas.com\/site\/#\/schema\/logo\/image\/"},"sameAs":["https:\/\/www.facebook.com\/noticiasmercedinas\/","https:\/\/x.com\/notmercedinas","https:\/\/www.instagram.com\/noticiasmercedinas\/"]},{"@type":"Person","@id":"https:\/\/noticiasmercedinas.com\/site\/#\/schema\/person\/84b59c099c28ff2e8b77d4ceec5d8063","name":"NOTICIASMERCEDINAS.COM","image":{"@type":"ImageObject","inLanguage":"es","@id":"https:\/\/secure.gravatar.com\/avatar\/4dfbf16b4d17945bfb6341b2d19043457132fcf478a5ee04f42e959fd8f5df0a?s=96&d=mm&r=g","url":"https:\/\/secure.gravatar.com\/avatar\/4dfbf16b4d17945bfb6341b2d19043457132fcf478a5ee04f42e959fd8f5df0a?s=96&d=mm&r=g","contentUrl":"https:\/\/secure.gravatar.com\/avatar\/4dfbf16b4d17945bfb6341b2d19043457132fcf478a5ee04f42e959fd8f5df0a?s=96&d=mm&r=g","caption":"NOTICIASMERCEDINAS.COM"},"url":"https:\/\/noticiasmercedinas.com\/site\/author\/anonimo\/"}]}},"amp_enabled":true,"_links":{"self":[{"href":"https:\/\/noticiasmercedinas.com\/site\/wp-json\/wp\/v2\/posts\/129158","targetHints":{"allow":["GET"]}}],"collection":[{"href":"https:\/\/noticiasmercedinas.com\/site\/wp-json\/wp\/v2\/posts"}],"about":[{"href":"https:\/\/noticiasmercedinas.com\/site\/wp-json\/wp\/v2\/types\/post"}],"author":[{"embeddable":true,"href":"https:\/\/noticiasmercedinas.com\/site\/wp-json\/wp\/v2\/users\/16"}],"replies":[{"embeddable":true,"href":"https:\/\/noticiasmercedinas.com\/site\/wp-json\/wp\/v2\/comments?post=129158"}],"version-history":[{"count":1,"href":"https:\/\/noticiasmercedinas.com\/site\/wp-json\/wp\/v2\/posts\/129158\/revisions"}],"predecessor-version":[{"id":129160,"href":"https:\/\/noticiasmercedinas.com\/site\/wp-json\/wp\/v2\/posts\/129158\/revisions\/129160"}],"wp:featuredmedia":[{"embeddable":true,"href":"https:\/\/noticiasmercedinas.com\/site\/wp-json\/wp\/v2\/media\/129159"}],"wp:attachment":[{"href":"https:\/\/noticiasmercedinas.com\/site\/wp-json\/wp\/v2\/media?parent=129158"}],"wp:term":[{"taxonomy":"category","embeddable":true,"href":"https:\/\/noticiasmercedinas.com\/site\/wp-json\/wp\/v2\/categories?post=129158"},{"taxonomy":"post_tag","embeddable":true,"href":"https:\/\/noticiasmercedinas.com\/site\/wp-json\/wp\/v2\/tags?post=129158"}],"curies":[{"name":"wp","href":"https:\/\/api.w.org\/{rel}","templated":true}]}}