{"id":129185,"date":"2023-12-31T19:01:53","date_gmt":"2023-12-31T22:01:53","guid":{"rendered":"https:\/\/noticiasmercedinas.com\/site\/?p=129185"},"modified":"2023-12-31T19:01:53","modified_gmt":"2023-12-31T22:01:53","slug":"con-apoyo-municipal-varias-asociaciones-de-la-ciudad-obtienen-su-personeria-juridica","status":"publish","type":"post","link":"https:\/\/noticiasmercedinas.com\/site\/2023\/12\/31\/con-apoyo-municipal-varias-asociaciones-de-la-ciudad-obtienen-su-personeria-juridica\/","title":{"rendered":"Con apoyo municipal, varias asociaciones de la ciudad obtienen su personer\u00eda jur\u00eddica"},"content":{"rendered":"<p><img loading=\"lazy\" decoding=\"async\" class=\"alignnone size-large wp-image-129186\" src=\"https:\/\/noticiasmercedinas.com\/site\/wp-content\/uploads\/2023\/12\/MHM3293-1024x680.jpg\" alt=\"\" width=\"640\" height=\"425\" srcset=\"https:\/\/noticiasmercedinas.com\/site\/wp-content\/uploads\/2023\/12\/MHM3293-1024x680.jpg 1024w, https:\/\/noticiasmercedinas.com\/site\/wp-content\/uploads\/2023\/12\/MHM3293-300x199.jpg 300w, https:\/\/noticiasmercedinas.com\/site\/wp-content\/uploads\/2023\/12\/MHM3293-768x510.jpg 768w, https:\/\/noticiasmercedinas.com\/site\/wp-content\/uploads\/2023\/12\/MHM3293-640x425.jpg 640w, https:\/\/noticiasmercedinas.com\/site\/wp-content\/uploads\/2023\/12\/MHM3293-1280x850.jpg 1280w, https:\/\/noticiasmercedinas.com\/site\/wp-content\/uploads\/2023\/12\/MHM3293-681x452.jpg 681w, https:\/\/noticiasmercedinas.com\/site\/wp-content\/uploads\/2023\/12\/MHM3293.jpg 1323w\" sizes=\"auto, (max-width: 640px) 100vw, 640px\" \/><\/p>\n<p>En un emotivo acto encabezado por el intendente Ustarroz, varias asociaciones de la ciudad de Mercedes lograron formalizar su status legal al recibir la ansiada personer\u00eda jur\u00eddica. Este importante paso hacia la institucionalizaci\u00f3n y reconocimiento de su labor fue posible gracias a un programa de asistencia impulsado y desarrollado por la Secretar\u00eda de Gobierno, bajo la direcci\u00f3n de la Dra. Clara Zunino.<\/p>\n<p>El programa, denominado OrganizAr, tiene como objetivo principal ayudar a regularizar las instituciones civiles. Mara Quiroga, una de las beneficiarias, destac\u00f3 que el proceso se gest\u00f3 a lo largo de m\u00e1s de dos a\u00f1os, durante los cuales se llevaron a cabo capacitaciones, se proporcionaron subsidios para tr\u00e1mites y gastos de libros, se brind\u00f3 asistencia t\u00e9cnica con el apoyo de una contadora y un abogado, entre otros aspectos fundamentales.<\/p>\n<blockquote><p>Este importante paso hacia la institucionalizaci\u00f3n y reconocimiento de su labor fue posible gracias a un programa de asistencia impulsado y desarrollado por la Secretar\u00eda de Gobierno, bajo la direcci\u00f3n de la Dra. Clara Zunino.<\/p><\/blockquote>\n<p>En esta ocasi\u00f3n, cinco organizaciones fueron las protagonistas de este logro hist\u00f3rico: Estrellas Amarillas, el Centro de Jubilados La Tuca, Mercedes Animalistas B.A., la Asociaci\u00f3n de poetas y escritores mercedinos Marcelo Siri, y la Asociaci\u00f3n Civil M\u00f3nica Libares, que representa a la Sociedad de Fomento del Barrio Obrero.<\/p>\n<p>El intendente Ustarroz elogi\u00f3 el esfuerzo conjunto de las asociaciones civiles y la colaboraci\u00f3n del Estado en este proceso. \u00abEs algo hist\u00f3rico para las organizaciones, siendo que se pudo efectuar con la colaboraci\u00f3n, en comunidad, de cada asociaci\u00f3n civil, de la existencia de leyes que nos avalan, desde la solidaridad de un Estado presente\u00bb, coment\u00f3 el mandatario.<\/p>\n<p>Ustarroz tambi\u00e9n destac\u00f3 el trabajo del equipo de Gobierno y la participaci\u00f3n activa de los vecinos, quienes transparentaron sus gestiones para vincularse mejor con otras asociaciones en distintos puntos del pa\u00eds y con los diversos niveles del Estado.<\/p>\n<p>En la ceremonia de entrega estuvieron presentes Mara Quiroga, la secretaria Clara Zunino, y la presidenta del Concejo Deliberante, Mariana San Mart\u00edn.<\/p>\n<p>Sin embargo, el foco principal estuvo en las y los beneficiarios de cada asociaci\u00f3n, quienes vieron materializado un paso hist\u00f3rico en su compromiso con diversas causas en beneficio de la comunidad.<\/p>\n","protected":false},"excerpt":{"rendered":"<p>\u25a0 El intendente Ustarroz elogi\u00f3 el esfuerzo conjunto de las asociaciones civiles y la colaboraci\u00f3n del Estado en este proceso. Fue posible mediante el programa OrganizAr,<\/p>\n","protected":false},"author":16,"featured_media":129186,"comment_status":"closed","ping_status":"closed","sticky":false,"template":"","format":"standard","meta":{"footnotes":""},"categories":[3],"tags":[2431,6346,17775,17776],"class_list":["post-129185","post","type-post","status-publish","format-standard","has-post-thumbnail","hentry","category-sociedad","tag-clara-zunino","tag-instituciones","tag-organizar","tag-personeria-juridica"],"yoast_head":"<!-- This site is optimized with the Yoast SEO plugin v27.4 - https:\/\/yoast.com\/product\/yoast-seo-wordpress\/ -->\n<title>Con apoyo municipal, varias asociaciones de la ciudad obtienen su personer\u00eda jur\u00eddica<\/title>\n<meta name=\"robots\" content=\"index, follow, max-snippet:-1, max-image-preview:large, max-video-preview:-1\" \/>\n<link rel=\"canonical\" href=\"https:\/\/noticiasmercedinas.com\/site\/2023\/12\/31\/con-apoyo-municipal-varias-asociaciones-de-la-ciudad-obtienen-su-personeria-juridica\/\" \/>\n<meta property=\"og:locale\" content=\"es_ES\" \/>\n<meta property=\"og:type\" content=\"article\" \/>\n<meta property=\"og:title\" content=\"Con apoyo municipal, varias asociaciones de la ciudad obtienen su personer\u00eda jur\u00eddica\" \/>\n<meta property=\"og:description\" content=\"\u25a0 El intendente Ustarroz elogi\u00f3 el esfuerzo conjunto de las asociaciones civiles y la colaboraci\u00f3n del Estado en este proceso. Fue posible mediante el programa OrganizAr,\" \/>\n<meta property=\"og:url\" content=\"https:\/\/noticiasmercedinas.com\/site\/2023\/12\/31\/con-apoyo-municipal-varias-asociaciones-de-la-ciudad-obtienen-su-personeria-juridica\/\" \/>\n<meta property=\"og:site_name\" content=\"NOTICIASMERCEDINAS.COM\" \/>\n<meta property=\"article:publisher\" content=\"https:\/\/www.facebook.com\/noticiasmercedinas\/\" \/>\n<meta property=\"article:published_time\" content=\"2023-12-31T22:01:53+00:00\" \/>\n<meta property=\"og:image\" content=\"https:\/\/noticiasmercedinas.com\/site\/wp-content\/uploads\/2023\/12\/MHM3293.jpg\" \/>\n\t<meta property=\"og:image:width\" content=\"1323\" \/>\n\t<meta property=\"og:image:height\" content=\"879\" \/>\n\t<meta property=\"og:image:type\" content=\"image\/jpeg\" \/>\n<meta name=\"author\" content=\"NOTICIASMERCEDINAS.COM\" \/>\n<meta name=\"twitter:card\" content=\"summary_large_image\" \/>\n<meta name=\"twitter:creator\" content=\"@notmercedinas\" \/>\n<meta name=\"twitter:site\" content=\"@notmercedinas\" \/>\n<meta name=\"twitter:label1\" content=\"Escrito por\" \/>\n\t<meta name=\"twitter:data1\" content=\"NOTICIASMERCEDINAS.COM\" \/>\n\t<meta name=\"twitter:label2\" content=\"Tiempo de lectura\" \/>\n\t<meta name=\"twitter:data2\" content=\"2 minutos\" \/>\n<script type=\"application\/ld+json\" class=\"yoast-schema-graph\">{\"@context\":\"https:\\\/\\\/schema.org\",\"@graph\":[{\"@type\":\"Article\",\"@id\":\"https:\\\/\\\/noticiasmercedinas.com\\\/site\\\/2023\\\/12\\\/31\\\/con-apoyo-municipal-varias-asociaciones-de-la-ciudad-obtienen-su-personeria-juridica\\\/#article\",\"isPartOf\":{\"@id\":\"https:\\\/\\\/noticiasmercedinas.com\\\/site\\\/2023\\\/12\\\/31\\\/con-apoyo-municipal-varias-asociaciones-de-la-ciudad-obtienen-su-personeria-juridica\\\/\"},\"author\":{\"name\":\"NOTICIASMERCEDINAS.COM\",\"@id\":\"https:\\\/\\\/noticiasmercedinas.com\\\/site\\\/#\\\/schema\\\/person\\\/84b59c099c28ff2e8b77d4ceec5d8063\"},\"headline\":\"Con apoyo municipal, varias asociaciones de la ciudad obtienen su personer\u00eda jur\u00eddica\",\"datePublished\":\"2023-12-31T22:01:53+00:00\",\"mainEntityOfPage\":{\"@id\":\"https:\\\/\\\/noticiasmercedinas.com\\\/site\\\/2023\\\/12\\\/31\\\/con-apoyo-municipal-varias-asociaciones-de-la-ciudad-obtienen-su-personeria-juridica\\\/\"},\"wordCount\":403,\"publisher\":{\"@id\":\"https:\\\/\\\/noticiasmercedinas.com\\\/site\\\/#organization\"},\"image\":{\"@id\":\"https:\\\/\\\/noticiasmercedinas.com\\\/site\\\/2023\\\/12\\\/31\\\/con-apoyo-municipal-varias-asociaciones-de-la-ciudad-obtienen-su-personeria-juridica\\\/#primaryimage\"},\"thumbnailUrl\":\"https:\\\/\\\/noticiasmercedinas.com\\\/site\\\/wp-content\\\/uploads\\\/2023\\\/12\\\/MHM3293.jpg\",\"keywords\":[\"clara zunino\",\"instituciones\",\"organizar\",\"personer\u00eda jur\u00eddica\"],\"articleSection\":[\"Sociedad\"],\"inLanguage\":\"es\"},{\"@type\":\"WebPage\",\"@id\":\"https:\\\/\\\/noticiasmercedinas.com\\\/site\\\/2023\\\/12\\\/31\\\/con-apoyo-municipal-varias-asociaciones-de-la-ciudad-obtienen-su-personeria-juridica\\\/\",\"url\":\"https:\\\/\\\/noticiasmercedinas.com\\\/site\\\/2023\\\/12\\\/31\\\/con-apoyo-municipal-varias-asociaciones-de-la-ciudad-obtienen-su-personeria-juridica\\\/\",\"name\":\"Con apoyo municipal, varias asociaciones de la ciudad obtienen su personer\u00eda jur\u00eddica\",\"isPartOf\":{\"@id\":\"https:\\\/\\\/noticiasmercedinas.com\\\/site\\\/#website\"},\"primaryImageOfPage\":{\"@id\":\"https:\\\/\\\/noticiasmercedinas.com\\\/site\\\/2023\\\/12\\\/31\\\/con-apoyo-municipal-varias-asociaciones-de-la-ciudad-obtienen-su-personeria-juridica\\\/#primaryimage\"},\"image\":{\"@id\":\"https:\\\/\\\/noticiasmercedinas.com\\\/site\\\/2023\\\/12\\\/31\\\/con-apoyo-municipal-varias-asociaciones-de-la-ciudad-obtienen-su-personeria-juridica\\\/#primaryimage\"},\"thumbnailUrl\":\"https:\\\/\\\/noticiasmercedinas.com\\\/site\\\/wp-content\\\/uploads\\\/2023\\\/12\\\/MHM3293.jpg\",\"datePublished\":\"2023-12-31T22:01:53+00:00\",\"breadcrumb\":{\"@id\":\"https:\\\/\\\/noticiasmercedinas.com\\\/site\\\/2023\\\/12\\\/31\\\/con-apoyo-municipal-varias-asociaciones-de-la-ciudad-obtienen-su-personeria-juridica\\\/#breadcrumb\"},\"inLanguage\":\"es\",\"potentialAction\":[{\"@type\":\"ReadAction\",\"target\":[\"https:\\\/\\\/noticiasmercedinas.com\\\/site\\\/2023\\\/12\\\/31\\\/con-apoyo-municipal-varias-asociaciones-de-la-ciudad-obtienen-su-personeria-juridica\\\/\"]}]},{\"@type\":\"ImageObject\",\"inLanguage\":\"es\",\"@id\":\"https:\\\/\\\/noticiasmercedinas.com\\\/site\\\/2023\\\/12\\\/31\\\/con-apoyo-municipal-varias-asociaciones-de-la-ciudad-obtienen-su-personeria-juridica\\\/#primaryimage\",\"url\":\"https:\\\/\\\/noticiasmercedinas.com\\\/site\\\/wp-content\\\/uploads\\\/2023\\\/12\\\/MHM3293.jpg\",\"contentUrl\":\"https:\\\/\\\/noticiasmercedinas.com\\\/site\\\/wp-content\\\/uploads\\\/2023\\\/12\\\/MHM3293.jpg\",\"width\":1323,\"height\":879},{\"@type\":\"BreadcrumbList\",\"@id\":\"https:\\\/\\\/noticiasmercedinas.com\\\/site\\\/2023\\\/12\\\/31\\\/con-apoyo-municipal-varias-asociaciones-de-la-ciudad-obtienen-su-personeria-juridica\\\/#breadcrumb\",\"itemListElement\":[{\"@type\":\"ListItem\",\"position\":1,\"name\":\"Portada\",\"item\":\"https:\\\/\\\/noticiasmercedinas.com\\\/site\\\/\"},{\"@type\":\"ListItem\",\"position\":2,\"name\":\"Con apoyo municipal, varias asociaciones de la ciudad obtienen su personer\u00eda jur\u00eddica\"}]},{\"@type\":\"WebSite\",\"@id\":\"https:\\\/\\\/noticiasmercedinas.com\\\/site\\\/#website\",\"url\":\"https:\\\/\\\/noticiasmercedinas.com\\\/site\\\/\",\"name\":\"NOTICIASMERCEDINAS.COM\",\"description\":\"Mercedes, Buenos Aires, Argentina\",\"publisher\":{\"@id\":\"https:\\\/\\\/noticiasmercedinas.com\\\/site\\\/#organization\"},\"potentialAction\":[{\"@type\":\"SearchAction\",\"target\":{\"@type\":\"EntryPoint\",\"urlTemplate\":\"https:\\\/\\\/noticiasmercedinas.com\\\/site\\\/?s={search_term_string}\"},\"query-input\":{\"@type\":\"PropertyValueSpecification\",\"valueRequired\":true,\"valueName\":\"search_term_string\"}}],\"inLanguage\":\"es\"},{\"@type\":\"Organization\",\"@id\":\"https:\\\/\\\/noticiasmercedinas.com\\\/site\\\/#organization\",\"name\":\"NOTICIASMERCEDINAS.COM\",\"url\":\"https:\\\/\\\/noticiasmercedinas.com\\\/site\\\/\",\"logo\":{\"@type\":\"ImageObject\",\"inLanguage\":\"es\",\"@id\":\"https:\\\/\\\/noticiasmercedinas.com\\\/site\\\/#\\\/schema\\\/logo\\\/image\\\/\",\"url\":\"https:\\\/\\\/noticiasmercedinas.com\\\/site\\\/wp-content\\\/uploads\\\/2020\\\/06\\\/LOGO-512.jpg\",\"contentUrl\":\"https:\\\/\\\/noticiasmercedinas.com\\\/site\\\/wp-content\\\/uploads\\\/2020\\\/06\\\/LOGO-512.jpg\",\"width\":512,\"height\":512,\"caption\":\"NOTICIASMERCEDINAS.COM\"},\"image\":{\"@id\":\"https:\\\/\\\/noticiasmercedinas.com\\\/site\\\/#\\\/schema\\\/logo\\\/image\\\/\"},\"sameAs\":[\"https:\\\/\\\/www.facebook.com\\\/noticiasmercedinas\\\/\",\"https:\\\/\\\/x.com\\\/notmercedinas\",\"https:\\\/\\\/www.instagram.com\\\/noticiasmercedinas\\\/\"]},{\"@type\":\"Person\",\"@id\":\"https:\\\/\\\/noticiasmercedinas.com\\\/site\\\/#\\\/schema\\\/person\\\/84b59c099c28ff2e8b77d4ceec5d8063\",\"name\":\"NOTICIASMERCEDINAS.COM\",\"image\":{\"@type\":\"ImageObject\",\"inLanguage\":\"es\",\"@id\":\"https:\\\/\\\/secure.gravatar.com\\\/avatar\\\/4dfbf16b4d17945bfb6341b2d19043457132fcf478a5ee04f42e959fd8f5df0a?s=96&d=mm&r=g\",\"url\":\"https:\\\/\\\/secure.gravatar.com\\\/avatar\\\/4dfbf16b4d17945bfb6341b2d19043457132fcf478a5ee04f42e959fd8f5df0a?s=96&d=mm&r=g\",\"contentUrl\":\"https:\\\/\\\/secure.gravatar.com\\\/avatar\\\/4dfbf16b4d17945bfb6341b2d19043457132fcf478a5ee04f42e959fd8f5df0a?s=96&d=mm&r=g\",\"caption\":\"NOTICIASMERCEDINAS.COM\"},\"url\":\"https:\\\/\\\/noticiasmercedinas.com\\\/site\\\/author\\\/anonimo\\\/\"}]}<\/script>\n<!-- \/ Yoast SEO plugin. -->","yoast_head_json":{"title":"Con apoyo municipal, varias asociaciones de la ciudad obtienen su personer\u00eda jur\u00eddica","robots":{"index":"index","follow":"follow","max-snippet":"max-snippet:-1","max-image-preview":"max-image-preview:large","max-video-preview":"max-video-preview:-1"},"canonical":"https:\/\/noticiasmercedinas.com\/site\/2023\/12\/31\/con-apoyo-municipal-varias-asociaciones-de-la-ciudad-obtienen-su-personeria-juridica\/","og_locale":"es_ES","og_type":"article","og_title":"Con apoyo municipal, varias asociaciones de la ciudad obtienen su personer\u00eda jur\u00eddica","og_description":"\u25a0 El intendente Ustarroz elogi\u00f3 el esfuerzo conjunto de las asociaciones civiles y la colaboraci\u00f3n del Estado en este proceso. Fue posible mediante el programa OrganizAr,","og_url":"https:\/\/noticiasmercedinas.com\/site\/2023\/12\/31\/con-apoyo-municipal-varias-asociaciones-de-la-ciudad-obtienen-su-personeria-juridica\/","og_site_name":"NOTICIASMERCEDINAS.COM","article_publisher":"https:\/\/www.facebook.com\/noticiasmercedinas\/","article_published_time":"2023-12-31T22:01:53+00:00","og_image":[{"width":1323,"height":879,"url":"https:\/\/noticiasmercedinas.com\/site\/wp-content\/uploads\/2023\/12\/MHM3293.jpg","type":"image\/jpeg"}],"author":"NOTICIASMERCEDINAS.COM","twitter_card":"summary_large_image","twitter_creator":"@notmercedinas","twitter_site":"@notmercedinas","twitter_misc":{"Escrito por":"NOTICIASMERCEDINAS.COM","Tiempo de lectura":"2 minutos"},"schema":{"@context":"https:\/\/schema.org","@graph":[{"@type":"Article","@id":"https:\/\/noticiasmercedinas.com\/site\/2023\/12\/31\/con-apoyo-municipal-varias-asociaciones-de-la-ciudad-obtienen-su-personeria-juridica\/#article","isPartOf":{"@id":"https:\/\/noticiasmercedinas.com\/site\/2023\/12\/31\/con-apoyo-municipal-varias-asociaciones-de-la-ciudad-obtienen-su-personeria-juridica\/"},"author":{"name":"NOTICIASMERCEDINAS.COM","@id":"https:\/\/noticiasmercedinas.com\/site\/#\/schema\/person\/84b59c099c28ff2e8b77d4ceec5d8063"},"headline":"Con apoyo municipal, varias asociaciones de la ciudad obtienen su personer\u00eda jur\u00eddica","datePublished":"2023-12-31T22:01:53+00:00","mainEntityOfPage":{"@id":"https:\/\/noticiasmercedinas.com\/site\/2023\/12\/31\/con-apoyo-municipal-varias-asociaciones-de-la-ciudad-obtienen-su-personeria-juridica\/"},"wordCount":403,"publisher":{"@id":"https:\/\/noticiasmercedinas.com\/site\/#organization"},"image":{"@id":"https:\/\/noticiasmercedinas.com\/site\/2023\/12\/31\/con-apoyo-municipal-varias-asociaciones-de-la-ciudad-obtienen-su-personeria-juridica\/#primaryimage"},"thumbnailUrl":"https:\/\/noticiasmercedinas.com\/site\/wp-content\/uploads\/2023\/12\/MHM3293.jpg","keywords":["clara zunino","instituciones","organizar","personer\u00eda jur\u00eddica"],"articleSection":["Sociedad"],"inLanguage":"es"},{"@type":"WebPage","@id":"https:\/\/noticiasmercedinas.com\/site\/2023\/12\/31\/con-apoyo-municipal-varias-asociaciones-de-la-ciudad-obtienen-su-personeria-juridica\/","url":"https:\/\/noticiasmercedinas.com\/site\/2023\/12\/31\/con-apoyo-municipal-varias-asociaciones-de-la-ciudad-obtienen-su-personeria-juridica\/","name":"Con apoyo municipal, varias asociaciones de la ciudad obtienen su personer\u00eda jur\u00eddica","isPartOf":{"@id":"https:\/\/noticiasmercedinas.com\/site\/#website"},"primaryImageOfPage":{"@id":"https:\/\/noticiasmercedinas.com\/site\/2023\/12\/31\/con-apoyo-municipal-varias-asociaciones-de-la-ciudad-obtienen-su-personeria-juridica\/#primaryimage"},"image":{"@id":"https:\/\/noticiasmercedinas.com\/site\/2023\/12\/31\/con-apoyo-municipal-varias-asociaciones-de-la-ciudad-obtienen-su-personeria-juridica\/#primaryimage"},"thumbnailUrl":"https:\/\/noticiasmercedinas.com\/site\/wp-content\/uploads\/2023\/12\/MHM3293.jpg","datePublished":"2023-12-31T22:01:53+00:00","breadcrumb":{"@id":"https:\/\/noticiasmercedinas.com\/site\/2023\/12\/31\/con-apoyo-municipal-varias-asociaciones-de-la-ciudad-obtienen-su-personeria-juridica\/#breadcrumb"},"inLanguage":"es","potentialAction":[{"@type":"ReadAction","target":["https:\/\/noticiasmercedinas.com\/site\/2023\/12\/31\/con-apoyo-municipal-varias-asociaciones-de-la-ciudad-obtienen-su-personeria-juridica\/"]}]},{"@type":"ImageObject","inLanguage":"es","@id":"https:\/\/noticiasmercedinas.com\/site\/2023\/12\/31\/con-apoyo-municipal-varias-asociaciones-de-la-ciudad-obtienen-su-personeria-juridica\/#primaryimage","url":"https:\/\/noticiasmercedinas.com\/site\/wp-content\/uploads\/2023\/12\/MHM3293.jpg","contentUrl":"https:\/\/noticiasmercedinas.com\/site\/wp-content\/uploads\/2023\/12\/MHM3293.jpg","width":1323,"height":879},{"@type":"BreadcrumbList","@id":"https:\/\/noticiasmercedinas.com\/site\/2023\/12\/31\/con-apoyo-municipal-varias-asociaciones-de-la-ciudad-obtienen-su-personeria-juridica\/#breadcrumb","itemListElement":[{"@type":"ListItem","position":1,"name":"Portada","item":"https:\/\/noticiasmercedinas.com\/site\/"},{"@type":"ListItem","position":2,"name":"Con apoyo municipal, varias asociaciones de la ciudad obtienen su personer\u00eda jur\u00eddica"}]},{"@type":"WebSite","@id":"https:\/\/noticiasmercedinas.com\/site\/#website","url":"https:\/\/noticiasmercedinas.com\/site\/","name":"NOTICIASMERCEDINAS.COM","description":"Mercedes, Buenos Aires, Argentina","publisher":{"@id":"https:\/\/noticiasmercedinas.com\/site\/#organization"},"potentialAction":[{"@type":"SearchAction","target":{"@type":"EntryPoint","urlTemplate":"https:\/\/noticiasmercedinas.com\/site\/?s={search_term_string}"},"query-input":{"@type":"PropertyValueSpecification","valueRequired":true,"valueName":"search_term_string"}}],"inLanguage":"es"},{"@type":"Organization","@id":"https:\/\/noticiasmercedinas.com\/site\/#organization","name":"NOTICIASMERCEDINAS.COM","url":"https:\/\/noticiasmercedinas.com\/site\/","logo":{"@type":"ImageObject","inLanguage":"es","@id":"https:\/\/noticiasmercedinas.com\/site\/#\/schema\/logo\/image\/","url":"https:\/\/noticiasmercedinas.com\/site\/wp-content\/uploads\/2020\/06\/LOGO-512.jpg","contentUrl":"https:\/\/noticiasmercedinas.com\/site\/wp-content\/uploads\/2020\/06\/LOGO-512.jpg","width":512,"height":512,"caption":"NOTICIASMERCEDINAS.COM"},"image":{"@id":"https:\/\/noticiasmercedinas.com\/site\/#\/schema\/logo\/image\/"},"sameAs":["https:\/\/www.facebook.com\/noticiasmercedinas\/","https:\/\/x.com\/notmercedinas","https:\/\/www.instagram.com\/noticiasmercedinas\/"]},{"@type":"Person","@id":"https:\/\/noticiasmercedinas.com\/site\/#\/schema\/person\/84b59c099c28ff2e8b77d4ceec5d8063","name":"NOTICIASMERCEDINAS.COM","image":{"@type":"ImageObject","inLanguage":"es","@id":"https:\/\/secure.gravatar.com\/avatar\/4dfbf16b4d17945bfb6341b2d19043457132fcf478a5ee04f42e959fd8f5df0a?s=96&d=mm&r=g","url":"https:\/\/secure.gravatar.com\/avatar\/4dfbf16b4d17945bfb6341b2d19043457132fcf478a5ee04f42e959fd8f5df0a?s=96&d=mm&r=g","contentUrl":"https:\/\/secure.gravatar.com\/avatar\/4dfbf16b4d17945bfb6341b2d19043457132fcf478a5ee04f42e959fd8f5df0a?s=96&d=mm&r=g","caption":"NOTICIASMERCEDINAS.COM"},"url":"https:\/\/noticiasmercedinas.com\/site\/author\/anonimo\/"}]}},"amp_enabled":true,"_links":{"self":[{"href":"https:\/\/noticiasmercedinas.com\/site\/wp-json\/wp\/v2\/posts\/129185","targetHints":{"allow":["GET"]}}],"collection":[{"href":"https:\/\/noticiasmercedinas.com\/site\/wp-json\/wp\/v2\/posts"}],"about":[{"href":"https:\/\/noticiasmercedinas.com\/site\/wp-json\/wp\/v2\/types\/post"}],"author":[{"embeddable":true,"href":"https:\/\/noticiasmercedinas.com\/site\/wp-json\/wp\/v2\/users\/16"}],"replies":[{"embeddable":true,"href":"https:\/\/noticiasmercedinas.com\/site\/wp-json\/wp\/v2\/comments?post=129185"}],"version-history":[{"count":1,"href":"https:\/\/noticiasmercedinas.com\/site\/wp-json\/wp\/v2\/posts\/129185\/revisions"}],"predecessor-version":[{"id":129187,"href":"https:\/\/noticiasmercedinas.com\/site\/wp-json\/wp\/v2\/posts\/129185\/revisions\/129187"}],"wp:featuredmedia":[{"embeddable":true,"href":"https:\/\/noticiasmercedinas.com\/site\/wp-json\/wp\/v2\/media\/129186"}],"wp:attachment":[{"href":"https:\/\/noticiasmercedinas.com\/site\/wp-json\/wp\/v2\/media?parent=129185"}],"wp:term":[{"taxonomy":"category","embeddable":true,"href":"https:\/\/noticiasmercedinas.com\/site\/wp-json\/wp\/v2\/categories?post=129185"},{"taxonomy":"post_tag","embeddable":true,"href":"https:\/\/noticiasmercedinas.com\/site\/wp-json\/wp\/v2\/tags?post=129185"}],"curies":[{"name":"wp","href":"https:\/\/api.w.org\/{rel}","templated":true}]}}