{"id":129319,"date":"2024-01-04T20:42:14","date_gmt":"2024-01-04T23:42:14","guid":{"rendered":"https:\/\/noticiasmercedinas.com\/site\/?p=129319"},"modified":"2024-01-04T20:42:14","modified_gmt":"2024-01-04T23:42:14","slug":"dan-a-conocer-los-cortes-programados-de-energia-para-este-viernes-5","status":"publish","type":"post","link":"https:\/\/noticiasmercedinas.com\/site\/2024\/01\/04\/dan-a-conocer-los-cortes-programados-de-energia-para-este-viernes-5\/","title":{"rendered":"Dan a conocer los cortes programados de energ\u00eda para este viernes 5"},"content":{"rendered":"<p><img loading=\"lazy\" decoding=\"async\" class=\"alignnone size-large wp-image-31885\" src=\"https:\/\/noticiasmercedinas.com\/site\/wp-content\/uploads\/2019\/10\/EDEN-Foto-interrupci\u00f3n-programada-1-1024x683.jpg\" alt=\"\" width=\"640\" height=\"427\" \/><\/p>\n<p>Despu\u00e9s de una jornada de cortes de energ\u00eda que gener\u00f3 cierta confusi\u00f3n entre los usuarios, la empresa EDEN anunci\u00f3 el cronograma detallado para los cortes de energ\u00eda el\u00e9ctrica programados en la localidad de Mercedes para este viernes 5 de enero.<\/p>\n<p>La empresa expres\u00f3 su agradecimiento a la comunidad por su paciencia y comprensi\u00f3n durante las obras en curso, subrayando la importancia de estas intervenciones para mejorar el servicio.<\/p>\n<p>Adem\u00e1s, advirti\u00f3 que, en caso de condiciones clim\u00e1ticas adversas, los trabajos podr\u00edan ser reprogramados.<\/p>\n<p>A continuaci\u00f3n, se detallan los horarios estimativos y las \u00e1reas afectadas:<\/p>\n<p>&#8211; De 9 a 11 horas y de 18 a 19 horas: Barrios Villa Industrial Este, Villa Industrial Oeste, Lomas Del Pac\u00edfico, R.J Payro, La Amistad, Malvinas, H. Irigoyen, Oeste, Unzu\u00e9, G\u00fcemes, San Justo, Unidad y Progreso, Marchetti 1 y 2, Redes, 26 Prolongaci\u00f3n y 43 Prolongaci\u00f3n.<\/p>\n<p>&#8211; De 10 a 12 horas y de 17 a 18 horas: Barrios Seminario, Modelo, San Francisco, Molino, Virgen del Rosario, Estrada, Obrero, San Antonio, Uni\u00f3n, San Antonio, Jos\u00e9 Hern\u00e1ndez, Teresita, El Rosedal, Bello Horizonte, Los \u00c1lamos, Las Palmas, Pago Chico, Las Acacias, Los Sauces.<\/p>\n<p>&#8211; De 11 a 13 horas y de 19 a 20 horas: Barrios Norte, Este, Lapenta, Zona c\u00e9ntrica.<\/p>\n<p>&#8211; De 12 a 14 horas y de 18 a 19 horas: Barrios Molino, Seminario, Medalla Milagrosa, Los Duraznos, 3 de octubre, Villa Asunci\u00f3n, Almafuerte, Rosedal.<\/p>\n<p>&#8211; De 13 a 15 horas y de 22 a 23 horas: Barrios San Justo, G\u00fcemes, Villa del Parque, La Amistad, Soldado Balvidares, H Irigoyen, Facundo Quiroga, Mutti, Lopardo, San Mart\u00edn, 12 de Octubre, Ravello, Belgrano, Avellaneda.<\/p>\n<p>&#8211; De 14 a 16 horas y de 21 a 22 horas: Barrios Virgen Del Rosario, Estrada, Uni\u00f3n, Este, Lapenta, Los Robles, Esperanza, Calvillo, Eva Duarte, Norte, Trocha, San Jos\u00e9, Villa Del Parque, Pe\u00f1aloza, zona c\u00e9ntrica.<\/p>\n<p>&#8211; De 15 a 17 horas y de 23 a 00 horas: Barrios Favaloro, Los Para\u00edsos, Las Chancles y aleda\u00f1os.<\/p>\n<p>&#8211; De 16 a 18 horas y de 20 a 21 horas: Barrios Gendarmer\u00eda, Villa Industrial Oeste, R.J Payr\u00f3, Unzu\u00e9, Oeste.<\/p>\n<p>&#8211; De 19 a 21 horas y de 23 a 00 horas: Barrios Santa Teresita, Las Palmas y Parque Industrial.<\/p>\n<p>Los usuarios deber\u00e1n estar atentos a cualquier actualizaci\u00f3n por parte de la empresa y a tomar las precauciones necesarias durante los per\u00edodos de corte.<\/p>\n<p>La empresa reitera su compromiso de brindar un servicio el\u00e9ctrico eficiente y agradece nuevamente la colaboraci\u00f3n de la comunidad.<\/p>\n","protected":false},"excerpt":{"rendered":"<p>\u25a0 Son por obras. En la primera jornada de cortes programados de energ\u00eda estos no siempre coincidieron con lo estipulado en los comunicados de la empresa y lo enviado por email a los usuarios<\/p>\n","protected":false},"author":16,"featured_media":31885,"comment_status":"closed","ping_status":"closed","sticky":false,"template":"","format":"standard","meta":{"footnotes":""},"categories":[3],"tags":[1801,34],"class_list":["post-129319","post","type-post","status-publish","format-standard","has-post-thumbnail","hentry","category-sociedad","tag-corte-de-luz","tag-eden"],"yoast_head":"<!-- This site is optimized with the Yoast SEO plugin v27.4 - https:\/\/yoast.com\/product\/yoast-seo-wordpress\/ -->\n<title>Dan a conocer los cortes programados de energ\u00eda para este viernes 5<\/title>\n<meta name=\"robots\" content=\"index, follow, max-snippet:-1, max-image-preview:large, max-video-preview:-1\" \/>\n<link rel=\"canonical\" href=\"https:\/\/noticiasmercedinas.com\/site\/2024\/01\/04\/dan-a-conocer-los-cortes-programados-de-energia-para-este-viernes-5\/\" \/>\n<meta property=\"og:locale\" content=\"es_ES\" \/>\n<meta property=\"og:type\" content=\"article\" \/>\n<meta property=\"og:title\" content=\"Dan a conocer los cortes programados de energ\u00eda para este viernes 5\" \/>\n<meta property=\"og:description\" content=\"\u25a0 Son por obras. En la primera jornada de cortes programados de energ\u00eda estos no siempre coincidieron con lo estipulado en los comunicados de la empresa y lo enviado por email a los usuarios\" \/>\n<meta property=\"og:url\" content=\"https:\/\/noticiasmercedinas.com\/site\/2024\/01\/04\/dan-a-conocer-los-cortes-programados-de-energia-para-este-viernes-5\/\" \/>\n<meta property=\"og:site_name\" content=\"NOTICIASMERCEDINAS.COM\" \/>\n<meta property=\"article:publisher\" content=\"https:\/\/www.facebook.com\/noticiasmercedinas\/\" \/>\n<meta property=\"article:published_time\" content=\"2024-01-04T23:42:14+00:00\" \/>\n<meta property=\"og:image\" content=\"https:\/\/noticiasmercedinas.com\/site\/wp-content\/uploads\/2019\/10\/EDEN-Foto-interrupci\u00f3n-programada-1-e1638469970347.jpg\" \/>\n\t<meta property=\"og:image:width\" content=\"640\" \/>\n\t<meta property=\"og:image:height\" content=\"427\" \/>\n\t<meta property=\"og:image:type\" content=\"image\/jpeg\" \/>\n<meta name=\"author\" content=\"NOTICIASMERCEDINAS.COM\" \/>\n<meta name=\"twitter:card\" content=\"summary_large_image\" \/>\n<meta name=\"twitter:creator\" content=\"@notmercedinas\" \/>\n<meta name=\"twitter:site\" content=\"@notmercedinas\" \/>\n<meta name=\"twitter:label1\" content=\"Escrito por\" \/>\n\t<meta name=\"twitter:data1\" content=\"NOTICIASMERCEDINAS.COM\" \/>\n\t<meta name=\"twitter:label2\" content=\"Tiempo de lectura\" \/>\n\t<meta name=\"twitter:data2\" content=\"3 minutos\" \/>\n<script type=\"application\/ld+json\" class=\"yoast-schema-graph\">{\"@context\":\"https:\\\/\\\/schema.org\",\"@graph\":[{\"@type\":\"Article\",\"@id\":\"https:\\\/\\\/noticiasmercedinas.com\\\/site\\\/2024\\\/01\\\/04\\\/dan-a-conocer-los-cortes-programados-de-energia-para-este-viernes-5\\\/#article\",\"isPartOf\":{\"@id\":\"https:\\\/\\\/noticiasmercedinas.com\\\/site\\\/2024\\\/01\\\/04\\\/dan-a-conocer-los-cortes-programados-de-energia-para-este-viernes-5\\\/\"},\"author\":{\"name\":\"NOTICIASMERCEDINAS.COM\",\"@id\":\"https:\\\/\\\/noticiasmercedinas.com\\\/site\\\/#\\\/schema\\\/person\\\/84b59c099c28ff2e8b77d4ceec5d8063\"},\"headline\":\"Dan a conocer los cortes programados de energ\u00eda para este viernes 5\",\"datePublished\":\"2024-01-04T23:42:14+00:00\",\"mainEntityOfPage\":{\"@id\":\"https:\\\/\\\/noticiasmercedinas.com\\\/site\\\/2024\\\/01\\\/04\\\/dan-a-conocer-los-cortes-programados-de-energia-para-este-viernes-5\\\/\"},\"wordCount\":408,\"publisher\":{\"@id\":\"https:\\\/\\\/noticiasmercedinas.com\\\/site\\\/#organization\"},\"image\":{\"@id\":\"https:\\\/\\\/noticiasmercedinas.com\\\/site\\\/2024\\\/01\\\/04\\\/dan-a-conocer-los-cortes-programados-de-energia-para-este-viernes-5\\\/#primaryimage\"},\"thumbnailUrl\":\"https:\\\/\\\/noticiasmercedinas.com\\\/site\\\/wp-content\\\/uploads\\\/2019\\\/10\\\/EDEN-Foto-interrupci\u00f3n-programada-1-e1638469970347.jpg\",\"keywords\":[\"corte de luz\",\"eden\"],\"articleSection\":[\"Sociedad\"],\"inLanguage\":\"es\"},{\"@type\":\"WebPage\",\"@id\":\"https:\\\/\\\/noticiasmercedinas.com\\\/site\\\/2024\\\/01\\\/04\\\/dan-a-conocer-los-cortes-programados-de-energia-para-este-viernes-5\\\/\",\"url\":\"https:\\\/\\\/noticiasmercedinas.com\\\/site\\\/2024\\\/01\\\/04\\\/dan-a-conocer-los-cortes-programados-de-energia-para-este-viernes-5\\\/\",\"name\":\"Dan a conocer los cortes programados de energ\u00eda para este viernes 5\",\"isPartOf\":{\"@id\":\"https:\\\/\\\/noticiasmercedinas.com\\\/site\\\/#website\"},\"primaryImageOfPage\":{\"@id\":\"https:\\\/\\\/noticiasmercedinas.com\\\/site\\\/2024\\\/01\\\/04\\\/dan-a-conocer-los-cortes-programados-de-energia-para-este-viernes-5\\\/#primaryimage\"},\"image\":{\"@id\":\"https:\\\/\\\/noticiasmercedinas.com\\\/site\\\/2024\\\/01\\\/04\\\/dan-a-conocer-los-cortes-programados-de-energia-para-este-viernes-5\\\/#primaryimage\"},\"thumbnailUrl\":\"https:\\\/\\\/noticiasmercedinas.com\\\/site\\\/wp-content\\\/uploads\\\/2019\\\/10\\\/EDEN-Foto-interrupci\u00f3n-programada-1-e1638469970347.jpg\",\"datePublished\":\"2024-01-04T23:42:14+00:00\",\"breadcrumb\":{\"@id\":\"https:\\\/\\\/noticiasmercedinas.com\\\/site\\\/2024\\\/01\\\/04\\\/dan-a-conocer-los-cortes-programados-de-energia-para-este-viernes-5\\\/#breadcrumb\"},\"inLanguage\":\"es\",\"potentialAction\":[{\"@type\":\"ReadAction\",\"target\":[\"https:\\\/\\\/noticiasmercedinas.com\\\/site\\\/2024\\\/01\\\/04\\\/dan-a-conocer-los-cortes-programados-de-energia-para-este-viernes-5\\\/\"]}]},{\"@type\":\"ImageObject\",\"inLanguage\":\"es\",\"@id\":\"https:\\\/\\\/noticiasmercedinas.com\\\/site\\\/2024\\\/01\\\/04\\\/dan-a-conocer-los-cortes-programados-de-energia-para-este-viernes-5\\\/#primaryimage\",\"url\":\"https:\\\/\\\/noticiasmercedinas.com\\\/site\\\/wp-content\\\/uploads\\\/2019\\\/10\\\/EDEN-Foto-interrupci\u00f3n-programada-1-e1638469970347.jpg\",\"contentUrl\":\"https:\\\/\\\/noticiasmercedinas.com\\\/site\\\/wp-content\\\/uploads\\\/2019\\\/10\\\/EDEN-Foto-interrupci\u00f3n-programada-1-e1638469970347.jpg\",\"width\":640,\"height\":427},{\"@type\":\"BreadcrumbList\",\"@id\":\"https:\\\/\\\/noticiasmercedinas.com\\\/site\\\/2024\\\/01\\\/04\\\/dan-a-conocer-los-cortes-programados-de-energia-para-este-viernes-5\\\/#breadcrumb\",\"itemListElement\":[{\"@type\":\"ListItem\",\"position\":1,\"name\":\"Portada\",\"item\":\"https:\\\/\\\/noticiasmercedinas.com\\\/site\\\/\"},{\"@type\":\"ListItem\",\"position\":2,\"name\":\"Dan a conocer los cortes programados de energ\u00eda para este viernes 5\"}]},{\"@type\":\"WebSite\",\"@id\":\"https:\\\/\\\/noticiasmercedinas.com\\\/site\\\/#website\",\"url\":\"https:\\\/\\\/noticiasmercedinas.com\\\/site\\\/\",\"name\":\"NOTICIASMERCEDINAS.COM\",\"description\":\"Mercedes, Buenos Aires, Argentina\",\"publisher\":{\"@id\":\"https:\\\/\\\/noticiasmercedinas.com\\\/site\\\/#organization\"},\"potentialAction\":[{\"@type\":\"SearchAction\",\"target\":{\"@type\":\"EntryPoint\",\"urlTemplate\":\"https:\\\/\\\/noticiasmercedinas.com\\\/site\\\/?s={search_term_string}\"},\"query-input\":{\"@type\":\"PropertyValueSpecification\",\"valueRequired\":true,\"valueName\":\"search_term_string\"}}],\"inLanguage\":\"es\"},{\"@type\":\"Organization\",\"@id\":\"https:\\\/\\\/noticiasmercedinas.com\\\/site\\\/#organization\",\"name\":\"NOTICIASMERCEDINAS.COM\",\"url\":\"https:\\\/\\\/noticiasmercedinas.com\\\/site\\\/\",\"logo\":{\"@type\":\"ImageObject\",\"inLanguage\":\"es\",\"@id\":\"https:\\\/\\\/noticiasmercedinas.com\\\/site\\\/#\\\/schema\\\/logo\\\/image\\\/\",\"url\":\"https:\\\/\\\/noticiasmercedinas.com\\\/site\\\/wp-content\\\/uploads\\\/2020\\\/06\\\/LOGO-512.jpg\",\"contentUrl\":\"https:\\\/\\\/noticiasmercedinas.com\\\/site\\\/wp-content\\\/uploads\\\/2020\\\/06\\\/LOGO-512.jpg\",\"width\":512,\"height\":512,\"caption\":\"NOTICIASMERCEDINAS.COM\"},\"image\":{\"@id\":\"https:\\\/\\\/noticiasmercedinas.com\\\/site\\\/#\\\/schema\\\/logo\\\/image\\\/\"},\"sameAs\":[\"https:\\\/\\\/www.facebook.com\\\/noticiasmercedinas\\\/\",\"https:\\\/\\\/x.com\\\/notmercedinas\",\"https:\\\/\\\/www.instagram.com\\\/noticiasmercedinas\\\/\"]},{\"@type\":\"Person\",\"@id\":\"https:\\\/\\\/noticiasmercedinas.com\\\/site\\\/#\\\/schema\\\/person\\\/84b59c099c28ff2e8b77d4ceec5d8063\",\"name\":\"NOTICIASMERCEDINAS.COM\",\"image\":{\"@type\":\"ImageObject\",\"inLanguage\":\"es\",\"@id\":\"https:\\\/\\\/secure.gravatar.com\\\/avatar\\\/4dfbf16b4d17945bfb6341b2d19043457132fcf478a5ee04f42e959fd8f5df0a?s=96&d=mm&r=g\",\"url\":\"https:\\\/\\\/secure.gravatar.com\\\/avatar\\\/4dfbf16b4d17945bfb6341b2d19043457132fcf478a5ee04f42e959fd8f5df0a?s=96&d=mm&r=g\",\"contentUrl\":\"https:\\\/\\\/secure.gravatar.com\\\/avatar\\\/4dfbf16b4d17945bfb6341b2d19043457132fcf478a5ee04f42e959fd8f5df0a?s=96&d=mm&r=g\",\"caption\":\"NOTICIASMERCEDINAS.COM\"},\"url\":\"https:\\\/\\\/noticiasmercedinas.com\\\/site\\\/author\\\/anonimo\\\/\"}]}<\/script>\n<!-- \/ Yoast SEO plugin. -->","yoast_head_json":{"title":"Dan a conocer los cortes programados de energ\u00eda para este viernes 5","robots":{"index":"index","follow":"follow","max-snippet":"max-snippet:-1","max-image-preview":"max-image-preview:large","max-video-preview":"max-video-preview:-1"},"canonical":"https:\/\/noticiasmercedinas.com\/site\/2024\/01\/04\/dan-a-conocer-los-cortes-programados-de-energia-para-este-viernes-5\/","og_locale":"es_ES","og_type":"article","og_title":"Dan a conocer los cortes programados de energ\u00eda para este viernes 5","og_description":"\u25a0 Son por obras. En la primera jornada de cortes programados de energ\u00eda estos no siempre coincidieron con lo estipulado en los comunicados de la empresa y lo enviado por email a los usuarios","og_url":"https:\/\/noticiasmercedinas.com\/site\/2024\/01\/04\/dan-a-conocer-los-cortes-programados-de-energia-para-este-viernes-5\/","og_site_name":"NOTICIASMERCEDINAS.COM","article_publisher":"https:\/\/www.facebook.com\/noticiasmercedinas\/","article_published_time":"2024-01-04T23:42:14+00:00","og_image":[{"width":640,"height":427,"url":"https:\/\/noticiasmercedinas.com\/site\/wp-content\/uploads\/2019\/10\/EDEN-Foto-interrupci\u00f3n-programada-1-e1638469970347.jpg","type":"image\/jpeg"}],"author":"NOTICIASMERCEDINAS.COM","twitter_card":"summary_large_image","twitter_creator":"@notmercedinas","twitter_site":"@notmercedinas","twitter_misc":{"Escrito por":"NOTICIASMERCEDINAS.COM","Tiempo de lectura":"3 minutos"},"schema":{"@context":"https:\/\/schema.org","@graph":[{"@type":"Article","@id":"https:\/\/noticiasmercedinas.com\/site\/2024\/01\/04\/dan-a-conocer-los-cortes-programados-de-energia-para-este-viernes-5\/#article","isPartOf":{"@id":"https:\/\/noticiasmercedinas.com\/site\/2024\/01\/04\/dan-a-conocer-los-cortes-programados-de-energia-para-este-viernes-5\/"},"author":{"name":"NOTICIASMERCEDINAS.COM","@id":"https:\/\/noticiasmercedinas.com\/site\/#\/schema\/person\/84b59c099c28ff2e8b77d4ceec5d8063"},"headline":"Dan a conocer los cortes programados de energ\u00eda para este viernes 5","datePublished":"2024-01-04T23:42:14+00:00","mainEntityOfPage":{"@id":"https:\/\/noticiasmercedinas.com\/site\/2024\/01\/04\/dan-a-conocer-los-cortes-programados-de-energia-para-este-viernes-5\/"},"wordCount":408,"publisher":{"@id":"https:\/\/noticiasmercedinas.com\/site\/#organization"},"image":{"@id":"https:\/\/noticiasmercedinas.com\/site\/2024\/01\/04\/dan-a-conocer-los-cortes-programados-de-energia-para-este-viernes-5\/#primaryimage"},"thumbnailUrl":"https:\/\/noticiasmercedinas.com\/site\/wp-content\/uploads\/2019\/10\/EDEN-Foto-interrupci\u00f3n-programada-1-e1638469970347.jpg","keywords":["corte de luz","eden"],"articleSection":["Sociedad"],"inLanguage":"es"},{"@type":"WebPage","@id":"https:\/\/noticiasmercedinas.com\/site\/2024\/01\/04\/dan-a-conocer-los-cortes-programados-de-energia-para-este-viernes-5\/","url":"https:\/\/noticiasmercedinas.com\/site\/2024\/01\/04\/dan-a-conocer-los-cortes-programados-de-energia-para-este-viernes-5\/","name":"Dan a conocer los cortes programados de energ\u00eda para este viernes 5","isPartOf":{"@id":"https:\/\/noticiasmercedinas.com\/site\/#website"},"primaryImageOfPage":{"@id":"https:\/\/noticiasmercedinas.com\/site\/2024\/01\/04\/dan-a-conocer-los-cortes-programados-de-energia-para-este-viernes-5\/#primaryimage"},"image":{"@id":"https:\/\/noticiasmercedinas.com\/site\/2024\/01\/04\/dan-a-conocer-los-cortes-programados-de-energia-para-este-viernes-5\/#primaryimage"},"thumbnailUrl":"https:\/\/noticiasmercedinas.com\/site\/wp-content\/uploads\/2019\/10\/EDEN-Foto-interrupci\u00f3n-programada-1-e1638469970347.jpg","datePublished":"2024-01-04T23:42:14+00:00","breadcrumb":{"@id":"https:\/\/noticiasmercedinas.com\/site\/2024\/01\/04\/dan-a-conocer-los-cortes-programados-de-energia-para-este-viernes-5\/#breadcrumb"},"inLanguage":"es","potentialAction":[{"@type":"ReadAction","target":["https:\/\/noticiasmercedinas.com\/site\/2024\/01\/04\/dan-a-conocer-los-cortes-programados-de-energia-para-este-viernes-5\/"]}]},{"@type":"ImageObject","inLanguage":"es","@id":"https:\/\/noticiasmercedinas.com\/site\/2024\/01\/04\/dan-a-conocer-los-cortes-programados-de-energia-para-este-viernes-5\/#primaryimage","url":"https:\/\/noticiasmercedinas.com\/site\/wp-content\/uploads\/2019\/10\/EDEN-Foto-interrupci\u00f3n-programada-1-e1638469970347.jpg","contentUrl":"https:\/\/noticiasmercedinas.com\/site\/wp-content\/uploads\/2019\/10\/EDEN-Foto-interrupci\u00f3n-programada-1-e1638469970347.jpg","width":640,"height":427},{"@type":"BreadcrumbList","@id":"https:\/\/noticiasmercedinas.com\/site\/2024\/01\/04\/dan-a-conocer-los-cortes-programados-de-energia-para-este-viernes-5\/#breadcrumb","itemListElement":[{"@type":"ListItem","position":1,"name":"Portada","item":"https:\/\/noticiasmercedinas.com\/site\/"},{"@type":"ListItem","position":2,"name":"Dan a conocer los cortes programados de energ\u00eda para este viernes 5"}]},{"@type":"WebSite","@id":"https:\/\/noticiasmercedinas.com\/site\/#website","url":"https:\/\/noticiasmercedinas.com\/site\/","name":"NOTICIASMERCEDINAS.COM","description":"Mercedes, Buenos Aires, Argentina","publisher":{"@id":"https:\/\/noticiasmercedinas.com\/site\/#organization"},"potentialAction":[{"@type":"SearchAction","target":{"@type":"EntryPoint","urlTemplate":"https:\/\/noticiasmercedinas.com\/site\/?s={search_term_string}"},"query-input":{"@type":"PropertyValueSpecification","valueRequired":true,"valueName":"search_term_string"}}],"inLanguage":"es"},{"@type":"Organization","@id":"https:\/\/noticiasmercedinas.com\/site\/#organization","name":"NOTICIASMERCEDINAS.COM","url":"https:\/\/noticiasmercedinas.com\/site\/","logo":{"@type":"ImageObject","inLanguage":"es","@id":"https:\/\/noticiasmercedinas.com\/site\/#\/schema\/logo\/image\/","url":"https:\/\/noticiasmercedinas.com\/site\/wp-content\/uploads\/2020\/06\/LOGO-512.jpg","contentUrl":"https:\/\/noticiasmercedinas.com\/site\/wp-content\/uploads\/2020\/06\/LOGO-512.jpg","width":512,"height":512,"caption":"NOTICIASMERCEDINAS.COM"},"image":{"@id":"https:\/\/noticiasmercedinas.com\/site\/#\/schema\/logo\/image\/"},"sameAs":["https:\/\/www.facebook.com\/noticiasmercedinas\/","https:\/\/x.com\/notmercedinas","https:\/\/www.instagram.com\/noticiasmercedinas\/"]},{"@type":"Person","@id":"https:\/\/noticiasmercedinas.com\/site\/#\/schema\/person\/84b59c099c28ff2e8b77d4ceec5d8063","name":"NOTICIASMERCEDINAS.COM","image":{"@type":"ImageObject","inLanguage":"es","@id":"https:\/\/secure.gravatar.com\/avatar\/4dfbf16b4d17945bfb6341b2d19043457132fcf478a5ee04f42e959fd8f5df0a?s=96&d=mm&r=g","url":"https:\/\/secure.gravatar.com\/avatar\/4dfbf16b4d17945bfb6341b2d19043457132fcf478a5ee04f42e959fd8f5df0a?s=96&d=mm&r=g","contentUrl":"https:\/\/secure.gravatar.com\/avatar\/4dfbf16b4d17945bfb6341b2d19043457132fcf478a5ee04f42e959fd8f5df0a?s=96&d=mm&r=g","caption":"NOTICIASMERCEDINAS.COM"},"url":"https:\/\/noticiasmercedinas.com\/site\/author\/anonimo\/"}]}},"amp_enabled":true,"_links":{"self":[{"href":"https:\/\/noticiasmercedinas.com\/site\/wp-json\/wp\/v2\/posts\/129319","targetHints":{"allow":["GET"]}}],"collection":[{"href":"https:\/\/noticiasmercedinas.com\/site\/wp-json\/wp\/v2\/posts"}],"about":[{"href":"https:\/\/noticiasmercedinas.com\/site\/wp-json\/wp\/v2\/types\/post"}],"author":[{"embeddable":true,"href":"https:\/\/noticiasmercedinas.com\/site\/wp-json\/wp\/v2\/users\/16"}],"replies":[{"embeddable":true,"href":"https:\/\/noticiasmercedinas.com\/site\/wp-json\/wp\/v2\/comments?post=129319"}],"version-history":[{"count":1,"href":"https:\/\/noticiasmercedinas.com\/site\/wp-json\/wp\/v2\/posts\/129319\/revisions"}],"predecessor-version":[{"id":129320,"href":"https:\/\/noticiasmercedinas.com\/site\/wp-json\/wp\/v2\/posts\/129319\/revisions\/129320"}],"wp:featuredmedia":[{"embeddable":true,"href":"https:\/\/noticiasmercedinas.com\/site\/wp-json\/wp\/v2\/media\/31885"}],"wp:attachment":[{"href":"https:\/\/noticiasmercedinas.com\/site\/wp-json\/wp\/v2\/media?parent=129319"}],"wp:term":[{"taxonomy":"category","embeddable":true,"href":"https:\/\/noticiasmercedinas.com\/site\/wp-json\/wp\/v2\/categories?post=129319"},{"taxonomy":"post_tag","embeddable":true,"href":"https:\/\/noticiasmercedinas.com\/site\/wp-json\/wp\/v2\/tags?post=129319"}],"curies":[{"name":"wp","href":"https:\/\/api.w.org\/{rel}","templated":true}]}}