{"id":12939,"date":"2019-02-27T07:45:17","date_gmt":"2019-02-27T10:45:17","guid":{"rendered":"https:\/\/noticiasmercedinas.com\/site\/2019\/02\/27\/se-lanzo-la-lista-verde-y-blanca-de-ate\/"},"modified":"2019-02-27T08:55:34","modified_gmt":"2019-02-27T11:55:34","slug":"se-lanzo-la-lista-verde-y-blanca-de-ate","status":"publish","type":"post","link":"https:\/\/noticiasmercedinas.com\/site\/2019\/02\/27\/se-lanzo-la-lista-verde-y-blanca-de-ate\/","title":{"rendered":"Se lanz\u00f3 la lista Verde y Blanca de ATE"},"content":{"rendered":"<p><img loading=\"lazy\" decoding=\"async\" class=\"failed alignnone wp-image-12937 size-full\" src=\"https:\/\/noticiasmercedinas.com\/site\/wp-content\/uploads\/2019\/02\/IMG-20190227-WA0002-1.jpg\" width=\"1280\" height=\"960\" srcset=\"https:\/\/noticiasmercedinas.com\/site\/wp-content\/uploads\/2019\/02\/IMG-20190227-WA0002-1.jpg 1280w, https:\/\/noticiasmercedinas.com\/site\/wp-content\/uploads\/2019\/02\/IMG-20190227-WA0002-1-300x225.jpg 300w, https:\/\/noticiasmercedinas.com\/site\/wp-content\/uploads\/2019\/02\/IMG-20190227-WA0002-1-768x576.jpg 768w, https:\/\/noticiasmercedinas.com\/site\/wp-content\/uploads\/2019\/02\/IMG-20190227-WA0002-1-1024x768.jpg 1024w, https:\/\/noticiasmercedinas.com\/site\/wp-content\/uploads\/2019\/02\/IMG-20190227-WA0002-1-80x60.jpg 80w, https:\/\/noticiasmercedinas.com\/site\/wp-content\/uploads\/2019\/02\/IMG-20190227-WA0002-1-160x120.jpg 160w, https:\/\/noticiasmercedinas.com\/site\/wp-content\/uploads\/2019\/02\/IMG-20190227-WA0002-1-100x75.jpg 100w, https:\/\/noticiasmercedinas.com\/site\/wp-content\/uploads\/2019\/02\/IMG-20190227-WA0002-1-200x150.jpg 200w, https:\/\/noticiasmercedinas.com\/site\/wp-content\/uploads\/2019\/02\/IMG-20190227-WA0002-1-180x135.jpg 180w, https:\/\/noticiasmercedinas.com\/site\/wp-content\/uploads\/2019\/02\/IMG-20190227-WA0002-1-360x270.jpg 360w, https:\/\/noticiasmercedinas.com\/site\/wp-content\/uploads\/2019\/02\/IMG-20190227-WA0002-1-238x178.jpg 238w, https:\/\/noticiasmercedinas.com\/site\/wp-content\/uploads\/2019\/02\/IMG-20190227-WA0002-1-476x356.jpg 476w, https:\/\/noticiasmercedinas.com\/site\/wp-content\/uploads\/2019\/02\/IMG-20190227-WA0002-1-640x480.jpg 640w, https:\/\/noticiasmercedinas.com\/site\/wp-content\/uploads\/2019\/02\/IMG-20190227-WA0002-1-681x511.jpg 681w\" sizes=\"auto, (max-width: 1280px) 100vw, 1280px\" \/><\/p>\n<p>Hubo un concurrido lanzamiento de la Verde y Blanca de ATE Mercedes, este martes.<\/p>\n<p>Durante la tarde noche, en las instalaciones de la Casa del Pueblo, se llev\u00f3 adelante el anunciado lanzamiento de la l\u00ednea interna Verde y Blanca de la Asociaci\u00f3n de Trabajadores del Estado (ATE) con la presencia de su referente nacional y actual Secretario General de la Seccional Capital de ATE, Daniel Catalano.<\/p>\n<p>En el marco del impulso a la candidatura de Daniel Catalano en la disputa por la Conducci\u00f3n a nivel nacional del sindicato, y con una gran participaci\u00f3n de trabajadores de distintos sectores de los Estados nacional, provincial y municipal, se dio el puntapi\u00e9 inicial de una l\u00ednea interna de ATE con el objetivo de enfrentar a la hist\u00f3rica lista Verde que conduce el gremio a nivel nacional y local.<\/p>\n<p>Del encuentro participaron trabajadores de distintos organismos, como ANSES, Desarrollo Social de Naci\u00f3n, SENAF, Auxiliares de Educaci\u00f3n, Patronato de Liberados, Registro Civil, Municipales, entre otros. Tambi\u00e9n particip\u00f3 el Intendente municipal Juan Ignacio Ustarroz.<\/p>\n<p>En la apertura, en representaci\u00f3n de los trabajadores locales hizo uso de la palabra Andrea Ricaldi, trabajadora municipal e integrante de la Asamblea de Mujeres Mercedinas, quien expres\u00f3 la alegr\u00eda de darle comienzo a una nueva l\u00ednea interna dentro del sindicato e invit\u00f3 a la participaci\u00f3n activa de los afiliados con el objetivo de recuperar el sindicato para los trabajadores.<\/p>\n<p>Luego, el referente provincial Ruben Schaposnik expres\u00f3 la importancia de la organizaci\u00f3n en todo el territorio de la Provincia de Buenos Aires, que poco a poco va creciendo y fortaleciendo.<\/p>\n<p>Por su parte, Daniel Catalano, actual secretario general de ATE Capital y ya lanzado como candidato para la conducci\u00f3n nacional, en un discurso encendido manifest\u00f3: \u201cEstar en Mercedes nos enorgullece, porque es importante la organizaci\u00f3n territorial de esta lista Verde y Blanca y porque tenemos que caminar codo a codo para articular la actuaci\u00f3n gremial y pol\u00edtica, porque no vemos a Juani Ustarroz como patronal, sino como un compa\u00f1ero de lucha con el que queremos seguir caminando para que nuestro pueblo tenga mejores condiciones de vida, por eso para nosotros no es una contradicci\u00f3n, sino lo contrario, es una firmeza y una garant\u00eda. No puede haber duda de cual es el lugar en el cual tenemos que estar en este momento hist\u00f3rico, porque mas all\u00e1 de la recuperaci\u00f3n de nuestro sindicato, es m\u00e1s importante la recuperaci\u00f3n de nuestra patria, porque si continua el neoliberalismo no va a haber Estado ni trabajadores, por eso no podemos mirar para otro lado en la discusi\u00f3n pol\u00edtica\u201d.<\/p>\n<p>Ustarroz agradeci\u00f3 la invitaci\u00f3n y expres\u00f3: \u201cEs important\u00edsimo desarrollar este tipo de actividades, estos encuentros, donde los trabajadores se unen para organizarse, porque la lucha gremial es parte de la lucha pol\u00edtica, y junto a Daniel venimos encontr\u00e1ndonos hace tiempo, para articular acciones que nos permitan recuperar nuestra patria que tanto da\u00f1o est\u00e1 sufriendo. Como trabajadores debemos ser capaces de unirnos, de caminar juntos, de recuperar el Estado bajo un gobierno nacional y popular, como el de Nestor y Cristina, con todas las correcciones que debamos hacer, pero por sobre todas las cosas para que el neoliberalismo deje de profundizar el ajuste que se est\u00e1 llevando adelante y que afecta directamente al conjunto de nuestro pueblo, principalmente a los trabajadores\u201d.<\/p>\n<p>Por \u00faltimo, se invit\u00f3 a todos los afiliados de ATE Mercedes a sumarse a trabajar colectivamente y de manera horizontal, generando un espacio de lucha pero tambi\u00e9n de contenci\u00f3n de los trabajadores, que no encuentran las respuestas necesarias ante los problemas que la realidad les produce.<\/p>\n<p><img loading=\"lazy\" decoding=\"async\" class=\"alignnone wp-image-12938 size-full\" src=\"https:\/\/noticiasmercedinas.com\/site\/wp-content\/uploads\/2019\/02\/IMG-20190227-WA0003.jpg\" width=\"1280\" height=\"960\" srcset=\"https:\/\/noticiasmercedinas.com\/site\/wp-content\/uploads\/2019\/02\/IMG-20190227-WA0003.jpg 1280w, https:\/\/noticiasmercedinas.com\/site\/wp-content\/uploads\/2019\/02\/IMG-20190227-WA0003-300x225.jpg 300w, https:\/\/noticiasmercedinas.com\/site\/wp-content\/uploads\/2019\/02\/IMG-20190227-WA0003-768x576.jpg 768w, https:\/\/noticiasmercedinas.com\/site\/wp-content\/uploads\/2019\/02\/IMG-20190227-WA0003-1024x768.jpg 1024w, https:\/\/noticiasmercedinas.com\/site\/wp-content\/uploads\/2019\/02\/IMG-20190227-WA0003-80x60.jpg 80w, https:\/\/noticiasmercedinas.com\/site\/wp-content\/uploads\/2019\/02\/IMG-20190227-WA0003-160x120.jpg 160w, https:\/\/noticiasmercedinas.com\/site\/wp-content\/uploads\/2019\/02\/IMG-20190227-WA0003-100x75.jpg 100w, https:\/\/noticiasmercedinas.com\/site\/wp-content\/uploads\/2019\/02\/IMG-20190227-WA0003-200x150.jpg 200w, https:\/\/noticiasmercedinas.com\/site\/wp-content\/uploads\/2019\/02\/IMG-20190227-WA0003-180x135.jpg 180w, https:\/\/noticiasmercedinas.com\/site\/wp-content\/uploads\/2019\/02\/IMG-20190227-WA0003-360x270.jpg 360w, https:\/\/noticiasmercedinas.com\/site\/wp-content\/uploads\/2019\/02\/IMG-20190227-WA0003-238x178.jpg 238w, https:\/\/noticiasmercedinas.com\/site\/wp-content\/uploads\/2019\/02\/IMG-20190227-WA0003-476x356.jpg 476w, https:\/\/noticiasmercedinas.com\/site\/wp-content\/uploads\/2019\/02\/IMG-20190227-WA0003-640x480.jpg 640w, https:\/\/noticiasmercedinas.com\/site\/wp-content\/uploads\/2019\/02\/IMG-20190227-WA0003-681x511.jpg 681w\" sizes=\"auto, (max-width: 1280px) 100vw, 1280px\" \/><\/p>\n","protected":false},"excerpt":{"rendered":"<p>Hubo un concurrido lanzamiento de la Verde y Blanca de ATE Mercedes, este martes. Durante la tarde noche, en las instalaciones de la Casa del Pueblo, se llev\u00f3 adelante el anunciado lanzamiento de la l\u00ednea interna Verde y Blanca de la Asociaci\u00f3n de Trabajadores del Estado (ATE) con la presencia de su referente nacional y [&hellip;]<\/p>\n","protected":false},"author":2,"featured_media":12937,"comment_status":"open","ping_status":"open","sticky":false,"template":"","format":"standard","meta":{"footnotes":""},"categories":[3],"tags":[1514,125,3684,266],"class_list":["post-12939","post","type-post","status-publish","format-standard","has-post-thumbnail","hentry","category-sociedad","tag-asociacion-trabajadores-del-estado","tag-ate","tag-daniel-catalano","tag-juan-ignacio-ustarroz"],"yoast_head":"<!-- This site is optimized with the Yoast SEO plugin v27.4 - https:\/\/yoast.com\/product\/yoast-seo-wordpress\/ -->\n<title>Se lanz\u00f3 la lista Verde y Blanca de ATE<\/title>\n<meta name=\"robots\" content=\"index, follow, max-snippet:-1, max-image-preview:large, max-video-preview:-1\" \/>\n<link rel=\"canonical\" href=\"https:\/\/noticiasmercedinas.com\/site\/2019\/02\/27\/se-lanzo-la-lista-verde-y-blanca-de-ate\/\" \/>\n<meta property=\"og:locale\" content=\"es_ES\" \/>\n<meta property=\"og:type\" content=\"article\" \/>\n<meta property=\"og:title\" content=\"Se lanz\u00f3 la lista Verde y Blanca de ATE\" \/>\n<meta property=\"og:description\" content=\"Hubo un concurrido lanzamiento de la Verde y Blanca de ATE Mercedes, este martes. Durante la tarde noche, en las instalaciones de la Casa del Pueblo, se llev\u00f3 adelante el anunciado lanzamiento de la l\u00ednea interna Verde y Blanca de la Asociaci\u00f3n de Trabajadores del Estado (ATE) con la presencia de su referente nacional y [&hellip;]\" \/>\n<meta property=\"og:url\" content=\"https:\/\/noticiasmercedinas.com\/site\/2019\/02\/27\/se-lanzo-la-lista-verde-y-blanca-de-ate\/\" \/>\n<meta property=\"og:site_name\" content=\"NOTICIASMERCEDINAS.COM\" \/>\n<meta property=\"article:publisher\" content=\"https:\/\/www.facebook.com\/noticiasmercedinas\/\" \/>\n<meta property=\"article:author\" content=\"https:\/\/www.facebook.com\/cristian.falabella\" \/>\n<meta property=\"article:published_time\" content=\"2019-02-27T10:45:17+00:00\" \/>\n<meta property=\"article:modified_time\" content=\"2019-02-27T11:55:34+00:00\" \/>\n<meta property=\"og:image\" content=\"https:\/\/noticiasmercedinas.com\/site\/wp-content\/uploads\/2019\/02\/IMG-20190227-WA0002-1.jpg\" \/>\n\t<meta property=\"og:image:width\" content=\"1280\" \/>\n\t<meta property=\"og:image:height\" content=\"960\" \/>\n\t<meta property=\"og:image:type\" content=\"image\/jpeg\" \/>\n<meta name=\"author\" content=\"Cristian Falabella NOTICIASMERCEDINAS.COM\" \/>\n<meta name=\"twitter:card\" content=\"summary_large_image\" \/>\n<meta name=\"twitter:creator\" content=\"@https:\/\/twitter.com\/NOTMERCEDINAS\" \/>\n<meta name=\"twitter:site\" content=\"@notmercedinas\" \/>\n<meta name=\"twitter:label1\" content=\"Escrito por\" \/>\n\t<meta name=\"twitter:data1\" content=\"Cristian Falabella NOTICIASMERCEDINAS.COM\" \/>\n\t<meta name=\"twitter:label2\" content=\"Tiempo de lectura\" \/>\n\t<meta name=\"twitter:data2\" content=\"3 minutos\" \/>\n<script type=\"application\/ld+json\" class=\"yoast-schema-graph\">{\"@context\":\"https:\\\/\\\/schema.org\",\"@graph\":[{\"@type\":\"Article\",\"@id\":\"https:\\\/\\\/noticiasmercedinas.com\\\/site\\\/2019\\\/02\\\/27\\\/se-lanzo-la-lista-verde-y-blanca-de-ate\\\/#article\",\"isPartOf\":{\"@id\":\"https:\\\/\\\/noticiasmercedinas.com\\\/site\\\/2019\\\/02\\\/27\\\/se-lanzo-la-lista-verde-y-blanca-de-ate\\\/\"},\"author\":{\"name\":\"Cristian Falabella NOTICIASMERCEDINAS.COM\",\"@id\":\"https:\\\/\\\/noticiasmercedinas.com\\\/site\\\/#\\\/schema\\\/person\\\/d481a9696a5feaec13a60e2bbd991a6a\"},\"headline\":\"Se lanz\u00f3 la lista Verde y Blanca de ATE\",\"datePublished\":\"2019-02-27T10:45:17+00:00\",\"dateModified\":\"2019-02-27T11:55:34+00:00\",\"mainEntityOfPage\":{\"@id\":\"https:\\\/\\\/noticiasmercedinas.com\\\/site\\\/2019\\\/02\\\/27\\\/se-lanzo-la-lista-verde-y-blanca-de-ate\\\/\"},\"wordCount\":630,\"commentCount\":0,\"publisher\":{\"@id\":\"https:\\\/\\\/noticiasmercedinas.com\\\/site\\\/#organization\"},\"image\":{\"@id\":\"https:\\\/\\\/noticiasmercedinas.com\\\/site\\\/2019\\\/02\\\/27\\\/se-lanzo-la-lista-verde-y-blanca-de-ate\\\/#primaryimage\"},\"thumbnailUrl\":\"https:\\\/\\\/noticiasmercedinas.com\\\/site\\\/wp-content\\\/uploads\\\/2019\\\/02\\\/IMG-20190227-WA0002-1.jpg\",\"keywords\":[\"Asociaci\u00f3n Trabajadores del Estado\",\"ate\",\"daniel catalano\",\"juan ignacio ustarroz\"],\"articleSection\":[\"Sociedad\"],\"inLanguage\":\"es\",\"potentialAction\":[{\"@type\":\"CommentAction\",\"name\":\"Comment\",\"target\":[\"https:\\\/\\\/noticiasmercedinas.com\\\/site\\\/2019\\\/02\\\/27\\\/se-lanzo-la-lista-verde-y-blanca-de-ate\\\/#respond\"]}]},{\"@type\":\"WebPage\",\"@id\":\"https:\\\/\\\/noticiasmercedinas.com\\\/site\\\/2019\\\/02\\\/27\\\/se-lanzo-la-lista-verde-y-blanca-de-ate\\\/\",\"url\":\"https:\\\/\\\/noticiasmercedinas.com\\\/site\\\/2019\\\/02\\\/27\\\/se-lanzo-la-lista-verde-y-blanca-de-ate\\\/\",\"name\":\"Se lanz\u00f3 la lista Verde y Blanca de ATE\",\"isPartOf\":{\"@id\":\"https:\\\/\\\/noticiasmercedinas.com\\\/site\\\/#website\"},\"primaryImageOfPage\":{\"@id\":\"https:\\\/\\\/noticiasmercedinas.com\\\/site\\\/2019\\\/02\\\/27\\\/se-lanzo-la-lista-verde-y-blanca-de-ate\\\/#primaryimage\"},\"image\":{\"@id\":\"https:\\\/\\\/noticiasmercedinas.com\\\/site\\\/2019\\\/02\\\/27\\\/se-lanzo-la-lista-verde-y-blanca-de-ate\\\/#primaryimage\"},\"thumbnailUrl\":\"https:\\\/\\\/noticiasmercedinas.com\\\/site\\\/wp-content\\\/uploads\\\/2019\\\/02\\\/IMG-20190227-WA0002-1.jpg\",\"datePublished\":\"2019-02-27T10:45:17+00:00\",\"dateModified\":\"2019-02-27T11:55:34+00:00\",\"breadcrumb\":{\"@id\":\"https:\\\/\\\/noticiasmercedinas.com\\\/site\\\/2019\\\/02\\\/27\\\/se-lanzo-la-lista-verde-y-blanca-de-ate\\\/#breadcrumb\"},\"inLanguage\":\"es\",\"potentialAction\":[{\"@type\":\"ReadAction\",\"target\":[\"https:\\\/\\\/noticiasmercedinas.com\\\/site\\\/2019\\\/02\\\/27\\\/se-lanzo-la-lista-verde-y-blanca-de-ate\\\/\"]}]},{\"@type\":\"ImageObject\",\"inLanguage\":\"es\",\"@id\":\"https:\\\/\\\/noticiasmercedinas.com\\\/site\\\/2019\\\/02\\\/27\\\/se-lanzo-la-lista-verde-y-blanca-de-ate\\\/#primaryimage\",\"url\":\"https:\\\/\\\/noticiasmercedinas.com\\\/site\\\/wp-content\\\/uploads\\\/2019\\\/02\\\/IMG-20190227-WA0002-1.jpg\",\"contentUrl\":\"https:\\\/\\\/noticiasmercedinas.com\\\/site\\\/wp-content\\\/uploads\\\/2019\\\/02\\\/IMG-20190227-WA0002-1.jpg\",\"width\":1280,\"height\":960},{\"@type\":\"BreadcrumbList\",\"@id\":\"https:\\\/\\\/noticiasmercedinas.com\\\/site\\\/2019\\\/02\\\/27\\\/se-lanzo-la-lista-verde-y-blanca-de-ate\\\/#breadcrumb\",\"itemListElement\":[{\"@type\":\"ListItem\",\"position\":1,\"name\":\"Portada\",\"item\":\"https:\\\/\\\/noticiasmercedinas.com\\\/site\\\/\"},{\"@type\":\"ListItem\",\"position\":2,\"name\":\"Se lanz\u00f3 la lista Verde y Blanca de ATE\"}]},{\"@type\":\"WebSite\",\"@id\":\"https:\\\/\\\/noticiasmercedinas.com\\\/site\\\/#website\",\"url\":\"https:\\\/\\\/noticiasmercedinas.com\\\/site\\\/\",\"name\":\"NOTICIASMERCEDINAS.COM\",\"description\":\"Mercedes, Buenos Aires, Argentina\",\"publisher\":{\"@id\":\"https:\\\/\\\/noticiasmercedinas.com\\\/site\\\/#organization\"},\"potentialAction\":[{\"@type\":\"SearchAction\",\"target\":{\"@type\":\"EntryPoint\",\"urlTemplate\":\"https:\\\/\\\/noticiasmercedinas.com\\\/site\\\/?s={search_term_string}\"},\"query-input\":{\"@type\":\"PropertyValueSpecification\",\"valueRequired\":true,\"valueName\":\"search_term_string\"}}],\"inLanguage\":\"es\"},{\"@type\":\"Organization\",\"@id\":\"https:\\\/\\\/noticiasmercedinas.com\\\/site\\\/#organization\",\"name\":\"NOTICIASMERCEDINAS.COM\",\"url\":\"https:\\\/\\\/noticiasmercedinas.com\\\/site\\\/\",\"logo\":{\"@type\":\"ImageObject\",\"inLanguage\":\"es\",\"@id\":\"https:\\\/\\\/noticiasmercedinas.com\\\/site\\\/#\\\/schema\\\/logo\\\/image\\\/\",\"url\":\"https:\\\/\\\/noticiasmercedinas.com\\\/site\\\/wp-content\\\/uploads\\\/2020\\\/06\\\/LOGO-512.jpg\",\"contentUrl\":\"https:\\\/\\\/noticiasmercedinas.com\\\/site\\\/wp-content\\\/uploads\\\/2020\\\/06\\\/LOGO-512.jpg\",\"width\":512,\"height\":512,\"caption\":\"NOTICIASMERCEDINAS.COM\"},\"image\":{\"@id\":\"https:\\\/\\\/noticiasmercedinas.com\\\/site\\\/#\\\/schema\\\/logo\\\/image\\\/\"},\"sameAs\":[\"https:\\\/\\\/www.facebook.com\\\/noticiasmercedinas\\\/\",\"https:\\\/\\\/x.com\\\/notmercedinas\",\"https:\\\/\\\/www.instagram.com\\\/noticiasmercedinas\\\/\"]},{\"@type\":\"Person\",\"@id\":\"https:\\\/\\\/noticiasmercedinas.com\\\/site\\\/#\\\/schema\\\/person\\\/d481a9696a5feaec13a60e2bbd991a6a\",\"name\":\"Cristian Falabella NOTICIASMERCEDINAS.COM\",\"image\":{\"@type\":\"ImageObject\",\"inLanguage\":\"es\",\"@id\":\"https:\\\/\\\/secure.gravatar.com\\\/avatar\\\/0dbbfc45970cc46bcd0e57766228574ff3511d6eed045b182f536f0f478c1f06?s=96&d=mm&r=g\",\"url\":\"https:\\\/\\\/secure.gravatar.com\\\/avatar\\\/0dbbfc45970cc46bcd0e57766228574ff3511d6eed045b182f536f0f478c1f06?s=96&d=mm&r=g\",\"contentUrl\":\"https:\\\/\\\/secure.gravatar.com\\\/avatar\\\/0dbbfc45970cc46bcd0e57766228574ff3511d6eed045b182f536f0f478c1f06?s=96&d=mm&r=g\",\"caption\":\"Cristian Falabella NOTICIASMERCEDINAS.COM\"},\"description\":\"Periodista, editor de Noticias Mercedinas. Pas\u00f3 por varias redacciones y emprendimientos de prensa, en distintos formatos y \u00e9pocas. Se especializ\u00f3 --y sigue haci\u00e9ndolo-- en comunicaci\u00f3n en la web y en junio de 2006 fund\u00f3 este diario digital.\",\"sameAs\":[\"https:\\\/\\\/noticiasmercedinas.com\",\"https:\\\/\\\/www.facebook.com\\\/cristian.falabella\",\"https:\\\/\\\/www.instagram.com\\\/noticiasmercedinas\\\/\",\"https:\\\/\\\/x.com\\\/https:\\\/\\\/twitter.com\\\/NOTMERCEDINAS\"],\"url\":\"https:\\\/\\\/noticiasmercedinas.com\\\/site\\\/author\\\/as000384\\\/\"}]}<\/script>\n<!-- \/ Yoast SEO plugin. -->","yoast_head_json":{"title":"Se lanz\u00f3 la lista Verde y Blanca de ATE","robots":{"index":"index","follow":"follow","max-snippet":"max-snippet:-1","max-image-preview":"max-image-preview:large","max-video-preview":"max-video-preview:-1"},"canonical":"https:\/\/noticiasmercedinas.com\/site\/2019\/02\/27\/se-lanzo-la-lista-verde-y-blanca-de-ate\/","og_locale":"es_ES","og_type":"article","og_title":"Se lanz\u00f3 la lista Verde y Blanca de ATE","og_description":"Hubo un concurrido lanzamiento de la Verde y Blanca de ATE Mercedes, este martes. Durante la tarde noche, en las instalaciones de la Casa del Pueblo, se llev\u00f3 adelante el anunciado lanzamiento de la l\u00ednea interna Verde y Blanca de la Asociaci\u00f3n de Trabajadores del Estado (ATE) con la presencia de su referente nacional y [&hellip;]","og_url":"https:\/\/noticiasmercedinas.com\/site\/2019\/02\/27\/se-lanzo-la-lista-verde-y-blanca-de-ate\/","og_site_name":"NOTICIASMERCEDINAS.COM","article_publisher":"https:\/\/www.facebook.com\/noticiasmercedinas\/","article_author":"https:\/\/www.facebook.com\/cristian.falabella","article_published_time":"2019-02-27T10:45:17+00:00","article_modified_time":"2019-02-27T11:55:34+00:00","og_image":[{"width":1280,"height":960,"url":"https:\/\/noticiasmercedinas.com\/site\/wp-content\/uploads\/2019\/02\/IMG-20190227-WA0002-1.jpg","type":"image\/jpeg"}],"author":"Cristian Falabella NOTICIASMERCEDINAS.COM","twitter_card":"summary_large_image","twitter_creator":"@https:\/\/twitter.com\/NOTMERCEDINAS","twitter_site":"@notmercedinas","twitter_misc":{"Escrito por":"Cristian Falabella NOTICIASMERCEDINAS.COM","Tiempo de lectura":"3 minutos"},"schema":{"@context":"https:\/\/schema.org","@graph":[{"@type":"Article","@id":"https:\/\/noticiasmercedinas.com\/site\/2019\/02\/27\/se-lanzo-la-lista-verde-y-blanca-de-ate\/#article","isPartOf":{"@id":"https:\/\/noticiasmercedinas.com\/site\/2019\/02\/27\/se-lanzo-la-lista-verde-y-blanca-de-ate\/"},"author":{"name":"Cristian Falabella NOTICIASMERCEDINAS.COM","@id":"https:\/\/noticiasmercedinas.com\/site\/#\/schema\/person\/d481a9696a5feaec13a60e2bbd991a6a"},"headline":"Se lanz\u00f3 la lista Verde y Blanca de ATE","datePublished":"2019-02-27T10:45:17+00:00","dateModified":"2019-02-27T11:55:34+00:00","mainEntityOfPage":{"@id":"https:\/\/noticiasmercedinas.com\/site\/2019\/02\/27\/se-lanzo-la-lista-verde-y-blanca-de-ate\/"},"wordCount":630,"commentCount":0,"publisher":{"@id":"https:\/\/noticiasmercedinas.com\/site\/#organization"},"image":{"@id":"https:\/\/noticiasmercedinas.com\/site\/2019\/02\/27\/se-lanzo-la-lista-verde-y-blanca-de-ate\/#primaryimage"},"thumbnailUrl":"https:\/\/noticiasmercedinas.com\/site\/wp-content\/uploads\/2019\/02\/IMG-20190227-WA0002-1.jpg","keywords":["Asociaci\u00f3n Trabajadores del Estado","ate","daniel catalano","juan ignacio ustarroz"],"articleSection":["Sociedad"],"inLanguage":"es","potentialAction":[{"@type":"CommentAction","name":"Comment","target":["https:\/\/noticiasmercedinas.com\/site\/2019\/02\/27\/se-lanzo-la-lista-verde-y-blanca-de-ate\/#respond"]}]},{"@type":"WebPage","@id":"https:\/\/noticiasmercedinas.com\/site\/2019\/02\/27\/se-lanzo-la-lista-verde-y-blanca-de-ate\/","url":"https:\/\/noticiasmercedinas.com\/site\/2019\/02\/27\/se-lanzo-la-lista-verde-y-blanca-de-ate\/","name":"Se lanz\u00f3 la lista Verde y Blanca de ATE","isPartOf":{"@id":"https:\/\/noticiasmercedinas.com\/site\/#website"},"primaryImageOfPage":{"@id":"https:\/\/noticiasmercedinas.com\/site\/2019\/02\/27\/se-lanzo-la-lista-verde-y-blanca-de-ate\/#primaryimage"},"image":{"@id":"https:\/\/noticiasmercedinas.com\/site\/2019\/02\/27\/se-lanzo-la-lista-verde-y-blanca-de-ate\/#primaryimage"},"thumbnailUrl":"https:\/\/noticiasmercedinas.com\/site\/wp-content\/uploads\/2019\/02\/IMG-20190227-WA0002-1.jpg","datePublished":"2019-02-27T10:45:17+00:00","dateModified":"2019-02-27T11:55:34+00:00","breadcrumb":{"@id":"https:\/\/noticiasmercedinas.com\/site\/2019\/02\/27\/se-lanzo-la-lista-verde-y-blanca-de-ate\/#breadcrumb"},"inLanguage":"es","potentialAction":[{"@type":"ReadAction","target":["https:\/\/noticiasmercedinas.com\/site\/2019\/02\/27\/se-lanzo-la-lista-verde-y-blanca-de-ate\/"]}]},{"@type":"ImageObject","inLanguage":"es","@id":"https:\/\/noticiasmercedinas.com\/site\/2019\/02\/27\/se-lanzo-la-lista-verde-y-blanca-de-ate\/#primaryimage","url":"https:\/\/noticiasmercedinas.com\/site\/wp-content\/uploads\/2019\/02\/IMG-20190227-WA0002-1.jpg","contentUrl":"https:\/\/noticiasmercedinas.com\/site\/wp-content\/uploads\/2019\/02\/IMG-20190227-WA0002-1.jpg","width":1280,"height":960},{"@type":"BreadcrumbList","@id":"https:\/\/noticiasmercedinas.com\/site\/2019\/02\/27\/se-lanzo-la-lista-verde-y-blanca-de-ate\/#breadcrumb","itemListElement":[{"@type":"ListItem","position":1,"name":"Portada","item":"https:\/\/noticiasmercedinas.com\/site\/"},{"@type":"ListItem","position":2,"name":"Se lanz\u00f3 la lista Verde y Blanca de ATE"}]},{"@type":"WebSite","@id":"https:\/\/noticiasmercedinas.com\/site\/#website","url":"https:\/\/noticiasmercedinas.com\/site\/","name":"NOTICIASMERCEDINAS.COM","description":"Mercedes, Buenos Aires, Argentina","publisher":{"@id":"https:\/\/noticiasmercedinas.com\/site\/#organization"},"potentialAction":[{"@type":"SearchAction","target":{"@type":"EntryPoint","urlTemplate":"https:\/\/noticiasmercedinas.com\/site\/?s={search_term_string}"},"query-input":{"@type":"PropertyValueSpecification","valueRequired":true,"valueName":"search_term_string"}}],"inLanguage":"es"},{"@type":"Organization","@id":"https:\/\/noticiasmercedinas.com\/site\/#organization","name":"NOTICIASMERCEDINAS.COM","url":"https:\/\/noticiasmercedinas.com\/site\/","logo":{"@type":"ImageObject","inLanguage":"es","@id":"https:\/\/noticiasmercedinas.com\/site\/#\/schema\/logo\/image\/","url":"https:\/\/noticiasmercedinas.com\/site\/wp-content\/uploads\/2020\/06\/LOGO-512.jpg","contentUrl":"https:\/\/noticiasmercedinas.com\/site\/wp-content\/uploads\/2020\/06\/LOGO-512.jpg","width":512,"height":512,"caption":"NOTICIASMERCEDINAS.COM"},"image":{"@id":"https:\/\/noticiasmercedinas.com\/site\/#\/schema\/logo\/image\/"},"sameAs":["https:\/\/www.facebook.com\/noticiasmercedinas\/","https:\/\/x.com\/notmercedinas","https:\/\/www.instagram.com\/noticiasmercedinas\/"]},{"@type":"Person","@id":"https:\/\/noticiasmercedinas.com\/site\/#\/schema\/person\/d481a9696a5feaec13a60e2bbd991a6a","name":"Cristian Falabella NOTICIASMERCEDINAS.COM","image":{"@type":"ImageObject","inLanguage":"es","@id":"https:\/\/secure.gravatar.com\/avatar\/0dbbfc45970cc46bcd0e57766228574ff3511d6eed045b182f536f0f478c1f06?s=96&d=mm&r=g","url":"https:\/\/secure.gravatar.com\/avatar\/0dbbfc45970cc46bcd0e57766228574ff3511d6eed045b182f536f0f478c1f06?s=96&d=mm&r=g","contentUrl":"https:\/\/secure.gravatar.com\/avatar\/0dbbfc45970cc46bcd0e57766228574ff3511d6eed045b182f536f0f478c1f06?s=96&d=mm&r=g","caption":"Cristian Falabella NOTICIASMERCEDINAS.COM"},"description":"Periodista, editor de Noticias Mercedinas. Pas\u00f3 por varias redacciones y emprendimientos de prensa, en distintos formatos y \u00e9pocas. Se especializ\u00f3 --y sigue haci\u00e9ndolo-- en comunicaci\u00f3n en la web y en junio de 2006 fund\u00f3 este diario digital.","sameAs":["https:\/\/noticiasmercedinas.com","https:\/\/www.facebook.com\/cristian.falabella","https:\/\/www.instagram.com\/noticiasmercedinas\/","https:\/\/x.com\/https:\/\/twitter.com\/NOTMERCEDINAS"],"url":"https:\/\/noticiasmercedinas.com\/site\/author\/as000384\/"}]}},"amp_enabled":true,"_links":{"self":[{"href":"https:\/\/noticiasmercedinas.com\/site\/wp-json\/wp\/v2\/posts\/12939","targetHints":{"allow":["GET"]}}],"collection":[{"href":"https:\/\/noticiasmercedinas.com\/site\/wp-json\/wp\/v2\/posts"}],"about":[{"href":"https:\/\/noticiasmercedinas.com\/site\/wp-json\/wp\/v2\/types\/post"}],"author":[{"embeddable":true,"href":"https:\/\/noticiasmercedinas.com\/site\/wp-json\/wp\/v2\/users\/2"}],"replies":[{"embeddable":true,"href":"https:\/\/noticiasmercedinas.com\/site\/wp-json\/wp\/v2\/comments?post=12939"}],"version-history":[{"count":1,"href":"https:\/\/noticiasmercedinas.com\/site\/wp-json\/wp\/v2\/posts\/12939\/revisions"}],"predecessor-version":[{"id":12949,"href":"https:\/\/noticiasmercedinas.com\/site\/wp-json\/wp\/v2\/posts\/12939\/revisions\/12949"}],"wp:featuredmedia":[{"embeddable":true,"href":"https:\/\/noticiasmercedinas.com\/site\/wp-json\/wp\/v2\/media\/12937"}],"wp:attachment":[{"href":"https:\/\/noticiasmercedinas.com\/site\/wp-json\/wp\/v2\/media?parent=12939"}],"wp:term":[{"taxonomy":"category","embeddable":true,"href":"https:\/\/noticiasmercedinas.com\/site\/wp-json\/wp\/v2\/categories?post=12939"},{"taxonomy":"post_tag","embeddable":true,"href":"https:\/\/noticiasmercedinas.com\/site\/wp-json\/wp\/v2\/tags?post=12939"}],"curies":[{"name":"wp","href":"https:\/\/api.w.org\/{rel}","templated":true}]}}