{"id":12941,"date":"2019-02-27T07:53:05","date_gmt":"2019-02-27T10:53:05","guid":{"rendered":"https:\/\/noticiasmercedinas.com\/site\/2019\/02\/27\/violencia-de-genero-derechos-humanos-presento-el-sistema-de-tobilleras-duales-a-municipios\/"},"modified":"2019-02-27T07:53:05","modified_gmt":"2019-02-27T10:53:05","slug":"violencia-de-genero-derechos-humanos-presento-el-sistema-de-tobilleras-duales-a-municipios","status":"publish","type":"post","link":"https:\/\/noticiasmercedinas.com\/site\/2019\/02\/27\/violencia-de-genero-derechos-humanos-presento-el-sistema-de-tobilleras-duales-a-municipios\/","title":{"rendered":"Violencia de g\u00e9nero: Derechos Humanos present\u00f3 el sistema de tobilleras duales a municipios"},"content":{"rendered":"<p><img loading=\"lazy\" decoding=\"async\" class=\"wp-image-12940 alignnone size-full\" src=\"https:\/\/noticiasmercedinas.com\/site\/wp-content\/uploads\/2019\/02\/IMG-20190226-WA0028.jpg\" width=\"1000\" height=\"667\" srcset=\"https:\/\/noticiasmercedinas.com\/site\/wp-content\/uploads\/2019\/02\/IMG-20190226-WA0028.jpg 1000w, https:\/\/noticiasmercedinas.com\/site\/wp-content\/uploads\/2019\/02\/IMG-20190226-WA0028-300x200.jpg 300w, https:\/\/noticiasmercedinas.com\/site\/wp-content\/uploads\/2019\/02\/IMG-20190226-WA0028-768x512.jpg 768w, https:\/\/noticiasmercedinas.com\/site\/wp-content\/uploads\/2019\/02\/IMG-20190226-WA0028-640x427.jpg 640w, https:\/\/noticiasmercedinas.com\/site\/wp-content\/uploads\/2019\/02\/IMG-20190226-WA0028-681x454.jpg 681w\" sizes=\"auto, (max-width: 1000px) 100vw, 1000px\" \/><\/p>\n<p>La Secretar\u00eda de Derechos Humanos present\u00f3 el Programa de Tobilleras Electr\u00f3nicas Duales a 16 municipios de la provincia para proteger a las mujeres que se encuentren en situaci\u00f3n de violencia. En el acto se realiz\u00f3 la entrega de 60 dispositivos, que permitir\u00e1n la supervisi\u00f3n en tiempo real de las v\u00edctimas y sus agresores.<\/p>\n<p>A partir un convenio entre el Ministerio de Justicia de Naci\u00f3n y la Secretar\u00eda de Derechos Humanos de la Provincia, surgi\u00f3 \u00e9ste Programa, implementado a trav\u00e9s del Instituto Provincial de G\u00e9nero y Diversidad Sexual y el Servicio Penitenciario Bonaerense (SPB), que no s\u00f3lo evita acercamientos, sino tambi\u00e9n, supervisa el efectivo cumplimiento de las medidas judiciales, como una restricci\u00f3n perimetral.<\/p>\n<p>Este sistema dual tiene eficacia preventiva, ya que permite geoposicionar al potencial agresor y saber si \u00e9ste se encuentra cerca del l\u00edmite de acercamiento. En el caso de que sea vulnerado, se interviene inmediatamente. De \u00e9sta manera, se releva del control del dispositivo a la v\u00edctima (a diferencia de otros dispositivos como el bot\u00f3n antip\u00e1nico), y centra el monitoreo en el posible atacante.<\/p>\n<p>Durante el a\u00f1o 2018 se realiz\u00f3 una prueba piloto en el municipio de San Mart\u00edn, con resultados positivos, ya que en todos los casos incorporados al programa se logr\u00f3 la protecci\u00f3n de las mujeres y sus hijos.<\/p>\n<p>\u201cLa iniciativa se realiza en forma articulada con el Servicio Penitenciario, que define mediante un protocolo los casos en que se usa, y realiza el monitoreo de la pareja; se implementar\u00e1 a trav\u00e9s del juzgado, y se derivar\u00e1 a las \u00e1reas de g\u00e9nero municipales. Esto posibilitar\u00e1 que no haya dudas ni reclamos en cuanto a la notificaci\u00f3n. Una vez que se incumpli\u00f3, el agresor va detenido, \u00e9sta medida es una \u00faltima instancia\u201d, explic\u00f3 la presidenta del Instituto de G\u00e9nero y Diversidad Sexual, Agustina Ayll\u00f3n.<\/p>\n<p>Los dispositivos fueron provistos por el gobierno nacional, en el marco del Plan Nacional de Acci\u00f3n para la Prevenci\u00f3n, Asistencia y Erradicaci\u00f3n de la Violencia contra las Mujeres.<\/p>\n<p>Las tobilleras electr\u00f3nicas act\u00faan como una medida de protecci\u00f3n complementaria a las medidas cautelares en situaciones donde hay un alto riesgo de vida, se adjudica por orden judicial y contempla la prohibici\u00f3n de acercamiento controlada electr\u00f3nicamente.<\/p>\n<p>\u201cMe parece excelente la iniciativa, y es la primera vez que trabajan la Provincia, Naci\u00f3n y los municipios juntos, y me parece excepcional\u201d, se\u00f1al\u00f3 la directora de pol\u00edticas de G\u00e9nero y Diversidad Sexual de Mor\u00f3n, Liliana Romero. En tanto, su par de Tandil, Andrea Rossetti, asegur\u00f3 que es una iniciativa superadora para los casos de mayor riesgo. El sistema refuerza la protecci\u00f3n a la mujer, y nos parece fundamental para un cambio de paradigma porque pone la mirada en el agresor\u201d.<\/p>\n<p>En este sentido, el sistema permite al Estado asumir un rol proactivo a la hora de proteger de forma efectiva a las v\u00edctimas de la violencia de g\u00e9nero, favorece el control de la medida, genera pruebas judiciales ante los incumplimientos, y mejora la calidad de vida de las mujeres.<\/p>\n","protected":false},"excerpt":{"rendered":"<p>La Secretar\u00eda de Derechos Humanos present\u00f3 el Programa de Tobilleras Electr\u00f3nicas Duales a 16 municipios de la provincia para proteger a las mujeres que se encuentren en situaci\u00f3n de violencia. En el acto se realiz\u00f3 la entrega de 60 dispositivos, que permitir\u00e1n la supervisi\u00f3n en tiempo real de las v\u00edctimas y sus agresores. A partir [&hellip;]<\/p>\n","protected":false},"author":2,"featured_media":12940,"comment_status":"open","ping_status":"open","sticky":false,"template":"","format":"standard","meta":{"footnotes":""},"categories":[139],"tags":[772,142,3312],"class_list":["post-12941","post","type-post","status-publish","format-standard","has-post-thumbnail","hentry","category-regionales","tag-ddhh","tag-provincia","tag-violencia-de-genero"],"yoast_head":"<!-- This site is optimized with the Yoast SEO plugin v27.4 - https:\/\/yoast.com\/product\/yoast-seo-wordpress\/ -->\n<title>Violencia de g\u00e9nero: Derechos Humanos present\u00f3 el sistema de tobilleras duales a municipios<\/title>\n<meta name=\"robots\" content=\"index, follow, max-snippet:-1, max-image-preview:large, max-video-preview:-1\" \/>\n<link rel=\"canonical\" href=\"https:\/\/noticiasmercedinas.com\/site\/2019\/02\/27\/violencia-de-genero-derechos-humanos-presento-el-sistema-de-tobilleras-duales-a-municipios\/\" \/>\n<meta property=\"og:locale\" content=\"es_ES\" \/>\n<meta property=\"og:type\" content=\"article\" \/>\n<meta property=\"og:title\" content=\"Violencia de g\u00e9nero: Derechos Humanos present\u00f3 el sistema de tobilleras duales a municipios\" \/>\n<meta property=\"og:description\" content=\"La Secretar\u00eda de Derechos Humanos present\u00f3 el Programa de Tobilleras Electr\u00f3nicas Duales a 16 municipios de la provincia para proteger a las mujeres que se encuentren en situaci\u00f3n de violencia. En el acto se realiz\u00f3 la entrega de 60 dispositivos, que permitir\u00e1n la supervisi\u00f3n en tiempo real de las v\u00edctimas y sus agresores. A partir [&hellip;]\" \/>\n<meta property=\"og:url\" content=\"https:\/\/noticiasmercedinas.com\/site\/2019\/02\/27\/violencia-de-genero-derechos-humanos-presento-el-sistema-de-tobilleras-duales-a-municipios\/\" \/>\n<meta property=\"og:site_name\" content=\"NOTICIASMERCEDINAS.COM\" \/>\n<meta property=\"article:publisher\" content=\"https:\/\/www.facebook.com\/noticiasmercedinas\/\" \/>\n<meta property=\"article:author\" content=\"https:\/\/www.facebook.com\/cristian.falabella\" \/>\n<meta property=\"article:published_time\" content=\"2019-02-27T10:53:05+00:00\" \/>\n<meta property=\"og:image\" content=\"https:\/\/noticiasmercedinas.com\/site\/wp-content\/uploads\/2019\/02\/IMG-20190226-WA0028.jpg\" \/>\n\t<meta property=\"og:image:width\" content=\"1000\" \/>\n\t<meta property=\"og:image:height\" content=\"667\" \/>\n\t<meta property=\"og:image:type\" content=\"image\/jpeg\" \/>\n<meta name=\"author\" content=\"Cristian Falabella NOTICIASMERCEDINAS.COM\" \/>\n<meta name=\"twitter:card\" content=\"summary_large_image\" \/>\n<meta name=\"twitter:creator\" content=\"@https:\/\/twitter.com\/NOTMERCEDINAS\" \/>\n<meta name=\"twitter:site\" content=\"@notmercedinas\" \/>\n<meta name=\"twitter:label1\" content=\"Escrito por\" \/>\n\t<meta name=\"twitter:data1\" content=\"Cristian Falabella NOTICIASMERCEDINAS.COM\" \/>\n\t<meta name=\"twitter:label2\" content=\"Tiempo de lectura\" \/>\n\t<meta name=\"twitter:data2\" content=\"3 minutos\" \/>\n<script type=\"application\/ld+json\" class=\"yoast-schema-graph\">{\"@context\":\"https:\\\/\\\/schema.org\",\"@graph\":[{\"@type\":\"Article\",\"@id\":\"https:\\\/\\\/noticiasmercedinas.com\\\/site\\\/2019\\\/02\\\/27\\\/violencia-de-genero-derechos-humanos-presento-el-sistema-de-tobilleras-duales-a-municipios\\\/#article\",\"isPartOf\":{\"@id\":\"https:\\\/\\\/noticiasmercedinas.com\\\/site\\\/2019\\\/02\\\/27\\\/violencia-de-genero-derechos-humanos-presento-el-sistema-de-tobilleras-duales-a-municipios\\\/\"},\"author\":{\"name\":\"Cristian Falabella NOTICIASMERCEDINAS.COM\",\"@id\":\"https:\\\/\\\/noticiasmercedinas.com\\\/site\\\/#\\\/schema\\\/person\\\/d481a9696a5feaec13a60e2bbd991a6a\"},\"headline\":\"Violencia de g\u00e9nero: Derechos Humanos present\u00f3 el sistema de tobilleras duales a municipios\",\"datePublished\":\"2019-02-27T10:53:05+00:00\",\"mainEntityOfPage\":{\"@id\":\"https:\\\/\\\/noticiasmercedinas.com\\\/site\\\/2019\\\/02\\\/27\\\/violencia-de-genero-derechos-humanos-presento-el-sistema-de-tobilleras-duales-a-municipios\\\/\"},\"wordCount\":542,\"commentCount\":0,\"publisher\":{\"@id\":\"https:\\\/\\\/noticiasmercedinas.com\\\/site\\\/#organization\"},\"image\":{\"@id\":\"https:\\\/\\\/noticiasmercedinas.com\\\/site\\\/2019\\\/02\\\/27\\\/violencia-de-genero-derechos-humanos-presento-el-sistema-de-tobilleras-duales-a-municipios\\\/#primaryimage\"},\"thumbnailUrl\":\"https:\\\/\\\/noticiasmercedinas.com\\\/site\\\/wp-content\\\/uploads\\\/2019\\\/02\\\/IMG-20190226-WA0028.jpg\",\"keywords\":[\"DDHH\",\"provincia\",\"Violencia de g\u00e9nero\"],\"articleSection\":[\"Regionales\"],\"inLanguage\":\"es\",\"potentialAction\":[{\"@type\":\"CommentAction\",\"name\":\"Comment\",\"target\":[\"https:\\\/\\\/noticiasmercedinas.com\\\/site\\\/2019\\\/02\\\/27\\\/violencia-de-genero-derechos-humanos-presento-el-sistema-de-tobilleras-duales-a-municipios\\\/#respond\"]}]},{\"@type\":\"WebPage\",\"@id\":\"https:\\\/\\\/noticiasmercedinas.com\\\/site\\\/2019\\\/02\\\/27\\\/violencia-de-genero-derechos-humanos-presento-el-sistema-de-tobilleras-duales-a-municipios\\\/\",\"url\":\"https:\\\/\\\/noticiasmercedinas.com\\\/site\\\/2019\\\/02\\\/27\\\/violencia-de-genero-derechos-humanos-presento-el-sistema-de-tobilleras-duales-a-municipios\\\/\",\"name\":\"Violencia de g\u00e9nero: Derechos Humanos present\u00f3 el sistema de tobilleras duales a municipios\",\"isPartOf\":{\"@id\":\"https:\\\/\\\/noticiasmercedinas.com\\\/site\\\/#website\"},\"primaryImageOfPage\":{\"@id\":\"https:\\\/\\\/noticiasmercedinas.com\\\/site\\\/2019\\\/02\\\/27\\\/violencia-de-genero-derechos-humanos-presento-el-sistema-de-tobilleras-duales-a-municipios\\\/#primaryimage\"},\"image\":{\"@id\":\"https:\\\/\\\/noticiasmercedinas.com\\\/site\\\/2019\\\/02\\\/27\\\/violencia-de-genero-derechos-humanos-presento-el-sistema-de-tobilleras-duales-a-municipios\\\/#primaryimage\"},\"thumbnailUrl\":\"https:\\\/\\\/noticiasmercedinas.com\\\/site\\\/wp-content\\\/uploads\\\/2019\\\/02\\\/IMG-20190226-WA0028.jpg\",\"datePublished\":\"2019-02-27T10:53:05+00:00\",\"breadcrumb\":{\"@id\":\"https:\\\/\\\/noticiasmercedinas.com\\\/site\\\/2019\\\/02\\\/27\\\/violencia-de-genero-derechos-humanos-presento-el-sistema-de-tobilleras-duales-a-municipios\\\/#breadcrumb\"},\"inLanguage\":\"es\",\"potentialAction\":[{\"@type\":\"ReadAction\",\"target\":[\"https:\\\/\\\/noticiasmercedinas.com\\\/site\\\/2019\\\/02\\\/27\\\/violencia-de-genero-derechos-humanos-presento-el-sistema-de-tobilleras-duales-a-municipios\\\/\"]}]},{\"@type\":\"ImageObject\",\"inLanguage\":\"es\",\"@id\":\"https:\\\/\\\/noticiasmercedinas.com\\\/site\\\/2019\\\/02\\\/27\\\/violencia-de-genero-derechos-humanos-presento-el-sistema-de-tobilleras-duales-a-municipios\\\/#primaryimage\",\"url\":\"https:\\\/\\\/noticiasmercedinas.com\\\/site\\\/wp-content\\\/uploads\\\/2019\\\/02\\\/IMG-20190226-WA0028.jpg\",\"contentUrl\":\"https:\\\/\\\/noticiasmercedinas.com\\\/site\\\/wp-content\\\/uploads\\\/2019\\\/02\\\/IMG-20190226-WA0028.jpg\",\"width\":1000,\"height\":667},{\"@type\":\"BreadcrumbList\",\"@id\":\"https:\\\/\\\/noticiasmercedinas.com\\\/site\\\/2019\\\/02\\\/27\\\/violencia-de-genero-derechos-humanos-presento-el-sistema-de-tobilleras-duales-a-municipios\\\/#breadcrumb\",\"itemListElement\":[{\"@type\":\"ListItem\",\"position\":1,\"name\":\"Portada\",\"item\":\"https:\\\/\\\/noticiasmercedinas.com\\\/site\\\/\"},{\"@type\":\"ListItem\",\"position\":2,\"name\":\"Violencia de g\u00e9nero: Derechos Humanos present\u00f3 el sistema de tobilleras duales a municipios\"}]},{\"@type\":\"WebSite\",\"@id\":\"https:\\\/\\\/noticiasmercedinas.com\\\/site\\\/#website\",\"url\":\"https:\\\/\\\/noticiasmercedinas.com\\\/site\\\/\",\"name\":\"NOTICIASMERCEDINAS.COM\",\"description\":\"Mercedes, Buenos Aires, Argentina\",\"publisher\":{\"@id\":\"https:\\\/\\\/noticiasmercedinas.com\\\/site\\\/#organization\"},\"potentialAction\":[{\"@type\":\"SearchAction\",\"target\":{\"@type\":\"EntryPoint\",\"urlTemplate\":\"https:\\\/\\\/noticiasmercedinas.com\\\/site\\\/?s={search_term_string}\"},\"query-input\":{\"@type\":\"PropertyValueSpecification\",\"valueRequired\":true,\"valueName\":\"search_term_string\"}}],\"inLanguage\":\"es\"},{\"@type\":\"Organization\",\"@id\":\"https:\\\/\\\/noticiasmercedinas.com\\\/site\\\/#organization\",\"name\":\"NOTICIASMERCEDINAS.COM\",\"url\":\"https:\\\/\\\/noticiasmercedinas.com\\\/site\\\/\",\"logo\":{\"@type\":\"ImageObject\",\"inLanguage\":\"es\",\"@id\":\"https:\\\/\\\/noticiasmercedinas.com\\\/site\\\/#\\\/schema\\\/logo\\\/image\\\/\",\"url\":\"https:\\\/\\\/noticiasmercedinas.com\\\/site\\\/wp-content\\\/uploads\\\/2020\\\/06\\\/LOGO-512.jpg\",\"contentUrl\":\"https:\\\/\\\/noticiasmercedinas.com\\\/site\\\/wp-content\\\/uploads\\\/2020\\\/06\\\/LOGO-512.jpg\",\"width\":512,\"height\":512,\"caption\":\"NOTICIASMERCEDINAS.COM\"},\"image\":{\"@id\":\"https:\\\/\\\/noticiasmercedinas.com\\\/site\\\/#\\\/schema\\\/logo\\\/image\\\/\"},\"sameAs\":[\"https:\\\/\\\/www.facebook.com\\\/noticiasmercedinas\\\/\",\"https:\\\/\\\/x.com\\\/notmercedinas\",\"https:\\\/\\\/www.instagram.com\\\/noticiasmercedinas\\\/\"]},{\"@type\":\"Person\",\"@id\":\"https:\\\/\\\/noticiasmercedinas.com\\\/site\\\/#\\\/schema\\\/person\\\/d481a9696a5feaec13a60e2bbd991a6a\",\"name\":\"Cristian Falabella NOTICIASMERCEDINAS.COM\",\"image\":{\"@type\":\"ImageObject\",\"inLanguage\":\"es\",\"@id\":\"https:\\\/\\\/secure.gravatar.com\\\/avatar\\\/0dbbfc45970cc46bcd0e57766228574ff3511d6eed045b182f536f0f478c1f06?s=96&d=mm&r=g\",\"url\":\"https:\\\/\\\/secure.gravatar.com\\\/avatar\\\/0dbbfc45970cc46bcd0e57766228574ff3511d6eed045b182f536f0f478c1f06?s=96&d=mm&r=g\",\"contentUrl\":\"https:\\\/\\\/secure.gravatar.com\\\/avatar\\\/0dbbfc45970cc46bcd0e57766228574ff3511d6eed045b182f536f0f478c1f06?s=96&d=mm&r=g\",\"caption\":\"Cristian Falabella NOTICIASMERCEDINAS.COM\"},\"description\":\"Periodista, editor de Noticias Mercedinas. Pas\u00f3 por varias redacciones y emprendimientos de prensa, en distintos formatos y \u00e9pocas. Se especializ\u00f3 --y sigue haci\u00e9ndolo-- en comunicaci\u00f3n en la web y en junio de 2006 fund\u00f3 este diario digital.\",\"sameAs\":[\"https:\\\/\\\/noticiasmercedinas.com\",\"https:\\\/\\\/www.facebook.com\\\/cristian.falabella\",\"https:\\\/\\\/www.instagram.com\\\/noticiasmercedinas\\\/\",\"https:\\\/\\\/x.com\\\/https:\\\/\\\/twitter.com\\\/NOTMERCEDINAS\"],\"url\":\"https:\\\/\\\/noticiasmercedinas.com\\\/site\\\/author\\\/as000384\\\/\"}]}<\/script>\n<!-- \/ Yoast SEO plugin. -->","yoast_head_json":{"title":"Violencia de g\u00e9nero: Derechos Humanos present\u00f3 el sistema de tobilleras duales a municipios","robots":{"index":"index","follow":"follow","max-snippet":"max-snippet:-1","max-image-preview":"max-image-preview:large","max-video-preview":"max-video-preview:-1"},"canonical":"https:\/\/noticiasmercedinas.com\/site\/2019\/02\/27\/violencia-de-genero-derechos-humanos-presento-el-sistema-de-tobilleras-duales-a-municipios\/","og_locale":"es_ES","og_type":"article","og_title":"Violencia de g\u00e9nero: Derechos Humanos present\u00f3 el sistema de tobilleras duales a municipios","og_description":"La Secretar\u00eda de Derechos Humanos present\u00f3 el Programa de Tobilleras Electr\u00f3nicas Duales a 16 municipios de la provincia para proteger a las mujeres que se encuentren en situaci\u00f3n de violencia. En el acto se realiz\u00f3 la entrega de 60 dispositivos, que permitir\u00e1n la supervisi\u00f3n en tiempo real de las v\u00edctimas y sus agresores. A partir [&hellip;]","og_url":"https:\/\/noticiasmercedinas.com\/site\/2019\/02\/27\/violencia-de-genero-derechos-humanos-presento-el-sistema-de-tobilleras-duales-a-municipios\/","og_site_name":"NOTICIASMERCEDINAS.COM","article_publisher":"https:\/\/www.facebook.com\/noticiasmercedinas\/","article_author":"https:\/\/www.facebook.com\/cristian.falabella","article_published_time":"2019-02-27T10:53:05+00:00","og_image":[{"width":1000,"height":667,"url":"https:\/\/noticiasmercedinas.com\/site\/wp-content\/uploads\/2019\/02\/IMG-20190226-WA0028.jpg","type":"image\/jpeg"}],"author":"Cristian Falabella NOTICIASMERCEDINAS.COM","twitter_card":"summary_large_image","twitter_creator":"@https:\/\/twitter.com\/NOTMERCEDINAS","twitter_site":"@notmercedinas","twitter_misc":{"Escrito por":"Cristian Falabella NOTICIASMERCEDINAS.COM","Tiempo de lectura":"3 minutos"},"schema":{"@context":"https:\/\/schema.org","@graph":[{"@type":"Article","@id":"https:\/\/noticiasmercedinas.com\/site\/2019\/02\/27\/violencia-de-genero-derechos-humanos-presento-el-sistema-de-tobilleras-duales-a-municipios\/#article","isPartOf":{"@id":"https:\/\/noticiasmercedinas.com\/site\/2019\/02\/27\/violencia-de-genero-derechos-humanos-presento-el-sistema-de-tobilleras-duales-a-municipios\/"},"author":{"name":"Cristian Falabella NOTICIASMERCEDINAS.COM","@id":"https:\/\/noticiasmercedinas.com\/site\/#\/schema\/person\/d481a9696a5feaec13a60e2bbd991a6a"},"headline":"Violencia de g\u00e9nero: Derechos Humanos present\u00f3 el sistema de tobilleras duales a municipios","datePublished":"2019-02-27T10:53:05+00:00","mainEntityOfPage":{"@id":"https:\/\/noticiasmercedinas.com\/site\/2019\/02\/27\/violencia-de-genero-derechos-humanos-presento-el-sistema-de-tobilleras-duales-a-municipios\/"},"wordCount":542,"commentCount":0,"publisher":{"@id":"https:\/\/noticiasmercedinas.com\/site\/#organization"},"image":{"@id":"https:\/\/noticiasmercedinas.com\/site\/2019\/02\/27\/violencia-de-genero-derechos-humanos-presento-el-sistema-de-tobilleras-duales-a-municipios\/#primaryimage"},"thumbnailUrl":"https:\/\/noticiasmercedinas.com\/site\/wp-content\/uploads\/2019\/02\/IMG-20190226-WA0028.jpg","keywords":["DDHH","provincia","Violencia de g\u00e9nero"],"articleSection":["Regionales"],"inLanguage":"es","potentialAction":[{"@type":"CommentAction","name":"Comment","target":["https:\/\/noticiasmercedinas.com\/site\/2019\/02\/27\/violencia-de-genero-derechos-humanos-presento-el-sistema-de-tobilleras-duales-a-municipios\/#respond"]}]},{"@type":"WebPage","@id":"https:\/\/noticiasmercedinas.com\/site\/2019\/02\/27\/violencia-de-genero-derechos-humanos-presento-el-sistema-de-tobilleras-duales-a-municipios\/","url":"https:\/\/noticiasmercedinas.com\/site\/2019\/02\/27\/violencia-de-genero-derechos-humanos-presento-el-sistema-de-tobilleras-duales-a-municipios\/","name":"Violencia de g\u00e9nero: Derechos Humanos present\u00f3 el sistema de tobilleras duales a municipios","isPartOf":{"@id":"https:\/\/noticiasmercedinas.com\/site\/#website"},"primaryImageOfPage":{"@id":"https:\/\/noticiasmercedinas.com\/site\/2019\/02\/27\/violencia-de-genero-derechos-humanos-presento-el-sistema-de-tobilleras-duales-a-municipios\/#primaryimage"},"image":{"@id":"https:\/\/noticiasmercedinas.com\/site\/2019\/02\/27\/violencia-de-genero-derechos-humanos-presento-el-sistema-de-tobilleras-duales-a-municipios\/#primaryimage"},"thumbnailUrl":"https:\/\/noticiasmercedinas.com\/site\/wp-content\/uploads\/2019\/02\/IMG-20190226-WA0028.jpg","datePublished":"2019-02-27T10:53:05+00:00","breadcrumb":{"@id":"https:\/\/noticiasmercedinas.com\/site\/2019\/02\/27\/violencia-de-genero-derechos-humanos-presento-el-sistema-de-tobilleras-duales-a-municipios\/#breadcrumb"},"inLanguage":"es","potentialAction":[{"@type":"ReadAction","target":["https:\/\/noticiasmercedinas.com\/site\/2019\/02\/27\/violencia-de-genero-derechos-humanos-presento-el-sistema-de-tobilleras-duales-a-municipios\/"]}]},{"@type":"ImageObject","inLanguage":"es","@id":"https:\/\/noticiasmercedinas.com\/site\/2019\/02\/27\/violencia-de-genero-derechos-humanos-presento-el-sistema-de-tobilleras-duales-a-municipios\/#primaryimage","url":"https:\/\/noticiasmercedinas.com\/site\/wp-content\/uploads\/2019\/02\/IMG-20190226-WA0028.jpg","contentUrl":"https:\/\/noticiasmercedinas.com\/site\/wp-content\/uploads\/2019\/02\/IMG-20190226-WA0028.jpg","width":1000,"height":667},{"@type":"BreadcrumbList","@id":"https:\/\/noticiasmercedinas.com\/site\/2019\/02\/27\/violencia-de-genero-derechos-humanos-presento-el-sistema-de-tobilleras-duales-a-municipios\/#breadcrumb","itemListElement":[{"@type":"ListItem","position":1,"name":"Portada","item":"https:\/\/noticiasmercedinas.com\/site\/"},{"@type":"ListItem","position":2,"name":"Violencia de g\u00e9nero: Derechos Humanos present\u00f3 el sistema de tobilleras duales a municipios"}]},{"@type":"WebSite","@id":"https:\/\/noticiasmercedinas.com\/site\/#website","url":"https:\/\/noticiasmercedinas.com\/site\/","name":"NOTICIASMERCEDINAS.COM","description":"Mercedes, Buenos Aires, Argentina","publisher":{"@id":"https:\/\/noticiasmercedinas.com\/site\/#organization"},"potentialAction":[{"@type":"SearchAction","target":{"@type":"EntryPoint","urlTemplate":"https:\/\/noticiasmercedinas.com\/site\/?s={search_term_string}"},"query-input":{"@type":"PropertyValueSpecification","valueRequired":true,"valueName":"search_term_string"}}],"inLanguage":"es"},{"@type":"Organization","@id":"https:\/\/noticiasmercedinas.com\/site\/#organization","name":"NOTICIASMERCEDINAS.COM","url":"https:\/\/noticiasmercedinas.com\/site\/","logo":{"@type":"ImageObject","inLanguage":"es","@id":"https:\/\/noticiasmercedinas.com\/site\/#\/schema\/logo\/image\/","url":"https:\/\/noticiasmercedinas.com\/site\/wp-content\/uploads\/2020\/06\/LOGO-512.jpg","contentUrl":"https:\/\/noticiasmercedinas.com\/site\/wp-content\/uploads\/2020\/06\/LOGO-512.jpg","width":512,"height":512,"caption":"NOTICIASMERCEDINAS.COM"},"image":{"@id":"https:\/\/noticiasmercedinas.com\/site\/#\/schema\/logo\/image\/"},"sameAs":["https:\/\/www.facebook.com\/noticiasmercedinas\/","https:\/\/x.com\/notmercedinas","https:\/\/www.instagram.com\/noticiasmercedinas\/"]},{"@type":"Person","@id":"https:\/\/noticiasmercedinas.com\/site\/#\/schema\/person\/d481a9696a5feaec13a60e2bbd991a6a","name":"Cristian Falabella NOTICIASMERCEDINAS.COM","image":{"@type":"ImageObject","inLanguage":"es","@id":"https:\/\/secure.gravatar.com\/avatar\/0dbbfc45970cc46bcd0e57766228574ff3511d6eed045b182f536f0f478c1f06?s=96&d=mm&r=g","url":"https:\/\/secure.gravatar.com\/avatar\/0dbbfc45970cc46bcd0e57766228574ff3511d6eed045b182f536f0f478c1f06?s=96&d=mm&r=g","contentUrl":"https:\/\/secure.gravatar.com\/avatar\/0dbbfc45970cc46bcd0e57766228574ff3511d6eed045b182f536f0f478c1f06?s=96&d=mm&r=g","caption":"Cristian Falabella NOTICIASMERCEDINAS.COM"},"description":"Periodista, editor de Noticias Mercedinas. Pas\u00f3 por varias redacciones y emprendimientos de prensa, en distintos formatos y \u00e9pocas. Se especializ\u00f3 --y sigue haci\u00e9ndolo-- en comunicaci\u00f3n en la web y en junio de 2006 fund\u00f3 este diario digital.","sameAs":["https:\/\/noticiasmercedinas.com","https:\/\/www.facebook.com\/cristian.falabella","https:\/\/www.instagram.com\/noticiasmercedinas\/","https:\/\/x.com\/https:\/\/twitter.com\/NOTMERCEDINAS"],"url":"https:\/\/noticiasmercedinas.com\/site\/author\/as000384\/"}]}},"amp_enabled":true,"_links":{"self":[{"href":"https:\/\/noticiasmercedinas.com\/site\/wp-json\/wp\/v2\/posts\/12941","targetHints":{"allow":["GET"]}}],"collection":[{"href":"https:\/\/noticiasmercedinas.com\/site\/wp-json\/wp\/v2\/posts"}],"about":[{"href":"https:\/\/noticiasmercedinas.com\/site\/wp-json\/wp\/v2\/types\/post"}],"author":[{"embeddable":true,"href":"https:\/\/noticiasmercedinas.com\/site\/wp-json\/wp\/v2\/users\/2"}],"replies":[{"embeddable":true,"href":"https:\/\/noticiasmercedinas.com\/site\/wp-json\/wp\/v2\/comments?post=12941"}],"version-history":[{"count":0,"href":"https:\/\/noticiasmercedinas.com\/site\/wp-json\/wp\/v2\/posts\/12941\/revisions"}],"wp:featuredmedia":[{"embeddable":true,"href":"https:\/\/noticiasmercedinas.com\/site\/wp-json\/wp\/v2\/media\/12940"}],"wp:attachment":[{"href":"https:\/\/noticiasmercedinas.com\/site\/wp-json\/wp\/v2\/media?parent=12941"}],"wp:term":[{"taxonomy":"category","embeddable":true,"href":"https:\/\/noticiasmercedinas.com\/site\/wp-json\/wp\/v2\/categories?post=12941"},{"taxonomy":"post_tag","embeddable":true,"href":"https:\/\/noticiasmercedinas.com\/site\/wp-json\/wp\/v2\/tags?post=12941"}],"curies":[{"name":"wp","href":"https:\/\/api.w.org\/{rel}","templated":true}]}}