{"id":129419,"date":"2024-01-08T09:10:51","date_gmt":"2024-01-08T12:10:51","guid":{"rendered":"https:\/\/noticiasmercedinas.com\/site\/?p=129419"},"modified":"2024-01-08T09:10:51","modified_gmt":"2024-01-08T12:10:51","slug":"piden-que-se-incluya-dentro-de-la-emergencia-nacional-a-los-distritos-de-la-provincia-afectados-por-la-sequia","status":"publish","type":"post","link":"https:\/\/noticiasmercedinas.com\/site\/2024\/01\/08\/piden-que-se-incluya-dentro-de-la-emergencia-nacional-a-los-distritos-de-la-provincia-afectados-por-la-sequia\/","title":{"rendered":"Piden que se incluya dentro de la emergencia nacional a los distritos de la Provincia afectados por la sequ\u00eda"},"content":{"rendered":"<p><img loading=\"lazy\" decoding=\"async\" class=\"alignnone size-full wp-image-129420\" src=\"https:\/\/noticiasmercedinas.com\/site\/wp-content\/uploads\/2024\/01\/sesion-1.jpg\" alt=\"\" width=\"640\" height=\"368\" srcset=\"https:\/\/noticiasmercedinas.com\/site\/wp-content\/uploads\/2024\/01\/sesion-1.jpg 640w, https:\/\/noticiasmercedinas.com\/site\/wp-content\/uploads\/2024\/01\/sesion-1-300x173.jpg 300w\" sizes=\"auto, (max-width: 640px) 100vw, 640px\" \/><\/p>\n<p>La senadora provincial del bloque UCR + Cambio Federal present\u00f3 los primeros d\u00edas del a\u00f1o un proyecto de declaraci\u00f3n originado en las consecuencias que la larga sequ\u00eda sufrida por la regi\u00f3n sur de la Provincia, sumados a los diferentes eventos meteorol\u00f3gicos ocurridos durante el mes de diciembre, que provocaron destrozos y p\u00e9rdidas millonarias, adem\u00e1s del dolor por las p\u00e9rdidas humanas.<\/p>\n<p>A trav\u00e9s del F 480 \/ 23-24, Neumann le solicit\u00f3 al Poder Ejecutivo provincial, a trav\u00e9s de quien estime corresponder, solicite al Poder Ejecutivo Nacional tenga a bien incluir dentro de lo estipulado por la Ley Nacional 26.509 (Sistema Nacional para la prevenci\u00f3n y mitigaci\u00f3n de emergencias y desastres agropecuarios), a aquellos distritos afectados por la sequ\u00eda y declarados en estado de Emergencia y\/o Desastre por el Decreto 2.157\/2023 de la provincia de Buenos Aires.<\/p>\n<p>\u201cSi bien en 2008 y 2009 el sudoeste provincial se vio fuertemente afectado por la escasez de agua, hoy encontramos que diversos puntos de Buenos Aires atraviesan una realidad igual o peor a la de aquellos a\u00f1os\u201d, se\u00f1al\u00f3 Neumann.<\/p>\n<p>\u201cLos fen\u00f3menos clim\u00e1ticos impactaron terriblemente en nuestra Provincia, pero el de la sequ\u00eda puntualmente amenaza con mayor severidad, ya que compromete la cosecha en la instancia de la terminaci\u00f3n del grano\u201d, dijo, y agreg\u00f3: \u201cdurante los meses de octubre-noviembre no ha habido lluvias significativas, siendo el momento donde la humedad genera la diferencia y cuando mayor riesgo presenta en el resultado de los cultivos\u201d.<\/p>\n<p>En la misma l\u00ednea, la senadora radical manifest\u00f3 que \u201cel \u00e1mbito ganadero se ve en igualdad de dificultades, ya que el ganado posee poco sustento y es aquejado por las altas temperaturas propias de largas \u00e9pocas sin precipitaciones\u201d.<\/p>\n<p>A trav\u00e9s de Decreto Provincial 2.157\/2023, el Poder Ejecutivo bonaerense declar\u00f3 el estado de Emergencia y\/o Desastre Agropecuario por sequ\u00eda, para las explotaciones agr\u00edcolas, forestales y frutihort\u00edcolas de los partidos de Bah\u00eda Blanca, Puan, Patagones, Jun\u00edn, Bol\u00edvar, Tornquist, Carlos Casares, General Alvear, Magdalena, Nueve de Julio, General Viamonte, Rauch, Villarino, General Arenales, Tordillo, Saladillo, Suipacha, Carlos Tejedor, Trenque Lauquen, Alberti, General Villegas, Pila, San Andr\u00e9s de Giles, General Belgrano, Adolfo Alsina, Coronel Rosales, Pergamino, Lobos, Bragado, Rivadavia, Chascom\u00fas, Saavedra, Lincoln, Azul, Chacabuco, Adolfo Gonzales Chaves, Chivilcoy, General Las Heras y San Antonio de Areco, durante el per\u00edodo comprendido entre el 1\u00b0 de noviembre de 2023 y el 31 de enero de 2024.<\/p>\n<p>Tambi\u00e9n se declar\u00f3 el estado de Emergencia y\/o Desastre Agropecuario por sequ\u00eda, para las explotaciones ganaderas, tamberas y ap\u00edcolas, en los partidos de Bah\u00eda Blanca, Puan, Patagones, Jun\u00edn, Bol\u00edvar, Tornquist, Carlos Casares, General Alvear, Magdalena, Nueve de Julio, General Viamonte, Rauch, Villarino, General Arenales, Tordillo, Saladillo, Suipacha, Carlos Tejedor, Trenque Lauquen, Alberti, General Villegas, Pila, San Andr\u00e9s de Giles, General Belgrano, Adolfo Alsina, Coronel Rosales, Pergamino, Lobos, Bragado, Rivadavia, Chascom\u00fas, Saavedra, Lincoln, Azul, Chacabuco, Adolfo Gonzales Chaves, Chivilcoy, General Las Heras y San Antonio de Areco, durante el per\u00edodo comprendido entre el 1\u00b0 de noviembre de 2023 y el 30 de abril de 2024.<\/p>\n<p>\u201cLa Ley Nacional 26.509 (Emergencia Agropecuaria), determina procedimientos de actuaci\u00f3n, como as\u00ed tambi\u00e9n una serie de beneficios en varios aspectos de la \u00f3rbita nacional, que ser\u00edan de gran ayuda para aquellos bonaerenses que se encuentran afectados por la emergencia\u201d, finaliz\u00f3 Neumann.<\/p>\n","protected":false},"excerpt":{"rendered":"<p>\u25a0\u00a0Lo hizo la senadora Nerina Neumann, del bloque UCR + Cambio Federal. \u201cLa sequ\u00eda transitada por nuestra provincia no encuentra antecedentes inmediatos en las \u00faltimas d\u00e9cadas\u201d, fundament\u00f3.<\/p>\n","protected":false},"author":16,"featured_media":129420,"comment_status":"closed","ping_status":"closed","sticky":false,"template":"","format":"standard","meta":{"footnotes":""},"categories":[9527,7919],"tags":[7104,13592],"class_list":["post-129419","post","type-post","status-publish","format-standard","has-post-thumbnail","hentry","category-campo","category-provinciales","tag-senado","tag-sequia"],"yoast_head":"<!-- This site is optimized with the Yoast SEO plugin v27.5 - https:\/\/yoast.com\/product\/yoast-seo-wordpress\/ -->\n<title>Piden que se incluya dentro de la emergencia nacional a los distritos de la Provincia afectados por la sequ\u00eda<\/title>\n<meta name=\"robots\" content=\"index, follow, max-snippet:-1, max-image-preview:large, max-video-preview:-1\" \/>\n<link rel=\"canonical\" href=\"https:\/\/noticiasmercedinas.com\/site\/2024\/01\/08\/piden-que-se-incluya-dentro-de-la-emergencia-nacional-a-los-distritos-de-la-provincia-afectados-por-la-sequia\/\" \/>\n<meta property=\"og:locale\" content=\"es_ES\" \/>\n<meta property=\"og:type\" content=\"article\" \/>\n<meta property=\"og:title\" content=\"Piden que se incluya dentro de la emergencia nacional a los distritos de la Provincia afectados por la sequ\u00eda\" \/>\n<meta property=\"og:description\" content=\"\u25a0\u00a0Lo hizo la senadora Nerina Neumann, del bloque UCR + Cambio Federal. \u201cLa sequ\u00eda transitada por nuestra provincia no encuentra antecedentes inmediatos en las \u00faltimas d\u00e9cadas\u201d, fundament\u00f3.\" \/>\n<meta property=\"og:url\" content=\"https:\/\/noticiasmercedinas.com\/site\/2024\/01\/08\/piden-que-se-incluya-dentro-de-la-emergencia-nacional-a-los-distritos-de-la-provincia-afectados-por-la-sequia\/\" \/>\n<meta property=\"og:site_name\" content=\"NOTICIASMERCEDINAS.COM\" \/>\n<meta property=\"article:publisher\" content=\"https:\/\/www.facebook.com\/noticiasmercedinas\/\" \/>\n<meta property=\"article:published_time\" content=\"2024-01-08T12:10:51+00:00\" \/>\n<meta property=\"og:image\" content=\"https:\/\/noticiasmercedinas.com\/site\/wp-content\/uploads\/2024\/01\/sesion-1.jpg\" \/>\n\t<meta property=\"og:image:width\" content=\"640\" \/>\n\t<meta property=\"og:image:height\" content=\"368\" \/>\n\t<meta property=\"og:image:type\" content=\"image\/jpeg\" \/>\n<meta name=\"author\" content=\"NOTICIASMERCEDINAS.COM\" \/>\n<meta name=\"twitter:card\" content=\"summary_large_image\" \/>\n<meta name=\"twitter:creator\" content=\"@notmercedinas\" \/>\n<meta name=\"twitter:site\" content=\"@notmercedinas\" \/>\n<meta name=\"twitter:label1\" content=\"Escrito por\" \/>\n\t<meta name=\"twitter:data1\" content=\"NOTICIASMERCEDINAS.COM\" \/>\n\t<meta name=\"twitter:label2\" content=\"Tiempo de lectura\" \/>\n\t<meta name=\"twitter:data2\" content=\"3 minutos\" \/>\n<script type=\"application\/ld+json\" class=\"yoast-schema-graph\">{\"@context\":\"https:\\\/\\\/schema.org\",\"@graph\":[{\"@type\":\"Article\",\"@id\":\"https:\\\/\\\/noticiasmercedinas.com\\\/site\\\/2024\\\/01\\\/08\\\/piden-que-se-incluya-dentro-de-la-emergencia-nacional-a-los-distritos-de-la-provincia-afectados-por-la-sequia\\\/#article\",\"isPartOf\":{\"@id\":\"https:\\\/\\\/noticiasmercedinas.com\\\/site\\\/2024\\\/01\\\/08\\\/piden-que-se-incluya-dentro-de-la-emergencia-nacional-a-los-distritos-de-la-provincia-afectados-por-la-sequia\\\/\"},\"author\":{\"name\":\"NOTICIASMERCEDINAS.COM\",\"@id\":\"https:\\\/\\\/noticiasmercedinas.com\\\/site\\\/#\\\/schema\\\/person\\\/84b59c099c28ff2e8b77d4ceec5d8063\"},\"headline\":\"Piden que se incluya dentro de la emergencia nacional a los distritos de la Provincia afectados por la sequ\u00eda\",\"datePublished\":\"2024-01-08T12:10:51+00:00\",\"mainEntityOfPage\":{\"@id\":\"https:\\\/\\\/noticiasmercedinas.com\\\/site\\\/2024\\\/01\\\/08\\\/piden-que-se-incluya-dentro-de-la-emergencia-nacional-a-los-distritos-de-la-provincia-afectados-por-la-sequia\\\/\"},\"wordCount\":582,\"publisher\":{\"@id\":\"https:\\\/\\\/noticiasmercedinas.com\\\/site\\\/#organization\"},\"image\":{\"@id\":\"https:\\\/\\\/noticiasmercedinas.com\\\/site\\\/2024\\\/01\\\/08\\\/piden-que-se-incluya-dentro-de-la-emergencia-nacional-a-los-distritos-de-la-provincia-afectados-por-la-sequia\\\/#primaryimage\"},\"thumbnailUrl\":\"https:\\\/\\\/noticiasmercedinas.com\\\/site\\\/wp-content\\\/uploads\\\/2024\\\/01\\\/sesion-1.jpg\",\"keywords\":[\"Senado\",\"sequia\"],\"articleSection\":[\"Campo\",\"Provinciales\"],\"inLanguage\":\"es\"},{\"@type\":\"WebPage\",\"@id\":\"https:\\\/\\\/noticiasmercedinas.com\\\/site\\\/2024\\\/01\\\/08\\\/piden-que-se-incluya-dentro-de-la-emergencia-nacional-a-los-distritos-de-la-provincia-afectados-por-la-sequia\\\/\",\"url\":\"https:\\\/\\\/noticiasmercedinas.com\\\/site\\\/2024\\\/01\\\/08\\\/piden-que-se-incluya-dentro-de-la-emergencia-nacional-a-los-distritos-de-la-provincia-afectados-por-la-sequia\\\/\",\"name\":\"Piden que se incluya dentro de la emergencia nacional a los distritos de la Provincia afectados por la sequ\u00eda\",\"isPartOf\":{\"@id\":\"https:\\\/\\\/noticiasmercedinas.com\\\/site\\\/#website\"},\"primaryImageOfPage\":{\"@id\":\"https:\\\/\\\/noticiasmercedinas.com\\\/site\\\/2024\\\/01\\\/08\\\/piden-que-se-incluya-dentro-de-la-emergencia-nacional-a-los-distritos-de-la-provincia-afectados-por-la-sequia\\\/#primaryimage\"},\"image\":{\"@id\":\"https:\\\/\\\/noticiasmercedinas.com\\\/site\\\/2024\\\/01\\\/08\\\/piden-que-se-incluya-dentro-de-la-emergencia-nacional-a-los-distritos-de-la-provincia-afectados-por-la-sequia\\\/#primaryimage\"},\"thumbnailUrl\":\"https:\\\/\\\/noticiasmercedinas.com\\\/site\\\/wp-content\\\/uploads\\\/2024\\\/01\\\/sesion-1.jpg\",\"datePublished\":\"2024-01-08T12:10:51+00:00\",\"breadcrumb\":{\"@id\":\"https:\\\/\\\/noticiasmercedinas.com\\\/site\\\/2024\\\/01\\\/08\\\/piden-que-se-incluya-dentro-de-la-emergencia-nacional-a-los-distritos-de-la-provincia-afectados-por-la-sequia\\\/#breadcrumb\"},\"inLanguage\":\"es\",\"potentialAction\":[{\"@type\":\"ReadAction\",\"target\":[\"https:\\\/\\\/noticiasmercedinas.com\\\/site\\\/2024\\\/01\\\/08\\\/piden-que-se-incluya-dentro-de-la-emergencia-nacional-a-los-distritos-de-la-provincia-afectados-por-la-sequia\\\/\"]}]},{\"@type\":\"ImageObject\",\"inLanguage\":\"es\",\"@id\":\"https:\\\/\\\/noticiasmercedinas.com\\\/site\\\/2024\\\/01\\\/08\\\/piden-que-se-incluya-dentro-de-la-emergencia-nacional-a-los-distritos-de-la-provincia-afectados-por-la-sequia\\\/#primaryimage\",\"url\":\"https:\\\/\\\/noticiasmercedinas.com\\\/site\\\/wp-content\\\/uploads\\\/2024\\\/01\\\/sesion-1.jpg\",\"contentUrl\":\"https:\\\/\\\/noticiasmercedinas.com\\\/site\\\/wp-content\\\/uploads\\\/2024\\\/01\\\/sesion-1.jpg\",\"width\":640,\"height\":368},{\"@type\":\"BreadcrumbList\",\"@id\":\"https:\\\/\\\/noticiasmercedinas.com\\\/site\\\/2024\\\/01\\\/08\\\/piden-que-se-incluya-dentro-de-la-emergencia-nacional-a-los-distritos-de-la-provincia-afectados-por-la-sequia\\\/#breadcrumb\",\"itemListElement\":[{\"@type\":\"ListItem\",\"position\":1,\"name\":\"Portada\",\"item\":\"https:\\\/\\\/noticiasmercedinas.com\\\/site\\\/\"},{\"@type\":\"ListItem\",\"position\":2,\"name\":\"Piden que se incluya dentro de la emergencia nacional a los distritos de la Provincia afectados por la sequ\u00eda\"}]},{\"@type\":\"WebSite\",\"@id\":\"https:\\\/\\\/noticiasmercedinas.com\\\/site\\\/#website\",\"url\":\"https:\\\/\\\/noticiasmercedinas.com\\\/site\\\/\",\"name\":\"NOTICIASMERCEDINAS.COM\",\"description\":\"Mercedes, Buenos Aires, Argentina\",\"publisher\":{\"@id\":\"https:\\\/\\\/noticiasmercedinas.com\\\/site\\\/#organization\"},\"potentialAction\":[{\"@type\":\"SearchAction\",\"target\":{\"@type\":\"EntryPoint\",\"urlTemplate\":\"https:\\\/\\\/noticiasmercedinas.com\\\/site\\\/?s={search_term_string}\"},\"query-input\":{\"@type\":\"PropertyValueSpecification\",\"valueRequired\":true,\"valueName\":\"search_term_string\"}}],\"inLanguage\":\"es\"},{\"@type\":\"Organization\",\"@id\":\"https:\\\/\\\/noticiasmercedinas.com\\\/site\\\/#organization\",\"name\":\"NOTICIASMERCEDINAS.COM\",\"url\":\"https:\\\/\\\/noticiasmercedinas.com\\\/site\\\/\",\"logo\":{\"@type\":\"ImageObject\",\"inLanguage\":\"es\",\"@id\":\"https:\\\/\\\/noticiasmercedinas.com\\\/site\\\/#\\\/schema\\\/logo\\\/image\\\/\",\"url\":\"https:\\\/\\\/noticiasmercedinas.com\\\/site\\\/wp-content\\\/uploads\\\/2020\\\/06\\\/LOGO-512.jpg\",\"contentUrl\":\"https:\\\/\\\/noticiasmercedinas.com\\\/site\\\/wp-content\\\/uploads\\\/2020\\\/06\\\/LOGO-512.jpg\",\"width\":512,\"height\":512,\"caption\":\"NOTICIASMERCEDINAS.COM\"},\"image\":{\"@id\":\"https:\\\/\\\/noticiasmercedinas.com\\\/site\\\/#\\\/schema\\\/logo\\\/image\\\/\"},\"sameAs\":[\"https:\\\/\\\/www.facebook.com\\\/noticiasmercedinas\\\/\",\"https:\\\/\\\/x.com\\\/notmercedinas\",\"https:\\\/\\\/www.instagram.com\\\/noticiasmercedinas\\\/\"]},{\"@type\":\"Person\",\"@id\":\"https:\\\/\\\/noticiasmercedinas.com\\\/site\\\/#\\\/schema\\\/person\\\/84b59c099c28ff2e8b77d4ceec5d8063\",\"name\":\"NOTICIASMERCEDINAS.COM\",\"image\":{\"@type\":\"ImageObject\",\"inLanguage\":\"es\",\"@id\":\"https:\\\/\\\/secure.gravatar.com\\\/avatar\\\/4dfbf16b4d17945bfb6341b2d19043457132fcf478a5ee04f42e959fd8f5df0a?s=96&d=mm&r=g\",\"url\":\"https:\\\/\\\/secure.gravatar.com\\\/avatar\\\/4dfbf16b4d17945bfb6341b2d19043457132fcf478a5ee04f42e959fd8f5df0a?s=96&d=mm&r=g\",\"contentUrl\":\"https:\\\/\\\/secure.gravatar.com\\\/avatar\\\/4dfbf16b4d17945bfb6341b2d19043457132fcf478a5ee04f42e959fd8f5df0a?s=96&d=mm&r=g\",\"caption\":\"NOTICIASMERCEDINAS.COM\"},\"url\":\"https:\\\/\\\/noticiasmercedinas.com\\\/site\\\/author\\\/anonimo\\\/\"}]}<\/script>\n<!-- \/ Yoast SEO plugin. -->","yoast_head_json":{"title":"Piden que se incluya dentro de la emergencia nacional a los distritos de la Provincia afectados por la sequ\u00eda","robots":{"index":"index","follow":"follow","max-snippet":"max-snippet:-1","max-image-preview":"max-image-preview:large","max-video-preview":"max-video-preview:-1"},"canonical":"https:\/\/noticiasmercedinas.com\/site\/2024\/01\/08\/piden-que-se-incluya-dentro-de-la-emergencia-nacional-a-los-distritos-de-la-provincia-afectados-por-la-sequia\/","og_locale":"es_ES","og_type":"article","og_title":"Piden que se incluya dentro de la emergencia nacional a los distritos de la Provincia afectados por la sequ\u00eda","og_description":"\u25a0\u00a0Lo hizo la senadora Nerina Neumann, del bloque UCR + Cambio Federal. \u201cLa sequ\u00eda transitada por nuestra provincia no encuentra antecedentes inmediatos en las \u00faltimas d\u00e9cadas\u201d, fundament\u00f3.","og_url":"https:\/\/noticiasmercedinas.com\/site\/2024\/01\/08\/piden-que-se-incluya-dentro-de-la-emergencia-nacional-a-los-distritos-de-la-provincia-afectados-por-la-sequia\/","og_site_name":"NOTICIASMERCEDINAS.COM","article_publisher":"https:\/\/www.facebook.com\/noticiasmercedinas\/","article_published_time":"2024-01-08T12:10:51+00:00","og_image":[{"width":640,"height":368,"url":"https:\/\/noticiasmercedinas.com\/site\/wp-content\/uploads\/2024\/01\/sesion-1.jpg","type":"image\/jpeg"}],"author":"NOTICIASMERCEDINAS.COM","twitter_card":"summary_large_image","twitter_creator":"@notmercedinas","twitter_site":"@notmercedinas","twitter_misc":{"Escrito por":"NOTICIASMERCEDINAS.COM","Tiempo de lectura":"3 minutos"},"schema":{"@context":"https:\/\/schema.org","@graph":[{"@type":"Article","@id":"https:\/\/noticiasmercedinas.com\/site\/2024\/01\/08\/piden-que-se-incluya-dentro-de-la-emergencia-nacional-a-los-distritos-de-la-provincia-afectados-por-la-sequia\/#article","isPartOf":{"@id":"https:\/\/noticiasmercedinas.com\/site\/2024\/01\/08\/piden-que-se-incluya-dentro-de-la-emergencia-nacional-a-los-distritos-de-la-provincia-afectados-por-la-sequia\/"},"author":{"name":"NOTICIASMERCEDINAS.COM","@id":"https:\/\/noticiasmercedinas.com\/site\/#\/schema\/person\/84b59c099c28ff2e8b77d4ceec5d8063"},"headline":"Piden que se incluya dentro de la emergencia nacional a los distritos de la Provincia afectados por la sequ\u00eda","datePublished":"2024-01-08T12:10:51+00:00","mainEntityOfPage":{"@id":"https:\/\/noticiasmercedinas.com\/site\/2024\/01\/08\/piden-que-se-incluya-dentro-de-la-emergencia-nacional-a-los-distritos-de-la-provincia-afectados-por-la-sequia\/"},"wordCount":582,"publisher":{"@id":"https:\/\/noticiasmercedinas.com\/site\/#organization"},"image":{"@id":"https:\/\/noticiasmercedinas.com\/site\/2024\/01\/08\/piden-que-se-incluya-dentro-de-la-emergencia-nacional-a-los-distritos-de-la-provincia-afectados-por-la-sequia\/#primaryimage"},"thumbnailUrl":"https:\/\/noticiasmercedinas.com\/site\/wp-content\/uploads\/2024\/01\/sesion-1.jpg","keywords":["Senado","sequia"],"articleSection":["Campo","Provinciales"],"inLanguage":"es"},{"@type":"WebPage","@id":"https:\/\/noticiasmercedinas.com\/site\/2024\/01\/08\/piden-que-se-incluya-dentro-de-la-emergencia-nacional-a-los-distritos-de-la-provincia-afectados-por-la-sequia\/","url":"https:\/\/noticiasmercedinas.com\/site\/2024\/01\/08\/piden-que-se-incluya-dentro-de-la-emergencia-nacional-a-los-distritos-de-la-provincia-afectados-por-la-sequia\/","name":"Piden que se incluya dentro de la emergencia nacional a los distritos de la Provincia afectados por la sequ\u00eda","isPartOf":{"@id":"https:\/\/noticiasmercedinas.com\/site\/#website"},"primaryImageOfPage":{"@id":"https:\/\/noticiasmercedinas.com\/site\/2024\/01\/08\/piden-que-se-incluya-dentro-de-la-emergencia-nacional-a-los-distritos-de-la-provincia-afectados-por-la-sequia\/#primaryimage"},"image":{"@id":"https:\/\/noticiasmercedinas.com\/site\/2024\/01\/08\/piden-que-se-incluya-dentro-de-la-emergencia-nacional-a-los-distritos-de-la-provincia-afectados-por-la-sequia\/#primaryimage"},"thumbnailUrl":"https:\/\/noticiasmercedinas.com\/site\/wp-content\/uploads\/2024\/01\/sesion-1.jpg","datePublished":"2024-01-08T12:10:51+00:00","breadcrumb":{"@id":"https:\/\/noticiasmercedinas.com\/site\/2024\/01\/08\/piden-que-se-incluya-dentro-de-la-emergencia-nacional-a-los-distritos-de-la-provincia-afectados-por-la-sequia\/#breadcrumb"},"inLanguage":"es","potentialAction":[{"@type":"ReadAction","target":["https:\/\/noticiasmercedinas.com\/site\/2024\/01\/08\/piden-que-se-incluya-dentro-de-la-emergencia-nacional-a-los-distritos-de-la-provincia-afectados-por-la-sequia\/"]}]},{"@type":"ImageObject","inLanguage":"es","@id":"https:\/\/noticiasmercedinas.com\/site\/2024\/01\/08\/piden-que-se-incluya-dentro-de-la-emergencia-nacional-a-los-distritos-de-la-provincia-afectados-por-la-sequia\/#primaryimage","url":"https:\/\/noticiasmercedinas.com\/site\/wp-content\/uploads\/2024\/01\/sesion-1.jpg","contentUrl":"https:\/\/noticiasmercedinas.com\/site\/wp-content\/uploads\/2024\/01\/sesion-1.jpg","width":640,"height":368},{"@type":"BreadcrumbList","@id":"https:\/\/noticiasmercedinas.com\/site\/2024\/01\/08\/piden-que-se-incluya-dentro-de-la-emergencia-nacional-a-los-distritos-de-la-provincia-afectados-por-la-sequia\/#breadcrumb","itemListElement":[{"@type":"ListItem","position":1,"name":"Portada","item":"https:\/\/noticiasmercedinas.com\/site\/"},{"@type":"ListItem","position":2,"name":"Piden que se incluya dentro de la emergencia nacional a los distritos de la Provincia afectados por la sequ\u00eda"}]},{"@type":"WebSite","@id":"https:\/\/noticiasmercedinas.com\/site\/#website","url":"https:\/\/noticiasmercedinas.com\/site\/","name":"NOTICIASMERCEDINAS.COM","description":"Mercedes, Buenos Aires, Argentina","publisher":{"@id":"https:\/\/noticiasmercedinas.com\/site\/#organization"},"potentialAction":[{"@type":"SearchAction","target":{"@type":"EntryPoint","urlTemplate":"https:\/\/noticiasmercedinas.com\/site\/?s={search_term_string}"},"query-input":{"@type":"PropertyValueSpecification","valueRequired":true,"valueName":"search_term_string"}}],"inLanguage":"es"},{"@type":"Organization","@id":"https:\/\/noticiasmercedinas.com\/site\/#organization","name":"NOTICIASMERCEDINAS.COM","url":"https:\/\/noticiasmercedinas.com\/site\/","logo":{"@type":"ImageObject","inLanguage":"es","@id":"https:\/\/noticiasmercedinas.com\/site\/#\/schema\/logo\/image\/","url":"https:\/\/noticiasmercedinas.com\/site\/wp-content\/uploads\/2020\/06\/LOGO-512.jpg","contentUrl":"https:\/\/noticiasmercedinas.com\/site\/wp-content\/uploads\/2020\/06\/LOGO-512.jpg","width":512,"height":512,"caption":"NOTICIASMERCEDINAS.COM"},"image":{"@id":"https:\/\/noticiasmercedinas.com\/site\/#\/schema\/logo\/image\/"},"sameAs":["https:\/\/www.facebook.com\/noticiasmercedinas\/","https:\/\/x.com\/notmercedinas","https:\/\/www.instagram.com\/noticiasmercedinas\/"]},{"@type":"Person","@id":"https:\/\/noticiasmercedinas.com\/site\/#\/schema\/person\/84b59c099c28ff2e8b77d4ceec5d8063","name":"NOTICIASMERCEDINAS.COM","image":{"@type":"ImageObject","inLanguage":"es","@id":"https:\/\/secure.gravatar.com\/avatar\/4dfbf16b4d17945bfb6341b2d19043457132fcf478a5ee04f42e959fd8f5df0a?s=96&d=mm&r=g","url":"https:\/\/secure.gravatar.com\/avatar\/4dfbf16b4d17945bfb6341b2d19043457132fcf478a5ee04f42e959fd8f5df0a?s=96&d=mm&r=g","contentUrl":"https:\/\/secure.gravatar.com\/avatar\/4dfbf16b4d17945bfb6341b2d19043457132fcf478a5ee04f42e959fd8f5df0a?s=96&d=mm&r=g","caption":"NOTICIASMERCEDINAS.COM"},"url":"https:\/\/noticiasmercedinas.com\/site\/author\/anonimo\/"}]}},"amp_enabled":true,"_links":{"self":[{"href":"https:\/\/noticiasmercedinas.com\/site\/wp-json\/wp\/v2\/posts\/129419","targetHints":{"allow":["GET"]}}],"collection":[{"href":"https:\/\/noticiasmercedinas.com\/site\/wp-json\/wp\/v2\/posts"}],"about":[{"href":"https:\/\/noticiasmercedinas.com\/site\/wp-json\/wp\/v2\/types\/post"}],"author":[{"embeddable":true,"href":"https:\/\/noticiasmercedinas.com\/site\/wp-json\/wp\/v2\/users\/16"}],"replies":[{"embeddable":true,"href":"https:\/\/noticiasmercedinas.com\/site\/wp-json\/wp\/v2\/comments?post=129419"}],"version-history":[{"count":1,"href":"https:\/\/noticiasmercedinas.com\/site\/wp-json\/wp\/v2\/posts\/129419\/revisions"}],"predecessor-version":[{"id":129421,"href":"https:\/\/noticiasmercedinas.com\/site\/wp-json\/wp\/v2\/posts\/129419\/revisions\/129421"}],"wp:featuredmedia":[{"embeddable":true,"href":"https:\/\/noticiasmercedinas.com\/site\/wp-json\/wp\/v2\/media\/129420"}],"wp:attachment":[{"href":"https:\/\/noticiasmercedinas.com\/site\/wp-json\/wp\/v2\/media?parent=129419"}],"wp:term":[{"taxonomy":"category","embeddable":true,"href":"https:\/\/noticiasmercedinas.com\/site\/wp-json\/wp\/v2\/categories?post=129419"},{"taxonomy":"post_tag","embeddable":true,"href":"https:\/\/noticiasmercedinas.com\/site\/wp-json\/wp\/v2\/tags?post=129419"}],"curies":[{"name":"wp","href":"https:\/\/api.w.org\/{rel}","templated":true}]}}