{"id":129566,"date":"2024-01-11T17:58:17","date_gmt":"2024-01-11T20:58:17","guid":{"rendered":"https:\/\/noticiasmercedinas.com\/site\/?p=129566"},"modified":"2024-01-11T17:58:17","modified_gmt":"2024-01-11T20:58:17","slug":"nuevo-y-ultimo-corte-programado-este-viernes-avanzan-obras-de-repotenciacion-de-eden","status":"publish","type":"post","link":"https:\/\/noticiasmercedinas.com\/site\/2024\/01\/11\/nuevo-y-ultimo-corte-programado-este-viernes-avanzan-obras-de-repotenciacion-de-eden\/","title":{"rendered":"Nuevo y \u00faltimo corte programado, este viernes: avanzan obras de repotenciaci\u00f3n de EDEN"},"content":{"rendered":"<p><img loading=\"lazy\" decoding=\"async\" class=\"alignnone size-large wp-image-31885\" src=\"https:\/\/noticiasmercedinas.com\/site\/wp-content\/uploads\/2019\/10\/EDEN-Foto-interrupci\u00f3n-programada-1-1024x683.jpg\" alt=\"\" width=\"640\" height=\"427\" \/><\/p>\n<p>Anunci\u00f3 la empresa distribuidora de energ\u00eda el\u00e9ctrica, EDEN, que llevar\u00e1 a cabo este viernes 12 de enero el \u00faltimo corte programado en distintas zonas y barrios de la localidad de Mercedes, como parte del proyecto de repotenciaci\u00f3n de la Estaci\u00f3n Transformadora local.<\/p>\n<p>La obra, que se inici\u00f3 la semana pasada, tiene como objetivo dotar de mayor potencia energ\u00e9tica a Mercedes, as\u00ed como a las localidades circundantes de Chivilcoy, Suipacha, San Andr\u00e9s de Giles y Luj\u00e1n. Los trabajos avanzan a buen ritmo y se encuentran en la recta final, seg\u00fan informaron fuentes de la distribuidora.<\/p>\n<p>Las labores consisten en el recambio de transformadores por unidades de mayor capacidad, lo que mejorar\u00e1 significativamente el caudal de flujo energ\u00e9tico en la regi\u00f3n. No obstante, para garantizar la seguridad durante esta fase crucial de la obra, se llevar\u00e1n a cabo interrupciones programadas en diferentes horarios y sectores de Mercedes.<\/p>\n<p>Los horarios estimativos para el corte de energ\u00eda en los distintos barrios son los siguientes:<\/p>\n<p>&#8211; De 11 a 12 horas: Barrios Seminario, Modelo, San Francisco, Molino, Virgen del Rosario, Estrada, Obrero, San Antonio, Uni\u00f3n, San Antonio, Jos\u00e9 Hern\u00e1ndez, Teresita, El Rosedal, Bello Horizonte, Los \u00c1lamos, Las Palmas, Pago Chico, Las Acacias, Los Sauces.<\/p>\n<p>&#8211; De 12 a 13 horas: Barrios Norte, Este, Lapenta, Zona c\u00e9ntrica.<\/p>\n<p>&#8211; De 13 a 14 horas: Barrios Molino, Seminario, Medalla Milagrosa, Los Duraznos, 3 de octubre, Villa Asunci\u00f3n, Almafuerte, EL Rosedal.<\/p>\n<p>&#8211; De 14 a 15 horas: Barrios Favaloro, Los Para\u00edsos, Las Chancles y aleda\u00f1os.<\/p>\n<p>&#8211; De 15 a 16 horas: Barrios Gendarmer\u00eda, Villa Industrial Oeste, R.J Payr\u00f3, Unzu\u00e9, Oeste.<\/p>\n<p>&#8211; De 16 a 17 horas: Barrios Santa Teresita, Las Palmas y Parque Industrial.<\/p>\n<p>&#8211; De 17 a 18 horas: Barrios San Justo, G\u00fcemes, Villa del Parque, La Amistad, Soldado Balvidares, H Irigoyen, Facundo Quiroga, Mutti, Lopardo, San Mart\u00edn, 12 de Octubre, Ravello, Belgrano, Avellaneda.<\/p>\n<p>La empresa EDEN agradece la paciencia y la predisposici\u00f3n de la comunidad para llevar a cabo estas obras fundamentales que mejorar\u00e1n la calidad del servicio el\u00e9ctrico en la regi\u00f3n. Se advierte que, en caso de condiciones clim\u00e1ticas adversas, los trabajos podr\u00edan ser reprogramados.<\/p>\n","protected":false},"excerpt":{"rendered":"<p>\u25a0 Las labores consisten en el recambio de transformadores por unidades de mayor capacidad, lo que mejorar\u00e1 significativamente el caudal de flujo energ\u00e9tico en la regi\u00f3n. El cronograma por zonas<\/p>\n","protected":false},"author":16,"featured_media":31885,"comment_status":"closed","ping_status":"closed","sticky":false,"template":"","format":"standard","meta":{"footnotes":""},"categories":[3],"tags":[1801,34],"class_list":["post-129566","post","type-post","status-publish","format-standard","has-post-thumbnail","hentry","category-sociedad","tag-corte-de-luz","tag-eden"],"yoast_head":"<!-- This site is optimized with the Yoast SEO plugin v27.4 - https:\/\/yoast.com\/product\/yoast-seo-wordpress\/ -->\n<title>Nuevo y \u00faltimo corte programado, este viernes: avanzan obras de repotenciaci\u00f3n de EDEN<\/title>\n<meta name=\"robots\" content=\"index, follow, max-snippet:-1, max-image-preview:large, max-video-preview:-1\" \/>\n<link rel=\"canonical\" href=\"https:\/\/noticiasmercedinas.com\/site\/2024\/01\/11\/nuevo-y-ultimo-corte-programado-este-viernes-avanzan-obras-de-repotenciacion-de-eden\/\" \/>\n<meta property=\"og:locale\" content=\"es_ES\" \/>\n<meta property=\"og:type\" content=\"article\" \/>\n<meta property=\"og:title\" content=\"Nuevo y \u00faltimo corte programado, este viernes: avanzan obras de repotenciaci\u00f3n de EDEN\" \/>\n<meta property=\"og:description\" content=\"\u25a0 Las labores consisten en el recambio de transformadores por unidades de mayor capacidad, lo que mejorar\u00e1 significativamente el caudal de flujo energ\u00e9tico en la regi\u00f3n. El cronograma por zonas\" \/>\n<meta property=\"og:url\" content=\"https:\/\/noticiasmercedinas.com\/site\/2024\/01\/11\/nuevo-y-ultimo-corte-programado-este-viernes-avanzan-obras-de-repotenciacion-de-eden\/\" \/>\n<meta property=\"og:site_name\" content=\"NOTICIASMERCEDINAS.COM\" \/>\n<meta property=\"article:publisher\" content=\"https:\/\/www.facebook.com\/noticiasmercedinas\/\" \/>\n<meta property=\"article:published_time\" content=\"2024-01-11T20:58:17+00:00\" \/>\n<meta property=\"og:image\" content=\"https:\/\/noticiasmercedinas.com\/site\/wp-content\/uploads\/2019\/10\/EDEN-Foto-interrupci\u00f3n-programada-1-e1638469970347.jpg\" \/>\n\t<meta property=\"og:image:width\" content=\"640\" \/>\n\t<meta property=\"og:image:height\" content=\"427\" \/>\n\t<meta property=\"og:image:type\" content=\"image\/jpeg\" \/>\n<meta name=\"author\" content=\"NOTICIASMERCEDINAS.COM\" \/>\n<meta name=\"twitter:card\" content=\"summary_large_image\" \/>\n<meta name=\"twitter:creator\" content=\"@notmercedinas\" \/>\n<meta name=\"twitter:site\" content=\"@notmercedinas\" \/>\n<meta name=\"twitter:label1\" content=\"Escrito por\" \/>\n\t<meta name=\"twitter:data1\" content=\"NOTICIASMERCEDINAS.COM\" \/>\n\t<meta name=\"twitter:label2\" content=\"Tiempo de lectura\" \/>\n\t<meta name=\"twitter:data2\" content=\"2 minutos\" \/>\n<script type=\"application\/ld+json\" class=\"yoast-schema-graph\">{\"@context\":\"https:\\\/\\\/schema.org\",\"@graph\":[{\"@type\":\"Article\",\"@id\":\"https:\\\/\\\/noticiasmercedinas.com\\\/site\\\/2024\\\/01\\\/11\\\/nuevo-y-ultimo-corte-programado-este-viernes-avanzan-obras-de-repotenciacion-de-eden\\\/#article\",\"isPartOf\":{\"@id\":\"https:\\\/\\\/noticiasmercedinas.com\\\/site\\\/2024\\\/01\\\/11\\\/nuevo-y-ultimo-corte-programado-este-viernes-avanzan-obras-de-repotenciacion-de-eden\\\/\"},\"author\":{\"name\":\"NOTICIASMERCEDINAS.COM\",\"@id\":\"https:\\\/\\\/noticiasmercedinas.com\\\/site\\\/#\\\/schema\\\/person\\\/84b59c099c28ff2e8b77d4ceec5d8063\"},\"headline\":\"Nuevo y \u00faltimo corte programado, este viernes: avanzan obras de repotenciaci\u00f3n de EDEN\",\"datePublished\":\"2024-01-11T20:58:17+00:00\",\"mainEntityOfPage\":{\"@id\":\"https:\\\/\\\/noticiasmercedinas.com\\\/site\\\/2024\\\/01\\\/11\\\/nuevo-y-ultimo-corte-programado-este-viernes-avanzan-obras-de-repotenciacion-de-eden\\\/\"},\"wordCount\":374,\"publisher\":{\"@id\":\"https:\\\/\\\/noticiasmercedinas.com\\\/site\\\/#organization\"},\"image\":{\"@id\":\"https:\\\/\\\/noticiasmercedinas.com\\\/site\\\/2024\\\/01\\\/11\\\/nuevo-y-ultimo-corte-programado-este-viernes-avanzan-obras-de-repotenciacion-de-eden\\\/#primaryimage\"},\"thumbnailUrl\":\"https:\\\/\\\/noticiasmercedinas.com\\\/site\\\/wp-content\\\/uploads\\\/2019\\\/10\\\/EDEN-Foto-interrupci\u00f3n-programada-1-e1638469970347.jpg\",\"keywords\":[\"corte de luz\",\"eden\"],\"articleSection\":[\"Sociedad\"],\"inLanguage\":\"es\"},{\"@type\":\"WebPage\",\"@id\":\"https:\\\/\\\/noticiasmercedinas.com\\\/site\\\/2024\\\/01\\\/11\\\/nuevo-y-ultimo-corte-programado-este-viernes-avanzan-obras-de-repotenciacion-de-eden\\\/\",\"url\":\"https:\\\/\\\/noticiasmercedinas.com\\\/site\\\/2024\\\/01\\\/11\\\/nuevo-y-ultimo-corte-programado-este-viernes-avanzan-obras-de-repotenciacion-de-eden\\\/\",\"name\":\"Nuevo y \u00faltimo corte programado, este viernes: avanzan obras de repotenciaci\u00f3n de EDEN\",\"isPartOf\":{\"@id\":\"https:\\\/\\\/noticiasmercedinas.com\\\/site\\\/#website\"},\"primaryImageOfPage\":{\"@id\":\"https:\\\/\\\/noticiasmercedinas.com\\\/site\\\/2024\\\/01\\\/11\\\/nuevo-y-ultimo-corte-programado-este-viernes-avanzan-obras-de-repotenciacion-de-eden\\\/#primaryimage\"},\"image\":{\"@id\":\"https:\\\/\\\/noticiasmercedinas.com\\\/site\\\/2024\\\/01\\\/11\\\/nuevo-y-ultimo-corte-programado-este-viernes-avanzan-obras-de-repotenciacion-de-eden\\\/#primaryimage\"},\"thumbnailUrl\":\"https:\\\/\\\/noticiasmercedinas.com\\\/site\\\/wp-content\\\/uploads\\\/2019\\\/10\\\/EDEN-Foto-interrupci\u00f3n-programada-1-e1638469970347.jpg\",\"datePublished\":\"2024-01-11T20:58:17+00:00\",\"breadcrumb\":{\"@id\":\"https:\\\/\\\/noticiasmercedinas.com\\\/site\\\/2024\\\/01\\\/11\\\/nuevo-y-ultimo-corte-programado-este-viernes-avanzan-obras-de-repotenciacion-de-eden\\\/#breadcrumb\"},\"inLanguage\":\"es\",\"potentialAction\":[{\"@type\":\"ReadAction\",\"target\":[\"https:\\\/\\\/noticiasmercedinas.com\\\/site\\\/2024\\\/01\\\/11\\\/nuevo-y-ultimo-corte-programado-este-viernes-avanzan-obras-de-repotenciacion-de-eden\\\/\"]}]},{\"@type\":\"ImageObject\",\"inLanguage\":\"es\",\"@id\":\"https:\\\/\\\/noticiasmercedinas.com\\\/site\\\/2024\\\/01\\\/11\\\/nuevo-y-ultimo-corte-programado-este-viernes-avanzan-obras-de-repotenciacion-de-eden\\\/#primaryimage\",\"url\":\"https:\\\/\\\/noticiasmercedinas.com\\\/site\\\/wp-content\\\/uploads\\\/2019\\\/10\\\/EDEN-Foto-interrupci\u00f3n-programada-1-e1638469970347.jpg\",\"contentUrl\":\"https:\\\/\\\/noticiasmercedinas.com\\\/site\\\/wp-content\\\/uploads\\\/2019\\\/10\\\/EDEN-Foto-interrupci\u00f3n-programada-1-e1638469970347.jpg\",\"width\":640,\"height\":427},{\"@type\":\"BreadcrumbList\",\"@id\":\"https:\\\/\\\/noticiasmercedinas.com\\\/site\\\/2024\\\/01\\\/11\\\/nuevo-y-ultimo-corte-programado-este-viernes-avanzan-obras-de-repotenciacion-de-eden\\\/#breadcrumb\",\"itemListElement\":[{\"@type\":\"ListItem\",\"position\":1,\"name\":\"Portada\",\"item\":\"https:\\\/\\\/noticiasmercedinas.com\\\/site\\\/\"},{\"@type\":\"ListItem\",\"position\":2,\"name\":\"Nuevo y \u00faltimo corte programado, este viernes: avanzan obras de repotenciaci\u00f3n de EDEN\"}]},{\"@type\":\"WebSite\",\"@id\":\"https:\\\/\\\/noticiasmercedinas.com\\\/site\\\/#website\",\"url\":\"https:\\\/\\\/noticiasmercedinas.com\\\/site\\\/\",\"name\":\"NOTICIASMERCEDINAS.COM\",\"description\":\"Mercedes, Buenos Aires, Argentina\",\"publisher\":{\"@id\":\"https:\\\/\\\/noticiasmercedinas.com\\\/site\\\/#organization\"},\"potentialAction\":[{\"@type\":\"SearchAction\",\"target\":{\"@type\":\"EntryPoint\",\"urlTemplate\":\"https:\\\/\\\/noticiasmercedinas.com\\\/site\\\/?s={search_term_string}\"},\"query-input\":{\"@type\":\"PropertyValueSpecification\",\"valueRequired\":true,\"valueName\":\"search_term_string\"}}],\"inLanguage\":\"es\"},{\"@type\":\"Organization\",\"@id\":\"https:\\\/\\\/noticiasmercedinas.com\\\/site\\\/#organization\",\"name\":\"NOTICIASMERCEDINAS.COM\",\"url\":\"https:\\\/\\\/noticiasmercedinas.com\\\/site\\\/\",\"logo\":{\"@type\":\"ImageObject\",\"inLanguage\":\"es\",\"@id\":\"https:\\\/\\\/noticiasmercedinas.com\\\/site\\\/#\\\/schema\\\/logo\\\/image\\\/\",\"url\":\"https:\\\/\\\/noticiasmercedinas.com\\\/site\\\/wp-content\\\/uploads\\\/2020\\\/06\\\/LOGO-512.jpg\",\"contentUrl\":\"https:\\\/\\\/noticiasmercedinas.com\\\/site\\\/wp-content\\\/uploads\\\/2020\\\/06\\\/LOGO-512.jpg\",\"width\":512,\"height\":512,\"caption\":\"NOTICIASMERCEDINAS.COM\"},\"image\":{\"@id\":\"https:\\\/\\\/noticiasmercedinas.com\\\/site\\\/#\\\/schema\\\/logo\\\/image\\\/\"},\"sameAs\":[\"https:\\\/\\\/www.facebook.com\\\/noticiasmercedinas\\\/\",\"https:\\\/\\\/x.com\\\/notmercedinas\",\"https:\\\/\\\/www.instagram.com\\\/noticiasmercedinas\\\/\"]},{\"@type\":\"Person\",\"@id\":\"https:\\\/\\\/noticiasmercedinas.com\\\/site\\\/#\\\/schema\\\/person\\\/84b59c099c28ff2e8b77d4ceec5d8063\",\"name\":\"NOTICIASMERCEDINAS.COM\",\"image\":{\"@type\":\"ImageObject\",\"inLanguage\":\"es\",\"@id\":\"https:\\\/\\\/secure.gravatar.com\\\/avatar\\\/4dfbf16b4d17945bfb6341b2d19043457132fcf478a5ee04f42e959fd8f5df0a?s=96&d=mm&r=g\",\"url\":\"https:\\\/\\\/secure.gravatar.com\\\/avatar\\\/4dfbf16b4d17945bfb6341b2d19043457132fcf478a5ee04f42e959fd8f5df0a?s=96&d=mm&r=g\",\"contentUrl\":\"https:\\\/\\\/secure.gravatar.com\\\/avatar\\\/4dfbf16b4d17945bfb6341b2d19043457132fcf478a5ee04f42e959fd8f5df0a?s=96&d=mm&r=g\",\"caption\":\"NOTICIASMERCEDINAS.COM\"},\"url\":\"https:\\\/\\\/noticiasmercedinas.com\\\/site\\\/author\\\/anonimo\\\/\"}]}<\/script>\n<!-- \/ Yoast SEO plugin. -->","yoast_head_json":{"title":"Nuevo y \u00faltimo corte programado, este viernes: avanzan obras de repotenciaci\u00f3n de EDEN","robots":{"index":"index","follow":"follow","max-snippet":"max-snippet:-1","max-image-preview":"max-image-preview:large","max-video-preview":"max-video-preview:-1"},"canonical":"https:\/\/noticiasmercedinas.com\/site\/2024\/01\/11\/nuevo-y-ultimo-corte-programado-este-viernes-avanzan-obras-de-repotenciacion-de-eden\/","og_locale":"es_ES","og_type":"article","og_title":"Nuevo y \u00faltimo corte programado, este viernes: avanzan obras de repotenciaci\u00f3n de EDEN","og_description":"\u25a0 Las labores consisten en el recambio de transformadores por unidades de mayor capacidad, lo que mejorar\u00e1 significativamente el caudal de flujo energ\u00e9tico en la regi\u00f3n. El cronograma por zonas","og_url":"https:\/\/noticiasmercedinas.com\/site\/2024\/01\/11\/nuevo-y-ultimo-corte-programado-este-viernes-avanzan-obras-de-repotenciacion-de-eden\/","og_site_name":"NOTICIASMERCEDINAS.COM","article_publisher":"https:\/\/www.facebook.com\/noticiasmercedinas\/","article_published_time":"2024-01-11T20:58:17+00:00","og_image":[{"width":640,"height":427,"url":"https:\/\/noticiasmercedinas.com\/site\/wp-content\/uploads\/2019\/10\/EDEN-Foto-interrupci\u00f3n-programada-1-e1638469970347.jpg","type":"image\/jpeg"}],"author":"NOTICIASMERCEDINAS.COM","twitter_card":"summary_large_image","twitter_creator":"@notmercedinas","twitter_site":"@notmercedinas","twitter_misc":{"Escrito por":"NOTICIASMERCEDINAS.COM","Tiempo de lectura":"2 minutos"},"schema":{"@context":"https:\/\/schema.org","@graph":[{"@type":"Article","@id":"https:\/\/noticiasmercedinas.com\/site\/2024\/01\/11\/nuevo-y-ultimo-corte-programado-este-viernes-avanzan-obras-de-repotenciacion-de-eden\/#article","isPartOf":{"@id":"https:\/\/noticiasmercedinas.com\/site\/2024\/01\/11\/nuevo-y-ultimo-corte-programado-este-viernes-avanzan-obras-de-repotenciacion-de-eden\/"},"author":{"name":"NOTICIASMERCEDINAS.COM","@id":"https:\/\/noticiasmercedinas.com\/site\/#\/schema\/person\/84b59c099c28ff2e8b77d4ceec5d8063"},"headline":"Nuevo y \u00faltimo corte programado, este viernes: avanzan obras de repotenciaci\u00f3n de EDEN","datePublished":"2024-01-11T20:58:17+00:00","mainEntityOfPage":{"@id":"https:\/\/noticiasmercedinas.com\/site\/2024\/01\/11\/nuevo-y-ultimo-corte-programado-este-viernes-avanzan-obras-de-repotenciacion-de-eden\/"},"wordCount":374,"publisher":{"@id":"https:\/\/noticiasmercedinas.com\/site\/#organization"},"image":{"@id":"https:\/\/noticiasmercedinas.com\/site\/2024\/01\/11\/nuevo-y-ultimo-corte-programado-este-viernes-avanzan-obras-de-repotenciacion-de-eden\/#primaryimage"},"thumbnailUrl":"https:\/\/noticiasmercedinas.com\/site\/wp-content\/uploads\/2019\/10\/EDEN-Foto-interrupci\u00f3n-programada-1-e1638469970347.jpg","keywords":["corte de luz","eden"],"articleSection":["Sociedad"],"inLanguage":"es"},{"@type":"WebPage","@id":"https:\/\/noticiasmercedinas.com\/site\/2024\/01\/11\/nuevo-y-ultimo-corte-programado-este-viernes-avanzan-obras-de-repotenciacion-de-eden\/","url":"https:\/\/noticiasmercedinas.com\/site\/2024\/01\/11\/nuevo-y-ultimo-corte-programado-este-viernes-avanzan-obras-de-repotenciacion-de-eden\/","name":"Nuevo y \u00faltimo corte programado, este viernes: avanzan obras de repotenciaci\u00f3n de EDEN","isPartOf":{"@id":"https:\/\/noticiasmercedinas.com\/site\/#website"},"primaryImageOfPage":{"@id":"https:\/\/noticiasmercedinas.com\/site\/2024\/01\/11\/nuevo-y-ultimo-corte-programado-este-viernes-avanzan-obras-de-repotenciacion-de-eden\/#primaryimage"},"image":{"@id":"https:\/\/noticiasmercedinas.com\/site\/2024\/01\/11\/nuevo-y-ultimo-corte-programado-este-viernes-avanzan-obras-de-repotenciacion-de-eden\/#primaryimage"},"thumbnailUrl":"https:\/\/noticiasmercedinas.com\/site\/wp-content\/uploads\/2019\/10\/EDEN-Foto-interrupci\u00f3n-programada-1-e1638469970347.jpg","datePublished":"2024-01-11T20:58:17+00:00","breadcrumb":{"@id":"https:\/\/noticiasmercedinas.com\/site\/2024\/01\/11\/nuevo-y-ultimo-corte-programado-este-viernes-avanzan-obras-de-repotenciacion-de-eden\/#breadcrumb"},"inLanguage":"es","potentialAction":[{"@type":"ReadAction","target":["https:\/\/noticiasmercedinas.com\/site\/2024\/01\/11\/nuevo-y-ultimo-corte-programado-este-viernes-avanzan-obras-de-repotenciacion-de-eden\/"]}]},{"@type":"ImageObject","inLanguage":"es","@id":"https:\/\/noticiasmercedinas.com\/site\/2024\/01\/11\/nuevo-y-ultimo-corte-programado-este-viernes-avanzan-obras-de-repotenciacion-de-eden\/#primaryimage","url":"https:\/\/noticiasmercedinas.com\/site\/wp-content\/uploads\/2019\/10\/EDEN-Foto-interrupci\u00f3n-programada-1-e1638469970347.jpg","contentUrl":"https:\/\/noticiasmercedinas.com\/site\/wp-content\/uploads\/2019\/10\/EDEN-Foto-interrupci\u00f3n-programada-1-e1638469970347.jpg","width":640,"height":427},{"@type":"BreadcrumbList","@id":"https:\/\/noticiasmercedinas.com\/site\/2024\/01\/11\/nuevo-y-ultimo-corte-programado-este-viernes-avanzan-obras-de-repotenciacion-de-eden\/#breadcrumb","itemListElement":[{"@type":"ListItem","position":1,"name":"Portada","item":"https:\/\/noticiasmercedinas.com\/site\/"},{"@type":"ListItem","position":2,"name":"Nuevo y \u00faltimo corte programado, este viernes: avanzan obras de repotenciaci\u00f3n de EDEN"}]},{"@type":"WebSite","@id":"https:\/\/noticiasmercedinas.com\/site\/#website","url":"https:\/\/noticiasmercedinas.com\/site\/","name":"NOTICIASMERCEDINAS.COM","description":"Mercedes, Buenos Aires, Argentina","publisher":{"@id":"https:\/\/noticiasmercedinas.com\/site\/#organization"},"potentialAction":[{"@type":"SearchAction","target":{"@type":"EntryPoint","urlTemplate":"https:\/\/noticiasmercedinas.com\/site\/?s={search_term_string}"},"query-input":{"@type":"PropertyValueSpecification","valueRequired":true,"valueName":"search_term_string"}}],"inLanguage":"es"},{"@type":"Organization","@id":"https:\/\/noticiasmercedinas.com\/site\/#organization","name":"NOTICIASMERCEDINAS.COM","url":"https:\/\/noticiasmercedinas.com\/site\/","logo":{"@type":"ImageObject","inLanguage":"es","@id":"https:\/\/noticiasmercedinas.com\/site\/#\/schema\/logo\/image\/","url":"https:\/\/noticiasmercedinas.com\/site\/wp-content\/uploads\/2020\/06\/LOGO-512.jpg","contentUrl":"https:\/\/noticiasmercedinas.com\/site\/wp-content\/uploads\/2020\/06\/LOGO-512.jpg","width":512,"height":512,"caption":"NOTICIASMERCEDINAS.COM"},"image":{"@id":"https:\/\/noticiasmercedinas.com\/site\/#\/schema\/logo\/image\/"},"sameAs":["https:\/\/www.facebook.com\/noticiasmercedinas\/","https:\/\/x.com\/notmercedinas","https:\/\/www.instagram.com\/noticiasmercedinas\/"]},{"@type":"Person","@id":"https:\/\/noticiasmercedinas.com\/site\/#\/schema\/person\/84b59c099c28ff2e8b77d4ceec5d8063","name":"NOTICIASMERCEDINAS.COM","image":{"@type":"ImageObject","inLanguage":"es","@id":"https:\/\/secure.gravatar.com\/avatar\/4dfbf16b4d17945bfb6341b2d19043457132fcf478a5ee04f42e959fd8f5df0a?s=96&d=mm&r=g","url":"https:\/\/secure.gravatar.com\/avatar\/4dfbf16b4d17945bfb6341b2d19043457132fcf478a5ee04f42e959fd8f5df0a?s=96&d=mm&r=g","contentUrl":"https:\/\/secure.gravatar.com\/avatar\/4dfbf16b4d17945bfb6341b2d19043457132fcf478a5ee04f42e959fd8f5df0a?s=96&d=mm&r=g","caption":"NOTICIASMERCEDINAS.COM"},"url":"https:\/\/noticiasmercedinas.com\/site\/author\/anonimo\/"}]}},"amp_enabled":true,"_links":{"self":[{"href":"https:\/\/noticiasmercedinas.com\/site\/wp-json\/wp\/v2\/posts\/129566","targetHints":{"allow":["GET"]}}],"collection":[{"href":"https:\/\/noticiasmercedinas.com\/site\/wp-json\/wp\/v2\/posts"}],"about":[{"href":"https:\/\/noticiasmercedinas.com\/site\/wp-json\/wp\/v2\/types\/post"}],"author":[{"embeddable":true,"href":"https:\/\/noticiasmercedinas.com\/site\/wp-json\/wp\/v2\/users\/16"}],"replies":[{"embeddable":true,"href":"https:\/\/noticiasmercedinas.com\/site\/wp-json\/wp\/v2\/comments?post=129566"}],"version-history":[{"count":1,"href":"https:\/\/noticiasmercedinas.com\/site\/wp-json\/wp\/v2\/posts\/129566\/revisions"}],"predecessor-version":[{"id":129567,"href":"https:\/\/noticiasmercedinas.com\/site\/wp-json\/wp\/v2\/posts\/129566\/revisions\/129567"}],"wp:featuredmedia":[{"embeddable":true,"href":"https:\/\/noticiasmercedinas.com\/site\/wp-json\/wp\/v2\/media\/31885"}],"wp:attachment":[{"href":"https:\/\/noticiasmercedinas.com\/site\/wp-json\/wp\/v2\/media?parent=129566"}],"wp:term":[{"taxonomy":"category","embeddable":true,"href":"https:\/\/noticiasmercedinas.com\/site\/wp-json\/wp\/v2\/categories?post=129566"},{"taxonomy":"post_tag","embeddable":true,"href":"https:\/\/noticiasmercedinas.com\/site\/wp-json\/wp\/v2\/tags?post=129566"}],"curies":[{"name":"wp","href":"https:\/\/api.w.org\/{rel}","templated":true}]}}