{"id":129807,"date":"2024-01-21T23:08:50","date_gmt":"2024-01-22T02:08:50","guid":{"rendered":"https:\/\/noticiasmercedinas.com\/site\/?p=129807"},"modified":"2024-01-21T23:08:50","modified_gmt":"2024-01-22T02:08:50","slug":"colon-y-camioneros-finalistas-de-la-pampeana-norte","status":"publish","type":"post","link":"https:\/\/noticiasmercedinas.com\/site\/2024\/01\/21\/colon-y-camioneros-finalistas-de-la-pampeana-norte\/","title":{"rendered":"Col\u00f3n y Camioneros finalistas de la Pampeana Norte"},"content":{"rendered":"<figure id=\"attachment_129808\" aria-describedby=\"caption-attachment-129808\" style=\"width: 640px\" class=\"wp-caption alignnone\"><img loading=\"lazy\" decoding=\"async\" class=\"wp-image-129808 size-full\" src=\"https:\/\/noticiasmercedinas.com\/site\/wp-content\/uploads\/2024\/01\/420180935_776366921198892_7169220346094403033_n.jpg\" alt=\"\" width=\"640\" height=\"426\" srcset=\"https:\/\/noticiasmercedinas.com\/site\/wp-content\/uploads\/2024\/01\/420180935_776366921198892_7169220346094403033_n.jpg 640w, https:\/\/noticiasmercedinas.com\/site\/wp-content\/uploads\/2024\/01\/420180935_776366921198892_7169220346094403033_n-300x200.jpg 300w\" sizes=\"auto, (max-width: 640px) 100vw, 640px\" \/><figcaption id=\"caption-attachment-129808\" class=\"wp-caption-text\">Camioneros fue m\u00e1s que La Fraternidad (Foto Camioneros).<\/figcaption><\/figure>\n<p>El Torneo Regional Federal Amateur defini\u00f3 este domingo buena parte de sus finalistas, dentro de la Regi\u00f3n Pampeana Norte volvi\u00f3 a ganar Camioneros sobre La Fraternidad y con ello se meti\u00f3 en la definici\u00f3n.<\/p>\n<p>En Jun\u00edn fue empate en dos goles entre Villa Belgrano y Col\u00f3n, la ida hab\u00eda dejado el 2-0 para los de Chivilcoy que con ello se clasificaron a la final de la Regi\u00f3n, afrontando luego la gran final por el ascenso al Federal A.<\/p>\n<p><strong>La Fraternidad (Escobar) 0<\/strong>.<br \/>\n<strong>Camioneros (Luj\u00e1n) 1:<\/strong> Mat\u00edas De Jes\u00fas.<\/p>\n<p><strong>Villa Belgrano (Jun\u00edn) 2:<\/strong> Augusto Sonzongi y Alexis Villa.<br \/>\n<strong>Col\u00f3n (Chivilcoy) 2:<\/strong> Maximiliano Bordiu y Juan Aguirre.<\/p>\n<p><strong>Finales<br \/>\nPampeana Norte<br \/>\n<\/strong>Camioneros (Luj\u00e1n) vs. Col\u00f3n (Chivilcoy).<strong><\/p>\n<p>Cuyo<br \/>\n<\/strong>Juventud Alianza (Santa Luc\u00eda \u2013 San Juan) vs. Guti\u00e9rrez (Mendoza).<br \/>\n<strong><br \/>\nLitoral Norte<br \/>\n<\/strong>Mitre (Posadas &#8211; Misiones) vs. Defensores (Formosa).<\/p>\n<p><strong>Litoral Sur<\/strong><br \/>\nBen Hur (Rafaela \u2013 Santa Fe) vs. Col\u00f3n (San Justo \u2013 Santa Fe).<\/p>\n<p><strong>Norte<\/strong><br \/>\nAltos Hornos Zapla vs. Talleres (Met\u00e1n &#8211; Salta) o San Pablo (Tucum\u00e1n) que juega el lunes.<\/p>\n<p><strong>Pampeana Sur<\/strong><br \/>\nCosta Brava (General Pico \u2013 La Pampa) vs. Kimberley (Mar del Plata).<\/p>\n<p><strong>Sur<\/strong><br \/>\nJorge Newbery (Comodoro Rivadavia) vs. Deportivo Rinc\u00f3n (Rinc\u00f3n de Sauces \u2013 Neuqu\u00e9n).<\/p>\n<p><strong>Centro<\/strong><br \/>\nLas Palmas (C\u00f3rdoba) vs. Sarmiento (La Banda \u2013 Santiago del Estero).<\/p>\n","protected":false},"excerpt":{"rendered":"<p>\u25a0 Los de Chivilcoy igualaron en Jun\u00edn y con el global a su favor pasaron de fase. El \u201cVerde\u201d volvi\u00f3 a imponerse por la m\u00ednima sobre La Fraternidad. Otras regiones van teniendo sus candidatos al Federal A.<\/p>\n","protected":false},"author":6,"featured_media":129808,"comment_status":"closed","ping_status":"closed","sticky":false,"template":"","format":"standard","meta":{"footnotes":""},"categories":[5],"tags":[11815,3405],"class_list":["post-129807","post","type-post","status-publish","format-standard","has-post-thumbnail","hentry","category-deportes","tag-colon-de-chivilcoy","tag-torneo-regional-federal-amateur"],"yoast_head":"<!-- This site is optimized with the Yoast SEO plugin v27.5 - https:\/\/yoast.com\/product\/yoast-seo-wordpress\/ -->\n<title>Col\u00f3n y Camioneros finalistas de la Pampeana Norte<\/title>\n<meta name=\"robots\" content=\"index, follow, max-snippet:-1, max-image-preview:large, max-video-preview:-1\" \/>\n<link rel=\"canonical\" href=\"https:\/\/noticiasmercedinas.com\/site\/2024\/01\/21\/colon-y-camioneros-finalistas-de-la-pampeana-norte\/\" \/>\n<meta property=\"og:locale\" content=\"es_ES\" \/>\n<meta property=\"og:type\" content=\"article\" \/>\n<meta property=\"og:title\" content=\"Col\u00f3n y Camioneros finalistas de la Pampeana Norte\" \/>\n<meta property=\"og:description\" content=\"\u25a0 Los de Chivilcoy igualaron en Jun\u00edn y con el global a su favor pasaron de fase. El \u201cVerde\u201d volvi\u00f3 a imponerse por la m\u00ednima sobre La Fraternidad. Otras regiones van teniendo sus candidatos al Federal A.\" \/>\n<meta property=\"og:url\" content=\"https:\/\/noticiasmercedinas.com\/site\/2024\/01\/21\/colon-y-camioneros-finalistas-de-la-pampeana-norte\/\" \/>\n<meta property=\"og:site_name\" content=\"NOTICIASMERCEDINAS.COM\" \/>\n<meta property=\"article:publisher\" content=\"https:\/\/www.facebook.com\/noticiasmercedinas\/\" \/>\n<meta property=\"article:published_time\" content=\"2024-01-22T02:08:50+00:00\" \/>\n<meta property=\"og:image\" content=\"https:\/\/noticiasmercedinas.com\/site\/wp-content\/uploads\/2024\/01\/420180935_776366921198892_7169220346094403033_n.jpg\" \/>\n\t<meta property=\"og:image:width\" content=\"640\" \/>\n\t<meta property=\"og:image:height\" content=\"426\" \/>\n\t<meta property=\"og:image:type\" content=\"image\/jpeg\" \/>\n<meta name=\"author\" content=\"Juan Dagnino NOTICIASMERCEDINAS.COM\" \/>\n<meta name=\"twitter:card\" content=\"summary_large_image\" \/>\n<meta name=\"twitter:creator\" content=\"@notmercedinas\" \/>\n<meta name=\"twitter:site\" content=\"@notmercedinas\" \/>\n<meta name=\"twitter:label1\" content=\"Escrito por\" \/>\n\t<meta name=\"twitter:data1\" content=\"Juan Dagnino NOTICIASMERCEDINAS.COM\" \/>\n\t<meta name=\"twitter:label2\" content=\"Tiempo de lectura\" \/>\n\t<meta name=\"twitter:data2\" content=\"2 minutos\" \/>\n<script type=\"application\/ld+json\" class=\"yoast-schema-graph\">{\"@context\":\"https:\\\/\\\/schema.org\",\"@graph\":[{\"@type\":\"Article\",\"@id\":\"https:\\\/\\\/noticiasmercedinas.com\\\/site\\\/2024\\\/01\\\/21\\\/colon-y-camioneros-finalistas-de-la-pampeana-norte\\\/#article\",\"isPartOf\":{\"@id\":\"https:\\\/\\\/noticiasmercedinas.com\\\/site\\\/2024\\\/01\\\/21\\\/colon-y-camioneros-finalistas-de-la-pampeana-norte\\\/\"},\"author\":{\"name\":\"Juan Dagnino NOTICIASMERCEDINAS.COM\",\"@id\":\"https:\\\/\\\/noticiasmercedinas.com\\\/site\\\/#\\\/schema\\\/person\\\/8f2f09d666ef40986eba4a5e6f2a06f9\"},\"headline\":\"Col\u00f3n y Camioneros finalistas de la Pampeana Norte\",\"datePublished\":\"2024-01-22T02:08:50+00:00\",\"mainEntityOfPage\":{\"@id\":\"https:\\\/\\\/noticiasmercedinas.com\\\/site\\\/2024\\\/01\\\/21\\\/colon-y-camioneros-finalistas-de-la-pampeana-norte\\\/\"},\"wordCount\":241,\"publisher\":{\"@id\":\"https:\\\/\\\/noticiasmercedinas.com\\\/site\\\/#organization\"},\"image\":{\"@id\":\"https:\\\/\\\/noticiasmercedinas.com\\\/site\\\/2024\\\/01\\\/21\\\/colon-y-camioneros-finalistas-de-la-pampeana-norte\\\/#primaryimage\"},\"thumbnailUrl\":\"https:\\\/\\\/noticiasmercedinas.com\\\/site\\\/wp-content\\\/uploads\\\/2024\\\/01\\\/420180935_776366921198892_7169220346094403033_n.jpg\",\"keywords\":[\"colon de chivilcoy\",\"Torneo Regional Federal Amateur\"],\"articleSection\":[\"Deportes\"],\"inLanguage\":\"es\"},{\"@type\":\"WebPage\",\"@id\":\"https:\\\/\\\/noticiasmercedinas.com\\\/site\\\/2024\\\/01\\\/21\\\/colon-y-camioneros-finalistas-de-la-pampeana-norte\\\/\",\"url\":\"https:\\\/\\\/noticiasmercedinas.com\\\/site\\\/2024\\\/01\\\/21\\\/colon-y-camioneros-finalistas-de-la-pampeana-norte\\\/\",\"name\":\"Col\u00f3n y Camioneros finalistas de la Pampeana Norte\",\"isPartOf\":{\"@id\":\"https:\\\/\\\/noticiasmercedinas.com\\\/site\\\/#website\"},\"primaryImageOfPage\":{\"@id\":\"https:\\\/\\\/noticiasmercedinas.com\\\/site\\\/2024\\\/01\\\/21\\\/colon-y-camioneros-finalistas-de-la-pampeana-norte\\\/#primaryimage\"},\"image\":{\"@id\":\"https:\\\/\\\/noticiasmercedinas.com\\\/site\\\/2024\\\/01\\\/21\\\/colon-y-camioneros-finalistas-de-la-pampeana-norte\\\/#primaryimage\"},\"thumbnailUrl\":\"https:\\\/\\\/noticiasmercedinas.com\\\/site\\\/wp-content\\\/uploads\\\/2024\\\/01\\\/420180935_776366921198892_7169220346094403033_n.jpg\",\"datePublished\":\"2024-01-22T02:08:50+00:00\",\"breadcrumb\":{\"@id\":\"https:\\\/\\\/noticiasmercedinas.com\\\/site\\\/2024\\\/01\\\/21\\\/colon-y-camioneros-finalistas-de-la-pampeana-norte\\\/#breadcrumb\"},\"inLanguage\":\"es\",\"potentialAction\":[{\"@type\":\"ReadAction\",\"target\":[\"https:\\\/\\\/noticiasmercedinas.com\\\/site\\\/2024\\\/01\\\/21\\\/colon-y-camioneros-finalistas-de-la-pampeana-norte\\\/\"]}]},{\"@type\":\"ImageObject\",\"inLanguage\":\"es\",\"@id\":\"https:\\\/\\\/noticiasmercedinas.com\\\/site\\\/2024\\\/01\\\/21\\\/colon-y-camioneros-finalistas-de-la-pampeana-norte\\\/#primaryimage\",\"url\":\"https:\\\/\\\/noticiasmercedinas.com\\\/site\\\/wp-content\\\/uploads\\\/2024\\\/01\\\/420180935_776366921198892_7169220346094403033_n.jpg\",\"contentUrl\":\"https:\\\/\\\/noticiasmercedinas.com\\\/site\\\/wp-content\\\/uploads\\\/2024\\\/01\\\/420180935_776366921198892_7169220346094403033_n.jpg\",\"width\":640,\"height\":426},{\"@type\":\"BreadcrumbList\",\"@id\":\"https:\\\/\\\/noticiasmercedinas.com\\\/site\\\/2024\\\/01\\\/21\\\/colon-y-camioneros-finalistas-de-la-pampeana-norte\\\/#breadcrumb\",\"itemListElement\":[{\"@type\":\"ListItem\",\"position\":1,\"name\":\"Portada\",\"item\":\"https:\\\/\\\/noticiasmercedinas.com\\\/site\\\/\"},{\"@type\":\"ListItem\",\"position\":2,\"name\":\"Col\u00f3n y Camioneros finalistas de la Pampeana Norte\"}]},{\"@type\":\"WebSite\",\"@id\":\"https:\\\/\\\/noticiasmercedinas.com\\\/site\\\/#website\",\"url\":\"https:\\\/\\\/noticiasmercedinas.com\\\/site\\\/\",\"name\":\"NOTICIASMERCEDINAS.COM\",\"description\":\"Mercedes, Buenos Aires, Argentina\",\"publisher\":{\"@id\":\"https:\\\/\\\/noticiasmercedinas.com\\\/site\\\/#organization\"},\"potentialAction\":[{\"@type\":\"SearchAction\",\"target\":{\"@type\":\"EntryPoint\",\"urlTemplate\":\"https:\\\/\\\/noticiasmercedinas.com\\\/site\\\/?s={search_term_string}\"},\"query-input\":{\"@type\":\"PropertyValueSpecification\",\"valueRequired\":true,\"valueName\":\"search_term_string\"}}],\"inLanguage\":\"es\"},{\"@type\":\"Organization\",\"@id\":\"https:\\\/\\\/noticiasmercedinas.com\\\/site\\\/#organization\",\"name\":\"NOTICIASMERCEDINAS.COM\",\"url\":\"https:\\\/\\\/noticiasmercedinas.com\\\/site\\\/\",\"logo\":{\"@type\":\"ImageObject\",\"inLanguage\":\"es\",\"@id\":\"https:\\\/\\\/noticiasmercedinas.com\\\/site\\\/#\\\/schema\\\/logo\\\/image\\\/\",\"url\":\"https:\\\/\\\/noticiasmercedinas.com\\\/site\\\/wp-content\\\/uploads\\\/2020\\\/06\\\/LOGO-512.jpg\",\"contentUrl\":\"https:\\\/\\\/noticiasmercedinas.com\\\/site\\\/wp-content\\\/uploads\\\/2020\\\/06\\\/LOGO-512.jpg\",\"width\":512,\"height\":512,\"caption\":\"NOTICIASMERCEDINAS.COM\"},\"image\":{\"@id\":\"https:\\\/\\\/noticiasmercedinas.com\\\/site\\\/#\\\/schema\\\/logo\\\/image\\\/\"},\"sameAs\":[\"https:\\\/\\\/www.facebook.com\\\/noticiasmercedinas\\\/\",\"https:\\\/\\\/x.com\\\/notmercedinas\",\"https:\\\/\\\/www.instagram.com\\\/noticiasmercedinas\\\/\"]},{\"@type\":\"Person\",\"@id\":\"https:\\\/\\\/noticiasmercedinas.com\\\/site\\\/#\\\/schema\\\/person\\\/8f2f09d666ef40986eba4a5e6f2a06f9\",\"name\":\"Juan Dagnino NOTICIASMERCEDINAS.COM\",\"image\":{\"@type\":\"ImageObject\",\"inLanguage\":\"es\",\"@id\":\"https:\\\/\\\/secure.gravatar.com\\\/avatar\\\/fc7059a769f5a3cae65fadb228a3e4accf3a64b4b2305020d0a27e6d5333c91b?s=96&d=mm&r=g\",\"url\":\"https:\\\/\\\/secure.gravatar.com\\\/avatar\\\/fc7059a769f5a3cae65fadb228a3e4accf3a64b4b2305020d0a27e6d5333c91b?s=96&d=mm&r=g\",\"contentUrl\":\"https:\\\/\\\/secure.gravatar.com\\\/avatar\\\/fc7059a769f5a3cae65fadb228a3e4accf3a64b4b2305020d0a27e6d5333c91b?s=96&d=mm&r=g\",\"caption\":\"Juan Dagnino NOTICIASMERCEDINAS.COM\"},\"url\":\"https:\\\/\\\/noticiasmercedinas.com\\\/site\\\/author\\\/juandagnino\\\/\"}]}<\/script>\n<!-- \/ Yoast SEO plugin. -->","yoast_head_json":{"title":"Col\u00f3n y Camioneros finalistas de la Pampeana Norte","robots":{"index":"index","follow":"follow","max-snippet":"max-snippet:-1","max-image-preview":"max-image-preview:large","max-video-preview":"max-video-preview:-1"},"canonical":"https:\/\/noticiasmercedinas.com\/site\/2024\/01\/21\/colon-y-camioneros-finalistas-de-la-pampeana-norte\/","og_locale":"es_ES","og_type":"article","og_title":"Col\u00f3n y Camioneros finalistas de la Pampeana Norte","og_description":"\u25a0 Los de Chivilcoy igualaron en Jun\u00edn y con el global a su favor pasaron de fase. El \u201cVerde\u201d volvi\u00f3 a imponerse por la m\u00ednima sobre La Fraternidad. Otras regiones van teniendo sus candidatos al Federal A.","og_url":"https:\/\/noticiasmercedinas.com\/site\/2024\/01\/21\/colon-y-camioneros-finalistas-de-la-pampeana-norte\/","og_site_name":"NOTICIASMERCEDINAS.COM","article_publisher":"https:\/\/www.facebook.com\/noticiasmercedinas\/","article_published_time":"2024-01-22T02:08:50+00:00","og_image":[{"width":640,"height":426,"url":"https:\/\/noticiasmercedinas.com\/site\/wp-content\/uploads\/2024\/01\/420180935_776366921198892_7169220346094403033_n.jpg","type":"image\/jpeg"}],"author":"Juan Dagnino NOTICIASMERCEDINAS.COM","twitter_card":"summary_large_image","twitter_creator":"@notmercedinas","twitter_site":"@notmercedinas","twitter_misc":{"Escrito por":"Juan Dagnino NOTICIASMERCEDINAS.COM","Tiempo de lectura":"2 minutos"},"schema":{"@context":"https:\/\/schema.org","@graph":[{"@type":"Article","@id":"https:\/\/noticiasmercedinas.com\/site\/2024\/01\/21\/colon-y-camioneros-finalistas-de-la-pampeana-norte\/#article","isPartOf":{"@id":"https:\/\/noticiasmercedinas.com\/site\/2024\/01\/21\/colon-y-camioneros-finalistas-de-la-pampeana-norte\/"},"author":{"name":"Juan Dagnino NOTICIASMERCEDINAS.COM","@id":"https:\/\/noticiasmercedinas.com\/site\/#\/schema\/person\/8f2f09d666ef40986eba4a5e6f2a06f9"},"headline":"Col\u00f3n y Camioneros finalistas de la Pampeana Norte","datePublished":"2024-01-22T02:08:50+00:00","mainEntityOfPage":{"@id":"https:\/\/noticiasmercedinas.com\/site\/2024\/01\/21\/colon-y-camioneros-finalistas-de-la-pampeana-norte\/"},"wordCount":241,"publisher":{"@id":"https:\/\/noticiasmercedinas.com\/site\/#organization"},"image":{"@id":"https:\/\/noticiasmercedinas.com\/site\/2024\/01\/21\/colon-y-camioneros-finalistas-de-la-pampeana-norte\/#primaryimage"},"thumbnailUrl":"https:\/\/noticiasmercedinas.com\/site\/wp-content\/uploads\/2024\/01\/420180935_776366921198892_7169220346094403033_n.jpg","keywords":["colon de chivilcoy","Torneo Regional Federal Amateur"],"articleSection":["Deportes"],"inLanguage":"es"},{"@type":"WebPage","@id":"https:\/\/noticiasmercedinas.com\/site\/2024\/01\/21\/colon-y-camioneros-finalistas-de-la-pampeana-norte\/","url":"https:\/\/noticiasmercedinas.com\/site\/2024\/01\/21\/colon-y-camioneros-finalistas-de-la-pampeana-norte\/","name":"Col\u00f3n y Camioneros finalistas de la Pampeana Norte","isPartOf":{"@id":"https:\/\/noticiasmercedinas.com\/site\/#website"},"primaryImageOfPage":{"@id":"https:\/\/noticiasmercedinas.com\/site\/2024\/01\/21\/colon-y-camioneros-finalistas-de-la-pampeana-norte\/#primaryimage"},"image":{"@id":"https:\/\/noticiasmercedinas.com\/site\/2024\/01\/21\/colon-y-camioneros-finalistas-de-la-pampeana-norte\/#primaryimage"},"thumbnailUrl":"https:\/\/noticiasmercedinas.com\/site\/wp-content\/uploads\/2024\/01\/420180935_776366921198892_7169220346094403033_n.jpg","datePublished":"2024-01-22T02:08:50+00:00","breadcrumb":{"@id":"https:\/\/noticiasmercedinas.com\/site\/2024\/01\/21\/colon-y-camioneros-finalistas-de-la-pampeana-norte\/#breadcrumb"},"inLanguage":"es","potentialAction":[{"@type":"ReadAction","target":["https:\/\/noticiasmercedinas.com\/site\/2024\/01\/21\/colon-y-camioneros-finalistas-de-la-pampeana-norte\/"]}]},{"@type":"ImageObject","inLanguage":"es","@id":"https:\/\/noticiasmercedinas.com\/site\/2024\/01\/21\/colon-y-camioneros-finalistas-de-la-pampeana-norte\/#primaryimage","url":"https:\/\/noticiasmercedinas.com\/site\/wp-content\/uploads\/2024\/01\/420180935_776366921198892_7169220346094403033_n.jpg","contentUrl":"https:\/\/noticiasmercedinas.com\/site\/wp-content\/uploads\/2024\/01\/420180935_776366921198892_7169220346094403033_n.jpg","width":640,"height":426},{"@type":"BreadcrumbList","@id":"https:\/\/noticiasmercedinas.com\/site\/2024\/01\/21\/colon-y-camioneros-finalistas-de-la-pampeana-norte\/#breadcrumb","itemListElement":[{"@type":"ListItem","position":1,"name":"Portada","item":"https:\/\/noticiasmercedinas.com\/site\/"},{"@type":"ListItem","position":2,"name":"Col\u00f3n y Camioneros finalistas de la Pampeana Norte"}]},{"@type":"WebSite","@id":"https:\/\/noticiasmercedinas.com\/site\/#website","url":"https:\/\/noticiasmercedinas.com\/site\/","name":"NOTICIASMERCEDINAS.COM","description":"Mercedes, Buenos Aires, Argentina","publisher":{"@id":"https:\/\/noticiasmercedinas.com\/site\/#organization"},"potentialAction":[{"@type":"SearchAction","target":{"@type":"EntryPoint","urlTemplate":"https:\/\/noticiasmercedinas.com\/site\/?s={search_term_string}"},"query-input":{"@type":"PropertyValueSpecification","valueRequired":true,"valueName":"search_term_string"}}],"inLanguage":"es"},{"@type":"Organization","@id":"https:\/\/noticiasmercedinas.com\/site\/#organization","name":"NOTICIASMERCEDINAS.COM","url":"https:\/\/noticiasmercedinas.com\/site\/","logo":{"@type":"ImageObject","inLanguage":"es","@id":"https:\/\/noticiasmercedinas.com\/site\/#\/schema\/logo\/image\/","url":"https:\/\/noticiasmercedinas.com\/site\/wp-content\/uploads\/2020\/06\/LOGO-512.jpg","contentUrl":"https:\/\/noticiasmercedinas.com\/site\/wp-content\/uploads\/2020\/06\/LOGO-512.jpg","width":512,"height":512,"caption":"NOTICIASMERCEDINAS.COM"},"image":{"@id":"https:\/\/noticiasmercedinas.com\/site\/#\/schema\/logo\/image\/"},"sameAs":["https:\/\/www.facebook.com\/noticiasmercedinas\/","https:\/\/x.com\/notmercedinas","https:\/\/www.instagram.com\/noticiasmercedinas\/"]},{"@type":"Person","@id":"https:\/\/noticiasmercedinas.com\/site\/#\/schema\/person\/8f2f09d666ef40986eba4a5e6f2a06f9","name":"Juan Dagnino NOTICIASMERCEDINAS.COM","image":{"@type":"ImageObject","inLanguage":"es","@id":"https:\/\/secure.gravatar.com\/avatar\/fc7059a769f5a3cae65fadb228a3e4accf3a64b4b2305020d0a27e6d5333c91b?s=96&d=mm&r=g","url":"https:\/\/secure.gravatar.com\/avatar\/fc7059a769f5a3cae65fadb228a3e4accf3a64b4b2305020d0a27e6d5333c91b?s=96&d=mm&r=g","contentUrl":"https:\/\/secure.gravatar.com\/avatar\/fc7059a769f5a3cae65fadb228a3e4accf3a64b4b2305020d0a27e6d5333c91b?s=96&d=mm&r=g","caption":"Juan Dagnino NOTICIASMERCEDINAS.COM"},"url":"https:\/\/noticiasmercedinas.com\/site\/author\/juandagnino\/"}]}},"amp_enabled":true,"_links":{"self":[{"href":"https:\/\/noticiasmercedinas.com\/site\/wp-json\/wp\/v2\/posts\/129807","targetHints":{"allow":["GET"]}}],"collection":[{"href":"https:\/\/noticiasmercedinas.com\/site\/wp-json\/wp\/v2\/posts"}],"about":[{"href":"https:\/\/noticiasmercedinas.com\/site\/wp-json\/wp\/v2\/types\/post"}],"author":[{"embeddable":true,"href":"https:\/\/noticiasmercedinas.com\/site\/wp-json\/wp\/v2\/users\/6"}],"replies":[{"embeddable":true,"href":"https:\/\/noticiasmercedinas.com\/site\/wp-json\/wp\/v2\/comments?post=129807"}],"version-history":[{"count":1,"href":"https:\/\/noticiasmercedinas.com\/site\/wp-json\/wp\/v2\/posts\/129807\/revisions"}],"predecessor-version":[{"id":129809,"href":"https:\/\/noticiasmercedinas.com\/site\/wp-json\/wp\/v2\/posts\/129807\/revisions\/129809"}],"wp:featuredmedia":[{"embeddable":true,"href":"https:\/\/noticiasmercedinas.com\/site\/wp-json\/wp\/v2\/media\/129808"}],"wp:attachment":[{"href":"https:\/\/noticiasmercedinas.com\/site\/wp-json\/wp\/v2\/media?parent=129807"}],"wp:term":[{"taxonomy":"category","embeddable":true,"href":"https:\/\/noticiasmercedinas.com\/site\/wp-json\/wp\/v2\/categories?post=129807"},{"taxonomy":"post_tag","embeddable":true,"href":"https:\/\/noticiasmercedinas.com\/site\/wp-json\/wp\/v2\/tags?post=129807"}],"curies":[{"name":"wp","href":"https:\/\/api.w.org\/{rel}","templated":true}]}}