{"id":129825,"date":"2024-01-22T11:10:20","date_gmt":"2024-01-22T14:10:20","guid":{"rendered":"https:\/\/noticiasmercedinas.com\/site\/?p=129825"},"modified":"2024-01-22T11:10:20","modified_gmt":"2024-01-22T14:10:20","slug":"hubo-cambios-en-los-horarios-de-tren-sarmiento-en-ramales-merlo-lobos-y-moreno-mercedes","status":"publish","type":"post","link":"https:\/\/noticiasmercedinas.com\/site\/2024\/01\/22\/hubo-cambios-en-los-horarios-de-tren-sarmiento-en-ramales-merlo-lobos-y-moreno-mercedes\/","title":{"rendered":"Hubo cambios en los horarios de tren Sarmiento en Ramales Merlo-Lobos y Moreno-Mercedes"},"content":{"rendered":"<p><img loading=\"lazy\" decoding=\"async\" class=\"alignnone size-full wp-image-7895\" src=\"https:\/\/noticiasmercedinas.com\/site\/wp-content\/uploads\/2018\/11\/tren_sarmiento.png\" alt=\"\" width=\"640\" height=\"483\" srcset=\"https:\/\/noticiasmercedinas.com\/site\/wp-content\/uploads\/2018\/11\/tren_sarmiento.png 640w, https:\/\/noticiasmercedinas.com\/site\/wp-content\/uploads\/2018\/11\/tren_sarmiento-300x226.png 300w, https:\/\/noticiasmercedinas.com\/site\/wp-content\/uploads\/2018\/11\/tren_sarmiento-80x60.png 80w, https:\/\/noticiasmercedinas.com\/site\/wp-content\/uploads\/2018\/11\/tren_sarmiento-160x120.png 160w, https:\/\/noticiasmercedinas.com\/site\/wp-content\/uploads\/2018\/11\/tren_sarmiento-100x75.png 100w, https:\/\/noticiasmercedinas.com\/site\/wp-content\/uploads\/2018\/11\/tren_sarmiento-200x150.png 200w, https:\/\/noticiasmercedinas.com\/site\/wp-content\/uploads\/2018\/11\/tren_sarmiento-180x135.png 180w\" sizes=\"auto, (max-width: 640px) 100vw, 640px\" \/><\/p>\n<p>En una semana marcada por anuncios significativos en el \u00e1mbito ferroviario, el Tren Sarmiento ha comunicado modificaciones en los horarios de dos de sus ramales. Esta noticia se suma a la reciente decisi\u00f3n de cerrar boleter\u00edas en los servicios Mitre y San Mart\u00edn, as\u00ed como a reducciones en la frecuencia y la inminencia de un tarifazo.<\/p>\n<p>Trenes Argentinos ha implementado cambios en los horarios de los ramales Merlo-Lobos y Moreno-Mercedes, que operan con coches di\u00e9sel. Aunque la nueva programaci\u00f3n est\u00e1 en vigor desde el pasado mi\u00e9rcoles 17 de enero, los horarios actualizados a\u00fan no se reflejan en la p\u00e1gina web oficial del servicio. En cambio, la notificaci\u00f3n ha sido interna para los trabajadores de la l\u00ednea y se ha realizado mediante el servicio de mensajer\u00eda de la empresa estatal.<\/p>\n<p><strong>Ramal Merlo-Lobos del Tren Sarmiento:<\/strong><\/p>\n<p>La frecuencia de los trenes de lunes a viernes hacia Las Heras \u2013 Lobos desde Merlo comienza a las 03:28, mientras que de Lobos a Las Heras es a las 05:25. El \u00faltimo servicio desde Merlo parte a las 21:24 y desde Lobos a las 20:04. Los s\u00e1bados y domingos presentan horarios ajustados para satisfacer las necesidades de los usuarios.<\/p>\n<p><strong>Ramal Moreno-Mercedes del Tren Sarmiento:<\/strong><\/p>\n<p>Para el ramal Moreno-Mercedes, los trenes de lunes a s\u00e1bados hacia Luj\u00e1n \u2013 Mercedes salen desde Moreno a las 02:05 y desde Mercedes a las 03:40. El \u00faltimo servicio desde Moreno es a las 22:45 y desde Mercedes a las 22:25. En cuanto a domingos y feriados, los horarios tambi\u00e9n experimentan ajustes significativos.<\/p>\n<p>Estos cambios en los horarios buscan mejorar la eficiencia del servicio y adaptarse a las necesidades de los usuarios, aunque algunos expresan preocupaci\u00f3n ante la falta de actualizaci\u00f3n en la p\u00e1gina web oficial.<\/p>\n<p><strong>Tarifazo en el Transporte: Registro de la Tarjeta SUBE<\/strong><\/p>\n<p>La semana tambi\u00e9n estuvo marcada por el anuncio del gobierno sobre nuevos valores en los pasajes de colectivos y trenes a partir de febrero. Javier Milei confirm\u00f3 incrementos significativos, con un aumento del 325% para aquellos que no tengan registrada su Tarjeta SUBE.<\/p>\n<p>Para evitar pagar esta tarifa diferencial, se insta a los usuarios a registrar su Tarjeta SUBE. El proceso se puede realizar de manera sencilla ingresando a <a href=\"http:\/\/www.argentina.gob.ar\/sube\">www.argentina.gob.ar\/sube<\/a>, completando un formulario con datos personales, y validando la informaci\u00f3n mediante un correo electr\u00f3nico. Aquellos que no realicen este tr\u00e1mite deber\u00e1n abonar una tarifa plana de $420, marcando una diferencia sustancial con los $130 que pagar\u00e1n aquellos con la tarjeta registrada a partir del 1 de febrero.<\/p>\n<p>Los usuarios tambi\u00e9n tienen la opci\u00f3n de realizar el tr\u00e1mite de registro de manera presencial en cualquier Centro de Atenci\u00f3n, presentando su DNI. Con la fecha l\u00edmite de febrero acerc\u00e1ndose, se espera un aumento en la demanda de registro de la Tarjeta SUBE.<\/p>\n","protected":false},"excerpt":{"rendered":"<p>\u25a0 Aunque la nueva programaci\u00f3n est\u00e1 en vigor desde el pasado mi\u00e9rcoles 17 de enero, los horarios actualizados a\u00fan no se reflejan en la p\u00e1gina web oficial del servicio.<\/p>\n","protected":false},"author":16,"featured_media":7895,"comment_status":"closed","ping_status":"closed","sticky":false,"template":"","format":"standard","meta":{"footnotes":""},"categories":[3],"tags":[1116,1653],"class_list":["post-129825","post","type-post","status-publish","format-standard","has-post-thumbnail","hentry","category-sociedad","tag-tren","tag-tren-sarmiento"],"yoast_head":"<!-- This site is optimized with the Yoast SEO plugin v27.4 - https:\/\/yoast.com\/product\/yoast-seo-wordpress\/ -->\n<title>Hubo cambios en los horarios de tren Sarmiento en Ramales Merlo-Lobos y Moreno-Mercedes<\/title>\n<meta name=\"robots\" content=\"index, follow, max-snippet:-1, max-image-preview:large, max-video-preview:-1\" \/>\n<link rel=\"canonical\" href=\"https:\/\/noticiasmercedinas.com\/site\/2024\/01\/22\/hubo-cambios-en-los-horarios-de-tren-sarmiento-en-ramales-merlo-lobos-y-moreno-mercedes\/\" \/>\n<meta property=\"og:locale\" content=\"es_ES\" \/>\n<meta property=\"og:type\" content=\"article\" \/>\n<meta property=\"og:title\" content=\"Hubo cambios en los horarios de tren Sarmiento en Ramales Merlo-Lobos y Moreno-Mercedes\" \/>\n<meta property=\"og:description\" content=\"\u25a0 Aunque la nueva programaci\u00f3n est\u00e1 en vigor desde el pasado mi\u00e9rcoles 17 de enero, los horarios actualizados a\u00fan no se reflejan en la p\u00e1gina web oficial del servicio.\" \/>\n<meta property=\"og:url\" content=\"https:\/\/noticiasmercedinas.com\/site\/2024\/01\/22\/hubo-cambios-en-los-horarios-de-tren-sarmiento-en-ramales-merlo-lobos-y-moreno-mercedes\/\" \/>\n<meta property=\"og:site_name\" content=\"NOTICIASMERCEDINAS.COM\" \/>\n<meta property=\"article:publisher\" content=\"https:\/\/www.facebook.com\/noticiasmercedinas\/\" \/>\n<meta property=\"article:published_time\" content=\"2024-01-22T14:10:20+00:00\" \/>\n<meta property=\"og:image\" content=\"https:\/\/noticiasmercedinas.com\/site\/wp-content\/uploads\/2018\/11\/tren_sarmiento.png\" \/>\n\t<meta property=\"og:image:width\" content=\"640\" \/>\n\t<meta property=\"og:image:height\" content=\"483\" \/>\n\t<meta property=\"og:image:type\" content=\"image\/png\" \/>\n<meta name=\"author\" content=\"NOTICIASMERCEDINAS.COM\" \/>\n<meta name=\"twitter:card\" content=\"summary_large_image\" \/>\n<meta name=\"twitter:creator\" content=\"@notmercedinas\" \/>\n<meta name=\"twitter:site\" content=\"@notmercedinas\" \/>\n<meta name=\"twitter:label1\" content=\"Escrito por\" \/>\n\t<meta name=\"twitter:data1\" content=\"NOTICIASMERCEDINAS.COM\" \/>\n\t<meta name=\"twitter:label2\" content=\"Tiempo de lectura\" \/>\n\t<meta name=\"twitter:data2\" content=\"3 minutos\" \/>\n<script type=\"application\/ld+json\" class=\"yoast-schema-graph\">{\"@context\":\"https:\\\/\\\/schema.org\",\"@graph\":[{\"@type\":\"Article\",\"@id\":\"https:\\\/\\\/noticiasmercedinas.com\\\/site\\\/2024\\\/01\\\/22\\\/hubo-cambios-en-los-horarios-de-tren-sarmiento-en-ramales-merlo-lobos-y-moreno-mercedes\\\/#article\",\"isPartOf\":{\"@id\":\"https:\\\/\\\/noticiasmercedinas.com\\\/site\\\/2024\\\/01\\\/22\\\/hubo-cambios-en-los-horarios-de-tren-sarmiento-en-ramales-merlo-lobos-y-moreno-mercedes\\\/\"},\"author\":{\"name\":\"NOTICIASMERCEDINAS.COM\",\"@id\":\"https:\\\/\\\/noticiasmercedinas.com\\\/site\\\/#\\\/schema\\\/person\\\/84b59c099c28ff2e8b77d4ceec5d8063\"},\"headline\":\"Hubo cambios en los horarios de tren Sarmiento en Ramales Merlo-Lobos y Moreno-Mercedes\",\"datePublished\":\"2024-01-22T14:10:20+00:00\",\"mainEntityOfPage\":{\"@id\":\"https:\\\/\\\/noticiasmercedinas.com\\\/site\\\/2024\\\/01\\\/22\\\/hubo-cambios-en-los-horarios-de-tren-sarmiento-en-ramales-merlo-lobos-y-moreno-mercedes\\\/\"},\"wordCount\":486,\"publisher\":{\"@id\":\"https:\\\/\\\/noticiasmercedinas.com\\\/site\\\/#organization\"},\"image\":{\"@id\":\"https:\\\/\\\/noticiasmercedinas.com\\\/site\\\/2024\\\/01\\\/22\\\/hubo-cambios-en-los-horarios-de-tren-sarmiento-en-ramales-merlo-lobos-y-moreno-mercedes\\\/#primaryimage\"},\"thumbnailUrl\":\"https:\\\/\\\/noticiasmercedinas.com\\\/site\\\/wp-content\\\/uploads\\\/2018\\\/11\\\/tren_sarmiento.png\",\"keywords\":[\"Tren\",\"Tren sarmiento\"],\"articleSection\":[\"Sociedad\"],\"inLanguage\":\"es\"},{\"@type\":\"WebPage\",\"@id\":\"https:\\\/\\\/noticiasmercedinas.com\\\/site\\\/2024\\\/01\\\/22\\\/hubo-cambios-en-los-horarios-de-tren-sarmiento-en-ramales-merlo-lobos-y-moreno-mercedes\\\/\",\"url\":\"https:\\\/\\\/noticiasmercedinas.com\\\/site\\\/2024\\\/01\\\/22\\\/hubo-cambios-en-los-horarios-de-tren-sarmiento-en-ramales-merlo-lobos-y-moreno-mercedes\\\/\",\"name\":\"Hubo cambios en los horarios de tren Sarmiento en Ramales Merlo-Lobos y Moreno-Mercedes\",\"isPartOf\":{\"@id\":\"https:\\\/\\\/noticiasmercedinas.com\\\/site\\\/#website\"},\"primaryImageOfPage\":{\"@id\":\"https:\\\/\\\/noticiasmercedinas.com\\\/site\\\/2024\\\/01\\\/22\\\/hubo-cambios-en-los-horarios-de-tren-sarmiento-en-ramales-merlo-lobos-y-moreno-mercedes\\\/#primaryimage\"},\"image\":{\"@id\":\"https:\\\/\\\/noticiasmercedinas.com\\\/site\\\/2024\\\/01\\\/22\\\/hubo-cambios-en-los-horarios-de-tren-sarmiento-en-ramales-merlo-lobos-y-moreno-mercedes\\\/#primaryimage\"},\"thumbnailUrl\":\"https:\\\/\\\/noticiasmercedinas.com\\\/site\\\/wp-content\\\/uploads\\\/2018\\\/11\\\/tren_sarmiento.png\",\"datePublished\":\"2024-01-22T14:10:20+00:00\",\"breadcrumb\":{\"@id\":\"https:\\\/\\\/noticiasmercedinas.com\\\/site\\\/2024\\\/01\\\/22\\\/hubo-cambios-en-los-horarios-de-tren-sarmiento-en-ramales-merlo-lobos-y-moreno-mercedes\\\/#breadcrumb\"},\"inLanguage\":\"es\",\"potentialAction\":[{\"@type\":\"ReadAction\",\"target\":[\"https:\\\/\\\/noticiasmercedinas.com\\\/site\\\/2024\\\/01\\\/22\\\/hubo-cambios-en-los-horarios-de-tren-sarmiento-en-ramales-merlo-lobos-y-moreno-mercedes\\\/\"]}]},{\"@type\":\"ImageObject\",\"inLanguage\":\"es\",\"@id\":\"https:\\\/\\\/noticiasmercedinas.com\\\/site\\\/2024\\\/01\\\/22\\\/hubo-cambios-en-los-horarios-de-tren-sarmiento-en-ramales-merlo-lobos-y-moreno-mercedes\\\/#primaryimage\",\"url\":\"https:\\\/\\\/noticiasmercedinas.com\\\/site\\\/wp-content\\\/uploads\\\/2018\\\/11\\\/tren_sarmiento.png\",\"contentUrl\":\"https:\\\/\\\/noticiasmercedinas.com\\\/site\\\/wp-content\\\/uploads\\\/2018\\\/11\\\/tren_sarmiento.png\",\"width\":640,\"height\":483},{\"@type\":\"BreadcrumbList\",\"@id\":\"https:\\\/\\\/noticiasmercedinas.com\\\/site\\\/2024\\\/01\\\/22\\\/hubo-cambios-en-los-horarios-de-tren-sarmiento-en-ramales-merlo-lobos-y-moreno-mercedes\\\/#breadcrumb\",\"itemListElement\":[{\"@type\":\"ListItem\",\"position\":1,\"name\":\"Portada\",\"item\":\"https:\\\/\\\/noticiasmercedinas.com\\\/site\\\/\"},{\"@type\":\"ListItem\",\"position\":2,\"name\":\"Hubo cambios en los horarios de tren Sarmiento en Ramales Merlo-Lobos y Moreno-Mercedes\"}]},{\"@type\":\"WebSite\",\"@id\":\"https:\\\/\\\/noticiasmercedinas.com\\\/site\\\/#website\",\"url\":\"https:\\\/\\\/noticiasmercedinas.com\\\/site\\\/\",\"name\":\"NOTICIASMERCEDINAS.COM\",\"description\":\"Mercedes, Buenos Aires, Argentina\",\"publisher\":{\"@id\":\"https:\\\/\\\/noticiasmercedinas.com\\\/site\\\/#organization\"},\"potentialAction\":[{\"@type\":\"SearchAction\",\"target\":{\"@type\":\"EntryPoint\",\"urlTemplate\":\"https:\\\/\\\/noticiasmercedinas.com\\\/site\\\/?s={search_term_string}\"},\"query-input\":{\"@type\":\"PropertyValueSpecification\",\"valueRequired\":true,\"valueName\":\"search_term_string\"}}],\"inLanguage\":\"es\"},{\"@type\":\"Organization\",\"@id\":\"https:\\\/\\\/noticiasmercedinas.com\\\/site\\\/#organization\",\"name\":\"NOTICIASMERCEDINAS.COM\",\"url\":\"https:\\\/\\\/noticiasmercedinas.com\\\/site\\\/\",\"logo\":{\"@type\":\"ImageObject\",\"inLanguage\":\"es\",\"@id\":\"https:\\\/\\\/noticiasmercedinas.com\\\/site\\\/#\\\/schema\\\/logo\\\/image\\\/\",\"url\":\"https:\\\/\\\/noticiasmercedinas.com\\\/site\\\/wp-content\\\/uploads\\\/2020\\\/06\\\/LOGO-512.jpg\",\"contentUrl\":\"https:\\\/\\\/noticiasmercedinas.com\\\/site\\\/wp-content\\\/uploads\\\/2020\\\/06\\\/LOGO-512.jpg\",\"width\":512,\"height\":512,\"caption\":\"NOTICIASMERCEDINAS.COM\"},\"image\":{\"@id\":\"https:\\\/\\\/noticiasmercedinas.com\\\/site\\\/#\\\/schema\\\/logo\\\/image\\\/\"},\"sameAs\":[\"https:\\\/\\\/www.facebook.com\\\/noticiasmercedinas\\\/\",\"https:\\\/\\\/x.com\\\/notmercedinas\",\"https:\\\/\\\/www.instagram.com\\\/noticiasmercedinas\\\/\"]},{\"@type\":\"Person\",\"@id\":\"https:\\\/\\\/noticiasmercedinas.com\\\/site\\\/#\\\/schema\\\/person\\\/84b59c099c28ff2e8b77d4ceec5d8063\",\"name\":\"NOTICIASMERCEDINAS.COM\",\"image\":{\"@type\":\"ImageObject\",\"inLanguage\":\"es\",\"@id\":\"https:\\\/\\\/secure.gravatar.com\\\/avatar\\\/4dfbf16b4d17945bfb6341b2d19043457132fcf478a5ee04f42e959fd8f5df0a?s=96&d=mm&r=g\",\"url\":\"https:\\\/\\\/secure.gravatar.com\\\/avatar\\\/4dfbf16b4d17945bfb6341b2d19043457132fcf478a5ee04f42e959fd8f5df0a?s=96&d=mm&r=g\",\"contentUrl\":\"https:\\\/\\\/secure.gravatar.com\\\/avatar\\\/4dfbf16b4d17945bfb6341b2d19043457132fcf478a5ee04f42e959fd8f5df0a?s=96&d=mm&r=g\",\"caption\":\"NOTICIASMERCEDINAS.COM\"},\"url\":\"https:\\\/\\\/noticiasmercedinas.com\\\/site\\\/author\\\/anonimo\\\/\"}]}<\/script>\n<!-- \/ Yoast SEO plugin. -->","yoast_head_json":{"title":"Hubo cambios en los horarios de tren Sarmiento en Ramales Merlo-Lobos y Moreno-Mercedes","robots":{"index":"index","follow":"follow","max-snippet":"max-snippet:-1","max-image-preview":"max-image-preview:large","max-video-preview":"max-video-preview:-1"},"canonical":"https:\/\/noticiasmercedinas.com\/site\/2024\/01\/22\/hubo-cambios-en-los-horarios-de-tren-sarmiento-en-ramales-merlo-lobos-y-moreno-mercedes\/","og_locale":"es_ES","og_type":"article","og_title":"Hubo cambios en los horarios de tren Sarmiento en Ramales Merlo-Lobos y Moreno-Mercedes","og_description":"\u25a0 Aunque la nueva programaci\u00f3n est\u00e1 en vigor desde el pasado mi\u00e9rcoles 17 de enero, los horarios actualizados a\u00fan no se reflejan en la p\u00e1gina web oficial del servicio.","og_url":"https:\/\/noticiasmercedinas.com\/site\/2024\/01\/22\/hubo-cambios-en-los-horarios-de-tren-sarmiento-en-ramales-merlo-lobos-y-moreno-mercedes\/","og_site_name":"NOTICIASMERCEDINAS.COM","article_publisher":"https:\/\/www.facebook.com\/noticiasmercedinas\/","article_published_time":"2024-01-22T14:10:20+00:00","og_image":[{"width":640,"height":483,"url":"https:\/\/noticiasmercedinas.com\/site\/wp-content\/uploads\/2018\/11\/tren_sarmiento.png","type":"image\/png"}],"author":"NOTICIASMERCEDINAS.COM","twitter_card":"summary_large_image","twitter_creator":"@notmercedinas","twitter_site":"@notmercedinas","twitter_misc":{"Escrito por":"NOTICIASMERCEDINAS.COM","Tiempo de lectura":"3 minutos"},"schema":{"@context":"https:\/\/schema.org","@graph":[{"@type":"Article","@id":"https:\/\/noticiasmercedinas.com\/site\/2024\/01\/22\/hubo-cambios-en-los-horarios-de-tren-sarmiento-en-ramales-merlo-lobos-y-moreno-mercedes\/#article","isPartOf":{"@id":"https:\/\/noticiasmercedinas.com\/site\/2024\/01\/22\/hubo-cambios-en-los-horarios-de-tren-sarmiento-en-ramales-merlo-lobos-y-moreno-mercedes\/"},"author":{"name":"NOTICIASMERCEDINAS.COM","@id":"https:\/\/noticiasmercedinas.com\/site\/#\/schema\/person\/84b59c099c28ff2e8b77d4ceec5d8063"},"headline":"Hubo cambios en los horarios de tren Sarmiento en Ramales Merlo-Lobos y Moreno-Mercedes","datePublished":"2024-01-22T14:10:20+00:00","mainEntityOfPage":{"@id":"https:\/\/noticiasmercedinas.com\/site\/2024\/01\/22\/hubo-cambios-en-los-horarios-de-tren-sarmiento-en-ramales-merlo-lobos-y-moreno-mercedes\/"},"wordCount":486,"publisher":{"@id":"https:\/\/noticiasmercedinas.com\/site\/#organization"},"image":{"@id":"https:\/\/noticiasmercedinas.com\/site\/2024\/01\/22\/hubo-cambios-en-los-horarios-de-tren-sarmiento-en-ramales-merlo-lobos-y-moreno-mercedes\/#primaryimage"},"thumbnailUrl":"https:\/\/noticiasmercedinas.com\/site\/wp-content\/uploads\/2018\/11\/tren_sarmiento.png","keywords":["Tren","Tren sarmiento"],"articleSection":["Sociedad"],"inLanguage":"es"},{"@type":"WebPage","@id":"https:\/\/noticiasmercedinas.com\/site\/2024\/01\/22\/hubo-cambios-en-los-horarios-de-tren-sarmiento-en-ramales-merlo-lobos-y-moreno-mercedes\/","url":"https:\/\/noticiasmercedinas.com\/site\/2024\/01\/22\/hubo-cambios-en-los-horarios-de-tren-sarmiento-en-ramales-merlo-lobos-y-moreno-mercedes\/","name":"Hubo cambios en los horarios de tren Sarmiento en Ramales Merlo-Lobos y Moreno-Mercedes","isPartOf":{"@id":"https:\/\/noticiasmercedinas.com\/site\/#website"},"primaryImageOfPage":{"@id":"https:\/\/noticiasmercedinas.com\/site\/2024\/01\/22\/hubo-cambios-en-los-horarios-de-tren-sarmiento-en-ramales-merlo-lobos-y-moreno-mercedes\/#primaryimage"},"image":{"@id":"https:\/\/noticiasmercedinas.com\/site\/2024\/01\/22\/hubo-cambios-en-los-horarios-de-tren-sarmiento-en-ramales-merlo-lobos-y-moreno-mercedes\/#primaryimage"},"thumbnailUrl":"https:\/\/noticiasmercedinas.com\/site\/wp-content\/uploads\/2018\/11\/tren_sarmiento.png","datePublished":"2024-01-22T14:10:20+00:00","breadcrumb":{"@id":"https:\/\/noticiasmercedinas.com\/site\/2024\/01\/22\/hubo-cambios-en-los-horarios-de-tren-sarmiento-en-ramales-merlo-lobos-y-moreno-mercedes\/#breadcrumb"},"inLanguage":"es","potentialAction":[{"@type":"ReadAction","target":["https:\/\/noticiasmercedinas.com\/site\/2024\/01\/22\/hubo-cambios-en-los-horarios-de-tren-sarmiento-en-ramales-merlo-lobos-y-moreno-mercedes\/"]}]},{"@type":"ImageObject","inLanguage":"es","@id":"https:\/\/noticiasmercedinas.com\/site\/2024\/01\/22\/hubo-cambios-en-los-horarios-de-tren-sarmiento-en-ramales-merlo-lobos-y-moreno-mercedes\/#primaryimage","url":"https:\/\/noticiasmercedinas.com\/site\/wp-content\/uploads\/2018\/11\/tren_sarmiento.png","contentUrl":"https:\/\/noticiasmercedinas.com\/site\/wp-content\/uploads\/2018\/11\/tren_sarmiento.png","width":640,"height":483},{"@type":"BreadcrumbList","@id":"https:\/\/noticiasmercedinas.com\/site\/2024\/01\/22\/hubo-cambios-en-los-horarios-de-tren-sarmiento-en-ramales-merlo-lobos-y-moreno-mercedes\/#breadcrumb","itemListElement":[{"@type":"ListItem","position":1,"name":"Portada","item":"https:\/\/noticiasmercedinas.com\/site\/"},{"@type":"ListItem","position":2,"name":"Hubo cambios en los horarios de tren Sarmiento en Ramales Merlo-Lobos y Moreno-Mercedes"}]},{"@type":"WebSite","@id":"https:\/\/noticiasmercedinas.com\/site\/#website","url":"https:\/\/noticiasmercedinas.com\/site\/","name":"NOTICIASMERCEDINAS.COM","description":"Mercedes, Buenos Aires, Argentina","publisher":{"@id":"https:\/\/noticiasmercedinas.com\/site\/#organization"},"potentialAction":[{"@type":"SearchAction","target":{"@type":"EntryPoint","urlTemplate":"https:\/\/noticiasmercedinas.com\/site\/?s={search_term_string}"},"query-input":{"@type":"PropertyValueSpecification","valueRequired":true,"valueName":"search_term_string"}}],"inLanguage":"es"},{"@type":"Organization","@id":"https:\/\/noticiasmercedinas.com\/site\/#organization","name":"NOTICIASMERCEDINAS.COM","url":"https:\/\/noticiasmercedinas.com\/site\/","logo":{"@type":"ImageObject","inLanguage":"es","@id":"https:\/\/noticiasmercedinas.com\/site\/#\/schema\/logo\/image\/","url":"https:\/\/noticiasmercedinas.com\/site\/wp-content\/uploads\/2020\/06\/LOGO-512.jpg","contentUrl":"https:\/\/noticiasmercedinas.com\/site\/wp-content\/uploads\/2020\/06\/LOGO-512.jpg","width":512,"height":512,"caption":"NOTICIASMERCEDINAS.COM"},"image":{"@id":"https:\/\/noticiasmercedinas.com\/site\/#\/schema\/logo\/image\/"},"sameAs":["https:\/\/www.facebook.com\/noticiasmercedinas\/","https:\/\/x.com\/notmercedinas","https:\/\/www.instagram.com\/noticiasmercedinas\/"]},{"@type":"Person","@id":"https:\/\/noticiasmercedinas.com\/site\/#\/schema\/person\/84b59c099c28ff2e8b77d4ceec5d8063","name":"NOTICIASMERCEDINAS.COM","image":{"@type":"ImageObject","inLanguage":"es","@id":"https:\/\/secure.gravatar.com\/avatar\/4dfbf16b4d17945bfb6341b2d19043457132fcf478a5ee04f42e959fd8f5df0a?s=96&d=mm&r=g","url":"https:\/\/secure.gravatar.com\/avatar\/4dfbf16b4d17945bfb6341b2d19043457132fcf478a5ee04f42e959fd8f5df0a?s=96&d=mm&r=g","contentUrl":"https:\/\/secure.gravatar.com\/avatar\/4dfbf16b4d17945bfb6341b2d19043457132fcf478a5ee04f42e959fd8f5df0a?s=96&d=mm&r=g","caption":"NOTICIASMERCEDINAS.COM"},"url":"https:\/\/noticiasmercedinas.com\/site\/author\/anonimo\/"}]}},"amp_enabled":true,"_links":{"self":[{"href":"https:\/\/noticiasmercedinas.com\/site\/wp-json\/wp\/v2\/posts\/129825","targetHints":{"allow":["GET"]}}],"collection":[{"href":"https:\/\/noticiasmercedinas.com\/site\/wp-json\/wp\/v2\/posts"}],"about":[{"href":"https:\/\/noticiasmercedinas.com\/site\/wp-json\/wp\/v2\/types\/post"}],"author":[{"embeddable":true,"href":"https:\/\/noticiasmercedinas.com\/site\/wp-json\/wp\/v2\/users\/16"}],"replies":[{"embeddable":true,"href":"https:\/\/noticiasmercedinas.com\/site\/wp-json\/wp\/v2\/comments?post=129825"}],"version-history":[{"count":1,"href":"https:\/\/noticiasmercedinas.com\/site\/wp-json\/wp\/v2\/posts\/129825\/revisions"}],"predecessor-version":[{"id":129826,"href":"https:\/\/noticiasmercedinas.com\/site\/wp-json\/wp\/v2\/posts\/129825\/revisions\/129826"}],"wp:featuredmedia":[{"embeddable":true,"href":"https:\/\/noticiasmercedinas.com\/site\/wp-json\/wp\/v2\/media\/7895"}],"wp:attachment":[{"href":"https:\/\/noticiasmercedinas.com\/site\/wp-json\/wp\/v2\/media?parent=129825"}],"wp:term":[{"taxonomy":"category","embeddable":true,"href":"https:\/\/noticiasmercedinas.com\/site\/wp-json\/wp\/v2\/categories?post=129825"},{"taxonomy":"post_tag","embeddable":true,"href":"https:\/\/noticiasmercedinas.com\/site\/wp-json\/wp\/v2\/tags?post=129825"}],"curies":[{"name":"wp","href":"https:\/\/api.w.org\/{rel}","templated":true}]}}