{"id":129905,"date":"2024-01-24T09:58:54","date_gmt":"2024-01-24T12:58:54","guid":{"rendered":"https:\/\/noticiasmercedinas.com\/site\/?p=129905"},"modified":"2024-01-24T09:58:54","modified_gmt":"2024-01-24T12:58:54","slug":"provincia-intimo-a-dos-empresas-por-el-uso-de-datos-biometricos-de-rostros-y-ojos","status":"publish","type":"post","link":"https:\/\/noticiasmercedinas.com\/site\/2024\/01\/24\/provincia-intimo-a-dos-empresas-por-el-uso-de-datos-biometricos-de-rostros-y-ojos\/","title":{"rendered":"Provincia intim\u00f3 a dos empresas por el uso de datos biom\u00e9tricos de rostros y ojos"},"content":{"rendered":"<p><img loading=\"lazy\" decoding=\"async\" class=\"alignnone size-large wp-image-129906\" src=\"https:\/\/noticiasmercedinas.com\/site\/wp-content\/uploads\/2024\/01\/4M_PkjdCw_1200x0__1-1024x770.jpg\" alt=\"\" width=\"640\" height=\"481\" srcset=\"https:\/\/noticiasmercedinas.com\/site\/wp-content\/uploads\/2024\/01\/4M_PkjdCw_1200x0__1-1024x770.jpg 1024w, https:\/\/noticiasmercedinas.com\/site\/wp-content\/uploads\/2024\/01\/4M_PkjdCw_1200x0__1-300x226.jpg 300w, https:\/\/noticiasmercedinas.com\/site\/wp-content\/uploads\/2024\/01\/4M_PkjdCw_1200x0__1-768x577.jpg 768w, https:\/\/noticiasmercedinas.com\/site\/wp-content\/uploads\/2024\/01\/4M_PkjdCw_1200x0__1-80x60.jpg 80w, https:\/\/noticiasmercedinas.com\/site\/wp-content\/uploads\/2024\/01\/4M_PkjdCw_1200x0__1-160x120.jpg 160w, https:\/\/noticiasmercedinas.com\/site\/wp-content\/uploads\/2024\/01\/4M_PkjdCw_1200x0__1-100x75.jpg 100w, https:\/\/noticiasmercedinas.com\/site\/wp-content\/uploads\/2024\/01\/4M_PkjdCw_1200x0__1-200x150.jpg 200w, https:\/\/noticiasmercedinas.com\/site\/wp-content\/uploads\/2024\/01\/4M_PkjdCw_1200x0__1-180x135.jpg 180w, https:\/\/noticiasmercedinas.com\/site\/wp-content\/uploads\/2024\/01\/4M_PkjdCw_1200x0__1-360x270.jpg 360w, https:\/\/noticiasmercedinas.com\/site\/wp-content\/uploads\/2024\/01\/4M_PkjdCw_1200x0__1-238x178.jpg 238w, https:\/\/noticiasmercedinas.com\/site\/wp-content\/uploads\/2024\/01\/4M_PkjdCw_1200x0__1-640x481.jpg 640w, https:\/\/noticiasmercedinas.com\/site\/wp-content\/uploads\/2024\/01\/4M_PkjdCw_1200x0__1-681x512.jpg 681w, https:\/\/noticiasmercedinas.com\/site\/wp-content\/uploads\/2024\/01\/4M_PkjdCw_1200x0__1.jpg 1200w\" sizes=\"auto, (max-width: 640px) 100vw, 640px\" \/><\/p>\n<p>El Ministerio de Producci\u00f3n, Ciencia e Innovaci\u00f3n Tecnol\u00f3gica de la provincia de Buenos Aires requiri\u00f3 a las empresas Worldcoin Foundation y Tools for Humanity que brinden explicaciones de las actividades realizadas en las localidades provinciales de Mor\u00f3n, Mar del Plata, Avellaneda, La Matanza, Jos\u00e9 C. Paz, Florencio Varela, Quilmes, San Miguel y Pinamar, entre otras, donde convocaron a las y los consumidores bonaerenses a brindar sus datos biom\u00e9tricos personales y privados \u2013el escaneo del iris del ojo y del rostro, con un dispositivo tecnol\u00f3gico denominado Orb\u2013, a cambio de instalarse en el tel\u00e9fono celular la aplicaci\u00f3n de finanzas \u201cWorld App\u201d y recibir una cierta cantidad de criptomonedas de la firma Worldcoin.<\/p>\n<p>La cartera provincial advirti\u00f3 que la iniciativa vulnerar\u00eda, en principio, el deber de seguridad, el deber de protecci\u00f3n de la salud e integridad de las personas, el derecho a la informaci\u00f3n y el principio de prevenci\u00f3n de da\u00f1os. Y que podr\u00eda afectar la libertad de contrataci\u00f3n, ya que impone, a las personas consumidoras, productos o servicios no requeridos, someti\u00e9ndolas a pr\u00e1cticas abusivas y\/o presuntamente lesivas de sus derechos. Adem\u00e1s, estar\u00eda transgrediendo los derechos de protecci\u00f3n de datos personales. Cabe destacar que se trata de una pr\u00e1ctica que no est\u00e1 permitida en los Estados Unidos y que en Europa se encuentra restringida.<\/p>\n<p>\u00abLa intimaci\u00f3n de la Provincia a Worldcoin apunta a que la empresa aclare para qu\u00e9 est\u00e1 tomando esos datos biom\u00e9tricos de ciudadanas y ciudadanos bonaerenses, qu\u00e9 se hace con esos datos y cu\u00e1l es el contrato de adhesi\u00f3n\u00bb, explic\u00f3 el subsecretario provincial de Desarrollo Comercial y Promoci\u00f3n de Inversiones, Ariel Aguilar. Y agreg\u00f3: \u00abSon empresas que est\u00e1n acostumbradas a hacer estas cosas en distintos lugares, salvo en los Estados Unidos y Europa, donde esas pr\u00e1cticas est\u00e1n prohibidas o restringidas: en cambio en otros pa\u00edses act\u00faan con total impunidad tomando esos datos\u00bb.<\/p>\n<p>\u00abA partir de enterarnos de que estas pr\u00e1cticas se est\u00e1n realizando en la Provincia, nuestro deber es averiguar para qu\u00e9 se est\u00e1n tomando esa informaci\u00f3n y qu\u00e9 va a hacer con estos datos personal\u00edsimos de ciudadanas y ciudadanos bonaerenses\u00bb, agreg\u00f3 el subsecretario Aguilar.<\/p>\n<p>La Direcci\u00f3n Provincial de Defensa de los Derechos de las y los Consumidores y Usuarios intim\u00f3 a que ambas empresas adjunten el contrato de adhesi\u00f3n que suscriben las personas que acceden a sus servicios, as\u00ed como tambi\u00e9n los t\u00e9rminos de uso, las condiciones y los t\u00e9rminos de consentimiento para extracci\u00f3n de datos biom\u00e9tricos. Adem\u00e1s, deber\u00e1n informar de manera clara y detallada la cantidad de bonaerenses involucrados, la finalidad de la obtenci\u00f3n de esa informaci\u00f3n, su justificaci\u00f3n de uso, su lugar de almacenamiento, la posibilidad de transferencia de esa informaci\u00f3n a terceros y la modalidad para solicitar la eliminaci\u00f3n de los mismos de la base de datos.<\/p>\n<p>Las empresas act\u00faan desde hace meses en nuestro pa\u00eds pero no tienen domicilio f\u00edsico registrado ni designaron representante alguno en territorio argentino. Igualmente, fueron notificadas electr\u00f3nicamente y poseen 5 d\u00edas h\u00e1biles e improrrogables, para presentar su descargo.<\/p>\n<p>A trav\u00e9s de distintos relevamientos o bien interviniendo a partir de denuncias, la Provincia busca evitar conductas que puedan resultar violatorias a las normativas de defensa de las y los consumidores y usuarios.<\/p>\n","protected":false},"excerpt":{"rendered":"<p>\u25a0 Se trata de \u201cWorldcoin Foundation\u201d y \u201cTools for Humanity\u201d, cuyas usuarias y usuarios son instadas e instados a brindar esa informaci\u00f3n a cambio de instalarse la app \u201cWorld App\u201d y obtener criptomonedas<\/p>\n","protected":false},"author":16,"featured_media":129906,"comment_status":"closed","ping_status":"closed","sticky":false,"template":"","format":"standard","meta":{"footnotes":""},"categories":[7919],"tags":[17837,9551,17839,17838],"class_list":["post-129905","post","type-post","status-publish","format-standard","has-post-thumbnail","hentry","category-provinciales","tag-datos-biometricos","tag-ojos","tag-tools-for-humanity","tag-worldcoin-foundation"],"yoast_head":"<!-- This site is optimized with the Yoast SEO plugin v27.5 - https:\/\/yoast.com\/product\/yoast-seo-wordpress\/ -->\n<title>Provincia intim\u00f3 a dos empresas por el uso de datos biom\u00e9tricos de rostros y ojos<\/title>\n<meta name=\"robots\" content=\"index, follow, max-snippet:-1, max-image-preview:large, max-video-preview:-1\" \/>\n<link rel=\"canonical\" href=\"https:\/\/noticiasmercedinas.com\/site\/2024\/01\/24\/provincia-intimo-a-dos-empresas-por-el-uso-de-datos-biometricos-de-rostros-y-ojos\/\" \/>\n<meta property=\"og:locale\" content=\"es_ES\" \/>\n<meta property=\"og:type\" content=\"article\" \/>\n<meta property=\"og:title\" content=\"Provincia intim\u00f3 a dos empresas por el uso de datos biom\u00e9tricos de rostros y ojos\" \/>\n<meta property=\"og:description\" content=\"\u25a0 Se trata de \u201cWorldcoin Foundation\u201d y \u201cTools for Humanity\u201d, cuyas usuarias y usuarios son instadas e instados a brindar esa informaci\u00f3n a cambio de instalarse la app \u201cWorld App\u201d y obtener criptomonedas\" \/>\n<meta property=\"og:url\" content=\"https:\/\/noticiasmercedinas.com\/site\/2024\/01\/24\/provincia-intimo-a-dos-empresas-por-el-uso-de-datos-biometricos-de-rostros-y-ojos\/\" \/>\n<meta property=\"og:site_name\" content=\"NOTICIASMERCEDINAS.COM\" \/>\n<meta property=\"article:publisher\" content=\"https:\/\/www.facebook.com\/noticiasmercedinas\/\" \/>\n<meta property=\"article:published_time\" content=\"2024-01-24T12:58:54+00:00\" \/>\n<meta property=\"og:image\" content=\"https:\/\/noticiasmercedinas.com\/site\/wp-content\/uploads\/2024\/01\/4M_PkjdCw_1200x0__1.jpg\" \/>\n\t<meta property=\"og:image:width\" content=\"1200\" \/>\n\t<meta property=\"og:image:height\" content=\"902\" \/>\n\t<meta property=\"og:image:type\" content=\"image\/jpeg\" \/>\n<meta name=\"author\" content=\"NOTICIASMERCEDINAS.COM\" \/>\n<meta name=\"twitter:card\" content=\"summary_large_image\" \/>\n<meta name=\"twitter:creator\" content=\"@notmercedinas\" \/>\n<meta name=\"twitter:site\" content=\"@notmercedinas\" \/>\n<meta name=\"twitter:label1\" content=\"Escrito por\" \/>\n\t<meta name=\"twitter:data1\" content=\"NOTICIASMERCEDINAS.COM\" \/>\n\t<meta name=\"twitter:label2\" content=\"Tiempo de lectura\" \/>\n\t<meta name=\"twitter:data2\" content=\"3 minutos\" \/>\n<script type=\"application\/ld+json\" class=\"yoast-schema-graph\">{\"@context\":\"https:\\\/\\\/schema.org\",\"@graph\":[{\"@type\":\"Article\",\"@id\":\"https:\\\/\\\/noticiasmercedinas.com\\\/site\\\/2024\\\/01\\\/24\\\/provincia-intimo-a-dos-empresas-por-el-uso-de-datos-biometricos-de-rostros-y-ojos\\\/#article\",\"isPartOf\":{\"@id\":\"https:\\\/\\\/noticiasmercedinas.com\\\/site\\\/2024\\\/01\\\/24\\\/provincia-intimo-a-dos-empresas-por-el-uso-de-datos-biometricos-de-rostros-y-ojos\\\/\"},\"author\":{\"name\":\"NOTICIASMERCEDINAS.COM\",\"@id\":\"https:\\\/\\\/noticiasmercedinas.com\\\/site\\\/#\\\/schema\\\/person\\\/84b59c099c28ff2e8b77d4ceec5d8063\"},\"headline\":\"Provincia intim\u00f3 a dos empresas por el uso de datos biom\u00e9tricos de rostros y ojos\",\"datePublished\":\"2024-01-24T12:58:54+00:00\",\"mainEntityOfPage\":{\"@id\":\"https:\\\/\\\/noticiasmercedinas.com\\\/site\\\/2024\\\/01\\\/24\\\/provincia-intimo-a-dos-empresas-por-el-uso-de-datos-biometricos-de-rostros-y-ojos\\\/\"},\"wordCount\":595,\"publisher\":{\"@id\":\"https:\\\/\\\/noticiasmercedinas.com\\\/site\\\/#organization\"},\"image\":{\"@id\":\"https:\\\/\\\/noticiasmercedinas.com\\\/site\\\/2024\\\/01\\\/24\\\/provincia-intimo-a-dos-empresas-por-el-uso-de-datos-biometricos-de-rostros-y-ojos\\\/#primaryimage\"},\"thumbnailUrl\":\"https:\\\/\\\/noticiasmercedinas.com\\\/site\\\/wp-content\\\/uploads\\\/2024\\\/01\\\/4M_PkjdCw_1200x0__1.jpg\",\"keywords\":[\"datos biometricos\",\"ojos\",\"Tools for Humanity\",\"Worldcoin Foundation\"],\"articleSection\":[\"Provinciales\"],\"inLanguage\":\"es\"},{\"@type\":\"WebPage\",\"@id\":\"https:\\\/\\\/noticiasmercedinas.com\\\/site\\\/2024\\\/01\\\/24\\\/provincia-intimo-a-dos-empresas-por-el-uso-de-datos-biometricos-de-rostros-y-ojos\\\/\",\"url\":\"https:\\\/\\\/noticiasmercedinas.com\\\/site\\\/2024\\\/01\\\/24\\\/provincia-intimo-a-dos-empresas-por-el-uso-de-datos-biometricos-de-rostros-y-ojos\\\/\",\"name\":\"Provincia intim\u00f3 a dos empresas por el uso de datos biom\u00e9tricos de rostros y ojos\",\"isPartOf\":{\"@id\":\"https:\\\/\\\/noticiasmercedinas.com\\\/site\\\/#website\"},\"primaryImageOfPage\":{\"@id\":\"https:\\\/\\\/noticiasmercedinas.com\\\/site\\\/2024\\\/01\\\/24\\\/provincia-intimo-a-dos-empresas-por-el-uso-de-datos-biometricos-de-rostros-y-ojos\\\/#primaryimage\"},\"image\":{\"@id\":\"https:\\\/\\\/noticiasmercedinas.com\\\/site\\\/2024\\\/01\\\/24\\\/provincia-intimo-a-dos-empresas-por-el-uso-de-datos-biometricos-de-rostros-y-ojos\\\/#primaryimage\"},\"thumbnailUrl\":\"https:\\\/\\\/noticiasmercedinas.com\\\/site\\\/wp-content\\\/uploads\\\/2024\\\/01\\\/4M_PkjdCw_1200x0__1.jpg\",\"datePublished\":\"2024-01-24T12:58:54+00:00\",\"breadcrumb\":{\"@id\":\"https:\\\/\\\/noticiasmercedinas.com\\\/site\\\/2024\\\/01\\\/24\\\/provincia-intimo-a-dos-empresas-por-el-uso-de-datos-biometricos-de-rostros-y-ojos\\\/#breadcrumb\"},\"inLanguage\":\"es\",\"potentialAction\":[{\"@type\":\"ReadAction\",\"target\":[\"https:\\\/\\\/noticiasmercedinas.com\\\/site\\\/2024\\\/01\\\/24\\\/provincia-intimo-a-dos-empresas-por-el-uso-de-datos-biometricos-de-rostros-y-ojos\\\/\"]}]},{\"@type\":\"ImageObject\",\"inLanguage\":\"es\",\"@id\":\"https:\\\/\\\/noticiasmercedinas.com\\\/site\\\/2024\\\/01\\\/24\\\/provincia-intimo-a-dos-empresas-por-el-uso-de-datos-biometricos-de-rostros-y-ojos\\\/#primaryimage\",\"url\":\"https:\\\/\\\/noticiasmercedinas.com\\\/site\\\/wp-content\\\/uploads\\\/2024\\\/01\\\/4M_PkjdCw_1200x0__1.jpg\",\"contentUrl\":\"https:\\\/\\\/noticiasmercedinas.com\\\/site\\\/wp-content\\\/uploads\\\/2024\\\/01\\\/4M_PkjdCw_1200x0__1.jpg\",\"width\":1200,\"height\":902},{\"@type\":\"BreadcrumbList\",\"@id\":\"https:\\\/\\\/noticiasmercedinas.com\\\/site\\\/2024\\\/01\\\/24\\\/provincia-intimo-a-dos-empresas-por-el-uso-de-datos-biometricos-de-rostros-y-ojos\\\/#breadcrumb\",\"itemListElement\":[{\"@type\":\"ListItem\",\"position\":1,\"name\":\"Portada\",\"item\":\"https:\\\/\\\/noticiasmercedinas.com\\\/site\\\/\"},{\"@type\":\"ListItem\",\"position\":2,\"name\":\"Provincia intim\u00f3 a dos empresas por el uso de datos biom\u00e9tricos de rostros y ojos\"}]},{\"@type\":\"WebSite\",\"@id\":\"https:\\\/\\\/noticiasmercedinas.com\\\/site\\\/#website\",\"url\":\"https:\\\/\\\/noticiasmercedinas.com\\\/site\\\/\",\"name\":\"NOTICIASMERCEDINAS.COM\",\"description\":\"Mercedes, Buenos Aires, Argentina\",\"publisher\":{\"@id\":\"https:\\\/\\\/noticiasmercedinas.com\\\/site\\\/#organization\"},\"potentialAction\":[{\"@type\":\"SearchAction\",\"target\":{\"@type\":\"EntryPoint\",\"urlTemplate\":\"https:\\\/\\\/noticiasmercedinas.com\\\/site\\\/?s={search_term_string}\"},\"query-input\":{\"@type\":\"PropertyValueSpecification\",\"valueRequired\":true,\"valueName\":\"search_term_string\"}}],\"inLanguage\":\"es\"},{\"@type\":\"Organization\",\"@id\":\"https:\\\/\\\/noticiasmercedinas.com\\\/site\\\/#organization\",\"name\":\"NOTICIASMERCEDINAS.COM\",\"url\":\"https:\\\/\\\/noticiasmercedinas.com\\\/site\\\/\",\"logo\":{\"@type\":\"ImageObject\",\"inLanguage\":\"es\",\"@id\":\"https:\\\/\\\/noticiasmercedinas.com\\\/site\\\/#\\\/schema\\\/logo\\\/image\\\/\",\"url\":\"https:\\\/\\\/noticiasmercedinas.com\\\/site\\\/wp-content\\\/uploads\\\/2020\\\/06\\\/LOGO-512.jpg\",\"contentUrl\":\"https:\\\/\\\/noticiasmercedinas.com\\\/site\\\/wp-content\\\/uploads\\\/2020\\\/06\\\/LOGO-512.jpg\",\"width\":512,\"height\":512,\"caption\":\"NOTICIASMERCEDINAS.COM\"},\"image\":{\"@id\":\"https:\\\/\\\/noticiasmercedinas.com\\\/site\\\/#\\\/schema\\\/logo\\\/image\\\/\"},\"sameAs\":[\"https:\\\/\\\/www.facebook.com\\\/noticiasmercedinas\\\/\",\"https:\\\/\\\/x.com\\\/notmercedinas\",\"https:\\\/\\\/www.instagram.com\\\/noticiasmercedinas\\\/\"]},{\"@type\":\"Person\",\"@id\":\"https:\\\/\\\/noticiasmercedinas.com\\\/site\\\/#\\\/schema\\\/person\\\/84b59c099c28ff2e8b77d4ceec5d8063\",\"name\":\"NOTICIASMERCEDINAS.COM\",\"image\":{\"@type\":\"ImageObject\",\"inLanguage\":\"es\",\"@id\":\"https:\\\/\\\/secure.gravatar.com\\\/avatar\\\/4dfbf16b4d17945bfb6341b2d19043457132fcf478a5ee04f42e959fd8f5df0a?s=96&d=mm&r=g\",\"url\":\"https:\\\/\\\/secure.gravatar.com\\\/avatar\\\/4dfbf16b4d17945bfb6341b2d19043457132fcf478a5ee04f42e959fd8f5df0a?s=96&d=mm&r=g\",\"contentUrl\":\"https:\\\/\\\/secure.gravatar.com\\\/avatar\\\/4dfbf16b4d17945bfb6341b2d19043457132fcf478a5ee04f42e959fd8f5df0a?s=96&d=mm&r=g\",\"caption\":\"NOTICIASMERCEDINAS.COM\"},\"url\":\"https:\\\/\\\/noticiasmercedinas.com\\\/site\\\/author\\\/anonimo\\\/\"}]}<\/script>\n<!-- \/ Yoast SEO plugin. -->","yoast_head_json":{"title":"Provincia intim\u00f3 a dos empresas por el uso de datos biom\u00e9tricos de rostros y ojos","robots":{"index":"index","follow":"follow","max-snippet":"max-snippet:-1","max-image-preview":"max-image-preview:large","max-video-preview":"max-video-preview:-1"},"canonical":"https:\/\/noticiasmercedinas.com\/site\/2024\/01\/24\/provincia-intimo-a-dos-empresas-por-el-uso-de-datos-biometricos-de-rostros-y-ojos\/","og_locale":"es_ES","og_type":"article","og_title":"Provincia intim\u00f3 a dos empresas por el uso de datos biom\u00e9tricos de rostros y ojos","og_description":"\u25a0 Se trata de \u201cWorldcoin Foundation\u201d y \u201cTools for Humanity\u201d, cuyas usuarias y usuarios son instadas e instados a brindar esa informaci\u00f3n a cambio de instalarse la app \u201cWorld App\u201d y obtener criptomonedas","og_url":"https:\/\/noticiasmercedinas.com\/site\/2024\/01\/24\/provincia-intimo-a-dos-empresas-por-el-uso-de-datos-biometricos-de-rostros-y-ojos\/","og_site_name":"NOTICIASMERCEDINAS.COM","article_publisher":"https:\/\/www.facebook.com\/noticiasmercedinas\/","article_published_time":"2024-01-24T12:58:54+00:00","og_image":[{"width":1200,"height":902,"url":"https:\/\/noticiasmercedinas.com\/site\/wp-content\/uploads\/2024\/01\/4M_PkjdCw_1200x0__1.jpg","type":"image\/jpeg"}],"author":"NOTICIASMERCEDINAS.COM","twitter_card":"summary_large_image","twitter_creator":"@notmercedinas","twitter_site":"@notmercedinas","twitter_misc":{"Escrito por":"NOTICIASMERCEDINAS.COM","Tiempo de lectura":"3 minutos"},"schema":{"@context":"https:\/\/schema.org","@graph":[{"@type":"Article","@id":"https:\/\/noticiasmercedinas.com\/site\/2024\/01\/24\/provincia-intimo-a-dos-empresas-por-el-uso-de-datos-biometricos-de-rostros-y-ojos\/#article","isPartOf":{"@id":"https:\/\/noticiasmercedinas.com\/site\/2024\/01\/24\/provincia-intimo-a-dos-empresas-por-el-uso-de-datos-biometricos-de-rostros-y-ojos\/"},"author":{"name":"NOTICIASMERCEDINAS.COM","@id":"https:\/\/noticiasmercedinas.com\/site\/#\/schema\/person\/84b59c099c28ff2e8b77d4ceec5d8063"},"headline":"Provincia intim\u00f3 a dos empresas por el uso de datos biom\u00e9tricos de rostros y ojos","datePublished":"2024-01-24T12:58:54+00:00","mainEntityOfPage":{"@id":"https:\/\/noticiasmercedinas.com\/site\/2024\/01\/24\/provincia-intimo-a-dos-empresas-por-el-uso-de-datos-biometricos-de-rostros-y-ojos\/"},"wordCount":595,"publisher":{"@id":"https:\/\/noticiasmercedinas.com\/site\/#organization"},"image":{"@id":"https:\/\/noticiasmercedinas.com\/site\/2024\/01\/24\/provincia-intimo-a-dos-empresas-por-el-uso-de-datos-biometricos-de-rostros-y-ojos\/#primaryimage"},"thumbnailUrl":"https:\/\/noticiasmercedinas.com\/site\/wp-content\/uploads\/2024\/01\/4M_PkjdCw_1200x0__1.jpg","keywords":["datos biometricos","ojos","Tools for Humanity","Worldcoin Foundation"],"articleSection":["Provinciales"],"inLanguage":"es"},{"@type":"WebPage","@id":"https:\/\/noticiasmercedinas.com\/site\/2024\/01\/24\/provincia-intimo-a-dos-empresas-por-el-uso-de-datos-biometricos-de-rostros-y-ojos\/","url":"https:\/\/noticiasmercedinas.com\/site\/2024\/01\/24\/provincia-intimo-a-dos-empresas-por-el-uso-de-datos-biometricos-de-rostros-y-ojos\/","name":"Provincia intim\u00f3 a dos empresas por el uso de datos biom\u00e9tricos de rostros y ojos","isPartOf":{"@id":"https:\/\/noticiasmercedinas.com\/site\/#website"},"primaryImageOfPage":{"@id":"https:\/\/noticiasmercedinas.com\/site\/2024\/01\/24\/provincia-intimo-a-dos-empresas-por-el-uso-de-datos-biometricos-de-rostros-y-ojos\/#primaryimage"},"image":{"@id":"https:\/\/noticiasmercedinas.com\/site\/2024\/01\/24\/provincia-intimo-a-dos-empresas-por-el-uso-de-datos-biometricos-de-rostros-y-ojos\/#primaryimage"},"thumbnailUrl":"https:\/\/noticiasmercedinas.com\/site\/wp-content\/uploads\/2024\/01\/4M_PkjdCw_1200x0__1.jpg","datePublished":"2024-01-24T12:58:54+00:00","breadcrumb":{"@id":"https:\/\/noticiasmercedinas.com\/site\/2024\/01\/24\/provincia-intimo-a-dos-empresas-por-el-uso-de-datos-biometricos-de-rostros-y-ojos\/#breadcrumb"},"inLanguage":"es","potentialAction":[{"@type":"ReadAction","target":["https:\/\/noticiasmercedinas.com\/site\/2024\/01\/24\/provincia-intimo-a-dos-empresas-por-el-uso-de-datos-biometricos-de-rostros-y-ojos\/"]}]},{"@type":"ImageObject","inLanguage":"es","@id":"https:\/\/noticiasmercedinas.com\/site\/2024\/01\/24\/provincia-intimo-a-dos-empresas-por-el-uso-de-datos-biometricos-de-rostros-y-ojos\/#primaryimage","url":"https:\/\/noticiasmercedinas.com\/site\/wp-content\/uploads\/2024\/01\/4M_PkjdCw_1200x0__1.jpg","contentUrl":"https:\/\/noticiasmercedinas.com\/site\/wp-content\/uploads\/2024\/01\/4M_PkjdCw_1200x0__1.jpg","width":1200,"height":902},{"@type":"BreadcrumbList","@id":"https:\/\/noticiasmercedinas.com\/site\/2024\/01\/24\/provincia-intimo-a-dos-empresas-por-el-uso-de-datos-biometricos-de-rostros-y-ojos\/#breadcrumb","itemListElement":[{"@type":"ListItem","position":1,"name":"Portada","item":"https:\/\/noticiasmercedinas.com\/site\/"},{"@type":"ListItem","position":2,"name":"Provincia intim\u00f3 a dos empresas por el uso de datos biom\u00e9tricos de rostros y ojos"}]},{"@type":"WebSite","@id":"https:\/\/noticiasmercedinas.com\/site\/#website","url":"https:\/\/noticiasmercedinas.com\/site\/","name":"NOTICIASMERCEDINAS.COM","description":"Mercedes, Buenos Aires, Argentina","publisher":{"@id":"https:\/\/noticiasmercedinas.com\/site\/#organization"},"potentialAction":[{"@type":"SearchAction","target":{"@type":"EntryPoint","urlTemplate":"https:\/\/noticiasmercedinas.com\/site\/?s={search_term_string}"},"query-input":{"@type":"PropertyValueSpecification","valueRequired":true,"valueName":"search_term_string"}}],"inLanguage":"es"},{"@type":"Organization","@id":"https:\/\/noticiasmercedinas.com\/site\/#organization","name":"NOTICIASMERCEDINAS.COM","url":"https:\/\/noticiasmercedinas.com\/site\/","logo":{"@type":"ImageObject","inLanguage":"es","@id":"https:\/\/noticiasmercedinas.com\/site\/#\/schema\/logo\/image\/","url":"https:\/\/noticiasmercedinas.com\/site\/wp-content\/uploads\/2020\/06\/LOGO-512.jpg","contentUrl":"https:\/\/noticiasmercedinas.com\/site\/wp-content\/uploads\/2020\/06\/LOGO-512.jpg","width":512,"height":512,"caption":"NOTICIASMERCEDINAS.COM"},"image":{"@id":"https:\/\/noticiasmercedinas.com\/site\/#\/schema\/logo\/image\/"},"sameAs":["https:\/\/www.facebook.com\/noticiasmercedinas\/","https:\/\/x.com\/notmercedinas","https:\/\/www.instagram.com\/noticiasmercedinas\/"]},{"@type":"Person","@id":"https:\/\/noticiasmercedinas.com\/site\/#\/schema\/person\/84b59c099c28ff2e8b77d4ceec5d8063","name":"NOTICIASMERCEDINAS.COM","image":{"@type":"ImageObject","inLanguage":"es","@id":"https:\/\/secure.gravatar.com\/avatar\/4dfbf16b4d17945bfb6341b2d19043457132fcf478a5ee04f42e959fd8f5df0a?s=96&d=mm&r=g","url":"https:\/\/secure.gravatar.com\/avatar\/4dfbf16b4d17945bfb6341b2d19043457132fcf478a5ee04f42e959fd8f5df0a?s=96&d=mm&r=g","contentUrl":"https:\/\/secure.gravatar.com\/avatar\/4dfbf16b4d17945bfb6341b2d19043457132fcf478a5ee04f42e959fd8f5df0a?s=96&d=mm&r=g","caption":"NOTICIASMERCEDINAS.COM"},"url":"https:\/\/noticiasmercedinas.com\/site\/author\/anonimo\/"}]}},"amp_enabled":true,"_links":{"self":[{"href":"https:\/\/noticiasmercedinas.com\/site\/wp-json\/wp\/v2\/posts\/129905","targetHints":{"allow":["GET"]}}],"collection":[{"href":"https:\/\/noticiasmercedinas.com\/site\/wp-json\/wp\/v2\/posts"}],"about":[{"href":"https:\/\/noticiasmercedinas.com\/site\/wp-json\/wp\/v2\/types\/post"}],"author":[{"embeddable":true,"href":"https:\/\/noticiasmercedinas.com\/site\/wp-json\/wp\/v2\/users\/16"}],"replies":[{"embeddable":true,"href":"https:\/\/noticiasmercedinas.com\/site\/wp-json\/wp\/v2\/comments?post=129905"}],"version-history":[{"count":1,"href":"https:\/\/noticiasmercedinas.com\/site\/wp-json\/wp\/v2\/posts\/129905\/revisions"}],"predecessor-version":[{"id":129907,"href":"https:\/\/noticiasmercedinas.com\/site\/wp-json\/wp\/v2\/posts\/129905\/revisions\/129907"}],"wp:featuredmedia":[{"embeddable":true,"href":"https:\/\/noticiasmercedinas.com\/site\/wp-json\/wp\/v2\/media\/129906"}],"wp:attachment":[{"href":"https:\/\/noticiasmercedinas.com\/site\/wp-json\/wp\/v2\/media?parent=129905"}],"wp:term":[{"taxonomy":"category","embeddable":true,"href":"https:\/\/noticiasmercedinas.com\/site\/wp-json\/wp\/v2\/categories?post=129905"},{"taxonomy":"post_tag","embeddable":true,"href":"https:\/\/noticiasmercedinas.com\/site\/wp-json\/wp\/v2\/tags?post=129905"}],"curies":[{"name":"wp","href":"https:\/\/api.w.org\/{rel}","templated":true}]}}