{"id":129948,"date":"2024-01-24T23:02:26","date_gmt":"2024-01-25T02:02:26","guid":{"rendered":"https:\/\/noticiasmercedinas.com\/site\/?p=129948"},"modified":"2024-01-24T23:02:26","modified_gmt":"2024-01-25T02:02:26","slug":"diputada-selva-en-defensa-de-los-derechos-sociales-en-multitudinaria-marcha-convocada-por-la-cgt","status":"publish","type":"post","link":"https:\/\/noticiasmercedinas.com\/site\/2024\/01\/24\/diputada-selva-en-defensa-de-los-derechos-sociales-en-multitudinaria-marcha-convocada-por-la-cgt\/","title":{"rendered":"Diputada Selva en defensa de los derechos sociales en multitudinaria marcha convocada por la CGT"},"content":{"rendered":"<p><img loading=\"lazy\" decoding=\"async\" class=\"alignnone size-large wp-image-129949\" src=\"https:\/\/noticiasmercedinas.com\/site\/wp-content\/uploads\/2024\/01\/7c115ad3-afdc-4da2-a52a-d5e4376eb040-1024x682.jpeg\" alt=\"\" width=\"640\" height=\"426\" srcset=\"https:\/\/noticiasmercedinas.com\/site\/wp-content\/uploads\/2024\/01\/7c115ad3-afdc-4da2-a52a-d5e4376eb040-1024x682.jpeg 1024w, https:\/\/noticiasmercedinas.com\/site\/wp-content\/uploads\/2024\/01\/7c115ad3-afdc-4da2-a52a-d5e4376eb040-300x200.jpeg 300w, https:\/\/noticiasmercedinas.com\/site\/wp-content\/uploads\/2024\/01\/7c115ad3-afdc-4da2-a52a-d5e4376eb040-768x512.jpeg 768w, https:\/\/noticiasmercedinas.com\/site\/wp-content\/uploads\/2024\/01\/7c115ad3-afdc-4da2-a52a-d5e4376eb040-1536x1023.jpeg 1536w, https:\/\/noticiasmercedinas.com\/site\/wp-content\/uploads\/2024\/01\/7c115ad3-afdc-4da2-a52a-d5e4376eb040-640x426.jpeg 640w, https:\/\/noticiasmercedinas.com\/site\/wp-content\/uploads\/2024\/01\/7c115ad3-afdc-4da2-a52a-d5e4376eb040-1280x853.jpeg 1280w, https:\/\/noticiasmercedinas.com\/site\/wp-content\/uploads\/2024\/01\/7c115ad3-afdc-4da2-a52a-d5e4376eb040-681x454.jpeg 681w, https:\/\/noticiasmercedinas.com\/site\/wp-content\/uploads\/2024\/01\/7c115ad3-afdc-4da2-a52a-d5e4376eb040-1362x907.jpeg 1362w, https:\/\/noticiasmercedinas.com\/site\/wp-content\/uploads\/2024\/01\/7c115ad3-afdc-4da2-a52a-d5e4376eb040.jpeg 1600w\" sizes=\"auto, (max-width: 640px) 100vw, 640px\" \/><\/p>\n<p>La diputada nacional de origen mercedino, <strong>Sabrina Selva,<\/strong> se sum\u00f3 activamente este mi\u00e9rcoles a la masiva movilizaci\u00f3n que tuvo lugar en las inmediaciones del Congreso de la Naci\u00f3n. La multitudinaria marcha, organizada por la Confederaci\u00f3n General del Trabajo (CGT), form\u00f3 parte de un contundente paro general que busc\u00f3 expresar el rechazo a medidas consideradas perjudiciales para los derechos sociales.<\/p>\n<p>Bajo el lema \u00abLA PATRIA NO SE VENDE, SE DEFIENDE\u00bb, miles de manifestantes, entre ellos la diputada Selva y el bloque de Diputados de Uni\u00f3n por la Patria, recorrieron diversos puntos de la ciudad de Buenos Aires para hacer o\u00edr su voz en defensa de los derechos sociales. La presencia de la CGT, que convoc\u00f3 a esta jornada de protesta, resalta la unidad de diversos sectores en la lucha por garantizar condiciones laborales y sociales justas.<\/p>\n<p><img loading=\"lazy\" decoding=\"async\" class=\"alignnone size-large wp-image-129950\" src=\"https:\/\/noticiasmercedinas.com\/site\/wp-content\/uploads\/2024\/01\/659b0127-788e-4a69-8f2c-5a4db121d913-1024x682.jpeg\" alt=\"\" width=\"640\" height=\"426\" srcset=\"https:\/\/noticiasmercedinas.com\/site\/wp-content\/uploads\/2024\/01\/659b0127-788e-4a69-8f2c-5a4db121d913-1024x682.jpeg 1024w, https:\/\/noticiasmercedinas.com\/site\/wp-content\/uploads\/2024\/01\/659b0127-788e-4a69-8f2c-5a4db121d913-300x200.jpeg 300w, https:\/\/noticiasmercedinas.com\/site\/wp-content\/uploads\/2024\/01\/659b0127-788e-4a69-8f2c-5a4db121d913-768x512.jpeg 768w, https:\/\/noticiasmercedinas.com\/site\/wp-content\/uploads\/2024\/01\/659b0127-788e-4a69-8f2c-5a4db121d913-1536x1023.jpeg 1536w, https:\/\/noticiasmercedinas.com\/site\/wp-content\/uploads\/2024\/01\/659b0127-788e-4a69-8f2c-5a4db121d913-640x426.jpeg 640w, https:\/\/noticiasmercedinas.com\/site\/wp-content\/uploads\/2024\/01\/659b0127-788e-4a69-8f2c-5a4db121d913-1280x853.jpeg 1280w, https:\/\/noticiasmercedinas.com\/site\/wp-content\/uploads\/2024\/01\/659b0127-788e-4a69-8f2c-5a4db121d913-681x454.jpeg 681w, https:\/\/noticiasmercedinas.com\/site\/wp-content\/uploads\/2024\/01\/659b0127-788e-4a69-8f2c-5a4db121d913-1362x907.jpeg 1362w, https:\/\/noticiasmercedinas.com\/site\/wp-content\/uploads\/2024\/01\/659b0127-788e-4a69-8f2c-5a4db121d913.jpeg 1600w\" sizes=\"auto, (max-width: 640px) 100vw, 640px\" \/><\/p>\n<p>Sabrina Selva, a trav\u00e9s de su cuenta de Twitter, comparti\u00f3 su participaci\u00f3n en la marcha, destacando la importancia de salir a la calle para defender los derechos frente a intentos de vulneraci\u00f3n. \u00abCuando intentan llevarse puesto todo, la gente sale a la calle a defender sus derechos. Ni un paso atr\u00e1s. La Patria no se vende\u00bb, expres\u00f3 la diputada, subrayando su compromiso con la defensa de los valores fundamentales.<\/p>\n<p>La movilizaci\u00f3n, que cont\u00f3 con la participaci\u00f3n de distintos sectores sociales, sindicales y pol\u00edticos, busca enviar un mensaje claro de resistencia y rechazo ante cualquier medida que atente contra los derechos adquiridos.<\/p>\n<p>La diputada Sabrina Selva, junto al bloque de Diputados, se sum\u00f3 a la voz de la calle en una jornada de protesta de quienes defienden una patria justa, equitativa y solidaria.<\/p>\n<p><img loading=\"lazy\" decoding=\"async\" class=\"alignnone size-large wp-image-129951\" src=\"https:\/\/noticiasmercedinas.com\/site\/wp-content\/uploads\/2024\/01\/4f5bfe8a-76eb-4934-93da-2f32a4074114-712x1024.jpeg\" alt=\"\" width=\"640\" height=\"920\" srcset=\"https:\/\/noticiasmercedinas.com\/site\/wp-content\/uploads\/2024\/01\/4f5bfe8a-76eb-4934-93da-2f32a4074114-712x1024.jpeg 712w, https:\/\/noticiasmercedinas.com\/site\/wp-content\/uploads\/2024\/01\/4f5bfe8a-76eb-4934-93da-2f32a4074114-209x300.jpeg 209w, https:\/\/noticiasmercedinas.com\/site\/wp-content\/uploads\/2024\/01\/4f5bfe8a-76eb-4934-93da-2f32a4074114-768x1105.jpeg 768w, https:\/\/noticiasmercedinas.com\/site\/wp-content\/uploads\/2024\/01\/4f5bfe8a-76eb-4934-93da-2f32a4074114-640x920.jpeg 640w, https:\/\/noticiasmercedinas.com\/site\/wp-content\/uploads\/2024\/01\/4f5bfe8a-76eb-4934-93da-2f32a4074114-681x979.jpeg 681w, https:\/\/noticiasmercedinas.com\/site\/wp-content\/uploads\/2024\/01\/4f5bfe8a-76eb-4934-93da-2f32a4074114.jpeg 890w\" sizes=\"auto, (max-width: 640px) 100vw, 640px\" \/><\/p>\n","protected":false},"excerpt":{"rendered":"<p>\u25a0 \u00abCuando intentan llevarse puesto todo, la gente sale a la calle a defender sus derechos. Ni un paso atr\u00e1s. La Patria no se vende\u00bb, expres\u00f3<\/p>\n","protected":false},"author":16,"featured_media":129949,"comment_status":"closed","ping_status":"closed","sticky":false,"template":"","format":"standard","meta":{"footnotes":""},"categories":[16],"tags":[4066,2657,17841,4259,17024],"class_list":["post-129948","post","type-post","status-publish","format-standard","has-post-thumbnail","hentry","category-politica","tag-cgt","tag-marcha","tag-mopvilizacion","tag-sabrina-selva","tag-union-por-la-patria"],"yoast_head":"<!-- This site is optimized with the Yoast SEO plugin v27.4 - https:\/\/yoast.com\/product\/yoast-seo-wordpress\/ -->\n<title>Diputada Selva en defensa de los derechos sociales en multitudinaria marcha convocada por la CGT<\/title>\n<meta name=\"robots\" content=\"index, follow, max-snippet:-1, max-image-preview:large, max-video-preview:-1\" \/>\n<link rel=\"canonical\" href=\"https:\/\/noticiasmercedinas.com\/site\/2024\/01\/24\/diputada-selva-en-defensa-de-los-derechos-sociales-en-multitudinaria-marcha-convocada-por-la-cgt\/\" \/>\n<meta property=\"og:locale\" content=\"es_ES\" \/>\n<meta property=\"og:type\" content=\"article\" \/>\n<meta property=\"og:title\" content=\"Diputada Selva en defensa de los derechos sociales en multitudinaria marcha convocada por la CGT\" \/>\n<meta property=\"og:description\" content=\"\u25a0 &quot;Cuando intentan llevarse puesto todo, la gente sale a la calle a defender sus derechos. Ni un paso atr\u00e1s. La Patria no se vende&quot;, expres\u00f3\" \/>\n<meta property=\"og:url\" content=\"https:\/\/noticiasmercedinas.com\/site\/2024\/01\/24\/diputada-selva-en-defensa-de-los-derechos-sociales-en-multitudinaria-marcha-convocada-por-la-cgt\/\" \/>\n<meta property=\"og:site_name\" content=\"NOTICIASMERCEDINAS.COM\" \/>\n<meta property=\"article:publisher\" content=\"https:\/\/www.facebook.com\/noticiasmercedinas\/\" \/>\n<meta property=\"article:published_time\" content=\"2024-01-25T02:02:26+00:00\" \/>\n<meta property=\"og:image\" content=\"https:\/\/noticiasmercedinas.com\/site\/wp-content\/uploads\/2024\/01\/7c115ad3-afdc-4da2-a52a-d5e4376eb040.jpeg\" \/>\n\t<meta property=\"og:image:width\" content=\"1600\" \/>\n\t<meta property=\"og:image:height\" content=\"1066\" \/>\n\t<meta property=\"og:image:type\" content=\"image\/jpeg\" \/>\n<meta name=\"author\" content=\"NOTICIASMERCEDINAS.COM\" \/>\n<meta name=\"twitter:card\" content=\"summary_large_image\" \/>\n<meta name=\"twitter:creator\" content=\"@notmercedinas\" \/>\n<meta name=\"twitter:site\" content=\"@notmercedinas\" \/>\n<meta name=\"twitter:label1\" content=\"Escrito por\" \/>\n\t<meta name=\"twitter:data1\" content=\"NOTICIASMERCEDINAS.COM\" \/>\n\t<meta name=\"twitter:label2\" content=\"Tiempo de lectura\" \/>\n\t<meta name=\"twitter:data2\" content=\"3 minutos\" \/>\n<script type=\"application\/ld+json\" class=\"yoast-schema-graph\">{\"@context\":\"https:\\\/\\\/schema.org\",\"@graph\":[{\"@type\":\"Article\",\"@id\":\"https:\\\/\\\/noticiasmercedinas.com\\\/site\\\/2024\\\/01\\\/24\\\/diputada-selva-en-defensa-de-los-derechos-sociales-en-multitudinaria-marcha-convocada-por-la-cgt\\\/#article\",\"isPartOf\":{\"@id\":\"https:\\\/\\\/noticiasmercedinas.com\\\/site\\\/2024\\\/01\\\/24\\\/diputada-selva-en-defensa-de-los-derechos-sociales-en-multitudinaria-marcha-convocada-por-la-cgt\\\/\"},\"author\":{\"name\":\"NOTICIASMERCEDINAS.COM\",\"@id\":\"https:\\\/\\\/noticiasmercedinas.com\\\/site\\\/#\\\/schema\\\/person\\\/84b59c099c28ff2e8b77d4ceec5d8063\"},\"headline\":\"Diputada Selva en defensa de los derechos sociales en multitudinaria marcha convocada por la CGT\",\"datePublished\":\"2024-01-25T02:02:26+00:00\",\"mainEntityOfPage\":{\"@id\":\"https:\\\/\\\/noticiasmercedinas.com\\\/site\\\/2024\\\/01\\\/24\\\/diputada-selva-en-defensa-de-los-derechos-sociales-en-multitudinaria-marcha-convocada-por-la-cgt\\\/\"},\"wordCount\":295,\"publisher\":{\"@id\":\"https:\\\/\\\/noticiasmercedinas.com\\\/site\\\/#organization\"},\"image\":{\"@id\":\"https:\\\/\\\/noticiasmercedinas.com\\\/site\\\/2024\\\/01\\\/24\\\/diputada-selva-en-defensa-de-los-derechos-sociales-en-multitudinaria-marcha-convocada-por-la-cgt\\\/#primaryimage\"},\"thumbnailUrl\":\"https:\\\/\\\/noticiasmercedinas.com\\\/site\\\/wp-content\\\/uploads\\\/2024\\\/01\\\/7c115ad3-afdc-4da2-a52a-d5e4376eb040.jpeg\",\"keywords\":[\"cgt\",\"marcha\",\"mopvilizacion\",\"sabrina selva\",\"Uni\u00f3n por la Patria\"],\"articleSection\":[\"Politica\"],\"inLanguage\":\"es\"},{\"@type\":\"WebPage\",\"@id\":\"https:\\\/\\\/noticiasmercedinas.com\\\/site\\\/2024\\\/01\\\/24\\\/diputada-selva-en-defensa-de-los-derechos-sociales-en-multitudinaria-marcha-convocada-por-la-cgt\\\/\",\"url\":\"https:\\\/\\\/noticiasmercedinas.com\\\/site\\\/2024\\\/01\\\/24\\\/diputada-selva-en-defensa-de-los-derechos-sociales-en-multitudinaria-marcha-convocada-por-la-cgt\\\/\",\"name\":\"Diputada Selva en defensa de los derechos sociales en multitudinaria marcha convocada por la CGT\",\"isPartOf\":{\"@id\":\"https:\\\/\\\/noticiasmercedinas.com\\\/site\\\/#website\"},\"primaryImageOfPage\":{\"@id\":\"https:\\\/\\\/noticiasmercedinas.com\\\/site\\\/2024\\\/01\\\/24\\\/diputada-selva-en-defensa-de-los-derechos-sociales-en-multitudinaria-marcha-convocada-por-la-cgt\\\/#primaryimage\"},\"image\":{\"@id\":\"https:\\\/\\\/noticiasmercedinas.com\\\/site\\\/2024\\\/01\\\/24\\\/diputada-selva-en-defensa-de-los-derechos-sociales-en-multitudinaria-marcha-convocada-por-la-cgt\\\/#primaryimage\"},\"thumbnailUrl\":\"https:\\\/\\\/noticiasmercedinas.com\\\/site\\\/wp-content\\\/uploads\\\/2024\\\/01\\\/7c115ad3-afdc-4da2-a52a-d5e4376eb040.jpeg\",\"datePublished\":\"2024-01-25T02:02:26+00:00\",\"breadcrumb\":{\"@id\":\"https:\\\/\\\/noticiasmercedinas.com\\\/site\\\/2024\\\/01\\\/24\\\/diputada-selva-en-defensa-de-los-derechos-sociales-en-multitudinaria-marcha-convocada-por-la-cgt\\\/#breadcrumb\"},\"inLanguage\":\"es\",\"potentialAction\":[{\"@type\":\"ReadAction\",\"target\":[\"https:\\\/\\\/noticiasmercedinas.com\\\/site\\\/2024\\\/01\\\/24\\\/diputada-selva-en-defensa-de-los-derechos-sociales-en-multitudinaria-marcha-convocada-por-la-cgt\\\/\"]}]},{\"@type\":\"ImageObject\",\"inLanguage\":\"es\",\"@id\":\"https:\\\/\\\/noticiasmercedinas.com\\\/site\\\/2024\\\/01\\\/24\\\/diputada-selva-en-defensa-de-los-derechos-sociales-en-multitudinaria-marcha-convocada-por-la-cgt\\\/#primaryimage\",\"url\":\"https:\\\/\\\/noticiasmercedinas.com\\\/site\\\/wp-content\\\/uploads\\\/2024\\\/01\\\/7c115ad3-afdc-4da2-a52a-d5e4376eb040.jpeg\",\"contentUrl\":\"https:\\\/\\\/noticiasmercedinas.com\\\/site\\\/wp-content\\\/uploads\\\/2024\\\/01\\\/7c115ad3-afdc-4da2-a52a-d5e4376eb040.jpeg\",\"width\":1600,\"height\":1066},{\"@type\":\"BreadcrumbList\",\"@id\":\"https:\\\/\\\/noticiasmercedinas.com\\\/site\\\/2024\\\/01\\\/24\\\/diputada-selva-en-defensa-de-los-derechos-sociales-en-multitudinaria-marcha-convocada-por-la-cgt\\\/#breadcrumb\",\"itemListElement\":[{\"@type\":\"ListItem\",\"position\":1,\"name\":\"Portada\",\"item\":\"https:\\\/\\\/noticiasmercedinas.com\\\/site\\\/\"},{\"@type\":\"ListItem\",\"position\":2,\"name\":\"Diputada Selva en defensa de los derechos sociales en multitudinaria marcha convocada por la CGT\"}]},{\"@type\":\"WebSite\",\"@id\":\"https:\\\/\\\/noticiasmercedinas.com\\\/site\\\/#website\",\"url\":\"https:\\\/\\\/noticiasmercedinas.com\\\/site\\\/\",\"name\":\"NOTICIASMERCEDINAS.COM\",\"description\":\"Mercedes, Buenos Aires, Argentina\",\"publisher\":{\"@id\":\"https:\\\/\\\/noticiasmercedinas.com\\\/site\\\/#organization\"},\"potentialAction\":[{\"@type\":\"SearchAction\",\"target\":{\"@type\":\"EntryPoint\",\"urlTemplate\":\"https:\\\/\\\/noticiasmercedinas.com\\\/site\\\/?s={search_term_string}\"},\"query-input\":{\"@type\":\"PropertyValueSpecification\",\"valueRequired\":true,\"valueName\":\"search_term_string\"}}],\"inLanguage\":\"es\"},{\"@type\":\"Organization\",\"@id\":\"https:\\\/\\\/noticiasmercedinas.com\\\/site\\\/#organization\",\"name\":\"NOTICIASMERCEDINAS.COM\",\"url\":\"https:\\\/\\\/noticiasmercedinas.com\\\/site\\\/\",\"logo\":{\"@type\":\"ImageObject\",\"inLanguage\":\"es\",\"@id\":\"https:\\\/\\\/noticiasmercedinas.com\\\/site\\\/#\\\/schema\\\/logo\\\/image\\\/\",\"url\":\"https:\\\/\\\/noticiasmercedinas.com\\\/site\\\/wp-content\\\/uploads\\\/2020\\\/06\\\/LOGO-512.jpg\",\"contentUrl\":\"https:\\\/\\\/noticiasmercedinas.com\\\/site\\\/wp-content\\\/uploads\\\/2020\\\/06\\\/LOGO-512.jpg\",\"width\":512,\"height\":512,\"caption\":\"NOTICIASMERCEDINAS.COM\"},\"image\":{\"@id\":\"https:\\\/\\\/noticiasmercedinas.com\\\/site\\\/#\\\/schema\\\/logo\\\/image\\\/\"},\"sameAs\":[\"https:\\\/\\\/www.facebook.com\\\/noticiasmercedinas\\\/\",\"https:\\\/\\\/x.com\\\/notmercedinas\",\"https:\\\/\\\/www.instagram.com\\\/noticiasmercedinas\\\/\"]},{\"@type\":\"Person\",\"@id\":\"https:\\\/\\\/noticiasmercedinas.com\\\/site\\\/#\\\/schema\\\/person\\\/84b59c099c28ff2e8b77d4ceec5d8063\",\"name\":\"NOTICIASMERCEDINAS.COM\",\"image\":{\"@type\":\"ImageObject\",\"inLanguage\":\"es\",\"@id\":\"https:\\\/\\\/secure.gravatar.com\\\/avatar\\\/4dfbf16b4d17945bfb6341b2d19043457132fcf478a5ee04f42e959fd8f5df0a?s=96&d=mm&r=g\",\"url\":\"https:\\\/\\\/secure.gravatar.com\\\/avatar\\\/4dfbf16b4d17945bfb6341b2d19043457132fcf478a5ee04f42e959fd8f5df0a?s=96&d=mm&r=g\",\"contentUrl\":\"https:\\\/\\\/secure.gravatar.com\\\/avatar\\\/4dfbf16b4d17945bfb6341b2d19043457132fcf478a5ee04f42e959fd8f5df0a?s=96&d=mm&r=g\",\"caption\":\"NOTICIASMERCEDINAS.COM\"},\"url\":\"https:\\\/\\\/noticiasmercedinas.com\\\/site\\\/author\\\/anonimo\\\/\"}]}<\/script>\n<!-- \/ Yoast SEO plugin. -->","yoast_head_json":{"title":"Diputada Selva en defensa de los derechos sociales en multitudinaria marcha convocada por la CGT","robots":{"index":"index","follow":"follow","max-snippet":"max-snippet:-1","max-image-preview":"max-image-preview:large","max-video-preview":"max-video-preview:-1"},"canonical":"https:\/\/noticiasmercedinas.com\/site\/2024\/01\/24\/diputada-selva-en-defensa-de-los-derechos-sociales-en-multitudinaria-marcha-convocada-por-la-cgt\/","og_locale":"es_ES","og_type":"article","og_title":"Diputada Selva en defensa de los derechos sociales en multitudinaria marcha convocada por la CGT","og_description":"\u25a0 \"Cuando intentan llevarse puesto todo, la gente sale a la calle a defender sus derechos. Ni un paso atr\u00e1s. La Patria no se vende\", expres\u00f3","og_url":"https:\/\/noticiasmercedinas.com\/site\/2024\/01\/24\/diputada-selva-en-defensa-de-los-derechos-sociales-en-multitudinaria-marcha-convocada-por-la-cgt\/","og_site_name":"NOTICIASMERCEDINAS.COM","article_publisher":"https:\/\/www.facebook.com\/noticiasmercedinas\/","article_published_time":"2024-01-25T02:02:26+00:00","og_image":[{"width":1600,"height":1066,"url":"https:\/\/noticiasmercedinas.com\/site\/wp-content\/uploads\/2024\/01\/7c115ad3-afdc-4da2-a52a-d5e4376eb040.jpeg","type":"image\/jpeg"}],"author":"NOTICIASMERCEDINAS.COM","twitter_card":"summary_large_image","twitter_creator":"@notmercedinas","twitter_site":"@notmercedinas","twitter_misc":{"Escrito por":"NOTICIASMERCEDINAS.COM","Tiempo de lectura":"3 minutos"},"schema":{"@context":"https:\/\/schema.org","@graph":[{"@type":"Article","@id":"https:\/\/noticiasmercedinas.com\/site\/2024\/01\/24\/diputada-selva-en-defensa-de-los-derechos-sociales-en-multitudinaria-marcha-convocada-por-la-cgt\/#article","isPartOf":{"@id":"https:\/\/noticiasmercedinas.com\/site\/2024\/01\/24\/diputada-selva-en-defensa-de-los-derechos-sociales-en-multitudinaria-marcha-convocada-por-la-cgt\/"},"author":{"name":"NOTICIASMERCEDINAS.COM","@id":"https:\/\/noticiasmercedinas.com\/site\/#\/schema\/person\/84b59c099c28ff2e8b77d4ceec5d8063"},"headline":"Diputada Selva en defensa de los derechos sociales en multitudinaria marcha convocada por la CGT","datePublished":"2024-01-25T02:02:26+00:00","mainEntityOfPage":{"@id":"https:\/\/noticiasmercedinas.com\/site\/2024\/01\/24\/diputada-selva-en-defensa-de-los-derechos-sociales-en-multitudinaria-marcha-convocada-por-la-cgt\/"},"wordCount":295,"publisher":{"@id":"https:\/\/noticiasmercedinas.com\/site\/#organization"},"image":{"@id":"https:\/\/noticiasmercedinas.com\/site\/2024\/01\/24\/diputada-selva-en-defensa-de-los-derechos-sociales-en-multitudinaria-marcha-convocada-por-la-cgt\/#primaryimage"},"thumbnailUrl":"https:\/\/noticiasmercedinas.com\/site\/wp-content\/uploads\/2024\/01\/7c115ad3-afdc-4da2-a52a-d5e4376eb040.jpeg","keywords":["cgt","marcha","mopvilizacion","sabrina selva","Uni\u00f3n por la Patria"],"articleSection":["Politica"],"inLanguage":"es"},{"@type":"WebPage","@id":"https:\/\/noticiasmercedinas.com\/site\/2024\/01\/24\/diputada-selva-en-defensa-de-los-derechos-sociales-en-multitudinaria-marcha-convocada-por-la-cgt\/","url":"https:\/\/noticiasmercedinas.com\/site\/2024\/01\/24\/diputada-selva-en-defensa-de-los-derechos-sociales-en-multitudinaria-marcha-convocada-por-la-cgt\/","name":"Diputada Selva en defensa de los derechos sociales en multitudinaria marcha convocada por la CGT","isPartOf":{"@id":"https:\/\/noticiasmercedinas.com\/site\/#website"},"primaryImageOfPage":{"@id":"https:\/\/noticiasmercedinas.com\/site\/2024\/01\/24\/diputada-selva-en-defensa-de-los-derechos-sociales-en-multitudinaria-marcha-convocada-por-la-cgt\/#primaryimage"},"image":{"@id":"https:\/\/noticiasmercedinas.com\/site\/2024\/01\/24\/diputada-selva-en-defensa-de-los-derechos-sociales-en-multitudinaria-marcha-convocada-por-la-cgt\/#primaryimage"},"thumbnailUrl":"https:\/\/noticiasmercedinas.com\/site\/wp-content\/uploads\/2024\/01\/7c115ad3-afdc-4da2-a52a-d5e4376eb040.jpeg","datePublished":"2024-01-25T02:02:26+00:00","breadcrumb":{"@id":"https:\/\/noticiasmercedinas.com\/site\/2024\/01\/24\/diputada-selva-en-defensa-de-los-derechos-sociales-en-multitudinaria-marcha-convocada-por-la-cgt\/#breadcrumb"},"inLanguage":"es","potentialAction":[{"@type":"ReadAction","target":["https:\/\/noticiasmercedinas.com\/site\/2024\/01\/24\/diputada-selva-en-defensa-de-los-derechos-sociales-en-multitudinaria-marcha-convocada-por-la-cgt\/"]}]},{"@type":"ImageObject","inLanguage":"es","@id":"https:\/\/noticiasmercedinas.com\/site\/2024\/01\/24\/diputada-selva-en-defensa-de-los-derechos-sociales-en-multitudinaria-marcha-convocada-por-la-cgt\/#primaryimage","url":"https:\/\/noticiasmercedinas.com\/site\/wp-content\/uploads\/2024\/01\/7c115ad3-afdc-4da2-a52a-d5e4376eb040.jpeg","contentUrl":"https:\/\/noticiasmercedinas.com\/site\/wp-content\/uploads\/2024\/01\/7c115ad3-afdc-4da2-a52a-d5e4376eb040.jpeg","width":1600,"height":1066},{"@type":"BreadcrumbList","@id":"https:\/\/noticiasmercedinas.com\/site\/2024\/01\/24\/diputada-selva-en-defensa-de-los-derechos-sociales-en-multitudinaria-marcha-convocada-por-la-cgt\/#breadcrumb","itemListElement":[{"@type":"ListItem","position":1,"name":"Portada","item":"https:\/\/noticiasmercedinas.com\/site\/"},{"@type":"ListItem","position":2,"name":"Diputada Selva en defensa de los derechos sociales en multitudinaria marcha convocada por la CGT"}]},{"@type":"WebSite","@id":"https:\/\/noticiasmercedinas.com\/site\/#website","url":"https:\/\/noticiasmercedinas.com\/site\/","name":"NOTICIASMERCEDINAS.COM","description":"Mercedes, Buenos Aires, Argentina","publisher":{"@id":"https:\/\/noticiasmercedinas.com\/site\/#organization"},"potentialAction":[{"@type":"SearchAction","target":{"@type":"EntryPoint","urlTemplate":"https:\/\/noticiasmercedinas.com\/site\/?s={search_term_string}"},"query-input":{"@type":"PropertyValueSpecification","valueRequired":true,"valueName":"search_term_string"}}],"inLanguage":"es"},{"@type":"Organization","@id":"https:\/\/noticiasmercedinas.com\/site\/#organization","name":"NOTICIASMERCEDINAS.COM","url":"https:\/\/noticiasmercedinas.com\/site\/","logo":{"@type":"ImageObject","inLanguage":"es","@id":"https:\/\/noticiasmercedinas.com\/site\/#\/schema\/logo\/image\/","url":"https:\/\/noticiasmercedinas.com\/site\/wp-content\/uploads\/2020\/06\/LOGO-512.jpg","contentUrl":"https:\/\/noticiasmercedinas.com\/site\/wp-content\/uploads\/2020\/06\/LOGO-512.jpg","width":512,"height":512,"caption":"NOTICIASMERCEDINAS.COM"},"image":{"@id":"https:\/\/noticiasmercedinas.com\/site\/#\/schema\/logo\/image\/"},"sameAs":["https:\/\/www.facebook.com\/noticiasmercedinas\/","https:\/\/x.com\/notmercedinas","https:\/\/www.instagram.com\/noticiasmercedinas\/"]},{"@type":"Person","@id":"https:\/\/noticiasmercedinas.com\/site\/#\/schema\/person\/84b59c099c28ff2e8b77d4ceec5d8063","name":"NOTICIASMERCEDINAS.COM","image":{"@type":"ImageObject","inLanguage":"es","@id":"https:\/\/secure.gravatar.com\/avatar\/4dfbf16b4d17945bfb6341b2d19043457132fcf478a5ee04f42e959fd8f5df0a?s=96&d=mm&r=g","url":"https:\/\/secure.gravatar.com\/avatar\/4dfbf16b4d17945bfb6341b2d19043457132fcf478a5ee04f42e959fd8f5df0a?s=96&d=mm&r=g","contentUrl":"https:\/\/secure.gravatar.com\/avatar\/4dfbf16b4d17945bfb6341b2d19043457132fcf478a5ee04f42e959fd8f5df0a?s=96&d=mm&r=g","caption":"NOTICIASMERCEDINAS.COM"},"url":"https:\/\/noticiasmercedinas.com\/site\/author\/anonimo\/"}]}},"amp_enabled":true,"_links":{"self":[{"href":"https:\/\/noticiasmercedinas.com\/site\/wp-json\/wp\/v2\/posts\/129948","targetHints":{"allow":["GET"]}}],"collection":[{"href":"https:\/\/noticiasmercedinas.com\/site\/wp-json\/wp\/v2\/posts"}],"about":[{"href":"https:\/\/noticiasmercedinas.com\/site\/wp-json\/wp\/v2\/types\/post"}],"author":[{"embeddable":true,"href":"https:\/\/noticiasmercedinas.com\/site\/wp-json\/wp\/v2\/users\/16"}],"replies":[{"embeddable":true,"href":"https:\/\/noticiasmercedinas.com\/site\/wp-json\/wp\/v2\/comments?post=129948"}],"version-history":[{"count":1,"href":"https:\/\/noticiasmercedinas.com\/site\/wp-json\/wp\/v2\/posts\/129948\/revisions"}],"predecessor-version":[{"id":129952,"href":"https:\/\/noticiasmercedinas.com\/site\/wp-json\/wp\/v2\/posts\/129948\/revisions\/129952"}],"wp:featuredmedia":[{"embeddable":true,"href":"https:\/\/noticiasmercedinas.com\/site\/wp-json\/wp\/v2\/media\/129949"}],"wp:attachment":[{"href":"https:\/\/noticiasmercedinas.com\/site\/wp-json\/wp\/v2\/media?parent=129948"}],"wp:term":[{"taxonomy":"category","embeddable":true,"href":"https:\/\/noticiasmercedinas.com\/site\/wp-json\/wp\/v2\/categories?post=129948"},{"taxonomy":"post_tag","embeddable":true,"href":"https:\/\/noticiasmercedinas.com\/site\/wp-json\/wp\/v2\/tags?post=129948"}],"curies":[{"name":"wp","href":"https:\/\/api.w.org\/{rel}","templated":true}]}}