{"id":129953,"date":"2024-01-24T21:23:44","date_gmt":"2024-01-25T00:23:44","guid":{"rendered":"https:\/\/noticiasmercedinas.com\/site\/?p=129953"},"modified":"2024-01-24T23:27:30","modified_gmt":"2024-01-25T02:27:30","slug":"gran-movilizacion-gremial-con-presencia-mercedna-en-defensa-de-la-democracia-y-los-derechos-sociales","status":"publish","type":"post","link":"https:\/\/noticiasmercedinas.com\/site\/2024\/01\/24\/gran-movilizacion-gremial-con-presencia-mercedna-en-defensa-de-la-democracia-y-los-derechos-sociales\/","title":{"rendered":"Gran movilizaci\u00f3n gremial con presencia mercedna en defensa de la democracia y los derechos sociales"},"content":{"rendered":"<p><img loading=\"lazy\" decoding=\"async\" class=\"alignnone size-large wp-image-129954\" src=\"https:\/\/noticiasmercedinas.com\/site\/wp-content\/uploads\/2024\/01\/9cf3d015-ad90-4b60-91e3-47d9218c6d73-1024x768.jpeg\" alt=\"\" width=\"640\" height=\"480\" srcset=\"https:\/\/noticiasmercedinas.com\/site\/wp-content\/uploads\/2024\/01\/9cf3d015-ad90-4b60-91e3-47d9218c6d73-1024x768.jpeg 1024w, https:\/\/noticiasmercedinas.com\/site\/wp-content\/uploads\/2024\/01\/9cf3d015-ad90-4b60-91e3-47d9218c6d73-300x225.jpeg 300w, https:\/\/noticiasmercedinas.com\/site\/wp-content\/uploads\/2024\/01\/9cf3d015-ad90-4b60-91e3-47d9218c6d73-768x576.jpeg 768w, https:\/\/noticiasmercedinas.com\/site\/wp-content\/uploads\/2024\/01\/9cf3d015-ad90-4b60-91e3-47d9218c6d73-1536x1152.jpeg 1536w, https:\/\/noticiasmercedinas.com\/site\/wp-content\/uploads\/2024\/01\/9cf3d015-ad90-4b60-91e3-47d9218c6d73-80x60.jpeg 80w, https:\/\/noticiasmercedinas.com\/site\/wp-content\/uploads\/2024\/01\/9cf3d015-ad90-4b60-91e3-47d9218c6d73-160x120.jpeg 160w, https:\/\/noticiasmercedinas.com\/site\/wp-content\/uploads\/2024\/01\/9cf3d015-ad90-4b60-91e3-47d9218c6d73-100x75.jpeg 100w, https:\/\/noticiasmercedinas.com\/site\/wp-content\/uploads\/2024\/01\/9cf3d015-ad90-4b60-91e3-47d9218c6d73-200x150.jpeg 200w, https:\/\/noticiasmercedinas.com\/site\/wp-content\/uploads\/2024\/01\/9cf3d015-ad90-4b60-91e3-47d9218c6d73-180x135.jpeg 180w, https:\/\/noticiasmercedinas.com\/site\/wp-content\/uploads\/2024\/01\/9cf3d015-ad90-4b60-91e3-47d9218c6d73-360x270.jpeg 360w, https:\/\/noticiasmercedinas.com\/site\/wp-content\/uploads\/2024\/01\/9cf3d015-ad90-4b60-91e3-47d9218c6d73-238x178.jpeg 238w, https:\/\/noticiasmercedinas.com\/site\/wp-content\/uploads\/2024\/01\/9cf3d015-ad90-4b60-91e3-47d9218c6d73-476x356.jpeg 476w, https:\/\/noticiasmercedinas.com\/site\/wp-content\/uploads\/2024\/01\/9cf3d015-ad90-4b60-91e3-47d9218c6d73-640x480.jpeg 640w, https:\/\/noticiasmercedinas.com\/site\/wp-content\/uploads\/2024\/01\/9cf3d015-ad90-4b60-91e3-47d9218c6d73-1280x960.jpeg 1280w, https:\/\/noticiasmercedinas.com\/site\/wp-content\/uploads\/2024\/01\/9cf3d015-ad90-4b60-91e3-47d9218c6d73-681x511.jpeg 681w, https:\/\/noticiasmercedinas.com\/site\/wp-content\/uploads\/2024\/01\/9cf3d015-ad90-4b60-91e3-47d9218c6d73-1362x1022.jpeg 1362w, https:\/\/noticiasmercedinas.com\/site\/wp-content\/uploads\/2024\/01\/9cf3d015-ad90-4b60-91e3-47d9218c6d73.jpeg 1600w\" sizes=\"auto, (max-width: 640px) 100vw, 640px\" \/><\/p>\n<p>Hoy, numerosos referentes gremiales de la ciudad de Mercedes se hicieron presentes en la Ciudad de Buenos Aires, destac\u00e1ndose la participaci\u00f3n activa de los integrantes de la Asociaci\u00f3n de Profesionales del Hospital Dubarry. La convocatoria tambi\u00e9n atrajo a una gran presencia de sindicatos importantes como CGT, CTA A, CTA T, FESPROSA y CICOP, sum\u00e1ndose a la manifestaci\u00f3n el gremio ATE.<\/p>\n<p>La jornada se caracteriz\u00f3 por una enorme manifestaci\u00f3n popular que se despleg\u00f3 tanto en la ciudad aut\u00f3noma como en las principales ciudades del interior del pa\u00eds. Decenas de miles de argentinos se congregaron para expresar su rechazo a la ley \u00f3mnibus y al mega DNU, considerando estas normativas como una amenaza a la democracia y a los derechos sociales.<\/p>\n<p><img loading=\"lazy\" decoding=\"async\" class=\"alignnone size-large wp-image-129956\" src=\"https:\/\/noticiasmercedinas.com\/site\/wp-content\/uploads\/2024\/01\/SALUDa-1024x518.jpeg\" alt=\"\" width=\"640\" height=\"324\" srcset=\"https:\/\/noticiasmercedinas.com\/site\/wp-content\/uploads\/2024\/01\/SALUDa-1024x518.jpeg 1024w, https:\/\/noticiasmercedinas.com\/site\/wp-content\/uploads\/2024\/01\/SALUDa-300x152.jpeg 300w, https:\/\/noticiasmercedinas.com\/site\/wp-content\/uploads\/2024\/01\/SALUDa-768x388.jpeg 768w, https:\/\/noticiasmercedinas.com\/site\/wp-content\/uploads\/2024\/01\/SALUDa-640x324.jpeg 640w, https:\/\/noticiasmercedinas.com\/site\/wp-content\/uploads\/2024\/01\/SALUDa-681x344.jpeg 681w, https:\/\/noticiasmercedinas.com\/site\/wp-content\/uploads\/2024\/01\/SALUDa.jpeg 1034w\" sizes=\"auto, (max-width: 640px) 100vw, 640px\" \/><\/p>\n<p>FESPROSA, en particular, se hizo eco de la protesta, subrayando que la oposici\u00f3n a estas medidas no proviene \u00fanicamente de unos pocos defensores de privilegios corporativos, sino que refleja la reacci\u00f3n de un pueblo que interpreta en estas disposiciones una pol\u00edtica de ajuste y restricci\u00f3n de derechos fundamentales.<\/p>\n<p>Las facultades delegadas contempladas en estas normativas, que conllevan de facto el cierre del Congreso, la represi\u00f3n con posibilidad de pena de prisi\u00f3n para los manifestantes, la eliminaci\u00f3n del derecho de huelga, as\u00ed como recortes a los haberes de los jubilados, el ataque al medio ambiente y la cultura, generaron un fuerte repudio en las calles.<\/p>\n<p>La movilizaci\u00f3n tambi\u00e9n puso de manifiesto la dificultad del oficialismo para obtener apoyo a su dictamen de mayor\u00eda, evidenciando la incertidumbre que rodea el destino de estas normativas en el recinto.<\/p>\n<p>Este rechazo social creciente, m\u00e1s all\u00e1 de la legitimidad de origen del gobierno, cuestiona el avasallamiento de conquistas hist\u00f3ricas de todos los sectores sociales, bajo el pretexto de sacar a la econom\u00eda argentina de su actual situaci\u00f3n cr\u00edtica. Por ello parte de la sociedad argentina se moviliza en busca de preservar sus derechos y en defensa de la democracia.<\/p>\n<p><img loading=\"lazy\" decoding=\"async\" class=\"alignnone size-large wp-image-129955\" src=\"https:\/\/noticiasmercedinas.com\/site\/wp-content\/uploads\/2024\/01\/CTAa-1024x461.jpeg\" alt=\"\" width=\"640\" height=\"288\" srcset=\"https:\/\/noticiasmercedinas.com\/site\/wp-content\/uploads\/2024\/01\/CTAa-1024x461.jpeg 1024w, https:\/\/noticiasmercedinas.com\/site\/wp-content\/uploads\/2024\/01\/CTAa-300x135.jpeg 300w, https:\/\/noticiasmercedinas.com\/site\/wp-content\/uploads\/2024\/01\/CTAa-768x346.jpeg 768w, https:\/\/noticiasmercedinas.com\/site\/wp-content\/uploads\/2024\/01\/CTAa-640x288.jpeg 640w, https:\/\/noticiasmercedinas.com\/site\/wp-content\/uploads\/2024\/01\/CTAa-681x306.jpeg 681w, https:\/\/noticiasmercedinas.com\/site\/wp-content\/uploads\/2024\/01\/CTAa.jpeg 1280w\" sizes=\"auto, (max-width: 640px) 100vw, 640px\" \/><\/p>\n","protected":false},"excerpt":{"rendered":"<p>\u25a0 Se destac\u00f3 la participaci\u00f3n activa de integrantes de la Asociaci\u00f3n de Profesionales del Hospital Dubarry. La convocatoria tambi\u00e9n atrajo a una gran presencia de la CTA A, CTA T, FESPROSA. CICOP y ATE<\/p>\n","protected":false},"author":16,"featured_media":129954,"comment_status":"closed","ping_status":"closed","sticky":false,"template":"","format":"standard","meta":{"footnotes":""},"categories":[3],"tags":[3652,125,3746,755,850],"class_list":["post-129953","post","type-post","status-publish","format-standard","has-post-thumbnail","hentry","category-sociedad","tag-asociacion-de-profesionales-del-hospital-dubarry","tag-ate","tag-fesprosa","tag-gremios","tag-movilizacion"],"yoast_head":"<!-- This site is optimized with the Yoast SEO plugin v27.5 - https:\/\/yoast.com\/product\/yoast-seo-wordpress\/ -->\n<title>Gran movilizaci\u00f3n gremial con presencia mercedna en defensa de la democracia y los derechos sociales<\/title>\n<meta name=\"robots\" content=\"index, follow, max-snippet:-1, max-image-preview:large, max-video-preview:-1\" \/>\n<link rel=\"canonical\" href=\"https:\/\/noticiasmercedinas.com\/site\/2024\/01\/24\/gran-movilizacion-gremial-con-presencia-mercedna-en-defensa-de-la-democracia-y-los-derechos-sociales\/\" \/>\n<meta property=\"og:locale\" content=\"es_ES\" \/>\n<meta property=\"og:type\" content=\"article\" \/>\n<meta property=\"og:title\" content=\"Gran movilizaci\u00f3n gremial con presencia mercedna en defensa de la democracia y los derechos sociales\" \/>\n<meta property=\"og:description\" content=\"\u25a0 Se destac\u00f3 la participaci\u00f3n activa de integrantes de la Asociaci\u00f3n de Profesionales del Hospital Dubarry. La convocatoria tambi\u00e9n atrajo a una gran presencia de la CTA A, CTA T, FESPROSA. CICOP y ATE\" \/>\n<meta property=\"og:url\" content=\"https:\/\/noticiasmercedinas.com\/site\/2024\/01\/24\/gran-movilizacion-gremial-con-presencia-mercedna-en-defensa-de-la-democracia-y-los-derechos-sociales\/\" \/>\n<meta property=\"og:site_name\" content=\"NOTICIASMERCEDINAS.COM\" \/>\n<meta property=\"article:publisher\" content=\"https:\/\/www.facebook.com\/noticiasmercedinas\/\" \/>\n<meta property=\"article:published_time\" content=\"2024-01-25T00:23:44+00:00\" \/>\n<meta property=\"article:modified_time\" content=\"2024-01-25T02:27:30+00:00\" \/>\n<meta property=\"og:image\" content=\"https:\/\/noticiasmercedinas.com\/site\/wp-content\/uploads\/2024\/01\/9cf3d015-ad90-4b60-91e3-47d9218c6d73.jpeg\" \/>\n\t<meta property=\"og:image:width\" content=\"1600\" \/>\n\t<meta property=\"og:image:height\" content=\"1200\" \/>\n\t<meta property=\"og:image:type\" content=\"image\/jpeg\" \/>\n<meta name=\"author\" content=\"NOTICIASMERCEDINAS.COM\" \/>\n<meta name=\"twitter:card\" content=\"summary_large_image\" \/>\n<meta name=\"twitter:creator\" content=\"@notmercedinas\" \/>\n<meta name=\"twitter:site\" content=\"@notmercedinas\" \/>\n<meta name=\"twitter:label1\" content=\"Escrito por\" \/>\n\t<meta name=\"twitter:data1\" content=\"NOTICIASMERCEDINAS.COM\" \/>\n\t<meta name=\"twitter:label2\" content=\"Tiempo de lectura\" \/>\n\t<meta name=\"twitter:data2\" content=\"3 minutos\" \/>\n<script type=\"application\/ld+json\" class=\"yoast-schema-graph\">{\"@context\":\"https:\\\/\\\/schema.org\",\"@graph\":[{\"@type\":\"Article\",\"@id\":\"https:\\\/\\\/noticiasmercedinas.com\\\/site\\\/2024\\\/01\\\/24\\\/gran-movilizacion-gremial-con-presencia-mercedna-en-defensa-de-la-democracia-y-los-derechos-sociales\\\/#article\",\"isPartOf\":{\"@id\":\"https:\\\/\\\/noticiasmercedinas.com\\\/site\\\/2024\\\/01\\\/24\\\/gran-movilizacion-gremial-con-presencia-mercedna-en-defensa-de-la-democracia-y-los-derechos-sociales\\\/\"},\"author\":{\"name\":\"NOTICIASMERCEDINAS.COM\",\"@id\":\"https:\\\/\\\/noticiasmercedinas.com\\\/site\\\/#\\\/schema\\\/person\\\/84b59c099c28ff2e8b77d4ceec5d8063\"},\"headline\":\"Gran movilizaci\u00f3n gremial con presencia mercedna en defensa de la democracia y los derechos sociales\",\"datePublished\":\"2024-01-25T00:23:44+00:00\",\"dateModified\":\"2024-01-25T02:27:30+00:00\",\"mainEntityOfPage\":{\"@id\":\"https:\\\/\\\/noticiasmercedinas.com\\\/site\\\/2024\\\/01\\\/24\\\/gran-movilizacion-gremial-con-presencia-mercedna-en-defensa-de-la-democracia-y-los-derechos-sociales\\\/\"},\"wordCount\":353,\"publisher\":{\"@id\":\"https:\\\/\\\/noticiasmercedinas.com\\\/site\\\/#organization\"},\"image\":{\"@id\":\"https:\\\/\\\/noticiasmercedinas.com\\\/site\\\/2024\\\/01\\\/24\\\/gran-movilizacion-gremial-con-presencia-mercedna-en-defensa-de-la-democracia-y-los-derechos-sociales\\\/#primaryimage\"},\"thumbnailUrl\":\"https:\\\/\\\/noticiasmercedinas.com\\\/site\\\/wp-content\\\/uploads\\\/2024\\\/01\\\/9cf3d015-ad90-4b60-91e3-47d9218c6d73.jpeg\",\"keywords\":[\"asociaci\u00f3n de profesionales del hospital dubarry\",\"ate\",\"fesprosa\",\"gremios\",\"movilizacion\"],\"articleSection\":[\"Sociedad\"],\"inLanguage\":\"es\"},{\"@type\":\"WebPage\",\"@id\":\"https:\\\/\\\/noticiasmercedinas.com\\\/site\\\/2024\\\/01\\\/24\\\/gran-movilizacion-gremial-con-presencia-mercedna-en-defensa-de-la-democracia-y-los-derechos-sociales\\\/\",\"url\":\"https:\\\/\\\/noticiasmercedinas.com\\\/site\\\/2024\\\/01\\\/24\\\/gran-movilizacion-gremial-con-presencia-mercedna-en-defensa-de-la-democracia-y-los-derechos-sociales\\\/\",\"name\":\"Gran movilizaci\u00f3n gremial con presencia mercedna en defensa de la democracia y los derechos sociales\",\"isPartOf\":{\"@id\":\"https:\\\/\\\/noticiasmercedinas.com\\\/site\\\/#website\"},\"primaryImageOfPage\":{\"@id\":\"https:\\\/\\\/noticiasmercedinas.com\\\/site\\\/2024\\\/01\\\/24\\\/gran-movilizacion-gremial-con-presencia-mercedna-en-defensa-de-la-democracia-y-los-derechos-sociales\\\/#primaryimage\"},\"image\":{\"@id\":\"https:\\\/\\\/noticiasmercedinas.com\\\/site\\\/2024\\\/01\\\/24\\\/gran-movilizacion-gremial-con-presencia-mercedna-en-defensa-de-la-democracia-y-los-derechos-sociales\\\/#primaryimage\"},\"thumbnailUrl\":\"https:\\\/\\\/noticiasmercedinas.com\\\/site\\\/wp-content\\\/uploads\\\/2024\\\/01\\\/9cf3d015-ad90-4b60-91e3-47d9218c6d73.jpeg\",\"datePublished\":\"2024-01-25T00:23:44+00:00\",\"dateModified\":\"2024-01-25T02:27:30+00:00\",\"breadcrumb\":{\"@id\":\"https:\\\/\\\/noticiasmercedinas.com\\\/site\\\/2024\\\/01\\\/24\\\/gran-movilizacion-gremial-con-presencia-mercedna-en-defensa-de-la-democracia-y-los-derechos-sociales\\\/#breadcrumb\"},\"inLanguage\":\"es\",\"potentialAction\":[{\"@type\":\"ReadAction\",\"target\":[\"https:\\\/\\\/noticiasmercedinas.com\\\/site\\\/2024\\\/01\\\/24\\\/gran-movilizacion-gremial-con-presencia-mercedna-en-defensa-de-la-democracia-y-los-derechos-sociales\\\/\"]}]},{\"@type\":\"ImageObject\",\"inLanguage\":\"es\",\"@id\":\"https:\\\/\\\/noticiasmercedinas.com\\\/site\\\/2024\\\/01\\\/24\\\/gran-movilizacion-gremial-con-presencia-mercedna-en-defensa-de-la-democracia-y-los-derechos-sociales\\\/#primaryimage\",\"url\":\"https:\\\/\\\/noticiasmercedinas.com\\\/site\\\/wp-content\\\/uploads\\\/2024\\\/01\\\/9cf3d015-ad90-4b60-91e3-47d9218c6d73.jpeg\",\"contentUrl\":\"https:\\\/\\\/noticiasmercedinas.com\\\/site\\\/wp-content\\\/uploads\\\/2024\\\/01\\\/9cf3d015-ad90-4b60-91e3-47d9218c6d73.jpeg\",\"width\":1600,\"height\":1200},{\"@type\":\"BreadcrumbList\",\"@id\":\"https:\\\/\\\/noticiasmercedinas.com\\\/site\\\/2024\\\/01\\\/24\\\/gran-movilizacion-gremial-con-presencia-mercedna-en-defensa-de-la-democracia-y-los-derechos-sociales\\\/#breadcrumb\",\"itemListElement\":[{\"@type\":\"ListItem\",\"position\":1,\"name\":\"Portada\",\"item\":\"https:\\\/\\\/noticiasmercedinas.com\\\/site\\\/\"},{\"@type\":\"ListItem\",\"position\":2,\"name\":\"Gran movilizaci\u00f3n gremial con presencia mercedna en defensa de la democracia y los derechos sociales\"}]},{\"@type\":\"WebSite\",\"@id\":\"https:\\\/\\\/noticiasmercedinas.com\\\/site\\\/#website\",\"url\":\"https:\\\/\\\/noticiasmercedinas.com\\\/site\\\/\",\"name\":\"NOTICIASMERCEDINAS.COM\",\"description\":\"Mercedes, Buenos Aires, Argentina\",\"publisher\":{\"@id\":\"https:\\\/\\\/noticiasmercedinas.com\\\/site\\\/#organization\"},\"potentialAction\":[{\"@type\":\"SearchAction\",\"target\":{\"@type\":\"EntryPoint\",\"urlTemplate\":\"https:\\\/\\\/noticiasmercedinas.com\\\/site\\\/?s={search_term_string}\"},\"query-input\":{\"@type\":\"PropertyValueSpecification\",\"valueRequired\":true,\"valueName\":\"search_term_string\"}}],\"inLanguage\":\"es\"},{\"@type\":\"Organization\",\"@id\":\"https:\\\/\\\/noticiasmercedinas.com\\\/site\\\/#organization\",\"name\":\"NOTICIASMERCEDINAS.COM\",\"url\":\"https:\\\/\\\/noticiasmercedinas.com\\\/site\\\/\",\"logo\":{\"@type\":\"ImageObject\",\"inLanguage\":\"es\",\"@id\":\"https:\\\/\\\/noticiasmercedinas.com\\\/site\\\/#\\\/schema\\\/logo\\\/image\\\/\",\"url\":\"https:\\\/\\\/noticiasmercedinas.com\\\/site\\\/wp-content\\\/uploads\\\/2020\\\/06\\\/LOGO-512.jpg\",\"contentUrl\":\"https:\\\/\\\/noticiasmercedinas.com\\\/site\\\/wp-content\\\/uploads\\\/2020\\\/06\\\/LOGO-512.jpg\",\"width\":512,\"height\":512,\"caption\":\"NOTICIASMERCEDINAS.COM\"},\"image\":{\"@id\":\"https:\\\/\\\/noticiasmercedinas.com\\\/site\\\/#\\\/schema\\\/logo\\\/image\\\/\"},\"sameAs\":[\"https:\\\/\\\/www.facebook.com\\\/noticiasmercedinas\\\/\",\"https:\\\/\\\/x.com\\\/notmercedinas\",\"https:\\\/\\\/www.instagram.com\\\/noticiasmercedinas\\\/\"]},{\"@type\":\"Person\",\"@id\":\"https:\\\/\\\/noticiasmercedinas.com\\\/site\\\/#\\\/schema\\\/person\\\/84b59c099c28ff2e8b77d4ceec5d8063\",\"name\":\"NOTICIASMERCEDINAS.COM\",\"image\":{\"@type\":\"ImageObject\",\"inLanguage\":\"es\",\"@id\":\"https:\\\/\\\/secure.gravatar.com\\\/avatar\\\/4dfbf16b4d17945bfb6341b2d19043457132fcf478a5ee04f42e959fd8f5df0a?s=96&d=mm&r=g\",\"url\":\"https:\\\/\\\/secure.gravatar.com\\\/avatar\\\/4dfbf16b4d17945bfb6341b2d19043457132fcf478a5ee04f42e959fd8f5df0a?s=96&d=mm&r=g\",\"contentUrl\":\"https:\\\/\\\/secure.gravatar.com\\\/avatar\\\/4dfbf16b4d17945bfb6341b2d19043457132fcf478a5ee04f42e959fd8f5df0a?s=96&d=mm&r=g\",\"caption\":\"NOTICIASMERCEDINAS.COM\"},\"url\":\"https:\\\/\\\/noticiasmercedinas.com\\\/site\\\/author\\\/anonimo\\\/\"}]}<\/script>\n<!-- \/ Yoast SEO plugin. -->","yoast_head_json":{"title":"Gran movilizaci\u00f3n gremial con presencia mercedna en defensa de la democracia y los derechos sociales","robots":{"index":"index","follow":"follow","max-snippet":"max-snippet:-1","max-image-preview":"max-image-preview:large","max-video-preview":"max-video-preview:-1"},"canonical":"https:\/\/noticiasmercedinas.com\/site\/2024\/01\/24\/gran-movilizacion-gremial-con-presencia-mercedna-en-defensa-de-la-democracia-y-los-derechos-sociales\/","og_locale":"es_ES","og_type":"article","og_title":"Gran movilizaci\u00f3n gremial con presencia mercedna en defensa de la democracia y los derechos sociales","og_description":"\u25a0 Se destac\u00f3 la participaci\u00f3n activa de integrantes de la Asociaci\u00f3n de Profesionales del Hospital Dubarry. La convocatoria tambi\u00e9n atrajo a una gran presencia de la CTA A, CTA T, FESPROSA. CICOP y ATE","og_url":"https:\/\/noticiasmercedinas.com\/site\/2024\/01\/24\/gran-movilizacion-gremial-con-presencia-mercedna-en-defensa-de-la-democracia-y-los-derechos-sociales\/","og_site_name":"NOTICIASMERCEDINAS.COM","article_publisher":"https:\/\/www.facebook.com\/noticiasmercedinas\/","article_published_time":"2024-01-25T00:23:44+00:00","article_modified_time":"2024-01-25T02:27:30+00:00","og_image":[{"width":1600,"height":1200,"url":"https:\/\/noticiasmercedinas.com\/site\/wp-content\/uploads\/2024\/01\/9cf3d015-ad90-4b60-91e3-47d9218c6d73.jpeg","type":"image\/jpeg"}],"author":"NOTICIASMERCEDINAS.COM","twitter_card":"summary_large_image","twitter_creator":"@notmercedinas","twitter_site":"@notmercedinas","twitter_misc":{"Escrito por":"NOTICIASMERCEDINAS.COM","Tiempo de lectura":"3 minutos"},"schema":{"@context":"https:\/\/schema.org","@graph":[{"@type":"Article","@id":"https:\/\/noticiasmercedinas.com\/site\/2024\/01\/24\/gran-movilizacion-gremial-con-presencia-mercedna-en-defensa-de-la-democracia-y-los-derechos-sociales\/#article","isPartOf":{"@id":"https:\/\/noticiasmercedinas.com\/site\/2024\/01\/24\/gran-movilizacion-gremial-con-presencia-mercedna-en-defensa-de-la-democracia-y-los-derechos-sociales\/"},"author":{"name":"NOTICIASMERCEDINAS.COM","@id":"https:\/\/noticiasmercedinas.com\/site\/#\/schema\/person\/84b59c099c28ff2e8b77d4ceec5d8063"},"headline":"Gran movilizaci\u00f3n gremial con presencia mercedna en defensa de la democracia y los derechos sociales","datePublished":"2024-01-25T00:23:44+00:00","dateModified":"2024-01-25T02:27:30+00:00","mainEntityOfPage":{"@id":"https:\/\/noticiasmercedinas.com\/site\/2024\/01\/24\/gran-movilizacion-gremial-con-presencia-mercedna-en-defensa-de-la-democracia-y-los-derechos-sociales\/"},"wordCount":353,"publisher":{"@id":"https:\/\/noticiasmercedinas.com\/site\/#organization"},"image":{"@id":"https:\/\/noticiasmercedinas.com\/site\/2024\/01\/24\/gran-movilizacion-gremial-con-presencia-mercedna-en-defensa-de-la-democracia-y-los-derechos-sociales\/#primaryimage"},"thumbnailUrl":"https:\/\/noticiasmercedinas.com\/site\/wp-content\/uploads\/2024\/01\/9cf3d015-ad90-4b60-91e3-47d9218c6d73.jpeg","keywords":["asociaci\u00f3n de profesionales del hospital dubarry","ate","fesprosa","gremios","movilizacion"],"articleSection":["Sociedad"],"inLanguage":"es"},{"@type":"WebPage","@id":"https:\/\/noticiasmercedinas.com\/site\/2024\/01\/24\/gran-movilizacion-gremial-con-presencia-mercedna-en-defensa-de-la-democracia-y-los-derechos-sociales\/","url":"https:\/\/noticiasmercedinas.com\/site\/2024\/01\/24\/gran-movilizacion-gremial-con-presencia-mercedna-en-defensa-de-la-democracia-y-los-derechos-sociales\/","name":"Gran movilizaci\u00f3n gremial con presencia mercedna en defensa de la democracia y los derechos sociales","isPartOf":{"@id":"https:\/\/noticiasmercedinas.com\/site\/#website"},"primaryImageOfPage":{"@id":"https:\/\/noticiasmercedinas.com\/site\/2024\/01\/24\/gran-movilizacion-gremial-con-presencia-mercedna-en-defensa-de-la-democracia-y-los-derechos-sociales\/#primaryimage"},"image":{"@id":"https:\/\/noticiasmercedinas.com\/site\/2024\/01\/24\/gran-movilizacion-gremial-con-presencia-mercedna-en-defensa-de-la-democracia-y-los-derechos-sociales\/#primaryimage"},"thumbnailUrl":"https:\/\/noticiasmercedinas.com\/site\/wp-content\/uploads\/2024\/01\/9cf3d015-ad90-4b60-91e3-47d9218c6d73.jpeg","datePublished":"2024-01-25T00:23:44+00:00","dateModified":"2024-01-25T02:27:30+00:00","breadcrumb":{"@id":"https:\/\/noticiasmercedinas.com\/site\/2024\/01\/24\/gran-movilizacion-gremial-con-presencia-mercedna-en-defensa-de-la-democracia-y-los-derechos-sociales\/#breadcrumb"},"inLanguage":"es","potentialAction":[{"@type":"ReadAction","target":["https:\/\/noticiasmercedinas.com\/site\/2024\/01\/24\/gran-movilizacion-gremial-con-presencia-mercedna-en-defensa-de-la-democracia-y-los-derechos-sociales\/"]}]},{"@type":"ImageObject","inLanguage":"es","@id":"https:\/\/noticiasmercedinas.com\/site\/2024\/01\/24\/gran-movilizacion-gremial-con-presencia-mercedna-en-defensa-de-la-democracia-y-los-derechos-sociales\/#primaryimage","url":"https:\/\/noticiasmercedinas.com\/site\/wp-content\/uploads\/2024\/01\/9cf3d015-ad90-4b60-91e3-47d9218c6d73.jpeg","contentUrl":"https:\/\/noticiasmercedinas.com\/site\/wp-content\/uploads\/2024\/01\/9cf3d015-ad90-4b60-91e3-47d9218c6d73.jpeg","width":1600,"height":1200},{"@type":"BreadcrumbList","@id":"https:\/\/noticiasmercedinas.com\/site\/2024\/01\/24\/gran-movilizacion-gremial-con-presencia-mercedna-en-defensa-de-la-democracia-y-los-derechos-sociales\/#breadcrumb","itemListElement":[{"@type":"ListItem","position":1,"name":"Portada","item":"https:\/\/noticiasmercedinas.com\/site\/"},{"@type":"ListItem","position":2,"name":"Gran movilizaci\u00f3n gremial con presencia mercedna en defensa de la democracia y los derechos sociales"}]},{"@type":"WebSite","@id":"https:\/\/noticiasmercedinas.com\/site\/#website","url":"https:\/\/noticiasmercedinas.com\/site\/","name":"NOTICIASMERCEDINAS.COM","description":"Mercedes, Buenos Aires, Argentina","publisher":{"@id":"https:\/\/noticiasmercedinas.com\/site\/#organization"},"potentialAction":[{"@type":"SearchAction","target":{"@type":"EntryPoint","urlTemplate":"https:\/\/noticiasmercedinas.com\/site\/?s={search_term_string}"},"query-input":{"@type":"PropertyValueSpecification","valueRequired":true,"valueName":"search_term_string"}}],"inLanguage":"es"},{"@type":"Organization","@id":"https:\/\/noticiasmercedinas.com\/site\/#organization","name":"NOTICIASMERCEDINAS.COM","url":"https:\/\/noticiasmercedinas.com\/site\/","logo":{"@type":"ImageObject","inLanguage":"es","@id":"https:\/\/noticiasmercedinas.com\/site\/#\/schema\/logo\/image\/","url":"https:\/\/noticiasmercedinas.com\/site\/wp-content\/uploads\/2020\/06\/LOGO-512.jpg","contentUrl":"https:\/\/noticiasmercedinas.com\/site\/wp-content\/uploads\/2020\/06\/LOGO-512.jpg","width":512,"height":512,"caption":"NOTICIASMERCEDINAS.COM"},"image":{"@id":"https:\/\/noticiasmercedinas.com\/site\/#\/schema\/logo\/image\/"},"sameAs":["https:\/\/www.facebook.com\/noticiasmercedinas\/","https:\/\/x.com\/notmercedinas","https:\/\/www.instagram.com\/noticiasmercedinas\/"]},{"@type":"Person","@id":"https:\/\/noticiasmercedinas.com\/site\/#\/schema\/person\/84b59c099c28ff2e8b77d4ceec5d8063","name":"NOTICIASMERCEDINAS.COM","image":{"@type":"ImageObject","inLanguage":"es","@id":"https:\/\/secure.gravatar.com\/avatar\/4dfbf16b4d17945bfb6341b2d19043457132fcf478a5ee04f42e959fd8f5df0a?s=96&d=mm&r=g","url":"https:\/\/secure.gravatar.com\/avatar\/4dfbf16b4d17945bfb6341b2d19043457132fcf478a5ee04f42e959fd8f5df0a?s=96&d=mm&r=g","contentUrl":"https:\/\/secure.gravatar.com\/avatar\/4dfbf16b4d17945bfb6341b2d19043457132fcf478a5ee04f42e959fd8f5df0a?s=96&d=mm&r=g","caption":"NOTICIASMERCEDINAS.COM"},"url":"https:\/\/noticiasmercedinas.com\/site\/author\/anonimo\/"}]}},"amp_enabled":true,"_links":{"self":[{"href":"https:\/\/noticiasmercedinas.com\/site\/wp-json\/wp\/v2\/posts\/129953","targetHints":{"allow":["GET"]}}],"collection":[{"href":"https:\/\/noticiasmercedinas.com\/site\/wp-json\/wp\/v2\/posts"}],"about":[{"href":"https:\/\/noticiasmercedinas.com\/site\/wp-json\/wp\/v2\/types\/post"}],"author":[{"embeddable":true,"href":"https:\/\/noticiasmercedinas.com\/site\/wp-json\/wp\/v2\/users\/16"}],"replies":[{"embeddable":true,"href":"https:\/\/noticiasmercedinas.com\/site\/wp-json\/wp\/v2\/comments?post=129953"}],"version-history":[{"count":1,"href":"https:\/\/noticiasmercedinas.com\/site\/wp-json\/wp\/v2\/posts\/129953\/revisions"}],"predecessor-version":[{"id":129957,"href":"https:\/\/noticiasmercedinas.com\/site\/wp-json\/wp\/v2\/posts\/129953\/revisions\/129957"}],"wp:featuredmedia":[{"embeddable":true,"href":"https:\/\/noticiasmercedinas.com\/site\/wp-json\/wp\/v2\/media\/129954"}],"wp:attachment":[{"href":"https:\/\/noticiasmercedinas.com\/site\/wp-json\/wp\/v2\/media?parent=129953"}],"wp:term":[{"taxonomy":"category","embeddable":true,"href":"https:\/\/noticiasmercedinas.com\/site\/wp-json\/wp\/v2\/categories?post=129953"},{"taxonomy":"post_tag","embeddable":true,"href":"https:\/\/noticiasmercedinas.com\/site\/wp-json\/wp\/v2\/tags?post=129953"}],"curies":[{"name":"wp","href":"https:\/\/api.w.org\/{rel}","templated":true}]}}