{"id":130037,"date":"2024-01-27T15:04:07","date_gmt":"2024-01-27T18:04:07","guid":{"rendered":"https:\/\/noticiasmercedinas.com\/site\/?p=130037"},"modified":"2024-01-27T15:04:07","modified_gmt":"2024-01-27T18:04:07","slug":"se-produjo-el-cierre-de-ciclo-de-las-escuelas-de-verano-en-estacion-juego","status":"publish","type":"post","link":"https:\/\/noticiasmercedinas.com\/site\/2024\/01\/27\/se-produjo-el-cierre-de-ciclo-de-las-escuelas-de-verano-en-estacion-juego\/","title":{"rendered":"Se produjo el cierre de ciclo de las \u00abEscuelas de Verano\u00bb en Estaci\u00f3n Juego"},"content":{"rendered":"<p><img loading=\"lazy\" decoding=\"async\" class=\"alignnone size-large wp-image-130039\" src=\"https:\/\/noticiasmercedinas.com\/site\/wp-content\/uploads\/2024\/01\/A-1024x682.jpg\" alt=\"\" width=\"640\" height=\"426\" srcset=\"https:\/\/noticiasmercedinas.com\/site\/wp-content\/uploads\/2024\/01\/A-1024x682.jpg 1024w, https:\/\/noticiasmercedinas.com\/site\/wp-content\/uploads\/2024\/01\/A-300x200.jpg 300w, https:\/\/noticiasmercedinas.com\/site\/wp-content\/uploads\/2024\/01\/A-768x512.jpg 768w, https:\/\/noticiasmercedinas.com\/site\/wp-content\/uploads\/2024\/01\/A-640x427.jpg 640w, https:\/\/noticiasmercedinas.com\/site\/wp-content\/uploads\/2024\/01\/A-1280x853.jpg 1280w, https:\/\/noticiasmercedinas.com\/site\/wp-content\/uploads\/2024\/01\/A-681x454.jpg 681w, https:\/\/noticiasmercedinas.com\/site\/wp-content\/uploads\/2024\/01\/A.jpg 1319w\" sizes=\"auto, (max-width: 640px) 100vw, 640px\" \/><\/p>\n<p>En una ma\u00f1ana colmada de risas, juegos y aprendizaje, las Escuelas de Verano 2024 concluyeron con \u00e9xito su ciclo en el espacio de Estaci\u00f3n Juego. El evento cont\u00f3 con una amplia participaci\u00f3n de ni\u00f1os, ni\u00f1as e instituciones, convirti\u00e9ndolo en un cierre vibrante y lleno de energ\u00eda.<\/p>\n<p>Este ciclo, que abarc\u00f3 17 sedes tanto en zonas urbanas como rurales, cont\u00f3 con la dedicaci\u00f3n de 25 docentes, 17 cocineros, 6 guardavidas, 20 auxiliares y la coordinaci\u00f3n de 1 responsable general. M\u00e1s de 600 estudiantes fueron parte de esta experiencia enriquecedora, marcando el fin de un per\u00edodo de actividades l\u00fadicas y educativas.<\/p>\n<p>La intendenta interina, Mariana San Mart\u00edn, estuvo presente en la jornada para expresar su felicitaci\u00f3n y reconocimiento al personal involucrado. En sus palabras, destac\u00f3 \u00abel compromiso, la dedicaci\u00f3n y el amor de cada d\u00eda para permitir que las y los ni\u00f1os sigan aprendiendo, disfrutando y siendo felices\u00bb. Adem\u00e1s, resalt\u00f3 la vocaci\u00f3n educativa, solidaria y comunitaria que caracteriza al equipo, extendiendo su agradecimiento a las familias por confiar en el encuentro de sus hijos en este espacio educativo.<\/p>\n<p>La elecci\u00f3n de Estaci\u00f3n Juego para el cierre no fue aleatoria, ya que la infraestructura del lugar estaba especialmente preparada para fomentar el disfrute y el aprendizaje de los participantes. La directora de Estaci\u00f3n Juego, la Lic. Gabriela Olivella, el consejero escolar Walter Taramasco y el secretario de Educaci\u00f3n Jos\u00e9 Lu\u00eds Pisano tambi\u00e9n estuvieron presentes para celebrar el \u00e9xito del programa.<\/p>\n<p>Con el cierre de las Escuelas de Verano 2024, la mirada ahora se dirige hacia la preparaci\u00f3n del sistema educativo para el pr\u00f3ximo ciclo lectivo.<\/p>\n<p>Este evento no solo marc\u00f3 el fin de un verano lleno de actividades educativas, sino que tambi\u00e9n sirvi\u00f3 como un recordatorio de la importancia de la educaci\u00f3n, la solidaridad y la comunidad en el desarrollo de las nuevas generaciones.<\/p>\n<p><img loading=\"lazy\" decoding=\"async\" class=\"alignnone size-large wp-image-130038\" src=\"https:\/\/noticiasmercedinas.com\/site\/wp-content\/uploads\/2024\/01\/DSC03123-1024x682.jpg\" alt=\"\" width=\"640\" height=\"426\" srcset=\"https:\/\/noticiasmercedinas.com\/site\/wp-content\/uploads\/2024\/01\/DSC03123-1024x682.jpg 1024w, https:\/\/noticiasmercedinas.com\/site\/wp-content\/uploads\/2024\/01\/DSC03123-300x200.jpg 300w, https:\/\/noticiasmercedinas.com\/site\/wp-content\/uploads\/2024\/01\/DSC03123-768x512.jpg 768w, https:\/\/noticiasmercedinas.com\/site\/wp-content\/uploads\/2024\/01\/DSC03123-640x427.jpg 640w, https:\/\/noticiasmercedinas.com\/site\/wp-content\/uploads\/2024\/01\/DSC03123-1280x853.jpg 1280w, https:\/\/noticiasmercedinas.com\/site\/wp-content\/uploads\/2024\/01\/DSC03123-681x454.jpg 681w, https:\/\/noticiasmercedinas.com\/site\/wp-content\/uploads\/2024\/01\/DSC03123.jpg 1319w\" sizes=\"auto, (max-width: 640px) 100vw, 640px\" \/><\/p>\n","protected":false},"excerpt":{"rendered":"<p>\u25a0 El evento cont\u00f3 con una amplia participaci\u00f3n de ni\u00f1os, ni\u00f1as e instituciones, convirti\u00e9ndolo en un cierre lleno de energ\u00eda. La mirada ahora se dirige hacia la preparaci\u00f3n del sistema educativo para el pr\u00f3ximo ciclo.<\/p>\n","protected":false},"author":16,"featured_media":130039,"comment_status":"closed","ping_status":"closed","sticky":false,"template":"","format":"standard","meta":{"footnotes":""},"categories":[3],"tags":[38,7999,6805],"class_list":["post-130037","post","type-post","status-publish","format-standard","has-post-thumbnail","hentry","category-sociedad","tag-educacion","tag-escuelas-de-verano","tag-estacion-juego"],"yoast_head":"<!-- This site is optimized with the Yoast SEO plugin v27.5 - https:\/\/yoast.com\/product\/yoast-seo-wordpress\/ -->\n<title>Se produjo el cierre de ciclo de las &quot;Escuelas de Verano&quot; en Estaci\u00f3n Juego<\/title>\n<meta name=\"robots\" content=\"index, follow, max-snippet:-1, max-image-preview:large, max-video-preview:-1\" \/>\n<link rel=\"canonical\" href=\"https:\/\/noticiasmercedinas.com\/site\/2024\/01\/27\/se-produjo-el-cierre-de-ciclo-de-las-escuelas-de-verano-en-estacion-juego\/\" \/>\n<meta property=\"og:locale\" content=\"es_ES\" \/>\n<meta property=\"og:type\" content=\"article\" \/>\n<meta property=\"og:title\" content=\"Se produjo el cierre de ciclo de las &quot;Escuelas de Verano&quot; en Estaci\u00f3n Juego\" \/>\n<meta property=\"og:description\" content=\"\u25a0 El evento cont\u00f3 con una amplia participaci\u00f3n de ni\u00f1os, ni\u00f1as e instituciones, convirti\u00e9ndolo en un cierre lleno de energ\u00eda. La mirada ahora se dirige hacia la preparaci\u00f3n del sistema educativo para el pr\u00f3ximo ciclo.\" \/>\n<meta property=\"og:url\" content=\"https:\/\/noticiasmercedinas.com\/site\/2024\/01\/27\/se-produjo-el-cierre-de-ciclo-de-las-escuelas-de-verano-en-estacion-juego\/\" \/>\n<meta property=\"og:site_name\" content=\"NOTICIASMERCEDINAS.COM\" \/>\n<meta property=\"article:publisher\" content=\"https:\/\/www.facebook.com\/noticiasmercedinas\/\" \/>\n<meta property=\"article:published_time\" content=\"2024-01-27T18:04:07+00:00\" \/>\n<meta property=\"og:image\" content=\"https:\/\/noticiasmercedinas.com\/site\/wp-content\/uploads\/2024\/01\/A.jpg\" \/>\n\t<meta property=\"og:image:width\" content=\"1319\" \/>\n\t<meta property=\"og:image:height\" content=\"879\" \/>\n\t<meta property=\"og:image:type\" content=\"image\/jpeg\" \/>\n<meta name=\"author\" content=\"NOTICIASMERCEDINAS.COM\" \/>\n<meta name=\"twitter:card\" content=\"summary_large_image\" \/>\n<meta name=\"twitter:creator\" content=\"@notmercedinas\" \/>\n<meta name=\"twitter:site\" content=\"@notmercedinas\" \/>\n<meta name=\"twitter:label1\" content=\"Escrito por\" \/>\n\t<meta name=\"twitter:data1\" content=\"NOTICIASMERCEDINAS.COM\" \/>\n\t<meta name=\"twitter:label2\" content=\"Tiempo de lectura\" \/>\n\t<meta name=\"twitter:data2\" content=\"2 minutos\" \/>\n<script type=\"application\/ld+json\" class=\"yoast-schema-graph\">{\"@context\":\"https:\\\/\\\/schema.org\",\"@graph\":[{\"@type\":\"Article\",\"@id\":\"https:\\\/\\\/noticiasmercedinas.com\\\/site\\\/2024\\\/01\\\/27\\\/se-produjo-el-cierre-de-ciclo-de-las-escuelas-de-verano-en-estacion-juego\\\/#article\",\"isPartOf\":{\"@id\":\"https:\\\/\\\/noticiasmercedinas.com\\\/site\\\/2024\\\/01\\\/27\\\/se-produjo-el-cierre-de-ciclo-de-las-escuelas-de-verano-en-estacion-juego\\\/\"},\"author\":{\"name\":\"NOTICIASMERCEDINAS.COM\",\"@id\":\"https:\\\/\\\/noticiasmercedinas.com\\\/site\\\/#\\\/schema\\\/person\\\/84b59c099c28ff2e8b77d4ceec5d8063\"},\"headline\":\"Se produjo el cierre de ciclo de las \u00abEscuelas de Verano\u00bb en Estaci\u00f3n Juego\",\"datePublished\":\"2024-01-27T18:04:07+00:00\",\"mainEntityOfPage\":{\"@id\":\"https:\\\/\\\/noticiasmercedinas.com\\\/site\\\/2024\\\/01\\\/27\\\/se-produjo-el-cierre-de-ciclo-de-las-escuelas-de-verano-en-estacion-juego\\\/\"},\"wordCount\":336,\"publisher\":{\"@id\":\"https:\\\/\\\/noticiasmercedinas.com\\\/site\\\/#organization\"},\"image\":{\"@id\":\"https:\\\/\\\/noticiasmercedinas.com\\\/site\\\/2024\\\/01\\\/27\\\/se-produjo-el-cierre-de-ciclo-de-las-escuelas-de-verano-en-estacion-juego\\\/#primaryimage\"},\"thumbnailUrl\":\"https:\\\/\\\/noticiasmercedinas.com\\\/site\\\/wp-content\\\/uploads\\\/2024\\\/01\\\/A.jpg\",\"keywords\":[\"educacion\",\"escuelas de verano\",\"estacion juego\"],\"articleSection\":[\"Sociedad\"],\"inLanguage\":\"es\"},{\"@type\":\"WebPage\",\"@id\":\"https:\\\/\\\/noticiasmercedinas.com\\\/site\\\/2024\\\/01\\\/27\\\/se-produjo-el-cierre-de-ciclo-de-las-escuelas-de-verano-en-estacion-juego\\\/\",\"url\":\"https:\\\/\\\/noticiasmercedinas.com\\\/site\\\/2024\\\/01\\\/27\\\/se-produjo-el-cierre-de-ciclo-de-las-escuelas-de-verano-en-estacion-juego\\\/\",\"name\":\"Se produjo el cierre de ciclo de las \\\"Escuelas de Verano\\\" en Estaci\u00f3n Juego\",\"isPartOf\":{\"@id\":\"https:\\\/\\\/noticiasmercedinas.com\\\/site\\\/#website\"},\"primaryImageOfPage\":{\"@id\":\"https:\\\/\\\/noticiasmercedinas.com\\\/site\\\/2024\\\/01\\\/27\\\/se-produjo-el-cierre-de-ciclo-de-las-escuelas-de-verano-en-estacion-juego\\\/#primaryimage\"},\"image\":{\"@id\":\"https:\\\/\\\/noticiasmercedinas.com\\\/site\\\/2024\\\/01\\\/27\\\/se-produjo-el-cierre-de-ciclo-de-las-escuelas-de-verano-en-estacion-juego\\\/#primaryimage\"},\"thumbnailUrl\":\"https:\\\/\\\/noticiasmercedinas.com\\\/site\\\/wp-content\\\/uploads\\\/2024\\\/01\\\/A.jpg\",\"datePublished\":\"2024-01-27T18:04:07+00:00\",\"breadcrumb\":{\"@id\":\"https:\\\/\\\/noticiasmercedinas.com\\\/site\\\/2024\\\/01\\\/27\\\/se-produjo-el-cierre-de-ciclo-de-las-escuelas-de-verano-en-estacion-juego\\\/#breadcrumb\"},\"inLanguage\":\"es\",\"potentialAction\":[{\"@type\":\"ReadAction\",\"target\":[\"https:\\\/\\\/noticiasmercedinas.com\\\/site\\\/2024\\\/01\\\/27\\\/se-produjo-el-cierre-de-ciclo-de-las-escuelas-de-verano-en-estacion-juego\\\/\"]}]},{\"@type\":\"ImageObject\",\"inLanguage\":\"es\",\"@id\":\"https:\\\/\\\/noticiasmercedinas.com\\\/site\\\/2024\\\/01\\\/27\\\/se-produjo-el-cierre-de-ciclo-de-las-escuelas-de-verano-en-estacion-juego\\\/#primaryimage\",\"url\":\"https:\\\/\\\/noticiasmercedinas.com\\\/site\\\/wp-content\\\/uploads\\\/2024\\\/01\\\/A.jpg\",\"contentUrl\":\"https:\\\/\\\/noticiasmercedinas.com\\\/site\\\/wp-content\\\/uploads\\\/2024\\\/01\\\/A.jpg\",\"width\":1319,\"height\":879},{\"@type\":\"BreadcrumbList\",\"@id\":\"https:\\\/\\\/noticiasmercedinas.com\\\/site\\\/2024\\\/01\\\/27\\\/se-produjo-el-cierre-de-ciclo-de-las-escuelas-de-verano-en-estacion-juego\\\/#breadcrumb\",\"itemListElement\":[{\"@type\":\"ListItem\",\"position\":1,\"name\":\"Portada\",\"item\":\"https:\\\/\\\/noticiasmercedinas.com\\\/site\\\/\"},{\"@type\":\"ListItem\",\"position\":2,\"name\":\"Se produjo el cierre de ciclo de las \u00abEscuelas de Verano\u00bb en Estaci\u00f3n Juego\"}]},{\"@type\":\"WebSite\",\"@id\":\"https:\\\/\\\/noticiasmercedinas.com\\\/site\\\/#website\",\"url\":\"https:\\\/\\\/noticiasmercedinas.com\\\/site\\\/\",\"name\":\"NOTICIASMERCEDINAS.COM\",\"description\":\"Mercedes, Buenos Aires, Argentina\",\"publisher\":{\"@id\":\"https:\\\/\\\/noticiasmercedinas.com\\\/site\\\/#organization\"},\"potentialAction\":[{\"@type\":\"SearchAction\",\"target\":{\"@type\":\"EntryPoint\",\"urlTemplate\":\"https:\\\/\\\/noticiasmercedinas.com\\\/site\\\/?s={search_term_string}\"},\"query-input\":{\"@type\":\"PropertyValueSpecification\",\"valueRequired\":true,\"valueName\":\"search_term_string\"}}],\"inLanguage\":\"es\"},{\"@type\":\"Organization\",\"@id\":\"https:\\\/\\\/noticiasmercedinas.com\\\/site\\\/#organization\",\"name\":\"NOTICIASMERCEDINAS.COM\",\"url\":\"https:\\\/\\\/noticiasmercedinas.com\\\/site\\\/\",\"logo\":{\"@type\":\"ImageObject\",\"inLanguage\":\"es\",\"@id\":\"https:\\\/\\\/noticiasmercedinas.com\\\/site\\\/#\\\/schema\\\/logo\\\/image\\\/\",\"url\":\"https:\\\/\\\/noticiasmercedinas.com\\\/site\\\/wp-content\\\/uploads\\\/2020\\\/06\\\/LOGO-512.jpg\",\"contentUrl\":\"https:\\\/\\\/noticiasmercedinas.com\\\/site\\\/wp-content\\\/uploads\\\/2020\\\/06\\\/LOGO-512.jpg\",\"width\":512,\"height\":512,\"caption\":\"NOTICIASMERCEDINAS.COM\"},\"image\":{\"@id\":\"https:\\\/\\\/noticiasmercedinas.com\\\/site\\\/#\\\/schema\\\/logo\\\/image\\\/\"},\"sameAs\":[\"https:\\\/\\\/www.facebook.com\\\/noticiasmercedinas\\\/\",\"https:\\\/\\\/x.com\\\/notmercedinas\",\"https:\\\/\\\/www.instagram.com\\\/noticiasmercedinas\\\/\"]},{\"@type\":\"Person\",\"@id\":\"https:\\\/\\\/noticiasmercedinas.com\\\/site\\\/#\\\/schema\\\/person\\\/84b59c099c28ff2e8b77d4ceec5d8063\",\"name\":\"NOTICIASMERCEDINAS.COM\",\"image\":{\"@type\":\"ImageObject\",\"inLanguage\":\"es\",\"@id\":\"https:\\\/\\\/secure.gravatar.com\\\/avatar\\\/4dfbf16b4d17945bfb6341b2d19043457132fcf478a5ee04f42e959fd8f5df0a?s=96&d=mm&r=g\",\"url\":\"https:\\\/\\\/secure.gravatar.com\\\/avatar\\\/4dfbf16b4d17945bfb6341b2d19043457132fcf478a5ee04f42e959fd8f5df0a?s=96&d=mm&r=g\",\"contentUrl\":\"https:\\\/\\\/secure.gravatar.com\\\/avatar\\\/4dfbf16b4d17945bfb6341b2d19043457132fcf478a5ee04f42e959fd8f5df0a?s=96&d=mm&r=g\",\"caption\":\"NOTICIASMERCEDINAS.COM\"},\"url\":\"https:\\\/\\\/noticiasmercedinas.com\\\/site\\\/author\\\/anonimo\\\/\"}]}<\/script>\n<!-- \/ Yoast SEO plugin. -->","yoast_head_json":{"title":"Se produjo el cierre de ciclo de las \"Escuelas de Verano\" en Estaci\u00f3n Juego","robots":{"index":"index","follow":"follow","max-snippet":"max-snippet:-1","max-image-preview":"max-image-preview:large","max-video-preview":"max-video-preview:-1"},"canonical":"https:\/\/noticiasmercedinas.com\/site\/2024\/01\/27\/se-produjo-el-cierre-de-ciclo-de-las-escuelas-de-verano-en-estacion-juego\/","og_locale":"es_ES","og_type":"article","og_title":"Se produjo el cierre de ciclo de las \"Escuelas de Verano\" en Estaci\u00f3n Juego","og_description":"\u25a0 El evento cont\u00f3 con una amplia participaci\u00f3n de ni\u00f1os, ni\u00f1as e instituciones, convirti\u00e9ndolo en un cierre lleno de energ\u00eda. La mirada ahora se dirige hacia la preparaci\u00f3n del sistema educativo para el pr\u00f3ximo ciclo.","og_url":"https:\/\/noticiasmercedinas.com\/site\/2024\/01\/27\/se-produjo-el-cierre-de-ciclo-de-las-escuelas-de-verano-en-estacion-juego\/","og_site_name":"NOTICIASMERCEDINAS.COM","article_publisher":"https:\/\/www.facebook.com\/noticiasmercedinas\/","article_published_time":"2024-01-27T18:04:07+00:00","og_image":[{"width":1319,"height":879,"url":"https:\/\/noticiasmercedinas.com\/site\/wp-content\/uploads\/2024\/01\/A.jpg","type":"image\/jpeg"}],"author":"NOTICIASMERCEDINAS.COM","twitter_card":"summary_large_image","twitter_creator":"@notmercedinas","twitter_site":"@notmercedinas","twitter_misc":{"Escrito por":"NOTICIASMERCEDINAS.COM","Tiempo de lectura":"2 minutos"},"schema":{"@context":"https:\/\/schema.org","@graph":[{"@type":"Article","@id":"https:\/\/noticiasmercedinas.com\/site\/2024\/01\/27\/se-produjo-el-cierre-de-ciclo-de-las-escuelas-de-verano-en-estacion-juego\/#article","isPartOf":{"@id":"https:\/\/noticiasmercedinas.com\/site\/2024\/01\/27\/se-produjo-el-cierre-de-ciclo-de-las-escuelas-de-verano-en-estacion-juego\/"},"author":{"name":"NOTICIASMERCEDINAS.COM","@id":"https:\/\/noticiasmercedinas.com\/site\/#\/schema\/person\/84b59c099c28ff2e8b77d4ceec5d8063"},"headline":"Se produjo el cierre de ciclo de las \u00abEscuelas de Verano\u00bb en Estaci\u00f3n Juego","datePublished":"2024-01-27T18:04:07+00:00","mainEntityOfPage":{"@id":"https:\/\/noticiasmercedinas.com\/site\/2024\/01\/27\/se-produjo-el-cierre-de-ciclo-de-las-escuelas-de-verano-en-estacion-juego\/"},"wordCount":336,"publisher":{"@id":"https:\/\/noticiasmercedinas.com\/site\/#organization"},"image":{"@id":"https:\/\/noticiasmercedinas.com\/site\/2024\/01\/27\/se-produjo-el-cierre-de-ciclo-de-las-escuelas-de-verano-en-estacion-juego\/#primaryimage"},"thumbnailUrl":"https:\/\/noticiasmercedinas.com\/site\/wp-content\/uploads\/2024\/01\/A.jpg","keywords":["educacion","escuelas de verano","estacion juego"],"articleSection":["Sociedad"],"inLanguage":"es"},{"@type":"WebPage","@id":"https:\/\/noticiasmercedinas.com\/site\/2024\/01\/27\/se-produjo-el-cierre-de-ciclo-de-las-escuelas-de-verano-en-estacion-juego\/","url":"https:\/\/noticiasmercedinas.com\/site\/2024\/01\/27\/se-produjo-el-cierre-de-ciclo-de-las-escuelas-de-verano-en-estacion-juego\/","name":"Se produjo el cierre de ciclo de las \"Escuelas de Verano\" en Estaci\u00f3n Juego","isPartOf":{"@id":"https:\/\/noticiasmercedinas.com\/site\/#website"},"primaryImageOfPage":{"@id":"https:\/\/noticiasmercedinas.com\/site\/2024\/01\/27\/se-produjo-el-cierre-de-ciclo-de-las-escuelas-de-verano-en-estacion-juego\/#primaryimage"},"image":{"@id":"https:\/\/noticiasmercedinas.com\/site\/2024\/01\/27\/se-produjo-el-cierre-de-ciclo-de-las-escuelas-de-verano-en-estacion-juego\/#primaryimage"},"thumbnailUrl":"https:\/\/noticiasmercedinas.com\/site\/wp-content\/uploads\/2024\/01\/A.jpg","datePublished":"2024-01-27T18:04:07+00:00","breadcrumb":{"@id":"https:\/\/noticiasmercedinas.com\/site\/2024\/01\/27\/se-produjo-el-cierre-de-ciclo-de-las-escuelas-de-verano-en-estacion-juego\/#breadcrumb"},"inLanguage":"es","potentialAction":[{"@type":"ReadAction","target":["https:\/\/noticiasmercedinas.com\/site\/2024\/01\/27\/se-produjo-el-cierre-de-ciclo-de-las-escuelas-de-verano-en-estacion-juego\/"]}]},{"@type":"ImageObject","inLanguage":"es","@id":"https:\/\/noticiasmercedinas.com\/site\/2024\/01\/27\/se-produjo-el-cierre-de-ciclo-de-las-escuelas-de-verano-en-estacion-juego\/#primaryimage","url":"https:\/\/noticiasmercedinas.com\/site\/wp-content\/uploads\/2024\/01\/A.jpg","contentUrl":"https:\/\/noticiasmercedinas.com\/site\/wp-content\/uploads\/2024\/01\/A.jpg","width":1319,"height":879},{"@type":"BreadcrumbList","@id":"https:\/\/noticiasmercedinas.com\/site\/2024\/01\/27\/se-produjo-el-cierre-de-ciclo-de-las-escuelas-de-verano-en-estacion-juego\/#breadcrumb","itemListElement":[{"@type":"ListItem","position":1,"name":"Portada","item":"https:\/\/noticiasmercedinas.com\/site\/"},{"@type":"ListItem","position":2,"name":"Se produjo el cierre de ciclo de las \u00abEscuelas de Verano\u00bb en Estaci\u00f3n Juego"}]},{"@type":"WebSite","@id":"https:\/\/noticiasmercedinas.com\/site\/#website","url":"https:\/\/noticiasmercedinas.com\/site\/","name":"NOTICIASMERCEDINAS.COM","description":"Mercedes, Buenos Aires, Argentina","publisher":{"@id":"https:\/\/noticiasmercedinas.com\/site\/#organization"},"potentialAction":[{"@type":"SearchAction","target":{"@type":"EntryPoint","urlTemplate":"https:\/\/noticiasmercedinas.com\/site\/?s={search_term_string}"},"query-input":{"@type":"PropertyValueSpecification","valueRequired":true,"valueName":"search_term_string"}}],"inLanguage":"es"},{"@type":"Organization","@id":"https:\/\/noticiasmercedinas.com\/site\/#organization","name":"NOTICIASMERCEDINAS.COM","url":"https:\/\/noticiasmercedinas.com\/site\/","logo":{"@type":"ImageObject","inLanguage":"es","@id":"https:\/\/noticiasmercedinas.com\/site\/#\/schema\/logo\/image\/","url":"https:\/\/noticiasmercedinas.com\/site\/wp-content\/uploads\/2020\/06\/LOGO-512.jpg","contentUrl":"https:\/\/noticiasmercedinas.com\/site\/wp-content\/uploads\/2020\/06\/LOGO-512.jpg","width":512,"height":512,"caption":"NOTICIASMERCEDINAS.COM"},"image":{"@id":"https:\/\/noticiasmercedinas.com\/site\/#\/schema\/logo\/image\/"},"sameAs":["https:\/\/www.facebook.com\/noticiasmercedinas\/","https:\/\/x.com\/notmercedinas","https:\/\/www.instagram.com\/noticiasmercedinas\/"]},{"@type":"Person","@id":"https:\/\/noticiasmercedinas.com\/site\/#\/schema\/person\/84b59c099c28ff2e8b77d4ceec5d8063","name":"NOTICIASMERCEDINAS.COM","image":{"@type":"ImageObject","inLanguage":"es","@id":"https:\/\/secure.gravatar.com\/avatar\/4dfbf16b4d17945bfb6341b2d19043457132fcf478a5ee04f42e959fd8f5df0a?s=96&d=mm&r=g","url":"https:\/\/secure.gravatar.com\/avatar\/4dfbf16b4d17945bfb6341b2d19043457132fcf478a5ee04f42e959fd8f5df0a?s=96&d=mm&r=g","contentUrl":"https:\/\/secure.gravatar.com\/avatar\/4dfbf16b4d17945bfb6341b2d19043457132fcf478a5ee04f42e959fd8f5df0a?s=96&d=mm&r=g","caption":"NOTICIASMERCEDINAS.COM"},"url":"https:\/\/noticiasmercedinas.com\/site\/author\/anonimo\/"}]}},"amp_enabled":true,"_links":{"self":[{"href":"https:\/\/noticiasmercedinas.com\/site\/wp-json\/wp\/v2\/posts\/130037","targetHints":{"allow":["GET"]}}],"collection":[{"href":"https:\/\/noticiasmercedinas.com\/site\/wp-json\/wp\/v2\/posts"}],"about":[{"href":"https:\/\/noticiasmercedinas.com\/site\/wp-json\/wp\/v2\/types\/post"}],"author":[{"embeddable":true,"href":"https:\/\/noticiasmercedinas.com\/site\/wp-json\/wp\/v2\/users\/16"}],"replies":[{"embeddable":true,"href":"https:\/\/noticiasmercedinas.com\/site\/wp-json\/wp\/v2\/comments?post=130037"}],"version-history":[{"count":1,"href":"https:\/\/noticiasmercedinas.com\/site\/wp-json\/wp\/v2\/posts\/130037\/revisions"}],"predecessor-version":[{"id":130040,"href":"https:\/\/noticiasmercedinas.com\/site\/wp-json\/wp\/v2\/posts\/130037\/revisions\/130040"}],"wp:featuredmedia":[{"embeddable":true,"href":"https:\/\/noticiasmercedinas.com\/site\/wp-json\/wp\/v2\/media\/130039"}],"wp:attachment":[{"href":"https:\/\/noticiasmercedinas.com\/site\/wp-json\/wp\/v2\/media?parent=130037"}],"wp:term":[{"taxonomy":"category","embeddable":true,"href":"https:\/\/noticiasmercedinas.com\/site\/wp-json\/wp\/v2\/categories?post=130037"},{"taxonomy":"post_tag","embeddable":true,"href":"https:\/\/noticiasmercedinas.com\/site\/wp-json\/wp\/v2\/tags?post=130037"}],"curies":[{"name":"wp","href":"https:\/\/api.w.org\/{rel}","templated":true}]}}