{"id":130101,"date":"2024-01-29T19:09:14","date_gmt":"2024-01-29T22:09:14","guid":{"rendered":"https:\/\/noticiasmercedinas.com\/site\/?p=130101"},"modified":"2024-01-29T19:09:14","modified_gmt":"2024-01-29T22:09:14","slug":"avanza-la-cuenta-regresiva-para-poder-disfrutar-de-mercedes-flota","status":"publish","type":"post","link":"https:\/\/noticiasmercedinas.com\/site\/2024\/01\/29\/avanza-la-cuenta-regresiva-para-poder-disfrutar-de-mercedes-flota\/","title":{"rendered":"Avanza la cuenta regresiva para poder disfrutar de Mercedes Flota"},"content":{"rendered":"<p><img loading=\"lazy\" decoding=\"async\" class=\"alignnone wp-image-130103 size-large\" src=\"https:\/\/noticiasmercedinas.com\/site\/wp-content\/uploads\/2024\/01\/b17eccba-f120-42cd-b7e7-206675c10925-e1706566098493-1024x700.jpeg\" alt=\"\" width=\"640\" height=\"438\" srcset=\"https:\/\/noticiasmercedinas.com\/site\/wp-content\/uploads\/2024\/01\/b17eccba-f120-42cd-b7e7-206675c10925-e1706566098493-1024x700.jpeg 1024w, https:\/\/noticiasmercedinas.com\/site\/wp-content\/uploads\/2024\/01\/b17eccba-f120-42cd-b7e7-206675c10925-e1706566098493-300x205.jpeg 300w, https:\/\/noticiasmercedinas.com\/site\/wp-content\/uploads\/2024\/01\/b17eccba-f120-42cd-b7e7-206675c10925-e1706566098493-768x525.jpeg 768w, https:\/\/noticiasmercedinas.com\/site\/wp-content\/uploads\/2024\/01\/b17eccba-f120-42cd-b7e7-206675c10925-e1706566098493-1536x1049.jpeg 1536w, https:\/\/noticiasmercedinas.com\/site\/wp-content\/uploads\/2024\/01\/b17eccba-f120-42cd-b7e7-206675c10925-e1706566098493-640x437.jpeg 640w, https:\/\/noticiasmercedinas.com\/site\/wp-content\/uploads\/2024\/01\/b17eccba-f120-42cd-b7e7-206675c10925-e1706566098493-1280x874.jpeg 1280w, https:\/\/noticiasmercedinas.com\/site\/wp-content\/uploads\/2024\/01\/b17eccba-f120-42cd-b7e7-206675c10925-e1706566098493-681x465.jpeg 681w, https:\/\/noticiasmercedinas.com\/site\/wp-content\/uploads\/2024\/01\/b17eccba-f120-42cd-b7e7-206675c10925-e1706566098493-1362x930.jpeg 1362w, https:\/\/noticiasmercedinas.com\/site\/wp-content\/uploads\/2024\/01\/b17eccba-f120-42cd-b7e7-206675c10925-e1706566098493.jpeg 1600w\" sizes=\"auto, (max-width: 640px) 100vw, 640px\" \/><\/p>\n<p>Se acerca la fecha para disfrutar de uno de los eventos m\u00e1s esperados del a\u00f1o: \u00abMercedes Flota 2024\u00bb. Este espect\u00e1culo \u00fanico se llevar\u00e1 a cabo como parte del ciclo FLOTA TOUR, que abarcar\u00e1 diversas ciudades argentinas, incluyendo San Juan, San Luis, Salta, Tucum\u00e1n, Santiago, y principales localidades de la Provincia de Buenos Aires.<\/p>\n<p>La elecci\u00f3n de Mercedes como punto de partida para este ciclo no fue casualidad. Esta pintoresca ciudad, reconocida como un destino tur\u00edstico ideal, se distingue por su rica cultura de eventos propios y significativos. \u00abMercedes Flota 2024\u00bb promete ofrecer una experiencia inolvidable a todos los asistentes.<\/p>\n<p><strong>\u00bfDe qu\u00e9 se trata el evento?<\/strong><br \/>\nConsta de una exhibici\u00f3n \u00fanica de globos aerost\u00e1ticos y otras atracciones a\u00e9reas, acompa\u00f1adas de m\u00fasica en vivo, deliciosa gastronom\u00eda y diversas actividades para toda la familia. La muestra contar\u00e1 con una impresionante cantidad de globos aerost\u00e1ticos en vivo, los cuales realizar\u00e1n demostraciones, vuelos cautivos en el lugar y algunas salidas, creando un espect\u00e1culo visual imperdible, especialmente durante el atardecer y anochecer, cuando se despliega un fascinante show de luces y fuegos.<\/p>\n<p>Adem\u00e1s de los globos, el evento ofrecer\u00e1:<\/p>\n<p>&#8211; Shows musicales para toda la familia.<br \/>\n&#8211; Juegos y actividades recreativas para los m\u00e1s peque\u00f1os, incluido un parque inflable.<br \/>\n&#8211; Foodtrucks con una variada oferta gastron\u00f3mica y bebidas.<\/p>\n<blockquote><p>Se llevar\u00e1 a cabo en el Parque Municipal Independencia, espec\u00edficamente en la Pista de Ciclismo y Parques linderos, proporcionando un entorno \u00fanico para disfrutar de esta experiencia inigualable.<\/p><\/blockquote>\n<p><strong>\u00bfCu\u00e1ndo y d\u00f3nde?<\/strong><br \/>\nLa fecha programada para \u00abMercedes Flota 2024\u00bb es el s\u00e1bado 2 de Marzo de 2024, en el horario de 15 a 22 horas. Dado que el evento est\u00e1 sujeto a las condiciones clim\u00e1ticas, se han establecido fechas alternativas dentro del mismo mes: 3, 9, 10, 16, 17, 23 y 24 de marzo.<\/p>\n<p>El espect\u00e1culo se llevar\u00e1 a cabo en el Parque Municipal Independencia, espec\u00edficamente en la Pista de Ciclismo y Parques linderos, proporcionando un entorno \u00fanico para disfrutar de esta experiencia inigualable.<\/p>\n<p><strong>Entradas y m\u00e1s informaci\u00f3n<\/strong><br \/>\nLas entradas est\u00e1n disponibles \u00fanicamente de manera online, con una preventa a precios diferenciados hasta el 31 de enero de 2024. Pueden adquirirse en el sitio web oficial del evento: <a href=\"https:\/\/flotatour.com.ar\/compra.html\">https:\/\/flotatour.com.ar\/compra.html<\/a><\/p>\n<p>Para m\u00e1s detalles y actualizaciones, se invita a los interesados a visitar el sitio web <a href=\"https:\/\/flotatour.com.ar\">https:\/\/flotatour.com.ar<\/a> y seguir las redes sociales del evento en Instagram: <a href=\"https:\/\/instagram.com\/flotatour\/\">https:\/\/instagram.com\/flotatour\/<\/a><\/p>\n<p><img loading=\"lazy\" decoding=\"async\" class=\"alignnone size-large wp-image-130102\" src=\"https:\/\/noticiasmercedinas.com\/site\/wp-content\/uploads\/2024\/01\/a47abc94-1334-497e-b23a-e09a5540f529-1024x1024.jpeg\" alt=\"\" width=\"640\" height=\"640\" srcset=\"https:\/\/noticiasmercedinas.com\/site\/wp-content\/uploads\/2024\/01\/a47abc94-1334-497e-b23a-e09a5540f529-1024x1024.jpeg 1024w, https:\/\/noticiasmercedinas.com\/site\/wp-content\/uploads\/2024\/01\/a47abc94-1334-497e-b23a-e09a5540f529-300x300.jpeg 300w, https:\/\/noticiasmercedinas.com\/site\/wp-content\/uploads\/2024\/01\/a47abc94-1334-497e-b23a-e09a5540f529-150x150.jpeg 150w, https:\/\/noticiasmercedinas.com\/site\/wp-content\/uploads\/2024\/01\/a47abc94-1334-497e-b23a-e09a5540f529-768x768.jpeg 768w, https:\/\/noticiasmercedinas.com\/site\/wp-content\/uploads\/2024\/01\/a47abc94-1334-497e-b23a-e09a5540f529-1536x1536.jpeg 1536w, https:\/\/noticiasmercedinas.com\/site\/wp-content\/uploads\/2024\/01\/a47abc94-1334-497e-b23a-e09a5540f529-640x640.jpeg 640w, https:\/\/noticiasmercedinas.com\/site\/wp-content\/uploads\/2024\/01\/a47abc94-1334-497e-b23a-e09a5540f529-1280x1280.jpeg 1280w, https:\/\/noticiasmercedinas.com\/site\/wp-content\/uploads\/2024\/01\/a47abc94-1334-497e-b23a-e09a5540f529-681x681.jpeg 681w, https:\/\/noticiasmercedinas.com\/site\/wp-content\/uploads\/2024\/01\/a47abc94-1334-497e-b23a-e09a5540f529-1362x1362.jpeg 1362w, https:\/\/noticiasmercedinas.com\/site\/wp-content\/uploads\/2024\/01\/a47abc94-1334-497e-b23a-e09a5540f529.jpeg 1600w\" sizes=\"auto, (max-width: 640px) 100vw, 640px\" \/><\/p>\n","protected":false},"excerpt":{"rendered":"<p>\u25a0 Una experiencia \u00fanica de globos aerost\u00e1ticos, m\u00fasica y gastronom\u00eda tendr\u00e1 lugar en el Parque Municipal Independencia. Ser\u00e1 el s\u00e1bado 2 de Marzo de 2024, en el horario de 15 a 22 horas.\u00a0<\/p>\n","protected":false},"author":16,"featured_media":130103,"comment_status":"closed","ping_status":"closed","sticky":false,"template":"","format":"standard","meta":{"footnotes":""},"categories":[3],"tags":[17797,17796,3523],"class_list":["post-130101","post","type-post","status-publish","format-standard","has-post-thumbnail","hentry","category-sociedad","tag-globos-aerostaticos","tag-mercedes-flota","tag-parque-municipal-independencia"],"yoast_head":"<!-- This site is optimized with the Yoast SEO plugin v27.5 - https:\/\/yoast.com\/product\/yoast-seo-wordpress\/ -->\n<title>Avanza la cuenta regresiva para poder disfrutar de Mercedes Flota<\/title>\n<meta name=\"robots\" content=\"index, follow, max-snippet:-1, max-image-preview:large, max-video-preview:-1\" \/>\n<link rel=\"canonical\" href=\"https:\/\/noticiasmercedinas.com\/site\/2024\/01\/29\/avanza-la-cuenta-regresiva-para-poder-disfrutar-de-mercedes-flota\/\" \/>\n<meta property=\"og:locale\" content=\"es_ES\" \/>\n<meta property=\"og:type\" content=\"article\" \/>\n<meta property=\"og:title\" content=\"Avanza la cuenta regresiva para poder disfrutar de Mercedes Flota\" \/>\n<meta property=\"og:description\" content=\"\u25a0 Una experiencia \u00fanica de globos aerost\u00e1ticos, m\u00fasica y gastronom\u00eda tendr\u00e1 lugar en el Parque Municipal Independencia. Ser\u00e1 el s\u00e1bado 2 de Marzo de 2024, en el horario de 15 a 22 horas.\u00a0\" \/>\n<meta property=\"og:url\" content=\"https:\/\/noticiasmercedinas.com\/site\/2024\/01\/29\/avanza-la-cuenta-regresiva-para-poder-disfrutar-de-mercedes-flota\/\" \/>\n<meta property=\"og:site_name\" content=\"NOTICIASMERCEDINAS.COM\" \/>\n<meta property=\"article:publisher\" content=\"https:\/\/www.facebook.com\/noticiasmercedinas\/\" \/>\n<meta property=\"article:published_time\" content=\"2024-01-29T22:09:14+00:00\" \/>\n<meta property=\"og:image\" content=\"https:\/\/noticiasmercedinas.com\/site\/wp-content\/uploads\/2024\/01\/b17eccba-f120-42cd-b7e7-206675c10925-e1706566098493.jpeg\" \/>\n\t<meta property=\"og:image:width\" content=\"1600\" \/>\n\t<meta property=\"og:image:height\" content=\"1093\" \/>\n\t<meta property=\"og:image:type\" content=\"image\/jpeg\" \/>\n<meta name=\"author\" content=\"NOTICIASMERCEDINAS.COM\" \/>\n<meta name=\"twitter:card\" content=\"summary_large_image\" \/>\n<meta name=\"twitter:creator\" content=\"@notmercedinas\" \/>\n<meta name=\"twitter:site\" content=\"@notmercedinas\" \/>\n<meta name=\"twitter:label1\" content=\"Escrito por\" \/>\n\t<meta name=\"twitter:data1\" content=\"NOTICIASMERCEDINAS.COM\" \/>\n\t<meta name=\"twitter:label2\" content=\"Tiempo de lectura\" \/>\n\t<meta name=\"twitter:data2\" content=\"3 minutos\" \/>\n<script type=\"application\/ld+json\" class=\"yoast-schema-graph\">{\"@context\":\"https:\\\/\\\/schema.org\",\"@graph\":[{\"@type\":\"Article\",\"@id\":\"https:\\\/\\\/noticiasmercedinas.com\\\/site\\\/2024\\\/01\\\/29\\\/avanza-la-cuenta-regresiva-para-poder-disfrutar-de-mercedes-flota\\\/#article\",\"isPartOf\":{\"@id\":\"https:\\\/\\\/noticiasmercedinas.com\\\/site\\\/2024\\\/01\\\/29\\\/avanza-la-cuenta-regresiva-para-poder-disfrutar-de-mercedes-flota\\\/\"},\"author\":{\"name\":\"NOTICIASMERCEDINAS.COM\",\"@id\":\"https:\\\/\\\/noticiasmercedinas.com\\\/site\\\/#\\\/schema\\\/person\\\/84b59c099c28ff2e8b77d4ceec5d8063\"},\"headline\":\"Avanza la cuenta regresiva para poder disfrutar de Mercedes Flota\",\"datePublished\":\"2024-01-29T22:09:14+00:00\",\"mainEntityOfPage\":{\"@id\":\"https:\\\/\\\/noticiasmercedinas.com\\\/site\\\/2024\\\/01\\\/29\\\/avanza-la-cuenta-regresiva-para-poder-disfrutar-de-mercedes-flota\\\/\"},\"wordCount\":421,\"publisher\":{\"@id\":\"https:\\\/\\\/noticiasmercedinas.com\\\/site\\\/#organization\"},\"image\":{\"@id\":\"https:\\\/\\\/noticiasmercedinas.com\\\/site\\\/2024\\\/01\\\/29\\\/avanza-la-cuenta-regresiva-para-poder-disfrutar-de-mercedes-flota\\\/#primaryimage\"},\"thumbnailUrl\":\"https:\\\/\\\/noticiasmercedinas.com\\\/site\\\/wp-content\\\/uploads\\\/2024\\\/01\\\/b17eccba-f120-42cd-b7e7-206675c10925-e1706566098493.jpeg\",\"keywords\":[\"globos aerost\u00e1ticos\",\"mercedes flota\",\"Parque Municipal Independencia\"],\"articleSection\":[\"Sociedad\"],\"inLanguage\":\"es\"},{\"@type\":\"WebPage\",\"@id\":\"https:\\\/\\\/noticiasmercedinas.com\\\/site\\\/2024\\\/01\\\/29\\\/avanza-la-cuenta-regresiva-para-poder-disfrutar-de-mercedes-flota\\\/\",\"url\":\"https:\\\/\\\/noticiasmercedinas.com\\\/site\\\/2024\\\/01\\\/29\\\/avanza-la-cuenta-regresiva-para-poder-disfrutar-de-mercedes-flota\\\/\",\"name\":\"Avanza la cuenta regresiva para poder disfrutar de Mercedes Flota\",\"isPartOf\":{\"@id\":\"https:\\\/\\\/noticiasmercedinas.com\\\/site\\\/#website\"},\"primaryImageOfPage\":{\"@id\":\"https:\\\/\\\/noticiasmercedinas.com\\\/site\\\/2024\\\/01\\\/29\\\/avanza-la-cuenta-regresiva-para-poder-disfrutar-de-mercedes-flota\\\/#primaryimage\"},\"image\":{\"@id\":\"https:\\\/\\\/noticiasmercedinas.com\\\/site\\\/2024\\\/01\\\/29\\\/avanza-la-cuenta-regresiva-para-poder-disfrutar-de-mercedes-flota\\\/#primaryimage\"},\"thumbnailUrl\":\"https:\\\/\\\/noticiasmercedinas.com\\\/site\\\/wp-content\\\/uploads\\\/2024\\\/01\\\/b17eccba-f120-42cd-b7e7-206675c10925-e1706566098493.jpeg\",\"datePublished\":\"2024-01-29T22:09:14+00:00\",\"breadcrumb\":{\"@id\":\"https:\\\/\\\/noticiasmercedinas.com\\\/site\\\/2024\\\/01\\\/29\\\/avanza-la-cuenta-regresiva-para-poder-disfrutar-de-mercedes-flota\\\/#breadcrumb\"},\"inLanguage\":\"es\",\"potentialAction\":[{\"@type\":\"ReadAction\",\"target\":[\"https:\\\/\\\/noticiasmercedinas.com\\\/site\\\/2024\\\/01\\\/29\\\/avanza-la-cuenta-regresiva-para-poder-disfrutar-de-mercedes-flota\\\/\"]}]},{\"@type\":\"ImageObject\",\"inLanguage\":\"es\",\"@id\":\"https:\\\/\\\/noticiasmercedinas.com\\\/site\\\/2024\\\/01\\\/29\\\/avanza-la-cuenta-regresiva-para-poder-disfrutar-de-mercedes-flota\\\/#primaryimage\",\"url\":\"https:\\\/\\\/noticiasmercedinas.com\\\/site\\\/wp-content\\\/uploads\\\/2024\\\/01\\\/b17eccba-f120-42cd-b7e7-206675c10925-e1706566098493.jpeg\",\"contentUrl\":\"https:\\\/\\\/noticiasmercedinas.com\\\/site\\\/wp-content\\\/uploads\\\/2024\\\/01\\\/b17eccba-f120-42cd-b7e7-206675c10925-e1706566098493.jpeg\",\"width\":1600,\"height\":1093},{\"@type\":\"BreadcrumbList\",\"@id\":\"https:\\\/\\\/noticiasmercedinas.com\\\/site\\\/2024\\\/01\\\/29\\\/avanza-la-cuenta-regresiva-para-poder-disfrutar-de-mercedes-flota\\\/#breadcrumb\",\"itemListElement\":[{\"@type\":\"ListItem\",\"position\":1,\"name\":\"Portada\",\"item\":\"https:\\\/\\\/noticiasmercedinas.com\\\/site\\\/\"},{\"@type\":\"ListItem\",\"position\":2,\"name\":\"Avanza la cuenta regresiva para poder disfrutar de Mercedes Flota\"}]},{\"@type\":\"WebSite\",\"@id\":\"https:\\\/\\\/noticiasmercedinas.com\\\/site\\\/#website\",\"url\":\"https:\\\/\\\/noticiasmercedinas.com\\\/site\\\/\",\"name\":\"NOTICIASMERCEDINAS.COM\",\"description\":\"Mercedes, Buenos Aires, Argentina\",\"publisher\":{\"@id\":\"https:\\\/\\\/noticiasmercedinas.com\\\/site\\\/#organization\"},\"potentialAction\":[{\"@type\":\"SearchAction\",\"target\":{\"@type\":\"EntryPoint\",\"urlTemplate\":\"https:\\\/\\\/noticiasmercedinas.com\\\/site\\\/?s={search_term_string}\"},\"query-input\":{\"@type\":\"PropertyValueSpecification\",\"valueRequired\":true,\"valueName\":\"search_term_string\"}}],\"inLanguage\":\"es\"},{\"@type\":\"Organization\",\"@id\":\"https:\\\/\\\/noticiasmercedinas.com\\\/site\\\/#organization\",\"name\":\"NOTICIASMERCEDINAS.COM\",\"url\":\"https:\\\/\\\/noticiasmercedinas.com\\\/site\\\/\",\"logo\":{\"@type\":\"ImageObject\",\"inLanguage\":\"es\",\"@id\":\"https:\\\/\\\/noticiasmercedinas.com\\\/site\\\/#\\\/schema\\\/logo\\\/image\\\/\",\"url\":\"https:\\\/\\\/noticiasmercedinas.com\\\/site\\\/wp-content\\\/uploads\\\/2020\\\/06\\\/LOGO-512.jpg\",\"contentUrl\":\"https:\\\/\\\/noticiasmercedinas.com\\\/site\\\/wp-content\\\/uploads\\\/2020\\\/06\\\/LOGO-512.jpg\",\"width\":512,\"height\":512,\"caption\":\"NOTICIASMERCEDINAS.COM\"},\"image\":{\"@id\":\"https:\\\/\\\/noticiasmercedinas.com\\\/site\\\/#\\\/schema\\\/logo\\\/image\\\/\"},\"sameAs\":[\"https:\\\/\\\/www.facebook.com\\\/noticiasmercedinas\\\/\",\"https:\\\/\\\/x.com\\\/notmercedinas\",\"https:\\\/\\\/www.instagram.com\\\/noticiasmercedinas\\\/\"]},{\"@type\":\"Person\",\"@id\":\"https:\\\/\\\/noticiasmercedinas.com\\\/site\\\/#\\\/schema\\\/person\\\/84b59c099c28ff2e8b77d4ceec5d8063\",\"name\":\"NOTICIASMERCEDINAS.COM\",\"image\":{\"@type\":\"ImageObject\",\"inLanguage\":\"es\",\"@id\":\"https:\\\/\\\/secure.gravatar.com\\\/avatar\\\/4dfbf16b4d17945bfb6341b2d19043457132fcf478a5ee04f42e959fd8f5df0a?s=96&d=mm&r=g\",\"url\":\"https:\\\/\\\/secure.gravatar.com\\\/avatar\\\/4dfbf16b4d17945bfb6341b2d19043457132fcf478a5ee04f42e959fd8f5df0a?s=96&d=mm&r=g\",\"contentUrl\":\"https:\\\/\\\/secure.gravatar.com\\\/avatar\\\/4dfbf16b4d17945bfb6341b2d19043457132fcf478a5ee04f42e959fd8f5df0a?s=96&d=mm&r=g\",\"caption\":\"NOTICIASMERCEDINAS.COM\"},\"url\":\"https:\\\/\\\/noticiasmercedinas.com\\\/site\\\/author\\\/anonimo\\\/\"}]}<\/script>\n<!-- \/ Yoast SEO plugin. -->","yoast_head_json":{"title":"Avanza la cuenta regresiva para poder disfrutar de Mercedes Flota","robots":{"index":"index","follow":"follow","max-snippet":"max-snippet:-1","max-image-preview":"max-image-preview:large","max-video-preview":"max-video-preview:-1"},"canonical":"https:\/\/noticiasmercedinas.com\/site\/2024\/01\/29\/avanza-la-cuenta-regresiva-para-poder-disfrutar-de-mercedes-flota\/","og_locale":"es_ES","og_type":"article","og_title":"Avanza la cuenta regresiva para poder disfrutar de Mercedes Flota","og_description":"\u25a0 Una experiencia \u00fanica de globos aerost\u00e1ticos, m\u00fasica y gastronom\u00eda tendr\u00e1 lugar en el Parque Municipal Independencia. Ser\u00e1 el s\u00e1bado 2 de Marzo de 2024, en el horario de 15 a 22 horas.\u00a0","og_url":"https:\/\/noticiasmercedinas.com\/site\/2024\/01\/29\/avanza-la-cuenta-regresiva-para-poder-disfrutar-de-mercedes-flota\/","og_site_name":"NOTICIASMERCEDINAS.COM","article_publisher":"https:\/\/www.facebook.com\/noticiasmercedinas\/","article_published_time":"2024-01-29T22:09:14+00:00","og_image":[{"width":1600,"height":1093,"url":"https:\/\/noticiasmercedinas.com\/site\/wp-content\/uploads\/2024\/01\/b17eccba-f120-42cd-b7e7-206675c10925-e1706566098493.jpeg","type":"image\/jpeg"}],"author":"NOTICIASMERCEDINAS.COM","twitter_card":"summary_large_image","twitter_creator":"@notmercedinas","twitter_site":"@notmercedinas","twitter_misc":{"Escrito por":"NOTICIASMERCEDINAS.COM","Tiempo de lectura":"3 minutos"},"schema":{"@context":"https:\/\/schema.org","@graph":[{"@type":"Article","@id":"https:\/\/noticiasmercedinas.com\/site\/2024\/01\/29\/avanza-la-cuenta-regresiva-para-poder-disfrutar-de-mercedes-flota\/#article","isPartOf":{"@id":"https:\/\/noticiasmercedinas.com\/site\/2024\/01\/29\/avanza-la-cuenta-regresiva-para-poder-disfrutar-de-mercedes-flota\/"},"author":{"name":"NOTICIASMERCEDINAS.COM","@id":"https:\/\/noticiasmercedinas.com\/site\/#\/schema\/person\/84b59c099c28ff2e8b77d4ceec5d8063"},"headline":"Avanza la cuenta regresiva para poder disfrutar de Mercedes Flota","datePublished":"2024-01-29T22:09:14+00:00","mainEntityOfPage":{"@id":"https:\/\/noticiasmercedinas.com\/site\/2024\/01\/29\/avanza-la-cuenta-regresiva-para-poder-disfrutar-de-mercedes-flota\/"},"wordCount":421,"publisher":{"@id":"https:\/\/noticiasmercedinas.com\/site\/#organization"},"image":{"@id":"https:\/\/noticiasmercedinas.com\/site\/2024\/01\/29\/avanza-la-cuenta-regresiva-para-poder-disfrutar-de-mercedes-flota\/#primaryimage"},"thumbnailUrl":"https:\/\/noticiasmercedinas.com\/site\/wp-content\/uploads\/2024\/01\/b17eccba-f120-42cd-b7e7-206675c10925-e1706566098493.jpeg","keywords":["globos aerost\u00e1ticos","mercedes flota","Parque Municipal Independencia"],"articleSection":["Sociedad"],"inLanguage":"es"},{"@type":"WebPage","@id":"https:\/\/noticiasmercedinas.com\/site\/2024\/01\/29\/avanza-la-cuenta-regresiva-para-poder-disfrutar-de-mercedes-flota\/","url":"https:\/\/noticiasmercedinas.com\/site\/2024\/01\/29\/avanza-la-cuenta-regresiva-para-poder-disfrutar-de-mercedes-flota\/","name":"Avanza la cuenta regresiva para poder disfrutar de Mercedes Flota","isPartOf":{"@id":"https:\/\/noticiasmercedinas.com\/site\/#website"},"primaryImageOfPage":{"@id":"https:\/\/noticiasmercedinas.com\/site\/2024\/01\/29\/avanza-la-cuenta-regresiva-para-poder-disfrutar-de-mercedes-flota\/#primaryimage"},"image":{"@id":"https:\/\/noticiasmercedinas.com\/site\/2024\/01\/29\/avanza-la-cuenta-regresiva-para-poder-disfrutar-de-mercedes-flota\/#primaryimage"},"thumbnailUrl":"https:\/\/noticiasmercedinas.com\/site\/wp-content\/uploads\/2024\/01\/b17eccba-f120-42cd-b7e7-206675c10925-e1706566098493.jpeg","datePublished":"2024-01-29T22:09:14+00:00","breadcrumb":{"@id":"https:\/\/noticiasmercedinas.com\/site\/2024\/01\/29\/avanza-la-cuenta-regresiva-para-poder-disfrutar-de-mercedes-flota\/#breadcrumb"},"inLanguage":"es","potentialAction":[{"@type":"ReadAction","target":["https:\/\/noticiasmercedinas.com\/site\/2024\/01\/29\/avanza-la-cuenta-regresiva-para-poder-disfrutar-de-mercedes-flota\/"]}]},{"@type":"ImageObject","inLanguage":"es","@id":"https:\/\/noticiasmercedinas.com\/site\/2024\/01\/29\/avanza-la-cuenta-regresiva-para-poder-disfrutar-de-mercedes-flota\/#primaryimage","url":"https:\/\/noticiasmercedinas.com\/site\/wp-content\/uploads\/2024\/01\/b17eccba-f120-42cd-b7e7-206675c10925-e1706566098493.jpeg","contentUrl":"https:\/\/noticiasmercedinas.com\/site\/wp-content\/uploads\/2024\/01\/b17eccba-f120-42cd-b7e7-206675c10925-e1706566098493.jpeg","width":1600,"height":1093},{"@type":"BreadcrumbList","@id":"https:\/\/noticiasmercedinas.com\/site\/2024\/01\/29\/avanza-la-cuenta-regresiva-para-poder-disfrutar-de-mercedes-flota\/#breadcrumb","itemListElement":[{"@type":"ListItem","position":1,"name":"Portada","item":"https:\/\/noticiasmercedinas.com\/site\/"},{"@type":"ListItem","position":2,"name":"Avanza la cuenta regresiva para poder disfrutar de Mercedes Flota"}]},{"@type":"WebSite","@id":"https:\/\/noticiasmercedinas.com\/site\/#website","url":"https:\/\/noticiasmercedinas.com\/site\/","name":"NOTICIASMERCEDINAS.COM","description":"Mercedes, Buenos Aires, Argentina","publisher":{"@id":"https:\/\/noticiasmercedinas.com\/site\/#organization"},"potentialAction":[{"@type":"SearchAction","target":{"@type":"EntryPoint","urlTemplate":"https:\/\/noticiasmercedinas.com\/site\/?s={search_term_string}"},"query-input":{"@type":"PropertyValueSpecification","valueRequired":true,"valueName":"search_term_string"}}],"inLanguage":"es"},{"@type":"Organization","@id":"https:\/\/noticiasmercedinas.com\/site\/#organization","name":"NOTICIASMERCEDINAS.COM","url":"https:\/\/noticiasmercedinas.com\/site\/","logo":{"@type":"ImageObject","inLanguage":"es","@id":"https:\/\/noticiasmercedinas.com\/site\/#\/schema\/logo\/image\/","url":"https:\/\/noticiasmercedinas.com\/site\/wp-content\/uploads\/2020\/06\/LOGO-512.jpg","contentUrl":"https:\/\/noticiasmercedinas.com\/site\/wp-content\/uploads\/2020\/06\/LOGO-512.jpg","width":512,"height":512,"caption":"NOTICIASMERCEDINAS.COM"},"image":{"@id":"https:\/\/noticiasmercedinas.com\/site\/#\/schema\/logo\/image\/"},"sameAs":["https:\/\/www.facebook.com\/noticiasmercedinas\/","https:\/\/x.com\/notmercedinas","https:\/\/www.instagram.com\/noticiasmercedinas\/"]},{"@type":"Person","@id":"https:\/\/noticiasmercedinas.com\/site\/#\/schema\/person\/84b59c099c28ff2e8b77d4ceec5d8063","name":"NOTICIASMERCEDINAS.COM","image":{"@type":"ImageObject","inLanguage":"es","@id":"https:\/\/secure.gravatar.com\/avatar\/4dfbf16b4d17945bfb6341b2d19043457132fcf478a5ee04f42e959fd8f5df0a?s=96&d=mm&r=g","url":"https:\/\/secure.gravatar.com\/avatar\/4dfbf16b4d17945bfb6341b2d19043457132fcf478a5ee04f42e959fd8f5df0a?s=96&d=mm&r=g","contentUrl":"https:\/\/secure.gravatar.com\/avatar\/4dfbf16b4d17945bfb6341b2d19043457132fcf478a5ee04f42e959fd8f5df0a?s=96&d=mm&r=g","caption":"NOTICIASMERCEDINAS.COM"},"url":"https:\/\/noticiasmercedinas.com\/site\/author\/anonimo\/"}]}},"amp_enabled":true,"_links":{"self":[{"href":"https:\/\/noticiasmercedinas.com\/site\/wp-json\/wp\/v2\/posts\/130101","targetHints":{"allow":["GET"]}}],"collection":[{"href":"https:\/\/noticiasmercedinas.com\/site\/wp-json\/wp\/v2\/posts"}],"about":[{"href":"https:\/\/noticiasmercedinas.com\/site\/wp-json\/wp\/v2\/types\/post"}],"author":[{"embeddable":true,"href":"https:\/\/noticiasmercedinas.com\/site\/wp-json\/wp\/v2\/users\/16"}],"replies":[{"embeddable":true,"href":"https:\/\/noticiasmercedinas.com\/site\/wp-json\/wp\/v2\/comments?post=130101"}],"version-history":[{"count":3,"href":"https:\/\/noticiasmercedinas.com\/site\/wp-json\/wp\/v2\/posts\/130101\/revisions"}],"predecessor-version":[{"id":130107,"href":"https:\/\/noticiasmercedinas.com\/site\/wp-json\/wp\/v2\/posts\/130101\/revisions\/130107"}],"wp:featuredmedia":[{"embeddable":true,"href":"https:\/\/noticiasmercedinas.com\/site\/wp-json\/wp\/v2\/media\/130103"}],"wp:attachment":[{"href":"https:\/\/noticiasmercedinas.com\/site\/wp-json\/wp\/v2\/media?parent=130101"}],"wp:term":[{"taxonomy":"category","embeddable":true,"href":"https:\/\/noticiasmercedinas.com\/site\/wp-json\/wp\/v2\/categories?post=130101"},{"taxonomy":"post_tag","embeddable":true,"href":"https:\/\/noticiasmercedinas.com\/site\/wp-json\/wp\/v2\/tags?post=130101"}],"curies":[{"name":"wp","href":"https:\/\/api.w.org\/{rel}","templated":true}]}}