{"id":130111,"date":"2024-01-29T19:41:54","date_gmt":"2024-01-29T22:41:54","guid":{"rendered":"https:\/\/noticiasmercedinas.com\/site\/?p=130111"},"modified":"2024-01-31T09:16:42","modified_gmt":"2024-01-31T12:16:42","slug":"tras-exito-total-en-las-escuelas-abiertas-de-verano-mercedes-lista-para-un-nuevo-ano-escolar","status":"publish","type":"post","link":"https:\/\/noticiasmercedinas.com\/site\/2024\/01\/29\/tras-exito-total-en-las-escuelas-abiertas-de-verano-mercedes-lista-para-un-nuevo-ano-escolar\/","title":{"rendered":"Tras \u00e9xito total en las Escuelas Abiertas de Verano, Mercedes lista para un nuevo a\u00f1o escolar"},"content":{"rendered":"<p><img loading=\"lazy\" decoding=\"async\" class=\"alignnone size-full wp-image-130112\" src=\"https:\/\/noticiasmercedinas.com\/site\/wp-content\/uploads\/2024\/01\/consejoescolar.jpg\" alt=\"\" width=\"640\" height=\"449\" srcset=\"https:\/\/noticiasmercedinas.com\/site\/wp-content\/uploads\/2024\/01\/consejoescolar.jpg 640w, https:\/\/noticiasmercedinas.com\/site\/wp-content\/uploads\/2024\/01\/consejoescolar-300x210.jpg 300w\" sizes=\"auto, (max-width: 640px) 100vw, 640px\" \/><\/p>\n<p>A pesar de las altas temperaturas y las merecidas vacaciones, el Consejo Escolar de Mercedes ha estado lejos de la inactividad durante el mes de enero. Las actividades habituales y el funcionamiento de las Escuelas Abiertas en Verano fueron la antesala para los intensos preparativos que se avecinan con miras al inicio del nuevo ciclo lectivo.<\/p>\n<p>La presidenta del Consejo Escolar, Mar\u00eda Elena Oliva Oliva, y el Secretario t\u00e9cnico del cuerpo sostuvieron un encuentro con el Director de Consejos Escolares de la Provincia. Durante esta reuni\u00f3n, <strong>se abordaron diversos temas de vital importancia, entre ellos, la asignaci\u00f3n de fondos para reparaciones, el transporte escolar, el Servicio Alimentario Escolar (SAE) y los recursos habituales destinados al buen funcionamiento de las instituciones educativas.<\/strong><\/p>\n<p>Al t\u00e9rmino de la reuni\u00f3n, la presidenta, <strong>Mar\u00eda Elena Oliva<\/strong>, expres\u00f3 su satisfacci\u00f3n: \u00abFue una reuni\u00f3n muy positiva, donde avanzamos en temas fundamentales para nuestras escuelas y, sobre todo, para organizar nuestro trabajo de cara al regreso de los docentes en febrero y al inicio de clases en marzo\u00bb.<\/p>\n<p>\u00abAunque los \u00faltimos cuatro a\u00f1os comenzamos en tiempo y forma, esperamos que la paritaria nacional docente se desarrolle sin contratiempos, para no afectar el continuo progreso que la provincia ha venido experimentando a\u00f1o tras a\u00f1o. Adem\u00e1s, nuestras escuelas siempre necesitan mantenimiento, a pesar de las inversiones realizadas. Seguimos gestionando, junto al Intendente, para que lleguen nuevas obras y programas que se sumen al esfuerzo de &#8216;Mercedes Aprende Unida'\u00bb, dijo.<\/p>\n<p>Estos \u00faltimos d\u00edas de enero marcan el cierre de las Escuelas Abiertas de Verano, con la participaci\u00f3n de m\u00e1s de 500 estudiantes, un \u00e9xito que se extendi\u00f3 por todo el partido de Mercedes.<\/p>\n<p>&nbsp;<\/p>\n<p>&nbsp;<\/p>\n","protected":false},"excerpt":{"rendered":"<p>\u25a0 El Consejo Escolar ha estado lejos de la inactividad durante enero. Ahora el cuerpo se prepara para el inicio del ciclo lectivo 2024 y hubo un encuentro con el Director de Consejos Escolares de la Provincia<\/p>\n","protected":false},"author":16,"featured_media":130112,"comment_status":"closed","ping_status":"closed","sticky":false,"template":"","format":"standard","meta":{"footnotes":""},"categories":[15755,3],"tags":[3439,267,3360,17708],"class_list":["post-130111","post","type-post","status-publish","format-standard","has-post-thumbnail","hentry","category-educacion","category-sociedad","tag-ciclo-lectivo","tag-consejo-escolar","tag-escuelas-abiertas-de-verano","tag-maria-elena-oliva"],"yoast_head":"<!-- This site is optimized with the Yoast SEO plugin v27.5 - https:\/\/yoast.com\/product\/yoast-seo-wordpress\/ -->\n<title>Tras \u00e9xito total en las Escuelas Abiertas de Verano, Mercedes lista para un nuevo a\u00f1o escolar<\/title>\n<meta name=\"robots\" content=\"index, follow, max-snippet:-1, max-image-preview:large, max-video-preview:-1\" \/>\n<link rel=\"canonical\" href=\"https:\/\/noticiasmercedinas.com\/site\/2024\/01\/29\/tras-exito-total-en-las-escuelas-abiertas-de-verano-mercedes-lista-para-un-nuevo-ano-escolar\/\" \/>\n<meta property=\"og:locale\" content=\"es_ES\" \/>\n<meta property=\"og:type\" content=\"article\" \/>\n<meta property=\"og:title\" content=\"Tras \u00e9xito total en las Escuelas Abiertas de Verano, Mercedes lista para un nuevo a\u00f1o escolar\" \/>\n<meta property=\"og:description\" content=\"\u25a0 El Consejo Escolar ha estado lejos de la inactividad durante enero. Ahora el cuerpo se prepara para el inicio del ciclo lectivo 2024 y hubo un encuentro con el Director de Consejos Escolares de la Provincia\" \/>\n<meta property=\"og:url\" content=\"https:\/\/noticiasmercedinas.com\/site\/2024\/01\/29\/tras-exito-total-en-las-escuelas-abiertas-de-verano-mercedes-lista-para-un-nuevo-ano-escolar\/\" \/>\n<meta property=\"og:site_name\" content=\"NOTICIASMERCEDINAS.COM\" \/>\n<meta property=\"article:publisher\" content=\"https:\/\/www.facebook.com\/noticiasmercedinas\/\" \/>\n<meta property=\"article:published_time\" content=\"2024-01-29T22:41:54+00:00\" \/>\n<meta property=\"article:modified_time\" content=\"2024-01-31T12:16:42+00:00\" \/>\n<meta property=\"og:image\" content=\"https:\/\/noticiasmercedinas.com\/site\/wp-content\/uploads\/2024\/01\/consejoescolar.jpg\" \/>\n\t<meta property=\"og:image:width\" content=\"640\" \/>\n\t<meta property=\"og:image:height\" content=\"449\" \/>\n\t<meta property=\"og:image:type\" content=\"image\/jpeg\" \/>\n<meta name=\"author\" content=\"NOTICIASMERCEDINAS.COM\" \/>\n<meta name=\"twitter:card\" content=\"summary_large_image\" \/>\n<meta name=\"twitter:creator\" content=\"@notmercedinas\" \/>\n<meta name=\"twitter:site\" content=\"@notmercedinas\" \/>\n<meta name=\"twitter:label1\" content=\"Escrito por\" \/>\n\t<meta name=\"twitter:data1\" content=\"NOTICIASMERCEDINAS.COM\" \/>\n\t<meta name=\"twitter:label2\" content=\"Tiempo de lectura\" \/>\n\t<meta name=\"twitter:data2\" content=\"2 minutos\" \/>\n<script type=\"application\/ld+json\" class=\"yoast-schema-graph\">{\"@context\":\"https:\\\/\\\/schema.org\",\"@graph\":[{\"@type\":\"Article\",\"@id\":\"https:\\\/\\\/noticiasmercedinas.com\\\/site\\\/2024\\\/01\\\/29\\\/tras-exito-total-en-las-escuelas-abiertas-de-verano-mercedes-lista-para-un-nuevo-ano-escolar\\\/#article\",\"isPartOf\":{\"@id\":\"https:\\\/\\\/noticiasmercedinas.com\\\/site\\\/2024\\\/01\\\/29\\\/tras-exito-total-en-las-escuelas-abiertas-de-verano-mercedes-lista-para-un-nuevo-ano-escolar\\\/\"},\"author\":{\"name\":\"NOTICIASMERCEDINAS.COM\",\"@id\":\"https:\\\/\\\/noticiasmercedinas.com\\\/site\\\/#\\\/schema\\\/person\\\/84b59c099c28ff2e8b77d4ceec5d8063\"},\"headline\":\"Tras \u00e9xito total en las Escuelas Abiertas de Verano, Mercedes lista para un nuevo a\u00f1o escolar\",\"datePublished\":\"2024-01-29T22:41:54+00:00\",\"dateModified\":\"2024-01-31T12:16:42+00:00\",\"mainEntityOfPage\":{\"@id\":\"https:\\\/\\\/noticiasmercedinas.com\\\/site\\\/2024\\\/01\\\/29\\\/tras-exito-total-en-las-escuelas-abiertas-de-verano-mercedes-lista-para-un-nuevo-ano-escolar\\\/\"},\"wordCount\":306,\"publisher\":{\"@id\":\"https:\\\/\\\/noticiasmercedinas.com\\\/site\\\/#organization\"},\"image\":{\"@id\":\"https:\\\/\\\/noticiasmercedinas.com\\\/site\\\/2024\\\/01\\\/29\\\/tras-exito-total-en-las-escuelas-abiertas-de-verano-mercedes-lista-para-un-nuevo-ano-escolar\\\/#primaryimage\"},\"thumbnailUrl\":\"https:\\\/\\\/noticiasmercedinas.com\\\/site\\\/wp-content\\\/uploads\\\/2024\\\/01\\\/consejoescolar.jpg\",\"keywords\":[\"ciclo lectivo\",\"consejo escolar\",\"escuelas abiertas de verano\",\"maria elena oliva\"],\"articleSection\":[\"Educacion\",\"Sociedad\"],\"inLanguage\":\"es\"},{\"@type\":\"WebPage\",\"@id\":\"https:\\\/\\\/noticiasmercedinas.com\\\/site\\\/2024\\\/01\\\/29\\\/tras-exito-total-en-las-escuelas-abiertas-de-verano-mercedes-lista-para-un-nuevo-ano-escolar\\\/\",\"url\":\"https:\\\/\\\/noticiasmercedinas.com\\\/site\\\/2024\\\/01\\\/29\\\/tras-exito-total-en-las-escuelas-abiertas-de-verano-mercedes-lista-para-un-nuevo-ano-escolar\\\/\",\"name\":\"Tras \u00e9xito total en las Escuelas Abiertas de Verano, Mercedes lista para un nuevo a\u00f1o escolar\",\"isPartOf\":{\"@id\":\"https:\\\/\\\/noticiasmercedinas.com\\\/site\\\/#website\"},\"primaryImageOfPage\":{\"@id\":\"https:\\\/\\\/noticiasmercedinas.com\\\/site\\\/2024\\\/01\\\/29\\\/tras-exito-total-en-las-escuelas-abiertas-de-verano-mercedes-lista-para-un-nuevo-ano-escolar\\\/#primaryimage\"},\"image\":{\"@id\":\"https:\\\/\\\/noticiasmercedinas.com\\\/site\\\/2024\\\/01\\\/29\\\/tras-exito-total-en-las-escuelas-abiertas-de-verano-mercedes-lista-para-un-nuevo-ano-escolar\\\/#primaryimage\"},\"thumbnailUrl\":\"https:\\\/\\\/noticiasmercedinas.com\\\/site\\\/wp-content\\\/uploads\\\/2024\\\/01\\\/consejoescolar.jpg\",\"datePublished\":\"2024-01-29T22:41:54+00:00\",\"dateModified\":\"2024-01-31T12:16:42+00:00\",\"breadcrumb\":{\"@id\":\"https:\\\/\\\/noticiasmercedinas.com\\\/site\\\/2024\\\/01\\\/29\\\/tras-exito-total-en-las-escuelas-abiertas-de-verano-mercedes-lista-para-un-nuevo-ano-escolar\\\/#breadcrumb\"},\"inLanguage\":\"es\",\"potentialAction\":[{\"@type\":\"ReadAction\",\"target\":[\"https:\\\/\\\/noticiasmercedinas.com\\\/site\\\/2024\\\/01\\\/29\\\/tras-exito-total-en-las-escuelas-abiertas-de-verano-mercedes-lista-para-un-nuevo-ano-escolar\\\/\"]}]},{\"@type\":\"ImageObject\",\"inLanguage\":\"es\",\"@id\":\"https:\\\/\\\/noticiasmercedinas.com\\\/site\\\/2024\\\/01\\\/29\\\/tras-exito-total-en-las-escuelas-abiertas-de-verano-mercedes-lista-para-un-nuevo-ano-escolar\\\/#primaryimage\",\"url\":\"https:\\\/\\\/noticiasmercedinas.com\\\/site\\\/wp-content\\\/uploads\\\/2024\\\/01\\\/consejoescolar.jpg\",\"contentUrl\":\"https:\\\/\\\/noticiasmercedinas.com\\\/site\\\/wp-content\\\/uploads\\\/2024\\\/01\\\/consejoescolar.jpg\",\"width\":640,\"height\":449},{\"@type\":\"BreadcrumbList\",\"@id\":\"https:\\\/\\\/noticiasmercedinas.com\\\/site\\\/2024\\\/01\\\/29\\\/tras-exito-total-en-las-escuelas-abiertas-de-verano-mercedes-lista-para-un-nuevo-ano-escolar\\\/#breadcrumb\",\"itemListElement\":[{\"@type\":\"ListItem\",\"position\":1,\"name\":\"Portada\",\"item\":\"https:\\\/\\\/noticiasmercedinas.com\\\/site\\\/\"},{\"@type\":\"ListItem\",\"position\":2,\"name\":\"Tras \u00e9xito total en las Escuelas Abiertas de Verano, Mercedes lista para un nuevo a\u00f1o escolar\"}]},{\"@type\":\"WebSite\",\"@id\":\"https:\\\/\\\/noticiasmercedinas.com\\\/site\\\/#website\",\"url\":\"https:\\\/\\\/noticiasmercedinas.com\\\/site\\\/\",\"name\":\"NOTICIASMERCEDINAS.COM\",\"description\":\"Mercedes, Buenos Aires, Argentina\",\"publisher\":{\"@id\":\"https:\\\/\\\/noticiasmercedinas.com\\\/site\\\/#organization\"},\"potentialAction\":[{\"@type\":\"SearchAction\",\"target\":{\"@type\":\"EntryPoint\",\"urlTemplate\":\"https:\\\/\\\/noticiasmercedinas.com\\\/site\\\/?s={search_term_string}\"},\"query-input\":{\"@type\":\"PropertyValueSpecification\",\"valueRequired\":true,\"valueName\":\"search_term_string\"}}],\"inLanguage\":\"es\"},{\"@type\":\"Organization\",\"@id\":\"https:\\\/\\\/noticiasmercedinas.com\\\/site\\\/#organization\",\"name\":\"NOTICIASMERCEDINAS.COM\",\"url\":\"https:\\\/\\\/noticiasmercedinas.com\\\/site\\\/\",\"logo\":{\"@type\":\"ImageObject\",\"inLanguage\":\"es\",\"@id\":\"https:\\\/\\\/noticiasmercedinas.com\\\/site\\\/#\\\/schema\\\/logo\\\/image\\\/\",\"url\":\"https:\\\/\\\/noticiasmercedinas.com\\\/site\\\/wp-content\\\/uploads\\\/2020\\\/06\\\/LOGO-512.jpg\",\"contentUrl\":\"https:\\\/\\\/noticiasmercedinas.com\\\/site\\\/wp-content\\\/uploads\\\/2020\\\/06\\\/LOGO-512.jpg\",\"width\":512,\"height\":512,\"caption\":\"NOTICIASMERCEDINAS.COM\"},\"image\":{\"@id\":\"https:\\\/\\\/noticiasmercedinas.com\\\/site\\\/#\\\/schema\\\/logo\\\/image\\\/\"},\"sameAs\":[\"https:\\\/\\\/www.facebook.com\\\/noticiasmercedinas\\\/\",\"https:\\\/\\\/x.com\\\/notmercedinas\",\"https:\\\/\\\/www.instagram.com\\\/noticiasmercedinas\\\/\"]},{\"@type\":\"Person\",\"@id\":\"https:\\\/\\\/noticiasmercedinas.com\\\/site\\\/#\\\/schema\\\/person\\\/84b59c099c28ff2e8b77d4ceec5d8063\",\"name\":\"NOTICIASMERCEDINAS.COM\",\"image\":{\"@type\":\"ImageObject\",\"inLanguage\":\"es\",\"@id\":\"https:\\\/\\\/secure.gravatar.com\\\/avatar\\\/4dfbf16b4d17945bfb6341b2d19043457132fcf478a5ee04f42e959fd8f5df0a?s=96&d=mm&r=g\",\"url\":\"https:\\\/\\\/secure.gravatar.com\\\/avatar\\\/4dfbf16b4d17945bfb6341b2d19043457132fcf478a5ee04f42e959fd8f5df0a?s=96&d=mm&r=g\",\"contentUrl\":\"https:\\\/\\\/secure.gravatar.com\\\/avatar\\\/4dfbf16b4d17945bfb6341b2d19043457132fcf478a5ee04f42e959fd8f5df0a?s=96&d=mm&r=g\",\"caption\":\"NOTICIASMERCEDINAS.COM\"},\"url\":\"https:\\\/\\\/noticiasmercedinas.com\\\/site\\\/author\\\/anonimo\\\/\"}]}<\/script>\n<!-- \/ Yoast SEO plugin. -->","yoast_head_json":{"title":"Tras \u00e9xito total en las Escuelas Abiertas de Verano, Mercedes lista para un nuevo a\u00f1o escolar","robots":{"index":"index","follow":"follow","max-snippet":"max-snippet:-1","max-image-preview":"max-image-preview:large","max-video-preview":"max-video-preview:-1"},"canonical":"https:\/\/noticiasmercedinas.com\/site\/2024\/01\/29\/tras-exito-total-en-las-escuelas-abiertas-de-verano-mercedes-lista-para-un-nuevo-ano-escolar\/","og_locale":"es_ES","og_type":"article","og_title":"Tras \u00e9xito total en las Escuelas Abiertas de Verano, Mercedes lista para un nuevo a\u00f1o escolar","og_description":"\u25a0 El Consejo Escolar ha estado lejos de la inactividad durante enero. Ahora el cuerpo se prepara para el inicio del ciclo lectivo 2024 y hubo un encuentro con el Director de Consejos Escolares de la Provincia","og_url":"https:\/\/noticiasmercedinas.com\/site\/2024\/01\/29\/tras-exito-total-en-las-escuelas-abiertas-de-verano-mercedes-lista-para-un-nuevo-ano-escolar\/","og_site_name":"NOTICIASMERCEDINAS.COM","article_publisher":"https:\/\/www.facebook.com\/noticiasmercedinas\/","article_published_time":"2024-01-29T22:41:54+00:00","article_modified_time":"2024-01-31T12:16:42+00:00","og_image":[{"width":640,"height":449,"url":"https:\/\/noticiasmercedinas.com\/site\/wp-content\/uploads\/2024\/01\/consejoescolar.jpg","type":"image\/jpeg"}],"author":"NOTICIASMERCEDINAS.COM","twitter_card":"summary_large_image","twitter_creator":"@notmercedinas","twitter_site":"@notmercedinas","twitter_misc":{"Escrito por":"NOTICIASMERCEDINAS.COM","Tiempo de lectura":"2 minutos"},"schema":{"@context":"https:\/\/schema.org","@graph":[{"@type":"Article","@id":"https:\/\/noticiasmercedinas.com\/site\/2024\/01\/29\/tras-exito-total-en-las-escuelas-abiertas-de-verano-mercedes-lista-para-un-nuevo-ano-escolar\/#article","isPartOf":{"@id":"https:\/\/noticiasmercedinas.com\/site\/2024\/01\/29\/tras-exito-total-en-las-escuelas-abiertas-de-verano-mercedes-lista-para-un-nuevo-ano-escolar\/"},"author":{"name":"NOTICIASMERCEDINAS.COM","@id":"https:\/\/noticiasmercedinas.com\/site\/#\/schema\/person\/84b59c099c28ff2e8b77d4ceec5d8063"},"headline":"Tras \u00e9xito total en las Escuelas Abiertas de Verano, Mercedes lista para un nuevo a\u00f1o escolar","datePublished":"2024-01-29T22:41:54+00:00","dateModified":"2024-01-31T12:16:42+00:00","mainEntityOfPage":{"@id":"https:\/\/noticiasmercedinas.com\/site\/2024\/01\/29\/tras-exito-total-en-las-escuelas-abiertas-de-verano-mercedes-lista-para-un-nuevo-ano-escolar\/"},"wordCount":306,"publisher":{"@id":"https:\/\/noticiasmercedinas.com\/site\/#organization"},"image":{"@id":"https:\/\/noticiasmercedinas.com\/site\/2024\/01\/29\/tras-exito-total-en-las-escuelas-abiertas-de-verano-mercedes-lista-para-un-nuevo-ano-escolar\/#primaryimage"},"thumbnailUrl":"https:\/\/noticiasmercedinas.com\/site\/wp-content\/uploads\/2024\/01\/consejoescolar.jpg","keywords":["ciclo lectivo","consejo escolar","escuelas abiertas de verano","maria elena oliva"],"articleSection":["Educacion","Sociedad"],"inLanguage":"es"},{"@type":"WebPage","@id":"https:\/\/noticiasmercedinas.com\/site\/2024\/01\/29\/tras-exito-total-en-las-escuelas-abiertas-de-verano-mercedes-lista-para-un-nuevo-ano-escolar\/","url":"https:\/\/noticiasmercedinas.com\/site\/2024\/01\/29\/tras-exito-total-en-las-escuelas-abiertas-de-verano-mercedes-lista-para-un-nuevo-ano-escolar\/","name":"Tras \u00e9xito total en las Escuelas Abiertas de Verano, Mercedes lista para un nuevo a\u00f1o escolar","isPartOf":{"@id":"https:\/\/noticiasmercedinas.com\/site\/#website"},"primaryImageOfPage":{"@id":"https:\/\/noticiasmercedinas.com\/site\/2024\/01\/29\/tras-exito-total-en-las-escuelas-abiertas-de-verano-mercedes-lista-para-un-nuevo-ano-escolar\/#primaryimage"},"image":{"@id":"https:\/\/noticiasmercedinas.com\/site\/2024\/01\/29\/tras-exito-total-en-las-escuelas-abiertas-de-verano-mercedes-lista-para-un-nuevo-ano-escolar\/#primaryimage"},"thumbnailUrl":"https:\/\/noticiasmercedinas.com\/site\/wp-content\/uploads\/2024\/01\/consejoescolar.jpg","datePublished":"2024-01-29T22:41:54+00:00","dateModified":"2024-01-31T12:16:42+00:00","breadcrumb":{"@id":"https:\/\/noticiasmercedinas.com\/site\/2024\/01\/29\/tras-exito-total-en-las-escuelas-abiertas-de-verano-mercedes-lista-para-un-nuevo-ano-escolar\/#breadcrumb"},"inLanguage":"es","potentialAction":[{"@type":"ReadAction","target":["https:\/\/noticiasmercedinas.com\/site\/2024\/01\/29\/tras-exito-total-en-las-escuelas-abiertas-de-verano-mercedes-lista-para-un-nuevo-ano-escolar\/"]}]},{"@type":"ImageObject","inLanguage":"es","@id":"https:\/\/noticiasmercedinas.com\/site\/2024\/01\/29\/tras-exito-total-en-las-escuelas-abiertas-de-verano-mercedes-lista-para-un-nuevo-ano-escolar\/#primaryimage","url":"https:\/\/noticiasmercedinas.com\/site\/wp-content\/uploads\/2024\/01\/consejoescolar.jpg","contentUrl":"https:\/\/noticiasmercedinas.com\/site\/wp-content\/uploads\/2024\/01\/consejoescolar.jpg","width":640,"height":449},{"@type":"BreadcrumbList","@id":"https:\/\/noticiasmercedinas.com\/site\/2024\/01\/29\/tras-exito-total-en-las-escuelas-abiertas-de-verano-mercedes-lista-para-un-nuevo-ano-escolar\/#breadcrumb","itemListElement":[{"@type":"ListItem","position":1,"name":"Portada","item":"https:\/\/noticiasmercedinas.com\/site\/"},{"@type":"ListItem","position":2,"name":"Tras \u00e9xito total en las Escuelas Abiertas de Verano, Mercedes lista para un nuevo a\u00f1o escolar"}]},{"@type":"WebSite","@id":"https:\/\/noticiasmercedinas.com\/site\/#website","url":"https:\/\/noticiasmercedinas.com\/site\/","name":"NOTICIASMERCEDINAS.COM","description":"Mercedes, Buenos Aires, Argentina","publisher":{"@id":"https:\/\/noticiasmercedinas.com\/site\/#organization"},"potentialAction":[{"@type":"SearchAction","target":{"@type":"EntryPoint","urlTemplate":"https:\/\/noticiasmercedinas.com\/site\/?s={search_term_string}"},"query-input":{"@type":"PropertyValueSpecification","valueRequired":true,"valueName":"search_term_string"}}],"inLanguage":"es"},{"@type":"Organization","@id":"https:\/\/noticiasmercedinas.com\/site\/#organization","name":"NOTICIASMERCEDINAS.COM","url":"https:\/\/noticiasmercedinas.com\/site\/","logo":{"@type":"ImageObject","inLanguage":"es","@id":"https:\/\/noticiasmercedinas.com\/site\/#\/schema\/logo\/image\/","url":"https:\/\/noticiasmercedinas.com\/site\/wp-content\/uploads\/2020\/06\/LOGO-512.jpg","contentUrl":"https:\/\/noticiasmercedinas.com\/site\/wp-content\/uploads\/2020\/06\/LOGO-512.jpg","width":512,"height":512,"caption":"NOTICIASMERCEDINAS.COM"},"image":{"@id":"https:\/\/noticiasmercedinas.com\/site\/#\/schema\/logo\/image\/"},"sameAs":["https:\/\/www.facebook.com\/noticiasmercedinas\/","https:\/\/x.com\/notmercedinas","https:\/\/www.instagram.com\/noticiasmercedinas\/"]},{"@type":"Person","@id":"https:\/\/noticiasmercedinas.com\/site\/#\/schema\/person\/84b59c099c28ff2e8b77d4ceec5d8063","name":"NOTICIASMERCEDINAS.COM","image":{"@type":"ImageObject","inLanguage":"es","@id":"https:\/\/secure.gravatar.com\/avatar\/4dfbf16b4d17945bfb6341b2d19043457132fcf478a5ee04f42e959fd8f5df0a?s=96&d=mm&r=g","url":"https:\/\/secure.gravatar.com\/avatar\/4dfbf16b4d17945bfb6341b2d19043457132fcf478a5ee04f42e959fd8f5df0a?s=96&d=mm&r=g","contentUrl":"https:\/\/secure.gravatar.com\/avatar\/4dfbf16b4d17945bfb6341b2d19043457132fcf478a5ee04f42e959fd8f5df0a?s=96&d=mm&r=g","caption":"NOTICIASMERCEDINAS.COM"},"url":"https:\/\/noticiasmercedinas.com\/site\/author\/anonimo\/"}]}},"amp_enabled":true,"_links":{"self":[{"href":"https:\/\/noticiasmercedinas.com\/site\/wp-json\/wp\/v2\/posts\/130111","targetHints":{"allow":["GET"]}}],"collection":[{"href":"https:\/\/noticiasmercedinas.com\/site\/wp-json\/wp\/v2\/posts"}],"about":[{"href":"https:\/\/noticiasmercedinas.com\/site\/wp-json\/wp\/v2\/types\/post"}],"author":[{"embeddable":true,"href":"https:\/\/noticiasmercedinas.com\/site\/wp-json\/wp\/v2\/users\/16"}],"replies":[{"embeddable":true,"href":"https:\/\/noticiasmercedinas.com\/site\/wp-json\/wp\/v2\/comments?post=130111"}],"version-history":[{"count":2,"href":"https:\/\/noticiasmercedinas.com\/site\/wp-json\/wp\/v2\/posts\/130111\/revisions"}],"predecessor-version":[{"id":130155,"href":"https:\/\/noticiasmercedinas.com\/site\/wp-json\/wp\/v2\/posts\/130111\/revisions\/130155"}],"wp:featuredmedia":[{"embeddable":true,"href":"https:\/\/noticiasmercedinas.com\/site\/wp-json\/wp\/v2\/media\/130112"}],"wp:attachment":[{"href":"https:\/\/noticiasmercedinas.com\/site\/wp-json\/wp\/v2\/media?parent=130111"}],"wp:term":[{"taxonomy":"category","embeddable":true,"href":"https:\/\/noticiasmercedinas.com\/site\/wp-json\/wp\/v2\/categories?post=130111"},{"taxonomy":"post_tag","embeddable":true,"href":"https:\/\/noticiasmercedinas.com\/site\/wp-json\/wp\/v2\/tags?post=130111"}],"curies":[{"name":"wp","href":"https:\/\/api.w.org\/{rel}","templated":true}]}}