{"id":130123,"date":"2024-01-30T09:48:07","date_gmt":"2024-01-30T12:48:07","guid":{"rendered":"https:\/\/noticiasmercedinas.com\/site\/?p=130123"},"modified":"2024-01-30T09:48:07","modified_gmt":"2024-01-30T12:48:07","slug":"se-reunen-autoridades-locales-y-funcionarios-del-ministerio-de-infraestructura-y-servicios-publicos-provincial","status":"publish","type":"post","link":"https:\/\/noticiasmercedinas.com\/site\/2024\/01\/30\/se-reunen-autoridades-locales-y-funcionarios-del-ministerio-de-infraestructura-y-servicios-publicos-provincial\/","title":{"rendered":"Se re\u00fanen autoridades locales y funcionarios del Ministerio de Infraestructura y Servicios P\u00fablicos Provincial"},"content":{"rendered":"<p><img loading=\"lazy\" decoding=\"async\" class=\"alignnone size-large wp-image-130124\" src=\"https:\/\/noticiasmercedinas.com\/site\/wp-content\/uploads\/2024\/01\/WhatsApp-Image-2024-01-28-at-19.13.471-1024x682.jpeg\" alt=\"\" width=\"640\" height=\"426\" srcset=\"https:\/\/noticiasmercedinas.com\/site\/wp-content\/uploads\/2024\/01\/WhatsApp-Image-2024-01-28-at-19.13.471-1024x682.jpeg 1024w, https:\/\/noticiasmercedinas.com\/site\/wp-content\/uploads\/2024\/01\/WhatsApp-Image-2024-01-28-at-19.13.471-300x200.jpeg 300w, https:\/\/noticiasmercedinas.com\/site\/wp-content\/uploads\/2024\/01\/WhatsApp-Image-2024-01-28-at-19.13.471-768x512.jpeg 768w, https:\/\/noticiasmercedinas.com\/site\/wp-content\/uploads\/2024\/01\/WhatsApp-Image-2024-01-28-at-19.13.471-640x427.jpeg 640w, https:\/\/noticiasmercedinas.com\/site\/wp-content\/uploads\/2024\/01\/WhatsApp-Image-2024-01-28-at-19.13.471-1280x853.jpeg 1280w, https:\/\/noticiasmercedinas.com\/site\/wp-content\/uploads\/2024\/01\/WhatsApp-Image-2024-01-28-at-19.13.471-681x454.jpeg 681w, https:\/\/noticiasmercedinas.com\/site\/wp-content\/uploads\/2024\/01\/WhatsApp-Image-2024-01-28-at-19.13.471.jpeg 1319w\" sizes=\"auto, (max-width: 640px) 100vw, 640px\" \/><\/p>\n<p>En una jornada de trabajo intensiva, Mariana San Mart\u00edn, intendenta interina de Mercedes, recibi\u00f3 en el Palacio Municipal a destacados representantes del Ministerio de Infraestructura y Servicios P\u00fablicos de la Provincia de Buenos Aires, encabezados por Gabriel Katopodis. El encuentro tuvo como objetivo principal la planificaci\u00f3n estrat\u00e9gica para el a\u00f1o en curso y la continuaci\u00f3n de proyectos conjuntos destinados a mejorar la infraestructura en las ciudades bonaerenses.<\/p>\n<p>La decisi\u00f3n del gobernador Axel Kicillof de avanzar en obras de infraestructura en toda la provincia fue el punto de partida para esta reuni\u00f3n, donde se abordaron los detalles espec\u00edficos de las iniciativas que se llevar\u00e1n a cabo en Mercedes.<\/p>\n<blockquote><p>La intendenta interina expres\u00f3 su agradecimiento al gobernador Kicillof, al ministro Katopodis y a los equipos t\u00e9cnicos de la provincia por su constante apoyo y presencia en la planificaci\u00f3n y ejecuci\u00f3n de obras.<\/p><\/blockquote>\n<p>La intendenta interina expres\u00f3 su agradecimiento al gobernador Kicillof, al ministro Katopodis y a los equipos t\u00e9cnicos de la provincia por su constante apoyo y presencia en la planificaci\u00f3n y ejecuci\u00f3n de obras. \u00abEstamos muy agradecidos por el trabajo territorial sumamente valioso, de cercan\u00eda y por constatar la realidad de cada pueblo\u00bb, destac\u00f3 Mariana San Mart\u00edn.<\/p>\n<p>La delegaci\u00f3n proveniente de La Plata estuvo liderada por Juan Pedro Passoni, y se sumaron a la discusi\u00f3n Clara Zunino, Secretaria de Gobierno, Emanuel P\u00e9rez Carrera, Secretario de Obras, y Mariana Bergerot, Subsecretaria, representando a la comuna de Mercedes.<\/p>\n<p>En el transcurso de la reuni\u00f3n, se abordaron diversos aspectos relacionados con la planificaci\u00f3n, la situaci\u00f3n econ\u00f3mica, las necesidades locales y los proyectos en desarrollo. P\u00e9rez Carrera subray\u00f3 la importancia de la predisposici\u00f3n y el acompa\u00f1amiento constante de la Provincia, destacando el impulso de las decisiones del gobernador en la ciudad de Mercedes.<\/p>\n<p>La jornada de trabajo, que se extendi\u00f3 por varias horas, propici\u00f3 un fluido intercambio de ideas y la consolidaci\u00f3n de un compromiso conjunto para el desarrollo y progreso de la infraestructura en la regi\u00f3n.<\/p>\n<p>Con esta reuni\u00f3n, se fortalece la colaboraci\u00f3n entre el gobierno local y provincial, consolidando un esfuerzo coordinado para mejorar la calidad de vida de los ciudadanos de Mercedes.<\/p>\n<p><img loading=\"lazy\" decoding=\"async\" class=\"alignnone size-large wp-image-130125\" src=\"https:\/\/noticiasmercedinas.com\/site\/wp-content\/uploads\/2024\/01\/WhatsApp-Image-2024-01-28-at-19.13.47-1024x682.jpeg\" alt=\"\" width=\"640\" height=\"426\" srcset=\"https:\/\/noticiasmercedinas.com\/site\/wp-content\/uploads\/2024\/01\/WhatsApp-Image-2024-01-28-at-19.13.47-1024x682.jpeg 1024w, https:\/\/noticiasmercedinas.com\/site\/wp-content\/uploads\/2024\/01\/WhatsApp-Image-2024-01-28-at-19.13.47-300x200.jpeg 300w, https:\/\/noticiasmercedinas.com\/site\/wp-content\/uploads\/2024\/01\/WhatsApp-Image-2024-01-28-at-19.13.47-768x512.jpeg 768w, https:\/\/noticiasmercedinas.com\/site\/wp-content\/uploads\/2024\/01\/WhatsApp-Image-2024-01-28-at-19.13.47-640x427.jpeg 640w, https:\/\/noticiasmercedinas.com\/site\/wp-content\/uploads\/2024\/01\/WhatsApp-Image-2024-01-28-at-19.13.47-1280x853.jpeg 1280w, https:\/\/noticiasmercedinas.com\/site\/wp-content\/uploads\/2024\/01\/WhatsApp-Image-2024-01-28-at-19.13.47-681x454.jpeg 681w, https:\/\/noticiasmercedinas.com\/site\/wp-content\/uploads\/2024\/01\/WhatsApp-Image-2024-01-28-at-19.13.47.jpeg 1319w\" sizes=\"auto, (max-width: 640px) 100vw, 640px\" \/><\/p>\n","protected":false},"excerpt":{"rendered":"<p>\u25a0 Se abordaron diversos aspectos relacionados con la planificaci\u00f3n, la situaci\u00f3n econ\u00f3mica, las necesidades locales y los proyectos en desarrollo.<\/p>\n","protected":false},"author":16,"featured_media":130124,"comment_status":"closed","ping_status":"closed","sticky":false,"template":"","format":"standard","meta":{"footnotes":""},"categories":[16],"tags":[5297,5728,17853,36],"class_list":["post-130123","post","type-post","status-publish","format-standard","has-post-thumbnail","hentry","category-politica","tag-axel-kicillof","tag-gabriel-katopodis","tag-infraestructura-y-servicios-publicos","tag-obras"],"yoast_head":"<!-- This site is optimized with the Yoast SEO plugin v27.4 - https:\/\/yoast.com\/product\/yoast-seo-wordpress\/ -->\n<title>Se re\u00fanen autoridades locales y funcionarios del Ministerio de Infraestructura y Servicios P\u00fablicos Provincial<\/title>\n<meta name=\"robots\" content=\"index, follow, max-snippet:-1, max-image-preview:large, max-video-preview:-1\" \/>\n<link rel=\"canonical\" href=\"https:\/\/noticiasmercedinas.com\/site\/2024\/01\/30\/se-reunen-autoridades-locales-y-funcionarios-del-ministerio-de-infraestructura-y-servicios-publicos-provincial\/\" \/>\n<meta property=\"og:locale\" content=\"es_ES\" \/>\n<meta property=\"og:type\" content=\"article\" \/>\n<meta property=\"og:title\" content=\"Se re\u00fanen autoridades locales y funcionarios del Ministerio de Infraestructura y Servicios P\u00fablicos Provincial\" \/>\n<meta property=\"og:description\" content=\"\u25a0 Se abordaron diversos aspectos relacionados con la planificaci\u00f3n, la situaci\u00f3n econ\u00f3mica, las necesidades locales y los proyectos en desarrollo.\" \/>\n<meta property=\"og:url\" content=\"https:\/\/noticiasmercedinas.com\/site\/2024\/01\/30\/se-reunen-autoridades-locales-y-funcionarios-del-ministerio-de-infraestructura-y-servicios-publicos-provincial\/\" \/>\n<meta property=\"og:site_name\" content=\"NOTICIASMERCEDINAS.COM\" \/>\n<meta property=\"article:publisher\" content=\"https:\/\/www.facebook.com\/noticiasmercedinas\/\" \/>\n<meta property=\"article:published_time\" content=\"2024-01-30T12:48:07+00:00\" \/>\n<meta property=\"og:image\" content=\"https:\/\/noticiasmercedinas.com\/site\/wp-content\/uploads\/2024\/01\/WhatsApp-Image-2024-01-28-at-19.13.471.jpeg\" \/>\n\t<meta property=\"og:image:width\" content=\"1319\" \/>\n\t<meta property=\"og:image:height\" content=\"879\" \/>\n\t<meta property=\"og:image:type\" content=\"image\/jpeg\" \/>\n<meta name=\"author\" content=\"NOTICIASMERCEDINAS.COM\" \/>\n<meta name=\"twitter:card\" content=\"summary_large_image\" \/>\n<meta name=\"twitter:creator\" content=\"@notmercedinas\" \/>\n<meta name=\"twitter:site\" content=\"@notmercedinas\" \/>\n<meta name=\"twitter:label1\" content=\"Escrito por\" \/>\n\t<meta name=\"twitter:data1\" content=\"NOTICIASMERCEDINAS.COM\" \/>\n\t<meta name=\"twitter:label2\" content=\"Tiempo de lectura\" \/>\n\t<meta name=\"twitter:data2\" content=\"3 minutos\" \/>\n<script type=\"application\/ld+json\" class=\"yoast-schema-graph\">{\"@context\":\"https:\\\/\\\/schema.org\",\"@graph\":[{\"@type\":\"Article\",\"@id\":\"https:\\\/\\\/noticiasmercedinas.com\\\/site\\\/2024\\\/01\\\/30\\\/se-reunen-autoridades-locales-y-funcionarios-del-ministerio-de-infraestructura-y-servicios-publicos-provincial\\\/#article\",\"isPartOf\":{\"@id\":\"https:\\\/\\\/noticiasmercedinas.com\\\/site\\\/2024\\\/01\\\/30\\\/se-reunen-autoridades-locales-y-funcionarios-del-ministerio-de-infraestructura-y-servicios-publicos-provincial\\\/\"},\"author\":{\"name\":\"NOTICIASMERCEDINAS.COM\",\"@id\":\"https:\\\/\\\/noticiasmercedinas.com\\\/site\\\/#\\\/schema\\\/person\\\/84b59c099c28ff2e8b77d4ceec5d8063\"},\"headline\":\"Se re\u00fanen autoridades locales y funcionarios del Ministerio de Infraestructura y Servicios P\u00fablicos Provincial\",\"datePublished\":\"2024-01-30T12:48:07+00:00\",\"mainEntityOfPage\":{\"@id\":\"https:\\\/\\\/noticiasmercedinas.com\\\/site\\\/2024\\\/01\\\/30\\\/se-reunen-autoridades-locales-y-funcionarios-del-ministerio-de-infraestructura-y-servicios-publicos-provincial\\\/\"},\"wordCount\":398,\"publisher\":{\"@id\":\"https:\\\/\\\/noticiasmercedinas.com\\\/site\\\/#organization\"},\"image\":{\"@id\":\"https:\\\/\\\/noticiasmercedinas.com\\\/site\\\/2024\\\/01\\\/30\\\/se-reunen-autoridades-locales-y-funcionarios-del-ministerio-de-infraestructura-y-servicios-publicos-provincial\\\/#primaryimage\"},\"thumbnailUrl\":\"https:\\\/\\\/noticiasmercedinas.com\\\/site\\\/wp-content\\\/uploads\\\/2024\\\/01\\\/WhatsApp-Image-2024-01-28-at-19.13.471.jpeg\",\"keywords\":[\"axel kicillof\",\"Gabriel katopodis\",\"Infraestructura y Servicios P\u00fablicos\",\"obras\"],\"articleSection\":[\"Politica\"],\"inLanguage\":\"es\"},{\"@type\":\"WebPage\",\"@id\":\"https:\\\/\\\/noticiasmercedinas.com\\\/site\\\/2024\\\/01\\\/30\\\/se-reunen-autoridades-locales-y-funcionarios-del-ministerio-de-infraestructura-y-servicios-publicos-provincial\\\/\",\"url\":\"https:\\\/\\\/noticiasmercedinas.com\\\/site\\\/2024\\\/01\\\/30\\\/se-reunen-autoridades-locales-y-funcionarios-del-ministerio-de-infraestructura-y-servicios-publicos-provincial\\\/\",\"name\":\"Se re\u00fanen autoridades locales y funcionarios del Ministerio de Infraestructura y Servicios P\u00fablicos Provincial\",\"isPartOf\":{\"@id\":\"https:\\\/\\\/noticiasmercedinas.com\\\/site\\\/#website\"},\"primaryImageOfPage\":{\"@id\":\"https:\\\/\\\/noticiasmercedinas.com\\\/site\\\/2024\\\/01\\\/30\\\/se-reunen-autoridades-locales-y-funcionarios-del-ministerio-de-infraestructura-y-servicios-publicos-provincial\\\/#primaryimage\"},\"image\":{\"@id\":\"https:\\\/\\\/noticiasmercedinas.com\\\/site\\\/2024\\\/01\\\/30\\\/se-reunen-autoridades-locales-y-funcionarios-del-ministerio-de-infraestructura-y-servicios-publicos-provincial\\\/#primaryimage\"},\"thumbnailUrl\":\"https:\\\/\\\/noticiasmercedinas.com\\\/site\\\/wp-content\\\/uploads\\\/2024\\\/01\\\/WhatsApp-Image-2024-01-28-at-19.13.471.jpeg\",\"datePublished\":\"2024-01-30T12:48:07+00:00\",\"breadcrumb\":{\"@id\":\"https:\\\/\\\/noticiasmercedinas.com\\\/site\\\/2024\\\/01\\\/30\\\/se-reunen-autoridades-locales-y-funcionarios-del-ministerio-de-infraestructura-y-servicios-publicos-provincial\\\/#breadcrumb\"},\"inLanguage\":\"es\",\"potentialAction\":[{\"@type\":\"ReadAction\",\"target\":[\"https:\\\/\\\/noticiasmercedinas.com\\\/site\\\/2024\\\/01\\\/30\\\/se-reunen-autoridades-locales-y-funcionarios-del-ministerio-de-infraestructura-y-servicios-publicos-provincial\\\/\"]}]},{\"@type\":\"ImageObject\",\"inLanguage\":\"es\",\"@id\":\"https:\\\/\\\/noticiasmercedinas.com\\\/site\\\/2024\\\/01\\\/30\\\/se-reunen-autoridades-locales-y-funcionarios-del-ministerio-de-infraestructura-y-servicios-publicos-provincial\\\/#primaryimage\",\"url\":\"https:\\\/\\\/noticiasmercedinas.com\\\/site\\\/wp-content\\\/uploads\\\/2024\\\/01\\\/WhatsApp-Image-2024-01-28-at-19.13.471.jpeg\",\"contentUrl\":\"https:\\\/\\\/noticiasmercedinas.com\\\/site\\\/wp-content\\\/uploads\\\/2024\\\/01\\\/WhatsApp-Image-2024-01-28-at-19.13.471.jpeg\",\"width\":1319,\"height\":879},{\"@type\":\"BreadcrumbList\",\"@id\":\"https:\\\/\\\/noticiasmercedinas.com\\\/site\\\/2024\\\/01\\\/30\\\/se-reunen-autoridades-locales-y-funcionarios-del-ministerio-de-infraestructura-y-servicios-publicos-provincial\\\/#breadcrumb\",\"itemListElement\":[{\"@type\":\"ListItem\",\"position\":1,\"name\":\"Portada\",\"item\":\"https:\\\/\\\/noticiasmercedinas.com\\\/site\\\/\"},{\"@type\":\"ListItem\",\"position\":2,\"name\":\"Se re\u00fanen autoridades locales y funcionarios del Ministerio de Infraestructura y Servicios P\u00fablicos Provincial\"}]},{\"@type\":\"WebSite\",\"@id\":\"https:\\\/\\\/noticiasmercedinas.com\\\/site\\\/#website\",\"url\":\"https:\\\/\\\/noticiasmercedinas.com\\\/site\\\/\",\"name\":\"NOTICIASMERCEDINAS.COM\",\"description\":\"Mercedes, Buenos Aires, Argentina\",\"publisher\":{\"@id\":\"https:\\\/\\\/noticiasmercedinas.com\\\/site\\\/#organization\"},\"potentialAction\":[{\"@type\":\"SearchAction\",\"target\":{\"@type\":\"EntryPoint\",\"urlTemplate\":\"https:\\\/\\\/noticiasmercedinas.com\\\/site\\\/?s={search_term_string}\"},\"query-input\":{\"@type\":\"PropertyValueSpecification\",\"valueRequired\":true,\"valueName\":\"search_term_string\"}}],\"inLanguage\":\"es\"},{\"@type\":\"Organization\",\"@id\":\"https:\\\/\\\/noticiasmercedinas.com\\\/site\\\/#organization\",\"name\":\"NOTICIASMERCEDINAS.COM\",\"url\":\"https:\\\/\\\/noticiasmercedinas.com\\\/site\\\/\",\"logo\":{\"@type\":\"ImageObject\",\"inLanguage\":\"es\",\"@id\":\"https:\\\/\\\/noticiasmercedinas.com\\\/site\\\/#\\\/schema\\\/logo\\\/image\\\/\",\"url\":\"https:\\\/\\\/noticiasmercedinas.com\\\/site\\\/wp-content\\\/uploads\\\/2020\\\/06\\\/LOGO-512.jpg\",\"contentUrl\":\"https:\\\/\\\/noticiasmercedinas.com\\\/site\\\/wp-content\\\/uploads\\\/2020\\\/06\\\/LOGO-512.jpg\",\"width\":512,\"height\":512,\"caption\":\"NOTICIASMERCEDINAS.COM\"},\"image\":{\"@id\":\"https:\\\/\\\/noticiasmercedinas.com\\\/site\\\/#\\\/schema\\\/logo\\\/image\\\/\"},\"sameAs\":[\"https:\\\/\\\/www.facebook.com\\\/noticiasmercedinas\\\/\",\"https:\\\/\\\/x.com\\\/notmercedinas\",\"https:\\\/\\\/www.instagram.com\\\/noticiasmercedinas\\\/\"]},{\"@type\":\"Person\",\"@id\":\"https:\\\/\\\/noticiasmercedinas.com\\\/site\\\/#\\\/schema\\\/person\\\/84b59c099c28ff2e8b77d4ceec5d8063\",\"name\":\"NOTICIASMERCEDINAS.COM\",\"image\":{\"@type\":\"ImageObject\",\"inLanguage\":\"es\",\"@id\":\"https:\\\/\\\/secure.gravatar.com\\\/avatar\\\/4dfbf16b4d17945bfb6341b2d19043457132fcf478a5ee04f42e959fd8f5df0a?s=96&d=mm&r=g\",\"url\":\"https:\\\/\\\/secure.gravatar.com\\\/avatar\\\/4dfbf16b4d17945bfb6341b2d19043457132fcf478a5ee04f42e959fd8f5df0a?s=96&d=mm&r=g\",\"contentUrl\":\"https:\\\/\\\/secure.gravatar.com\\\/avatar\\\/4dfbf16b4d17945bfb6341b2d19043457132fcf478a5ee04f42e959fd8f5df0a?s=96&d=mm&r=g\",\"caption\":\"NOTICIASMERCEDINAS.COM\"},\"url\":\"https:\\\/\\\/noticiasmercedinas.com\\\/site\\\/author\\\/anonimo\\\/\"}]}<\/script>\n<!-- \/ Yoast SEO plugin. -->","yoast_head_json":{"title":"Se re\u00fanen autoridades locales y funcionarios del Ministerio de Infraestructura y Servicios P\u00fablicos Provincial","robots":{"index":"index","follow":"follow","max-snippet":"max-snippet:-1","max-image-preview":"max-image-preview:large","max-video-preview":"max-video-preview:-1"},"canonical":"https:\/\/noticiasmercedinas.com\/site\/2024\/01\/30\/se-reunen-autoridades-locales-y-funcionarios-del-ministerio-de-infraestructura-y-servicios-publicos-provincial\/","og_locale":"es_ES","og_type":"article","og_title":"Se re\u00fanen autoridades locales y funcionarios del Ministerio de Infraestructura y Servicios P\u00fablicos Provincial","og_description":"\u25a0 Se abordaron diversos aspectos relacionados con la planificaci\u00f3n, la situaci\u00f3n econ\u00f3mica, las necesidades locales y los proyectos en desarrollo.","og_url":"https:\/\/noticiasmercedinas.com\/site\/2024\/01\/30\/se-reunen-autoridades-locales-y-funcionarios-del-ministerio-de-infraestructura-y-servicios-publicos-provincial\/","og_site_name":"NOTICIASMERCEDINAS.COM","article_publisher":"https:\/\/www.facebook.com\/noticiasmercedinas\/","article_published_time":"2024-01-30T12:48:07+00:00","og_image":[{"width":1319,"height":879,"url":"https:\/\/noticiasmercedinas.com\/site\/wp-content\/uploads\/2024\/01\/WhatsApp-Image-2024-01-28-at-19.13.471.jpeg","type":"image\/jpeg"}],"author":"NOTICIASMERCEDINAS.COM","twitter_card":"summary_large_image","twitter_creator":"@notmercedinas","twitter_site":"@notmercedinas","twitter_misc":{"Escrito por":"NOTICIASMERCEDINAS.COM","Tiempo de lectura":"3 minutos"},"schema":{"@context":"https:\/\/schema.org","@graph":[{"@type":"Article","@id":"https:\/\/noticiasmercedinas.com\/site\/2024\/01\/30\/se-reunen-autoridades-locales-y-funcionarios-del-ministerio-de-infraestructura-y-servicios-publicos-provincial\/#article","isPartOf":{"@id":"https:\/\/noticiasmercedinas.com\/site\/2024\/01\/30\/se-reunen-autoridades-locales-y-funcionarios-del-ministerio-de-infraestructura-y-servicios-publicos-provincial\/"},"author":{"name":"NOTICIASMERCEDINAS.COM","@id":"https:\/\/noticiasmercedinas.com\/site\/#\/schema\/person\/84b59c099c28ff2e8b77d4ceec5d8063"},"headline":"Se re\u00fanen autoridades locales y funcionarios del Ministerio de Infraestructura y Servicios P\u00fablicos Provincial","datePublished":"2024-01-30T12:48:07+00:00","mainEntityOfPage":{"@id":"https:\/\/noticiasmercedinas.com\/site\/2024\/01\/30\/se-reunen-autoridades-locales-y-funcionarios-del-ministerio-de-infraestructura-y-servicios-publicos-provincial\/"},"wordCount":398,"publisher":{"@id":"https:\/\/noticiasmercedinas.com\/site\/#organization"},"image":{"@id":"https:\/\/noticiasmercedinas.com\/site\/2024\/01\/30\/se-reunen-autoridades-locales-y-funcionarios-del-ministerio-de-infraestructura-y-servicios-publicos-provincial\/#primaryimage"},"thumbnailUrl":"https:\/\/noticiasmercedinas.com\/site\/wp-content\/uploads\/2024\/01\/WhatsApp-Image-2024-01-28-at-19.13.471.jpeg","keywords":["axel kicillof","Gabriel katopodis","Infraestructura y Servicios P\u00fablicos","obras"],"articleSection":["Politica"],"inLanguage":"es"},{"@type":"WebPage","@id":"https:\/\/noticiasmercedinas.com\/site\/2024\/01\/30\/se-reunen-autoridades-locales-y-funcionarios-del-ministerio-de-infraestructura-y-servicios-publicos-provincial\/","url":"https:\/\/noticiasmercedinas.com\/site\/2024\/01\/30\/se-reunen-autoridades-locales-y-funcionarios-del-ministerio-de-infraestructura-y-servicios-publicos-provincial\/","name":"Se re\u00fanen autoridades locales y funcionarios del Ministerio de Infraestructura y Servicios P\u00fablicos Provincial","isPartOf":{"@id":"https:\/\/noticiasmercedinas.com\/site\/#website"},"primaryImageOfPage":{"@id":"https:\/\/noticiasmercedinas.com\/site\/2024\/01\/30\/se-reunen-autoridades-locales-y-funcionarios-del-ministerio-de-infraestructura-y-servicios-publicos-provincial\/#primaryimage"},"image":{"@id":"https:\/\/noticiasmercedinas.com\/site\/2024\/01\/30\/se-reunen-autoridades-locales-y-funcionarios-del-ministerio-de-infraestructura-y-servicios-publicos-provincial\/#primaryimage"},"thumbnailUrl":"https:\/\/noticiasmercedinas.com\/site\/wp-content\/uploads\/2024\/01\/WhatsApp-Image-2024-01-28-at-19.13.471.jpeg","datePublished":"2024-01-30T12:48:07+00:00","breadcrumb":{"@id":"https:\/\/noticiasmercedinas.com\/site\/2024\/01\/30\/se-reunen-autoridades-locales-y-funcionarios-del-ministerio-de-infraestructura-y-servicios-publicos-provincial\/#breadcrumb"},"inLanguage":"es","potentialAction":[{"@type":"ReadAction","target":["https:\/\/noticiasmercedinas.com\/site\/2024\/01\/30\/se-reunen-autoridades-locales-y-funcionarios-del-ministerio-de-infraestructura-y-servicios-publicos-provincial\/"]}]},{"@type":"ImageObject","inLanguage":"es","@id":"https:\/\/noticiasmercedinas.com\/site\/2024\/01\/30\/se-reunen-autoridades-locales-y-funcionarios-del-ministerio-de-infraestructura-y-servicios-publicos-provincial\/#primaryimage","url":"https:\/\/noticiasmercedinas.com\/site\/wp-content\/uploads\/2024\/01\/WhatsApp-Image-2024-01-28-at-19.13.471.jpeg","contentUrl":"https:\/\/noticiasmercedinas.com\/site\/wp-content\/uploads\/2024\/01\/WhatsApp-Image-2024-01-28-at-19.13.471.jpeg","width":1319,"height":879},{"@type":"BreadcrumbList","@id":"https:\/\/noticiasmercedinas.com\/site\/2024\/01\/30\/se-reunen-autoridades-locales-y-funcionarios-del-ministerio-de-infraestructura-y-servicios-publicos-provincial\/#breadcrumb","itemListElement":[{"@type":"ListItem","position":1,"name":"Portada","item":"https:\/\/noticiasmercedinas.com\/site\/"},{"@type":"ListItem","position":2,"name":"Se re\u00fanen autoridades locales y funcionarios del Ministerio de Infraestructura y Servicios P\u00fablicos Provincial"}]},{"@type":"WebSite","@id":"https:\/\/noticiasmercedinas.com\/site\/#website","url":"https:\/\/noticiasmercedinas.com\/site\/","name":"NOTICIASMERCEDINAS.COM","description":"Mercedes, Buenos Aires, Argentina","publisher":{"@id":"https:\/\/noticiasmercedinas.com\/site\/#organization"},"potentialAction":[{"@type":"SearchAction","target":{"@type":"EntryPoint","urlTemplate":"https:\/\/noticiasmercedinas.com\/site\/?s={search_term_string}"},"query-input":{"@type":"PropertyValueSpecification","valueRequired":true,"valueName":"search_term_string"}}],"inLanguage":"es"},{"@type":"Organization","@id":"https:\/\/noticiasmercedinas.com\/site\/#organization","name":"NOTICIASMERCEDINAS.COM","url":"https:\/\/noticiasmercedinas.com\/site\/","logo":{"@type":"ImageObject","inLanguage":"es","@id":"https:\/\/noticiasmercedinas.com\/site\/#\/schema\/logo\/image\/","url":"https:\/\/noticiasmercedinas.com\/site\/wp-content\/uploads\/2020\/06\/LOGO-512.jpg","contentUrl":"https:\/\/noticiasmercedinas.com\/site\/wp-content\/uploads\/2020\/06\/LOGO-512.jpg","width":512,"height":512,"caption":"NOTICIASMERCEDINAS.COM"},"image":{"@id":"https:\/\/noticiasmercedinas.com\/site\/#\/schema\/logo\/image\/"},"sameAs":["https:\/\/www.facebook.com\/noticiasmercedinas\/","https:\/\/x.com\/notmercedinas","https:\/\/www.instagram.com\/noticiasmercedinas\/"]},{"@type":"Person","@id":"https:\/\/noticiasmercedinas.com\/site\/#\/schema\/person\/84b59c099c28ff2e8b77d4ceec5d8063","name":"NOTICIASMERCEDINAS.COM","image":{"@type":"ImageObject","inLanguage":"es","@id":"https:\/\/secure.gravatar.com\/avatar\/4dfbf16b4d17945bfb6341b2d19043457132fcf478a5ee04f42e959fd8f5df0a?s=96&d=mm&r=g","url":"https:\/\/secure.gravatar.com\/avatar\/4dfbf16b4d17945bfb6341b2d19043457132fcf478a5ee04f42e959fd8f5df0a?s=96&d=mm&r=g","contentUrl":"https:\/\/secure.gravatar.com\/avatar\/4dfbf16b4d17945bfb6341b2d19043457132fcf478a5ee04f42e959fd8f5df0a?s=96&d=mm&r=g","caption":"NOTICIASMERCEDINAS.COM"},"url":"https:\/\/noticiasmercedinas.com\/site\/author\/anonimo\/"}]}},"amp_enabled":true,"_links":{"self":[{"href":"https:\/\/noticiasmercedinas.com\/site\/wp-json\/wp\/v2\/posts\/130123","targetHints":{"allow":["GET"]}}],"collection":[{"href":"https:\/\/noticiasmercedinas.com\/site\/wp-json\/wp\/v2\/posts"}],"about":[{"href":"https:\/\/noticiasmercedinas.com\/site\/wp-json\/wp\/v2\/types\/post"}],"author":[{"embeddable":true,"href":"https:\/\/noticiasmercedinas.com\/site\/wp-json\/wp\/v2\/users\/16"}],"replies":[{"embeddable":true,"href":"https:\/\/noticiasmercedinas.com\/site\/wp-json\/wp\/v2\/comments?post=130123"}],"version-history":[{"count":1,"href":"https:\/\/noticiasmercedinas.com\/site\/wp-json\/wp\/v2\/posts\/130123\/revisions"}],"predecessor-version":[{"id":130126,"href":"https:\/\/noticiasmercedinas.com\/site\/wp-json\/wp\/v2\/posts\/130123\/revisions\/130126"}],"wp:featuredmedia":[{"embeddable":true,"href":"https:\/\/noticiasmercedinas.com\/site\/wp-json\/wp\/v2\/media\/130124"}],"wp:attachment":[{"href":"https:\/\/noticiasmercedinas.com\/site\/wp-json\/wp\/v2\/media?parent=130123"}],"wp:term":[{"taxonomy":"category","embeddable":true,"href":"https:\/\/noticiasmercedinas.com\/site\/wp-json\/wp\/v2\/categories?post=130123"},{"taxonomy":"post_tag","embeddable":true,"href":"https:\/\/noticiasmercedinas.com\/site\/wp-json\/wp\/v2\/tags?post=130123"}],"curies":[{"name":"wp","href":"https:\/\/api.w.org\/{rel}","templated":true}]}}