{"id":130174,"date":"2024-01-31T13:35:42","date_gmt":"2024-01-31T16:35:42","guid":{"rendered":"https:\/\/noticiasmercedinas.com\/site\/?p=130174"},"modified":"2024-01-31T13:35:42","modified_gmt":"2024-01-31T16:35:42","slug":"abren-inscripciones-en-el-centro-de-formacion-laboral-no-402-para-el-1er-semestre-de-2024","status":"publish","type":"post","link":"https:\/\/noticiasmercedinas.com\/site\/2024\/01\/31\/abren-inscripciones-en-el-centro-de-formacion-laboral-no-402-para-el-1er-semestre-de-2024\/","title":{"rendered":"Abren inscripciones en el Centro de Formaci\u00f3n Laboral N\u00ba 402 para el 1er semestre de 2024"},"content":{"rendered":"<p><img loading=\"lazy\" decoding=\"async\" class=\"alignnone size-full wp-image-130176\" src=\"https:\/\/noticiasmercedinas.com\/site\/wp-content\/uploads\/2024\/01\/CFL402.jpg\" alt=\"\" width=\"640\" height=\"427\" srcset=\"https:\/\/noticiasmercedinas.com\/site\/wp-content\/uploads\/2024\/01\/CFL402.jpg 640w, https:\/\/noticiasmercedinas.com\/site\/wp-content\/uploads\/2024\/01\/CFL402-300x200.jpg 300w\" sizes=\"auto, (max-width: 640px) 100vw, 640px\" \/><\/p>\n<p>En un esfuerzo continuo por ofrecer oportunidades de formaci\u00f3n profesional a la comunidad, el Centro de Formaci\u00f3n Laboral N\u00ba 402 de Mercedes, Buenos Aires, anuncia la apertura de inscripciones para el primer semestre de 2024.<\/p>\n<p>La instituci\u00f3n, avalada por la Resoluci\u00f3n 1391\/07-CUE N\u00b0 0620201 de la Direcci\u00f3n General de Cultura y Educaci\u00f3n de la provincia (IPFL-DGCYE), ha establecido un convenio con la Confederaci\u00f3n General del Trabajo (CGT) para enriquecer su oferta formativa.<\/p>\n<p>El Centro de Formaci\u00f3n Laboral N\u00ba 402 ofrece una variada oferta formativa en Formaci\u00f3n Profesional, con programas dise\u00f1ados para brindar habilidades pr\u00e1cticas y conocimientos especializados. Algunos de los cursos destacados son:<\/p>\n<p>&#8211; Circuitos el\u00e9ctricos y Mediciones (Programaci\u00f3n Automatizaci\u00f3n Industrial)<br \/>\n&#8211; Modelado e Impresi\u00f3n 3D<br \/>\n&#8211; Instalador de Sistemas Dom\u00f3ticos<br \/>\n&#8211; Apoyo en Seguridad e Higiene Industrial<br \/>\n&#8211; Auxiliar Mec\u00e1nico de Automotores<br \/>\n&#8211; Asistente de Estudio Jur\u00eddico<br \/>\n&#8211; Auxiliar en Marketing de Productos<br \/>\n&#8211; Operador de Inform\u00e1tica para Administraci\u00f3n y Gesti\u00f3n<br \/>\n&#8211; Cocina para Comedor Escolar<br \/>\n&#8211; Maestro Pizzero y Rotisero<br \/>\n&#8211; Elaborador de Conservas C\u00e1rnicas, Chacinados y Salazones<br \/>\n&#8211; Relaciones laborales y g\u00e9nero (Formaci\u00f3n Virtual)<\/p>\n<p><strong>T\u00edtulos oficiales y programas gratuitos<\/strong><\/p>\n<p>Todos los cursos ofrecidos en el Centro de Formaci\u00f3n Laboral N\u00ba 402 conducen a la obtenci\u00f3n de t\u00edtulos oficiales, respaldados por programas gratuitos que buscan facilitar el acceso a la educaci\u00f3n de calidad.<\/p>\n<p>Los interesados pueden acceder al formulario de pre-inscripci\u00f3n a trav\u00e9s del siguiente enlace: <a href=\"https:\/\/forms.gle\/NzEDgXjZgMDGQUHBA\">https:\/\/forms.gle\/NzEDgXjZgMDGQUHBA<\/a>.<\/p>\n<p><strong>Contacto a trav\u00e9s de WhatsApp<\/strong><\/p>\n<p>Para mayor informaci\u00f3n y consultas, el Centro de Formaci\u00f3n Laboral N\u00ba 402 pone a disposici\u00f3n el n\u00famero de WhatsApp: 02324536000.<\/p>\n<p>Esta iniciativa representa una valiosa oportunidad para aquellos que buscan desarrollar sus habilidades y conocimientos en diversos campos laborales, contribuyendo as\u00ed al crecimiento y desarrollo de la comunidad.<\/p>\n<p>Las inscripciones permanecer\u00e1n abiertas, y se alienta a todos los interesados a aprovechar esta oportunidad educativa \u00fanica.<\/p>\n<p><img loading=\"lazy\" decoding=\"async\" class=\"alignnone size-full wp-image-130175\" src=\"https:\/\/noticiasmercedinas.com\/site\/wp-content\/uploads\/2024\/01\/2024-Conv-1er-Sem.png\" alt=\"\" width=\"701\" height=\"863\" srcset=\"https:\/\/noticiasmercedinas.com\/site\/wp-content\/uploads\/2024\/01\/2024-Conv-1er-Sem.png 701w, https:\/\/noticiasmercedinas.com\/site\/wp-content\/uploads\/2024\/01\/2024-Conv-1er-Sem-244x300.png 244w, https:\/\/noticiasmercedinas.com\/site\/wp-content\/uploads\/2024\/01\/2024-Conv-1er-Sem-640x788.png 640w, https:\/\/noticiasmercedinas.com\/site\/wp-content\/uploads\/2024\/01\/2024-Conv-1er-Sem-681x838.png 681w\" sizes=\"auto, (max-width: 701px) 100vw, 701px\" \/><\/p>\n","protected":false},"excerpt":{"rendered":"<p>En un esfuerzo continuo por ofrecer oportunidades de formaci\u00f3n profesional a la comunidad, el Centro de Formaci\u00f3n Laboral N\u00ba 402 de Mercedes, Buenos Aires, anuncia la apertura de inscripciones para el primer semestre de 2024. La instituci\u00f3n, avalada por la Resoluci\u00f3n 1391\/07-CUE N\u00b0 0620201 de la Direcci\u00f3n General de Cultura y Educaci\u00f3n de la provincia [&hellip;]<\/p>\n","protected":false},"author":16,"featured_media":130176,"comment_status":"closed","ping_status":"closed","sticky":false,"template":"","format":"standard","meta":{"footnotes":""},"categories":[15755],"tags":[17857],"class_list":["post-130174","post","type-post","status-publish","format-standard","has-post-thumbnail","hentry","category-educacion","tag-cfl-402"],"yoast_head":"<!-- This site is optimized with the Yoast SEO plugin v27.5 - https:\/\/yoast.com\/product\/yoast-seo-wordpress\/ -->\n<title>Abren inscripciones en el Centro de Formaci\u00f3n Laboral N\u00ba 402 para el 1er semestre de 2024<\/title>\n<meta name=\"robots\" content=\"index, follow, max-snippet:-1, max-image-preview:large, max-video-preview:-1\" \/>\n<link rel=\"canonical\" href=\"https:\/\/noticiasmercedinas.com\/site\/2024\/01\/31\/abren-inscripciones-en-el-centro-de-formacion-laboral-no-402-para-el-1er-semestre-de-2024\/\" \/>\n<meta property=\"og:locale\" content=\"es_ES\" \/>\n<meta property=\"og:type\" content=\"article\" \/>\n<meta property=\"og:title\" content=\"Abren inscripciones en el Centro de Formaci\u00f3n Laboral N\u00ba 402 para el 1er semestre de 2024\" \/>\n<meta property=\"og:description\" content=\"En un esfuerzo continuo por ofrecer oportunidades de formaci\u00f3n profesional a la comunidad, el Centro de Formaci\u00f3n Laboral N\u00ba 402 de Mercedes, Buenos Aires, anuncia la apertura de inscripciones para el primer semestre de 2024. La instituci\u00f3n, avalada por la Resoluci\u00f3n 1391\/07-CUE N\u00b0 0620201 de la Direcci\u00f3n General de Cultura y Educaci\u00f3n de la provincia [&hellip;]\" \/>\n<meta property=\"og:url\" content=\"https:\/\/noticiasmercedinas.com\/site\/2024\/01\/31\/abren-inscripciones-en-el-centro-de-formacion-laboral-no-402-para-el-1er-semestre-de-2024\/\" \/>\n<meta property=\"og:site_name\" content=\"NOTICIASMERCEDINAS.COM\" \/>\n<meta property=\"article:publisher\" content=\"https:\/\/www.facebook.com\/noticiasmercedinas\/\" \/>\n<meta property=\"article:published_time\" content=\"2024-01-31T16:35:42+00:00\" \/>\n<meta property=\"og:image\" content=\"https:\/\/noticiasmercedinas.com\/site\/wp-content\/uploads\/2024\/01\/CFL402.jpg\" \/>\n\t<meta property=\"og:image:width\" content=\"640\" \/>\n\t<meta property=\"og:image:height\" content=\"427\" \/>\n\t<meta property=\"og:image:type\" content=\"image\/jpeg\" \/>\n<meta name=\"author\" content=\"NOTICIASMERCEDINAS.COM\" \/>\n<meta name=\"twitter:card\" content=\"summary_large_image\" \/>\n<meta name=\"twitter:creator\" content=\"@notmercedinas\" \/>\n<meta name=\"twitter:site\" content=\"@notmercedinas\" \/>\n<meta name=\"twitter:label1\" content=\"Escrito por\" \/>\n\t<meta name=\"twitter:data1\" content=\"NOTICIASMERCEDINAS.COM\" \/>\n\t<meta name=\"twitter:label2\" content=\"Tiempo de lectura\" \/>\n\t<meta name=\"twitter:data2\" content=\"2 minutos\" \/>\n<script type=\"application\/ld+json\" class=\"yoast-schema-graph\">{\"@context\":\"https:\\\/\\\/schema.org\",\"@graph\":[{\"@type\":\"Article\",\"@id\":\"https:\\\/\\\/noticiasmercedinas.com\\\/site\\\/2024\\\/01\\\/31\\\/abren-inscripciones-en-el-centro-de-formacion-laboral-no-402-para-el-1er-semestre-de-2024\\\/#article\",\"isPartOf\":{\"@id\":\"https:\\\/\\\/noticiasmercedinas.com\\\/site\\\/2024\\\/01\\\/31\\\/abren-inscripciones-en-el-centro-de-formacion-laboral-no-402-para-el-1er-semestre-de-2024\\\/\"},\"author\":{\"name\":\"NOTICIASMERCEDINAS.COM\",\"@id\":\"https:\\\/\\\/noticiasmercedinas.com\\\/site\\\/#\\\/schema\\\/person\\\/84b59c099c28ff2e8b77d4ceec5d8063\"},\"headline\":\"Abren inscripciones en el Centro de Formaci\u00f3n Laboral N\u00ba 402 para el 1er semestre de 2024\",\"datePublished\":\"2024-01-31T16:35:42+00:00\",\"mainEntityOfPage\":{\"@id\":\"https:\\\/\\\/noticiasmercedinas.com\\\/site\\\/2024\\\/01\\\/31\\\/abren-inscripciones-en-el-centro-de-formacion-laboral-no-402-para-el-1er-semestre-de-2024\\\/\"},\"wordCount\":347,\"publisher\":{\"@id\":\"https:\\\/\\\/noticiasmercedinas.com\\\/site\\\/#organization\"},\"image\":{\"@id\":\"https:\\\/\\\/noticiasmercedinas.com\\\/site\\\/2024\\\/01\\\/31\\\/abren-inscripciones-en-el-centro-de-formacion-laboral-no-402-para-el-1er-semestre-de-2024\\\/#primaryimage\"},\"thumbnailUrl\":\"https:\\\/\\\/noticiasmercedinas.com\\\/site\\\/wp-content\\\/uploads\\\/2024\\\/01\\\/CFL402.jpg\",\"keywords\":[\"cfl 402\"],\"articleSection\":[\"Educacion\"],\"inLanguage\":\"es\"},{\"@type\":\"WebPage\",\"@id\":\"https:\\\/\\\/noticiasmercedinas.com\\\/site\\\/2024\\\/01\\\/31\\\/abren-inscripciones-en-el-centro-de-formacion-laboral-no-402-para-el-1er-semestre-de-2024\\\/\",\"url\":\"https:\\\/\\\/noticiasmercedinas.com\\\/site\\\/2024\\\/01\\\/31\\\/abren-inscripciones-en-el-centro-de-formacion-laboral-no-402-para-el-1er-semestre-de-2024\\\/\",\"name\":\"Abren inscripciones en el Centro de Formaci\u00f3n Laboral N\u00ba 402 para el 1er semestre de 2024\",\"isPartOf\":{\"@id\":\"https:\\\/\\\/noticiasmercedinas.com\\\/site\\\/#website\"},\"primaryImageOfPage\":{\"@id\":\"https:\\\/\\\/noticiasmercedinas.com\\\/site\\\/2024\\\/01\\\/31\\\/abren-inscripciones-en-el-centro-de-formacion-laboral-no-402-para-el-1er-semestre-de-2024\\\/#primaryimage\"},\"image\":{\"@id\":\"https:\\\/\\\/noticiasmercedinas.com\\\/site\\\/2024\\\/01\\\/31\\\/abren-inscripciones-en-el-centro-de-formacion-laboral-no-402-para-el-1er-semestre-de-2024\\\/#primaryimage\"},\"thumbnailUrl\":\"https:\\\/\\\/noticiasmercedinas.com\\\/site\\\/wp-content\\\/uploads\\\/2024\\\/01\\\/CFL402.jpg\",\"datePublished\":\"2024-01-31T16:35:42+00:00\",\"breadcrumb\":{\"@id\":\"https:\\\/\\\/noticiasmercedinas.com\\\/site\\\/2024\\\/01\\\/31\\\/abren-inscripciones-en-el-centro-de-formacion-laboral-no-402-para-el-1er-semestre-de-2024\\\/#breadcrumb\"},\"inLanguage\":\"es\",\"potentialAction\":[{\"@type\":\"ReadAction\",\"target\":[\"https:\\\/\\\/noticiasmercedinas.com\\\/site\\\/2024\\\/01\\\/31\\\/abren-inscripciones-en-el-centro-de-formacion-laboral-no-402-para-el-1er-semestre-de-2024\\\/\"]}]},{\"@type\":\"ImageObject\",\"inLanguage\":\"es\",\"@id\":\"https:\\\/\\\/noticiasmercedinas.com\\\/site\\\/2024\\\/01\\\/31\\\/abren-inscripciones-en-el-centro-de-formacion-laboral-no-402-para-el-1er-semestre-de-2024\\\/#primaryimage\",\"url\":\"https:\\\/\\\/noticiasmercedinas.com\\\/site\\\/wp-content\\\/uploads\\\/2024\\\/01\\\/CFL402.jpg\",\"contentUrl\":\"https:\\\/\\\/noticiasmercedinas.com\\\/site\\\/wp-content\\\/uploads\\\/2024\\\/01\\\/CFL402.jpg\",\"width\":640,\"height\":427},{\"@type\":\"BreadcrumbList\",\"@id\":\"https:\\\/\\\/noticiasmercedinas.com\\\/site\\\/2024\\\/01\\\/31\\\/abren-inscripciones-en-el-centro-de-formacion-laboral-no-402-para-el-1er-semestre-de-2024\\\/#breadcrumb\",\"itemListElement\":[{\"@type\":\"ListItem\",\"position\":1,\"name\":\"Portada\",\"item\":\"https:\\\/\\\/noticiasmercedinas.com\\\/site\\\/\"},{\"@type\":\"ListItem\",\"position\":2,\"name\":\"Abren inscripciones en el Centro de Formaci\u00f3n Laboral N\u00ba 402 para el 1er semestre de 2024\"}]},{\"@type\":\"WebSite\",\"@id\":\"https:\\\/\\\/noticiasmercedinas.com\\\/site\\\/#website\",\"url\":\"https:\\\/\\\/noticiasmercedinas.com\\\/site\\\/\",\"name\":\"NOTICIASMERCEDINAS.COM\",\"description\":\"Mercedes, Buenos Aires, Argentina\",\"publisher\":{\"@id\":\"https:\\\/\\\/noticiasmercedinas.com\\\/site\\\/#organization\"},\"potentialAction\":[{\"@type\":\"SearchAction\",\"target\":{\"@type\":\"EntryPoint\",\"urlTemplate\":\"https:\\\/\\\/noticiasmercedinas.com\\\/site\\\/?s={search_term_string}\"},\"query-input\":{\"@type\":\"PropertyValueSpecification\",\"valueRequired\":true,\"valueName\":\"search_term_string\"}}],\"inLanguage\":\"es\"},{\"@type\":\"Organization\",\"@id\":\"https:\\\/\\\/noticiasmercedinas.com\\\/site\\\/#organization\",\"name\":\"NOTICIASMERCEDINAS.COM\",\"url\":\"https:\\\/\\\/noticiasmercedinas.com\\\/site\\\/\",\"logo\":{\"@type\":\"ImageObject\",\"inLanguage\":\"es\",\"@id\":\"https:\\\/\\\/noticiasmercedinas.com\\\/site\\\/#\\\/schema\\\/logo\\\/image\\\/\",\"url\":\"https:\\\/\\\/noticiasmercedinas.com\\\/site\\\/wp-content\\\/uploads\\\/2020\\\/06\\\/LOGO-512.jpg\",\"contentUrl\":\"https:\\\/\\\/noticiasmercedinas.com\\\/site\\\/wp-content\\\/uploads\\\/2020\\\/06\\\/LOGO-512.jpg\",\"width\":512,\"height\":512,\"caption\":\"NOTICIASMERCEDINAS.COM\"},\"image\":{\"@id\":\"https:\\\/\\\/noticiasmercedinas.com\\\/site\\\/#\\\/schema\\\/logo\\\/image\\\/\"},\"sameAs\":[\"https:\\\/\\\/www.facebook.com\\\/noticiasmercedinas\\\/\",\"https:\\\/\\\/x.com\\\/notmercedinas\",\"https:\\\/\\\/www.instagram.com\\\/noticiasmercedinas\\\/\"]},{\"@type\":\"Person\",\"@id\":\"https:\\\/\\\/noticiasmercedinas.com\\\/site\\\/#\\\/schema\\\/person\\\/84b59c099c28ff2e8b77d4ceec5d8063\",\"name\":\"NOTICIASMERCEDINAS.COM\",\"image\":{\"@type\":\"ImageObject\",\"inLanguage\":\"es\",\"@id\":\"https:\\\/\\\/secure.gravatar.com\\\/avatar\\\/4dfbf16b4d17945bfb6341b2d19043457132fcf478a5ee04f42e959fd8f5df0a?s=96&d=mm&r=g\",\"url\":\"https:\\\/\\\/secure.gravatar.com\\\/avatar\\\/4dfbf16b4d17945bfb6341b2d19043457132fcf478a5ee04f42e959fd8f5df0a?s=96&d=mm&r=g\",\"contentUrl\":\"https:\\\/\\\/secure.gravatar.com\\\/avatar\\\/4dfbf16b4d17945bfb6341b2d19043457132fcf478a5ee04f42e959fd8f5df0a?s=96&d=mm&r=g\",\"caption\":\"NOTICIASMERCEDINAS.COM\"},\"url\":\"https:\\\/\\\/noticiasmercedinas.com\\\/site\\\/author\\\/anonimo\\\/\"}]}<\/script>\n<!-- \/ Yoast SEO plugin. -->","yoast_head_json":{"title":"Abren inscripciones en el Centro de Formaci\u00f3n Laboral N\u00ba 402 para el 1er semestre de 2024","robots":{"index":"index","follow":"follow","max-snippet":"max-snippet:-1","max-image-preview":"max-image-preview:large","max-video-preview":"max-video-preview:-1"},"canonical":"https:\/\/noticiasmercedinas.com\/site\/2024\/01\/31\/abren-inscripciones-en-el-centro-de-formacion-laboral-no-402-para-el-1er-semestre-de-2024\/","og_locale":"es_ES","og_type":"article","og_title":"Abren inscripciones en el Centro de Formaci\u00f3n Laboral N\u00ba 402 para el 1er semestre de 2024","og_description":"En un esfuerzo continuo por ofrecer oportunidades de formaci\u00f3n profesional a la comunidad, el Centro de Formaci\u00f3n Laboral N\u00ba 402 de Mercedes, Buenos Aires, anuncia la apertura de inscripciones para el primer semestre de 2024. La instituci\u00f3n, avalada por la Resoluci\u00f3n 1391\/07-CUE N\u00b0 0620201 de la Direcci\u00f3n General de Cultura y Educaci\u00f3n de la provincia [&hellip;]","og_url":"https:\/\/noticiasmercedinas.com\/site\/2024\/01\/31\/abren-inscripciones-en-el-centro-de-formacion-laboral-no-402-para-el-1er-semestre-de-2024\/","og_site_name":"NOTICIASMERCEDINAS.COM","article_publisher":"https:\/\/www.facebook.com\/noticiasmercedinas\/","article_published_time":"2024-01-31T16:35:42+00:00","og_image":[{"width":640,"height":427,"url":"https:\/\/noticiasmercedinas.com\/site\/wp-content\/uploads\/2024\/01\/CFL402.jpg","type":"image\/jpeg"}],"author":"NOTICIASMERCEDINAS.COM","twitter_card":"summary_large_image","twitter_creator":"@notmercedinas","twitter_site":"@notmercedinas","twitter_misc":{"Escrito por":"NOTICIASMERCEDINAS.COM","Tiempo de lectura":"2 minutos"},"schema":{"@context":"https:\/\/schema.org","@graph":[{"@type":"Article","@id":"https:\/\/noticiasmercedinas.com\/site\/2024\/01\/31\/abren-inscripciones-en-el-centro-de-formacion-laboral-no-402-para-el-1er-semestre-de-2024\/#article","isPartOf":{"@id":"https:\/\/noticiasmercedinas.com\/site\/2024\/01\/31\/abren-inscripciones-en-el-centro-de-formacion-laboral-no-402-para-el-1er-semestre-de-2024\/"},"author":{"name":"NOTICIASMERCEDINAS.COM","@id":"https:\/\/noticiasmercedinas.com\/site\/#\/schema\/person\/84b59c099c28ff2e8b77d4ceec5d8063"},"headline":"Abren inscripciones en el Centro de Formaci\u00f3n Laboral N\u00ba 402 para el 1er semestre de 2024","datePublished":"2024-01-31T16:35:42+00:00","mainEntityOfPage":{"@id":"https:\/\/noticiasmercedinas.com\/site\/2024\/01\/31\/abren-inscripciones-en-el-centro-de-formacion-laboral-no-402-para-el-1er-semestre-de-2024\/"},"wordCount":347,"publisher":{"@id":"https:\/\/noticiasmercedinas.com\/site\/#organization"},"image":{"@id":"https:\/\/noticiasmercedinas.com\/site\/2024\/01\/31\/abren-inscripciones-en-el-centro-de-formacion-laboral-no-402-para-el-1er-semestre-de-2024\/#primaryimage"},"thumbnailUrl":"https:\/\/noticiasmercedinas.com\/site\/wp-content\/uploads\/2024\/01\/CFL402.jpg","keywords":["cfl 402"],"articleSection":["Educacion"],"inLanguage":"es"},{"@type":"WebPage","@id":"https:\/\/noticiasmercedinas.com\/site\/2024\/01\/31\/abren-inscripciones-en-el-centro-de-formacion-laboral-no-402-para-el-1er-semestre-de-2024\/","url":"https:\/\/noticiasmercedinas.com\/site\/2024\/01\/31\/abren-inscripciones-en-el-centro-de-formacion-laboral-no-402-para-el-1er-semestre-de-2024\/","name":"Abren inscripciones en el Centro de Formaci\u00f3n Laboral N\u00ba 402 para el 1er semestre de 2024","isPartOf":{"@id":"https:\/\/noticiasmercedinas.com\/site\/#website"},"primaryImageOfPage":{"@id":"https:\/\/noticiasmercedinas.com\/site\/2024\/01\/31\/abren-inscripciones-en-el-centro-de-formacion-laboral-no-402-para-el-1er-semestre-de-2024\/#primaryimage"},"image":{"@id":"https:\/\/noticiasmercedinas.com\/site\/2024\/01\/31\/abren-inscripciones-en-el-centro-de-formacion-laboral-no-402-para-el-1er-semestre-de-2024\/#primaryimage"},"thumbnailUrl":"https:\/\/noticiasmercedinas.com\/site\/wp-content\/uploads\/2024\/01\/CFL402.jpg","datePublished":"2024-01-31T16:35:42+00:00","breadcrumb":{"@id":"https:\/\/noticiasmercedinas.com\/site\/2024\/01\/31\/abren-inscripciones-en-el-centro-de-formacion-laboral-no-402-para-el-1er-semestre-de-2024\/#breadcrumb"},"inLanguage":"es","potentialAction":[{"@type":"ReadAction","target":["https:\/\/noticiasmercedinas.com\/site\/2024\/01\/31\/abren-inscripciones-en-el-centro-de-formacion-laboral-no-402-para-el-1er-semestre-de-2024\/"]}]},{"@type":"ImageObject","inLanguage":"es","@id":"https:\/\/noticiasmercedinas.com\/site\/2024\/01\/31\/abren-inscripciones-en-el-centro-de-formacion-laboral-no-402-para-el-1er-semestre-de-2024\/#primaryimage","url":"https:\/\/noticiasmercedinas.com\/site\/wp-content\/uploads\/2024\/01\/CFL402.jpg","contentUrl":"https:\/\/noticiasmercedinas.com\/site\/wp-content\/uploads\/2024\/01\/CFL402.jpg","width":640,"height":427},{"@type":"BreadcrumbList","@id":"https:\/\/noticiasmercedinas.com\/site\/2024\/01\/31\/abren-inscripciones-en-el-centro-de-formacion-laboral-no-402-para-el-1er-semestre-de-2024\/#breadcrumb","itemListElement":[{"@type":"ListItem","position":1,"name":"Portada","item":"https:\/\/noticiasmercedinas.com\/site\/"},{"@type":"ListItem","position":2,"name":"Abren inscripciones en el Centro de Formaci\u00f3n Laboral N\u00ba 402 para el 1er semestre de 2024"}]},{"@type":"WebSite","@id":"https:\/\/noticiasmercedinas.com\/site\/#website","url":"https:\/\/noticiasmercedinas.com\/site\/","name":"NOTICIASMERCEDINAS.COM","description":"Mercedes, Buenos Aires, Argentina","publisher":{"@id":"https:\/\/noticiasmercedinas.com\/site\/#organization"},"potentialAction":[{"@type":"SearchAction","target":{"@type":"EntryPoint","urlTemplate":"https:\/\/noticiasmercedinas.com\/site\/?s={search_term_string}"},"query-input":{"@type":"PropertyValueSpecification","valueRequired":true,"valueName":"search_term_string"}}],"inLanguage":"es"},{"@type":"Organization","@id":"https:\/\/noticiasmercedinas.com\/site\/#organization","name":"NOTICIASMERCEDINAS.COM","url":"https:\/\/noticiasmercedinas.com\/site\/","logo":{"@type":"ImageObject","inLanguage":"es","@id":"https:\/\/noticiasmercedinas.com\/site\/#\/schema\/logo\/image\/","url":"https:\/\/noticiasmercedinas.com\/site\/wp-content\/uploads\/2020\/06\/LOGO-512.jpg","contentUrl":"https:\/\/noticiasmercedinas.com\/site\/wp-content\/uploads\/2020\/06\/LOGO-512.jpg","width":512,"height":512,"caption":"NOTICIASMERCEDINAS.COM"},"image":{"@id":"https:\/\/noticiasmercedinas.com\/site\/#\/schema\/logo\/image\/"},"sameAs":["https:\/\/www.facebook.com\/noticiasmercedinas\/","https:\/\/x.com\/notmercedinas","https:\/\/www.instagram.com\/noticiasmercedinas\/"]},{"@type":"Person","@id":"https:\/\/noticiasmercedinas.com\/site\/#\/schema\/person\/84b59c099c28ff2e8b77d4ceec5d8063","name":"NOTICIASMERCEDINAS.COM","image":{"@type":"ImageObject","inLanguage":"es","@id":"https:\/\/secure.gravatar.com\/avatar\/4dfbf16b4d17945bfb6341b2d19043457132fcf478a5ee04f42e959fd8f5df0a?s=96&d=mm&r=g","url":"https:\/\/secure.gravatar.com\/avatar\/4dfbf16b4d17945bfb6341b2d19043457132fcf478a5ee04f42e959fd8f5df0a?s=96&d=mm&r=g","contentUrl":"https:\/\/secure.gravatar.com\/avatar\/4dfbf16b4d17945bfb6341b2d19043457132fcf478a5ee04f42e959fd8f5df0a?s=96&d=mm&r=g","caption":"NOTICIASMERCEDINAS.COM"},"url":"https:\/\/noticiasmercedinas.com\/site\/author\/anonimo\/"}]}},"amp_enabled":true,"_links":{"self":[{"href":"https:\/\/noticiasmercedinas.com\/site\/wp-json\/wp\/v2\/posts\/130174","targetHints":{"allow":["GET"]}}],"collection":[{"href":"https:\/\/noticiasmercedinas.com\/site\/wp-json\/wp\/v2\/posts"}],"about":[{"href":"https:\/\/noticiasmercedinas.com\/site\/wp-json\/wp\/v2\/types\/post"}],"author":[{"embeddable":true,"href":"https:\/\/noticiasmercedinas.com\/site\/wp-json\/wp\/v2\/users\/16"}],"replies":[{"embeddable":true,"href":"https:\/\/noticiasmercedinas.com\/site\/wp-json\/wp\/v2\/comments?post=130174"}],"version-history":[{"count":1,"href":"https:\/\/noticiasmercedinas.com\/site\/wp-json\/wp\/v2\/posts\/130174\/revisions"}],"predecessor-version":[{"id":130177,"href":"https:\/\/noticiasmercedinas.com\/site\/wp-json\/wp\/v2\/posts\/130174\/revisions\/130177"}],"wp:featuredmedia":[{"embeddable":true,"href":"https:\/\/noticiasmercedinas.com\/site\/wp-json\/wp\/v2\/media\/130176"}],"wp:attachment":[{"href":"https:\/\/noticiasmercedinas.com\/site\/wp-json\/wp\/v2\/media?parent=130174"}],"wp:term":[{"taxonomy":"category","embeddable":true,"href":"https:\/\/noticiasmercedinas.com\/site\/wp-json\/wp\/v2\/categories?post=130174"},{"taxonomy":"post_tag","embeddable":true,"href":"https:\/\/noticiasmercedinas.com\/site\/wp-json\/wp\/v2\/tags?post=130174"}],"curies":[{"name":"wp","href":"https:\/\/api.w.org\/{rel}","templated":true}]}}