{"id":130220,"date":"2024-02-01T23:07:37","date_gmt":"2024-02-02T02:07:37","guid":{"rendered":"https:\/\/noticiasmercedinas.com\/site\/?p=130220"},"modified":"2024-02-01T23:07:37","modified_gmt":"2024-02-02T02:07:37","slug":"nuevas-autoridades-en-la-policia-comunal-vanesa-casas-asume-como-jefa","status":"publish","type":"post","link":"https:\/\/noticiasmercedinas.com\/site\/2024\/02\/01\/nuevas-autoridades-en-la-policia-comunal-vanesa-casas-asume-como-jefa\/","title":{"rendered":"Nuevas autoridades en la Polic\u00eda Comunal: Vanesa Casas asume como jefa"},"content":{"rendered":"<p><img loading=\"lazy\" decoding=\"async\" class=\"alignnone size-large wp-image-130221\" src=\"https:\/\/noticiasmercedinas.com\/site\/wp-content\/uploads\/2024\/02\/DSC04852-1024x682.jpg\" alt=\"\" width=\"640\" height=\"426\" srcset=\"https:\/\/noticiasmercedinas.com\/site\/wp-content\/uploads\/2024\/02\/DSC04852-1024x682.jpg 1024w, https:\/\/noticiasmercedinas.com\/site\/wp-content\/uploads\/2024\/02\/DSC04852-300x200.jpg 300w, https:\/\/noticiasmercedinas.com\/site\/wp-content\/uploads\/2024\/02\/DSC04852-768x512.jpg 768w, https:\/\/noticiasmercedinas.com\/site\/wp-content\/uploads\/2024\/02\/DSC04852-640x427.jpg 640w, https:\/\/noticiasmercedinas.com\/site\/wp-content\/uploads\/2024\/02\/DSC04852-1280x853.jpg 1280w, https:\/\/noticiasmercedinas.com\/site\/wp-content\/uploads\/2024\/02\/DSC04852-681x454.jpg 681w, https:\/\/noticiasmercedinas.com\/site\/wp-content\/uploads\/2024\/02\/DSC04852.jpg 1319w\" sizes=\"auto, (max-width: 640px) 100vw, 640px\" \/><\/p>\n<p>En una ceremonia llevada a cabo en la Comisar\u00eda Primera, se concret\u00f3 el traspaso de autoridades en la Polic\u00eda Comunal, donde Vanesa Casas asumir\u00e1 como Jefa, sucediendo a Oscar Elizalde. El evento cont\u00f3 con la presencia del intendente Juan Ustarroz, acompa\u00f1ado por destacados funcionarios de diversas \u00e1reas.<\/p>\n<p>El Secretario de Seguridad, Mat\u00edas Maresca, la Secretaria de Gobierno, Clara Zunino, el Director de Seguridad, V\u00edctor Palazzo, la Presidenta del Concejo Deliberante, Mariana San Mart\u00edn, y la Directora de G\u00e9nero, Guadalupe Gonz\u00e1lez, fueron parte de la ceremonia protocolar realizada en la ma\u00f1ana de la sede de la Comisar\u00eda Primera. Tambi\u00e9n estuvo presente el Jefe Departamental Carlos Monta\u00f1ez.<\/p>\n<p>Durante el evento, Ustarroz dio la bienvenida a las nuevas autoridades policiales, destacando la complejidad del trabajo en seguridad y la importancia de la colaboraci\u00f3n ciudadana. El intendente expres\u00f3 su compromiso con el fortalecimiento de los lazos entre la comunidad y la polic\u00eda comunal, especialmente con el nuevo Secretario de Seguridad.<\/p>\n<p>El Jefe Departamental, Comisario Mayor Carlos Monta\u00f1ez, agradeci\u00f3 la presencia del intendente y destac\u00f3 el apoyo constante del Municipio en el trabajo policial. Monta\u00f1ez se\u00f1al\u00f3 que estas designaciones representan nuevos desaf\u00edos para la polic\u00eda y agradeci\u00f3 el esfuerzo conjunto en pro del esclarecimiento y la prevenci\u00f3n del delito.<\/p>\n<p>Oscar Elizalde, Jefe Comunal saliente, expres\u00f3 su agradecimiento por la oportunidad de liderar la polic\u00eda comunal y destac\u00f3 el trabajo realizado durante su gesti\u00f3n.<\/p>\n<p>Vanesa Casas, la nueva Jefa, asumi\u00f3 su cargo con total compromiso y agradeci\u00f3 la confianza depositada en ella por las autoridades y el intendente Ustarroz. Por otro lado, Sol D\u00b4Angelo, quien asumi\u00f3 como Jefa de Estaci\u00f3n, manifest\u00f3 su compromiso y entusiasmo ante este nuevo desaf\u00edo.<\/p>\n<p>Las nuevas autoridades se comprometieron a trabajar en conjunto con la comunidad para fortalecer la seguridad en la ciudad y enfrentar los desaf\u00edos que se presenten en el futuro.<\/p>\n","protected":false},"excerpt":{"rendered":"<p>\u25a0 En la ocasi\u00f3n el intendente expres\u00f3 su compromiso con el fortalecimiento de los lazos entre la comunidad y la polic\u00eda comunal, especialmente con el nuevo Secretario de Seguridad.<\/p>\n","protected":false},"author":16,"featured_media":130221,"comment_status":"closed","ping_status":"closed","sticky":false,"template":"","format":"standard","meta":{"footnotes":""},"categories":[7],"tags":[2008,17863],"class_list":["post-130220","post","type-post","status-publish","format-standard","has-post-thumbnail","hentry","category-policiales","tag-policia-comunal","tag-vanesa-casas"],"yoast_head":"<!-- This site is optimized with the Yoast SEO plugin v27.4 - https:\/\/yoast.com\/product\/yoast-seo-wordpress\/ -->\n<title>Nuevas autoridades en la Polic\u00eda Comunal: Vanesa Casas asume como jefa<\/title>\n<meta name=\"robots\" content=\"index, follow, max-snippet:-1, max-image-preview:large, max-video-preview:-1\" \/>\n<link rel=\"canonical\" href=\"https:\/\/noticiasmercedinas.com\/site\/2024\/02\/01\/nuevas-autoridades-en-la-policia-comunal-vanesa-casas-asume-como-jefa\/\" \/>\n<meta property=\"og:locale\" content=\"es_ES\" \/>\n<meta property=\"og:type\" content=\"article\" \/>\n<meta property=\"og:title\" content=\"Nuevas autoridades en la Polic\u00eda Comunal: Vanesa Casas asume como jefa\" \/>\n<meta property=\"og:description\" content=\"\u25a0 En la ocasi\u00f3n el intendente expres\u00f3 su compromiso con el fortalecimiento de los lazos entre la comunidad y la polic\u00eda comunal, especialmente con el nuevo Secretario de Seguridad.\" \/>\n<meta property=\"og:url\" content=\"https:\/\/noticiasmercedinas.com\/site\/2024\/02\/01\/nuevas-autoridades-en-la-policia-comunal-vanesa-casas-asume-como-jefa\/\" \/>\n<meta property=\"og:site_name\" content=\"NOTICIASMERCEDINAS.COM\" \/>\n<meta property=\"article:publisher\" content=\"https:\/\/www.facebook.com\/noticiasmercedinas\/\" \/>\n<meta property=\"article:published_time\" content=\"2024-02-02T02:07:37+00:00\" \/>\n<meta property=\"og:image\" content=\"https:\/\/noticiasmercedinas.com\/site\/wp-content\/uploads\/2024\/02\/DSC04852.jpg\" \/>\n\t<meta property=\"og:image:width\" content=\"1319\" \/>\n\t<meta property=\"og:image:height\" content=\"879\" \/>\n\t<meta property=\"og:image:type\" content=\"image\/jpeg\" \/>\n<meta name=\"author\" content=\"NOTICIASMERCEDINAS.COM\" \/>\n<meta name=\"twitter:card\" content=\"summary_large_image\" \/>\n<meta name=\"twitter:creator\" content=\"@notmercedinas\" \/>\n<meta name=\"twitter:site\" content=\"@notmercedinas\" \/>\n<meta name=\"twitter:label1\" content=\"Escrito por\" \/>\n\t<meta name=\"twitter:data1\" content=\"NOTICIASMERCEDINAS.COM\" \/>\n\t<meta name=\"twitter:label2\" content=\"Tiempo de lectura\" \/>\n\t<meta name=\"twitter:data2\" content=\"2 minutos\" \/>\n<script type=\"application\/ld+json\" class=\"yoast-schema-graph\">{\"@context\":\"https:\\\/\\\/schema.org\",\"@graph\":[{\"@type\":\"Article\",\"@id\":\"https:\\\/\\\/noticiasmercedinas.com\\\/site\\\/2024\\\/02\\\/01\\\/nuevas-autoridades-en-la-policia-comunal-vanesa-casas-asume-como-jefa\\\/#article\",\"isPartOf\":{\"@id\":\"https:\\\/\\\/noticiasmercedinas.com\\\/site\\\/2024\\\/02\\\/01\\\/nuevas-autoridades-en-la-policia-comunal-vanesa-casas-asume-como-jefa\\\/\"},\"author\":{\"name\":\"NOTICIASMERCEDINAS.COM\",\"@id\":\"https:\\\/\\\/noticiasmercedinas.com\\\/site\\\/#\\\/schema\\\/person\\\/84b59c099c28ff2e8b77d4ceec5d8063\"},\"headline\":\"Nuevas autoridades en la Polic\u00eda Comunal: Vanesa Casas asume como jefa\",\"datePublished\":\"2024-02-02T02:07:37+00:00\",\"mainEntityOfPage\":{\"@id\":\"https:\\\/\\\/noticiasmercedinas.com\\\/site\\\/2024\\\/02\\\/01\\\/nuevas-autoridades-en-la-policia-comunal-vanesa-casas-asume-como-jefa\\\/\"},\"wordCount\":340,\"publisher\":{\"@id\":\"https:\\\/\\\/noticiasmercedinas.com\\\/site\\\/#organization\"},\"image\":{\"@id\":\"https:\\\/\\\/noticiasmercedinas.com\\\/site\\\/2024\\\/02\\\/01\\\/nuevas-autoridades-en-la-policia-comunal-vanesa-casas-asume-como-jefa\\\/#primaryimage\"},\"thumbnailUrl\":\"https:\\\/\\\/noticiasmercedinas.com\\\/site\\\/wp-content\\\/uploads\\\/2024\\\/02\\\/DSC04852.jpg\",\"keywords\":[\"polic\u00eda comunal\",\"Vanesa Casas\"],\"articleSection\":[\"Seguridad\"],\"inLanguage\":\"es\"},{\"@type\":\"WebPage\",\"@id\":\"https:\\\/\\\/noticiasmercedinas.com\\\/site\\\/2024\\\/02\\\/01\\\/nuevas-autoridades-en-la-policia-comunal-vanesa-casas-asume-como-jefa\\\/\",\"url\":\"https:\\\/\\\/noticiasmercedinas.com\\\/site\\\/2024\\\/02\\\/01\\\/nuevas-autoridades-en-la-policia-comunal-vanesa-casas-asume-como-jefa\\\/\",\"name\":\"Nuevas autoridades en la Polic\u00eda Comunal: Vanesa Casas asume como jefa\",\"isPartOf\":{\"@id\":\"https:\\\/\\\/noticiasmercedinas.com\\\/site\\\/#website\"},\"primaryImageOfPage\":{\"@id\":\"https:\\\/\\\/noticiasmercedinas.com\\\/site\\\/2024\\\/02\\\/01\\\/nuevas-autoridades-en-la-policia-comunal-vanesa-casas-asume-como-jefa\\\/#primaryimage\"},\"image\":{\"@id\":\"https:\\\/\\\/noticiasmercedinas.com\\\/site\\\/2024\\\/02\\\/01\\\/nuevas-autoridades-en-la-policia-comunal-vanesa-casas-asume-como-jefa\\\/#primaryimage\"},\"thumbnailUrl\":\"https:\\\/\\\/noticiasmercedinas.com\\\/site\\\/wp-content\\\/uploads\\\/2024\\\/02\\\/DSC04852.jpg\",\"datePublished\":\"2024-02-02T02:07:37+00:00\",\"breadcrumb\":{\"@id\":\"https:\\\/\\\/noticiasmercedinas.com\\\/site\\\/2024\\\/02\\\/01\\\/nuevas-autoridades-en-la-policia-comunal-vanesa-casas-asume-como-jefa\\\/#breadcrumb\"},\"inLanguage\":\"es\",\"potentialAction\":[{\"@type\":\"ReadAction\",\"target\":[\"https:\\\/\\\/noticiasmercedinas.com\\\/site\\\/2024\\\/02\\\/01\\\/nuevas-autoridades-en-la-policia-comunal-vanesa-casas-asume-como-jefa\\\/\"]}]},{\"@type\":\"ImageObject\",\"inLanguage\":\"es\",\"@id\":\"https:\\\/\\\/noticiasmercedinas.com\\\/site\\\/2024\\\/02\\\/01\\\/nuevas-autoridades-en-la-policia-comunal-vanesa-casas-asume-como-jefa\\\/#primaryimage\",\"url\":\"https:\\\/\\\/noticiasmercedinas.com\\\/site\\\/wp-content\\\/uploads\\\/2024\\\/02\\\/DSC04852.jpg\",\"contentUrl\":\"https:\\\/\\\/noticiasmercedinas.com\\\/site\\\/wp-content\\\/uploads\\\/2024\\\/02\\\/DSC04852.jpg\",\"width\":1319,\"height\":879},{\"@type\":\"BreadcrumbList\",\"@id\":\"https:\\\/\\\/noticiasmercedinas.com\\\/site\\\/2024\\\/02\\\/01\\\/nuevas-autoridades-en-la-policia-comunal-vanesa-casas-asume-como-jefa\\\/#breadcrumb\",\"itemListElement\":[{\"@type\":\"ListItem\",\"position\":1,\"name\":\"Portada\",\"item\":\"https:\\\/\\\/noticiasmercedinas.com\\\/site\\\/\"},{\"@type\":\"ListItem\",\"position\":2,\"name\":\"Nuevas autoridades en la Polic\u00eda Comunal: Vanesa Casas asume como jefa\"}]},{\"@type\":\"WebSite\",\"@id\":\"https:\\\/\\\/noticiasmercedinas.com\\\/site\\\/#website\",\"url\":\"https:\\\/\\\/noticiasmercedinas.com\\\/site\\\/\",\"name\":\"NOTICIASMERCEDINAS.COM\",\"description\":\"Mercedes, Buenos Aires, Argentina\",\"publisher\":{\"@id\":\"https:\\\/\\\/noticiasmercedinas.com\\\/site\\\/#organization\"},\"potentialAction\":[{\"@type\":\"SearchAction\",\"target\":{\"@type\":\"EntryPoint\",\"urlTemplate\":\"https:\\\/\\\/noticiasmercedinas.com\\\/site\\\/?s={search_term_string}\"},\"query-input\":{\"@type\":\"PropertyValueSpecification\",\"valueRequired\":true,\"valueName\":\"search_term_string\"}}],\"inLanguage\":\"es\"},{\"@type\":\"Organization\",\"@id\":\"https:\\\/\\\/noticiasmercedinas.com\\\/site\\\/#organization\",\"name\":\"NOTICIASMERCEDINAS.COM\",\"url\":\"https:\\\/\\\/noticiasmercedinas.com\\\/site\\\/\",\"logo\":{\"@type\":\"ImageObject\",\"inLanguage\":\"es\",\"@id\":\"https:\\\/\\\/noticiasmercedinas.com\\\/site\\\/#\\\/schema\\\/logo\\\/image\\\/\",\"url\":\"https:\\\/\\\/noticiasmercedinas.com\\\/site\\\/wp-content\\\/uploads\\\/2020\\\/06\\\/LOGO-512.jpg\",\"contentUrl\":\"https:\\\/\\\/noticiasmercedinas.com\\\/site\\\/wp-content\\\/uploads\\\/2020\\\/06\\\/LOGO-512.jpg\",\"width\":512,\"height\":512,\"caption\":\"NOTICIASMERCEDINAS.COM\"},\"image\":{\"@id\":\"https:\\\/\\\/noticiasmercedinas.com\\\/site\\\/#\\\/schema\\\/logo\\\/image\\\/\"},\"sameAs\":[\"https:\\\/\\\/www.facebook.com\\\/noticiasmercedinas\\\/\",\"https:\\\/\\\/x.com\\\/notmercedinas\",\"https:\\\/\\\/www.instagram.com\\\/noticiasmercedinas\\\/\"]},{\"@type\":\"Person\",\"@id\":\"https:\\\/\\\/noticiasmercedinas.com\\\/site\\\/#\\\/schema\\\/person\\\/84b59c099c28ff2e8b77d4ceec5d8063\",\"name\":\"NOTICIASMERCEDINAS.COM\",\"image\":{\"@type\":\"ImageObject\",\"inLanguage\":\"es\",\"@id\":\"https:\\\/\\\/secure.gravatar.com\\\/avatar\\\/4dfbf16b4d17945bfb6341b2d19043457132fcf478a5ee04f42e959fd8f5df0a?s=96&d=mm&r=g\",\"url\":\"https:\\\/\\\/secure.gravatar.com\\\/avatar\\\/4dfbf16b4d17945bfb6341b2d19043457132fcf478a5ee04f42e959fd8f5df0a?s=96&d=mm&r=g\",\"contentUrl\":\"https:\\\/\\\/secure.gravatar.com\\\/avatar\\\/4dfbf16b4d17945bfb6341b2d19043457132fcf478a5ee04f42e959fd8f5df0a?s=96&d=mm&r=g\",\"caption\":\"NOTICIASMERCEDINAS.COM\"},\"url\":\"https:\\\/\\\/noticiasmercedinas.com\\\/site\\\/author\\\/anonimo\\\/\"}]}<\/script>\n<!-- \/ Yoast SEO plugin. -->","yoast_head_json":{"title":"Nuevas autoridades en la Polic\u00eda Comunal: Vanesa Casas asume como jefa","robots":{"index":"index","follow":"follow","max-snippet":"max-snippet:-1","max-image-preview":"max-image-preview:large","max-video-preview":"max-video-preview:-1"},"canonical":"https:\/\/noticiasmercedinas.com\/site\/2024\/02\/01\/nuevas-autoridades-en-la-policia-comunal-vanesa-casas-asume-como-jefa\/","og_locale":"es_ES","og_type":"article","og_title":"Nuevas autoridades en la Polic\u00eda Comunal: Vanesa Casas asume como jefa","og_description":"\u25a0 En la ocasi\u00f3n el intendente expres\u00f3 su compromiso con el fortalecimiento de los lazos entre la comunidad y la polic\u00eda comunal, especialmente con el nuevo Secretario de Seguridad.","og_url":"https:\/\/noticiasmercedinas.com\/site\/2024\/02\/01\/nuevas-autoridades-en-la-policia-comunal-vanesa-casas-asume-como-jefa\/","og_site_name":"NOTICIASMERCEDINAS.COM","article_publisher":"https:\/\/www.facebook.com\/noticiasmercedinas\/","article_published_time":"2024-02-02T02:07:37+00:00","og_image":[{"width":1319,"height":879,"url":"https:\/\/noticiasmercedinas.com\/site\/wp-content\/uploads\/2024\/02\/DSC04852.jpg","type":"image\/jpeg"}],"author":"NOTICIASMERCEDINAS.COM","twitter_card":"summary_large_image","twitter_creator":"@notmercedinas","twitter_site":"@notmercedinas","twitter_misc":{"Escrito por":"NOTICIASMERCEDINAS.COM","Tiempo de lectura":"2 minutos"},"schema":{"@context":"https:\/\/schema.org","@graph":[{"@type":"Article","@id":"https:\/\/noticiasmercedinas.com\/site\/2024\/02\/01\/nuevas-autoridades-en-la-policia-comunal-vanesa-casas-asume-como-jefa\/#article","isPartOf":{"@id":"https:\/\/noticiasmercedinas.com\/site\/2024\/02\/01\/nuevas-autoridades-en-la-policia-comunal-vanesa-casas-asume-como-jefa\/"},"author":{"name":"NOTICIASMERCEDINAS.COM","@id":"https:\/\/noticiasmercedinas.com\/site\/#\/schema\/person\/84b59c099c28ff2e8b77d4ceec5d8063"},"headline":"Nuevas autoridades en la Polic\u00eda Comunal: Vanesa Casas asume como jefa","datePublished":"2024-02-02T02:07:37+00:00","mainEntityOfPage":{"@id":"https:\/\/noticiasmercedinas.com\/site\/2024\/02\/01\/nuevas-autoridades-en-la-policia-comunal-vanesa-casas-asume-como-jefa\/"},"wordCount":340,"publisher":{"@id":"https:\/\/noticiasmercedinas.com\/site\/#organization"},"image":{"@id":"https:\/\/noticiasmercedinas.com\/site\/2024\/02\/01\/nuevas-autoridades-en-la-policia-comunal-vanesa-casas-asume-como-jefa\/#primaryimage"},"thumbnailUrl":"https:\/\/noticiasmercedinas.com\/site\/wp-content\/uploads\/2024\/02\/DSC04852.jpg","keywords":["polic\u00eda comunal","Vanesa Casas"],"articleSection":["Seguridad"],"inLanguage":"es"},{"@type":"WebPage","@id":"https:\/\/noticiasmercedinas.com\/site\/2024\/02\/01\/nuevas-autoridades-en-la-policia-comunal-vanesa-casas-asume-como-jefa\/","url":"https:\/\/noticiasmercedinas.com\/site\/2024\/02\/01\/nuevas-autoridades-en-la-policia-comunal-vanesa-casas-asume-como-jefa\/","name":"Nuevas autoridades en la Polic\u00eda Comunal: Vanesa Casas asume como jefa","isPartOf":{"@id":"https:\/\/noticiasmercedinas.com\/site\/#website"},"primaryImageOfPage":{"@id":"https:\/\/noticiasmercedinas.com\/site\/2024\/02\/01\/nuevas-autoridades-en-la-policia-comunal-vanesa-casas-asume-como-jefa\/#primaryimage"},"image":{"@id":"https:\/\/noticiasmercedinas.com\/site\/2024\/02\/01\/nuevas-autoridades-en-la-policia-comunal-vanesa-casas-asume-como-jefa\/#primaryimage"},"thumbnailUrl":"https:\/\/noticiasmercedinas.com\/site\/wp-content\/uploads\/2024\/02\/DSC04852.jpg","datePublished":"2024-02-02T02:07:37+00:00","breadcrumb":{"@id":"https:\/\/noticiasmercedinas.com\/site\/2024\/02\/01\/nuevas-autoridades-en-la-policia-comunal-vanesa-casas-asume-como-jefa\/#breadcrumb"},"inLanguage":"es","potentialAction":[{"@type":"ReadAction","target":["https:\/\/noticiasmercedinas.com\/site\/2024\/02\/01\/nuevas-autoridades-en-la-policia-comunal-vanesa-casas-asume-como-jefa\/"]}]},{"@type":"ImageObject","inLanguage":"es","@id":"https:\/\/noticiasmercedinas.com\/site\/2024\/02\/01\/nuevas-autoridades-en-la-policia-comunal-vanesa-casas-asume-como-jefa\/#primaryimage","url":"https:\/\/noticiasmercedinas.com\/site\/wp-content\/uploads\/2024\/02\/DSC04852.jpg","contentUrl":"https:\/\/noticiasmercedinas.com\/site\/wp-content\/uploads\/2024\/02\/DSC04852.jpg","width":1319,"height":879},{"@type":"BreadcrumbList","@id":"https:\/\/noticiasmercedinas.com\/site\/2024\/02\/01\/nuevas-autoridades-en-la-policia-comunal-vanesa-casas-asume-como-jefa\/#breadcrumb","itemListElement":[{"@type":"ListItem","position":1,"name":"Portada","item":"https:\/\/noticiasmercedinas.com\/site\/"},{"@type":"ListItem","position":2,"name":"Nuevas autoridades en la Polic\u00eda Comunal: Vanesa Casas asume como jefa"}]},{"@type":"WebSite","@id":"https:\/\/noticiasmercedinas.com\/site\/#website","url":"https:\/\/noticiasmercedinas.com\/site\/","name":"NOTICIASMERCEDINAS.COM","description":"Mercedes, Buenos Aires, Argentina","publisher":{"@id":"https:\/\/noticiasmercedinas.com\/site\/#organization"},"potentialAction":[{"@type":"SearchAction","target":{"@type":"EntryPoint","urlTemplate":"https:\/\/noticiasmercedinas.com\/site\/?s={search_term_string}"},"query-input":{"@type":"PropertyValueSpecification","valueRequired":true,"valueName":"search_term_string"}}],"inLanguage":"es"},{"@type":"Organization","@id":"https:\/\/noticiasmercedinas.com\/site\/#organization","name":"NOTICIASMERCEDINAS.COM","url":"https:\/\/noticiasmercedinas.com\/site\/","logo":{"@type":"ImageObject","inLanguage":"es","@id":"https:\/\/noticiasmercedinas.com\/site\/#\/schema\/logo\/image\/","url":"https:\/\/noticiasmercedinas.com\/site\/wp-content\/uploads\/2020\/06\/LOGO-512.jpg","contentUrl":"https:\/\/noticiasmercedinas.com\/site\/wp-content\/uploads\/2020\/06\/LOGO-512.jpg","width":512,"height":512,"caption":"NOTICIASMERCEDINAS.COM"},"image":{"@id":"https:\/\/noticiasmercedinas.com\/site\/#\/schema\/logo\/image\/"},"sameAs":["https:\/\/www.facebook.com\/noticiasmercedinas\/","https:\/\/x.com\/notmercedinas","https:\/\/www.instagram.com\/noticiasmercedinas\/"]},{"@type":"Person","@id":"https:\/\/noticiasmercedinas.com\/site\/#\/schema\/person\/84b59c099c28ff2e8b77d4ceec5d8063","name":"NOTICIASMERCEDINAS.COM","image":{"@type":"ImageObject","inLanguage":"es","@id":"https:\/\/secure.gravatar.com\/avatar\/4dfbf16b4d17945bfb6341b2d19043457132fcf478a5ee04f42e959fd8f5df0a?s=96&d=mm&r=g","url":"https:\/\/secure.gravatar.com\/avatar\/4dfbf16b4d17945bfb6341b2d19043457132fcf478a5ee04f42e959fd8f5df0a?s=96&d=mm&r=g","contentUrl":"https:\/\/secure.gravatar.com\/avatar\/4dfbf16b4d17945bfb6341b2d19043457132fcf478a5ee04f42e959fd8f5df0a?s=96&d=mm&r=g","caption":"NOTICIASMERCEDINAS.COM"},"url":"https:\/\/noticiasmercedinas.com\/site\/author\/anonimo\/"}]}},"amp_enabled":true,"_links":{"self":[{"href":"https:\/\/noticiasmercedinas.com\/site\/wp-json\/wp\/v2\/posts\/130220","targetHints":{"allow":["GET"]}}],"collection":[{"href":"https:\/\/noticiasmercedinas.com\/site\/wp-json\/wp\/v2\/posts"}],"about":[{"href":"https:\/\/noticiasmercedinas.com\/site\/wp-json\/wp\/v2\/types\/post"}],"author":[{"embeddable":true,"href":"https:\/\/noticiasmercedinas.com\/site\/wp-json\/wp\/v2\/users\/16"}],"replies":[{"embeddable":true,"href":"https:\/\/noticiasmercedinas.com\/site\/wp-json\/wp\/v2\/comments?post=130220"}],"version-history":[{"count":1,"href":"https:\/\/noticiasmercedinas.com\/site\/wp-json\/wp\/v2\/posts\/130220\/revisions"}],"predecessor-version":[{"id":130222,"href":"https:\/\/noticiasmercedinas.com\/site\/wp-json\/wp\/v2\/posts\/130220\/revisions\/130222"}],"wp:featuredmedia":[{"embeddable":true,"href":"https:\/\/noticiasmercedinas.com\/site\/wp-json\/wp\/v2\/media\/130221"}],"wp:attachment":[{"href":"https:\/\/noticiasmercedinas.com\/site\/wp-json\/wp\/v2\/media?parent=130220"}],"wp:term":[{"taxonomy":"category","embeddable":true,"href":"https:\/\/noticiasmercedinas.com\/site\/wp-json\/wp\/v2\/categories?post=130220"},{"taxonomy":"post_tag","embeddable":true,"href":"https:\/\/noticiasmercedinas.com\/site\/wp-json\/wp\/v2\/tags?post=130220"}],"curies":[{"name":"wp","href":"https:\/\/api.w.org\/{rel}","templated":true}]}}