{"id":130314,"date":"2024-02-04T19:29:07","date_gmt":"2024-02-04T22:29:07","guid":{"rendered":"https:\/\/noticiasmercedinas.com\/site\/?p=130314"},"modified":"2024-02-04T19:29:07","modified_gmt":"2024-02-04T22:29:07","slug":"inicia-el-arena-series-2024-en-claromeco-mateo-larrondo-brilla-en-su-debut-en-el-podio","status":"publish","type":"post","link":"https:\/\/noticiasmercedinas.com\/site\/2024\/02\/04\/inicia-el-arena-series-2024-en-claromeco-mateo-larrondo-brilla-en-su-debut-en-el-podio\/","title":{"rendered":"Inicia el Arena Series 2024 en Claromec\u00f3: Mateo Larrondo brilla en su debut en el podio"},"content":{"rendered":"<p><img loading=\"lazy\" decoding=\"async\" class=\"alignnone size-full wp-image-130315\" src=\"https:\/\/noticiasmercedinas.com\/site\/wp-content\/uploads\/2024\/02\/LARRONDO-ARENA.jpg\" alt=\"\" width=\"768\" height=\"1024\" srcset=\"https:\/\/noticiasmercedinas.com\/site\/wp-content\/uploads\/2024\/02\/LARRONDO-ARENA.jpg 768w, https:\/\/noticiasmercedinas.com\/site\/wp-content\/uploads\/2024\/02\/LARRONDO-ARENA-225x300.jpg 225w, https:\/\/noticiasmercedinas.com\/site\/wp-content\/uploads\/2024\/02\/LARRONDO-ARENA-640x853.jpg 640w, https:\/\/noticiasmercedinas.com\/site\/wp-content\/uploads\/2024\/02\/LARRONDO-ARENA-681x908.jpg 681w\" sizes=\"auto, (max-width: 768px) 100vw, 768px\" \/><\/p>\n<p>El emocionante certamen Arena Series, que re\u00fane a los talentos m\u00e1s destacados de Motos y Cuatriciclos, abri\u00f3 su temporada 2024 en las playas de Claromec\u00f3, en la costa atl\u00e1ntica bonaerense. Pilotos mercedinos destacaron en esta competencia que sirve como preludio al renombrado Enduro del Verano, programado del 23 al 25 de este mes en Villa Gesell.<\/p>\n<p>Con la participaci\u00f3n de m\u00e1s de 80 pilotos, la categor\u00eda de motos fue intensamente disputada. Nahuel Pedersen de Necochea se alz\u00f3 con la victoria, librando una feroz batalla contra Ulises Magliolo de Gesell y Tomas Conti de Mar del Plata, todos expertos en la disciplina.<\/p>\n<p>En la categor\u00eda Principiantes, el joven talento de 17 a\u00f1os, Mateo Larrondo, se destac\u00f3 al conseguir su primer podio en el Arena Series. Esta es su segunda temporada en la arena, y su tercer puesto lo coloca como una promesa a seguir. Su padre, Juan \u00abtiti\u00bb Larrondo, tambi\u00e9n dej\u00f3 su huella al concluir en la sexta posici\u00f3n de la Master + 50.<\/p>\n<p>La competici\u00f3n sirve como preparativo para el esperado Enduro del Verano, donde muchos participantes ya est\u00e1n afinando sus estrategias en la costa bonaerense. La pr\u00f3xima fecha del Arena Series est\u00e1 programada para los \u00faltimos d\u00edas de marzo en la ciudad de Villa Gesell, prometiendo m\u00e1s emociones y destacados desempe\u00f1os sobre la arena.<\/p>\n","protected":false},"excerpt":{"rendered":"<p>Pilotos mercedinos destacaron en esta competencia que sirve como preludio al renombrado Enduro del Verano, programado del 23 al 25 de este mes en Villa Gesell.<\/p>\n","protected":false},"author":16,"featured_media":130315,"comment_status":"closed","ping_status":"closed","sticky":false,"template":"","format":"standard","meta":{"footnotes":""},"categories":[5],"tags":[17870,84],"class_list":["post-130314","post","type-post","status-publish","format-standard","has-post-thumbnail","hentry","category-deportes","tag-mateo-larrondo","tag-motocross"],"yoast_head":"<!-- This site is optimized with the Yoast SEO plugin v27.5 - https:\/\/yoast.com\/product\/yoast-seo-wordpress\/ -->\n<title>Inicia el Arena Series 2024 en Claromec\u00f3: Mateo Larrondo brilla en su debut en el podio<\/title>\n<meta name=\"robots\" content=\"index, follow, max-snippet:-1, max-image-preview:large, max-video-preview:-1\" \/>\n<link rel=\"canonical\" href=\"https:\/\/noticiasmercedinas.com\/site\/2024\/02\/04\/inicia-el-arena-series-2024-en-claromeco-mateo-larrondo-brilla-en-su-debut-en-el-podio\/\" \/>\n<meta property=\"og:locale\" content=\"es_ES\" \/>\n<meta property=\"og:type\" content=\"article\" \/>\n<meta property=\"og:title\" content=\"Inicia el Arena Series 2024 en Claromec\u00f3: Mateo Larrondo brilla en su debut en el podio\" \/>\n<meta property=\"og:description\" content=\"Pilotos mercedinos destacaron en esta competencia que sirve como preludio al renombrado Enduro del Verano, programado del 23 al 25 de este mes en Villa Gesell.\" \/>\n<meta property=\"og:url\" content=\"https:\/\/noticiasmercedinas.com\/site\/2024\/02\/04\/inicia-el-arena-series-2024-en-claromeco-mateo-larrondo-brilla-en-su-debut-en-el-podio\/\" \/>\n<meta property=\"og:site_name\" content=\"NOTICIASMERCEDINAS.COM\" \/>\n<meta property=\"article:publisher\" content=\"https:\/\/www.facebook.com\/noticiasmercedinas\/\" \/>\n<meta property=\"article:published_time\" content=\"2024-02-04T22:29:07+00:00\" \/>\n<meta property=\"og:image\" content=\"https:\/\/noticiasmercedinas.com\/site\/wp-content\/uploads\/2024\/02\/LARRONDO-ARENA.jpg\" \/>\n\t<meta property=\"og:image:width\" content=\"768\" \/>\n\t<meta property=\"og:image:height\" content=\"1024\" \/>\n\t<meta property=\"og:image:type\" content=\"image\/jpeg\" \/>\n<meta name=\"author\" content=\"NOTICIASMERCEDINAS.COM\" \/>\n<meta name=\"twitter:card\" content=\"summary_large_image\" \/>\n<meta name=\"twitter:creator\" content=\"@notmercedinas\" \/>\n<meta name=\"twitter:site\" content=\"@notmercedinas\" \/>\n<meta name=\"twitter:label1\" content=\"Escrito por\" \/>\n\t<meta name=\"twitter:data1\" content=\"NOTICIASMERCEDINAS.COM\" \/>\n\t<meta name=\"twitter:label2\" content=\"Tiempo de lectura\" \/>\n\t<meta name=\"twitter:data2\" content=\"2 minutos\" \/>\n<script type=\"application\/ld+json\" class=\"yoast-schema-graph\">{\"@context\":\"https:\\\/\\\/schema.org\",\"@graph\":[{\"@type\":\"Article\",\"@id\":\"https:\\\/\\\/noticiasmercedinas.com\\\/site\\\/2024\\\/02\\\/04\\\/inicia-el-arena-series-2024-en-claromeco-mateo-larrondo-brilla-en-su-debut-en-el-podio\\\/#article\",\"isPartOf\":{\"@id\":\"https:\\\/\\\/noticiasmercedinas.com\\\/site\\\/2024\\\/02\\\/04\\\/inicia-el-arena-series-2024-en-claromeco-mateo-larrondo-brilla-en-su-debut-en-el-podio\\\/\"},\"author\":{\"name\":\"NOTICIASMERCEDINAS.COM\",\"@id\":\"https:\\\/\\\/noticiasmercedinas.com\\\/site\\\/#\\\/schema\\\/person\\\/84b59c099c28ff2e8b77d4ceec5d8063\"},\"headline\":\"Inicia el Arena Series 2024 en Claromec\u00f3: Mateo Larrondo brilla en su debut en el podio\",\"datePublished\":\"2024-02-04T22:29:07+00:00\",\"mainEntityOfPage\":{\"@id\":\"https:\\\/\\\/noticiasmercedinas.com\\\/site\\\/2024\\\/02\\\/04\\\/inicia-el-arena-series-2024-en-claromeco-mateo-larrondo-brilla-en-su-debut-en-el-podio\\\/\"},\"wordCount\":239,\"publisher\":{\"@id\":\"https:\\\/\\\/noticiasmercedinas.com\\\/site\\\/#organization\"},\"image\":{\"@id\":\"https:\\\/\\\/noticiasmercedinas.com\\\/site\\\/2024\\\/02\\\/04\\\/inicia-el-arena-series-2024-en-claromeco-mateo-larrondo-brilla-en-su-debut-en-el-podio\\\/#primaryimage\"},\"thumbnailUrl\":\"https:\\\/\\\/noticiasmercedinas.com\\\/site\\\/wp-content\\\/uploads\\\/2024\\\/02\\\/LARRONDO-ARENA.jpg\",\"keywords\":[\"Mateo Larrondo\",\"motocross\"],\"articleSection\":[\"Deportes\"],\"inLanguage\":\"es\"},{\"@type\":\"WebPage\",\"@id\":\"https:\\\/\\\/noticiasmercedinas.com\\\/site\\\/2024\\\/02\\\/04\\\/inicia-el-arena-series-2024-en-claromeco-mateo-larrondo-brilla-en-su-debut-en-el-podio\\\/\",\"url\":\"https:\\\/\\\/noticiasmercedinas.com\\\/site\\\/2024\\\/02\\\/04\\\/inicia-el-arena-series-2024-en-claromeco-mateo-larrondo-brilla-en-su-debut-en-el-podio\\\/\",\"name\":\"Inicia el Arena Series 2024 en Claromec\u00f3: Mateo Larrondo brilla en su debut en el podio\",\"isPartOf\":{\"@id\":\"https:\\\/\\\/noticiasmercedinas.com\\\/site\\\/#website\"},\"primaryImageOfPage\":{\"@id\":\"https:\\\/\\\/noticiasmercedinas.com\\\/site\\\/2024\\\/02\\\/04\\\/inicia-el-arena-series-2024-en-claromeco-mateo-larrondo-brilla-en-su-debut-en-el-podio\\\/#primaryimage\"},\"image\":{\"@id\":\"https:\\\/\\\/noticiasmercedinas.com\\\/site\\\/2024\\\/02\\\/04\\\/inicia-el-arena-series-2024-en-claromeco-mateo-larrondo-brilla-en-su-debut-en-el-podio\\\/#primaryimage\"},\"thumbnailUrl\":\"https:\\\/\\\/noticiasmercedinas.com\\\/site\\\/wp-content\\\/uploads\\\/2024\\\/02\\\/LARRONDO-ARENA.jpg\",\"datePublished\":\"2024-02-04T22:29:07+00:00\",\"breadcrumb\":{\"@id\":\"https:\\\/\\\/noticiasmercedinas.com\\\/site\\\/2024\\\/02\\\/04\\\/inicia-el-arena-series-2024-en-claromeco-mateo-larrondo-brilla-en-su-debut-en-el-podio\\\/#breadcrumb\"},\"inLanguage\":\"es\",\"potentialAction\":[{\"@type\":\"ReadAction\",\"target\":[\"https:\\\/\\\/noticiasmercedinas.com\\\/site\\\/2024\\\/02\\\/04\\\/inicia-el-arena-series-2024-en-claromeco-mateo-larrondo-brilla-en-su-debut-en-el-podio\\\/\"]}]},{\"@type\":\"ImageObject\",\"inLanguage\":\"es\",\"@id\":\"https:\\\/\\\/noticiasmercedinas.com\\\/site\\\/2024\\\/02\\\/04\\\/inicia-el-arena-series-2024-en-claromeco-mateo-larrondo-brilla-en-su-debut-en-el-podio\\\/#primaryimage\",\"url\":\"https:\\\/\\\/noticiasmercedinas.com\\\/site\\\/wp-content\\\/uploads\\\/2024\\\/02\\\/LARRONDO-ARENA.jpg\",\"contentUrl\":\"https:\\\/\\\/noticiasmercedinas.com\\\/site\\\/wp-content\\\/uploads\\\/2024\\\/02\\\/LARRONDO-ARENA.jpg\",\"width\":768,\"height\":1024},{\"@type\":\"BreadcrumbList\",\"@id\":\"https:\\\/\\\/noticiasmercedinas.com\\\/site\\\/2024\\\/02\\\/04\\\/inicia-el-arena-series-2024-en-claromeco-mateo-larrondo-brilla-en-su-debut-en-el-podio\\\/#breadcrumb\",\"itemListElement\":[{\"@type\":\"ListItem\",\"position\":1,\"name\":\"Portada\",\"item\":\"https:\\\/\\\/noticiasmercedinas.com\\\/site\\\/\"},{\"@type\":\"ListItem\",\"position\":2,\"name\":\"Inicia el Arena Series 2024 en Claromec\u00f3: Mateo Larrondo brilla en su debut en el podio\"}]},{\"@type\":\"WebSite\",\"@id\":\"https:\\\/\\\/noticiasmercedinas.com\\\/site\\\/#website\",\"url\":\"https:\\\/\\\/noticiasmercedinas.com\\\/site\\\/\",\"name\":\"NOTICIASMERCEDINAS.COM\",\"description\":\"Mercedes, Buenos Aires, Argentina\",\"publisher\":{\"@id\":\"https:\\\/\\\/noticiasmercedinas.com\\\/site\\\/#organization\"},\"potentialAction\":[{\"@type\":\"SearchAction\",\"target\":{\"@type\":\"EntryPoint\",\"urlTemplate\":\"https:\\\/\\\/noticiasmercedinas.com\\\/site\\\/?s={search_term_string}\"},\"query-input\":{\"@type\":\"PropertyValueSpecification\",\"valueRequired\":true,\"valueName\":\"search_term_string\"}}],\"inLanguage\":\"es\"},{\"@type\":\"Organization\",\"@id\":\"https:\\\/\\\/noticiasmercedinas.com\\\/site\\\/#organization\",\"name\":\"NOTICIASMERCEDINAS.COM\",\"url\":\"https:\\\/\\\/noticiasmercedinas.com\\\/site\\\/\",\"logo\":{\"@type\":\"ImageObject\",\"inLanguage\":\"es\",\"@id\":\"https:\\\/\\\/noticiasmercedinas.com\\\/site\\\/#\\\/schema\\\/logo\\\/image\\\/\",\"url\":\"https:\\\/\\\/noticiasmercedinas.com\\\/site\\\/wp-content\\\/uploads\\\/2020\\\/06\\\/LOGO-512.jpg\",\"contentUrl\":\"https:\\\/\\\/noticiasmercedinas.com\\\/site\\\/wp-content\\\/uploads\\\/2020\\\/06\\\/LOGO-512.jpg\",\"width\":512,\"height\":512,\"caption\":\"NOTICIASMERCEDINAS.COM\"},\"image\":{\"@id\":\"https:\\\/\\\/noticiasmercedinas.com\\\/site\\\/#\\\/schema\\\/logo\\\/image\\\/\"},\"sameAs\":[\"https:\\\/\\\/www.facebook.com\\\/noticiasmercedinas\\\/\",\"https:\\\/\\\/x.com\\\/notmercedinas\",\"https:\\\/\\\/www.instagram.com\\\/noticiasmercedinas\\\/\"]},{\"@type\":\"Person\",\"@id\":\"https:\\\/\\\/noticiasmercedinas.com\\\/site\\\/#\\\/schema\\\/person\\\/84b59c099c28ff2e8b77d4ceec5d8063\",\"name\":\"NOTICIASMERCEDINAS.COM\",\"image\":{\"@type\":\"ImageObject\",\"inLanguage\":\"es\",\"@id\":\"https:\\\/\\\/secure.gravatar.com\\\/avatar\\\/4dfbf16b4d17945bfb6341b2d19043457132fcf478a5ee04f42e959fd8f5df0a?s=96&d=mm&r=g\",\"url\":\"https:\\\/\\\/secure.gravatar.com\\\/avatar\\\/4dfbf16b4d17945bfb6341b2d19043457132fcf478a5ee04f42e959fd8f5df0a?s=96&d=mm&r=g\",\"contentUrl\":\"https:\\\/\\\/secure.gravatar.com\\\/avatar\\\/4dfbf16b4d17945bfb6341b2d19043457132fcf478a5ee04f42e959fd8f5df0a?s=96&d=mm&r=g\",\"caption\":\"NOTICIASMERCEDINAS.COM\"},\"url\":\"https:\\\/\\\/noticiasmercedinas.com\\\/site\\\/author\\\/anonimo\\\/\"}]}<\/script>\n<!-- \/ Yoast SEO plugin. -->","yoast_head_json":{"title":"Inicia el Arena Series 2024 en Claromec\u00f3: Mateo Larrondo brilla en su debut en el podio","robots":{"index":"index","follow":"follow","max-snippet":"max-snippet:-1","max-image-preview":"max-image-preview:large","max-video-preview":"max-video-preview:-1"},"canonical":"https:\/\/noticiasmercedinas.com\/site\/2024\/02\/04\/inicia-el-arena-series-2024-en-claromeco-mateo-larrondo-brilla-en-su-debut-en-el-podio\/","og_locale":"es_ES","og_type":"article","og_title":"Inicia el Arena Series 2024 en Claromec\u00f3: Mateo Larrondo brilla en su debut en el podio","og_description":"Pilotos mercedinos destacaron en esta competencia que sirve como preludio al renombrado Enduro del Verano, programado del 23 al 25 de este mes en Villa Gesell.","og_url":"https:\/\/noticiasmercedinas.com\/site\/2024\/02\/04\/inicia-el-arena-series-2024-en-claromeco-mateo-larrondo-brilla-en-su-debut-en-el-podio\/","og_site_name":"NOTICIASMERCEDINAS.COM","article_publisher":"https:\/\/www.facebook.com\/noticiasmercedinas\/","article_published_time":"2024-02-04T22:29:07+00:00","og_image":[{"width":768,"height":1024,"url":"https:\/\/noticiasmercedinas.com\/site\/wp-content\/uploads\/2024\/02\/LARRONDO-ARENA.jpg","type":"image\/jpeg"}],"author":"NOTICIASMERCEDINAS.COM","twitter_card":"summary_large_image","twitter_creator":"@notmercedinas","twitter_site":"@notmercedinas","twitter_misc":{"Escrito por":"NOTICIASMERCEDINAS.COM","Tiempo de lectura":"2 minutos"},"schema":{"@context":"https:\/\/schema.org","@graph":[{"@type":"Article","@id":"https:\/\/noticiasmercedinas.com\/site\/2024\/02\/04\/inicia-el-arena-series-2024-en-claromeco-mateo-larrondo-brilla-en-su-debut-en-el-podio\/#article","isPartOf":{"@id":"https:\/\/noticiasmercedinas.com\/site\/2024\/02\/04\/inicia-el-arena-series-2024-en-claromeco-mateo-larrondo-brilla-en-su-debut-en-el-podio\/"},"author":{"name":"NOTICIASMERCEDINAS.COM","@id":"https:\/\/noticiasmercedinas.com\/site\/#\/schema\/person\/84b59c099c28ff2e8b77d4ceec5d8063"},"headline":"Inicia el Arena Series 2024 en Claromec\u00f3: Mateo Larrondo brilla en su debut en el podio","datePublished":"2024-02-04T22:29:07+00:00","mainEntityOfPage":{"@id":"https:\/\/noticiasmercedinas.com\/site\/2024\/02\/04\/inicia-el-arena-series-2024-en-claromeco-mateo-larrondo-brilla-en-su-debut-en-el-podio\/"},"wordCount":239,"publisher":{"@id":"https:\/\/noticiasmercedinas.com\/site\/#organization"},"image":{"@id":"https:\/\/noticiasmercedinas.com\/site\/2024\/02\/04\/inicia-el-arena-series-2024-en-claromeco-mateo-larrondo-brilla-en-su-debut-en-el-podio\/#primaryimage"},"thumbnailUrl":"https:\/\/noticiasmercedinas.com\/site\/wp-content\/uploads\/2024\/02\/LARRONDO-ARENA.jpg","keywords":["Mateo Larrondo","motocross"],"articleSection":["Deportes"],"inLanguage":"es"},{"@type":"WebPage","@id":"https:\/\/noticiasmercedinas.com\/site\/2024\/02\/04\/inicia-el-arena-series-2024-en-claromeco-mateo-larrondo-brilla-en-su-debut-en-el-podio\/","url":"https:\/\/noticiasmercedinas.com\/site\/2024\/02\/04\/inicia-el-arena-series-2024-en-claromeco-mateo-larrondo-brilla-en-su-debut-en-el-podio\/","name":"Inicia el Arena Series 2024 en Claromec\u00f3: Mateo Larrondo brilla en su debut en el podio","isPartOf":{"@id":"https:\/\/noticiasmercedinas.com\/site\/#website"},"primaryImageOfPage":{"@id":"https:\/\/noticiasmercedinas.com\/site\/2024\/02\/04\/inicia-el-arena-series-2024-en-claromeco-mateo-larrondo-brilla-en-su-debut-en-el-podio\/#primaryimage"},"image":{"@id":"https:\/\/noticiasmercedinas.com\/site\/2024\/02\/04\/inicia-el-arena-series-2024-en-claromeco-mateo-larrondo-brilla-en-su-debut-en-el-podio\/#primaryimage"},"thumbnailUrl":"https:\/\/noticiasmercedinas.com\/site\/wp-content\/uploads\/2024\/02\/LARRONDO-ARENA.jpg","datePublished":"2024-02-04T22:29:07+00:00","breadcrumb":{"@id":"https:\/\/noticiasmercedinas.com\/site\/2024\/02\/04\/inicia-el-arena-series-2024-en-claromeco-mateo-larrondo-brilla-en-su-debut-en-el-podio\/#breadcrumb"},"inLanguage":"es","potentialAction":[{"@type":"ReadAction","target":["https:\/\/noticiasmercedinas.com\/site\/2024\/02\/04\/inicia-el-arena-series-2024-en-claromeco-mateo-larrondo-brilla-en-su-debut-en-el-podio\/"]}]},{"@type":"ImageObject","inLanguage":"es","@id":"https:\/\/noticiasmercedinas.com\/site\/2024\/02\/04\/inicia-el-arena-series-2024-en-claromeco-mateo-larrondo-brilla-en-su-debut-en-el-podio\/#primaryimage","url":"https:\/\/noticiasmercedinas.com\/site\/wp-content\/uploads\/2024\/02\/LARRONDO-ARENA.jpg","contentUrl":"https:\/\/noticiasmercedinas.com\/site\/wp-content\/uploads\/2024\/02\/LARRONDO-ARENA.jpg","width":768,"height":1024},{"@type":"BreadcrumbList","@id":"https:\/\/noticiasmercedinas.com\/site\/2024\/02\/04\/inicia-el-arena-series-2024-en-claromeco-mateo-larrondo-brilla-en-su-debut-en-el-podio\/#breadcrumb","itemListElement":[{"@type":"ListItem","position":1,"name":"Portada","item":"https:\/\/noticiasmercedinas.com\/site\/"},{"@type":"ListItem","position":2,"name":"Inicia el Arena Series 2024 en Claromec\u00f3: Mateo Larrondo brilla en su debut en el podio"}]},{"@type":"WebSite","@id":"https:\/\/noticiasmercedinas.com\/site\/#website","url":"https:\/\/noticiasmercedinas.com\/site\/","name":"NOTICIASMERCEDINAS.COM","description":"Mercedes, Buenos Aires, Argentina","publisher":{"@id":"https:\/\/noticiasmercedinas.com\/site\/#organization"},"potentialAction":[{"@type":"SearchAction","target":{"@type":"EntryPoint","urlTemplate":"https:\/\/noticiasmercedinas.com\/site\/?s={search_term_string}"},"query-input":{"@type":"PropertyValueSpecification","valueRequired":true,"valueName":"search_term_string"}}],"inLanguage":"es"},{"@type":"Organization","@id":"https:\/\/noticiasmercedinas.com\/site\/#organization","name":"NOTICIASMERCEDINAS.COM","url":"https:\/\/noticiasmercedinas.com\/site\/","logo":{"@type":"ImageObject","inLanguage":"es","@id":"https:\/\/noticiasmercedinas.com\/site\/#\/schema\/logo\/image\/","url":"https:\/\/noticiasmercedinas.com\/site\/wp-content\/uploads\/2020\/06\/LOGO-512.jpg","contentUrl":"https:\/\/noticiasmercedinas.com\/site\/wp-content\/uploads\/2020\/06\/LOGO-512.jpg","width":512,"height":512,"caption":"NOTICIASMERCEDINAS.COM"},"image":{"@id":"https:\/\/noticiasmercedinas.com\/site\/#\/schema\/logo\/image\/"},"sameAs":["https:\/\/www.facebook.com\/noticiasmercedinas\/","https:\/\/x.com\/notmercedinas","https:\/\/www.instagram.com\/noticiasmercedinas\/"]},{"@type":"Person","@id":"https:\/\/noticiasmercedinas.com\/site\/#\/schema\/person\/84b59c099c28ff2e8b77d4ceec5d8063","name":"NOTICIASMERCEDINAS.COM","image":{"@type":"ImageObject","inLanguage":"es","@id":"https:\/\/secure.gravatar.com\/avatar\/4dfbf16b4d17945bfb6341b2d19043457132fcf478a5ee04f42e959fd8f5df0a?s=96&d=mm&r=g","url":"https:\/\/secure.gravatar.com\/avatar\/4dfbf16b4d17945bfb6341b2d19043457132fcf478a5ee04f42e959fd8f5df0a?s=96&d=mm&r=g","contentUrl":"https:\/\/secure.gravatar.com\/avatar\/4dfbf16b4d17945bfb6341b2d19043457132fcf478a5ee04f42e959fd8f5df0a?s=96&d=mm&r=g","caption":"NOTICIASMERCEDINAS.COM"},"url":"https:\/\/noticiasmercedinas.com\/site\/author\/anonimo\/"}]}},"amp_enabled":true,"_links":{"self":[{"href":"https:\/\/noticiasmercedinas.com\/site\/wp-json\/wp\/v2\/posts\/130314","targetHints":{"allow":["GET"]}}],"collection":[{"href":"https:\/\/noticiasmercedinas.com\/site\/wp-json\/wp\/v2\/posts"}],"about":[{"href":"https:\/\/noticiasmercedinas.com\/site\/wp-json\/wp\/v2\/types\/post"}],"author":[{"embeddable":true,"href":"https:\/\/noticiasmercedinas.com\/site\/wp-json\/wp\/v2\/users\/16"}],"replies":[{"embeddable":true,"href":"https:\/\/noticiasmercedinas.com\/site\/wp-json\/wp\/v2\/comments?post=130314"}],"version-history":[{"count":1,"href":"https:\/\/noticiasmercedinas.com\/site\/wp-json\/wp\/v2\/posts\/130314\/revisions"}],"predecessor-version":[{"id":130316,"href":"https:\/\/noticiasmercedinas.com\/site\/wp-json\/wp\/v2\/posts\/130314\/revisions\/130316"}],"wp:featuredmedia":[{"embeddable":true,"href":"https:\/\/noticiasmercedinas.com\/site\/wp-json\/wp\/v2\/media\/130315"}],"wp:attachment":[{"href":"https:\/\/noticiasmercedinas.com\/site\/wp-json\/wp\/v2\/media?parent=130314"}],"wp:term":[{"taxonomy":"category","embeddable":true,"href":"https:\/\/noticiasmercedinas.com\/site\/wp-json\/wp\/v2\/categories?post=130314"},{"taxonomy":"post_tag","embeddable":true,"href":"https:\/\/noticiasmercedinas.com\/site\/wp-json\/wp\/v2\/tags?post=130314"}],"curies":[{"name":"wp","href":"https:\/\/api.w.org\/{rel}","templated":true}]}}