{"id":130348,"date":"2024-02-05T23:37:59","date_gmt":"2024-02-06T02:37:59","guid":{"rendered":"https:\/\/noticiasmercedinas.com\/site\/?p=130348"},"modified":"2024-02-07T22:34:50","modified_gmt":"2024-02-08T01:34:50","slug":"ustarroz-y-ministro-sileoni-encabezan-reunion-de-trabajo-en-el-palacio-municipal","status":"publish","type":"post","link":"https:\/\/noticiasmercedinas.com\/site\/2024\/02\/05\/ustarroz-y-ministro-sileoni-encabezan-reunion-de-trabajo-en-el-palacio-municipal\/","title":{"rendered":"Ustarroz y Ministro Sileoni encabezan reuni\u00f3n de trabajo en el Palacio Municipal"},"content":{"rendered":"<p><img loading=\"lazy\" decoding=\"async\" class=\"alignnone size-large wp-image-130349\" src=\"https:\/\/noticiasmercedinas.com\/site\/wp-content\/uploads\/2024\/02\/Sileoni-Ustarroz-1024x682.jpeg\" alt=\"\" width=\"640\" height=\"426\" srcset=\"https:\/\/noticiasmercedinas.com\/site\/wp-content\/uploads\/2024\/02\/Sileoni-Ustarroz-1024x682.jpeg 1024w, https:\/\/noticiasmercedinas.com\/site\/wp-content\/uploads\/2024\/02\/Sileoni-Ustarroz-300x200.jpeg 300w, https:\/\/noticiasmercedinas.com\/site\/wp-content\/uploads\/2024\/02\/Sileoni-Ustarroz-768x512.jpeg 768w, https:\/\/noticiasmercedinas.com\/site\/wp-content\/uploads\/2024\/02\/Sileoni-Ustarroz-640x427.jpeg 640w, https:\/\/noticiasmercedinas.com\/site\/wp-content\/uploads\/2024\/02\/Sileoni-Ustarroz-681x454.jpeg 681w, https:\/\/noticiasmercedinas.com\/site\/wp-content\/uploads\/2024\/02\/Sileoni-Ustarroz.jpeg 1280w\" sizes=\"auto, (max-width: 640px) 100vw, 640px\" \/><\/p>\n<p>En una jornada de colaboraci\u00f3n y planificaci\u00f3n, el intendente de Mercedes, Dr. Juan Ignacio Ustarroz, recibi\u00f3 al Ministro de Educaci\u00f3n de la Provincia, Alberto Sileoni, en el Palacio Municipal.<\/p>\n<p>La reuni\u00f3n se enfoc\u00f3 en aspectos clave de la gesti\u00f3n educativa, estrategias para el inicio del ciclo lectivo 2024 y programas como \u00abMercedes Aprende Unida\u00bb.<\/p>\n<p>El encuentro, liderado por Ustarroz y Sileoni, se hab\u00eda planificado con antelaci\u00f3n para permitir un trabajo conjunto entre los equipos t\u00e9cnicos educativos de la Municipalidad y el Ministerio. Se abordaron temas como el programa \u00abMercedes Aprende Unida\u00bb, preparativos para el inicio del ciclo lectivo, cuidado de la ni\u00f1ez, programas de primera infancia, educaci\u00f3n barrial, y otras iniciativas comunitarias.<\/p>\n<p>El intendente Ustarroz expres\u00f3 su orgullo al recibir al Ministro Sileoni, destacando su constante presencia y contribuci\u00f3n a trav\u00e9s de programas, proyectos y obras. Ustarroz elogi\u00f3 la cercan\u00eda y el compromiso del Ministro en la implementaci\u00f3n de las pol\u00edticas educativas del gobernador Axel Kicillof.<\/p>\n<p>Jos\u00e9 Lu\u00eds Pisano, secretario de educaci\u00f3n comunal, resalt\u00f3 la importancia del trabajo en equipo y agradeci\u00f3 la oportunidad de abordar los temas educativos de inter\u00e9s para el Partido y la Municipalidad.<\/p>\n<p>La reuni\u00f3n, que cont\u00f3 con la participaci\u00f3n de funcionarios y referentes de diversas \u00e1reas, dej\u00f3 un extenso temario para continuar trabajando en la construcci\u00f3n de una \u00abciudad educadora\u00bb. La mesa de gesti\u00f3n no solo abord\u00f3 la actualidad, sino que tambi\u00e9n proyect\u00f3 iniciativas para impulsar el desarrollo educativo a largo plazo en Mercedes.<\/p>\n","protected":false},"excerpt":{"rendered":"<p>\u25a0 Se abordaron temas como el programa \u00abMercedes Aprende Unida\u00bb, preparativos para el inicio del ciclo lectivo, cuidado de la ni\u00f1ez, programas de primera infancia, educaci\u00f3n barrial, y otras iniciativas comunitarias.<\/p>\n","protected":false},"author":16,"featured_media":130349,"comment_status":"closed","ping_status":"closed","sticky":false,"template":"","format":"standard","meta":{"footnotes":""},"categories":[16],"tags":[13704],"class_list":["post-130348","post","type-post","status-publish","format-standard","has-post-thumbnail","hentry","category-politica","tag-alberto-sileoni"],"yoast_head":"<!-- This site is optimized with the Yoast SEO plugin v27.4 - https:\/\/yoast.com\/product\/yoast-seo-wordpress\/ -->\n<title>Ustarroz y Ministro Sileoni encabezan reuni\u00f3n de trabajo en el Palacio Municipal<\/title>\n<meta name=\"robots\" content=\"index, follow, max-snippet:-1, max-image-preview:large, max-video-preview:-1\" \/>\n<link rel=\"canonical\" href=\"https:\/\/noticiasmercedinas.com\/site\/2024\/02\/05\/ustarroz-y-ministro-sileoni-encabezan-reunion-de-trabajo-en-el-palacio-municipal\/\" \/>\n<meta property=\"og:locale\" content=\"es_ES\" \/>\n<meta property=\"og:type\" content=\"article\" \/>\n<meta property=\"og:title\" content=\"Ustarroz y Ministro Sileoni encabezan reuni\u00f3n de trabajo en el Palacio Municipal\" \/>\n<meta property=\"og:description\" content=\"\u25a0 Se abordaron temas como el programa &quot;Mercedes Aprende Unida&quot;, preparativos para el inicio del ciclo lectivo, cuidado de la ni\u00f1ez, programas de primera infancia, educaci\u00f3n barrial, y otras iniciativas comunitarias.\" \/>\n<meta property=\"og:url\" content=\"https:\/\/noticiasmercedinas.com\/site\/2024\/02\/05\/ustarroz-y-ministro-sileoni-encabezan-reunion-de-trabajo-en-el-palacio-municipal\/\" \/>\n<meta property=\"og:site_name\" content=\"NOTICIASMERCEDINAS.COM\" \/>\n<meta property=\"article:publisher\" content=\"https:\/\/www.facebook.com\/noticiasmercedinas\/\" \/>\n<meta property=\"article:published_time\" content=\"2024-02-06T02:37:59+00:00\" \/>\n<meta property=\"article:modified_time\" content=\"2024-02-08T01:34:50+00:00\" \/>\n<meta property=\"og:image\" content=\"https:\/\/noticiasmercedinas.com\/site\/wp-content\/uploads\/2024\/02\/Sileoni-Ustarroz.jpeg\" \/>\n\t<meta property=\"og:image:width\" content=\"1280\" \/>\n\t<meta property=\"og:image:height\" content=\"853\" \/>\n\t<meta property=\"og:image:type\" content=\"image\/jpeg\" \/>\n<meta name=\"author\" content=\"NOTICIASMERCEDINAS.COM\" \/>\n<meta name=\"twitter:card\" content=\"summary_large_image\" \/>\n<meta name=\"twitter:creator\" content=\"@notmercedinas\" \/>\n<meta name=\"twitter:site\" content=\"@notmercedinas\" \/>\n<meta name=\"twitter:label1\" content=\"Escrito por\" \/>\n\t<meta name=\"twitter:data1\" content=\"NOTICIASMERCEDINAS.COM\" \/>\n\t<meta name=\"twitter:label2\" content=\"Tiempo de lectura\" \/>\n\t<meta name=\"twitter:data2\" content=\"2 minutos\" \/>\n<script type=\"application\/ld+json\" class=\"yoast-schema-graph\">{\"@context\":\"https:\\\/\\\/schema.org\",\"@graph\":[{\"@type\":\"Article\",\"@id\":\"https:\\\/\\\/noticiasmercedinas.com\\\/site\\\/2024\\\/02\\\/05\\\/ustarroz-y-ministro-sileoni-encabezan-reunion-de-trabajo-en-el-palacio-municipal\\\/#article\",\"isPartOf\":{\"@id\":\"https:\\\/\\\/noticiasmercedinas.com\\\/site\\\/2024\\\/02\\\/05\\\/ustarroz-y-ministro-sileoni-encabezan-reunion-de-trabajo-en-el-palacio-municipal\\\/\"},\"author\":{\"name\":\"NOTICIASMERCEDINAS.COM\",\"@id\":\"https:\\\/\\\/noticiasmercedinas.com\\\/site\\\/#\\\/schema\\\/person\\\/84b59c099c28ff2e8b77d4ceec5d8063\"},\"headline\":\"Ustarroz y Ministro Sileoni encabezan reuni\u00f3n de trabajo en el Palacio Municipal\",\"datePublished\":\"2024-02-06T02:37:59+00:00\",\"dateModified\":\"2024-02-08T01:34:50+00:00\",\"mainEntityOfPage\":{\"@id\":\"https:\\\/\\\/noticiasmercedinas.com\\\/site\\\/2024\\\/02\\\/05\\\/ustarroz-y-ministro-sileoni-encabezan-reunion-de-trabajo-en-el-palacio-municipal\\\/\"},\"wordCount\":274,\"publisher\":{\"@id\":\"https:\\\/\\\/noticiasmercedinas.com\\\/site\\\/#organization\"},\"image\":{\"@id\":\"https:\\\/\\\/noticiasmercedinas.com\\\/site\\\/2024\\\/02\\\/05\\\/ustarroz-y-ministro-sileoni-encabezan-reunion-de-trabajo-en-el-palacio-municipal\\\/#primaryimage\"},\"thumbnailUrl\":\"https:\\\/\\\/noticiasmercedinas.com\\\/site\\\/wp-content\\\/uploads\\\/2024\\\/02\\\/Sileoni-Ustarroz.jpeg\",\"keywords\":[\"Alberto Sileoni\"],\"articleSection\":[\"Politica\"],\"inLanguage\":\"es\"},{\"@type\":\"WebPage\",\"@id\":\"https:\\\/\\\/noticiasmercedinas.com\\\/site\\\/2024\\\/02\\\/05\\\/ustarroz-y-ministro-sileoni-encabezan-reunion-de-trabajo-en-el-palacio-municipal\\\/\",\"url\":\"https:\\\/\\\/noticiasmercedinas.com\\\/site\\\/2024\\\/02\\\/05\\\/ustarroz-y-ministro-sileoni-encabezan-reunion-de-trabajo-en-el-palacio-municipal\\\/\",\"name\":\"Ustarroz y Ministro Sileoni encabezan reuni\u00f3n de trabajo en el Palacio Municipal\",\"isPartOf\":{\"@id\":\"https:\\\/\\\/noticiasmercedinas.com\\\/site\\\/#website\"},\"primaryImageOfPage\":{\"@id\":\"https:\\\/\\\/noticiasmercedinas.com\\\/site\\\/2024\\\/02\\\/05\\\/ustarroz-y-ministro-sileoni-encabezan-reunion-de-trabajo-en-el-palacio-municipal\\\/#primaryimage\"},\"image\":{\"@id\":\"https:\\\/\\\/noticiasmercedinas.com\\\/site\\\/2024\\\/02\\\/05\\\/ustarroz-y-ministro-sileoni-encabezan-reunion-de-trabajo-en-el-palacio-municipal\\\/#primaryimage\"},\"thumbnailUrl\":\"https:\\\/\\\/noticiasmercedinas.com\\\/site\\\/wp-content\\\/uploads\\\/2024\\\/02\\\/Sileoni-Ustarroz.jpeg\",\"datePublished\":\"2024-02-06T02:37:59+00:00\",\"dateModified\":\"2024-02-08T01:34:50+00:00\",\"breadcrumb\":{\"@id\":\"https:\\\/\\\/noticiasmercedinas.com\\\/site\\\/2024\\\/02\\\/05\\\/ustarroz-y-ministro-sileoni-encabezan-reunion-de-trabajo-en-el-palacio-municipal\\\/#breadcrumb\"},\"inLanguage\":\"es\",\"potentialAction\":[{\"@type\":\"ReadAction\",\"target\":[\"https:\\\/\\\/noticiasmercedinas.com\\\/site\\\/2024\\\/02\\\/05\\\/ustarroz-y-ministro-sileoni-encabezan-reunion-de-trabajo-en-el-palacio-municipal\\\/\"]}]},{\"@type\":\"ImageObject\",\"inLanguage\":\"es\",\"@id\":\"https:\\\/\\\/noticiasmercedinas.com\\\/site\\\/2024\\\/02\\\/05\\\/ustarroz-y-ministro-sileoni-encabezan-reunion-de-trabajo-en-el-palacio-municipal\\\/#primaryimage\",\"url\":\"https:\\\/\\\/noticiasmercedinas.com\\\/site\\\/wp-content\\\/uploads\\\/2024\\\/02\\\/Sileoni-Ustarroz.jpeg\",\"contentUrl\":\"https:\\\/\\\/noticiasmercedinas.com\\\/site\\\/wp-content\\\/uploads\\\/2024\\\/02\\\/Sileoni-Ustarroz.jpeg\",\"width\":1280,\"height\":853},{\"@type\":\"BreadcrumbList\",\"@id\":\"https:\\\/\\\/noticiasmercedinas.com\\\/site\\\/2024\\\/02\\\/05\\\/ustarroz-y-ministro-sileoni-encabezan-reunion-de-trabajo-en-el-palacio-municipal\\\/#breadcrumb\",\"itemListElement\":[{\"@type\":\"ListItem\",\"position\":1,\"name\":\"Portada\",\"item\":\"https:\\\/\\\/noticiasmercedinas.com\\\/site\\\/\"},{\"@type\":\"ListItem\",\"position\":2,\"name\":\"Ustarroz y Ministro Sileoni encabezan reuni\u00f3n de trabajo en el Palacio Municipal\"}]},{\"@type\":\"WebSite\",\"@id\":\"https:\\\/\\\/noticiasmercedinas.com\\\/site\\\/#website\",\"url\":\"https:\\\/\\\/noticiasmercedinas.com\\\/site\\\/\",\"name\":\"NOTICIASMERCEDINAS.COM\",\"description\":\"Mercedes, Buenos Aires, Argentina\",\"publisher\":{\"@id\":\"https:\\\/\\\/noticiasmercedinas.com\\\/site\\\/#organization\"},\"potentialAction\":[{\"@type\":\"SearchAction\",\"target\":{\"@type\":\"EntryPoint\",\"urlTemplate\":\"https:\\\/\\\/noticiasmercedinas.com\\\/site\\\/?s={search_term_string}\"},\"query-input\":{\"@type\":\"PropertyValueSpecification\",\"valueRequired\":true,\"valueName\":\"search_term_string\"}}],\"inLanguage\":\"es\"},{\"@type\":\"Organization\",\"@id\":\"https:\\\/\\\/noticiasmercedinas.com\\\/site\\\/#organization\",\"name\":\"NOTICIASMERCEDINAS.COM\",\"url\":\"https:\\\/\\\/noticiasmercedinas.com\\\/site\\\/\",\"logo\":{\"@type\":\"ImageObject\",\"inLanguage\":\"es\",\"@id\":\"https:\\\/\\\/noticiasmercedinas.com\\\/site\\\/#\\\/schema\\\/logo\\\/image\\\/\",\"url\":\"https:\\\/\\\/noticiasmercedinas.com\\\/site\\\/wp-content\\\/uploads\\\/2020\\\/06\\\/LOGO-512.jpg\",\"contentUrl\":\"https:\\\/\\\/noticiasmercedinas.com\\\/site\\\/wp-content\\\/uploads\\\/2020\\\/06\\\/LOGO-512.jpg\",\"width\":512,\"height\":512,\"caption\":\"NOTICIASMERCEDINAS.COM\"},\"image\":{\"@id\":\"https:\\\/\\\/noticiasmercedinas.com\\\/site\\\/#\\\/schema\\\/logo\\\/image\\\/\"},\"sameAs\":[\"https:\\\/\\\/www.facebook.com\\\/noticiasmercedinas\\\/\",\"https:\\\/\\\/x.com\\\/notmercedinas\",\"https:\\\/\\\/www.instagram.com\\\/noticiasmercedinas\\\/\"]},{\"@type\":\"Person\",\"@id\":\"https:\\\/\\\/noticiasmercedinas.com\\\/site\\\/#\\\/schema\\\/person\\\/84b59c099c28ff2e8b77d4ceec5d8063\",\"name\":\"NOTICIASMERCEDINAS.COM\",\"image\":{\"@type\":\"ImageObject\",\"inLanguage\":\"es\",\"@id\":\"https:\\\/\\\/secure.gravatar.com\\\/avatar\\\/4dfbf16b4d17945bfb6341b2d19043457132fcf478a5ee04f42e959fd8f5df0a?s=96&d=mm&r=g\",\"url\":\"https:\\\/\\\/secure.gravatar.com\\\/avatar\\\/4dfbf16b4d17945bfb6341b2d19043457132fcf478a5ee04f42e959fd8f5df0a?s=96&d=mm&r=g\",\"contentUrl\":\"https:\\\/\\\/secure.gravatar.com\\\/avatar\\\/4dfbf16b4d17945bfb6341b2d19043457132fcf478a5ee04f42e959fd8f5df0a?s=96&d=mm&r=g\",\"caption\":\"NOTICIASMERCEDINAS.COM\"},\"url\":\"https:\\\/\\\/noticiasmercedinas.com\\\/site\\\/author\\\/anonimo\\\/\"}]}<\/script>\n<!-- \/ Yoast SEO plugin. -->","yoast_head_json":{"title":"Ustarroz y Ministro Sileoni encabezan reuni\u00f3n de trabajo en el Palacio Municipal","robots":{"index":"index","follow":"follow","max-snippet":"max-snippet:-1","max-image-preview":"max-image-preview:large","max-video-preview":"max-video-preview:-1"},"canonical":"https:\/\/noticiasmercedinas.com\/site\/2024\/02\/05\/ustarroz-y-ministro-sileoni-encabezan-reunion-de-trabajo-en-el-palacio-municipal\/","og_locale":"es_ES","og_type":"article","og_title":"Ustarroz y Ministro Sileoni encabezan reuni\u00f3n de trabajo en el Palacio Municipal","og_description":"\u25a0 Se abordaron temas como el programa \"Mercedes Aprende Unida\", preparativos para el inicio del ciclo lectivo, cuidado de la ni\u00f1ez, programas de primera infancia, educaci\u00f3n barrial, y otras iniciativas comunitarias.","og_url":"https:\/\/noticiasmercedinas.com\/site\/2024\/02\/05\/ustarroz-y-ministro-sileoni-encabezan-reunion-de-trabajo-en-el-palacio-municipal\/","og_site_name":"NOTICIASMERCEDINAS.COM","article_publisher":"https:\/\/www.facebook.com\/noticiasmercedinas\/","article_published_time":"2024-02-06T02:37:59+00:00","article_modified_time":"2024-02-08T01:34:50+00:00","og_image":[{"width":1280,"height":853,"url":"https:\/\/noticiasmercedinas.com\/site\/wp-content\/uploads\/2024\/02\/Sileoni-Ustarroz.jpeg","type":"image\/jpeg"}],"author":"NOTICIASMERCEDINAS.COM","twitter_card":"summary_large_image","twitter_creator":"@notmercedinas","twitter_site":"@notmercedinas","twitter_misc":{"Escrito por":"NOTICIASMERCEDINAS.COM","Tiempo de lectura":"2 minutos"},"schema":{"@context":"https:\/\/schema.org","@graph":[{"@type":"Article","@id":"https:\/\/noticiasmercedinas.com\/site\/2024\/02\/05\/ustarroz-y-ministro-sileoni-encabezan-reunion-de-trabajo-en-el-palacio-municipal\/#article","isPartOf":{"@id":"https:\/\/noticiasmercedinas.com\/site\/2024\/02\/05\/ustarroz-y-ministro-sileoni-encabezan-reunion-de-trabajo-en-el-palacio-municipal\/"},"author":{"name":"NOTICIASMERCEDINAS.COM","@id":"https:\/\/noticiasmercedinas.com\/site\/#\/schema\/person\/84b59c099c28ff2e8b77d4ceec5d8063"},"headline":"Ustarroz y Ministro Sileoni encabezan reuni\u00f3n de trabajo en el Palacio Municipal","datePublished":"2024-02-06T02:37:59+00:00","dateModified":"2024-02-08T01:34:50+00:00","mainEntityOfPage":{"@id":"https:\/\/noticiasmercedinas.com\/site\/2024\/02\/05\/ustarroz-y-ministro-sileoni-encabezan-reunion-de-trabajo-en-el-palacio-municipal\/"},"wordCount":274,"publisher":{"@id":"https:\/\/noticiasmercedinas.com\/site\/#organization"},"image":{"@id":"https:\/\/noticiasmercedinas.com\/site\/2024\/02\/05\/ustarroz-y-ministro-sileoni-encabezan-reunion-de-trabajo-en-el-palacio-municipal\/#primaryimage"},"thumbnailUrl":"https:\/\/noticiasmercedinas.com\/site\/wp-content\/uploads\/2024\/02\/Sileoni-Ustarroz.jpeg","keywords":["Alberto Sileoni"],"articleSection":["Politica"],"inLanguage":"es"},{"@type":"WebPage","@id":"https:\/\/noticiasmercedinas.com\/site\/2024\/02\/05\/ustarroz-y-ministro-sileoni-encabezan-reunion-de-trabajo-en-el-palacio-municipal\/","url":"https:\/\/noticiasmercedinas.com\/site\/2024\/02\/05\/ustarroz-y-ministro-sileoni-encabezan-reunion-de-trabajo-en-el-palacio-municipal\/","name":"Ustarroz y Ministro Sileoni encabezan reuni\u00f3n de trabajo en el Palacio Municipal","isPartOf":{"@id":"https:\/\/noticiasmercedinas.com\/site\/#website"},"primaryImageOfPage":{"@id":"https:\/\/noticiasmercedinas.com\/site\/2024\/02\/05\/ustarroz-y-ministro-sileoni-encabezan-reunion-de-trabajo-en-el-palacio-municipal\/#primaryimage"},"image":{"@id":"https:\/\/noticiasmercedinas.com\/site\/2024\/02\/05\/ustarroz-y-ministro-sileoni-encabezan-reunion-de-trabajo-en-el-palacio-municipal\/#primaryimage"},"thumbnailUrl":"https:\/\/noticiasmercedinas.com\/site\/wp-content\/uploads\/2024\/02\/Sileoni-Ustarroz.jpeg","datePublished":"2024-02-06T02:37:59+00:00","dateModified":"2024-02-08T01:34:50+00:00","breadcrumb":{"@id":"https:\/\/noticiasmercedinas.com\/site\/2024\/02\/05\/ustarroz-y-ministro-sileoni-encabezan-reunion-de-trabajo-en-el-palacio-municipal\/#breadcrumb"},"inLanguage":"es","potentialAction":[{"@type":"ReadAction","target":["https:\/\/noticiasmercedinas.com\/site\/2024\/02\/05\/ustarroz-y-ministro-sileoni-encabezan-reunion-de-trabajo-en-el-palacio-municipal\/"]}]},{"@type":"ImageObject","inLanguage":"es","@id":"https:\/\/noticiasmercedinas.com\/site\/2024\/02\/05\/ustarroz-y-ministro-sileoni-encabezan-reunion-de-trabajo-en-el-palacio-municipal\/#primaryimage","url":"https:\/\/noticiasmercedinas.com\/site\/wp-content\/uploads\/2024\/02\/Sileoni-Ustarroz.jpeg","contentUrl":"https:\/\/noticiasmercedinas.com\/site\/wp-content\/uploads\/2024\/02\/Sileoni-Ustarroz.jpeg","width":1280,"height":853},{"@type":"BreadcrumbList","@id":"https:\/\/noticiasmercedinas.com\/site\/2024\/02\/05\/ustarroz-y-ministro-sileoni-encabezan-reunion-de-trabajo-en-el-palacio-municipal\/#breadcrumb","itemListElement":[{"@type":"ListItem","position":1,"name":"Portada","item":"https:\/\/noticiasmercedinas.com\/site\/"},{"@type":"ListItem","position":2,"name":"Ustarroz y Ministro Sileoni encabezan reuni\u00f3n de trabajo en el Palacio Municipal"}]},{"@type":"WebSite","@id":"https:\/\/noticiasmercedinas.com\/site\/#website","url":"https:\/\/noticiasmercedinas.com\/site\/","name":"NOTICIASMERCEDINAS.COM","description":"Mercedes, Buenos Aires, Argentina","publisher":{"@id":"https:\/\/noticiasmercedinas.com\/site\/#organization"},"potentialAction":[{"@type":"SearchAction","target":{"@type":"EntryPoint","urlTemplate":"https:\/\/noticiasmercedinas.com\/site\/?s={search_term_string}"},"query-input":{"@type":"PropertyValueSpecification","valueRequired":true,"valueName":"search_term_string"}}],"inLanguage":"es"},{"@type":"Organization","@id":"https:\/\/noticiasmercedinas.com\/site\/#organization","name":"NOTICIASMERCEDINAS.COM","url":"https:\/\/noticiasmercedinas.com\/site\/","logo":{"@type":"ImageObject","inLanguage":"es","@id":"https:\/\/noticiasmercedinas.com\/site\/#\/schema\/logo\/image\/","url":"https:\/\/noticiasmercedinas.com\/site\/wp-content\/uploads\/2020\/06\/LOGO-512.jpg","contentUrl":"https:\/\/noticiasmercedinas.com\/site\/wp-content\/uploads\/2020\/06\/LOGO-512.jpg","width":512,"height":512,"caption":"NOTICIASMERCEDINAS.COM"},"image":{"@id":"https:\/\/noticiasmercedinas.com\/site\/#\/schema\/logo\/image\/"},"sameAs":["https:\/\/www.facebook.com\/noticiasmercedinas\/","https:\/\/x.com\/notmercedinas","https:\/\/www.instagram.com\/noticiasmercedinas\/"]},{"@type":"Person","@id":"https:\/\/noticiasmercedinas.com\/site\/#\/schema\/person\/84b59c099c28ff2e8b77d4ceec5d8063","name":"NOTICIASMERCEDINAS.COM","image":{"@type":"ImageObject","inLanguage":"es","@id":"https:\/\/secure.gravatar.com\/avatar\/4dfbf16b4d17945bfb6341b2d19043457132fcf478a5ee04f42e959fd8f5df0a?s=96&d=mm&r=g","url":"https:\/\/secure.gravatar.com\/avatar\/4dfbf16b4d17945bfb6341b2d19043457132fcf478a5ee04f42e959fd8f5df0a?s=96&d=mm&r=g","contentUrl":"https:\/\/secure.gravatar.com\/avatar\/4dfbf16b4d17945bfb6341b2d19043457132fcf478a5ee04f42e959fd8f5df0a?s=96&d=mm&r=g","caption":"NOTICIASMERCEDINAS.COM"},"url":"https:\/\/noticiasmercedinas.com\/site\/author\/anonimo\/"}]}},"amp_enabled":true,"_links":{"self":[{"href":"https:\/\/noticiasmercedinas.com\/site\/wp-json\/wp\/v2\/posts\/130348","targetHints":{"allow":["GET"]}}],"collection":[{"href":"https:\/\/noticiasmercedinas.com\/site\/wp-json\/wp\/v2\/posts"}],"about":[{"href":"https:\/\/noticiasmercedinas.com\/site\/wp-json\/wp\/v2\/types\/post"}],"author":[{"embeddable":true,"href":"https:\/\/noticiasmercedinas.com\/site\/wp-json\/wp\/v2\/users\/16"}],"replies":[{"embeddable":true,"href":"https:\/\/noticiasmercedinas.com\/site\/wp-json\/wp\/v2\/comments?post=130348"}],"version-history":[{"count":2,"href":"https:\/\/noticiasmercedinas.com\/site\/wp-json\/wp\/v2\/posts\/130348\/revisions"}],"predecessor-version":[{"id":130405,"href":"https:\/\/noticiasmercedinas.com\/site\/wp-json\/wp\/v2\/posts\/130348\/revisions\/130405"}],"wp:featuredmedia":[{"embeddable":true,"href":"https:\/\/noticiasmercedinas.com\/site\/wp-json\/wp\/v2\/media\/130349"}],"wp:attachment":[{"href":"https:\/\/noticiasmercedinas.com\/site\/wp-json\/wp\/v2\/media?parent=130348"}],"wp:term":[{"taxonomy":"category","embeddable":true,"href":"https:\/\/noticiasmercedinas.com\/site\/wp-json\/wp\/v2\/categories?post=130348"},{"taxonomy":"post_tag","embeddable":true,"href":"https:\/\/noticiasmercedinas.com\/site\/wp-json\/wp\/v2\/tags?post=130348"}],"curies":[{"name":"wp","href":"https:\/\/api.w.org\/{rel}","templated":true}]}}