{"id":13040,"date":"2019-02-28T13:42:47","date_gmt":"2019-02-28T16:42:47","guid":{"rendered":"https:\/\/noticiasmercedinas.com\/site\/?p=13040"},"modified":"2019-02-28T13:45:04","modified_gmt":"2019-02-28T16:45:04","slug":"blasberg-ensenara-historieta-y-caricatura-en-el-taller-del-sol","status":"publish","type":"post","link":"https:\/\/noticiasmercedinas.com\/site\/2019\/02\/28\/blasberg-ensenara-historieta-y-caricatura-en-el-taller-del-sol\/","title":{"rendered":"Blasberg ense\u00f1ar\u00e1 historieta y caricatura en el Taller del Sol"},"content":{"rendered":"<p><img loading=\"lazy\" decoding=\"async\" class=\"alignnone size-full wp-image-13038\" src=\"https:\/\/noticiasmercedinas.com\/site\/wp-content\/uploads\/2019\/02\/IMG-20190227-WA0041.jpg\" width=\"487\" height=\"789\" srcset=\"https:\/\/noticiasmercedinas.com\/site\/wp-content\/uploads\/2019\/02\/IMG-20190227-WA0041.jpg 487w, https:\/\/noticiasmercedinas.com\/site\/wp-content\/uploads\/2019\/02\/IMG-20190227-WA0041-185x300.jpg 185w\" sizes=\"auto, (max-width: 487px) 100vw, 487px\" \/><\/p>\n<p>El reconocido humorista y dibujante <strong>Pablo Blasberg<\/strong> llevar\u00e1 adelante un nuevo curso de historietas y caricaturas en el Taller del Sol. Las inscripciones est\u00e1n abiertas y los cupos son limitados. Arranca el 9 de marzo y ser\u00e1 todos los s\u00e1bados.<\/p>\n<p>\u00abRetomaremos el taller de humor gr\u00e1fico que hac\u00edamos el a\u00f1o pasado. Estaremos en principio los s\u00e1bados por la ma\u00f1ana\u00bb, dijo el propio Blasberg e indic\u00f3 que cuando habla de caricatura se refiere a esta tomada \u00abcomo un retrato exagerado de personas espec\u00edficas y conocidas\u00bb, mientras que en historieta \u00abse cuenta una historia en diferentes cuadritos\u00bb, siempre en el marco del humor gr\u00e1fico.<\/p>\n<p>Blasberg reside en Mercedes. Es actualmente el jefe de la secci\u00f3n de Infograf\u00eda en la agencia Telam en Argentina y publica en Le Monde de Francia, en el Diario P\u00fablico de Portugal y en el Washington Post de Estados Unidos, entre otros peri\u00f3dicos. Es adem\u00e1s autor de la p\u00e1gina de humor de Noticias Mercedinas, la que est\u00e1 desarrollando.<\/p>\n<p>Quienes quieran sumarse al taller de historieta y caricatura que arranca en marzo, o quieran conocer m\u00e1s detalles, pueden acercarse al Taller del Sol, en calle 18 n\u00famero 661, o bien escribir un wasap o llamar al 2324641249.<\/p>\n<p>Mas info sobre Pablo Blasberg en su web <strong><a target=\"_blank\" rel=\"noopener\" href=\"http:\/\/blasberg.com\">www.Blasberg.com<\/a><\/strong><\/p>\n","protected":false},"excerpt":{"rendered":"<p>El reconocido humorista y dibujante Pablo Blasberg llevar\u00e1 adelante un nuevo curso de historietas y caricaturas en el Taller del Sol. Las inscripciones est\u00e1n abiertas y los cupos son limitados. Arranca el 9 de marzo y ser\u00e1 todos los s\u00e1bados. \u00abRetomaremos el taller de humor gr\u00e1fico que hac\u00edamos el a\u00f1o pasado. Estaremos en principio los [&hellip;]<\/p>\n","protected":false},"author":2,"featured_media":13038,"comment_status":"open","ping_status":"open","sticky":false,"template":"","format":"standard","meta":{"footnotes":""},"categories":[4],"tags":[277,919,345,194,1805,195],"class_list":["post-13040","post","type-post","status-publish","format-standard","has-post-thumbnail","hentry","category-cultura","tag-caricaturas","tag-curso","tag-historieta","tag-pablo-blasberg","tag-taller","tag-taller-del-sol"],"yoast_head":"<!-- This site is optimized with the Yoast SEO plugin v27.4 - https:\/\/yoast.com\/product\/yoast-seo-wordpress\/ -->\n<title>Blasberg ense\u00f1ar\u00e1 historieta y caricatura en el Taller del Sol<\/title>\n<meta name=\"robots\" content=\"index, follow, max-snippet:-1, max-image-preview:large, max-video-preview:-1\" \/>\n<link rel=\"canonical\" href=\"https:\/\/noticiasmercedinas.com\/site\/2019\/02\/28\/blasberg-ensenara-historieta-y-caricatura-en-el-taller-del-sol\/\" \/>\n<meta property=\"og:locale\" content=\"es_ES\" \/>\n<meta property=\"og:type\" content=\"article\" \/>\n<meta property=\"og:title\" content=\"Blasberg ense\u00f1ar\u00e1 historieta y caricatura en el Taller del Sol\" \/>\n<meta property=\"og:description\" content=\"El reconocido humorista y dibujante Pablo Blasberg llevar\u00e1 adelante un nuevo curso de historietas y caricaturas en el Taller del Sol. Las inscripciones est\u00e1n abiertas y los cupos son limitados. Arranca el 9 de marzo y ser\u00e1 todos los s\u00e1bados. \u00abRetomaremos el taller de humor gr\u00e1fico que hac\u00edamos el a\u00f1o pasado. Estaremos en principio los [&hellip;]\" \/>\n<meta property=\"og:url\" content=\"https:\/\/noticiasmercedinas.com\/site\/2019\/02\/28\/blasberg-ensenara-historieta-y-caricatura-en-el-taller-del-sol\/\" \/>\n<meta property=\"og:site_name\" content=\"NOTICIASMERCEDINAS.COM\" \/>\n<meta property=\"article:publisher\" content=\"https:\/\/www.facebook.com\/noticiasmercedinas\/\" \/>\n<meta property=\"article:author\" content=\"https:\/\/www.facebook.com\/cristian.falabella\" \/>\n<meta property=\"article:published_time\" content=\"2019-02-28T16:42:47+00:00\" \/>\n<meta property=\"article:modified_time\" content=\"2019-02-28T16:45:04+00:00\" \/>\n<meta property=\"og:image\" content=\"https:\/\/noticiasmercedinas.com\/site\/wp-content\/uploads\/2019\/02\/IMG-20190227-WA0041.jpg\" \/>\n\t<meta property=\"og:image:width\" content=\"487\" \/>\n\t<meta property=\"og:image:height\" content=\"789\" \/>\n\t<meta property=\"og:image:type\" content=\"image\/jpeg\" \/>\n<meta name=\"author\" content=\"Cristian Falabella NOTICIASMERCEDINAS.COM\" \/>\n<meta name=\"twitter:card\" content=\"summary_large_image\" \/>\n<meta name=\"twitter:creator\" content=\"@https:\/\/twitter.com\/NOTMERCEDINAS\" \/>\n<meta name=\"twitter:site\" content=\"@notmercedinas\" \/>\n<meta name=\"twitter:label1\" content=\"Escrito por\" \/>\n\t<meta name=\"twitter:data1\" content=\"Cristian Falabella NOTICIASMERCEDINAS.COM\" \/>\n\t<meta name=\"twitter:label2\" content=\"Tiempo de lectura\" \/>\n\t<meta name=\"twitter:data2\" content=\"1 minuto\" \/>\n<script type=\"application\/ld+json\" class=\"yoast-schema-graph\">{\"@context\":\"https:\\\/\\\/schema.org\",\"@graph\":[{\"@type\":\"Article\",\"@id\":\"https:\\\/\\\/noticiasmercedinas.com\\\/site\\\/2019\\\/02\\\/28\\\/blasberg-ensenara-historieta-y-caricatura-en-el-taller-del-sol\\\/#article\",\"isPartOf\":{\"@id\":\"https:\\\/\\\/noticiasmercedinas.com\\\/site\\\/2019\\\/02\\\/28\\\/blasberg-ensenara-historieta-y-caricatura-en-el-taller-del-sol\\\/\"},\"author\":{\"name\":\"Cristian Falabella NOTICIASMERCEDINAS.COM\",\"@id\":\"https:\\\/\\\/noticiasmercedinas.com\\\/site\\\/#\\\/schema\\\/person\\\/d481a9696a5feaec13a60e2bbd991a6a\"},\"headline\":\"Blasberg ense\u00f1ar\u00e1 historieta y caricatura en el Taller del Sol\",\"datePublished\":\"2019-02-28T16:42:47+00:00\",\"dateModified\":\"2019-02-28T16:45:04+00:00\",\"mainEntityOfPage\":{\"@id\":\"https:\\\/\\\/noticiasmercedinas.com\\\/site\\\/2019\\\/02\\\/28\\\/blasberg-ensenara-historieta-y-caricatura-en-el-taller-del-sol\\\/\"},\"wordCount\":233,\"commentCount\":0,\"publisher\":{\"@id\":\"https:\\\/\\\/noticiasmercedinas.com\\\/site\\\/#organization\"},\"image\":{\"@id\":\"https:\\\/\\\/noticiasmercedinas.com\\\/site\\\/2019\\\/02\\\/28\\\/blasberg-ensenara-historieta-y-caricatura-en-el-taller-del-sol\\\/#primaryimage\"},\"thumbnailUrl\":\"https:\\\/\\\/noticiasmercedinas.com\\\/site\\\/wp-content\\\/uploads\\\/2019\\\/02\\\/IMG-20190227-WA0041.jpg\",\"keywords\":[\"caricaturas\",\"curso\",\"historieta\",\"pablo blasberg\",\"taller\",\"taller del sol\"],\"articleSection\":[\"Cultura\"],\"inLanguage\":\"es\",\"potentialAction\":[{\"@type\":\"CommentAction\",\"name\":\"Comment\",\"target\":[\"https:\\\/\\\/noticiasmercedinas.com\\\/site\\\/2019\\\/02\\\/28\\\/blasberg-ensenara-historieta-y-caricatura-en-el-taller-del-sol\\\/#respond\"]}]},{\"@type\":\"WebPage\",\"@id\":\"https:\\\/\\\/noticiasmercedinas.com\\\/site\\\/2019\\\/02\\\/28\\\/blasberg-ensenara-historieta-y-caricatura-en-el-taller-del-sol\\\/\",\"url\":\"https:\\\/\\\/noticiasmercedinas.com\\\/site\\\/2019\\\/02\\\/28\\\/blasberg-ensenara-historieta-y-caricatura-en-el-taller-del-sol\\\/\",\"name\":\"Blasberg ense\u00f1ar\u00e1 historieta y caricatura en el Taller del Sol\",\"isPartOf\":{\"@id\":\"https:\\\/\\\/noticiasmercedinas.com\\\/site\\\/#website\"},\"primaryImageOfPage\":{\"@id\":\"https:\\\/\\\/noticiasmercedinas.com\\\/site\\\/2019\\\/02\\\/28\\\/blasberg-ensenara-historieta-y-caricatura-en-el-taller-del-sol\\\/#primaryimage\"},\"image\":{\"@id\":\"https:\\\/\\\/noticiasmercedinas.com\\\/site\\\/2019\\\/02\\\/28\\\/blasberg-ensenara-historieta-y-caricatura-en-el-taller-del-sol\\\/#primaryimage\"},\"thumbnailUrl\":\"https:\\\/\\\/noticiasmercedinas.com\\\/site\\\/wp-content\\\/uploads\\\/2019\\\/02\\\/IMG-20190227-WA0041.jpg\",\"datePublished\":\"2019-02-28T16:42:47+00:00\",\"dateModified\":\"2019-02-28T16:45:04+00:00\",\"breadcrumb\":{\"@id\":\"https:\\\/\\\/noticiasmercedinas.com\\\/site\\\/2019\\\/02\\\/28\\\/blasberg-ensenara-historieta-y-caricatura-en-el-taller-del-sol\\\/#breadcrumb\"},\"inLanguage\":\"es\",\"potentialAction\":[{\"@type\":\"ReadAction\",\"target\":[\"https:\\\/\\\/noticiasmercedinas.com\\\/site\\\/2019\\\/02\\\/28\\\/blasberg-ensenara-historieta-y-caricatura-en-el-taller-del-sol\\\/\"]}]},{\"@type\":\"ImageObject\",\"inLanguage\":\"es\",\"@id\":\"https:\\\/\\\/noticiasmercedinas.com\\\/site\\\/2019\\\/02\\\/28\\\/blasberg-ensenara-historieta-y-caricatura-en-el-taller-del-sol\\\/#primaryimage\",\"url\":\"https:\\\/\\\/noticiasmercedinas.com\\\/site\\\/wp-content\\\/uploads\\\/2019\\\/02\\\/IMG-20190227-WA0041.jpg\",\"contentUrl\":\"https:\\\/\\\/noticiasmercedinas.com\\\/site\\\/wp-content\\\/uploads\\\/2019\\\/02\\\/IMG-20190227-WA0041.jpg\",\"width\":487,\"height\":789},{\"@type\":\"BreadcrumbList\",\"@id\":\"https:\\\/\\\/noticiasmercedinas.com\\\/site\\\/2019\\\/02\\\/28\\\/blasberg-ensenara-historieta-y-caricatura-en-el-taller-del-sol\\\/#breadcrumb\",\"itemListElement\":[{\"@type\":\"ListItem\",\"position\":1,\"name\":\"Portada\",\"item\":\"https:\\\/\\\/noticiasmercedinas.com\\\/site\\\/\"},{\"@type\":\"ListItem\",\"position\":2,\"name\":\"Blasberg ense\u00f1ar\u00e1 historieta y caricatura en el Taller del Sol\"}]},{\"@type\":\"WebSite\",\"@id\":\"https:\\\/\\\/noticiasmercedinas.com\\\/site\\\/#website\",\"url\":\"https:\\\/\\\/noticiasmercedinas.com\\\/site\\\/\",\"name\":\"NOTICIASMERCEDINAS.COM\",\"description\":\"Mercedes, Buenos Aires, Argentina\",\"publisher\":{\"@id\":\"https:\\\/\\\/noticiasmercedinas.com\\\/site\\\/#organization\"},\"potentialAction\":[{\"@type\":\"SearchAction\",\"target\":{\"@type\":\"EntryPoint\",\"urlTemplate\":\"https:\\\/\\\/noticiasmercedinas.com\\\/site\\\/?s={search_term_string}\"},\"query-input\":{\"@type\":\"PropertyValueSpecification\",\"valueRequired\":true,\"valueName\":\"search_term_string\"}}],\"inLanguage\":\"es\"},{\"@type\":\"Organization\",\"@id\":\"https:\\\/\\\/noticiasmercedinas.com\\\/site\\\/#organization\",\"name\":\"NOTICIASMERCEDINAS.COM\",\"url\":\"https:\\\/\\\/noticiasmercedinas.com\\\/site\\\/\",\"logo\":{\"@type\":\"ImageObject\",\"inLanguage\":\"es\",\"@id\":\"https:\\\/\\\/noticiasmercedinas.com\\\/site\\\/#\\\/schema\\\/logo\\\/image\\\/\",\"url\":\"https:\\\/\\\/noticiasmercedinas.com\\\/site\\\/wp-content\\\/uploads\\\/2020\\\/06\\\/LOGO-512.jpg\",\"contentUrl\":\"https:\\\/\\\/noticiasmercedinas.com\\\/site\\\/wp-content\\\/uploads\\\/2020\\\/06\\\/LOGO-512.jpg\",\"width\":512,\"height\":512,\"caption\":\"NOTICIASMERCEDINAS.COM\"},\"image\":{\"@id\":\"https:\\\/\\\/noticiasmercedinas.com\\\/site\\\/#\\\/schema\\\/logo\\\/image\\\/\"},\"sameAs\":[\"https:\\\/\\\/www.facebook.com\\\/noticiasmercedinas\\\/\",\"https:\\\/\\\/x.com\\\/notmercedinas\",\"https:\\\/\\\/www.instagram.com\\\/noticiasmercedinas\\\/\"]},{\"@type\":\"Person\",\"@id\":\"https:\\\/\\\/noticiasmercedinas.com\\\/site\\\/#\\\/schema\\\/person\\\/d481a9696a5feaec13a60e2bbd991a6a\",\"name\":\"Cristian Falabella NOTICIASMERCEDINAS.COM\",\"image\":{\"@type\":\"ImageObject\",\"inLanguage\":\"es\",\"@id\":\"https:\\\/\\\/secure.gravatar.com\\\/avatar\\\/0dbbfc45970cc46bcd0e57766228574ff3511d6eed045b182f536f0f478c1f06?s=96&d=mm&r=g\",\"url\":\"https:\\\/\\\/secure.gravatar.com\\\/avatar\\\/0dbbfc45970cc46bcd0e57766228574ff3511d6eed045b182f536f0f478c1f06?s=96&d=mm&r=g\",\"contentUrl\":\"https:\\\/\\\/secure.gravatar.com\\\/avatar\\\/0dbbfc45970cc46bcd0e57766228574ff3511d6eed045b182f536f0f478c1f06?s=96&d=mm&r=g\",\"caption\":\"Cristian Falabella NOTICIASMERCEDINAS.COM\"},\"description\":\"Periodista, editor de Noticias Mercedinas. Pas\u00f3 por varias redacciones y emprendimientos de prensa, en distintos formatos y \u00e9pocas. Se especializ\u00f3 --y sigue haci\u00e9ndolo-- en comunicaci\u00f3n en la web y en junio de 2006 fund\u00f3 este diario digital.\",\"sameAs\":[\"https:\\\/\\\/noticiasmercedinas.com\",\"https:\\\/\\\/www.facebook.com\\\/cristian.falabella\",\"https:\\\/\\\/www.instagram.com\\\/noticiasmercedinas\\\/\",\"https:\\\/\\\/x.com\\\/https:\\\/\\\/twitter.com\\\/NOTMERCEDINAS\"],\"url\":\"https:\\\/\\\/noticiasmercedinas.com\\\/site\\\/author\\\/as000384\\\/\"}]}<\/script>\n<!-- \/ Yoast SEO plugin. -->","yoast_head_json":{"title":"Blasberg ense\u00f1ar\u00e1 historieta y caricatura en el Taller del Sol","robots":{"index":"index","follow":"follow","max-snippet":"max-snippet:-1","max-image-preview":"max-image-preview:large","max-video-preview":"max-video-preview:-1"},"canonical":"https:\/\/noticiasmercedinas.com\/site\/2019\/02\/28\/blasberg-ensenara-historieta-y-caricatura-en-el-taller-del-sol\/","og_locale":"es_ES","og_type":"article","og_title":"Blasberg ense\u00f1ar\u00e1 historieta y caricatura en el Taller del Sol","og_description":"El reconocido humorista y dibujante Pablo Blasberg llevar\u00e1 adelante un nuevo curso de historietas y caricaturas en el Taller del Sol. Las inscripciones est\u00e1n abiertas y los cupos son limitados. Arranca el 9 de marzo y ser\u00e1 todos los s\u00e1bados. \u00abRetomaremos el taller de humor gr\u00e1fico que hac\u00edamos el a\u00f1o pasado. Estaremos en principio los [&hellip;]","og_url":"https:\/\/noticiasmercedinas.com\/site\/2019\/02\/28\/blasberg-ensenara-historieta-y-caricatura-en-el-taller-del-sol\/","og_site_name":"NOTICIASMERCEDINAS.COM","article_publisher":"https:\/\/www.facebook.com\/noticiasmercedinas\/","article_author":"https:\/\/www.facebook.com\/cristian.falabella","article_published_time":"2019-02-28T16:42:47+00:00","article_modified_time":"2019-02-28T16:45:04+00:00","og_image":[{"width":487,"height":789,"url":"https:\/\/noticiasmercedinas.com\/site\/wp-content\/uploads\/2019\/02\/IMG-20190227-WA0041.jpg","type":"image\/jpeg"}],"author":"Cristian Falabella NOTICIASMERCEDINAS.COM","twitter_card":"summary_large_image","twitter_creator":"@https:\/\/twitter.com\/NOTMERCEDINAS","twitter_site":"@notmercedinas","twitter_misc":{"Escrito por":"Cristian Falabella NOTICIASMERCEDINAS.COM","Tiempo de lectura":"1 minuto"},"schema":{"@context":"https:\/\/schema.org","@graph":[{"@type":"Article","@id":"https:\/\/noticiasmercedinas.com\/site\/2019\/02\/28\/blasberg-ensenara-historieta-y-caricatura-en-el-taller-del-sol\/#article","isPartOf":{"@id":"https:\/\/noticiasmercedinas.com\/site\/2019\/02\/28\/blasberg-ensenara-historieta-y-caricatura-en-el-taller-del-sol\/"},"author":{"name":"Cristian Falabella NOTICIASMERCEDINAS.COM","@id":"https:\/\/noticiasmercedinas.com\/site\/#\/schema\/person\/d481a9696a5feaec13a60e2bbd991a6a"},"headline":"Blasberg ense\u00f1ar\u00e1 historieta y caricatura en el Taller del Sol","datePublished":"2019-02-28T16:42:47+00:00","dateModified":"2019-02-28T16:45:04+00:00","mainEntityOfPage":{"@id":"https:\/\/noticiasmercedinas.com\/site\/2019\/02\/28\/blasberg-ensenara-historieta-y-caricatura-en-el-taller-del-sol\/"},"wordCount":233,"commentCount":0,"publisher":{"@id":"https:\/\/noticiasmercedinas.com\/site\/#organization"},"image":{"@id":"https:\/\/noticiasmercedinas.com\/site\/2019\/02\/28\/blasberg-ensenara-historieta-y-caricatura-en-el-taller-del-sol\/#primaryimage"},"thumbnailUrl":"https:\/\/noticiasmercedinas.com\/site\/wp-content\/uploads\/2019\/02\/IMG-20190227-WA0041.jpg","keywords":["caricaturas","curso","historieta","pablo blasberg","taller","taller del sol"],"articleSection":["Cultura"],"inLanguage":"es","potentialAction":[{"@type":"CommentAction","name":"Comment","target":["https:\/\/noticiasmercedinas.com\/site\/2019\/02\/28\/blasberg-ensenara-historieta-y-caricatura-en-el-taller-del-sol\/#respond"]}]},{"@type":"WebPage","@id":"https:\/\/noticiasmercedinas.com\/site\/2019\/02\/28\/blasberg-ensenara-historieta-y-caricatura-en-el-taller-del-sol\/","url":"https:\/\/noticiasmercedinas.com\/site\/2019\/02\/28\/blasberg-ensenara-historieta-y-caricatura-en-el-taller-del-sol\/","name":"Blasberg ense\u00f1ar\u00e1 historieta y caricatura en el Taller del Sol","isPartOf":{"@id":"https:\/\/noticiasmercedinas.com\/site\/#website"},"primaryImageOfPage":{"@id":"https:\/\/noticiasmercedinas.com\/site\/2019\/02\/28\/blasberg-ensenara-historieta-y-caricatura-en-el-taller-del-sol\/#primaryimage"},"image":{"@id":"https:\/\/noticiasmercedinas.com\/site\/2019\/02\/28\/blasberg-ensenara-historieta-y-caricatura-en-el-taller-del-sol\/#primaryimage"},"thumbnailUrl":"https:\/\/noticiasmercedinas.com\/site\/wp-content\/uploads\/2019\/02\/IMG-20190227-WA0041.jpg","datePublished":"2019-02-28T16:42:47+00:00","dateModified":"2019-02-28T16:45:04+00:00","breadcrumb":{"@id":"https:\/\/noticiasmercedinas.com\/site\/2019\/02\/28\/blasberg-ensenara-historieta-y-caricatura-en-el-taller-del-sol\/#breadcrumb"},"inLanguage":"es","potentialAction":[{"@type":"ReadAction","target":["https:\/\/noticiasmercedinas.com\/site\/2019\/02\/28\/blasberg-ensenara-historieta-y-caricatura-en-el-taller-del-sol\/"]}]},{"@type":"ImageObject","inLanguage":"es","@id":"https:\/\/noticiasmercedinas.com\/site\/2019\/02\/28\/blasberg-ensenara-historieta-y-caricatura-en-el-taller-del-sol\/#primaryimage","url":"https:\/\/noticiasmercedinas.com\/site\/wp-content\/uploads\/2019\/02\/IMG-20190227-WA0041.jpg","contentUrl":"https:\/\/noticiasmercedinas.com\/site\/wp-content\/uploads\/2019\/02\/IMG-20190227-WA0041.jpg","width":487,"height":789},{"@type":"BreadcrumbList","@id":"https:\/\/noticiasmercedinas.com\/site\/2019\/02\/28\/blasberg-ensenara-historieta-y-caricatura-en-el-taller-del-sol\/#breadcrumb","itemListElement":[{"@type":"ListItem","position":1,"name":"Portada","item":"https:\/\/noticiasmercedinas.com\/site\/"},{"@type":"ListItem","position":2,"name":"Blasberg ense\u00f1ar\u00e1 historieta y caricatura en el Taller del Sol"}]},{"@type":"WebSite","@id":"https:\/\/noticiasmercedinas.com\/site\/#website","url":"https:\/\/noticiasmercedinas.com\/site\/","name":"NOTICIASMERCEDINAS.COM","description":"Mercedes, Buenos Aires, Argentina","publisher":{"@id":"https:\/\/noticiasmercedinas.com\/site\/#organization"},"potentialAction":[{"@type":"SearchAction","target":{"@type":"EntryPoint","urlTemplate":"https:\/\/noticiasmercedinas.com\/site\/?s={search_term_string}"},"query-input":{"@type":"PropertyValueSpecification","valueRequired":true,"valueName":"search_term_string"}}],"inLanguage":"es"},{"@type":"Organization","@id":"https:\/\/noticiasmercedinas.com\/site\/#organization","name":"NOTICIASMERCEDINAS.COM","url":"https:\/\/noticiasmercedinas.com\/site\/","logo":{"@type":"ImageObject","inLanguage":"es","@id":"https:\/\/noticiasmercedinas.com\/site\/#\/schema\/logo\/image\/","url":"https:\/\/noticiasmercedinas.com\/site\/wp-content\/uploads\/2020\/06\/LOGO-512.jpg","contentUrl":"https:\/\/noticiasmercedinas.com\/site\/wp-content\/uploads\/2020\/06\/LOGO-512.jpg","width":512,"height":512,"caption":"NOTICIASMERCEDINAS.COM"},"image":{"@id":"https:\/\/noticiasmercedinas.com\/site\/#\/schema\/logo\/image\/"},"sameAs":["https:\/\/www.facebook.com\/noticiasmercedinas\/","https:\/\/x.com\/notmercedinas","https:\/\/www.instagram.com\/noticiasmercedinas\/"]},{"@type":"Person","@id":"https:\/\/noticiasmercedinas.com\/site\/#\/schema\/person\/d481a9696a5feaec13a60e2bbd991a6a","name":"Cristian Falabella NOTICIASMERCEDINAS.COM","image":{"@type":"ImageObject","inLanguage":"es","@id":"https:\/\/secure.gravatar.com\/avatar\/0dbbfc45970cc46bcd0e57766228574ff3511d6eed045b182f536f0f478c1f06?s=96&d=mm&r=g","url":"https:\/\/secure.gravatar.com\/avatar\/0dbbfc45970cc46bcd0e57766228574ff3511d6eed045b182f536f0f478c1f06?s=96&d=mm&r=g","contentUrl":"https:\/\/secure.gravatar.com\/avatar\/0dbbfc45970cc46bcd0e57766228574ff3511d6eed045b182f536f0f478c1f06?s=96&d=mm&r=g","caption":"Cristian Falabella NOTICIASMERCEDINAS.COM"},"description":"Periodista, editor de Noticias Mercedinas. Pas\u00f3 por varias redacciones y emprendimientos de prensa, en distintos formatos y \u00e9pocas. Se especializ\u00f3 --y sigue haci\u00e9ndolo-- en comunicaci\u00f3n en la web y en junio de 2006 fund\u00f3 este diario digital.","sameAs":["https:\/\/noticiasmercedinas.com","https:\/\/www.facebook.com\/cristian.falabella","https:\/\/www.instagram.com\/noticiasmercedinas\/","https:\/\/x.com\/https:\/\/twitter.com\/NOTMERCEDINAS"],"url":"https:\/\/noticiasmercedinas.com\/site\/author\/as000384\/"}]}},"amp_enabled":true,"_links":{"self":[{"href":"https:\/\/noticiasmercedinas.com\/site\/wp-json\/wp\/v2\/posts\/13040","targetHints":{"allow":["GET"]}}],"collection":[{"href":"https:\/\/noticiasmercedinas.com\/site\/wp-json\/wp\/v2\/posts"}],"about":[{"href":"https:\/\/noticiasmercedinas.com\/site\/wp-json\/wp\/v2\/types\/post"}],"author":[{"embeddable":true,"href":"https:\/\/noticiasmercedinas.com\/site\/wp-json\/wp\/v2\/users\/2"}],"replies":[{"embeddable":true,"href":"https:\/\/noticiasmercedinas.com\/site\/wp-json\/wp\/v2\/comments?post=13040"}],"version-history":[{"count":7,"href":"https:\/\/noticiasmercedinas.com\/site\/wp-json\/wp\/v2\/posts\/13040\/revisions"}],"predecessor-version":[{"id":13047,"href":"https:\/\/noticiasmercedinas.com\/site\/wp-json\/wp\/v2\/posts\/13040\/revisions\/13047"}],"wp:featuredmedia":[{"embeddable":true,"href":"https:\/\/noticiasmercedinas.com\/site\/wp-json\/wp\/v2\/media\/13038"}],"wp:attachment":[{"href":"https:\/\/noticiasmercedinas.com\/site\/wp-json\/wp\/v2\/media?parent=13040"}],"wp:term":[{"taxonomy":"category","embeddable":true,"href":"https:\/\/noticiasmercedinas.com\/site\/wp-json\/wp\/v2\/categories?post=13040"},{"taxonomy":"post_tag","embeddable":true,"href":"https:\/\/noticiasmercedinas.com\/site\/wp-json\/wp\/v2\/tags?post=13040"}],"curies":[{"name":"wp","href":"https:\/\/api.w.org\/{rel}","templated":true}]}}