{"id":130527,"date":"2024-02-11T23:35:59","date_gmt":"2024-02-12T02:35:59","guid":{"rendered":"https:\/\/noticiasmercedinas.com\/site\/?p=130527"},"modified":"2024-02-11T23:35:59","modified_gmt":"2024-02-12T02:35:59","slug":"vanesa-siley-diputada-y-referente-sindical-aboga-por-un-replanteo-profundo-en-el-peronismo","status":"publish","type":"post","link":"https:\/\/noticiasmercedinas.com\/site\/2024\/02\/11\/vanesa-siley-diputada-y-referente-sindical-aboga-por-un-replanteo-profundo-en-el-peronismo\/","title":{"rendered":"Vanesa Siley, diputada y referente sindical, aboga por un replanteo profundo en el peronismo"},"content":{"rendered":"<p><img loading=\"lazy\" decoding=\"async\" class=\"alignnone size-full wp-image-130528\" src=\"https:\/\/noticiasmercedinas.com\/site\/wp-content\/uploads\/2024\/02\/SHOCK.jpg\" alt=\"\" width=\"960\" height=\"720\" srcset=\"https:\/\/noticiasmercedinas.com\/site\/wp-content\/uploads\/2024\/02\/SHOCK.jpg 960w, https:\/\/noticiasmercedinas.com\/site\/wp-content\/uploads\/2024\/02\/SHOCK-300x225.jpg 300w, https:\/\/noticiasmercedinas.com\/site\/wp-content\/uploads\/2024\/02\/SHOCK-768x576.jpg 768w, https:\/\/noticiasmercedinas.com\/site\/wp-content\/uploads\/2024\/02\/SHOCK-80x60.jpg 80w, https:\/\/noticiasmercedinas.com\/site\/wp-content\/uploads\/2024\/02\/SHOCK-160x120.jpg 160w, https:\/\/noticiasmercedinas.com\/site\/wp-content\/uploads\/2024\/02\/SHOCK-100x75.jpg 100w, https:\/\/noticiasmercedinas.com\/site\/wp-content\/uploads\/2024\/02\/SHOCK-200x150.jpg 200w, https:\/\/noticiasmercedinas.com\/site\/wp-content\/uploads\/2024\/02\/SHOCK-180x135.jpg 180w, https:\/\/noticiasmercedinas.com\/site\/wp-content\/uploads\/2024\/02\/SHOCK-360x270.jpg 360w, https:\/\/noticiasmercedinas.com\/site\/wp-content\/uploads\/2024\/02\/SHOCK-238x178.jpg 238w, https:\/\/noticiasmercedinas.com\/site\/wp-content\/uploads\/2024\/02\/SHOCK-476x356.jpg 476w, https:\/\/noticiasmercedinas.com\/site\/wp-content\/uploads\/2024\/02\/SHOCK-640x480.jpg 640w, https:\/\/noticiasmercedinas.com\/site\/wp-content\/uploads\/2024\/02\/SHOCK-681x511.jpg 681w\" sizes=\"auto, (max-width: 960px) 100vw, 960px\" \/><\/p>\n<p>En una reciente entrevista en el programa radial \u00abShock de Verano\u00bb por Gelatina, la Secretaria General de la Federaci\u00f3n de Sindicatos de Trabajadores Judiciales y Diputada Nacional de Uni\u00f3n por la Patria, <strong>Vanesa Siley<\/strong>, expres\u00f3 su perspectiva sobre la actualidad pol\u00edtica de Argentina, haciendo hincapi\u00e9 en la necesidad de un replanteo profundo dentro del peronismo.<\/p>\n<p>Durante la entrevista, Siley destac\u00f3 la figura de Cristina Fern\u00e1ndez de Kirchner como l\u00edder del peronismo en la actualidad, afirmando que \u00abCristina est\u00e1 conduciendo el peronismo hoy\u00bb. Sin embargo, tambi\u00e9n se\u00f1al\u00f3 la importancia de diversificar la direcci\u00f3n pol\u00edtica dentro del movimiento, sugiriendo la necesidad de definir qu\u00e9 tipo de dirigentes son necesarios y asegurando que no todo puede depender exclusivamente de una sola figura.<\/p>\n<p>Adem\u00e1s, la diputada abord\u00f3 temas de relevancia nacional como la ca\u00edda de la Ley \u00d3mnibus y sus implicaciones, el Decreto de Necesidad y Urgencia (DNU) 70\/23 y la formaci\u00f3n de la comisi\u00f3n bicameral. Asimismo, discuti\u00f3 sobre el reciente paro general del 24E y el papel de la Confederaci\u00f3n General del Trabajo (CGT) en la escena pol\u00edtica actual.<\/p>\n<p>Siley tambi\u00e9n hizo referencia a la pol\u00e9mica en torno al impuesto pa\u00eds y su relaci\u00f3n con el acuerdo con el Fondo Monetario Internacional (FMI), destacando la necesidad de encontrar soluciones que beneficien a las provincias y municipios argentinos.<\/p>\n<p>Vanesa Siley enfatiz\u00f3 la importancia de iniciar un di\u00e1logo constructivo dentro del peronismo y abog\u00f3 por la elaboraci\u00f3n de un programa pol\u00edtico que aborde las necesidades del pa\u00eds en su conjunto, con especial atenci\u00f3n a las demandas de las provincias y municipios.<\/p>\n<p><iframe loading=\"lazy\" title=\"Vanesa Siley en Shock de verano, por Gelatina. Entrevista completa 8-2-2024\" width=\"640\" height=\"480\" src=\"https:\/\/www.youtube.com\/embed\/IFIA4fc1fW4?feature=oembed\" frameborder=\"0\" allow=\"accelerometer; autoplay; clipboard-write; encrypted-media; gyroscope; picture-in-picture; web-share\" referrerpolicy=\"strict-origin-when-cross-origin\" allowfullscreen><\/iframe><\/p>\n","protected":false},"excerpt":{"rendered":"<p>\u25a0 La mercedina fue parte del programa radial \u00abShock de Verano\u00bb por Gelatina. \u00abCristina est\u00e1 conduciendo el peronismo hoy\u00bb, destac\u00f3. Y enfatiz\u00f3 la importancia de iniciar un di\u00e1logo interno constructivo<\/p>\n","protected":false},"author":16,"featured_media":130528,"comment_status":"closed","ping_status":"closed","sticky":false,"template":"","format":"standard","meta":{"footnotes":""},"categories":[4210,16],"tags":[17885,552,1489,51],"class_list":["post-130527","post","type-post","status-publish","format-standard","has-post-thumbnail","hentry","category-medios","category-politica","tag-gelatina","tag-peronismo","tag-pj","tag-vanesa-siley"],"yoast_head":"<!-- This site is optimized with the Yoast SEO plugin v27.5 - https:\/\/yoast.com\/product\/yoast-seo-wordpress\/ -->\n<title>Vanesa Siley, diputada y referente sindical, aboga por un replanteo profundo en el peronismo<\/title>\n<meta name=\"robots\" content=\"index, follow, max-snippet:-1, max-image-preview:large, max-video-preview:-1\" \/>\n<link rel=\"canonical\" href=\"https:\/\/noticiasmercedinas.com\/site\/2024\/02\/11\/vanesa-siley-diputada-y-referente-sindical-aboga-por-un-replanteo-profundo-en-el-peronismo\/\" \/>\n<meta property=\"og:locale\" content=\"es_ES\" \/>\n<meta property=\"og:type\" content=\"article\" \/>\n<meta property=\"og:title\" content=\"Vanesa Siley, diputada y referente sindical, aboga por un replanteo profundo en el peronismo\" \/>\n<meta property=\"og:description\" content=\"\u25a0 La mercedina fue parte del programa radial &quot;Shock de Verano&quot; por Gelatina. &quot;Cristina est\u00e1 conduciendo el peronismo hoy&quot;, destac\u00f3. Y enfatiz\u00f3 la importancia de iniciar un di\u00e1logo interno constructivo\" \/>\n<meta property=\"og:url\" content=\"https:\/\/noticiasmercedinas.com\/site\/2024\/02\/11\/vanesa-siley-diputada-y-referente-sindical-aboga-por-un-replanteo-profundo-en-el-peronismo\/\" \/>\n<meta property=\"og:site_name\" content=\"NOTICIASMERCEDINAS.COM\" \/>\n<meta property=\"article:publisher\" content=\"https:\/\/www.facebook.com\/noticiasmercedinas\/\" \/>\n<meta property=\"article:published_time\" content=\"2024-02-12T02:35:59+00:00\" \/>\n<meta property=\"og:image\" content=\"https:\/\/noticiasmercedinas.com\/site\/wp-content\/uploads\/2024\/02\/SHOCK.jpg\" \/>\n\t<meta property=\"og:image:width\" content=\"960\" \/>\n\t<meta property=\"og:image:height\" content=\"720\" \/>\n\t<meta property=\"og:image:type\" content=\"image\/jpeg\" \/>\n<meta name=\"author\" content=\"NOTICIASMERCEDINAS.COM\" \/>\n<meta name=\"twitter:card\" content=\"summary_large_image\" \/>\n<meta name=\"twitter:creator\" content=\"@notmercedinas\" \/>\n<meta name=\"twitter:site\" content=\"@notmercedinas\" \/>\n<meta name=\"twitter:label1\" content=\"Escrito por\" \/>\n\t<meta name=\"twitter:data1\" content=\"NOTICIASMERCEDINAS.COM\" \/>\n\t<meta name=\"twitter:label2\" content=\"Tiempo de lectura\" \/>\n\t<meta name=\"twitter:data2\" content=\"2 minutos\" \/>\n<script type=\"application\/ld+json\" class=\"yoast-schema-graph\">{\"@context\":\"https:\\\/\\\/schema.org\",\"@graph\":[{\"@type\":\"Article\",\"@id\":\"https:\\\/\\\/noticiasmercedinas.com\\\/site\\\/2024\\\/02\\\/11\\\/vanesa-siley-diputada-y-referente-sindical-aboga-por-un-replanteo-profundo-en-el-peronismo\\\/#article\",\"isPartOf\":{\"@id\":\"https:\\\/\\\/noticiasmercedinas.com\\\/site\\\/2024\\\/02\\\/11\\\/vanesa-siley-diputada-y-referente-sindical-aboga-por-un-replanteo-profundo-en-el-peronismo\\\/\"},\"author\":{\"name\":\"NOTICIASMERCEDINAS.COM\",\"@id\":\"https:\\\/\\\/noticiasmercedinas.com\\\/site\\\/#\\\/schema\\\/person\\\/84b59c099c28ff2e8b77d4ceec5d8063\"},\"headline\":\"Vanesa Siley, diputada y referente sindical, aboga por un replanteo profundo en el peronismo\",\"datePublished\":\"2024-02-12T02:35:59+00:00\",\"mainEntityOfPage\":{\"@id\":\"https:\\\/\\\/noticiasmercedinas.com\\\/site\\\/2024\\\/02\\\/11\\\/vanesa-siley-diputada-y-referente-sindical-aboga-por-un-replanteo-profundo-en-el-peronismo\\\/\"},\"wordCount\":302,\"publisher\":{\"@id\":\"https:\\\/\\\/noticiasmercedinas.com\\\/site\\\/#organization\"},\"image\":{\"@id\":\"https:\\\/\\\/noticiasmercedinas.com\\\/site\\\/2024\\\/02\\\/11\\\/vanesa-siley-diputada-y-referente-sindical-aboga-por-un-replanteo-profundo-en-el-peronismo\\\/#primaryimage\"},\"thumbnailUrl\":\"https:\\\/\\\/noticiasmercedinas.com\\\/site\\\/wp-content\\\/uploads\\\/2024\\\/02\\\/SHOCK.jpg\",\"keywords\":[\"gelatina\",\"Peronismo\",\"pj\",\"vanesa siley\"],\"articleSection\":[\"Medios\",\"Politica\"],\"inLanguage\":\"es\"},{\"@type\":\"WebPage\",\"@id\":\"https:\\\/\\\/noticiasmercedinas.com\\\/site\\\/2024\\\/02\\\/11\\\/vanesa-siley-diputada-y-referente-sindical-aboga-por-un-replanteo-profundo-en-el-peronismo\\\/\",\"url\":\"https:\\\/\\\/noticiasmercedinas.com\\\/site\\\/2024\\\/02\\\/11\\\/vanesa-siley-diputada-y-referente-sindical-aboga-por-un-replanteo-profundo-en-el-peronismo\\\/\",\"name\":\"Vanesa Siley, diputada y referente sindical, aboga por un replanteo profundo en el peronismo\",\"isPartOf\":{\"@id\":\"https:\\\/\\\/noticiasmercedinas.com\\\/site\\\/#website\"},\"primaryImageOfPage\":{\"@id\":\"https:\\\/\\\/noticiasmercedinas.com\\\/site\\\/2024\\\/02\\\/11\\\/vanesa-siley-diputada-y-referente-sindical-aboga-por-un-replanteo-profundo-en-el-peronismo\\\/#primaryimage\"},\"image\":{\"@id\":\"https:\\\/\\\/noticiasmercedinas.com\\\/site\\\/2024\\\/02\\\/11\\\/vanesa-siley-diputada-y-referente-sindical-aboga-por-un-replanteo-profundo-en-el-peronismo\\\/#primaryimage\"},\"thumbnailUrl\":\"https:\\\/\\\/noticiasmercedinas.com\\\/site\\\/wp-content\\\/uploads\\\/2024\\\/02\\\/SHOCK.jpg\",\"datePublished\":\"2024-02-12T02:35:59+00:00\",\"breadcrumb\":{\"@id\":\"https:\\\/\\\/noticiasmercedinas.com\\\/site\\\/2024\\\/02\\\/11\\\/vanesa-siley-diputada-y-referente-sindical-aboga-por-un-replanteo-profundo-en-el-peronismo\\\/#breadcrumb\"},\"inLanguage\":\"es\",\"potentialAction\":[{\"@type\":\"ReadAction\",\"target\":[\"https:\\\/\\\/noticiasmercedinas.com\\\/site\\\/2024\\\/02\\\/11\\\/vanesa-siley-diputada-y-referente-sindical-aboga-por-un-replanteo-profundo-en-el-peronismo\\\/\"]}]},{\"@type\":\"ImageObject\",\"inLanguage\":\"es\",\"@id\":\"https:\\\/\\\/noticiasmercedinas.com\\\/site\\\/2024\\\/02\\\/11\\\/vanesa-siley-diputada-y-referente-sindical-aboga-por-un-replanteo-profundo-en-el-peronismo\\\/#primaryimage\",\"url\":\"https:\\\/\\\/noticiasmercedinas.com\\\/site\\\/wp-content\\\/uploads\\\/2024\\\/02\\\/SHOCK.jpg\",\"contentUrl\":\"https:\\\/\\\/noticiasmercedinas.com\\\/site\\\/wp-content\\\/uploads\\\/2024\\\/02\\\/SHOCK.jpg\",\"width\":960,\"height\":720},{\"@type\":\"BreadcrumbList\",\"@id\":\"https:\\\/\\\/noticiasmercedinas.com\\\/site\\\/2024\\\/02\\\/11\\\/vanesa-siley-diputada-y-referente-sindical-aboga-por-un-replanteo-profundo-en-el-peronismo\\\/#breadcrumb\",\"itemListElement\":[{\"@type\":\"ListItem\",\"position\":1,\"name\":\"Portada\",\"item\":\"https:\\\/\\\/noticiasmercedinas.com\\\/site\\\/\"},{\"@type\":\"ListItem\",\"position\":2,\"name\":\"Vanesa Siley, diputada y referente sindical, aboga por un replanteo profundo en el peronismo\"}]},{\"@type\":\"WebSite\",\"@id\":\"https:\\\/\\\/noticiasmercedinas.com\\\/site\\\/#website\",\"url\":\"https:\\\/\\\/noticiasmercedinas.com\\\/site\\\/\",\"name\":\"NOTICIASMERCEDINAS.COM\",\"description\":\"Mercedes, Buenos Aires, Argentina\",\"publisher\":{\"@id\":\"https:\\\/\\\/noticiasmercedinas.com\\\/site\\\/#organization\"},\"potentialAction\":[{\"@type\":\"SearchAction\",\"target\":{\"@type\":\"EntryPoint\",\"urlTemplate\":\"https:\\\/\\\/noticiasmercedinas.com\\\/site\\\/?s={search_term_string}\"},\"query-input\":{\"@type\":\"PropertyValueSpecification\",\"valueRequired\":true,\"valueName\":\"search_term_string\"}}],\"inLanguage\":\"es\"},{\"@type\":\"Organization\",\"@id\":\"https:\\\/\\\/noticiasmercedinas.com\\\/site\\\/#organization\",\"name\":\"NOTICIASMERCEDINAS.COM\",\"url\":\"https:\\\/\\\/noticiasmercedinas.com\\\/site\\\/\",\"logo\":{\"@type\":\"ImageObject\",\"inLanguage\":\"es\",\"@id\":\"https:\\\/\\\/noticiasmercedinas.com\\\/site\\\/#\\\/schema\\\/logo\\\/image\\\/\",\"url\":\"https:\\\/\\\/noticiasmercedinas.com\\\/site\\\/wp-content\\\/uploads\\\/2020\\\/06\\\/LOGO-512.jpg\",\"contentUrl\":\"https:\\\/\\\/noticiasmercedinas.com\\\/site\\\/wp-content\\\/uploads\\\/2020\\\/06\\\/LOGO-512.jpg\",\"width\":512,\"height\":512,\"caption\":\"NOTICIASMERCEDINAS.COM\"},\"image\":{\"@id\":\"https:\\\/\\\/noticiasmercedinas.com\\\/site\\\/#\\\/schema\\\/logo\\\/image\\\/\"},\"sameAs\":[\"https:\\\/\\\/www.facebook.com\\\/noticiasmercedinas\\\/\",\"https:\\\/\\\/x.com\\\/notmercedinas\",\"https:\\\/\\\/www.instagram.com\\\/noticiasmercedinas\\\/\"]},{\"@type\":\"Person\",\"@id\":\"https:\\\/\\\/noticiasmercedinas.com\\\/site\\\/#\\\/schema\\\/person\\\/84b59c099c28ff2e8b77d4ceec5d8063\",\"name\":\"NOTICIASMERCEDINAS.COM\",\"image\":{\"@type\":\"ImageObject\",\"inLanguage\":\"es\",\"@id\":\"https:\\\/\\\/secure.gravatar.com\\\/avatar\\\/4dfbf16b4d17945bfb6341b2d19043457132fcf478a5ee04f42e959fd8f5df0a?s=96&d=mm&r=g\",\"url\":\"https:\\\/\\\/secure.gravatar.com\\\/avatar\\\/4dfbf16b4d17945bfb6341b2d19043457132fcf478a5ee04f42e959fd8f5df0a?s=96&d=mm&r=g\",\"contentUrl\":\"https:\\\/\\\/secure.gravatar.com\\\/avatar\\\/4dfbf16b4d17945bfb6341b2d19043457132fcf478a5ee04f42e959fd8f5df0a?s=96&d=mm&r=g\",\"caption\":\"NOTICIASMERCEDINAS.COM\"},\"url\":\"https:\\\/\\\/noticiasmercedinas.com\\\/site\\\/author\\\/anonimo\\\/\"}]}<\/script>\n<!-- \/ Yoast SEO plugin. -->","yoast_head_json":{"title":"Vanesa Siley, diputada y referente sindical, aboga por un replanteo profundo en el peronismo","robots":{"index":"index","follow":"follow","max-snippet":"max-snippet:-1","max-image-preview":"max-image-preview:large","max-video-preview":"max-video-preview:-1"},"canonical":"https:\/\/noticiasmercedinas.com\/site\/2024\/02\/11\/vanesa-siley-diputada-y-referente-sindical-aboga-por-un-replanteo-profundo-en-el-peronismo\/","og_locale":"es_ES","og_type":"article","og_title":"Vanesa Siley, diputada y referente sindical, aboga por un replanteo profundo en el peronismo","og_description":"\u25a0 La mercedina fue parte del programa radial \"Shock de Verano\" por Gelatina. \"Cristina est\u00e1 conduciendo el peronismo hoy\", destac\u00f3. Y enfatiz\u00f3 la importancia de iniciar un di\u00e1logo interno constructivo","og_url":"https:\/\/noticiasmercedinas.com\/site\/2024\/02\/11\/vanesa-siley-diputada-y-referente-sindical-aboga-por-un-replanteo-profundo-en-el-peronismo\/","og_site_name":"NOTICIASMERCEDINAS.COM","article_publisher":"https:\/\/www.facebook.com\/noticiasmercedinas\/","article_published_time":"2024-02-12T02:35:59+00:00","og_image":[{"width":960,"height":720,"url":"https:\/\/noticiasmercedinas.com\/site\/wp-content\/uploads\/2024\/02\/SHOCK.jpg","type":"image\/jpeg"}],"author":"NOTICIASMERCEDINAS.COM","twitter_card":"summary_large_image","twitter_creator":"@notmercedinas","twitter_site":"@notmercedinas","twitter_misc":{"Escrito por":"NOTICIASMERCEDINAS.COM","Tiempo de lectura":"2 minutos"},"schema":{"@context":"https:\/\/schema.org","@graph":[{"@type":"Article","@id":"https:\/\/noticiasmercedinas.com\/site\/2024\/02\/11\/vanesa-siley-diputada-y-referente-sindical-aboga-por-un-replanteo-profundo-en-el-peronismo\/#article","isPartOf":{"@id":"https:\/\/noticiasmercedinas.com\/site\/2024\/02\/11\/vanesa-siley-diputada-y-referente-sindical-aboga-por-un-replanteo-profundo-en-el-peronismo\/"},"author":{"name":"NOTICIASMERCEDINAS.COM","@id":"https:\/\/noticiasmercedinas.com\/site\/#\/schema\/person\/84b59c099c28ff2e8b77d4ceec5d8063"},"headline":"Vanesa Siley, diputada y referente sindical, aboga por un replanteo profundo en el peronismo","datePublished":"2024-02-12T02:35:59+00:00","mainEntityOfPage":{"@id":"https:\/\/noticiasmercedinas.com\/site\/2024\/02\/11\/vanesa-siley-diputada-y-referente-sindical-aboga-por-un-replanteo-profundo-en-el-peronismo\/"},"wordCount":302,"publisher":{"@id":"https:\/\/noticiasmercedinas.com\/site\/#organization"},"image":{"@id":"https:\/\/noticiasmercedinas.com\/site\/2024\/02\/11\/vanesa-siley-diputada-y-referente-sindical-aboga-por-un-replanteo-profundo-en-el-peronismo\/#primaryimage"},"thumbnailUrl":"https:\/\/noticiasmercedinas.com\/site\/wp-content\/uploads\/2024\/02\/SHOCK.jpg","keywords":["gelatina","Peronismo","pj","vanesa siley"],"articleSection":["Medios","Politica"],"inLanguage":"es"},{"@type":"WebPage","@id":"https:\/\/noticiasmercedinas.com\/site\/2024\/02\/11\/vanesa-siley-diputada-y-referente-sindical-aboga-por-un-replanteo-profundo-en-el-peronismo\/","url":"https:\/\/noticiasmercedinas.com\/site\/2024\/02\/11\/vanesa-siley-diputada-y-referente-sindical-aboga-por-un-replanteo-profundo-en-el-peronismo\/","name":"Vanesa Siley, diputada y referente sindical, aboga por un replanteo profundo en el peronismo","isPartOf":{"@id":"https:\/\/noticiasmercedinas.com\/site\/#website"},"primaryImageOfPage":{"@id":"https:\/\/noticiasmercedinas.com\/site\/2024\/02\/11\/vanesa-siley-diputada-y-referente-sindical-aboga-por-un-replanteo-profundo-en-el-peronismo\/#primaryimage"},"image":{"@id":"https:\/\/noticiasmercedinas.com\/site\/2024\/02\/11\/vanesa-siley-diputada-y-referente-sindical-aboga-por-un-replanteo-profundo-en-el-peronismo\/#primaryimage"},"thumbnailUrl":"https:\/\/noticiasmercedinas.com\/site\/wp-content\/uploads\/2024\/02\/SHOCK.jpg","datePublished":"2024-02-12T02:35:59+00:00","breadcrumb":{"@id":"https:\/\/noticiasmercedinas.com\/site\/2024\/02\/11\/vanesa-siley-diputada-y-referente-sindical-aboga-por-un-replanteo-profundo-en-el-peronismo\/#breadcrumb"},"inLanguage":"es","potentialAction":[{"@type":"ReadAction","target":["https:\/\/noticiasmercedinas.com\/site\/2024\/02\/11\/vanesa-siley-diputada-y-referente-sindical-aboga-por-un-replanteo-profundo-en-el-peronismo\/"]}]},{"@type":"ImageObject","inLanguage":"es","@id":"https:\/\/noticiasmercedinas.com\/site\/2024\/02\/11\/vanesa-siley-diputada-y-referente-sindical-aboga-por-un-replanteo-profundo-en-el-peronismo\/#primaryimage","url":"https:\/\/noticiasmercedinas.com\/site\/wp-content\/uploads\/2024\/02\/SHOCK.jpg","contentUrl":"https:\/\/noticiasmercedinas.com\/site\/wp-content\/uploads\/2024\/02\/SHOCK.jpg","width":960,"height":720},{"@type":"BreadcrumbList","@id":"https:\/\/noticiasmercedinas.com\/site\/2024\/02\/11\/vanesa-siley-diputada-y-referente-sindical-aboga-por-un-replanteo-profundo-en-el-peronismo\/#breadcrumb","itemListElement":[{"@type":"ListItem","position":1,"name":"Portada","item":"https:\/\/noticiasmercedinas.com\/site\/"},{"@type":"ListItem","position":2,"name":"Vanesa Siley, diputada y referente sindical, aboga por un replanteo profundo en el peronismo"}]},{"@type":"WebSite","@id":"https:\/\/noticiasmercedinas.com\/site\/#website","url":"https:\/\/noticiasmercedinas.com\/site\/","name":"NOTICIASMERCEDINAS.COM","description":"Mercedes, Buenos Aires, Argentina","publisher":{"@id":"https:\/\/noticiasmercedinas.com\/site\/#organization"},"potentialAction":[{"@type":"SearchAction","target":{"@type":"EntryPoint","urlTemplate":"https:\/\/noticiasmercedinas.com\/site\/?s={search_term_string}"},"query-input":{"@type":"PropertyValueSpecification","valueRequired":true,"valueName":"search_term_string"}}],"inLanguage":"es"},{"@type":"Organization","@id":"https:\/\/noticiasmercedinas.com\/site\/#organization","name":"NOTICIASMERCEDINAS.COM","url":"https:\/\/noticiasmercedinas.com\/site\/","logo":{"@type":"ImageObject","inLanguage":"es","@id":"https:\/\/noticiasmercedinas.com\/site\/#\/schema\/logo\/image\/","url":"https:\/\/noticiasmercedinas.com\/site\/wp-content\/uploads\/2020\/06\/LOGO-512.jpg","contentUrl":"https:\/\/noticiasmercedinas.com\/site\/wp-content\/uploads\/2020\/06\/LOGO-512.jpg","width":512,"height":512,"caption":"NOTICIASMERCEDINAS.COM"},"image":{"@id":"https:\/\/noticiasmercedinas.com\/site\/#\/schema\/logo\/image\/"},"sameAs":["https:\/\/www.facebook.com\/noticiasmercedinas\/","https:\/\/x.com\/notmercedinas","https:\/\/www.instagram.com\/noticiasmercedinas\/"]},{"@type":"Person","@id":"https:\/\/noticiasmercedinas.com\/site\/#\/schema\/person\/84b59c099c28ff2e8b77d4ceec5d8063","name":"NOTICIASMERCEDINAS.COM","image":{"@type":"ImageObject","inLanguage":"es","@id":"https:\/\/secure.gravatar.com\/avatar\/4dfbf16b4d17945bfb6341b2d19043457132fcf478a5ee04f42e959fd8f5df0a?s=96&d=mm&r=g","url":"https:\/\/secure.gravatar.com\/avatar\/4dfbf16b4d17945bfb6341b2d19043457132fcf478a5ee04f42e959fd8f5df0a?s=96&d=mm&r=g","contentUrl":"https:\/\/secure.gravatar.com\/avatar\/4dfbf16b4d17945bfb6341b2d19043457132fcf478a5ee04f42e959fd8f5df0a?s=96&d=mm&r=g","caption":"NOTICIASMERCEDINAS.COM"},"url":"https:\/\/noticiasmercedinas.com\/site\/author\/anonimo\/"}]}},"amp_enabled":true,"_links":{"self":[{"href":"https:\/\/noticiasmercedinas.com\/site\/wp-json\/wp\/v2\/posts\/130527","targetHints":{"allow":["GET"]}}],"collection":[{"href":"https:\/\/noticiasmercedinas.com\/site\/wp-json\/wp\/v2\/posts"}],"about":[{"href":"https:\/\/noticiasmercedinas.com\/site\/wp-json\/wp\/v2\/types\/post"}],"author":[{"embeddable":true,"href":"https:\/\/noticiasmercedinas.com\/site\/wp-json\/wp\/v2\/users\/16"}],"replies":[{"embeddable":true,"href":"https:\/\/noticiasmercedinas.com\/site\/wp-json\/wp\/v2\/comments?post=130527"}],"version-history":[{"count":1,"href":"https:\/\/noticiasmercedinas.com\/site\/wp-json\/wp\/v2\/posts\/130527\/revisions"}],"predecessor-version":[{"id":130529,"href":"https:\/\/noticiasmercedinas.com\/site\/wp-json\/wp\/v2\/posts\/130527\/revisions\/130529"}],"wp:featuredmedia":[{"embeddable":true,"href":"https:\/\/noticiasmercedinas.com\/site\/wp-json\/wp\/v2\/media\/130528"}],"wp:attachment":[{"href":"https:\/\/noticiasmercedinas.com\/site\/wp-json\/wp\/v2\/media?parent=130527"}],"wp:term":[{"taxonomy":"category","embeddable":true,"href":"https:\/\/noticiasmercedinas.com\/site\/wp-json\/wp\/v2\/categories?post=130527"},{"taxonomy":"post_tag","embeddable":true,"href":"https:\/\/noticiasmercedinas.com\/site\/wp-json\/wp\/v2\/tags?post=130527"}],"curies":[{"name":"wp","href":"https:\/\/api.w.org\/{rel}","templated":true}]}}