{"id":130610,"date":"2024-02-13T13:16:09","date_gmt":"2024-02-13T16:16:09","guid":{"rendered":"https:\/\/noticiasmercedinas.com\/site\/?p=130610"},"modified":"2024-02-13T13:16:09","modified_gmt":"2024-02-13T16:16:09","slug":"daniel-lucero-jugara-para-el-blanquinegro","status":"publish","type":"post","link":"https:\/\/noticiasmercedinas.com\/site\/2024\/02\/13\/daniel-lucero-jugara-para-el-blanquinegro\/","title":{"rendered":"Daniel Lucero jugar\u00e1 para el \u201cBlanquinegro\u201d"},"content":{"rendered":"<figure id=\"attachment_130611\" aria-describedby=\"caption-attachment-130611\" style=\"width: 640px\" class=\"wp-caption alignnone\"><img loading=\"lazy\" decoding=\"async\" class=\"wp-image-130611 size-full\" src=\"https:\/\/noticiasmercedinas.com\/site\/wp-content\/uploads\/2024\/02\/989254fa-5666-4b4d-8464-fce68feef95c.jpg\" alt=\"\" width=\"640\" height=\"640\" srcset=\"https:\/\/noticiasmercedinas.com\/site\/wp-content\/uploads\/2024\/02\/989254fa-5666-4b4d-8464-fce68feef95c.jpg 640w, https:\/\/noticiasmercedinas.com\/site\/wp-content\/uploads\/2024\/02\/989254fa-5666-4b4d-8464-fce68feef95c-300x300.jpg 300w, https:\/\/noticiasmercedinas.com\/site\/wp-content\/uploads\/2024\/02\/989254fa-5666-4b4d-8464-fce68feef95c-150x150.jpg 150w\" sizes=\"auto, (max-width: 640px) 100vw, 640px\" \/><figcaption id=\"caption-attachment-130611\" class=\"wp-caption-text\">Daniel Lucero y el presidente Domingo de Paola en la sede de Club Mercedes.<\/figcaption><\/figure>\n<p>Sobre el cierre de inscripci\u00f3n de futbolistas Club Mercedes acaba de fichar para el presente torneo de la Primera C al delantero Daniel Lucero (21). Nacido en la ciudad y llegando a jugar en Comunicaciones y Mercedes, cerr\u00f3 condiciones junto a su representante y la directiva \u201cBlanquinegra\u201d, cuando ven\u00eda entren\u00e1ndose con el plantel desde mediados de la pasada semana.<\/p>\n<p>Lucero estuvo en Arsenal de Sarand\u00ed donde jug\u00f3 durante el 2023 alternando entre el banco de relevos y partidos como titular, antes en el 2022 tuvo un paso por el Macar\u00e1 (Ecuador) y el 2021 fue el a\u00f1o de su debut en Primera en el cl\u00e1sico ante Boca en el \u201cBombonera\u201d el d\u00eda 16 de mayo, aquel encuentro sin p\u00fablico en medio de la pandemia donde le toc\u00f3 ingresar en el segundo tiempo si tener por aquel entonces su primer contrato.<\/p>\n<p><img loading=\"lazy\" decoding=\"async\" class=\"alignnone size-full wp-image-130612\" src=\"https:\/\/noticiasmercedinas.com\/site\/wp-content\/uploads\/2024\/02\/lucero.jpg\" alt=\"\" width=\"640\" height=\"361\" srcset=\"https:\/\/noticiasmercedinas.com\/site\/wp-content\/uploads\/2024\/02\/lucero.jpg 640w, https:\/\/noticiasmercedinas.com\/site\/wp-content\/uploads\/2024\/02\/lucero-300x169.jpg 300w\" sizes=\"auto, (max-width: 640px) 100vw, 640px\" \/><\/p>\n<p>Goleador en las inferiores y Reserva de River Plate, llega a Club Mercedes despertando la ilusi\u00f3n de los hinchas. En los entrenamientos se lo ha visto en impecable condici\u00f3n f\u00edsica con lo que podr\u00eda debutar en la tercera fecha frente a Defensores de Cambaceres en la Liga. El 17 de abril pr\u00f3ximo cumplir\u00e1 sus 22 a\u00f1os y llega al ascenso de AFA con el arco como objetivo.<\/p>\n<p>Su juventud, el pasado por la instituci\u00f3n, le permiten tener un plus y sobre todo resulta ser un refuerzo para el transitar de Club Mercedes en la Primera C. Si bien la carrera de Lucero se va iniciando en el profesionalismo, su arribo es para valorar.<\/p>\n<p><img loading=\"lazy\" decoding=\"async\" class=\"alignnone size-full wp-image-130613\" src=\"https:\/\/noticiasmercedinas.com\/site\/wp-content\/uploads\/2024\/02\/daniel-lucero-river_w862.jpg\" alt=\"\" width=\"640\" height=\"417\" srcset=\"https:\/\/noticiasmercedinas.com\/site\/wp-content\/uploads\/2024\/02\/daniel-lucero-river_w862.jpg 640w, https:\/\/noticiasmercedinas.com\/site\/wp-content\/uploads\/2024\/02\/daniel-lucero-river_w862-300x194.jpg 300w\" sizes=\"auto, (max-width: 640px) 100vw, 640px\" \/><\/p>\n","protected":false},"excerpt":{"rendered":"<p>\u25a0 El futbolista mercedino firm\u00f3 contrato para actuar en la Primera C. Viene de la Primera Divisi\u00f3n en Arsenal surgiendo de River donde lleg\u00f3 a debutar en un cl\u00e1sico ante Boca. Su llegada genera expectativa.<\/p>\n","protected":false},"author":6,"featured_media":130611,"comment_status":"closed","ping_status":"closed","sticky":false,"template":"","format":"standard","meta":{"footnotes":""},"categories":[5],"tags":[6424,13576,135,5541,6434,3059],"class_list":["post-130610","post","type-post","status-publish","format-standard","has-post-thumbnail","hentry","category-deportes","tag-afa","tag-arsenal","tag-club-mercedes","tag-daniel-lucero","tag-primera-c","tag-river"],"yoast_head":"<!-- This site is optimized with the Yoast SEO plugin v27.4 - https:\/\/yoast.com\/product\/yoast-seo-wordpress\/ -->\n<title>Daniel Lucero jugar\u00e1 para el \u201cBlanquinegro\u201d<\/title>\n<meta name=\"robots\" content=\"index, follow, max-snippet:-1, max-image-preview:large, max-video-preview:-1\" \/>\n<link rel=\"canonical\" href=\"https:\/\/noticiasmercedinas.com\/site\/2024\/02\/13\/daniel-lucero-jugara-para-el-blanquinegro\/\" \/>\n<meta property=\"og:locale\" content=\"es_ES\" \/>\n<meta property=\"og:type\" content=\"article\" \/>\n<meta property=\"og:title\" content=\"Daniel Lucero jugar\u00e1 para el \u201cBlanquinegro\u201d\" \/>\n<meta property=\"og:description\" content=\"\u25a0 El futbolista mercedino firm\u00f3 contrato para actuar en la Primera C. Viene de la Primera Divisi\u00f3n en Arsenal surgiendo de River donde lleg\u00f3 a debutar en un cl\u00e1sico ante Boca. Su llegada genera expectativa.\" \/>\n<meta property=\"og:url\" content=\"https:\/\/noticiasmercedinas.com\/site\/2024\/02\/13\/daniel-lucero-jugara-para-el-blanquinegro\/\" \/>\n<meta property=\"og:site_name\" content=\"NOTICIASMERCEDINAS.COM\" \/>\n<meta property=\"article:publisher\" content=\"https:\/\/www.facebook.com\/noticiasmercedinas\/\" \/>\n<meta property=\"article:published_time\" content=\"2024-02-13T16:16:09+00:00\" \/>\n<meta property=\"og:image\" content=\"https:\/\/noticiasmercedinas.com\/site\/wp-content\/uploads\/2024\/02\/989254fa-5666-4b4d-8464-fce68feef95c.jpg\" \/>\n\t<meta property=\"og:image:width\" content=\"640\" \/>\n\t<meta property=\"og:image:height\" content=\"640\" \/>\n\t<meta property=\"og:image:type\" content=\"image\/jpeg\" \/>\n<meta name=\"author\" content=\"Juan Dagnino NOTICIASMERCEDINAS.COM\" \/>\n<meta name=\"twitter:card\" content=\"summary_large_image\" \/>\n<meta name=\"twitter:creator\" content=\"@notmercedinas\" \/>\n<meta name=\"twitter:site\" content=\"@notmercedinas\" \/>\n<meta name=\"twitter:label1\" content=\"Escrito por\" \/>\n\t<meta name=\"twitter:data1\" content=\"Juan Dagnino NOTICIASMERCEDINAS.COM\" \/>\n\t<meta name=\"twitter:label2\" content=\"Tiempo de lectura\" \/>\n\t<meta name=\"twitter:data2\" content=\"3 minutos\" \/>\n<script type=\"application\/ld+json\" class=\"yoast-schema-graph\">{\"@context\":\"https:\\\/\\\/schema.org\",\"@graph\":[{\"@type\":\"Article\",\"@id\":\"https:\\\/\\\/noticiasmercedinas.com\\\/site\\\/2024\\\/02\\\/13\\\/daniel-lucero-jugara-para-el-blanquinegro\\\/#article\",\"isPartOf\":{\"@id\":\"https:\\\/\\\/noticiasmercedinas.com\\\/site\\\/2024\\\/02\\\/13\\\/daniel-lucero-jugara-para-el-blanquinegro\\\/\"},\"author\":{\"name\":\"Juan Dagnino NOTICIASMERCEDINAS.COM\",\"@id\":\"https:\\\/\\\/noticiasmercedinas.com\\\/site\\\/#\\\/schema\\\/person\\\/8f2f09d666ef40986eba4a5e6f2a06f9\"},\"headline\":\"Daniel Lucero jugar\u00e1 para el \u201cBlanquinegro\u201d\",\"datePublished\":\"2024-02-13T16:16:09+00:00\",\"mainEntityOfPage\":{\"@id\":\"https:\\\/\\\/noticiasmercedinas.com\\\/site\\\/2024\\\/02\\\/13\\\/daniel-lucero-jugara-para-el-blanquinegro\\\/\"},\"wordCount\":287,\"publisher\":{\"@id\":\"https:\\\/\\\/noticiasmercedinas.com\\\/site\\\/#organization\"},\"image\":{\"@id\":\"https:\\\/\\\/noticiasmercedinas.com\\\/site\\\/2024\\\/02\\\/13\\\/daniel-lucero-jugara-para-el-blanquinegro\\\/#primaryimage\"},\"thumbnailUrl\":\"https:\\\/\\\/noticiasmercedinas.com\\\/site\\\/wp-content\\\/uploads\\\/2024\\\/02\\\/989254fa-5666-4b4d-8464-fce68feef95c.jpg\",\"keywords\":[\"AFA\",\"arsenal\",\"club mercedes\",\"Daniel Lucero\",\"Primera C\",\"River\"],\"articleSection\":[\"Deportes\"],\"inLanguage\":\"es\"},{\"@type\":\"WebPage\",\"@id\":\"https:\\\/\\\/noticiasmercedinas.com\\\/site\\\/2024\\\/02\\\/13\\\/daniel-lucero-jugara-para-el-blanquinegro\\\/\",\"url\":\"https:\\\/\\\/noticiasmercedinas.com\\\/site\\\/2024\\\/02\\\/13\\\/daniel-lucero-jugara-para-el-blanquinegro\\\/\",\"name\":\"Daniel Lucero jugar\u00e1 para el \u201cBlanquinegro\u201d\",\"isPartOf\":{\"@id\":\"https:\\\/\\\/noticiasmercedinas.com\\\/site\\\/#website\"},\"primaryImageOfPage\":{\"@id\":\"https:\\\/\\\/noticiasmercedinas.com\\\/site\\\/2024\\\/02\\\/13\\\/daniel-lucero-jugara-para-el-blanquinegro\\\/#primaryimage\"},\"image\":{\"@id\":\"https:\\\/\\\/noticiasmercedinas.com\\\/site\\\/2024\\\/02\\\/13\\\/daniel-lucero-jugara-para-el-blanquinegro\\\/#primaryimage\"},\"thumbnailUrl\":\"https:\\\/\\\/noticiasmercedinas.com\\\/site\\\/wp-content\\\/uploads\\\/2024\\\/02\\\/989254fa-5666-4b4d-8464-fce68feef95c.jpg\",\"datePublished\":\"2024-02-13T16:16:09+00:00\",\"breadcrumb\":{\"@id\":\"https:\\\/\\\/noticiasmercedinas.com\\\/site\\\/2024\\\/02\\\/13\\\/daniel-lucero-jugara-para-el-blanquinegro\\\/#breadcrumb\"},\"inLanguage\":\"es\",\"potentialAction\":[{\"@type\":\"ReadAction\",\"target\":[\"https:\\\/\\\/noticiasmercedinas.com\\\/site\\\/2024\\\/02\\\/13\\\/daniel-lucero-jugara-para-el-blanquinegro\\\/\"]}]},{\"@type\":\"ImageObject\",\"inLanguage\":\"es\",\"@id\":\"https:\\\/\\\/noticiasmercedinas.com\\\/site\\\/2024\\\/02\\\/13\\\/daniel-lucero-jugara-para-el-blanquinegro\\\/#primaryimage\",\"url\":\"https:\\\/\\\/noticiasmercedinas.com\\\/site\\\/wp-content\\\/uploads\\\/2024\\\/02\\\/989254fa-5666-4b4d-8464-fce68feef95c.jpg\",\"contentUrl\":\"https:\\\/\\\/noticiasmercedinas.com\\\/site\\\/wp-content\\\/uploads\\\/2024\\\/02\\\/989254fa-5666-4b4d-8464-fce68feef95c.jpg\",\"width\":640,\"height\":640},{\"@type\":\"BreadcrumbList\",\"@id\":\"https:\\\/\\\/noticiasmercedinas.com\\\/site\\\/2024\\\/02\\\/13\\\/daniel-lucero-jugara-para-el-blanquinegro\\\/#breadcrumb\",\"itemListElement\":[{\"@type\":\"ListItem\",\"position\":1,\"name\":\"Portada\",\"item\":\"https:\\\/\\\/noticiasmercedinas.com\\\/site\\\/\"},{\"@type\":\"ListItem\",\"position\":2,\"name\":\"Daniel Lucero jugar\u00e1 para el \u201cBlanquinegro\u201d\"}]},{\"@type\":\"WebSite\",\"@id\":\"https:\\\/\\\/noticiasmercedinas.com\\\/site\\\/#website\",\"url\":\"https:\\\/\\\/noticiasmercedinas.com\\\/site\\\/\",\"name\":\"NOTICIASMERCEDINAS.COM\",\"description\":\"Mercedes, Buenos Aires, Argentina\",\"publisher\":{\"@id\":\"https:\\\/\\\/noticiasmercedinas.com\\\/site\\\/#organization\"},\"potentialAction\":[{\"@type\":\"SearchAction\",\"target\":{\"@type\":\"EntryPoint\",\"urlTemplate\":\"https:\\\/\\\/noticiasmercedinas.com\\\/site\\\/?s={search_term_string}\"},\"query-input\":{\"@type\":\"PropertyValueSpecification\",\"valueRequired\":true,\"valueName\":\"search_term_string\"}}],\"inLanguage\":\"es\"},{\"@type\":\"Organization\",\"@id\":\"https:\\\/\\\/noticiasmercedinas.com\\\/site\\\/#organization\",\"name\":\"NOTICIASMERCEDINAS.COM\",\"url\":\"https:\\\/\\\/noticiasmercedinas.com\\\/site\\\/\",\"logo\":{\"@type\":\"ImageObject\",\"inLanguage\":\"es\",\"@id\":\"https:\\\/\\\/noticiasmercedinas.com\\\/site\\\/#\\\/schema\\\/logo\\\/image\\\/\",\"url\":\"https:\\\/\\\/noticiasmercedinas.com\\\/site\\\/wp-content\\\/uploads\\\/2020\\\/06\\\/LOGO-512.jpg\",\"contentUrl\":\"https:\\\/\\\/noticiasmercedinas.com\\\/site\\\/wp-content\\\/uploads\\\/2020\\\/06\\\/LOGO-512.jpg\",\"width\":512,\"height\":512,\"caption\":\"NOTICIASMERCEDINAS.COM\"},\"image\":{\"@id\":\"https:\\\/\\\/noticiasmercedinas.com\\\/site\\\/#\\\/schema\\\/logo\\\/image\\\/\"},\"sameAs\":[\"https:\\\/\\\/www.facebook.com\\\/noticiasmercedinas\\\/\",\"https:\\\/\\\/x.com\\\/notmercedinas\",\"https:\\\/\\\/www.instagram.com\\\/noticiasmercedinas\\\/\"]},{\"@type\":\"Person\",\"@id\":\"https:\\\/\\\/noticiasmercedinas.com\\\/site\\\/#\\\/schema\\\/person\\\/8f2f09d666ef40986eba4a5e6f2a06f9\",\"name\":\"Juan Dagnino NOTICIASMERCEDINAS.COM\",\"image\":{\"@type\":\"ImageObject\",\"inLanguage\":\"es\",\"@id\":\"https:\\\/\\\/secure.gravatar.com\\\/avatar\\\/fc7059a769f5a3cae65fadb228a3e4accf3a64b4b2305020d0a27e6d5333c91b?s=96&d=mm&r=g\",\"url\":\"https:\\\/\\\/secure.gravatar.com\\\/avatar\\\/fc7059a769f5a3cae65fadb228a3e4accf3a64b4b2305020d0a27e6d5333c91b?s=96&d=mm&r=g\",\"contentUrl\":\"https:\\\/\\\/secure.gravatar.com\\\/avatar\\\/fc7059a769f5a3cae65fadb228a3e4accf3a64b4b2305020d0a27e6d5333c91b?s=96&d=mm&r=g\",\"caption\":\"Juan Dagnino NOTICIASMERCEDINAS.COM\"},\"url\":\"https:\\\/\\\/noticiasmercedinas.com\\\/site\\\/author\\\/juandagnino\\\/\"}]}<\/script>\n<!-- \/ Yoast SEO plugin. -->","yoast_head_json":{"title":"Daniel Lucero jugar\u00e1 para el \u201cBlanquinegro\u201d","robots":{"index":"index","follow":"follow","max-snippet":"max-snippet:-1","max-image-preview":"max-image-preview:large","max-video-preview":"max-video-preview:-1"},"canonical":"https:\/\/noticiasmercedinas.com\/site\/2024\/02\/13\/daniel-lucero-jugara-para-el-blanquinegro\/","og_locale":"es_ES","og_type":"article","og_title":"Daniel Lucero jugar\u00e1 para el \u201cBlanquinegro\u201d","og_description":"\u25a0 El futbolista mercedino firm\u00f3 contrato para actuar en la Primera C. Viene de la Primera Divisi\u00f3n en Arsenal surgiendo de River donde lleg\u00f3 a debutar en un cl\u00e1sico ante Boca. Su llegada genera expectativa.","og_url":"https:\/\/noticiasmercedinas.com\/site\/2024\/02\/13\/daniel-lucero-jugara-para-el-blanquinegro\/","og_site_name":"NOTICIASMERCEDINAS.COM","article_publisher":"https:\/\/www.facebook.com\/noticiasmercedinas\/","article_published_time":"2024-02-13T16:16:09+00:00","og_image":[{"width":640,"height":640,"url":"https:\/\/noticiasmercedinas.com\/site\/wp-content\/uploads\/2024\/02\/989254fa-5666-4b4d-8464-fce68feef95c.jpg","type":"image\/jpeg"}],"author":"Juan Dagnino NOTICIASMERCEDINAS.COM","twitter_card":"summary_large_image","twitter_creator":"@notmercedinas","twitter_site":"@notmercedinas","twitter_misc":{"Escrito por":"Juan Dagnino NOTICIASMERCEDINAS.COM","Tiempo de lectura":"3 minutos"},"schema":{"@context":"https:\/\/schema.org","@graph":[{"@type":"Article","@id":"https:\/\/noticiasmercedinas.com\/site\/2024\/02\/13\/daniel-lucero-jugara-para-el-blanquinegro\/#article","isPartOf":{"@id":"https:\/\/noticiasmercedinas.com\/site\/2024\/02\/13\/daniel-lucero-jugara-para-el-blanquinegro\/"},"author":{"name":"Juan Dagnino NOTICIASMERCEDINAS.COM","@id":"https:\/\/noticiasmercedinas.com\/site\/#\/schema\/person\/8f2f09d666ef40986eba4a5e6f2a06f9"},"headline":"Daniel Lucero jugar\u00e1 para el \u201cBlanquinegro\u201d","datePublished":"2024-02-13T16:16:09+00:00","mainEntityOfPage":{"@id":"https:\/\/noticiasmercedinas.com\/site\/2024\/02\/13\/daniel-lucero-jugara-para-el-blanquinegro\/"},"wordCount":287,"publisher":{"@id":"https:\/\/noticiasmercedinas.com\/site\/#organization"},"image":{"@id":"https:\/\/noticiasmercedinas.com\/site\/2024\/02\/13\/daniel-lucero-jugara-para-el-blanquinegro\/#primaryimage"},"thumbnailUrl":"https:\/\/noticiasmercedinas.com\/site\/wp-content\/uploads\/2024\/02\/989254fa-5666-4b4d-8464-fce68feef95c.jpg","keywords":["AFA","arsenal","club mercedes","Daniel Lucero","Primera C","River"],"articleSection":["Deportes"],"inLanguage":"es"},{"@type":"WebPage","@id":"https:\/\/noticiasmercedinas.com\/site\/2024\/02\/13\/daniel-lucero-jugara-para-el-blanquinegro\/","url":"https:\/\/noticiasmercedinas.com\/site\/2024\/02\/13\/daniel-lucero-jugara-para-el-blanquinegro\/","name":"Daniel Lucero jugar\u00e1 para el \u201cBlanquinegro\u201d","isPartOf":{"@id":"https:\/\/noticiasmercedinas.com\/site\/#website"},"primaryImageOfPage":{"@id":"https:\/\/noticiasmercedinas.com\/site\/2024\/02\/13\/daniel-lucero-jugara-para-el-blanquinegro\/#primaryimage"},"image":{"@id":"https:\/\/noticiasmercedinas.com\/site\/2024\/02\/13\/daniel-lucero-jugara-para-el-blanquinegro\/#primaryimage"},"thumbnailUrl":"https:\/\/noticiasmercedinas.com\/site\/wp-content\/uploads\/2024\/02\/989254fa-5666-4b4d-8464-fce68feef95c.jpg","datePublished":"2024-02-13T16:16:09+00:00","breadcrumb":{"@id":"https:\/\/noticiasmercedinas.com\/site\/2024\/02\/13\/daniel-lucero-jugara-para-el-blanquinegro\/#breadcrumb"},"inLanguage":"es","potentialAction":[{"@type":"ReadAction","target":["https:\/\/noticiasmercedinas.com\/site\/2024\/02\/13\/daniel-lucero-jugara-para-el-blanquinegro\/"]}]},{"@type":"ImageObject","inLanguage":"es","@id":"https:\/\/noticiasmercedinas.com\/site\/2024\/02\/13\/daniel-lucero-jugara-para-el-blanquinegro\/#primaryimage","url":"https:\/\/noticiasmercedinas.com\/site\/wp-content\/uploads\/2024\/02\/989254fa-5666-4b4d-8464-fce68feef95c.jpg","contentUrl":"https:\/\/noticiasmercedinas.com\/site\/wp-content\/uploads\/2024\/02\/989254fa-5666-4b4d-8464-fce68feef95c.jpg","width":640,"height":640},{"@type":"BreadcrumbList","@id":"https:\/\/noticiasmercedinas.com\/site\/2024\/02\/13\/daniel-lucero-jugara-para-el-blanquinegro\/#breadcrumb","itemListElement":[{"@type":"ListItem","position":1,"name":"Portada","item":"https:\/\/noticiasmercedinas.com\/site\/"},{"@type":"ListItem","position":2,"name":"Daniel Lucero jugar\u00e1 para el \u201cBlanquinegro\u201d"}]},{"@type":"WebSite","@id":"https:\/\/noticiasmercedinas.com\/site\/#website","url":"https:\/\/noticiasmercedinas.com\/site\/","name":"NOTICIASMERCEDINAS.COM","description":"Mercedes, Buenos Aires, Argentina","publisher":{"@id":"https:\/\/noticiasmercedinas.com\/site\/#organization"},"potentialAction":[{"@type":"SearchAction","target":{"@type":"EntryPoint","urlTemplate":"https:\/\/noticiasmercedinas.com\/site\/?s={search_term_string}"},"query-input":{"@type":"PropertyValueSpecification","valueRequired":true,"valueName":"search_term_string"}}],"inLanguage":"es"},{"@type":"Organization","@id":"https:\/\/noticiasmercedinas.com\/site\/#organization","name":"NOTICIASMERCEDINAS.COM","url":"https:\/\/noticiasmercedinas.com\/site\/","logo":{"@type":"ImageObject","inLanguage":"es","@id":"https:\/\/noticiasmercedinas.com\/site\/#\/schema\/logo\/image\/","url":"https:\/\/noticiasmercedinas.com\/site\/wp-content\/uploads\/2020\/06\/LOGO-512.jpg","contentUrl":"https:\/\/noticiasmercedinas.com\/site\/wp-content\/uploads\/2020\/06\/LOGO-512.jpg","width":512,"height":512,"caption":"NOTICIASMERCEDINAS.COM"},"image":{"@id":"https:\/\/noticiasmercedinas.com\/site\/#\/schema\/logo\/image\/"},"sameAs":["https:\/\/www.facebook.com\/noticiasmercedinas\/","https:\/\/x.com\/notmercedinas","https:\/\/www.instagram.com\/noticiasmercedinas\/"]},{"@type":"Person","@id":"https:\/\/noticiasmercedinas.com\/site\/#\/schema\/person\/8f2f09d666ef40986eba4a5e6f2a06f9","name":"Juan Dagnino NOTICIASMERCEDINAS.COM","image":{"@type":"ImageObject","inLanguage":"es","@id":"https:\/\/secure.gravatar.com\/avatar\/fc7059a769f5a3cae65fadb228a3e4accf3a64b4b2305020d0a27e6d5333c91b?s=96&d=mm&r=g","url":"https:\/\/secure.gravatar.com\/avatar\/fc7059a769f5a3cae65fadb228a3e4accf3a64b4b2305020d0a27e6d5333c91b?s=96&d=mm&r=g","contentUrl":"https:\/\/secure.gravatar.com\/avatar\/fc7059a769f5a3cae65fadb228a3e4accf3a64b4b2305020d0a27e6d5333c91b?s=96&d=mm&r=g","caption":"Juan Dagnino NOTICIASMERCEDINAS.COM"},"url":"https:\/\/noticiasmercedinas.com\/site\/author\/juandagnino\/"}]}},"amp_enabled":true,"_links":{"self":[{"href":"https:\/\/noticiasmercedinas.com\/site\/wp-json\/wp\/v2\/posts\/130610","targetHints":{"allow":["GET"]}}],"collection":[{"href":"https:\/\/noticiasmercedinas.com\/site\/wp-json\/wp\/v2\/posts"}],"about":[{"href":"https:\/\/noticiasmercedinas.com\/site\/wp-json\/wp\/v2\/types\/post"}],"author":[{"embeddable":true,"href":"https:\/\/noticiasmercedinas.com\/site\/wp-json\/wp\/v2\/users\/6"}],"replies":[{"embeddable":true,"href":"https:\/\/noticiasmercedinas.com\/site\/wp-json\/wp\/v2\/comments?post=130610"}],"version-history":[{"count":1,"href":"https:\/\/noticiasmercedinas.com\/site\/wp-json\/wp\/v2\/posts\/130610\/revisions"}],"predecessor-version":[{"id":130614,"href":"https:\/\/noticiasmercedinas.com\/site\/wp-json\/wp\/v2\/posts\/130610\/revisions\/130614"}],"wp:featuredmedia":[{"embeddable":true,"href":"https:\/\/noticiasmercedinas.com\/site\/wp-json\/wp\/v2\/media\/130611"}],"wp:attachment":[{"href":"https:\/\/noticiasmercedinas.com\/site\/wp-json\/wp\/v2\/media?parent=130610"}],"wp:term":[{"taxonomy":"category","embeddable":true,"href":"https:\/\/noticiasmercedinas.com\/site\/wp-json\/wp\/v2\/categories?post=130610"},{"taxonomy":"post_tag","embeddable":true,"href":"https:\/\/noticiasmercedinas.com\/site\/wp-json\/wp\/v2\/tags?post=130610"}],"curies":[{"name":"wp","href":"https:\/\/api.w.org\/{rel}","templated":true}]}}