{"id":130671,"date":"2024-02-14T19:50:49","date_gmt":"2024-02-14T22:50:49","guid":{"rendered":"https:\/\/noticiasmercedinas.com\/site\/?p=130671"},"modified":"2024-02-14T19:50:49","modified_gmt":"2024-02-14T22:50:49","slug":"reconocieron-a-guillermo-ariel-chirino-por-sus-30-anos-de-ofrecer-alegria-en-el-carnaval","status":"publish","type":"post","link":"https:\/\/noticiasmercedinas.com\/site\/2024\/02\/14\/reconocieron-a-guillermo-ariel-chirino-por-sus-30-anos-de-ofrecer-alegria-en-el-carnaval\/","title":{"rendered":"Reconocieron a Guillermo Ariel Chirino por sus 30 a\u00f1os de ofrecer alegr\u00eda en el Carnaval"},"content":{"rendered":"<p><img loading=\"lazy\" decoding=\"async\" class=\"alignnone size-full wp-image-130672\" src=\"https:\/\/noticiasmercedinas.com\/site\/wp-content\/uploads\/2024\/02\/426369959_7540088429377283_834798341485630895_n.jpg\" alt=\"\" width=\"720\" height=\"480\" srcset=\"https:\/\/noticiasmercedinas.com\/site\/wp-content\/uploads\/2024\/02\/426369959_7540088429377283_834798341485630895_n.jpg 720w, https:\/\/noticiasmercedinas.com\/site\/wp-content\/uploads\/2024\/02\/426369959_7540088429377283_834798341485630895_n-300x200.jpg 300w, https:\/\/noticiasmercedinas.com\/site\/wp-content\/uploads\/2024\/02\/426369959_7540088429377283_834798341485630895_n-640x427.jpg 640w, https:\/\/noticiasmercedinas.com\/site\/wp-content\/uploads\/2024\/02\/426369959_7540088429377283_834798341485630895_n-681x454.jpg 681w\" sizes=\"auto, (max-width: 720px) 100vw, 720px\" \/><\/p>\n<p>En un emotivo momento durante el carnaval mercedino, <strong>Guillermo Arel Chirino<\/strong>, figura emblem\u00e1tica y alma mater de \u00abIlusi\u00f3n Murguera\u00bb, fue honrado por sus 30 a\u00f1os de incansable dedicaci\u00f3n a brindar alegr\u00eda a la comunidad.<\/p>\n<p>El reconocimiento fue entregado por el intendente de Mercedes, <strong>Juan Ignacio Ustarroz<\/strong>, quien destac\u00f3 la gran contribuci\u00f3n de Chirino al enriquecimiento cultural y espiritual del carnaval local. Una placa conmemorativa fue otorgada como s\u00edmbolo de gratitud y reconocimiento a este pilar fundamental de la festividad.<\/p>\n<p><img loading=\"lazy\" decoding=\"async\" class=\"alignnone size-large wp-image-130674\" src=\"https:\/\/noticiasmercedinas.com\/site\/wp-content\/uploads\/2024\/02\/427899360_7540088729377253_6139301709895929540_n-1024x768.jpg\" alt=\"\" width=\"640\" height=\"480\" srcset=\"https:\/\/noticiasmercedinas.com\/site\/wp-content\/uploads\/2024\/02\/427899360_7540088729377253_6139301709895929540_n-1024x768.jpg 1024w, https:\/\/noticiasmercedinas.com\/site\/wp-content\/uploads\/2024\/02\/427899360_7540088729377253_6139301709895929540_n-300x225.jpg 300w, https:\/\/noticiasmercedinas.com\/site\/wp-content\/uploads\/2024\/02\/427899360_7540088729377253_6139301709895929540_n-768x576.jpg 768w, https:\/\/noticiasmercedinas.com\/site\/wp-content\/uploads\/2024\/02\/427899360_7540088729377253_6139301709895929540_n-1536x1152.jpg 1536w, https:\/\/noticiasmercedinas.com\/site\/wp-content\/uploads\/2024\/02\/427899360_7540088729377253_6139301709895929540_n-80x60.jpg 80w, https:\/\/noticiasmercedinas.com\/site\/wp-content\/uploads\/2024\/02\/427899360_7540088729377253_6139301709895929540_n-160x120.jpg 160w, https:\/\/noticiasmercedinas.com\/site\/wp-content\/uploads\/2024\/02\/427899360_7540088729377253_6139301709895929540_n-100x75.jpg 100w, https:\/\/noticiasmercedinas.com\/site\/wp-content\/uploads\/2024\/02\/427899360_7540088729377253_6139301709895929540_n-200x150.jpg 200w, https:\/\/noticiasmercedinas.com\/site\/wp-content\/uploads\/2024\/02\/427899360_7540088729377253_6139301709895929540_n-180x135.jpg 180w, https:\/\/noticiasmercedinas.com\/site\/wp-content\/uploads\/2024\/02\/427899360_7540088729377253_6139301709895929540_n-360x270.jpg 360w, https:\/\/noticiasmercedinas.com\/site\/wp-content\/uploads\/2024\/02\/427899360_7540088729377253_6139301709895929540_n-238x178.jpg 238w, https:\/\/noticiasmercedinas.com\/site\/wp-content\/uploads\/2024\/02\/427899360_7540088729377253_6139301709895929540_n-476x356.jpg 476w, https:\/\/noticiasmercedinas.com\/site\/wp-content\/uploads\/2024\/02\/427899360_7540088729377253_6139301709895929540_n-640x480.jpg 640w, https:\/\/noticiasmercedinas.com\/site\/wp-content\/uploads\/2024\/02\/427899360_7540088729377253_6139301709895929540_n-1280x960.jpg 1280w, https:\/\/noticiasmercedinas.com\/site\/wp-content\/uploads\/2024\/02\/427899360_7540088729377253_6139301709895929540_n-681x511.jpg 681w, https:\/\/noticiasmercedinas.com\/site\/wp-content\/uploads\/2024\/02\/427899360_7540088729377253_6139301709895929540_n-1362x1022.jpg 1362w, https:\/\/noticiasmercedinas.com\/site\/wp-content\/uploads\/2024\/02\/427899360_7540088729377253_6139301709895929540_n.jpg 2048w\" sizes=\"auto, (max-width: 640px) 100vw, 640px\" \/><\/p>\n<p>Chirino, visiblemente conmovido, expres\u00f3 su agradecimiento a trav\u00e9s de las redes sociales, compartiendo su alegr\u00eda y gratitud por el reconocimiento recibido. En sus palabras, destac\u00f3 la importancia del amor, la dedicaci\u00f3n y el sacrificio que ha caracterizado su trayectoria de tres d\u00e9cadas en el mundo del carnaval.<\/p>\n<p>Adem\u00e1s, extendi\u00f3 su reconocimiento a todos aquellos que han apoyado su labor, especialmente a su familia, mencionando a Noemi Sabina Yolanda Montes, quien siempre ha estado a su lado impuls\u00e1ndolo en cada paso.<\/p>\n<p>Con este gesto de reconocimiento, se le rinde homenaje a un hombre cuya pasi\u00f3n y compromiso han sido vitales para mantener viva la tradici\u00f3n del carnaval y llevar alegr\u00eda a generaciones de espectadores.<\/p>\n<p><img loading=\"lazy\" decoding=\"async\" class=\"alignnone size-large wp-image-130673\" src=\"https:\/\/noticiasmercedinas.com\/site\/wp-content\/uploads\/2024\/02\/428111283_7540091986043594_6306443698272958644_n-1024x768.jpg\" alt=\"\" width=\"640\" height=\"480\" srcset=\"https:\/\/noticiasmercedinas.com\/site\/wp-content\/uploads\/2024\/02\/428111283_7540091986043594_6306443698272958644_n-1024x768.jpg 1024w, https:\/\/noticiasmercedinas.com\/site\/wp-content\/uploads\/2024\/02\/428111283_7540091986043594_6306443698272958644_n-300x225.jpg 300w, https:\/\/noticiasmercedinas.com\/site\/wp-content\/uploads\/2024\/02\/428111283_7540091986043594_6306443698272958644_n-768x576.jpg 768w, https:\/\/noticiasmercedinas.com\/site\/wp-content\/uploads\/2024\/02\/428111283_7540091986043594_6306443698272958644_n-80x60.jpg 80w, https:\/\/noticiasmercedinas.com\/site\/wp-content\/uploads\/2024\/02\/428111283_7540091986043594_6306443698272958644_n-160x120.jpg 160w, https:\/\/noticiasmercedinas.com\/site\/wp-content\/uploads\/2024\/02\/428111283_7540091986043594_6306443698272958644_n-100x75.jpg 100w, https:\/\/noticiasmercedinas.com\/site\/wp-content\/uploads\/2024\/02\/428111283_7540091986043594_6306443698272958644_n-200x150.jpg 200w, https:\/\/noticiasmercedinas.com\/site\/wp-content\/uploads\/2024\/02\/428111283_7540091986043594_6306443698272958644_n-180x135.jpg 180w, https:\/\/noticiasmercedinas.com\/site\/wp-content\/uploads\/2024\/02\/428111283_7540091986043594_6306443698272958644_n-360x270.jpg 360w, https:\/\/noticiasmercedinas.com\/site\/wp-content\/uploads\/2024\/02\/428111283_7540091986043594_6306443698272958644_n-238x178.jpg 238w, https:\/\/noticiasmercedinas.com\/site\/wp-content\/uploads\/2024\/02\/428111283_7540091986043594_6306443698272958644_n-476x356.jpg 476w, https:\/\/noticiasmercedinas.com\/site\/wp-content\/uploads\/2024\/02\/428111283_7540091986043594_6306443698272958644_n-640x480.jpg 640w, https:\/\/noticiasmercedinas.com\/site\/wp-content\/uploads\/2024\/02\/428111283_7540091986043594_6306443698272958644_n-681x511.jpg 681w, https:\/\/noticiasmercedinas.com\/site\/wp-content\/uploads\/2024\/02\/428111283_7540091986043594_6306443698272958644_n.jpg 1040w\" sizes=\"auto, (max-width: 640px) 100vw, 640px\" \/><\/p>\n","protected":false},"excerpt":{"rendered":"<p>\u25a0 El reconocimiento fue entregado por el intendente de Mercedes, Juan Ignacio Ustarroz, quien destac\u00f3 la gran contribuci\u00f3n de Chirino al enriquecimiento cultural y espiritual del carnaval local.<\/p>\n","protected":false},"author":16,"featured_media":130672,"comment_status":"closed","ping_status":"closed","sticky":false,"template":"","format":"standard","meta":{"footnotes":""},"categories":[4],"tags":[11615,956],"class_list":["post-130671","post","type-post","status-publish","format-standard","has-post-thumbnail","hentry","category-cultura","tag-ariel-chirino","tag-carnaval"],"yoast_head":"<!-- This site is optimized with the Yoast SEO plugin v27.4 - https:\/\/yoast.com\/product\/yoast-seo-wordpress\/ -->\n<title>Reconocieron a Guillermo Ariel Chirino por sus 30 a\u00f1os de ofrecer alegr\u00eda en el Carnaval<\/title>\n<meta name=\"robots\" content=\"index, follow, max-snippet:-1, max-image-preview:large, max-video-preview:-1\" \/>\n<link rel=\"canonical\" href=\"https:\/\/noticiasmercedinas.com\/site\/2024\/02\/14\/reconocieron-a-guillermo-ariel-chirino-por-sus-30-anos-de-ofrecer-alegria-en-el-carnaval\/\" \/>\n<meta property=\"og:locale\" content=\"es_ES\" \/>\n<meta property=\"og:type\" content=\"article\" \/>\n<meta property=\"og:title\" content=\"Reconocieron a Guillermo Ariel Chirino por sus 30 a\u00f1os de ofrecer alegr\u00eda en el Carnaval\" \/>\n<meta property=\"og:description\" content=\"\u25a0 El reconocimiento fue entregado por el intendente de Mercedes, Juan Ignacio Ustarroz, quien destac\u00f3 la gran contribuci\u00f3n de Chirino al enriquecimiento cultural y espiritual del carnaval local.\" \/>\n<meta property=\"og:url\" content=\"https:\/\/noticiasmercedinas.com\/site\/2024\/02\/14\/reconocieron-a-guillermo-ariel-chirino-por-sus-30-anos-de-ofrecer-alegria-en-el-carnaval\/\" \/>\n<meta property=\"og:site_name\" content=\"NOTICIASMERCEDINAS.COM\" \/>\n<meta property=\"article:publisher\" content=\"https:\/\/www.facebook.com\/noticiasmercedinas\/\" \/>\n<meta property=\"article:published_time\" content=\"2024-02-14T22:50:49+00:00\" \/>\n<meta property=\"og:image\" content=\"https:\/\/noticiasmercedinas.com\/site\/wp-content\/uploads\/2024\/02\/426369959_7540088429377283_834798341485630895_n.jpg\" \/>\n\t<meta property=\"og:image:width\" content=\"720\" \/>\n\t<meta property=\"og:image:height\" content=\"480\" \/>\n\t<meta property=\"og:image:type\" content=\"image\/jpeg\" \/>\n<meta name=\"author\" content=\"NOTICIASMERCEDINAS.COM\" \/>\n<meta name=\"twitter:card\" content=\"summary_large_image\" \/>\n<meta name=\"twitter:creator\" content=\"@notmercedinas\" \/>\n<meta name=\"twitter:site\" content=\"@notmercedinas\" \/>\n<meta name=\"twitter:label1\" content=\"Escrito por\" \/>\n\t<meta name=\"twitter:data1\" content=\"NOTICIASMERCEDINAS.COM\" \/>\n\t<meta name=\"twitter:label2\" content=\"Tiempo de lectura\" \/>\n\t<meta name=\"twitter:data2\" content=\"2 minutos\" \/>\n<script type=\"application\/ld+json\" class=\"yoast-schema-graph\">{\"@context\":\"https:\\\/\\\/schema.org\",\"@graph\":[{\"@type\":\"Article\",\"@id\":\"https:\\\/\\\/noticiasmercedinas.com\\\/site\\\/2024\\\/02\\\/14\\\/reconocieron-a-guillermo-ariel-chirino-por-sus-30-anos-de-ofrecer-alegria-en-el-carnaval\\\/#article\",\"isPartOf\":{\"@id\":\"https:\\\/\\\/noticiasmercedinas.com\\\/site\\\/2024\\\/02\\\/14\\\/reconocieron-a-guillermo-ariel-chirino-por-sus-30-anos-de-ofrecer-alegria-en-el-carnaval\\\/\"},\"author\":{\"name\":\"NOTICIASMERCEDINAS.COM\",\"@id\":\"https:\\\/\\\/noticiasmercedinas.com\\\/site\\\/#\\\/schema\\\/person\\\/84b59c099c28ff2e8b77d4ceec5d8063\"},\"headline\":\"Reconocieron a Guillermo Ariel Chirino por sus 30 a\u00f1os de ofrecer alegr\u00eda en el Carnaval\",\"datePublished\":\"2024-02-14T22:50:49+00:00\",\"mainEntityOfPage\":{\"@id\":\"https:\\\/\\\/noticiasmercedinas.com\\\/site\\\/2024\\\/02\\\/14\\\/reconocieron-a-guillermo-ariel-chirino-por-sus-30-anos-de-ofrecer-alegria-en-el-carnaval\\\/\"},\"wordCount\":223,\"publisher\":{\"@id\":\"https:\\\/\\\/noticiasmercedinas.com\\\/site\\\/#organization\"},\"image\":{\"@id\":\"https:\\\/\\\/noticiasmercedinas.com\\\/site\\\/2024\\\/02\\\/14\\\/reconocieron-a-guillermo-ariel-chirino-por-sus-30-anos-de-ofrecer-alegria-en-el-carnaval\\\/#primaryimage\"},\"thumbnailUrl\":\"https:\\\/\\\/noticiasmercedinas.com\\\/site\\\/wp-content\\\/uploads\\\/2024\\\/02\\\/426369959_7540088429377283_834798341485630895_n.jpg\",\"keywords\":[\"ariel chirino\",\"carnaval\"],\"articleSection\":[\"Cultura\"],\"inLanguage\":\"es\"},{\"@type\":\"WebPage\",\"@id\":\"https:\\\/\\\/noticiasmercedinas.com\\\/site\\\/2024\\\/02\\\/14\\\/reconocieron-a-guillermo-ariel-chirino-por-sus-30-anos-de-ofrecer-alegria-en-el-carnaval\\\/\",\"url\":\"https:\\\/\\\/noticiasmercedinas.com\\\/site\\\/2024\\\/02\\\/14\\\/reconocieron-a-guillermo-ariel-chirino-por-sus-30-anos-de-ofrecer-alegria-en-el-carnaval\\\/\",\"name\":\"Reconocieron a Guillermo Ariel Chirino por sus 30 a\u00f1os de ofrecer alegr\u00eda en el Carnaval\",\"isPartOf\":{\"@id\":\"https:\\\/\\\/noticiasmercedinas.com\\\/site\\\/#website\"},\"primaryImageOfPage\":{\"@id\":\"https:\\\/\\\/noticiasmercedinas.com\\\/site\\\/2024\\\/02\\\/14\\\/reconocieron-a-guillermo-ariel-chirino-por-sus-30-anos-de-ofrecer-alegria-en-el-carnaval\\\/#primaryimage\"},\"image\":{\"@id\":\"https:\\\/\\\/noticiasmercedinas.com\\\/site\\\/2024\\\/02\\\/14\\\/reconocieron-a-guillermo-ariel-chirino-por-sus-30-anos-de-ofrecer-alegria-en-el-carnaval\\\/#primaryimage\"},\"thumbnailUrl\":\"https:\\\/\\\/noticiasmercedinas.com\\\/site\\\/wp-content\\\/uploads\\\/2024\\\/02\\\/426369959_7540088429377283_834798341485630895_n.jpg\",\"datePublished\":\"2024-02-14T22:50:49+00:00\",\"breadcrumb\":{\"@id\":\"https:\\\/\\\/noticiasmercedinas.com\\\/site\\\/2024\\\/02\\\/14\\\/reconocieron-a-guillermo-ariel-chirino-por-sus-30-anos-de-ofrecer-alegria-en-el-carnaval\\\/#breadcrumb\"},\"inLanguage\":\"es\",\"potentialAction\":[{\"@type\":\"ReadAction\",\"target\":[\"https:\\\/\\\/noticiasmercedinas.com\\\/site\\\/2024\\\/02\\\/14\\\/reconocieron-a-guillermo-ariel-chirino-por-sus-30-anos-de-ofrecer-alegria-en-el-carnaval\\\/\"]}]},{\"@type\":\"ImageObject\",\"inLanguage\":\"es\",\"@id\":\"https:\\\/\\\/noticiasmercedinas.com\\\/site\\\/2024\\\/02\\\/14\\\/reconocieron-a-guillermo-ariel-chirino-por-sus-30-anos-de-ofrecer-alegria-en-el-carnaval\\\/#primaryimage\",\"url\":\"https:\\\/\\\/noticiasmercedinas.com\\\/site\\\/wp-content\\\/uploads\\\/2024\\\/02\\\/426369959_7540088429377283_834798341485630895_n.jpg\",\"contentUrl\":\"https:\\\/\\\/noticiasmercedinas.com\\\/site\\\/wp-content\\\/uploads\\\/2024\\\/02\\\/426369959_7540088429377283_834798341485630895_n.jpg\",\"width\":720,\"height\":480},{\"@type\":\"BreadcrumbList\",\"@id\":\"https:\\\/\\\/noticiasmercedinas.com\\\/site\\\/2024\\\/02\\\/14\\\/reconocieron-a-guillermo-ariel-chirino-por-sus-30-anos-de-ofrecer-alegria-en-el-carnaval\\\/#breadcrumb\",\"itemListElement\":[{\"@type\":\"ListItem\",\"position\":1,\"name\":\"Portada\",\"item\":\"https:\\\/\\\/noticiasmercedinas.com\\\/site\\\/\"},{\"@type\":\"ListItem\",\"position\":2,\"name\":\"Reconocieron a Guillermo Ariel Chirino por sus 30 a\u00f1os de ofrecer alegr\u00eda en el Carnaval\"}]},{\"@type\":\"WebSite\",\"@id\":\"https:\\\/\\\/noticiasmercedinas.com\\\/site\\\/#website\",\"url\":\"https:\\\/\\\/noticiasmercedinas.com\\\/site\\\/\",\"name\":\"NOTICIASMERCEDINAS.COM\",\"description\":\"Mercedes, Buenos Aires, Argentina\",\"publisher\":{\"@id\":\"https:\\\/\\\/noticiasmercedinas.com\\\/site\\\/#organization\"},\"potentialAction\":[{\"@type\":\"SearchAction\",\"target\":{\"@type\":\"EntryPoint\",\"urlTemplate\":\"https:\\\/\\\/noticiasmercedinas.com\\\/site\\\/?s={search_term_string}\"},\"query-input\":{\"@type\":\"PropertyValueSpecification\",\"valueRequired\":true,\"valueName\":\"search_term_string\"}}],\"inLanguage\":\"es\"},{\"@type\":\"Organization\",\"@id\":\"https:\\\/\\\/noticiasmercedinas.com\\\/site\\\/#organization\",\"name\":\"NOTICIASMERCEDINAS.COM\",\"url\":\"https:\\\/\\\/noticiasmercedinas.com\\\/site\\\/\",\"logo\":{\"@type\":\"ImageObject\",\"inLanguage\":\"es\",\"@id\":\"https:\\\/\\\/noticiasmercedinas.com\\\/site\\\/#\\\/schema\\\/logo\\\/image\\\/\",\"url\":\"https:\\\/\\\/noticiasmercedinas.com\\\/site\\\/wp-content\\\/uploads\\\/2020\\\/06\\\/LOGO-512.jpg\",\"contentUrl\":\"https:\\\/\\\/noticiasmercedinas.com\\\/site\\\/wp-content\\\/uploads\\\/2020\\\/06\\\/LOGO-512.jpg\",\"width\":512,\"height\":512,\"caption\":\"NOTICIASMERCEDINAS.COM\"},\"image\":{\"@id\":\"https:\\\/\\\/noticiasmercedinas.com\\\/site\\\/#\\\/schema\\\/logo\\\/image\\\/\"},\"sameAs\":[\"https:\\\/\\\/www.facebook.com\\\/noticiasmercedinas\\\/\",\"https:\\\/\\\/x.com\\\/notmercedinas\",\"https:\\\/\\\/www.instagram.com\\\/noticiasmercedinas\\\/\"]},{\"@type\":\"Person\",\"@id\":\"https:\\\/\\\/noticiasmercedinas.com\\\/site\\\/#\\\/schema\\\/person\\\/84b59c099c28ff2e8b77d4ceec5d8063\",\"name\":\"NOTICIASMERCEDINAS.COM\",\"image\":{\"@type\":\"ImageObject\",\"inLanguage\":\"es\",\"@id\":\"https:\\\/\\\/secure.gravatar.com\\\/avatar\\\/4dfbf16b4d17945bfb6341b2d19043457132fcf478a5ee04f42e959fd8f5df0a?s=96&d=mm&r=g\",\"url\":\"https:\\\/\\\/secure.gravatar.com\\\/avatar\\\/4dfbf16b4d17945bfb6341b2d19043457132fcf478a5ee04f42e959fd8f5df0a?s=96&d=mm&r=g\",\"contentUrl\":\"https:\\\/\\\/secure.gravatar.com\\\/avatar\\\/4dfbf16b4d17945bfb6341b2d19043457132fcf478a5ee04f42e959fd8f5df0a?s=96&d=mm&r=g\",\"caption\":\"NOTICIASMERCEDINAS.COM\"},\"url\":\"https:\\\/\\\/noticiasmercedinas.com\\\/site\\\/author\\\/anonimo\\\/\"}]}<\/script>\n<!-- \/ Yoast SEO plugin. -->","yoast_head_json":{"title":"Reconocieron a Guillermo Ariel Chirino por sus 30 a\u00f1os de ofrecer alegr\u00eda en el Carnaval","robots":{"index":"index","follow":"follow","max-snippet":"max-snippet:-1","max-image-preview":"max-image-preview:large","max-video-preview":"max-video-preview:-1"},"canonical":"https:\/\/noticiasmercedinas.com\/site\/2024\/02\/14\/reconocieron-a-guillermo-ariel-chirino-por-sus-30-anos-de-ofrecer-alegria-en-el-carnaval\/","og_locale":"es_ES","og_type":"article","og_title":"Reconocieron a Guillermo Ariel Chirino por sus 30 a\u00f1os de ofrecer alegr\u00eda en el Carnaval","og_description":"\u25a0 El reconocimiento fue entregado por el intendente de Mercedes, Juan Ignacio Ustarroz, quien destac\u00f3 la gran contribuci\u00f3n de Chirino al enriquecimiento cultural y espiritual del carnaval local.","og_url":"https:\/\/noticiasmercedinas.com\/site\/2024\/02\/14\/reconocieron-a-guillermo-ariel-chirino-por-sus-30-anos-de-ofrecer-alegria-en-el-carnaval\/","og_site_name":"NOTICIASMERCEDINAS.COM","article_publisher":"https:\/\/www.facebook.com\/noticiasmercedinas\/","article_published_time":"2024-02-14T22:50:49+00:00","og_image":[{"width":720,"height":480,"url":"https:\/\/noticiasmercedinas.com\/site\/wp-content\/uploads\/2024\/02\/426369959_7540088429377283_834798341485630895_n.jpg","type":"image\/jpeg"}],"author":"NOTICIASMERCEDINAS.COM","twitter_card":"summary_large_image","twitter_creator":"@notmercedinas","twitter_site":"@notmercedinas","twitter_misc":{"Escrito por":"NOTICIASMERCEDINAS.COM","Tiempo de lectura":"2 minutos"},"schema":{"@context":"https:\/\/schema.org","@graph":[{"@type":"Article","@id":"https:\/\/noticiasmercedinas.com\/site\/2024\/02\/14\/reconocieron-a-guillermo-ariel-chirino-por-sus-30-anos-de-ofrecer-alegria-en-el-carnaval\/#article","isPartOf":{"@id":"https:\/\/noticiasmercedinas.com\/site\/2024\/02\/14\/reconocieron-a-guillermo-ariel-chirino-por-sus-30-anos-de-ofrecer-alegria-en-el-carnaval\/"},"author":{"name":"NOTICIASMERCEDINAS.COM","@id":"https:\/\/noticiasmercedinas.com\/site\/#\/schema\/person\/84b59c099c28ff2e8b77d4ceec5d8063"},"headline":"Reconocieron a Guillermo Ariel Chirino por sus 30 a\u00f1os de ofrecer alegr\u00eda en el Carnaval","datePublished":"2024-02-14T22:50:49+00:00","mainEntityOfPage":{"@id":"https:\/\/noticiasmercedinas.com\/site\/2024\/02\/14\/reconocieron-a-guillermo-ariel-chirino-por-sus-30-anos-de-ofrecer-alegria-en-el-carnaval\/"},"wordCount":223,"publisher":{"@id":"https:\/\/noticiasmercedinas.com\/site\/#organization"},"image":{"@id":"https:\/\/noticiasmercedinas.com\/site\/2024\/02\/14\/reconocieron-a-guillermo-ariel-chirino-por-sus-30-anos-de-ofrecer-alegria-en-el-carnaval\/#primaryimage"},"thumbnailUrl":"https:\/\/noticiasmercedinas.com\/site\/wp-content\/uploads\/2024\/02\/426369959_7540088429377283_834798341485630895_n.jpg","keywords":["ariel chirino","carnaval"],"articleSection":["Cultura"],"inLanguage":"es"},{"@type":"WebPage","@id":"https:\/\/noticiasmercedinas.com\/site\/2024\/02\/14\/reconocieron-a-guillermo-ariel-chirino-por-sus-30-anos-de-ofrecer-alegria-en-el-carnaval\/","url":"https:\/\/noticiasmercedinas.com\/site\/2024\/02\/14\/reconocieron-a-guillermo-ariel-chirino-por-sus-30-anos-de-ofrecer-alegria-en-el-carnaval\/","name":"Reconocieron a Guillermo Ariel Chirino por sus 30 a\u00f1os de ofrecer alegr\u00eda en el Carnaval","isPartOf":{"@id":"https:\/\/noticiasmercedinas.com\/site\/#website"},"primaryImageOfPage":{"@id":"https:\/\/noticiasmercedinas.com\/site\/2024\/02\/14\/reconocieron-a-guillermo-ariel-chirino-por-sus-30-anos-de-ofrecer-alegria-en-el-carnaval\/#primaryimage"},"image":{"@id":"https:\/\/noticiasmercedinas.com\/site\/2024\/02\/14\/reconocieron-a-guillermo-ariel-chirino-por-sus-30-anos-de-ofrecer-alegria-en-el-carnaval\/#primaryimage"},"thumbnailUrl":"https:\/\/noticiasmercedinas.com\/site\/wp-content\/uploads\/2024\/02\/426369959_7540088429377283_834798341485630895_n.jpg","datePublished":"2024-02-14T22:50:49+00:00","breadcrumb":{"@id":"https:\/\/noticiasmercedinas.com\/site\/2024\/02\/14\/reconocieron-a-guillermo-ariel-chirino-por-sus-30-anos-de-ofrecer-alegria-en-el-carnaval\/#breadcrumb"},"inLanguage":"es","potentialAction":[{"@type":"ReadAction","target":["https:\/\/noticiasmercedinas.com\/site\/2024\/02\/14\/reconocieron-a-guillermo-ariel-chirino-por-sus-30-anos-de-ofrecer-alegria-en-el-carnaval\/"]}]},{"@type":"ImageObject","inLanguage":"es","@id":"https:\/\/noticiasmercedinas.com\/site\/2024\/02\/14\/reconocieron-a-guillermo-ariel-chirino-por-sus-30-anos-de-ofrecer-alegria-en-el-carnaval\/#primaryimage","url":"https:\/\/noticiasmercedinas.com\/site\/wp-content\/uploads\/2024\/02\/426369959_7540088429377283_834798341485630895_n.jpg","contentUrl":"https:\/\/noticiasmercedinas.com\/site\/wp-content\/uploads\/2024\/02\/426369959_7540088429377283_834798341485630895_n.jpg","width":720,"height":480},{"@type":"BreadcrumbList","@id":"https:\/\/noticiasmercedinas.com\/site\/2024\/02\/14\/reconocieron-a-guillermo-ariel-chirino-por-sus-30-anos-de-ofrecer-alegria-en-el-carnaval\/#breadcrumb","itemListElement":[{"@type":"ListItem","position":1,"name":"Portada","item":"https:\/\/noticiasmercedinas.com\/site\/"},{"@type":"ListItem","position":2,"name":"Reconocieron a Guillermo Ariel Chirino por sus 30 a\u00f1os de ofrecer alegr\u00eda en el Carnaval"}]},{"@type":"WebSite","@id":"https:\/\/noticiasmercedinas.com\/site\/#website","url":"https:\/\/noticiasmercedinas.com\/site\/","name":"NOTICIASMERCEDINAS.COM","description":"Mercedes, Buenos Aires, Argentina","publisher":{"@id":"https:\/\/noticiasmercedinas.com\/site\/#organization"},"potentialAction":[{"@type":"SearchAction","target":{"@type":"EntryPoint","urlTemplate":"https:\/\/noticiasmercedinas.com\/site\/?s={search_term_string}"},"query-input":{"@type":"PropertyValueSpecification","valueRequired":true,"valueName":"search_term_string"}}],"inLanguage":"es"},{"@type":"Organization","@id":"https:\/\/noticiasmercedinas.com\/site\/#organization","name":"NOTICIASMERCEDINAS.COM","url":"https:\/\/noticiasmercedinas.com\/site\/","logo":{"@type":"ImageObject","inLanguage":"es","@id":"https:\/\/noticiasmercedinas.com\/site\/#\/schema\/logo\/image\/","url":"https:\/\/noticiasmercedinas.com\/site\/wp-content\/uploads\/2020\/06\/LOGO-512.jpg","contentUrl":"https:\/\/noticiasmercedinas.com\/site\/wp-content\/uploads\/2020\/06\/LOGO-512.jpg","width":512,"height":512,"caption":"NOTICIASMERCEDINAS.COM"},"image":{"@id":"https:\/\/noticiasmercedinas.com\/site\/#\/schema\/logo\/image\/"},"sameAs":["https:\/\/www.facebook.com\/noticiasmercedinas\/","https:\/\/x.com\/notmercedinas","https:\/\/www.instagram.com\/noticiasmercedinas\/"]},{"@type":"Person","@id":"https:\/\/noticiasmercedinas.com\/site\/#\/schema\/person\/84b59c099c28ff2e8b77d4ceec5d8063","name":"NOTICIASMERCEDINAS.COM","image":{"@type":"ImageObject","inLanguage":"es","@id":"https:\/\/secure.gravatar.com\/avatar\/4dfbf16b4d17945bfb6341b2d19043457132fcf478a5ee04f42e959fd8f5df0a?s=96&d=mm&r=g","url":"https:\/\/secure.gravatar.com\/avatar\/4dfbf16b4d17945bfb6341b2d19043457132fcf478a5ee04f42e959fd8f5df0a?s=96&d=mm&r=g","contentUrl":"https:\/\/secure.gravatar.com\/avatar\/4dfbf16b4d17945bfb6341b2d19043457132fcf478a5ee04f42e959fd8f5df0a?s=96&d=mm&r=g","caption":"NOTICIASMERCEDINAS.COM"},"url":"https:\/\/noticiasmercedinas.com\/site\/author\/anonimo\/"}]}},"amp_enabled":true,"_links":{"self":[{"href":"https:\/\/noticiasmercedinas.com\/site\/wp-json\/wp\/v2\/posts\/130671","targetHints":{"allow":["GET"]}}],"collection":[{"href":"https:\/\/noticiasmercedinas.com\/site\/wp-json\/wp\/v2\/posts"}],"about":[{"href":"https:\/\/noticiasmercedinas.com\/site\/wp-json\/wp\/v2\/types\/post"}],"author":[{"embeddable":true,"href":"https:\/\/noticiasmercedinas.com\/site\/wp-json\/wp\/v2\/users\/16"}],"replies":[{"embeddable":true,"href":"https:\/\/noticiasmercedinas.com\/site\/wp-json\/wp\/v2\/comments?post=130671"}],"version-history":[{"count":1,"href":"https:\/\/noticiasmercedinas.com\/site\/wp-json\/wp\/v2\/posts\/130671\/revisions"}],"predecessor-version":[{"id":130675,"href":"https:\/\/noticiasmercedinas.com\/site\/wp-json\/wp\/v2\/posts\/130671\/revisions\/130675"}],"wp:featuredmedia":[{"embeddable":true,"href":"https:\/\/noticiasmercedinas.com\/site\/wp-json\/wp\/v2\/media\/130672"}],"wp:attachment":[{"href":"https:\/\/noticiasmercedinas.com\/site\/wp-json\/wp\/v2\/media?parent=130671"}],"wp:term":[{"taxonomy":"category","embeddable":true,"href":"https:\/\/noticiasmercedinas.com\/site\/wp-json\/wp\/v2\/categories?post=130671"},{"taxonomy":"post_tag","embeddable":true,"href":"https:\/\/noticiasmercedinas.com\/site\/wp-json\/wp\/v2\/tags?post=130671"}],"curies":[{"name":"wp","href":"https:\/\/api.w.org\/{rel}","templated":true}]}}