{"id":130821,"date":"2024-02-16T16:09:13","date_gmt":"2024-02-16T19:09:13","guid":{"rendered":"https:\/\/noticiasmercedinas.com\/site\/?p=130821"},"modified":"2024-02-16T16:09:13","modified_gmt":"2024-02-16T19:09:13","slug":"desde-la-cem-invitan-a-capacitacion-sobre-inversion-en-el-mercado-de-capitales","status":"publish","type":"post","link":"https:\/\/noticiasmercedinas.com\/site\/2024\/02\/16\/desde-la-cem-invitan-a-capacitacion-sobre-inversion-en-el-mercado-de-capitales\/","title":{"rendered":"Desde la CEM invitan a capacitaci\u00f3n sobre Inversi\u00f3n en el Mercado de Capitales"},"content":{"rendered":"<p><img loading=\"lazy\" decoding=\"async\" class=\"alignnone size-large wp-image-130822\" src=\"https:\/\/noticiasmercedinas.com\/site\/wp-content\/uploads\/2024\/02\/c1842fad-ba9f-4b0e-8576-d61718188308-1024x1024.jpeg\" alt=\"\" width=\"640\" height=\"640\" srcset=\"https:\/\/noticiasmercedinas.com\/site\/wp-content\/uploads\/2024\/02\/c1842fad-ba9f-4b0e-8576-d61718188308-1024x1024.jpeg 1024w, https:\/\/noticiasmercedinas.com\/site\/wp-content\/uploads\/2024\/02\/c1842fad-ba9f-4b0e-8576-d61718188308-300x300.jpeg 300w, https:\/\/noticiasmercedinas.com\/site\/wp-content\/uploads\/2024\/02\/c1842fad-ba9f-4b0e-8576-d61718188308-150x150.jpeg 150w, https:\/\/noticiasmercedinas.com\/site\/wp-content\/uploads\/2024\/02\/c1842fad-ba9f-4b0e-8576-d61718188308-768x768.jpeg 768w, https:\/\/noticiasmercedinas.com\/site\/wp-content\/uploads\/2024\/02\/c1842fad-ba9f-4b0e-8576-d61718188308-1536x1536.jpeg 1536w, https:\/\/noticiasmercedinas.com\/site\/wp-content\/uploads\/2024\/02\/c1842fad-ba9f-4b0e-8576-d61718188308-640x640.jpeg 640w, https:\/\/noticiasmercedinas.com\/site\/wp-content\/uploads\/2024\/02\/c1842fad-ba9f-4b0e-8576-d61718188308-1280x1280.jpeg 1280w, https:\/\/noticiasmercedinas.com\/site\/wp-content\/uploads\/2024\/02\/c1842fad-ba9f-4b0e-8576-d61718188308-681x681.jpeg 681w, https:\/\/noticiasmercedinas.com\/site\/wp-content\/uploads\/2024\/02\/c1842fad-ba9f-4b0e-8576-d61718188308-1362x1362.jpeg 1362w, https:\/\/noticiasmercedinas.com\/site\/wp-content\/uploads\/2024\/02\/c1842fad-ba9f-4b0e-8576-d61718188308.jpeg 1600w\" sizes=\"auto, (max-width: 640px) 100vw, 640px\" \/><\/p>\n<p>La C\u00e1mara Econ\u00f3mica Mercedina (CEM) ha anunciado un exclusivo encuentro presencial dirigido a principiantes, comerciantes, empresas de servicios y Pymes interesadas en incursionar en el mundo de la inversi\u00f3n en el mercado de capitales.<\/p>\n<p>Bajo el t\u00edtulo \u00abC\u00f3mo invertir en el mercado de capitales\u00bb, este evento busca proporcionar a los participantes un conocimiento integral sobre diversos instrumentos financieros para potenciar sus finanzas, y adem\u00e1s evitar p\u00e9rdidas por acumulaci\u00f3n de stock.<\/p>\n<p>Dos destacados speakers liderar\u00e1n esta capacitaci\u00f3n:<\/p>\n<p>&#8211; Gonzalo Soria, Gerente de High Net Worth Individuals en Balanz.<\/p>\n<p>&#8211; Candelaria Miroglio, Asesora Financiera de High Net Worth Individuals en Balanz.<\/p>\n<p>El encuentro se llevar\u00e1 a cabo el mi\u00e9rcoles 21 de febrero a las 14:30 hs en la sede de la C\u00e1mara Econ\u00f3mica Mercedina, ubicada en la Calle 29 n\u00b0 638, Mercedes, Buenos Aires.<\/p>\n<p>Dado que los cupos son limitados, se insta a los interesados a reservar su lugar a la brevedad.<\/p>\n<p>Esta capacitaci\u00f3n es una oportunidad \u00fanica para adentrarse en el mundo de las inversiones con la gu\u00eda de expertos reconocidos en el sector.<\/p>\n<p>Para m\u00e1s informaci\u00f3n y reservas, comunicarse con la CEM, quien organiza este evento junto con Balanz &#8211; Full Investment House.<\/p>\n<p><strong><br \/>\nAcerca de la CEM<\/strong><br \/>\nLa C\u00e1mara Econ\u00f3mica Mercedina (CEM) funciona en avenida 29 n\u00famero 638, donde ofrece a sus socios la representaci\u00f3n y tratamiento de los problemas que afectan los comercios, la industria, el turismo y servicios ante organismos p\u00fablicos locales y nacionales, y otras entidades provinciales y nacionales, entre otros servicios. Tel\u00e9fonos (02324) 420502 Web <a href=\"http:\/\/cemercedina.org.ar\">http:\/\/cemercedina.org.ar<\/a><\/p>\n","protected":false},"excerpt":{"rendered":"<p>\u25a0 El encuentro ser\u00e1 el mi\u00e9rcoles 21 de febrero a las 14:30 hs en la sede de la C\u00e1mara Econ\u00f3mica. Se trata de una actividad organizada junto con Balanz &#8211; Full Investment House. Hay que reservar lugar<\/p>\n","protected":false},"author":16,"featured_media":130822,"comment_status":"closed","ping_status":"closed","sticky":false,"template":"","format":"standard","meta":{"footnotes":""},"categories":[74],"tags":[17917,9615,313,377,9063],"class_list":["post-130821","post","type-post","status-publish","format-standard","has-post-thumbnail","hentry","category-emprendimientos","tag-balanz","tag-camara-economica-mercedinas","tag-capacitacion","tag-cem","tag-inversiones"],"yoast_head":"<!-- This site is optimized with the Yoast SEO plugin v27.5 - https:\/\/yoast.com\/product\/yoast-seo-wordpress\/ -->\n<title>Desde la CEM invitan a capacitaci\u00f3n sobre Inversi\u00f3n en el Mercado de Capitales<\/title>\n<meta name=\"robots\" content=\"index, follow, max-snippet:-1, max-image-preview:large, max-video-preview:-1\" \/>\n<link rel=\"canonical\" href=\"https:\/\/noticiasmercedinas.com\/site\/2024\/02\/16\/desde-la-cem-invitan-a-capacitacion-sobre-inversion-en-el-mercado-de-capitales\/\" \/>\n<meta property=\"og:locale\" content=\"es_ES\" \/>\n<meta property=\"og:type\" content=\"article\" \/>\n<meta property=\"og:title\" content=\"Desde la CEM invitan a capacitaci\u00f3n sobre Inversi\u00f3n en el Mercado de Capitales\" \/>\n<meta property=\"og:description\" content=\"\u25a0 El encuentro ser\u00e1 el mi\u00e9rcoles 21 de febrero a las 14:30 hs en la sede de la C\u00e1mara Econ\u00f3mica. Se trata de una actividad organizada junto con Balanz - Full Investment House. Hay que reservar lugar\" \/>\n<meta property=\"og:url\" content=\"https:\/\/noticiasmercedinas.com\/site\/2024\/02\/16\/desde-la-cem-invitan-a-capacitacion-sobre-inversion-en-el-mercado-de-capitales\/\" \/>\n<meta property=\"og:site_name\" content=\"NOTICIASMERCEDINAS.COM\" \/>\n<meta property=\"article:publisher\" content=\"https:\/\/www.facebook.com\/noticiasmercedinas\/\" \/>\n<meta property=\"article:published_time\" content=\"2024-02-16T19:09:13+00:00\" \/>\n<meta property=\"og:image\" content=\"https:\/\/noticiasmercedinas.com\/site\/wp-content\/uploads\/2024\/02\/c1842fad-ba9f-4b0e-8576-d61718188308.jpeg\" \/>\n\t<meta property=\"og:image:width\" content=\"1600\" \/>\n\t<meta property=\"og:image:height\" content=\"1600\" \/>\n\t<meta property=\"og:image:type\" content=\"image\/jpeg\" \/>\n<meta name=\"author\" content=\"NOTICIASMERCEDINAS.COM\" \/>\n<meta name=\"twitter:card\" content=\"summary_large_image\" \/>\n<meta name=\"twitter:creator\" content=\"@notmercedinas\" \/>\n<meta name=\"twitter:site\" content=\"@notmercedinas\" \/>\n<meta name=\"twitter:label1\" content=\"Escrito por\" \/>\n\t<meta name=\"twitter:data1\" content=\"NOTICIASMERCEDINAS.COM\" \/>\n\t<meta name=\"twitter:label2\" content=\"Tiempo de lectura\" \/>\n\t<meta name=\"twitter:data2\" content=\"2 minutos\" \/>\n<script type=\"application\/ld+json\" class=\"yoast-schema-graph\">{\"@context\":\"https:\\\/\\\/schema.org\",\"@graph\":[{\"@type\":\"Article\",\"@id\":\"https:\\\/\\\/noticiasmercedinas.com\\\/site\\\/2024\\\/02\\\/16\\\/desde-la-cem-invitan-a-capacitacion-sobre-inversion-en-el-mercado-de-capitales\\\/#article\",\"isPartOf\":{\"@id\":\"https:\\\/\\\/noticiasmercedinas.com\\\/site\\\/2024\\\/02\\\/16\\\/desde-la-cem-invitan-a-capacitacion-sobre-inversion-en-el-mercado-de-capitales\\\/\"},\"author\":{\"name\":\"NOTICIASMERCEDINAS.COM\",\"@id\":\"https:\\\/\\\/noticiasmercedinas.com\\\/site\\\/#\\\/schema\\\/person\\\/84b59c099c28ff2e8b77d4ceec5d8063\"},\"headline\":\"Desde la CEM invitan a capacitaci\u00f3n sobre Inversi\u00f3n en el Mercado de Capitales\",\"datePublished\":\"2024-02-16T19:09:13+00:00\",\"mainEntityOfPage\":{\"@id\":\"https:\\\/\\\/noticiasmercedinas.com\\\/site\\\/2024\\\/02\\\/16\\\/desde-la-cem-invitan-a-capacitacion-sobre-inversion-en-el-mercado-de-capitales\\\/\"},\"wordCount\":283,\"publisher\":{\"@id\":\"https:\\\/\\\/noticiasmercedinas.com\\\/site\\\/#organization\"},\"image\":{\"@id\":\"https:\\\/\\\/noticiasmercedinas.com\\\/site\\\/2024\\\/02\\\/16\\\/desde-la-cem-invitan-a-capacitacion-sobre-inversion-en-el-mercado-de-capitales\\\/#primaryimage\"},\"thumbnailUrl\":\"https:\\\/\\\/noticiasmercedinas.com\\\/site\\\/wp-content\\\/uploads\\\/2024\\\/02\\\/c1842fad-ba9f-4b0e-8576-d61718188308.jpeg\",\"keywords\":[\"balanz\",\"C\u00e1mara Econ\u00f3mica Mercedinas\",\"capacitaci\u00f3n\",\"cem\",\"inversiones\"],\"articleSection\":[\"Emprendimientos\"],\"inLanguage\":\"es\"},{\"@type\":\"WebPage\",\"@id\":\"https:\\\/\\\/noticiasmercedinas.com\\\/site\\\/2024\\\/02\\\/16\\\/desde-la-cem-invitan-a-capacitacion-sobre-inversion-en-el-mercado-de-capitales\\\/\",\"url\":\"https:\\\/\\\/noticiasmercedinas.com\\\/site\\\/2024\\\/02\\\/16\\\/desde-la-cem-invitan-a-capacitacion-sobre-inversion-en-el-mercado-de-capitales\\\/\",\"name\":\"Desde la CEM invitan a capacitaci\u00f3n sobre Inversi\u00f3n en el Mercado de Capitales\",\"isPartOf\":{\"@id\":\"https:\\\/\\\/noticiasmercedinas.com\\\/site\\\/#website\"},\"primaryImageOfPage\":{\"@id\":\"https:\\\/\\\/noticiasmercedinas.com\\\/site\\\/2024\\\/02\\\/16\\\/desde-la-cem-invitan-a-capacitacion-sobre-inversion-en-el-mercado-de-capitales\\\/#primaryimage\"},\"image\":{\"@id\":\"https:\\\/\\\/noticiasmercedinas.com\\\/site\\\/2024\\\/02\\\/16\\\/desde-la-cem-invitan-a-capacitacion-sobre-inversion-en-el-mercado-de-capitales\\\/#primaryimage\"},\"thumbnailUrl\":\"https:\\\/\\\/noticiasmercedinas.com\\\/site\\\/wp-content\\\/uploads\\\/2024\\\/02\\\/c1842fad-ba9f-4b0e-8576-d61718188308.jpeg\",\"datePublished\":\"2024-02-16T19:09:13+00:00\",\"breadcrumb\":{\"@id\":\"https:\\\/\\\/noticiasmercedinas.com\\\/site\\\/2024\\\/02\\\/16\\\/desde-la-cem-invitan-a-capacitacion-sobre-inversion-en-el-mercado-de-capitales\\\/#breadcrumb\"},\"inLanguage\":\"es\",\"potentialAction\":[{\"@type\":\"ReadAction\",\"target\":[\"https:\\\/\\\/noticiasmercedinas.com\\\/site\\\/2024\\\/02\\\/16\\\/desde-la-cem-invitan-a-capacitacion-sobre-inversion-en-el-mercado-de-capitales\\\/\"]}]},{\"@type\":\"ImageObject\",\"inLanguage\":\"es\",\"@id\":\"https:\\\/\\\/noticiasmercedinas.com\\\/site\\\/2024\\\/02\\\/16\\\/desde-la-cem-invitan-a-capacitacion-sobre-inversion-en-el-mercado-de-capitales\\\/#primaryimage\",\"url\":\"https:\\\/\\\/noticiasmercedinas.com\\\/site\\\/wp-content\\\/uploads\\\/2024\\\/02\\\/c1842fad-ba9f-4b0e-8576-d61718188308.jpeg\",\"contentUrl\":\"https:\\\/\\\/noticiasmercedinas.com\\\/site\\\/wp-content\\\/uploads\\\/2024\\\/02\\\/c1842fad-ba9f-4b0e-8576-d61718188308.jpeg\",\"width\":1600,\"height\":1600},{\"@type\":\"BreadcrumbList\",\"@id\":\"https:\\\/\\\/noticiasmercedinas.com\\\/site\\\/2024\\\/02\\\/16\\\/desde-la-cem-invitan-a-capacitacion-sobre-inversion-en-el-mercado-de-capitales\\\/#breadcrumb\",\"itemListElement\":[{\"@type\":\"ListItem\",\"position\":1,\"name\":\"Portada\",\"item\":\"https:\\\/\\\/noticiasmercedinas.com\\\/site\\\/\"},{\"@type\":\"ListItem\",\"position\":2,\"name\":\"Desde la CEM invitan a capacitaci\u00f3n sobre Inversi\u00f3n en el Mercado de Capitales\"}]},{\"@type\":\"WebSite\",\"@id\":\"https:\\\/\\\/noticiasmercedinas.com\\\/site\\\/#website\",\"url\":\"https:\\\/\\\/noticiasmercedinas.com\\\/site\\\/\",\"name\":\"NOTICIASMERCEDINAS.COM\",\"description\":\"Mercedes, Buenos Aires, Argentina\",\"publisher\":{\"@id\":\"https:\\\/\\\/noticiasmercedinas.com\\\/site\\\/#organization\"},\"potentialAction\":[{\"@type\":\"SearchAction\",\"target\":{\"@type\":\"EntryPoint\",\"urlTemplate\":\"https:\\\/\\\/noticiasmercedinas.com\\\/site\\\/?s={search_term_string}\"},\"query-input\":{\"@type\":\"PropertyValueSpecification\",\"valueRequired\":true,\"valueName\":\"search_term_string\"}}],\"inLanguage\":\"es\"},{\"@type\":\"Organization\",\"@id\":\"https:\\\/\\\/noticiasmercedinas.com\\\/site\\\/#organization\",\"name\":\"NOTICIASMERCEDINAS.COM\",\"url\":\"https:\\\/\\\/noticiasmercedinas.com\\\/site\\\/\",\"logo\":{\"@type\":\"ImageObject\",\"inLanguage\":\"es\",\"@id\":\"https:\\\/\\\/noticiasmercedinas.com\\\/site\\\/#\\\/schema\\\/logo\\\/image\\\/\",\"url\":\"https:\\\/\\\/noticiasmercedinas.com\\\/site\\\/wp-content\\\/uploads\\\/2020\\\/06\\\/LOGO-512.jpg\",\"contentUrl\":\"https:\\\/\\\/noticiasmercedinas.com\\\/site\\\/wp-content\\\/uploads\\\/2020\\\/06\\\/LOGO-512.jpg\",\"width\":512,\"height\":512,\"caption\":\"NOTICIASMERCEDINAS.COM\"},\"image\":{\"@id\":\"https:\\\/\\\/noticiasmercedinas.com\\\/site\\\/#\\\/schema\\\/logo\\\/image\\\/\"},\"sameAs\":[\"https:\\\/\\\/www.facebook.com\\\/noticiasmercedinas\\\/\",\"https:\\\/\\\/x.com\\\/notmercedinas\",\"https:\\\/\\\/www.instagram.com\\\/noticiasmercedinas\\\/\"]},{\"@type\":\"Person\",\"@id\":\"https:\\\/\\\/noticiasmercedinas.com\\\/site\\\/#\\\/schema\\\/person\\\/84b59c099c28ff2e8b77d4ceec5d8063\",\"name\":\"NOTICIASMERCEDINAS.COM\",\"image\":{\"@type\":\"ImageObject\",\"inLanguage\":\"es\",\"@id\":\"https:\\\/\\\/secure.gravatar.com\\\/avatar\\\/4dfbf16b4d17945bfb6341b2d19043457132fcf478a5ee04f42e959fd8f5df0a?s=96&d=mm&r=g\",\"url\":\"https:\\\/\\\/secure.gravatar.com\\\/avatar\\\/4dfbf16b4d17945bfb6341b2d19043457132fcf478a5ee04f42e959fd8f5df0a?s=96&d=mm&r=g\",\"contentUrl\":\"https:\\\/\\\/secure.gravatar.com\\\/avatar\\\/4dfbf16b4d17945bfb6341b2d19043457132fcf478a5ee04f42e959fd8f5df0a?s=96&d=mm&r=g\",\"caption\":\"NOTICIASMERCEDINAS.COM\"},\"url\":\"https:\\\/\\\/noticiasmercedinas.com\\\/site\\\/author\\\/anonimo\\\/\"}]}<\/script>\n<!-- \/ Yoast SEO plugin. -->","yoast_head_json":{"title":"Desde la CEM invitan a capacitaci\u00f3n sobre Inversi\u00f3n en el Mercado de Capitales","robots":{"index":"index","follow":"follow","max-snippet":"max-snippet:-1","max-image-preview":"max-image-preview:large","max-video-preview":"max-video-preview:-1"},"canonical":"https:\/\/noticiasmercedinas.com\/site\/2024\/02\/16\/desde-la-cem-invitan-a-capacitacion-sobre-inversion-en-el-mercado-de-capitales\/","og_locale":"es_ES","og_type":"article","og_title":"Desde la CEM invitan a capacitaci\u00f3n sobre Inversi\u00f3n en el Mercado de Capitales","og_description":"\u25a0 El encuentro ser\u00e1 el mi\u00e9rcoles 21 de febrero a las 14:30 hs en la sede de la C\u00e1mara Econ\u00f3mica. Se trata de una actividad organizada junto con Balanz - Full Investment House. Hay que reservar lugar","og_url":"https:\/\/noticiasmercedinas.com\/site\/2024\/02\/16\/desde-la-cem-invitan-a-capacitacion-sobre-inversion-en-el-mercado-de-capitales\/","og_site_name":"NOTICIASMERCEDINAS.COM","article_publisher":"https:\/\/www.facebook.com\/noticiasmercedinas\/","article_published_time":"2024-02-16T19:09:13+00:00","og_image":[{"width":1600,"height":1600,"url":"https:\/\/noticiasmercedinas.com\/site\/wp-content\/uploads\/2024\/02\/c1842fad-ba9f-4b0e-8576-d61718188308.jpeg","type":"image\/jpeg"}],"author":"NOTICIASMERCEDINAS.COM","twitter_card":"summary_large_image","twitter_creator":"@notmercedinas","twitter_site":"@notmercedinas","twitter_misc":{"Escrito por":"NOTICIASMERCEDINAS.COM","Tiempo de lectura":"2 minutos"},"schema":{"@context":"https:\/\/schema.org","@graph":[{"@type":"Article","@id":"https:\/\/noticiasmercedinas.com\/site\/2024\/02\/16\/desde-la-cem-invitan-a-capacitacion-sobre-inversion-en-el-mercado-de-capitales\/#article","isPartOf":{"@id":"https:\/\/noticiasmercedinas.com\/site\/2024\/02\/16\/desde-la-cem-invitan-a-capacitacion-sobre-inversion-en-el-mercado-de-capitales\/"},"author":{"name":"NOTICIASMERCEDINAS.COM","@id":"https:\/\/noticiasmercedinas.com\/site\/#\/schema\/person\/84b59c099c28ff2e8b77d4ceec5d8063"},"headline":"Desde la CEM invitan a capacitaci\u00f3n sobre Inversi\u00f3n en el Mercado de Capitales","datePublished":"2024-02-16T19:09:13+00:00","mainEntityOfPage":{"@id":"https:\/\/noticiasmercedinas.com\/site\/2024\/02\/16\/desde-la-cem-invitan-a-capacitacion-sobre-inversion-en-el-mercado-de-capitales\/"},"wordCount":283,"publisher":{"@id":"https:\/\/noticiasmercedinas.com\/site\/#organization"},"image":{"@id":"https:\/\/noticiasmercedinas.com\/site\/2024\/02\/16\/desde-la-cem-invitan-a-capacitacion-sobre-inversion-en-el-mercado-de-capitales\/#primaryimage"},"thumbnailUrl":"https:\/\/noticiasmercedinas.com\/site\/wp-content\/uploads\/2024\/02\/c1842fad-ba9f-4b0e-8576-d61718188308.jpeg","keywords":["balanz","C\u00e1mara Econ\u00f3mica Mercedinas","capacitaci\u00f3n","cem","inversiones"],"articleSection":["Emprendimientos"],"inLanguage":"es"},{"@type":"WebPage","@id":"https:\/\/noticiasmercedinas.com\/site\/2024\/02\/16\/desde-la-cem-invitan-a-capacitacion-sobre-inversion-en-el-mercado-de-capitales\/","url":"https:\/\/noticiasmercedinas.com\/site\/2024\/02\/16\/desde-la-cem-invitan-a-capacitacion-sobre-inversion-en-el-mercado-de-capitales\/","name":"Desde la CEM invitan a capacitaci\u00f3n sobre Inversi\u00f3n en el Mercado de Capitales","isPartOf":{"@id":"https:\/\/noticiasmercedinas.com\/site\/#website"},"primaryImageOfPage":{"@id":"https:\/\/noticiasmercedinas.com\/site\/2024\/02\/16\/desde-la-cem-invitan-a-capacitacion-sobre-inversion-en-el-mercado-de-capitales\/#primaryimage"},"image":{"@id":"https:\/\/noticiasmercedinas.com\/site\/2024\/02\/16\/desde-la-cem-invitan-a-capacitacion-sobre-inversion-en-el-mercado-de-capitales\/#primaryimage"},"thumbnailUrl":"https:\/\/noticiasmercedinas.com\/site\/wp-content\/uploads\/2024\/02\/c1842fad-ba9f-4b0e-8576-d61718188308.jpeg","datePublished":"2024-02-16T19:09:13+00:00","breadcrumb":{"@id":"https:\/\/noticiasmercedinas.com\/site\/2024\/02\/16\/desde-la-cem-invitan-a-capacitacion-sobre-inversion-en-el-mercado-de-capitales\/#breadcrumb"},"inLanguage":"es","potentialAction":[{"@type":"ReadAction","target":["https:\/\/noticiasmercedinas.com\/site\/2024\/02\/16\/desde-la-cem-invitan-a-capacitacion-sobre-inversion-en-el-mercado-de-capitales\/"]}]},{"@type":"ImageObject","inLanguage":"es","@id":"https:\/\/noticiasmercedinas.com\/site\/2024\/02\/16\/desde-la-cem-invitan-a-capacitacion-sobre-inversion-en-el-mercado-de-capitales\/#primaryimage","url":"https:\/\/noticiasmercedinas.com\/site\/wp-content\/uploads\/2024\/02\/c1842fad-ba9f-4b0e-8576-d61718188308.jpeg","contentUrl":"https:\/\/noticiasmercedinas.com\/site\/wp-content\/uploads\/2024\/02\/c1842fad-ba9f-4b0e-8576-d61718188308.jpeg","width":1600,"height":1600},{"@type":"BreadcrumbList","@id":"https:\/\/noticiasmercedinas.com\/site\/2024\/02\/16\/desde-la-cem-invitan-a-capacitacion-sobre-inversion-en-el-mercado-de-capitales\/#breadcrumb","itemListElement":[{"@type":"ListItem","position":1,"name":"Portada","item":"https:\/\/noticiasmercedinas.com\/site\/"},{"@type":"ListItem","position":2,"name":"Desde la CEM invitan a capacitaci\u00f3n sobre Inversi\u00f3n en el Mercado de Capitales"}]},{"@type":"WebSite","@id":"https:\/\/noticiasmercedinas.com\/site\/#website","url":"https:\/\/noticiasmercedinas.com\/site\/","name":"NOTICIASMERCEDINAS.COM","description":"Mercedes, Buenos Aires, Argentina","publisher":{"@id":"https:\/\/noticiasmercedinas.com\/site\/#organization"},"potentialAction":[{"@type":"SearchAction","target":{"@type":"EntryPoint","urlTemplate":"https:\/\/noticiasmercedinas.com\/site\/?s={search_term_string}"},"query-input":{"@type":"PropertyValueSpecification","valueRequired":true,"valueName":"search_term_string"}}],"inLanguage":"es"},{"@type":"Organization","@id":"https:\/\/noticiasmercedinas.com\/site\/#organization","name":"NOTICIASMERCEDINAS.COM","url":"https:\/\/noticiasmercedinas.com\/site\/","logo":{"@type":"ImageObject","inLanguage":"es","@id":"https:\/\/noticiasmercedinas.com\/site\/#\/schema\/logo\/image\/","url":"https:\/\/noticiasmercedinas.com\/site\/wp-content\/uploads\/2020\/06\/LOGO-512.jpg","contentUrl":"https:\/\/noticiasmercedinas.com\/site\/wp-content\/uploads\/2020\/06\/LOGO-512.jpg","width":512,"height":512,"caption":"NOTICIASMERCEDINAS.COM"},"image":{"@id":"https:\/\/noticiasmercedinas.com\/site\/#\/schema\/logo\/image\/"},"sameAs":["https:\/\/www.facebook.com\/noticiasmercedinas\/","https:\/\/x.com\/notmercedinas","https:\/\/www.instagram.com\/noticiasmercedinas\/"]},{"@type":"Person","@id":"https:\/\/noticiasmercedinas.com\/site\/#\/schema\/person\/84b59c099c28ff2e8b77d4ceec5d8063","name":"NOTICIASMERCEDINAS.COM","image":{"@type":"ImageObject","inLanguage":"es","@id":"https:\/\/secure.gravatar.com\/avatar\/4dfbf16b4d17945bfb6341b2d19043457132fcf478a5ee04f42e959fd8f5df0a?s=96&d=mm&r=g","url":"https:\/\/secure.gravatar.com\/avatar\/4dfbf16b4d17945bfb6341b2d19043457132fcf478a5ee04f42e959fd8f5df0a?s=96&d=mm&r=g","contentUrl":"https:\/\/secure.gravatar.com\/avatar\/4dfbf16b4d17945bfb6341b2d19043457132fcf478a5ee04f42e959fd8f5df0a?s=96&d=mm&r=g","caption":"NOTICIASMERCEDINAS.COM"},"url":"https:\/\/noticiasmercedinas.com\/site\/author\/anonimo\/"}]}},"amp_enabled":true,"_links":{"self":[{"href":"https:\/\/noticiasmercedinas.com\/site\/wp-json\/wp\/v2\/posts\/130821","targetHints":{"allow":["GET"]}}],"collection":[{"href":"https:\/\/noticiasmercedinas.com\/site\/wp-json\/wp\/v2\/posts"}],"about":[{"href":"https:\/\/noticiasmercedinas.com\/site\/wp-json\/wp\/v2\/types\/post"}],"author":[{"embeddable":true,"href":"https:\/\/noticiasmercedinas.com\/site\/wp-json\/wp\/v2\/users\/16"}],"replies":[{"embeddable":true,"href":"https:\/\/noticiasmercedinas.com\/site\/wp-json\/wp\/v2\/comments?post=130821"}],"version-history":[{"count":1,"href":"https:\/\/noticiasmercedinas.com\/site\/wp-json\/wp\/v2\/posts\/130821\/revisions"}],"predecessor-version":[{"id":130823,"href":"https:\/\/noticiasmercedinas.com\/site\/wp-json\/wp\/v2\/posts\/130821\/revisions\/130823"}],"wp:featuredmedia":[{"embeddable":true,"href":"https:\/\/noticiasmercedinas.com\/site\/wp-json\/wp\/v2\/media\/130822"}],"wp:attachment":[{"href":"https:\/\/noticiasmercedinas.com\/site\/wp-json\/wp\/v2\/media?parent=130821"}],"wp:term":[{"taxonomy":"category","embeddable":true,"href":"https:\/\/noticiasmercedinas.com\/site\/wp-json\/wp\/v2\/categories?post=130821"},{"taxonomy":"post_tag","embeddable":true,"href":"https:\/\/noticiasmercedinas.com\/site\/wp-json\/wp\/v2\/tags?post=130821"}],"curies":[{"name":"wp","href":"https:\/\/api.w.org\/{rel}","templated":true}]}}