{"id":130872,"date":"2024-02-17T12:38:57","date_gmt":"2024-02-17T15:38:57","guid":{"rendered":"https:\/\/noticiasmercedinas.com\/site\/?p=130872"},"modified":"2024-02-17T12:38:57","modified_gmt":"2024-02-17T15:38:57","slug":"asamblea-de-vecinos-autoconvocados-de-mercedes-rechaza-el-recorte-ferroviario","status":"publish","type":"post","link":"https:\/\/noticiasmercedinas.com\/site\/2024\/02\/17\/asamblea-de-vecinos-autoconvocados-de-mercedes-rechaza-el-recorte-ferroviario\/","title":{"rendered":"Asamblea de Vecinos Autoconvocados de Mercedes rechaza el recorte ferroviario"},"content":{"rendered":"<p><img loading=\"lazy\" decoding=\"async\" class=\"alignnone size-full wp-image-110145\" src=\"https:\/\/noticiasmercedinas.com\/site\/wp-content\/uploads\/2023\/03\/tren_2.jpg\" alt=\"\" width=\"640\" height=\"389\" srcset=\"https:\/\/noticiasmercedinas.com\/site\/wp-content\/uploads\/2023\/03\/tren_2.jpg 640w, https:\/\/noticiasmercedinas.com\/site\/wp-content\/uploads\/2023\/03\/tren_2-300x182.jpg 300w\" sizes=\"auto, (max-width: 640px) 100vw, 640px\" \/><\/p>\n<p>La Asamblea de Vecinos Autoconvocados de Mercedes ha alzado su voz en contra del recorte de servicios ferroviarios implementado en el tren Sarmiento, como parte de las medidas de ajuste impulsadas por el gobierno nacional.<\/p>\n<p>Desde la organizaci\u00f3n, surgida en respuesta al DNU y la Ley \u00f3mnibus promovida por el gobierno, se han llevado a cabo jornadas de volanteo para informar a la comunidad sobre la reducci\u00f3n de servicios en el ferrocarril. \u00ab\u00bfSab\u00edas que levantaron 1 de cada 3 servicios del ferrocarril Sarmiento?\u00bb es el mensaje que difunden en el material entregado a los usuarios.<\/p>\n<blockquote><p>La lucha contra el recorte ferroviario contin\u00faa en Mercedes, donde la voz de los ciudadanos se hace escuchar en defensa de sus derechos y del bienestar colectivo.<\/p><\/blockquote>\n<p>Seg\u00fan indicaron los miembros de la Asamblea, este recorte de servicios forma parte de un ajuste m\u00e1s amplio que est\u00e1 siendo llevado a cabo a nivel nacional, el cual est\u00e1 afectando la vida cotidiana de miles de usuarios que dependen del tren para trabajar, estudiar o acceder a servicios de salud. Adem\u00e1s, se\u00f1alaron el aumento exorbitante del 57% en el precio del boleto, lo cual agrava a\u00fan m\u00e1s la situaci\u00f3n.<\/p>\n<p>La Asamblea de Vecinos Autoconvocados de Mercedes advirti\u00f3 que estos recortes en el servicio ferroviario podr\u00edan ser un paso previo hacia la privatizaci\u00f3n del mismo, lo que no solo afectar\u00eda a los usuarios, sino tambi\u00e9n a los trabajadores del sector, quienes podr\u00edan sufrir recortes salariales y despidos masivos, en una suerte de \u00abversi\u00f3n actualizada del periodo menemista\u00bb, seg\u00fan expresaron.<\/p>\n<p>Por \u00faltimo, invitaron a todos los vecinos y usuarios del tren y del transporte p\u00fablico a sumarse a las asambleas abiertas que se llevan a cabo todos los mi\u00e9rcoles a las 20hs en la Plaza San Mart\u00edn, con el objetivo de impulsar una campa\u00f1a por el retorno de los servicios ferroviarios y en defensa de un sistema de transporte p\u00fablico accesible y de calidad para toda la comunidad.<\/p>\n<p><img loading=\"lazy\" decoding=\"async\" class=\"alignnone size-large wp-image-130873\" src=\"https:\/\/noticiasmercedinas.com\/site\/wp-content\/uploads\/2024\/02\/TRENES-768x1024.jpeg\" alt=\"\" width=\"640\" height=\"853\" srcset=\"https:\/\/noticiasmercedinas.com\/site\/wp-content\/uploads\/2024\/02\/TRENES-768x1024.jpeg 768w, https:\/\/noticiasmercedinas.com\/site\/wp-content\/uploads\/2024\/02\/TRENES-225x300.jpeg 225w, https:\/\/noticiasmercedinas.com\/site\/wp-content\/uploads\/2024\/02\/TRENES-1152x1536.jpeg 1152w, https:\/\/noticiasmercedinas.com\/site\/wp-content\/uploads\/2024\/02\/TRENES-640x853.jpeg 640w, https:\/\/noticiasmercedinas.com\/site\/wp-content\/uploads\/2024\/02\/TRENES-681x908.jpeg 681w, https:\/\/noticiasmercedinas.com\/site\/wp-content\/uploads\/2024\/02\/TRENES.jpeg 1200w\" sizes=\"auto, (max-width: 640px) 100vw, 640px\" \/><\/p>\n","protected":false},"excerpt":{"rendered":"<p>\u25a0 Advierten que estos recortes en el servicio ferroviario podr\u00edan ser un paso previo hacia la privatizaci\u00f3n del mismo, lo que no solo afectar\u00eda a los usuarios, sino tambi\u00e9n a los trabajadores<\/p>\n","protected":false},"author":16,"featured_media":110145,"comment_status":"closed","ping_status":"closed","sticky":false,"template":"","format":"standard","meta":{"footnotes":""},"categories":[3],"tags":[17805,1116,666],"class_list":["post-130872","post","type-post","status-publish","format-standard","has-post-thumbnail","hentry","category-sociedad","tag-asamblea-de-vecinos","tag-tren","tag-vecinos-autoconvocados"],"yoast_head":"<!-- This site is optimized with the Yoast SEO plugin v27.4 - https:\/\/yoast.com\/product\/yoast-seo-wordpress\/ -->\n<title>Asamblea de Vecinos Autoconvocados de Mercedes rechaza el recorte ferroviario<\/title>\n<meta name=\"robots\" content=\"index, follow, max-snippet:-1, max-image-preview:large, max-video-preview:-1\" \/>\n<link rel=\"canonical\" href=\"https:\/\/noticiasmercedinas.com\/site\/2024\/02\/17\/asamblea-de-vecinos-autoconvocados-de-mercedes-rechaza-el-recorte-ferroviario\/\" \/>\n<meta property=\"og:locale\" content=\"es_ES\" \/>\n<meta property=\"og:type\" content=\"article\" \/>\n<meta property=\"og:title\" content=\"Asamblea de Vecinos Autoconvocados de Mercedes rechaza el recorte ferroviario\" \/>\n<meta property=\"og:description\" content=\"\u25a0 Advierten que estos recortes en el servicio ferroviario podr\u00edan ser un paso previo hacia la privatizaci\u00f3n del mismo, lo que no solo afectar\u00eda a los usuarios, sino tambi\u00e9n a los trabajadores\" \/>\n<meta property=\"og:url\" content=\"https:\/\/noticiasmercedinas.com\/site\/2024\/02\/17\/asamblea-de-vecinos-autoconvocados-de-mercedes-rechaza-el-recorte-ferroviario\/\" \/>\n<meta property=\"og:site_name\" content=\"NOTICIASMERCEDINAS.COM\" \/>\n<meta property=\"article:publisher\" content=\"https:\/\/www.facebook.com\/noticiasmercedinas\/\" \/>\n<meta property=\"article:published_time\" content=\"2024-02-17T15:38:57+00:00\" \/>\n<meta property=\"og:image\" content=\"https:\/\/noticiasmercedinas.com\/site\/wp-content\/uploads\/2023\/03\/tren_2.jpg\" \/>\n\t<meta property=\"og:image:width\" content=\"640\" \/>\n\t<meta property=\"og:image:height\" content=\"389\" \/>\n\t<meta property=\"og:image:type\" content=\"image\/jpeg\" \/>\n<meta name=\"author\" content=\"NOTICIASMERCEDINAS.COM\" \/>\n<meta name=\"twitter:card\" content=\"summary_large_image\" \/>\n<meta name=\"twitter:creator\" content=\"@notmercedinas\" \/>\n<meta name=\"twitter:site\" content=\"@notmercedinas\" \/>\n<meta name=\"twitter:label1\" content=\"Escrito por\" \/>\n\t<meta name=\"twitter:data1\" content=\"NOTICIASMERCEDINAS.COM\" \/>\n\t<meta name=\"twitter:label2\" content=\"Tiempo de lectura\" \/>\n\t<meta name=\"twitter:data2\" content=\"2 minutos\" \/>\n<script type=\"application\/ld+json\" class=\"yoast-schema-graph\">{\"@context\":\"https:\\\/\\\/schema.org\",\"@graph\":[{\"@type\":\"Article\",\"@id\":\"https:\\\/\\\/noticiasmercedinas.com\\\/site\\\/2024\\\/02\\\/17\\\/asamblea-de-vecinos-autoconvocados-de-mercedes-rechaza-el-recorte-ferroviario\\\/#article\",\"isPartOf\":{\"@id\":\"https:\\\/\\\/noticiasmercedinas.com\\\/site\\\/2024\\\/02\\\/17\\\/asamblea-de-vecinos-autoconvocados-de-mercedes-rechaza-el-recorte-ferroviario\\\/\"},\"author\":{\"name\":\"NOTICIASMERCEDINAS.COM\",\"@id\":\"https:\\\/\\\/noticiasmercedinas.com\\\/site\\\/#\\\/schema\\\/person\\\/84b59c099c28ff2e8b77d4ceec5d8063\"},\"headline\":\"Asamblea de Vecinos Autoconvocados de Mercedes rechaza el recorte ferroviario\",\"datePublished\":\"2024-02-17T15:38:57+00:00\",\"mainEntityOfPage\":{\"@id\":\"https:\\\/\\\/noticiasmercedinas.com\\\/site\\\/2024\\\/02\\\/17\\\/asamblea-de-vecinos-autoconvocados-de-mercedes-rechaza-el-recorte-ferroviario\\\/\"},\"wordCount\":349,\"publisher\":{\"@id\":\"https:\\\/\\\/noticiasmercedinas.com\\\/site\\\/#organization\"},\"image\":{\"@id\":\"https:\\\/\\\/noticiasmercedinas.com\\\/site\\\/2024\\\/02\\\/17\\\/asamblea-de-vecinos-autoconvocados-de-mercedes-rechaza-el-recorte-ferroviario\\\/#primaryimage\"},\"thumbnailUrl\":\"https:\\\/\\\/noticiasmercedinas.com\\\/site\\\/wp-content\\\/uploads\\\/2023\\\/03\\\/tren_2.jpg\",\"keywords\":[\"asamblea de vecinos\",\"Tren\",\"vecinos autoconvocados\"],\"articleSection\":[\"Sociedad\"],\"inLanguage\":\"es\"},{\"@type\":\"WebPage\",\"@id\":\"https:\\\/\\\/noticiasmercedinas.com\\\/site\\\/2024\\\/02\\\/17\\\/asamblea-de-vecinos-autoconvocados-de-mercedes-rechaza-el-recorte-ferroviario\\\/\",\"url\":\"https:\\\/\\\/noticiasmercedinas.com\\\/site\\\/2024\\\/02\\\/17\\\/asamblea-de-vecinos-autoconvocados-de-mercedes-rechaza-el-recorte-ferroviario\\\/\",\"name\":\"Asamblea de Vecinos Autoconvocados de Mercedes rechaza el recorte ferroviario\",\"isPartOf\":{\"@id\":\"https:\\\/\\\/noticiasmercedinas.com\\\/site\\\/#website\"},\"primaryImageOfPage\":{\"@id\":\"https:\\\/\\\/noticiasmercedinas.com\\\/site\\\/2024\\\/02\\\/17\\\/asamblea-de-vecinos-autoconvocados-de-mercedes-rechaza-el-recorte-ferroviario\\\/#primaryimage\"},\"image\":{\"@id\":\"https:\\\/\\\/noticiasmercedinas.com\\\/site\\\/2024\\\/02\\\/17\\\/asamblea-de-vecinos-autoconvocados-de-mercedes-rechaza-el-recorte-ferroviario\\\/#primaryimage\"},\"thumbnailUrl\":\"https:\\\/\\\/noticiasmercedinas.com\\\/site\\\/wp-content\\\/uploads\\\/2023\\\/03\\\/tren_2.jpg\",\"datePublished\":\"2024-02-17T15:38:57+00:00\",\"breadcrumb\":{\"@id\":\"https:\\\/\\\/noticiasmercedinas.com\\\/site\\\/2024\\\/02\\\/17\\\/asamblea-de-vecinos-autoconvocados-de-mercedes-rechaza-el-recorte-ferroviario\\\/#breadcrumb\"},\"inLanguage\":\"es\",\"potentialAction\":[{\"@type\":\"ReadAction\",\"target\":[\"https:\\\/\\\/noticiasmercedinas.com\\\/site\\\/2024\\\/02\\\/17\\\/asamblea-de-vecinos-autoconvocados-de-mercedes-rechaza-el-recorte-ferroviario\\\/\"]}]},{\"@type\":\"ImageObject\",\"inLanguage\":\"es\",\"@id\":\"https:\\\/\\\/noticiasmercedinas.com\\\/site\\\/2024\\\/02\\\/17\\\/asamblea-de-vecinos-autoconvocados-de-mercedes-rechaza-el-recorte-ferroviario\\\/#primaryimage\",\"url\":\"https:\\\/\\\/noticiasmercedinas.com\\\/site\\\/wp-content\\\/uploads\\\/2023\\\/03\\\/tren_2.jpg\",\"contentUrl\":\"https:\\\/\\\/noticiasmercedinas.com\\\/site\\\/wp-content\\\/uploads\\\/2023\\\/03\\\/tren_2.jpg\",\"width\":640,\"height\":389},{\"@type\":\"BreadcrumbList\",\"@id\":\"https:\\\/\\\/noticiasmercedinas.com\\\/site\\\/2024\\\/02\\\/17\\\/asamblea-de-vecinos-autoconvocados-de-mercedes-rechaza-el-recorte-ferroviario\\\/#breadcrumb\",\"itemListElement\":[{\"@type\":\"ListItem\",\"position\":1,\"name\":\"Portada\",\"item\":\"https:\\\/\\\/noticiasmercedinas.com\\\/site\\\/\"},{\"@type\":\"ListItem\",\"position\":2,\"name\":\"Asamblea de Vecinos Autoconvocados de Mercedes rechaza el recorte ferroviario\"}]},{\"@type\":\"WebSite\",\"@id\":\"https:\\\/\\\/noticiasmercedinas.com\\\/site\\\/#website\",\"url\":\"https:\\\/\\\/noticiasmercedinas.com\\\/site\\\/\",\"name\":\"NOTICIASMERCEDINAS.COM\",\"description\":\"Mercedes, Buenos Aires, Argentina\",\"publisher\":{\"@id\":\"https:\\\/\\\/noticiasmercedinas.com\\\/site\\\/#organization\"},\"potentialAction\":[{\"@type\":\"SearchAction\",\"target\":{\"@type\":\"EntryPoint\",\"urlTemplate\":\"https:\\\/\\\/noticiasmercedinas.com\\\/site\\\/?s={search_term_string}\"},\"query-input\":{\"@type\":\"PropertyValueSpecification\",\"valueRequired\":true,\"valueName\":\"search_term_string\"}}],\"inLanguage\":\"es\"},{\"@type\":\"Organization\",\"@id\":\"https:\\\/\\\/noticiasmercedinas.com\\\/site\\\/#organization\",\"name\":\"NOTICIASMERCEDINAS.COM\",\"url\":\"https:\\\/\\\/noticiasmercedinas.com\\\/site\\\/\",\"logo\":{\"@type\":\"ImageObject\",\"inLanguage\":\"es\",\"@id\":\"https:\\\/\\\/noticiasmercedinas.com\\\/site\\\/#\\\/schema\\\/logo\\\/image\\\/\",\"url\":\"https:\\\/\\\/noticiasmercedinas.com\\\/site\\\/wp-content\\\/uploads\\\/2020\\\/06\\\/LOGO-512.jpg\",\"contentUrl\":\"https:\\\/\\\/noticiasmercedinas.com\\\/site\\\/wp-content\\\/uploads\\\/2020\\\/06\\\/LOGO-512.jpg\",\"width\":512,\"height\":512,\"caption\":\"NOTICIASMERCEDINAS.COM\"},\"image\":{\"@id\":\"https:\\\/\\\/noticiasmercedinas.com\\\/site\\\/#\\\/schema\\\/logo\\\/image\\\/\"},\"sameAs\":[\"https:\\\/\\\/www.facebook.com\\\/noticiasmercedinas\\\/\",\"https:\\\/\\\/x.com\\\/notmercedinas\",\"https:\\\/\\\/www.instagram.com\\\/noticiasmercedinas\\\/\"]},{\"@type\":\"Person\",\"@id\":\"https:\\\/\\\/noticiasmercedinas.com\\\/site\\\/#\\\/schema\\\/person\\\/84b59c099c28ff2e8b77d4ceec5d8063\",\"name\":\"NOTICIASMERCEDINAS.COM\",\"image\":{\"@type\":\"ImageObject\",\"inLanguage\":\"es\",\"@id\":\"https:\\\/\\\/secure.gravatar.com\\\/avatar\\\/4dfbf16b4d17945bfb6341b2d19043457132fcf478a5ee04f42e959fd8f5df0a?s=96&d=mm&r=g\",\"url\":\"https:\\\/\\\/secure.gravatar.com\\\/avatar\\\/4dfbf16b4d17945bfb6341b2d19043457132fcf478a5ee04f42e959fd8f5df0a?s=96&d=mm&r=g\",\"contentUrl\":\"https:\\\/\\\/secure.gravatar.com\\\/avatar\\\/4dfbf16b4d17945bfb6341b2d19043457132fcf478a5ee04f42e959fd8f5df0a?s=96&d=mm&r=g\",\"caption\":\"NOTICIASMERCEDINAS.COM\"},\"url\":\"https:\\\/\\\/noticiasmercedinas.com\\\/site\\\/author\\\/anonimo\\\/\"}]}<\/script>\n<!-- \/ Yoast SEO plugin. -->","yoast_head_json":{"title":"Asamblea de Vecinos Autoconvocados de Mercedes rechaza el recorte ferroviario","robots":{"index":"index","follow":"follow","max-snippet":"max-snippet:-1","max-image-preview":"max-image-preview:large","max-video-preview":"max-video-preview:-1"},"canonical":"https:\/\/noticiasmercedinas.com\/site\/2024\/02\/17\/asamblea-de-vecinos-autoconvocados-de-mercedes-rechaza-el-recorte-ferroviario\/","og_locale":"es_ES","og_type":"article","og_title":"Asamblea de Vecinos Autoconvocados de Mercedes rechaza el recorte ferroviario","og_description":"\u25a0 Advierten que estos recortes en el servicio ferroviario podr\u00edan ser un paso previo hacia la privatizaci\u00f3n del mismo, lo que no solo afectar\u00eda a los usuarios, sino tambi\u00e9n a los trabajadores","og_url":"https:\/\/noticiasmercedinas.com\/site\/2024\/02\/17\/asamblea-de-vecinos-autoconvocados-de-mercedes-rechaza-el-recorte-ferroviario\/","og_site_name":"NOTICIASMERCEDINAS.COM","article_publisher":"https:\/\/www.facebook.com\/noticiasmercedinas\/","article_published_time":"2024-02-17T15:38:57+00:00","og_image":[{"width":640,"height":389,"url":"https:\/\/noticiasmercedinas.com\/site\/wp-content\/uploads\/2023\/03\/tren_2.jpg","type":"image\/jpeg"}],"author":"NOTICIASMERCEDINAS.COM","twitter_card":"summary_large_image","twitter_creator":"@notmercedinas","twitter_site":"@notmercedinas","twitter_misc":{"Escrito por":"NOTICIASMERCEDINAS.COM","Tiempo de lectura":"2 minutos"},"schema":{"@context":"https:\/\/schema.org","@graph":[{"@type":"Article","@id":"https:\/\/noticiasmercedinas.com\/site\/2024\/02\/17\/asamblea-de-vecinos-autoconvocados-de-mercedes-rechaza-el-recorte-ferroviario\/#article","isPartOf":{"@id":"https:\/\/noticiasmercedinas.com\/site\/2024\/02\/17\/asamblea-de-vecinos-autoconvocados-de-mercedes-rechaza-el-recorte-ferroviario\/"},"author":{"name":"NOTICIASMERCEDINAS.COM","@id":"https:\/\/noticiasmercedinas.com\/site\/#\/schema\/person\/84b59c099c28ff2e8b77d4ceec5d8063"},"headline":"Asamblea de Vecinos Autoconvocados de Mercedes rechaza el recorte ferroviario","datePublished":"2024-02-17T15:38:57+00:00","mainEntityOfPage":{"@id":"https:\/\/noticiasmercedinas.com\/site\/2024\/02\/17\/asamblea-de-vecinos-autoconvocados-de-mercedes-rechaza-el-recorte-ferroviario\/"},"wordCount":349,"publisher":{"@id":"https:\/\/noticiasmercedinas.com\/site\/#organization"},"image":{"@id":"https:\/\/noticiasmercedinas.com\/site\/2024\/02\/17\/asamblea-de-vecinos-autoconvocados-de-mercedes-rechaza-el-recorte-ferroviario\/#primaryimage"},"thumbnailUrl":"https:\/\/noticiasmercedinas.com\/site\/wp-content\/uploads\/2023\/03\/tren_2.jpg","keywords":["asamblea de vecinos","Tren","vecinos autoconvocados"],"articleSection":["Sociedad"],"inLanguage":"es"},{"@type":"WebPage","@id":"https:\/\/noticiasmercedinas.com\/site\/2024\/02\/17\/asamblea-de-vecinos-autoconvocados-de-mercedes-rechaza-el-recorte-ferroviario\/","url":"https:\/\/noticiasmercedinas.com\/site\/2024\/02\/17\/asamblea-de-vecinos-autoconvocados-de-mercedes-rechaza-el-recorte-ferroviario\/","name":"Asamblea de Vecinos Autoconvocados de Mercedes rechaza el recorte ferroviario","isPartOf":{"@id":"https:\/\/noticiasmercedinas.com\/site\/#website"},"primaryImageOfPage":{"@id":"https:\/\/noticiasmercedinas.com\/site\/2024\/02\/17\/asamblea-de-vecinos-autoconvocados-de-mercedes-rechaza-el-recorte-ferroviario\/#primaryimage"},"image":{"@id":"https:\/\/noticiasmercedinas.com\/site\/2024\/02\/17\/asamblea-de-vecinos-autoconvocados-de-mercedes-rechaza-el-recorte-ferroviario\/#primaryimage"},"thumbnailUrl":"https:\/\/noticiasmercedinas.com\/site\/wp-content\/uploads\/2023\/03\/tren_2.jpg","datePublished":"2024-02-17T15:38:57+00:00","breadcrumb":{"@id":"https:\/\/noticiasmercedinas.com\/site\/2024\/02\/17\/asamblea-de-vecinos-autoconvocados-de-mercedes-rechaza-el-recorte-ferroviario\/#breadcrumb"},"inLanguage":"es","potentialAction":[{"@type":"ReadAction","target":["https:\/\/noticiasmercedinas.com\/site\/2024\/02\/17\/asamblea-de-vecinos-autoconvocados-de-mercedes-rechaza-el-recorte-ferroviario\/"]}]},{"@type":"ImageObject","inLanguage":"es","@id":"https:\/\/noticiasmercedinas.com\/site\/2024\/02\/17\/asamblea-de-vecinos-autoconvocados-de-mercedes-rechaza-el-recorte-ferroviario\/#primaryimage","url":"https:\/\/noticiasmercedinas.com\/site\/wp-content\/uploads\/2023\/03\/tren_2.jpg","contentUrl":"https:\/\/noticiasmercedinas.com\/site\/wp-content\/uploads\/2023\/03\/tren_2.jpg","width":640,"height":389},{"@type":"BreadcrumbList","@id":"https:\/\/noticiasmercedinas.com\/site\/2024\/02\/17\/asamblea-de-vecinos-autoconvocados-de-mercedes-rechaza-el-recorte-ferroviario\/#breadcrumb","itemListElement":[{"@type":"ListItem","position":1,"name":"Portada","item":"https:\/\/noticiasmercedinas.com\/site\/"},{"@type":"ListItem","position":2,"name":"Asamblea de Vecinos Autoconvocados de Mercedes rechaza el recorte ferroviario"}]},{"@type":"WebSite","@id":"https:\/\/noticiasmercedinas.com\/site\/#website","url":"https:\/\/noticiasmercedinas.com\/site\/","name":"NOTICIASMERCEDINAS.COM","description":"Mercedes, Buenos Aires, Argentina","publisher":{"@id":"https:\/\/noticiasmercedinas.com\/site\/#organization"},"potentialAction":[{"@type":"SearchAction","target":{"@type":"EntryPoint","urlTemplate":"https:\/\/noticiasmercedinas.com\/site\/?s={search_term_string}"},"query-input":{"@type":"PropertyValueSpecification","valueRequired":true,"valueName":"search_term_string"}}],"inLanguage":"es"},{"@type":"Organization","@id":"https:\/\/noticiasmercedinas.com\/site\/#organization","name":"NOTICIASMERCEDINAS.COM","url":"https:\/\/noticiasmercedinas.com\/site\/","logo":{"@type":"ImageObject","inLanguage":"es","@id":"https:\/\/noticiasmercedinas.com\/site\/#\/schema\/logo\/image\/","url":"https:\/\/noticiasmercedinas.com\/site\/wp-content\/uploads\/2020\/06\/LOGO-512.jpg","contentUrl":"https:\/\/noticiasmercedinas.com\/site\/wp-content\/uploads\/2020\/06\/LOGO-512.jpg","width":512,"height":512,"caption":"NOTICIASMERCEDINAS.COM"},"image":{"@id":"https:\/\/noticiasmercedinas.com\/site\/#\/schema\/logo\/image\/"},"sameAs":["https:\/\/www.facebook.com\/noticiasmercedinas\/","https:\/\/x.com\/notmercedinas","https:\/\/www.instagram.com\/noticiasmercedinas\/"]},{"@type":"Person","@id":"https:\/\/noticiasmercedinas.com\/site\/#\/schema\/person\/84b59c099c28ff2e8b77d4ceec5d8063","name":"NOTICIASMERCEDINAS.COM","image":{"@type":"ImageObject","inLanguage":"es","@id":"https:\/\/secure.gravatar.com\/avatar\/4dfbf16b4d17945bfb6341b2d19043457132fcf478a5ee04f42e959fd8f5df0a?s=96&d=mm&r=g","url":"https:\/\/secure.gravatar.com\/avatar\/4dfbf16b4d17945bfb6341b2d19043457132fcf478a5ee04f42e959fd8f5df0a?s=96&d=mm&r=g","contentUrl":"https:\/\/secure.gravatar.com\/avatar\/4dfbf16b4d17945bfb6341b2d19043457132fcf478a5ee04f42e959fd8f5df0a?s=96&d=mm&r=g","caption":"NOTICIASMERCEDINAS.COM"},"url":"https:\/\/noticiasmercedinas.com\/site\/author\/anonimo\/"}]}},"amp_enabled":true,"_links":{"self":[{"href":"https:\/\/noticiasmercedinas.com\/site\/wp-json\/wp\/v2\/posts\/130872","targetHints":{"allow":["GET"]}}],"collection":[{"href":"https:\/\/noticiasmercedinas.com\/site\/wp-json\/wp\/v2\/posts"}],"about":[{"href":"https:\/\/noticiasmercedinas.com\/site\/wp-json\/wp\/v2\/types\/post"}],"author":[{"embeddable":true,"href":"https:\/\/noticiasmercedinas.com\/site\/wp-json\/wp\/v2\/users\/16"}],"replies":[{"embeddable":true,"href":"https:\/\/noticiasmercedinas.com\/site\/wp-json\/wp\/v2\/comments?post=130872"}],"version-history":[{"count":1,"href":"https:\/\/noticiasmercedinas.com\/site\/wp-json\/wp\/v2\/posts\/130872\/revisions"}],"predecessor-version":[{"id":130874,"href":"https:\/\/noticiasmercedinas.com\/site\/wp-json\/wp\/v2\/posts\/130872\/revisions\/130874"}],"wp:featuredmedia":[{"embeddable":true,"href":"https:\/\/noticiasmercedinas.com\/site\/wp-json\/wp\/v2\/media\/110145"}],"wp:attachment":[{"href":"https:\/\/noticiasmercedinas.com\/site\/wp-json\/wp\/v2\/media?parent=130872"}],"wp:term":[{"taxonomy":"category","embeddable":true,"href":"https:\/\/noticiasmercedinas.com\/site\/wp-json\/wp\/v2\/categories?post=130872"},{"taxonomy":"post_tag","embeddable":true,"href":"https:\/\/noticiasmercedinas.com\/site\/wp-json\/wp\/v2\/tags?post=130872"}],"curies":[{"name":"wp","href":"https:\/\/api.w.org\/{rel}","templated":true}]}}