{"id":131031,"date":"2024-02-20T15:08:31","date_gmt":"2024-02-20T18:08:31","guid":{"rendered":"https:\/\/noticiasmercedinas.com\/site\/?p=131031"},"modified":"2024-02-20T18:48:01","modified_gmt":"2024-02-20T21:48:01","slug":"presentaron-una-nueva-edicion-de-camino-de-los-bodegones-en-mercedes","status":"publish","type":"post","link":"https:\/\/noticiasmercedinas.com\/site\/2024\/02\/20\/presentaron-una-nueva-edicion-de-camino-de-los-bodegones-en-mercedes\/","title":{"rendered":"Presentaron una nueva edici\u00f3n de \u00abCamino de los Bodegones\u00bb en Mercedes"},"content":{"rendered":"<p><img loading=\"lazy\" decoding=\"async\" class=\"alignnone size-full wp-image-131033\" src=\"https:\/\/noticiasmercedinas.com\/site\/wp-content\/uploads\/2024\/02\/BOF.jpg\" alt=\"\" width=\"640\" height=\"425\" srcset=\"https:\/\/noticiasmercedinas.com\/site\/wp-content\/uploads\/2024\/02\/BOF.jpg 640w, https:\/\/noticiasmercedinas.com\/site\/wp-content\/uploads\/2024\/02\/BOF-300x199.jpg 300w\" sizes=\"auto, (max-width: 640px) 100vw, 640px\" \/><\/p>\n<p>Se viene una nueva edici\u00f3n del \u00abCamino de los Bodegones\u00bb, una propuesta que invita a recorrer los emblem\u00e1ticos e hist\u00f3ricos bares de nuestra ciudad para conocer su gastronom\u00eda acompa\u00f1ada de buena m\u00fasica.<\/p>\n<p>Con entusiasmo y compromiso con la cultura y el emprendedorismo local, el intendente municipal <strong>Juan Ignacio Ustarroz<\/strong> y el director de Turismo <strong>Francisco Dinova<\/strong> presentaron la pr\u00f3xima edici\u00f3n del emblem\u00e1tico evento \u00abCamino de los Bodegones\u00bb. La presentaci\u00f3n tuvo lugar en La Vieja Esquina, donde se destac\u00f3 la importancia de esta actividad para el turismo, los emprendedores y los artistas de la regi\u00f3n.<\/p>\n<p><img loading=\"lazy\" decoding=\"async\" class=\"alignnone size-full wp-image-131051\" src=\"https:\/\/noticiasmercedinas.com\/site\/wp-content\/uploads\/2024\/02\/MOMO.jpg\" alt=\"\" width=\"720\" height=\"720\" srcset=\"https:\/\/noticiasmercedinas.com\/site\/wp-content\/uploads\/2024\/02\/MOMO.jpg 720w, https:\/\/noticiasmercedinas.com\/site\/wp-content\/uploads\/2024\/02\/MOMO-300x300.jpg 300w, https:\/\/noticiasmercedinas.com\/site\/wp-content\/uploads\/2024\/02\/MOMO-150x150.jpg 150w, https:\/\/noticiasmercedinas.com\/site\/wp-content\/uploads\/2024\/02\/MOMO-640x640.jpg 640w, https:\/\/noticiasmercedinas.com\/site\/wp-content\/uploads\/2024\/02\/MOMO-681x681.jpg 681w\" sizes=\"auto, (max-width: 720px) 100vw, 720px\" \/><\/p>\n<p>El evento, que ha sido un \u00e9xito durante a\u00f1os, honra a los tradicionales bodegones de la ciudad, resaltando su valor como patrimonio hist\u00f3rico y cultural. Adem\u00e1s, se resalt\u00f3 el esfuerzo conjunto entre el sector p\u00fablico y privado para llevar adelante esta iniciativa, que no solo promueve la cultura del encuentro, sino que tambi\u00e9n genera empleo y fomenta el turismo local.<\/p>\n<p>\u00abCamino de los Bodegones\u00bb contar\u00e1 con una amplia gama de actividades que incluir\u00e1n arte, cultura y gastronom\u00eda local. La primera fecha est\u00e1 programada para el pr\u00f3ximo jueves en La Vieja Esquina, de 25 esquina 28, mientras que el cierre se llevar\u00e1 a cabo este fin de semana en otro tradicional bodeg\u00f3n de la ciudad.<\/p>\n<p>Los organizadores tambi\u00e9n anunciaron la participaci\u00f3n de varios establecimientos emblem\u00e1ticos en esta edici\u00f3n, que adem\u00e1s de La Vieja Esquina suma ellos a El Bataraz, La Pulper\u00eda de Cacho y a Don Oveja. A pesar de los desaf\u00edos econ\u00f3micos que enfrenta el pa\u00eds, los comerciantes han demostrado su compromiso y disposici\u00f3n para ser parte de este evento, lo que refleja el esp\u00edritu emprendedor de la comunidad local.<\/p>\n<p>\u00abEstamos muy felices de preservar esta uni\u00f3n en este rubro que es un sello distintivo de Mercedes\u00bb, expres\u00f3 Ustarroz durante la presentaci\u00f3n. \u00abEsperamos que esta edici\u00f3n sea un \u00e9xito y que sigamos promoviendo la cultura y el turismo en nuestra ciudad, especialmente en estos momentos dif\u00edciles\u00bb, a\u00f1adi\u00f3.<\/p>\n<p>Con el respaldo tanto del sector p\u00fablico como del privado, \u00abCamino de los Bodegones\u00bb se posiciona una vez m\u00e1s como uno de los eventos m\u00e1s esperados del calendario cultural de Mercedes, ofreciendo a los visitantes una experiencia \u00fanica que celebra la rica historia y tradici\u00f3n de los bodegones locales.<\/p>\n<p><img loading=\"lazy\" decoding=\"async\" class=\"alignnone size-full wp-image-131032\" src=\"https:\/\/noticiasmercedinas.com\/site\/wp-content\/uploads\/2024\/02\/ODEGO.jpg\" alt=\"\" width=\"640\" height=\"407\" srcset=\"https:\/\/noticiasmercedinas.com\/site\/wp-content\/uploads\/2024\/02\/ODEGO.jpg 640w, https:\/\/noticiasmercedinas.com\/site\/wp-content\/uploads\/2024\/02\/ODEGO-300x191.jpg 300w\" sizes=\"auto, (max-width: 640px) 100vw, 640px\" \/><\/p>\n","protected":false},"excerpt":{"rendered":"<p>\u25a0 El evento, que ha sido un \u00e9xito durante a\u00f1os, honra a los tradicionales bodegones de la ciudad, resaltando su valor como patrimonio hist\u00f3rico y cultural. Arranca este jueves en La Vieja Esquina<\/p>\n","protected":false},"author":16,"featured_media":131033,"comment_status":"closed","ping_status":"closed","sticky":false,"template":"","format":"standard","meta":{"footnotes":""},"categories":[74,3],"tags":[1857,510,16267,33],"class_list":["post-131031","post","type-post","status-publish","format-standard","has-post-thumbnail","hentry","category-emprendimientos","category-sociedad","tag-camino-de-los-bodegones","tag-cultura","tag-la-vieja-esquina","tag-turismo"],"yoast_head":"<!-- This site is optimized with the Yoast SEO plugin v27.4 - https:\/\/yoast.com\/product\/yoast-seo-wordpress\/ -->\n<title>Presentaron una nueva edici\u00f3n de &quot;Camino de los Bodegones&quot; en Mercedes<\/title>\n<meta name=\"robots\" content=\"index, follow, max-snippet:-1, max-image-preview:large, max-video-preview:-1\" \/>\n<link rel=\"canonical\" href=\"https:\/\/noticiasmercedinas.com\/site\/2024\/02\/20\/presentaron-una-nueva-edicion-de-camino-de-los-bodegones-en-mercedes\/\" \/>\n<meta property=\"og:locale\" content=\"es_ES\" \/>\n<meta property=\"og:type\" content=\"article\" \/>\n<meta property=\"og:title\" content=\"Presentaron una nueva edici\u00f3n de &quot;Camino de los Bodegones&quot; en Mercedes\" \/>\n<meta property=\"og:description\" content=\"\u25a0 El evento, que ha sido un \u00e9xito durante a\u00f1os, honra a los tradicionales bodegones de la ciudad, resaltando su valor como patrimonio hist\u00f3rico y cultural. Arranca este jueves en La Vieja Esquina\" \/>\n<meta property=\"og:url\" content=\"https:\/\/noticiasmercedinas.com\/site\/2024\/02\/20\/presentaron-una-nueva-edicion-de-camino-de-los-bodegones-en-mercedes\/\" \/>\n<meta property=\"og:site_name\" content=\"NOTICIASMERCEDINAS.COM\" \/>\n<meta property=\"article:publisher\" content=\"https:\/\/www.facebook.com\/noticiasmercedinas\/\" \/>\n<meta property=\"article:published_time\" content=\"2024-02-20T18:08:31+00:00\" \/>\n<meta property=\"article:modified_time\" content=\"2024-02-20T21:48:01+00:00\" \/>\n<meta property=\"og:image\" content=\"https:\/\/noticiasmercedinas.com\/site\/wp-content\/uploads\/2024\/02\/BOF.jpg\" \/>\n\t<meta property=\"og:image:width\" content=\"640\" \/>\n\t<meta property=\"og:image:height\" content=\"425\" \/>\n\t<meta property=\"og:image:type\" content=\"image\/jpeg\" \/>\n<meta name=\"author\" content=\"NOTICIASMERCEDINAS.COM\" \/>\n<meta name=\"twitter:card\" content=\"summary_large_image\" \/>\n<meta name=\"twitter:creator\" content=\"@notmercedinas\" \/>\n<meta name=\"twitter:site\" content=\"@notmercedinas\" \/>\n<meta name=\"twitter:label1\" content=\"Escrito por\" \/>\n\t<meta name=\"twitter:data1\" content=\"NOTICIASMERCEDINAS.COM\" \/>\n\t<meta name=\"twitter:label2\" content=\"Tiempo de lectura\" \/>\n\t<meta name=\"twitter:data2\" content=\"3 minutos\" \/>\n<script type=\"application\/ld+json\" class=\"yoast-schema-graph\">{\"@context\":\"https:\\\/\\\/schema.org\",\"@graph\":[{\"@type\":\"Article\",\"@id\":\"https:\\\/\\\/noticiasmercedinas.com\\\/site\\\/2024\\\/02\\\/20\\\/presentaron-una-nueva-edicion-de-camino-de-los-bodegones-en-mercedes\\\/#article\",\"isPartOf\":{\"@id\":\"https:\\\/\\\/noticiasmercedinas.com\\\/site\\\/2024\\\/02\\\/20\\\/presentaron-una-nueva-edicion-de-camino-de-los-bodegones-en-mercedes\\\/\"},\"author\":{\"name\":\"NOTICIASMERCEDINAS.COM\",\"@id\":\"https:\\\/\\\/noticiasmercedinas.com\\\/site\\\/#\\\/schema\\\/person\\\/84b59c099c28ff2e8b77d4ceec5d8063\"},\"headline\":\"Presentaron una nueva edici\u00f3n de \u00abCamino de los Bodegones\u00bb en Mercedes\",\"datePublished\":\"2024-02-20T18:08:31+00:00\",\"dateModified\":\"2024-02-20T21:48:01+00:00\",\"mainEntityOfPage\":{\"@id\":\"https:\\\/\\\/noticiasmercedinas.com\\\/site\\\/2024\\\/02\\\/20\\\/presentaron-una-nueva-edicion-de-camino-de-los-bodegones-en-mercedes\\\/\"},\"wordCount\":420,\"publisher\":{\"@id\":\"https:\\\/\\\/noticiasmercedinas.com\\\/site\\\/#organization\"},\"image\":{\"@id\":\"https:\\\/\\\/noticiasmercedinas.com\\\/site\\\/2024\\\/02\\\/20\\\/presentaron-una-nueva-edicion-de-camino-de-los-bodegones-en-mercedes\\\/#primaryimage\"},\"thumbnailUrl\":\"https:\\\/\\\/noticiasmercedinas.com\\\/site\\\/wp-content\\\/uploads\\\/2024\\\/02\\\/BOF.jpg\",\"keywords\":[\"camino de los bodegones\",\"cultura\",\"la vieja esquina\",\"turismo\"],\"articleSection\":[\"Emprendimientos\",\"Sociedad\"],\"inLanguage\":\"es\"},{\"@type\":\"WebPage\",\"@id\":\"https:\\\/\\\/noticiasmercedinas.com\\\/site\\\/2024\\\/02\\\/20\\\/presentaron-una-nueva-edicion-de-camino-de-los-bodegones-en-mercedes\\\/\",\"url\":\"https:\\\/\\\/noticiasmercedinas.com\\\/site\\\/2024\\\/02\\\/20\\\/presentaron-una-nueva-edicion-de-camino-de-los-bodegones-en-mercedes\\\/\",\"name\":\"Presentaron una nueva edici\u00f3n de \\\"Camino de los Bodegones\\\" en Mercedes\",\"isPartOf\":{\"@id\":\"https:\\\/\\\/noticiasmercedinas.com\\\/site\\\/#website\"},\"primaryImageOfPage\":{\"@id\":\"https:\\\/\\\/noticiasmercedinas.com\\\/site\\\/2024\\\/02\\\/20\\\/presentaron-una-nueva-edicion-de-camino-de-los-bodegones-en-mercedes\\\/#primaryimage\"},\"image\":{\"@id\":\"https:\\\/\\\/noticiasmercedinas.com\\\/site\\\/2024\\\/02\\\/20\\\/presentaron-una-nueva-edicion-de-camino-de-los-bodegones-en-mercedes\\\/#primaryimage\"},\"thumbnailUrl\":\"https:\\\/\\\/noticiasmercedinas.com\\\/site\\\/wp-content\\\/uploads\\\/2024\\\/02\\\/BOF.jpg\",\"datePublished\":\"2024-02-20T18:08:31+00:00\",\"dateModified\":\"2024-02-20T21:48:01+00:00\",\"breadcrumb\":{\"@id\":\"https:\\\/\\\/noticiasmercedinas.com\\\/site\\\/2024\\\/02\\\/20\\\/presentaron-una-nueva-edicion-de-camino-de-los-bodegones-en-mercedes\\\/#breadcrumb\"},\"inLanguage\":\"es\",\"potentialAction\":[{\"@type\":\"ReadAction\",\"target\":[\"https:\\\/\\\/noticiasmercedinas.com\\\/site\\\/2024\\\/02\\\/20\\\/presentaron-una-nueva-edicion-de-camino-de-los-bodegones-en-mercedes\\\/\"]}]},{\"@type\":\"ImageObject\",\"inLanguage\":\"es\",\"@id\":\"https:\\\/\\\/noticiasmercedinas.com\\\/site\\\/2024\\\/02\\\/20\\\/presentaron-una-nueva-edicion-de-camino-de-los-bodegones-en-mercedes\\\/#primaryimage\",\"url\":\"https:\\\/\\\/noticiasmercedinas.com\\\/site\\\/wp-content\\\/uploads\\\/2024\\\/02\\\/BOF.jpg\",\"contentUrl\":\"https:\\\/\\\/noticiasmercedinas.com\\\/site\\\/wp-content\\\/uploads\\\/2024\\\/02\\\/BOF.jpg\",\"width\":640,\"height\":425},{\"@type\":\"BreadcrumbList\",\"@id\":\"https:\\\/\\\/noticiasmercedinas.com\\\/site\\\/2024\\\/02\\\/20\\\/presentaron-una-nueva-edicion-de-camino-de-los-bodegones-en-mercedes\\\/#breadcrumb\",\"itemListElement\":[{\"@type\":\"ListItem\",\"position\":1,\"name\":\"Portada\",\"item\":\"https:\\\/\\\/noticiasmercedinas.com\\\/site\\\/\"},{\"@type\":\"ListItem\",\"position\":2,\"name\":\"Presentaron una nueva edici\u00f3n de \u00abCamino de los Bodegones\u00bb en Mercedes\"}]},{\"@type\":\"WebSite\",\"@id\":\"https:\\\/\\\/noticiasmercedinas.com\\\/site\\\/#website\",\"url\":\"https:\\\/\\\/noticiasmercedinas.com\\\/site\\\/\",\"name\":\"NOTICIASMERCEDINAS.COM\",\"description\":\"Mercedes, Buenos Aires, Argentina\",\"publisher\":{\"@id\":\"https:\\\/\\\/noticiasmercedinas.com\\\/site\\\/#organization\"},\"potentialAction\":[{\"@type\":\"SearchAction\",\"target\":{\"@type\":\"EntryPoint\",\"urlTemplate\":\"https:\\\/\\\/noticiasmercedinas.com\\\/site\\\/?s={search_term_string}\"},\"query-input\":{\"@type\":\"PropertyValueSpecification\",\"valueRequired\":true,\"valueName\":\"search_term_string\"}}],\"inLanguage\":\"es\"},{\"@type\":\"Organization\",\"@id\":\"https:\\\/\\\/noticiasmercedinas.com\\\/site\\\/#organization\",\"name\":\"NOTICIASMERCEDINAS.COM\",\"url\":\"https:\\\/\\\/noticiasmercedinas.com\\\/site\\\/\",\"logo\":{\"@type\":\"ImageObject\",\"inLanguage\":\"es\",\"@id\":\"https:\\\/\\\/noticiasmercedinas.com\\\/site\\\/#\\\/schema\\\/logo\\\/image\\\/\",\"url\":\"https:\\\/\\\/noticiasmercedinas.com\\\/site\\\/wp-content\\\/uploads\\\/2020\\\/06\\\/LOGO-512.jpg\",\"contentUrl\":\"https:\\\/\\\/noticiasmercedinas.com\\\/site\\\/wp-content\\\/uploads\\\/2020\\\/06\\\/LOGO-512.jpg\",\"width\":512,\"height\":512,\"caption\":\"NOTICIASMERCEDINAS.COM\"},\"image\":{\"@id\":\"https:\\\/\\\/noticiasmercedinas.com\\\/site\\\/#\\\/schema\\\/logo\\\/image\\\/\"},\"sameAs\":[\"https:\\\/\\\/www.facebook.com\\\/noticiasmercedinas\\\/\",\"https:\\\/\\\/x.com\\\/notmercedinas\",\"https:\\\/\\\/www.instagram.com\\\/noticiasmercedinas\\\/\"]},{\"@type\":\"Person\",\"@id\":\"https:\\\/\\\/noticiasmercedinas.com\\\/site\\\/#\\\/schema\\\/person\\\/84b59c099c28ff2e8b77d4ceec5d8063\",\"name\":\"NOTICIASMERCEDINAS.COM\",\"image\":{\"@type\":\"ImageObject\",\"inLanguage\":\"es\",\"@id\":\"https:\\\/\\\/secure.gravatar.com\\\/avatar\\\/4dfbf16b4d17945bfb6341b2d19043457132fcf478a5ee04f42e959fd8f5df0a?s=96&d=mm&r=g\",\"url\":\"https:\\\/\\\/secure.gravatar.com\\\/avatar\\\/4dfbf16b4d17945bfb6341b2d19043457132fcf478a5ee04f42e959fd8f5df0a?s=96&d=mm&r=g\",\"contentUrl\":\"https:\\\/\\\/secure.gravatar.com\\\/avatar\\\/4dfbf16b4d17945bfb6341b2d19043457132fcf478a5ee04f42e959fd8f5df0a?s=96&d=mm&r=g\",\"caption\":\"NOTICIASMERCEDINAS.COM\"},\"url\":\"https:\\\/\\\/noticiasmercedinas.com\\\/site\\\/author\\\/anonimo\\\/\"}]}<\/script>\n<!-- \/ Yoast SEO plugin. -->","yoast_head_json":{"title":"Presentaron una nueva edici\u00f3n de \"Camino de los Bodegones\" en Mercedes","robots":{"index":"index","follow":"follow","max-snippet":"max-snippet:-1","max-image-preview":"max-image-preview:large","max-video-preview":"max-video-preview:-1"},"canonical":"https:\/\/noticiasmercedinas.com\/site\/2024\/02\/20\/presentaron-una-nueva-edicion-de-camino-de-los-bodegones-en-mercedes\/","og_locale":"es_ES","og_type":"article","og_title":"Presentaron una nueva edici\u00f3n de \"Camino de los Bodegones\" en Mercedes","og_description":"\u25a0 El evento, que ha sido un \u00e9xito durante a\u00f1os, honra a los tradicionales bodegones de la ciudad, resaltando su valor como patrimonio hist\u00f3rico y cultural. Arranca este jueves en La Vieja Esquina","og_url":"https:\/\/noticiasmercedinas.com\/site\/2024\/02\/20\/presentaron-una-nueva-edicion-de-camino-de-los-bodegones-en-mercedes\/","og_site_name":"NOTICIASMERCEDINAS.COM","article_publisher":"https:\/\/www.facebook.com\/noticiasmercedinas\/","article_published_time":"2024-02-20T18:08:31+00:00","article_modified_time":"2024-02-20T21:48:01+00:00","og_image":[{"width":640,"height":425,"url":"https:\/\/noticiasmercedinas.com\/site\/wp-content\/uploads\/2024\/02\/BOF.jpg","type":"image\/jpeg"}],"author":"NOTICIASMERCEDINAS.COM","twitter_card":"summary_large_image","twitter_creator":"@notmercedinas","twitter_site":"@notmercedinas","twitter_misc":{"Escrito por":"NOTICIASMERCEDINAS.COM","Tiempo de lectura":"3 minutos"},"schema":{"@context":"https:\/\/schema.org","@graph":[{"@type":"Article","@id":"https:\/\/noticiasmercedinas.com\/site\/2024\/02\/20\/presentaron-una-nueva-edicion-de-camino-de-los-bodegones-en-mercedes\/#article","isPartOf":{"@id":"https:\/\/noticiasmercedinas.com\/site\/2024\/02\/20\/presentaron-una-nueva-edicion-de-camino-de-los-bodegones-en-mercedes\/"},"author":{"name":"NOTICIASMERCEDINAS.COM","@id":"https:\/\/noticiasmercedinas.com\/site\/#\/schema\/person\/84b59c099c28ff2e8b77d4ceec5d8063"},"headline":"Presentaron una nueva edici\u00f3n de \u00abCamino de los Bodegones\u00bb en Mercedes","datePublished":"2024-02-20T18:08:31+00:00","dateModified":"2024-02-20T21:48:01+00:00","mainEntityOfPage":{"@id":"https:\/\/noticiasmercedinas.com\/site\/2024\/02\/20\/presentaron-una-nueva-edicion-de-camino-de-los-bodegones-en-mercedes\/"},"wordCount":420,"publisher":{"@id":"https:\/\/noticiasmercedinas.com\/site\/#organization"},"image":{"@id":"https:\/\/noticiasmercedinas.com\/site\/2024\/02\/20\/presentaron-una-nueva-edicion-de-camino-de-los-bodegones-en-mercedes\/#primaryimage"},"thumbnailUrl":"https:\/\/noticiasmercedinas.com\/site\/wp-content\/uploads\/2024\/02\/BOF.jpg","keywords":["camino de los bodegones","cultura","la vieja esquina","turismo"],"articleSection":["Emprendimientos","Sociedad"],"inLanguage":"es"},{"@type":"WebPage","@id":"https:\/\/noticiasmercedinas.com\/site\/2024\/02\/20\/presentaron-una-nueva-edicion-de-camino-de-los-bodegones-en-mercedes\/","url":"https:\/\/noticiasmercedinas.com\/site\/2024\/02\/20\/presentaron-una-nueva-edicion-de-camino-de-los-bodegones-en-mercedes\/","name":"Presentaron una nueva edici\u00f3n de \"Camino de los Bodegones\" en Mercedes","isPartOf":{"@id":"https:\/\/noticiasmercedinas.com\/site\/#website"},"primaryImageOfPage":{"@id":"https:\/\/noticiasmercedinas.com\/site\/2024\/02\/20\/presentaron-una-nueva-edicion-de-camino-de-los-bodegones-en-mercedes\/#primaryimage"},"image":{"@id":"https:\/\/noticiasmercedinas.com\/site\/2024\/02\/20\/presentaron-una-nueva-edicion-de-camino-de-los-bodegones-en-mercedes\/#primaryimage"},"thumbnailUrl":"https:\/\/noticiasmercedinas.com\/site\/wp-content\/uploads\/2024\/02\/BOF.jpg","datePublished":"2024-02-20T18:08:31+00:00","dateModified":"2024-02-20T21:48:01+00:00","breadcrumb":{"@id":"https:\/\/noticiasmercedinas.com\/site\/2024\/02\/20\/presentaron-una-nueva-edicion-de-camino-de-los-bodegones-en-mercedes\/#breadcrumb"},"inLanguage":"es","potentialAction":[{"@type":"ReadAction","target":["https:\/\/noticiasmercedinas.com\/site\/2024\/02\/20\/presentaron-una-nueva-edicion-de-camino-de-los-bodegones-en-mercedes\/"]}]},{"@type":"ImageObject","inLanguage":"es","@id":"https:\/\/noticiasmercedinas.com\/site\/2024\/02\/20\/presentaron-una-nueva-edicion-de-camino-de-los-bodegones-en-mercedes\/#primaryimage","url":"https:\/\/noticiasmercedinas.com\/site\/wp-content\/uploads\/2024\/02\/BOF.jpg","contentUrl":"https:\/\/noticiasmercedinas.com\/site\/wp-content\/uploads\/2024\/02\/BOF.jpg","width":640,"height":425},{"@type":"BreadcrumbList","@id":"https:\/\/noticiasmercedinas.com\/site\/2024\/02\/20\/presentaron-una-nueva-edicion-de-camino-de-los-bodegones-en-mercedes\/#breadcrumb","itemListElement":[{"@type":"ListItem","position":1,"name":"Portada","item":"https:\/\/noticiasmercedinas.com\/site\/"},{"@type":"ListItem","position":2,"name":"Presentaron una nueva edici\u00f3n de \u00abCamino de los Bodegones\u00bb en Mercedes"}]},{"@type":"WebSite","@id":"https:\/\/noticiasmercedinas.com\/site\/#website","url":"https:\/\/noticiasmercedinas.com\/site\/","name":"NOTICIASMERCEDINAS.COM","description":"Mercedes, Buenos Aires, Argentina","publisher":{"@id":"https:\/\/noticiasmercedinas.com\/site\/#organization"},"potentialAction":[{"@type":"SearchAction","target":{"@type":"EntryPoint","urlTemplate":"https:\/\/noticiasmercedinas.com\/site\/?s={search_term_string}"},"query-input":{"@type":"PropertyValueSpecification","valueRequired":true,"valueName":"search_term_string"}}],"inLanguage":"es"},{"@type":"Organization","@id":"https:\/\/noticiasmercedinas.com\/site\/#organization","name":"NOTICIASMERCEDINAS.COM","url":"https:\/\/noticiasmercedinas.com\/site\/","logo":{"@type":"ImageObject","inLanguage":"es","@id":"https:\/\/noticiasmercedinas.com\/site\/#\/schema\/logo\/image\/","url":"https:\/\/noticiasmercedinas.com\/site\/wp-content\/uploads\/2020\/06\/LOGO-512.jpg","contentUrl":"https:\/\/noticiasmercedinas.com\/site\/wp-content\/uploads\/2020\/06\/LOGO-512.jpg","width":512,"height":512,"caption":"NOTICIASMERCEDINAS.COM"},"image":{"@id":"https:\/\/noticiasmercedinas.com\/site\/#\/schema\/logo\/image\/"},"sameAs":["https:\/\/www.facebook.com\/noticiasmercedinas\/","https:\/\/x.com\/notmercedinas","https:\/\/www.instagram.com\/noticiasmercedinas\/"]},{"@type":"Person","@id":"https:\/\/noticiasmercedinas.com\/site\/#\/schema\/person\/84b59c099c28ff2e8b77d4ceec5d8063","name":"NOTICIASMERCEDINAS.COM","image":{"@type":"ImageObject","inLanguage":"es","@id":"https:\/\/secure.gravatar.com\/avatar\/4dfbf16b4d17945bfb6341b2d19043457132fcf478a5ee04f42e959fd8f5df0a?s=96&d=mm&r=g","url":"https:\/\/secure.gravatar.com\/avatar\/4dfbf16b4d17945bfb6341b2d19043457132fcf478a5ee04f42e959fd8f5df0a?s=96&d=mm&r=g","contentUrl":"https:\/\/secure.gravatar.com\/avatar\/4dfbf16b4d17945bfb6341b2d19043457132fcf478a5ee04f42e959fd8f5df0a?s=96&d=mm&r=g","caption":"NOTICIASMERCEDINAS.COM"},"url":"https:\/\/noticiasmercedinas.com\/site\/author\/anonimo\/"}]}},"amp_enabled":true,"_links":{"self":[{"href":"https:\/\/noticiasmercedinas.com\/site\/wp-json\/wp\/v2\/posts\/131031","targetHints":{"allow":["GET"]}}],"collection":[{"href":"https:\/\/noticiasmercedinas.com\/site\/wp-json\/wp\/v2\/posts"}],"about":[{"href":"https:\/\/noticiasmercedinas.com\/site\/wp-json\/wp\/v2\/types\/post"}],"author":[{"embeddable":true,"href":"https:\/\/noticiasmercedinas.com\/site\/wp-json\/wp\/v2\/users\/16"}],"replies":[{"embeddable":true,"href":"https:\/\/noticiasmercedinas.com\/site\/wp-json\/wp\/v2\/comments?post=131031"}],"version-history":[{"count":6,"href":"https:\/\/noticiasmercedinas.com\/site\/wp-json\/wp\/v2\/posts\/131031\/revisions"}],"predecessor-version":[{"id":131062,"href":"https:\/\/noticiasmercedinas.com\/site\/wp-json\/wp\/v2\/posts\/131031\/revisions\/131062"}],"wp:featuredmedia":[{"embeddable":true,"href":"https:\/\/noticiasmercedinas.com\/site\/wp-json\/wp\/v2\/media\/131033"}],"wp:attachment":[{"href":"https:\/\/noticiasmercedinas.com\/site\/wp-json\/wp\/v2\/media?parent=131031"}],"wp:term":[{"taxonomy":"category","embeddable":true,"href":"https:\/\/noticiasmercedinas.com\/site\/wp-json\/wp\/v2\/categories?post=131031"},{"taxonomy":"post_tag","embeddable":true,"href":"https:\/\/noticiasmercedinas.com\/site\/wp-json\/wp\/v2\/tags?post=131031"}],"curies":[{"name":"wp","href":"https:\/\/api.w.org\/{rel}","templated":true}]}}