{"id":131107,"date":"2024-02-21T16:01:46","date_gmt":"2024-02-21T19:01:46","guid":{"rendered":"https:\/\/noticiasmercedinas.com\/site\/?p=131107"},"modified":"2024-02-21T16:01:46","modified_gmt":"2024-02-21T19:01:46","slug":"trabajadores-judiciales-de-mercedes-exigen-recuperacion-del-58-perdido-en-2023","status":"publish","type":"post","link":"https:\/\/noticiasmercedinas.com\/site\/2024\/02\/21\/trabajadores-judiciales-de-mercedes-exigen-recuperacion-del-58-perdido-en-2023\/","title":{"rendered":"Trabajadores judiciales de Mercedes exigen recuperaci\u00f3n del 58% perdido en 2023"},"content":{"rendered":"<p><img loading=\"lazy\" decoding=\"async\" class=\"alignnone size-full wp-image-92151\" src=\"https:\/\/noticiasmercedinas.com\/site\/wp-content\/uploads\/2022\/06\/tribunales.jpg\" alt=\"\" width=\"640\" height=\"361\" srcset=\"https:\/\/noticiasmercedinas.com\/site\/wp-content\/uploads\/2022\/06\/tribunales.jpg 640w, https:\/\/noticiasmercedinas.com\/site\/wp-content\/uploads\/2022\/06\/tribunales-300x169.jpg 300w\" sizes=\"auto, (max-width: 640px) 100vw, 640px\" \/><\/p>\n<p>Los trabajadores judiciales de Mercedes llevaron a cabo este mi\u00e9rcoles una decisiva reuni\u00f3n donde se evalu\u00f3 la propuesta salarial presentada por el Poder Ejecutivo y la Corte. Tras intensos debates y an\u00e1lisis, se decidi\u00f3 aceptar el aumento del 20% ofrecido, que se har\u00e1 efectivo en los sueldos del mes de febrero.<\/p>\n<p>La propuesta de incremento salarial hab\u00eda sido anunciada luego de una reuni\u00f3n entre la AJB, el Poder Ejecutivo y representantes de la Corte en el Ministerio de Trabajo. Este aumento del 20% ser\u00e1 aplicado a partir del 1 de febrero y se reflejar\u00e1 en los sueldos de marzo. Este incremento tambi\u00e9n ser\u00e1 v\u00e1lido para jubilados y pensionados.<\/p>\n<p>Por otro lado, los trabajadores judiciales de Mercedes solicitaron a la comisi\u00f3n provincial que se reclame el 58% perdido durante el a\u00f1o 2023, as\u00ed como el cumplimiento pendiente de la acordada correspondiente al pago de reconocimiento por t\u00edtulo a los peritos, cuyo pago estaba previsto para el mes de febrero.<\/p>\n<p>Respecto a los peritos, se expres\u00f3 la preocupaci\u00f3n por la demora en el pago del adicional por t\u00edtulo. Aunque el Ejecutivo inform\u00f3 que debido a la falta de aprobaci\u00f3n del presupuesto provincial para el a\u00f1o 2024, se retomar\u00e1 la negociaci\u00f3n una vez finalizadas las paritarias del sector p\u00fablico de la provincia.<\/p>\n<p>Adem\u00e1s, se propuso la realizaci\u00f3n de paritarias mensuales, una demanda constante por parte de la AJB, lo cual ser\u00e1 discutido en el mes de marzo.<\/p>\n<p>Para decidir c\u00f3mo seguir adelante, la AJB ha convocado a asambleas presenciales y resolutivas en las 20 departamentales para este mi\u00e9rcoles 21 de febrero, en las que al igual que se hizo en Mercedes la idea fue analizar la propuesta salarial y debatir sobre la continuidad del reclamo de los peritos.<\/p>\n","protected":false},"excerpt":{"rendered":"<p>\u25a0 El mandato de la asamblea local en el marco de las paritarias es aceptar el aumento del 20% ofrecido, que se har\u00e1 efectivo en los sueldos del mes de febrero. La AJB contin\u00faa las negociaciones.<\/p>\n","protected":false},"author":16,"featured_media":92151,"comment_status":"closed","ping_status":"closed","sticky":false,"template":"","format":"standard","meta":{"footnotes":""},"categories":[3],"tags":[82,453,1100,522],"class_list":["post-131107","post","type-post","status-publish","format-standard","has-post-thumbnail","hentry","category-sociedad","tag-ajb","tag-asamblea","tag-judiciales","tag-paritarias"],"yoast_head":"<!-- This site is optimized with the Yoast SEO plugin v27.4 - https:\/\/yoast.com\/product\/yoast-seo-wordpress\/ -->\n<title>Trabajadores judiciales de Mercedes exigen recuperaci\u00f3n del 58% perdido en 2023<\/title>\n<meta name=\"robots\" content=\"index, follow, max-snippet:-1, max-image-preview:large, max-video-preview:-1\" \/>\n<link rel=\"canonical\" href=\"https:\/\/noticiasmercedinas.com\/site\/2024\/02\/21\/trabajadores-judiciales-de-mercedes-exigen-recuperacion-del-58-perdido-en-2023\/\" \/>\n<meta property=\"og:locale\" content=\"es_ES\" \/>\n<meta property=\"og:type\" content=\"article\" \/>\n<meta property=\"og:title\" content=\"Trabajadores judiciales de Mercedes exigen recuperaci\u00f3n del 58% perdido en 2023\" \/>\n<meta property=\"og:description\" content=\"\u25a0 El mandato de la asamblea local en el marco de las paritarias es aceptar el aumento del 20% ofrecido, que se har\u00e1 efectivo en los sueldos del mes de febrero. La AJB contin\u00faa las negociaciones.\" \/>\n<meta property=\"og:url\" content=\"https:\/\/noticiasmercedinas.com\/site\/2024\/02\/21\/trabajadores-judiciales-de-mercedes-exigen-recuperacion-del-58-perdido-en-2023\/\" \/>\n<meta property=\"og:site_name\" content=\"NOTICIASMERCEDINAS.COM\" \/>\n<meta property=\"article:publisher\" content=\"https:\/\/www.facebook.com\/noticiasmercedinas\/\" \/>\n<meta property=\"article:published_time\" content=\"2024-02-21T19:01:46+00:00\" \/>\n<meta property=\"og:image\" content=\"https:\/\/noticiasmercedinas.com\/site\/wp-content\/uploads\/2022\/06\/tribunales.jpg\" \/>\n\t<meta property=\"og:image:width\" content=\"640\" \/>\n\t<meta property=\"og:image:height\" content=\"361\" \/>\n\t<meta property=\"og:image:type\" content=\"image\/jpeg\" \/>\n<meta name=\"author\" content=\"NOTICIASMERCEDINAS.COM\" \/>\n<meta name=\"twitter:card\" content=\"summary_large_image\" \/>\n<meta name=\"twitter:creator\" content=\"@notmercedinas\" \/>\n<meta name=\"twitter:site\" content=\"@notmercedinas\" \/>\n<meta name=\"twitter:label1\" content=\"Escrito por\" \/>\n\t<meta name=\"twitter:data1\" content=\"NOTICIASMERCEDINAS.COM\" \/>\n\t<meta name=\"twitter:label2\" content=\"Tiempo de lectura\" \/>\n\t<meta name=\"twitter:data2\" content=\"2 minutos\" \/>\n<script type=\"application\/ld+json\" class=\"yoast-schema-graph\">{\"@context\":\"https:\\\/\\\/schema.org\",\"@graph\":[{\"@type\":\"Article\",\"@id\":\"https:\\\/\\\/noticiasmercedinas.com\\\/site\\\/2024\\\/02\\\/21\\\/trabajadores-judiciales-de-mercedes-exigen-recuperacion-del-58-perdido-en-2023\\\/#article\",\"isPartOf\":{\"@id\":\"https:\\\/\\\/noticiasmercedinas.com\\\/site\\\/2024\\\/02\\\/21\\\/trabajadores-judiciales-de-mercedes-exigen-recuperacion-del-58-perdido-en-2023\\\/\"},\"author\":{\"name\":\"NOTICIASMERCEDINAS.COM\",\"@id\":\"https:\\\/\\\/noticiasmercedinas.com\\\/site\\\/#\\\/schema\\\/person\\\/84b59c099c28ff2e8b77d4ceec5d8063\"},\"headline\":\"Trabajadores judiciales de Mercedes exigen recuperaci\u00f3n del 58% perdido en 2023\",\"datePublished\":\"2024-02-21T19:01:46+00:00\",\"mainEntityOfPage\":{\"@id\":\"https:\\\/\\\/noticiasmercedinas.com\\\/site\\\/2024\\\/02\\\/21\\\/trabajadores-judiciales-de-mercedes-exigen-recuperacion-del-58-perdido-en-2023\\\/\"},\"wordCount\":307,\"publisher\":{\"@id\":\"https:\\\/\\\/noticiasmercedinas.com\\\/site\\\/#organization\"},\"image\":{\"@id\":\"https:\\\/\\\/noticiasmercedinas.com\\\/site\\\/2024\\\/02\\\/21\\\/trabajadores-judiciales-de-mercedes-exigen-recuperacion-del-58-perdido-en-2023\\\/#primaryimage\"},\"thumbnailUrl\":\"https:\\\/\\\/noticiasmercedinas.com\\\/site\\\/wp-content\\\/uploads\\\/2022\\\/06\\\/tribunales.jpg\",\"keywords\":[\"AJB\",\"asamblea\",\"judiciales\",\"paritarias\"],\"articleSection\":[\"Sociedad\"],\"inLanguage\":\"es\"},{\"@type\":\"WebPage\",\"@id\":\"https:\\\/\\\/noticiasmercedinas.com\\\/site\\\/2024\\\/02\\\/21\\\/trabajadores-judiciales-de-mercedes-exigen-recuperacion-del-58-perdido-en-2023\\\/\",\"url\":\"https:\\\/\\\/noticiasmercedinas.com\\\/site\\\/2024\\\/02\\\/21\\\/trabajadores-judiciales-de-mercedes-exigen-recuperacion-del-58-perdido-en-2023\\\/\",\"name\":\"Trabajadores judiciales de Mercedes exigen recuperaci\u00f3n del 58% perdido en 2023\",\"isPartOf\":{\"@id\":\"https:\\\/\\\/noticiasmercedinas.com\\\/site\\\/#website\"},\"primaryImageOfPage\":{\"@id\":\"https:\\\/\\\/noticiasmercedinas.com\\\/site\\\/2024\\\/02\\\/21\\\/trabajadores-judiciales-de-mercedes-exigen-recuperacion-del-58-perdido-en-2023\\\/#primaryimage\"},\"image\":{\"@id\":\"https:\\\/\\\/noticiasmercedinas.com\\\/site\\\/2024\\\/02\\\/21\\\/trabajadores-judiciales-de-mercedes-exigen-recuperacion-del-58-perdido-en-2023\\\/#primaryimage\"},\"thumbnailUrl\":\"https:\\\/\\\/noticiasmercedinas.com\\\/site\\\/wp-content\\\/uploads\\\/2022\\\/06\\\/tribunales.jpg\",\"datePublished\":\"2024-02-21T19:01:46+00:00\",\"breadcrumb\":{\"@id\":\"https:\\\/\\\/noticiasmercedinas.com\\\/site\\\/2024\\\/02\\\/21\\\/trabajadores-judiciales-de-mercedes-exigen-recuperacion-del-58-perdido-en-2023\\\/#breadcrumb\"},\"inLanguage\":\"es\",\"potentialAction\":[{\"@type\":\"ReadAction\",\"target\":[\"https:\\\/\\\/noticiasmercedinas.com\\\/site\\\/2024\\\/02\\\/21\\\/trabajadores-judiciales-de-mercedes-exigen-recuperacion-del-58-perdido-en-2023\\\/\"]}]},{\"@type\":\"ImageObject\",\"inLanguage\":\"es\",\"@id\":\"https:\\\/\\\/noticiasmercedinas.com\\\/site\\\/2024\\\/02\\\/21\\\/trabajadores-judiciales-de-mercedes-exigen-recuperacion-del-58-perdido-en-2023\\\/#primaryimage\",\"url\":\"https:\\\/\\\/noticiasmercedinas.com\\\/site\\\/wp-content\\\/uploads\\\/2022\\\/06\\\/tribunales.jpg\",\"contentUrl\":\"https:\\\/\\\/noticiasmercedinas.com\\\/site\\\/wp-content\\\/uploads\\\/2022\\\/06\\\/tribunales.jpg\",\"width\":640,\"height\":361},{\"@type\":\"BreadcrumbList\",\"@id\":\"https:\\\/\\\/noticiasmercedinas.com\\\/site\\\/2024\\\/02\\\/21\\\/trabajadores-judiciales-de-mercedes-exigen-recuperacion-del-58-perdido-en-2023\\\/#breadcrumb\",\"itemListElement\":[{\"@type\":\"ListItem\",\"position\":1,\"name\":\"Portada\",\"item\":\"https:\\\/\\\/noticiasmercedinas.com\\\/site\\\/\"},{\"@type\":\"ListItem\",\"position\":2,\"name\":\"Trabajadores judiciales de Mercedes exigen recuperaci\u00f3n del 58% perdido en 2023\"}]},{\"@type\":\"WebSite\",\"@id\":\"https:\\\/\\\/noticiasmercedinas.com\\\/site\\\/#website\",\"url\":\"https:\\\/\\\/noticiasmercedinas.com\\\/site\\\/\",\"name\":\"NOTICIASMERCEDINAS.COM\",\"description\":\"Mercedes, Buenos Aires, Argentina\",\"publisher\":{\"@id\":\"https:\\\/\\\/noticiasmercedinas.com\\\/site\\\/#organization\"},\"potentialAction\":[{\"@type\":\"SearchAction\",\"target\":{\"@type\":\"EntryPoint\",\"urlTemplate\":\"https:\\\/\\\/noticiasmercedinas.com\\\/site\\\/?s={search_term_string}\"},\"query-input\":{\"@type\":\"PropertyValueSpecification\",\"valueRequired\":true,\"valueName\":\"search_term_string\"}}],\"inLanguage\":\"es\"},{\"@type\":\"Organization\",\"@id\":\"https:\\\/\\\/noticiasmercedinas.com\\\/site\\\/#organization\",\"name\":\"NOTICIASMERCEDINAS.COM\",\"url\":\"https:\\\/\\\/noticiasmercedinas.com\\\/site\\\/\",\"logo\":{\"@type\":\"ImageObject\",\"inLanguage\":\"es\",\"@id\":\"https:\\\/\\\/noticiasmercedinas.com\\\/site\\\/#\\\/schema\\\/logo\\\/image\\\/\",\"url\":\"https:\\\/\\\/noticiasmercedinas.com\\\/site\\\/wp-content\\\/uploads\\\/2020\\\/06\\\/LOGO-512.jpg\",\"contentUrl\":\"https:\\\/\\\/noticiasmercedinas.com\\\/site\\\/wp-content\\\/uploads\\\/2020\\\/06\\\/LOGO-512.jpg\",\"width\":512,\"height\":512,\"caption\":\"NOTICIASMERCEDINAS.COM\"},\"image\":{\"@id\":\"https:\\\/\\\/noticiasmercedinas.com\\\/site\\\/#\\\/schema\\\/logo\\\/image\\\/\"},\"sameAs\":[\"https:\\\/\\\/www.facebook.com\\\/noticiasmercedinas\\\/\",\"https:\\\/\\\/x.com\\\/notmercedinas\",\"https:\\\/\\\/www.instagram.com\\\/noticiasmercedinas\\\/\"]},{\"@type\":\"Person\",\"@id\":\"https:\\\/\\\/noticiasmercedinas.com\\\/site\\\/#\\\/schema\\\/person\\\/84b59c099c28ff2e8b77d4ceec5d8063\",\"name\":\"NOTICIASMERCEDINAS.COM\",\"image\":{\"@type\":\"ImageObject\",\"inLanguage\":\"es\",\"@id\":\"https:\\\/\\\/secure.gravatar.com\\\/avatar\\\/4dfbf16b4d17945bfb6341b2d19043457132fcf478a5ee04f42e959fd8f5df0a?s=96&d=mm&r=g\",\"url\":\"https:\\\/\\\/secure.gravatar.com\\\/avatar\\\/4dfbf16b4d17945bfb6341b2d19043457132fcf478a5ee04f42e959fd8f5df0a?s=96&d=mm&r=g\",\"contentUrl\":\"https:\\\/\\\/secure.gravatar.com\\\/avatar\\\/4dfbf16b4d17945bfb6341b2d19043457132fcf478a5ee04f42e959fd8f5df0a?s=96&d=mm&r=g\",\"caption\":\"NOTICIASMERCEDINAS.COM\"},\"url\":\"https:\\\/\\\/noticiasmercedinas.com\\\/site\\\/author\\\/anonimo\\\/\"}]}<\/script>\n<!-- \/ Yoast SEO plugin. -->","yoast_head_json":{"title":"Trabajadores judiciales de Mercedes exigen recuperaci\u00f3n del 58% perdido en 2023","robots":{"index":"index","follow":"follow","max-snippet":"max-snippet:-1","max-image-preview":"max-image-preview:large","max-video-preview":"max-video-preview:-1"},"canonical":"https:\/\/noticiasmercedinas.com\/site\/2024\/02\/21\/trabajadores-judiciales-de-mercedes-exigen-recuperacion-del-58-perdido-en-2023\/","og_locale":"es_ES","og_type":"article","og_title":"Trabajadores judiciales de Mercedes exigen recuperaci\u00f3n del 58% perdido en 2023","og_description":"\u25a0 El mandato de la asamblea local en el marco de las paritarias es aceptar el aumento del 20% ofrecido, que se har\u00e1 efectivo en los sueldos del mes de febrero. La AJB contin\u00faa las negociaciones.","og_url":"https:\/\/noticiasmercedinas.com\/site\/2024\/02\/21\/trabajadores-judiciales-de-mercedes-exigen-recuperacion-del-58-perdido-en-2023\/","og_site_name":"NOTICIASMERCEDINAS.COM","article_publisher":"https:\/\/www.facebook.com\/noticiasmercedinas\/","article_published_time":"2024-02-21T19:01:46+00:00","og_image":[{"width":640,"height":361,"url":"https:\/\/noticiasmercedinas.com\/site\/wp-content\/uploads\/2022\/06\/tribunales.jpg","type":"image\/jpeg"}],"author":"NOTICIASMERCEDINAS.COM","twitter_card":"summary_large_image","twitter_creator":"@notmercedinas","twitter_site":"@notmercedinas","twitter_misc":{"Escrito por":"NOTICIASMERCEDINAS.COM","Tiempo de lectura":"2 minutos"},"schema":{"@context":"https:\/\/schema.org","@graph":[{"@type":"Article","@id":"https:\/\/noticiasmercedinas.com\/site\/2024\/02\/21\/trabajadores-judiciales-de-mercedes-exigen-recuperacion-del-58-perdido-en-2023\/#article","isPartOf":{"@id":"https:\/\/noticiasmercedinas.com\/site\/2024\/02\/21\/trabajadores-judiciales-de-mercedes-exigen-recuperacion-del-58-perdido-en-2023\/"},"author":{"name":"NOTICIASMERCEDINAS.COM","@id":"https:\/\/noticiasmercedinas.com\/site\/#\/schema\/person\/84b59c099c28ff2e8b77d4ceec5d8063"},"headline":"Trabajadores judiciales de Mercedes exigen recuperaci\u00f3n del 58% perdido en 2023","datePublished":"2024-02-21T19:01:46+00:00","mainEntityOfPage":{"@id":"https:\/\/noticiasmercedinas.com\/site\/2024\/02\/21\/trabajadores-judiciales-de-mercedes-exigen-recuperacion-del-58-perdido-en-2023\/"},"wordCount":307,"publisher":{"@id":"https:\/\/noticiasmercedinas.com\/site\/#organization"},"image":{"@id":"https:\/\/noticiasmercedinas.com\/site\/2024\/02\/21\/trabajadores-judiciales-de-mercedes-exigen-recuperacion-del-58-perdido-en-2023\/#primaryimage"},"thumbnailUrl":"https:\/\/noticiasmercedinas.com\/site\/wp-content\/uploads\/2022\/06\/tribunales.jpg","keywords":["AJB","asamblea","judiciales","paritarias"],"articleSection":["Sociedad"],"inLanguage":"es"},{"@type":"WebPage","@id":"https:\/\/noticiasmercedinas.com\/site\/2024\/02\/21\/trabajadores-judiciales-de-mercedes-exigen-recuperacion-del-58-perdido-en-2023\/","url":"https:\/\/noticiasmercedinas.com\/site\/2024\/02\/21\/trabajadores-judiciales-de-mercedes-exigen-recuperacion-del-58-perdido-en-2023\/","name":"Trabajadores judiciales de Mercedes exigen recuperaci\u00f3n del 58% perdido en 2023","isPartOf":{"@id":"https:\/\/noticiasmercedinas.com\/site\/#website"},"primaryImageOfPage":{"@id":"https:\/\/noticiasmercedinas.com\/site\/2024\/02\/21\/trabajadores-judiciales-de-mercedes-exigen-recuperacion-del-58-perdido-en-2023\/#primaryimage"},"image":{"@id":"https:\/\/noticiasmercedinas.com\/site\/2024\/02\/21\/trabajadores-judiciales-de-mercedes-exigen-recuperacion-del-58-perdido-en-2023\/#primaryimage"},"thumbnailUrl":"https:\/\/noticiasmercedinas.com\/site\/wp-content\/uploads\/2022\/06\/tribunales.jpg","datePublished":"2024-02-21T19:01:46+00:00","breadcrumb":{"@id":"https:\/\/noticiasmercedinas.com\/site\/2024\/02\/21\/trabajadores-judiciales-de-mercedes-exigen-recuperacion-del-58-perdido-en-2023\/#breadcrumb"},"inLanguage":"es","potentialAction":[{"@type":"ReadAction","target":["https:\/\/noticiasmercedinas.com\/site\/2024\/02\/21\/trabajadores-judiciales-de-mercedes-exigen-recuperacion-del-58-perdido-en-2023\/"]}]},{"@type":"ImageObject","inLanguage":"es","@id":"https:\/\/noticiasmercedinas.com\/site\/2024\/02\/21\/trabajadores-judiciales-de-mercedes-exigen-recuperacion-del-58-perdido-en-2023\/#primaryimage","url":"https:\/\/noticiasmercedinas.com\/site\/wp-content\/uploads\/2022\/06\/tribunales.jpg","contentUrl":"https:\/\/noticiasmercedinas.com\/site\/wp-content\/uploads\/2022\/06\/tribunales.jpg","width":640,"height":361},{"@type":"BreadcrumbList","@id":"https:\/\/noticiasmercedinas.com\/site\/2024\/02\/21\/trabajadores-judiciales-de-mercedes-exigen-recuperacion-del-58-perdido-en-2023\/#breadcrumb","itemListElement":[{"@type":"ListItem","position":1,"name":"Portada","item":"https:\/\/noticiasmercedinas.com\/site\/"},{"@type":"ListItem","position":2,"name":"Trabajadores judiciales de Mercedes exigen recuperaci\u00f3n del 58% perdido en 2023"}]},{"@type":"WebSite","@id":"https:\/\/noticiasmercedinas.com\/site\/#website","url":"https:\/\/noticiasmercedinas.com\/site\/","name":"NOTICIASMERCEDINAS.COM","description":"Mercedes, Buenos Aires, Argentina","publisher":{"@id":"https:\/\/noticiasmercedinas.com\/site\/#organization"},"potentialAction":[{"@type":"SearchAction","target":{"@type":"EntryPoint","urlTemplate":"https:\/\/noticiasmercedinas.com\/site\/?s={search_term_string}"},"query-input":{"@type":"PropertyValueSpecification","valueRequired":true,"valueName":"search_term_string"}}],"inLanguage":"es"},{"@type":"Organization","@id":"https:\/\/noticiasmercedinas.com\/site\/#organization","name":"NOTICIASMERCEDINAS.COM","url":"https:\/\/noticiasmercedinas.com\/site\/","logo":{"@type":"ImageObject","inLanguage":"es","@id":"https:\/\/noticiasmercedinas.com\/site\/#\/schema\/logo\/image\/","url":"https:\/\/noticiasmercedinas.com\/site\/wp-content\/uploads\/2020\/06\/LOGO-512.jpg","contentUrl":"https:\/\/noticiasmercedinas.com\/site\/wp-content\/uploads\/2020\/06\/LOGO-512.jpg","width":512,"height":512,"caption":"NOTICIASMERCEDINAS.COM"},"image":{"@id":"https:\/\/noticiasmercedinas.com\/site\/#\/schema\/logo\/image\/"},"sameAs":["https:\/\/www.facebook.com\/noticiasmercedinas\/","https:\/\/x.com\/notmercedinas","https:\/\/www.instagram.com\/noticiasmercedinas\/"]},{"@type":"Person","@id":"https:\/\/noticiasmercedinas.com\/site\/#\/schema\/person\/84b59c099c28ff2e8b77d4ceec5d8063","name":"NOTICIASMERCEDINAS.COM","image":{"@type":"ImageObject","inLanguage":"es","@id":"https:\/\/secure.gravatar.com\/avatar\/4dfbf16b4d17945bfb6341b2d19043457132fcf478a5ee04f42e959fd8f5df0a?s=96&d=mm&r=g","url":"https:\/\/secure.gravatar.com\/avatar\/4dfbf16b4d17945bfb6341b2d19043457132fcf478a5ee04f42e959fd8f5df0a?s=96&d=mm&r=g","contentUrl":"https:\/\/secure.gravatar.com\/avatar\/4dfbf16b4d17945bfb6341b2d19043457132fcf478a5ee04f42e959fd8f5df0a?s=96&d=mm&r=g","caption":"NOTICIASMERCEDINAS.COM"},"url":"https:\/\/noticiasmercedinas.com\/site\/author\/anonimo\/"}]}},"amp_enabled":true,"_links":{"self":[{"href":"https:\/\/noticiasmercedinas.com\/site\/wp-json\/wp\/v2\/posts\/131107","targetHints":{"allow":["GET"]}}],"collection":[{"href":"https:\/\/noticiasmercedinas.com\/site\/wp-json\/wp\/v2\/posts"}],"about":[{"href":"https:\/\/noticiasmercedinas.com\/site\/wp-json\/wp\/v2\/types\/post"}],"author":[{"embeddable":true,"href":"https:\/\/noticiasmercedinas.com\/site\/wp-json\/wp\/v2\/users\/16"}],"replies":[{"embeddable":true,"href":"https:\/\/noticiasmercedinas.com\/site\/wp-json\/wp\/v2\/comments?post=131107"}],"version-history":[{"count":1,"href":"https:\/\/noticiasmercedinas.com\/site\/wp-json\/wp\/v2\/posts\/131107\/revisions"}],"predecessor-version":[{"id":131108,"href":"https:\/\/noticiasmercedinas.com\/site\/wp-json\/wp\/v2\/posts\/131107\/revisions\/131108"}],"wp:featuredmedia":[{"embeddable":true,"href":"https:\/\/noticiasmercedinas.com\/site\/wp-json\/wp\/v2\/media\/92151"}],"wp:attachment":[{"href":"https:\/\/noticiasmercedinas.com\/site\/wp-json\/wp\/v2\/media?parent=131107"}],"wp:term":[{"taxonomy":"category","embeddable":true,"href":"https:\/\/noticiasmercedinas.com\/site\/wp-json\/wp\/v2\/categories?post=131107"},{"taxonomy":"post_tag","embeddable":true,"href":"https:\/\/noticiasmercedinas.com\/site\/wp-json\/wp\/v2\/tags?post=131107"}],"curies":[{"name":"wp","href":"https:\/\/api.w.org\/{rel}","templated":true}]}}